{"id":136,"date":"2025-01-27T11:45:14","date_gmt":"2025-01-27T10:45:14","guid":{"rendered":"https:\/\/instytutpolski.pl\/belgrade\/?p=136"},"modified":"2025-01-27T11:45:16","modified_gmt":"2025-01-27T10:45:16","slug":"udzial-wojciecha-przybylskiego-w-belgrade-security-cenference","status":"publish","type":"post","link":"https:\/\/instytutpolski.pl\/belgrade\/pl\/2025\/01\/27\/udzial-wojciecha-przybylskiego-w-belgrade-security-cenference\/","title":{"rendered":"Udzia\u0142 Wojciecha Przybylskiego w Belgrade Security Cenference"},"content":{"rendered":"\n<p>W dniach 18-20 listopada odby\u0142a si\u0119 kolejna edycja Belgrade Security Conference. Organizatorem konferencji jest miejscowy think-tak Belgrade Centre for Security Policy.<br \/>W panelu otwarcia (The World after the U.S. and EU elections) wyst\u0105pi\u0142 Wojciech Przybylski &#8211; redaktor naczelny Visegrad Insight, prezes Fundacji Res Publica. Wraz z nim w panelu wzi\u0119li udzia\u0142: F. Mogherini \u2013 Rector of the College of Europe; Thomas Countryman &#8211; Board Chairman of Arms Control Association; Thomas Gomart &#8211; Director of Institut fran\u00e7ais des relations internationales. Moderatorem panelu by\u0142a Rosa Balfour \u2013 Director of Carnegie Europe. <\/p>\n<p>Instytut Polski w Belgradzie by\u0142 jednym ze sponsor\u00f3w konferencji. <\/p>\n","protected":false},"excerpt":{"rendered":"<p>W dniach 18-20 listopada odby\u0142a si\u0119 kolejna edycja Belgrade Security Conference. Organizatorem konferencji jest miejscowy think-tak Belgrade Centre for Security Policy.W panelu otwarcia (The World after the U.S. and EU elections) wyst\u0105pi\u0142 Wojciech Przybylski &#8211; redaktor naczelny Visegrad Insight, prezes Fundacji Res Publica. Wraz z nim w panelu wzi\u0119li udzia\u0142: F. Mogherini \u2013 Rector of [&hellip;]<\/p>\n","protected":false},"author":26,"featured_media":133,"comment_status":"open","ping_status":"open","sticky":false,"template":"","format":"standard","meta":{"inline_featured_image":false,"_monsterinsights_skip_tracking":false,"_monsterinsights_sitenote_active":false,"_monsterinsights_sitenote_note":"","_monsterinsights_sitenote_category":0,"footnotes":""},"categories":[25],"tags":[],"class_list":["post-136","post","type-post","status-publish","format-standard","has-post-thumbnail","hentry","category-wydarzenia"],"yoast_head":"<!-- This site is optimized with the Yoast SEO plugin v24.6 - https:\/\/yoast.com\/wordpress\/plugins\/seo\/ -->\n<title>Udzia\u0142 Wojciecha Przybylskiego w Belgrade Security Cenference - Instytut Polski w Belgradzie<\/title>\n<meta name=\"robots\" content=\"index, follow, max-snippet:-1, max-image-preview:large, max-video-preview:-1\" \/>\n<link rel=\"canonical\" href=\"https:\/\/instytutpolski.pl\/belgrade\/pl\/2025\/01\/27\/udzial-wojciecha-przybylskiego-w-belgrade-security-cenference\/\" \/>\n<meta property=\"og:locale\" content=\"pl_PL\" \/>\n<meta property=\"og:type\" content=\"article\" \/>\n<meta property=\"og:title\" content=\"Udzia\u0142 Wojciecha Przybylskiego w Belgrade Security Cenference - Instytut Polski w Belgradzie\" \/>\n<meta property=\"og:description\" content=\"W dniach 18-20 listopada odby\u0142a si\u0119 kolejna edycja Belgrade Security Conference. Organizatorem konferencji jest miejscowy think-tak Belgrade Centre for Security Policy.W panelu otwarcia (The World after the U.S. and EU elections) wyst\u0105pi\u0142 Wojciech Przybylski &#8211; redaktor naczelny Visegrad Insight, prezes Fundacji Res Publica. Wraz z nim w panelu wzi\u0119li udzia\u0142: F. Mogherini \u2013 Rector of [&hellip;]\" \/>\n<meta property=\"og:url\" content=\"https:\/\/instytutpolski.pl\/belgrade\/pl\/2025\/01\/27\/udzial-wojciecha-przybylskiego-w-belgrade-security-cenference\/\" \/>\n<meta property=\"og:site_name\" content=\"Instytut Polski w Belgradzie\" \/>\n<meta property=\"article:published_time\" content=\"2025-01-27T10:45:14+00:00\" \/>\n<meta property=\"article:modified_time\" content=\"2025-01-27T10:45:16+00:00\" \/>\n<meta property=\"og:image\" content=\"https:\/\/instytutpolski.pl\/belgrade\/wp-content\/uploads\/sites\/30\/2025\/01\/IMG_1488.jpg\" \/>\n\t<meta property=\"og:image:width\" content=\"640\" \/>\n\t<meta property=\"og:image:height\" content=\"480\" \/>\n\t<meta property=\"og:image:type\" content=\"image\/jpeg\" \/>\n<meta name=\"author\" content=\"majewskam\" \/>\n<meta name=\"twitter:card\" content=\"summary_large_image\" \/>\n<meta name=\"twitter:label1\" content=\"Napisane przez\" \/>\n\t<meta name=\"twitter:data1\" content=\"majewskam\" \/>\n\t<meta name=\"twitter:label2\" content=\"Szacowany czas czytania\" \/>\n\t<meta name=\"twitter:data2\" content=\"1 minuta\" \/>\n<script type=\"application\/ld+json\" class=\"yoast-schema-graph\">{\"@context\":\"https:\/\/schema.org\",\"@graph\":[{\"@type\":\"event\",\"@id\":\"https:\/\/instytutpolski.pl\/belgrade\/pl\/2025\/01\/27\/udzial-wojciecha-przybylskiego-w-belgrade-security-cenference\/\",\"url\":\"https:\/\/instytutpolski.pl\/belgrade\/pl\/2025\/01\/27\/udzial-wojciecha-przybylskiego-w-belgrade-security-cenference\/\",\"name\":\"Udzia\u0142 Wojciecha Przybylskiego w Belgrade Security Cenference\",\"isPartOf\":{\"@id\":\"https:\/\/instytutpolski.pl\/belgrade\/#website\"},\"primaryImageOfPage\":{\"@id\":\"https:\/\/instytutpolski.pl\/belgrade\/pl\/2025\/01\/27\/udzial-wojciecha-przybylskiego-w-belgrade-security-cenference\/#primaryimage\"},\"image\":[\"https:\/\/instytutpolski.pl\/belgrade\/wp-content\/uploads\/sites\/30\/2025\/01\/IMG_1488.jpg\",\"https:\/\/instytutpolski.pl\/belgrade\/wp-content\/uploads\/sites\/30\/2025\/01\/IMG_1488-300x225.jpg\",\"https:\/\/instytutpolski.pl\/belgrade\/wp-content\/uploads\/sites\/30\/2025\/01\/IMG_1488.jpg\",\"https:\/\/instytutpolski.pl\/belgrade\/wp-content\/uploads\/sites\/30\/2025\/01\/IMG_1488.jpg\"],\"thumbnailUrl\":\"https:\/\/instytutpolski.pl\/belgrade\/wp-content\/uploads\/sites\/30\/2025\/01\/IMG_1488.jpg\",\"datePublished\":\"2025-01-27T10:45:14+02:00\",\"dateModified\":\"2025-01-27T10:45:16+02:00\",\"author\":{\"@id\":\"https:\/\/instytutpolski.pl\/belgrade\/#\/schema\/person\/f32c0f922e21a64693151fc74531653b\"},\"breadcrumb\":{\"@id\":\"https:\/\/instytutpolski.pl\/belgrade\/pl\/2025\/01\/27\/udzial-wojciecha-przybylskiego-w-belgrade-security-cenference\/#breadcrumb\"},\"inLanguage\":\"pl-PL\",\"potentialAction\":[{\"@type\":\"ReadAction\",\"target\":[\"https:\/\/instytutpolski.pl\/belgrade\/pl\/2025\/01\/27\/udzial-wojciecha-przybylskiego-w-belgrade-security-cenference\/\"]}],\"@context\":\"https:\/\/schema.org\",\"startDate\":\"2024-11-18\",\"endDate\":\"2024-11-20\",\"eventStatus\":\"EventScheduled\",\"eventAttendanceMode\":\"OfflineEventAttendanceMode\",\"location\":{\"@type\":\"place\",\"name\":\"\",\"address\":\"\",\"geo\":{\"@type\":\"GeoCoordinates\",\"latitude\":\"\",\"longitude\":\"\"}},\"description\":\"W dniach 18-20 listopada odby\u0142a si\u0119 kolejna edycja Belgrade Security Conference. Organizatorem konferencji jest miejscowy think-tak Belgrade Centre for Security Policy.W panelu otwarcia (The World after the U.S. and EU elections) wyst\u0105pi\u0142 Wojciech Przybylski - redaktor naczelny Visegrad Insight, prezes Fundacji Res Publica. Wraz z nim w panelu wzi\u0119li udzia\u0142: F. Mogherini \u2013 Rector of the College of Europe; Thomas Countryman - Board Chairman of Arms Control Association; Thomas Gomart - Director of Institut fran\u00e7ais des relations internationales. Moderatorem panelu by\u0142a Rosa Balfour \u2013 Director of Carnegie Europe. \\nInstytut Polski w Belgradzie by\u0142 jednym ze sponsor\u00f3w konferencji.\"},{\"@type\":\"ImageObject\",\"inLanguage\":\"pl-PL\",\"@id\":\"https:\/\/instytutpolski.pl\/belgrade\/pl\/2025\/01\/27\/udzial-wojciecha-przybylskiego-w-belgrade-security-cenference\/#primaryimage\",\"url\":\"https:\/\/instytutpolski.pl\/belgrade\/wp-content\/uploads\/sites\/30\/2025\/01\/IMG_1488.jpg\",\"contentUrl\":\"https:\/\/instytutpolski.pl\/belgrade\/wp-content\/uploads\/sites\/30\/2025\/01\/IMG_1488.jpg\",\"width\":640,\"height\":480},{\"@type\":\"BreadcrumbList\",\"@id\":\"https:\/\/instytutpolski.pl\/belgrade\/pl\/2025\/01\/27\/udzial-wojciecha-przybylskiego-w-belgrade-security-cenference\/#breadcrumb\",\"itemListElement\":[{\"@type\":\"ListItem\",\"position\":1,\"name\":\"Strona g\u0142\u00f3wna\",\"item\":\"https:\/\/instytutpolski.pl\/belgrade\/\"},{\"@type\":\"ListItem\",\"position\":2,\"name\":\"Udzia\u0142 Wojciecha Przybylskiego w Belgrade Security Cenference\"}]},{\"@type\":\"WebSite\",\"@id\":\"https:\/\/instytutpolski.pl\/belgrade\/#website\",\"url\":\"https:\/\/instytutpolski.pl\/belgrade\/\",\"name\":\"Instytut Polski w Belgradzie\",\"description\":\"Instytuty Polskie\",\"potentialAction\":[{\"@type\":\"SearchAction\",\"target\":{\"@type\":\"EntryPoint\",\"urlTemplate\":\"https:\/\/instytutpolski.pl\/belgrade\/?s={search_term_string}\"},\"query-input\":{\"@type\":\"PropertyValueSpecification\",\"valueRequired\":true,\"valueName\":\"search_term_string\"}}],\"inLanguage\":\"pl-PL\"},{\"@type\":\"Person\",\"@id\":\"https:\/\/instytutpolski.pl\/belgrade\/#\/schema\/person\/f32c0f922e21a64693151fc74531653b\",\"name\":\"majewskam\",\"image\":{\"@type\":\"ImageObject\",\"inLanguage\":\"pl-PL\",\"@id\":\"https:\/\/instytutpolski.pl\/belgrade\/#\/schema\/person\/image\/\",\"url\":\"https:\/\/secure.gravatar.com\/avatar\/ab8de2cfdd482580e5bcc63f3412de1b?s=96&d=mm&r=g\",\"contentUrl\":\"https:\/\/secure.gravatar.com\/avatar\/ab8de2cfdd482580e5bcc63f3412de1b?s=96&d=mm&r=g\",\"caption\":\"majewskam\"},\"url\":\"https:\/\/instytutpolski.pl\/belgrade\/author\/majewskam\/\"}]}<\/script>\n<!-- \/ Yoast SEO plugin. -->","yoast_head_json":{"title":"Udzia\u0142 Wojciecha Przybylskiego w Belgrade Security Cenference - Instytut Polski w Belgradzie","robots":{"index":"index","follow":"follow","max-snippet":"max-snippet:-1","max-image-preview":"max-image-preview:large","max-video-preview":"max-video-preview:-1"},"canonical":"https:\/\/instytutpolski.pl\/belgrade\/pl\/2025\/01\/27\/udzial-wojciecha-przybylskiego-w-belgrade-security-cenference\/","og_locale":"pl_PL","og_type":"article","og_title":"Udzia\u0142 Wojciecha Przybylskiego w Belgrade Security Cenference - Instytut Polski w Belgradzie","og_description":"W dniach 18-20 listopada odby\u0142a si\u0119 kolejna edycja Belgrade Security Conference. Organizatorem konferencji jest miejscowy think-tak Belgrade Centre for Security Policy.W panelu otwarcia (The World after the U.S. and EU elections) wyst\u0105pi\u0142 Wojciech Przybylski &#8211; redaktor naczelny Visegrad Insight, prezes Fundacji Res Publica. Wraz z nim w panelu wzi\u0119li udzia\u0142: F. Mogherini \u2013 Rector of [&hellip;]","og_url":"https:\/\/instytutpolski.pl\/belgrade\/pl\/2025\/01\/27\/udzial-wojciecha-przybylskiego-w-belgrade-security-cenference\/","og_site_name":"Instytut Polski w Belgradzie","article_published_time":"2025-01-27T10:45:14+00:00","article_modified_time":"2025-01-27T10:45:16+00:00","og_image":[{"width":640,"height":480,"url":"https:\/\/instytutpolski.pl\/belgrade\/wp-content\/uploads\/sites\/30\/2025\/01\/IMG_1488.jpg","type":"image\/jpeg"}],"author":"majewskam","twitter_card":"summary_large_image","twitter_misc":{"Napisane przez":"majewskam","Szacowany czas czytania":"1 minuta"},"schema":{"@context":"https:\/\/schema.org","@graph":[{"@type":"event","@id":"https:\/\/instytutpolski.pl\/belgrade\/pl\/2025\/01\/27\/udzial-wojciecha-przybylskiego-w-belgrade-security-cenference\/","url":"https:\/\/instytutpolski.pl\/belgrade\/pl\/2025\/01\/27\/udzial-wojciecha-przybylskiego-w-belgrade-security-cenference\/","name":"Udzia\u0142 Wojciecha Przybylskiego w Belgrade Security Cenference","isPartOf":{"@id":"https:\/\/instytutpolski.pl\/belgrade\/#website"},"primaryImageOfPage":{"@id":"https:\/\/instytutpolski.pl\/belgrade\/pl\/2025\/01\/27\/udzial-wojciecha-przybylskiego-w-belgrade-security-cenference\/#primaryimage"},"image":["https:\/\/instytutpolski.pl\/belgrade\/wp-content\/uploads\/sites\/30\/2025\/01\/IMG_1488.jpg","https:\/\/instytutpolski.pl\/belgrade\/wp-content\/uploads\/sites\/30\/2025\/01\/IMG_1488-300x225.jpg","https:\/\/instytutpolski.pl\/belgrade\/wp-content\/uploads\/sites\/30\/2025\/01\/IMG_1488.jpg","https:\/\/instytutpolski.pl\/belgrade\/wp-content\/uploads\/sites\/30\/2025\/01\/IMG_1488.jpg"],"thumbnailUrl":"https:\/\/instytutpolski.pl\/belgrade\/wp-content\/uploads\/sites\/30\/2025\/01\/IMG_1488.jpg","datePublished":"2025-01-27T10:45:14+02:00","dateModified":"2025-01-27T10:45:16+02:00","author":{"@id":"https:\/\/instytutpolski.pl\/belgrade\/#\/schema\/person\/f32c0f922e21a64693151fc74531653b"},"breadcrumb":{"@id":"https:\/\/instytutpolski.pl\/belgrade\/pl\/2025\/01\/27\/udzial-wojciecha-przybylskiego-w-belgrade-security-cenference\/#breadcrumb"},"inLanguage":"pl-PL","potentialAction":[{"@type":"ReadAction","target":["https:\/\/instytutpolski.pl\/belgrade\/pl\/2025\/01\/27\/udzial-wojciecha-przybylskiego-w-belgrade-security-cenference\/"]}],"@context":"https:\/\/schema.org","startDate":"2024-11-18","endDate":"2024-11-20","eventStatus":"EventScheduled","eventAttendanceMode":"OfflineEventAttendanceMode","location":{"@type":"place","name":"","address":"","geo":{"@type":"GeoCoordinates","latitude":"","longitude":""}},"description":"W dniach 18-20 listopada odby\u0142a si\u0119 kolejna edycja Belgrade Security Conference. Organizatorem konferencji jest miejscowy think-tak Belgrade Centre for Security Policy.W panelu otwarcia (The World after the U.S. and EU elections) wyst\u0105pi\u0142 Wojciech Przybylski - redaktor naczelny Visegrad Insight, prezes Fundacji Res Publica. Wraz z nim w panelu wzi\u0119li udzia\u0142: F. Mogherini \u2013 Rector of the College of Europe; Thomas Countryman - Board Chairman of Arms Control Association; Thomas Gomart - Director of Institut fran\u00e7ais des relations internationales. Moderatorem panelu by\u0142a Rosa Balfour \u2013 Director of Carnegie Europe. \nInstytut Polski w Belgradzie by\u0142 jednym ze sponsor\u00f3w konferencji."},{"@type":"ImageObject","inLanguage":"pl-PL","@id":"https:\/\/instytutpolski.pl\/belgrade\/pl\/2025\/01\/27\/udzial-wojciecha-przybylskiego-w-belgrade-security-cenference\/#primaryimage","url":"https:\/\/instytutpolski.pl\/belgrade\/wp-content\/uploads\/sites\/30\/2025\/01\/IMG_1488.jpg","contentUrl":"https:\/\/instytutpolski.pl\/belgrade\/wp-content\/uploads\/sites\/30\/2025\/01\/IMG_1488.jpg","width":640,"height":480},{"@type":"BreadcrumbList","@id":"https:\/\/instytutpolski.pl\/belgrade\/pl\/2025\/01\/27\/udzial-wojciecha-przybylskiego-w-belgrade-security-cenference\/#breadcrumb","itemListElement":[{"@type":"ListItem","position":1,"name":"Strona g\u0142\u00f3wna","item":"https:\/\/instytutpolski.pl\/belgrade\/"},{"@type":"ListItem","position":2,"name":"Udzia\u0142 Wojciecha Przybylskiego w Belgrade Security Cenference"}]},{"@type":"WebSite","@id":"https:\/\/instytutpolski.pl\/belgrade\/#website","url":"https:\/\/instytutpolski.pl\/belgrade\/","name":"Instytut Polski w Belgradzie","description":"Instytuty Polskie","potentialAction":[{"@type":"SearchAction","target":{"@type":"EntryPoint","urlTemplate":"https:\/\/instytutpolski.pl\/belgrade\/?s={search_term_string}"},"query-input":{"@type":"PropertyValueSpecification","valueRequired":true,"valueName":"search_term_string"}}],"inLanguage":"pl-PL"},{"@type":"Person","@id":"https:\/\/instytutpolski.pl\/belgrade\/#\/schema\/person\/f32c0f922e21a64693151fc74531653b","name":"majewskam","image":{"@type":"ImageObject","inLanguage":"pl-PL","@id":"https:\/\/instytutpolski.pl\/belgrade\/#\/schema\/person\/image\/","url":"https:\/\/secure.gravatar.com\/avatar\/ab8de2cfdd482580e5bcc63f3412de1b?s=96&d=mm&r=g","contentUrl":"https:\/\/secure.gravatar.com\/avatar\/ab8de2cfdd482580e5bcc63f3412de1b?s=96&d=mm&r=g","caption":"majewskam"},"url":"https:\/\/instytutpolski.pl\/belgrade\/author\/majewskam\/"}]}},"_links":{"self":[{"href":"https:\/\/instytutpolski.pl\/belgrade\/wp-json\/wp\/v2\/posts\/136","targetHints":{"allow":["GET"]}}],"collection":[{"href":"https:\/\/instytutpolski.pl\/belgrade\/wp-json\/wp\/v2\/posts"}],"about":[{"href":"https:\/\/instytutpolski.pl\/belgrade\/wp-json\/wp\/v2\/types\/post"}],"author":[{"embeddable":true,"href":"https:\/\/instytutpolski.pl\/belgrade\/wp-json\/wp\/v2\/users\/26"}],"replies":[{"embeddable":true,"href":"https:\/\/instytutpolski.pl\/belgrade\/wp-json\/wp\/v2\/comments?post=136"}],"version-history":[{"count":1,"href":"https:\/\/instytutpolski.pl\/belgrade\/wp-json\/wp\/v2\/posts\/136\/revisions"}],"predecessor-version":[{"id":137,"href":"https:\/\/instytutpolski.pl\/belgrade\/wp-json\/wp\/v2\/posts\/136\/revisions\/137"}],"wp:featuredmedia":[{"embeddable":true,"href":"https:\/\/instytutpolski.pl\/belgrade\/wp-json\/wp\/v2\/media\/133"}],"wp:attachment":[{"href":"https:\/\/instytutpolski.pl\/belgrade\/wp-json\/wp\/v2\/media?parent=136"}],"wp:term":[{"taxonomy":"category","embeddable":true,"href":"https:\/\/instytutpolski.pl\/belgrade\/wp-json\/wp\/v2\/categories?post=136"},{"taxonomy":"post_tag","embeddable":true,"href":"https:\/\/instytutpolski.pl\/belgrade\/wp-json\/wp\/v2\/tags?post=136"}],"curies":[{"name":"wp","href":"https:\/\/api.w.org\/{rel}","templated":true}]}}