{"id":12279,"date":"2026-04-28T16:31:43","date_gmt":"2026-04-28T14:31:43","guid":{"rendered":"https:\/\/instytutpolski.pl\/berlin\/?p=12279"},"modified":"2026-04-28T16:31:44","modified_gmt":"2026-04-28T14:31:44","slug":"undercurrents-podziemne-prady-adi-weinberg-berlin-warschau-haifa","status":"publish","type":"post","link":"https:\/\/instytutpolski.pl\/berlin\/2026\/04\/28\/undercurrents-podziemne-prady-adi-weinberg-berlin-warschau-haifa\/","title":{"rendered":"Undercurrents \/ Podziemne Pr\u0105dy: Adi Weinberg (Berlin\/Warschau\/Haifa) \u00a0"},"content":{"rendered":"\n<p><strong>Di 2.06 20:30, Mi 3.06 18:30, <\/strong><strong>Franz\u00f6sische Kirche, Potsdam<\/strong><\/p>\n<p>Anschlie\u00dfend am Mi 03. Jun<strong>:<\/strong>\u00a0<strong>Publikumsgespr\u00e4ch<\/strong><strong>\u00a0<\/strong><\/p>\n<p><em>Undercurrents<\/em>\u00a0ist eine choreografische Spurensuche nach dem, was unter der Oberfl\u00e4che wirkt: Erinnerung als leise Str\u00f6mung, als geerbte Bewegung, als eingeschriebene Geschichte im K\u00f6rper. Vergangenheit und Gegenwart \u00fcberlagern sich, treten in Dialog, widersprechen und st\u00fctzen einander.<\/p>\n<p>Zwei T\u00e4nzerinnen und ein Kontrabassist verleihen verlorenen, verdr\u00e4ngten oder fragmentierten Erinnerungen eine physische Form. Vergrabene und vergessene Geschichten kommen langsam wieder zum Vorschein. Bruchst\u00fccke ordnen sich neu. Was lange unausgesprochen blieb, wird neu in Bewegung \u00fcbersetzt. Ein Stoff wird dabei zum verbindenden Element, als Haut, Grenze, Schutz und Resonanzraum zugleich. Er erinnert an das, was uns trennt, und an das, was uns tr\u00e4gt. So entsteht eine intime Br\u00fccke: ein Tanz \u00fcber Erinnerung, \u00fcber Verbindung und Verwandlung, \u00fcber Identit\u00e4t.<\/p>\n<p><em>Undercurrents<\/em>\u00a0wurde vom SZIH und dem POLIN-Museum in Warschau in Auftrag gegeben: eine Kreation, die als Position auf die Ausstellung\u00a0<em>1945. Nicht das Ende, nicht der Anfang<\/em>\u00a0entstand und im Sep 2025 im Museum uraufgef\u00fchrt wurde.<br \/><br \/><strong>Adi Weinberg<\/strong>\u00a0(IL\/PL\/DE) ist T\u00e4nzerin, Choreografin und Gaga-Lehrerin. Sie wurde in Jerusalem und Haifa ausgebildet und absolvierte eine Lehre bei der Vertigo Dance Company. Sie trat international auf und arbeitete mit zahlreichen Choreografen und Institutionen zusammen. Seit 2014 entwickelt sie ihre choreografische Arbeit und kreist dabei um die tieferen Schichten unserer verk\u00f6rperten Erfahrung: generationen\u00fcbergreifende Traumata, interne und externe Muster von Geschlecht, Macht und Beziehungsweise. Ihre Arbeit ist expressiv, poetisch und abstrakt mit der Absicht, sichere R\u00e4ume der Intimit\u00e4t, Resonanz und des Begegnens zu schaffen. Parallel zu ihrer k\u00fcnstlerischen Praxis unterrichtet sie Gaga- und Bewegungs-Forschungs-Workshops f\u00fcr diverse Zielgruppen in Israel, Polen und Deutschland.<\/p>\n<p>Konzept, Choreografie und Tanz: Adi Weinberg \/ Mitwirkende T\u00e4nzerin: Liwia Bargie\u0142-Kie\u0142bowicz \/ Musik: S\u00e9bastien Beliah \/ Dramaturgie: Cat Gerrard \/ Kost\u00fcme: Adi Weinberg, Liwia Bargie\u0142-Kie\u0142bowicz \/ Produktionsassistentin: Johanna Simon \/ Fotos: Alicja Szulc \u2013 POLIN Museum \/ Besonderer Dank gilt: Marta Sarnowska, Filipe Gomes, Ofir Shabtai Levin, Johanna Simon, Weronika Litwin, Anna Moniewska, Micha\u0142 Majewski, Kornelia Dzikowska-Demirska \/ Partner: POLIN Museum \/ Veranstalter: Vereinigung des J\u00fcdischen Historischen Instituts in Polen \/ Kofinanziert durch das Ministerium f\u00fcr Kultur und Nationales Erbe aus dem Kulturf\u00f6rderungsfonds im Rahmen des Programms \u201eTanz\u201d, das vom Nationalen Institut f\u00fcr Musik und Tanz realisiert wird \/ Vielen Dank an die Franz\u00f6sischen Kirche Potsdam \/ Internet:\u00a0<a href=\"https:\/\/www.adiweinberg.com\/\">www.adiweinberg.com<\/a>\u00a0\/ Dauer: 45 Minuten<\/p>\n<p><strong>Info<\/strong> <strong>und Karten<\/strong><strong>: <\/strong><a href=\"https:\/\/www.fabrikpotsdam.de\/event\/1744\">fabrik Potsdam \/ \/ Undercurrents \/ Podziemne Pr\u0105dy<\/a><\/p>\n<p><strong>Ort:<\/strong> Franz\u00f6sische Kirche, Charlottenstra\u00dfe 55-58 14467\u00a0Potsdam<br \/><br \/>Foto: Alicja Szulc \u2013 POLIN Museum<\/p>\n","protected":false},"excerpt":{"rendered":"<p>Di 2.06 20:30, Mi 3.06 18:30, Franz\u00f6sische Kirche, Potsdam Anschlie\u00dfend am Mi 03. Jun:\u00a0Publikumsgespr\u00e4ch\u00a0 Undercurrents\u00a0ist eine choreografische Spurensuche nach dem, was unter der Oberfl\u00e4che wirkt: Erinnerung als leise Str\u00f6mung, als geerbte Bewegung, als eingeschriebene Geschichte im K\u00f6rper. Vergangenheit und Gegenwart \u00fcberlagern sich, treten in Dialog, widersprechen und st\u00fctzen einander. Zwei T\u00e4nzerinnen und ein Kontrabassist verleihen [&hellip;]<\/p>\n","protected":false},"author":78,"featured_media":12280,"comment_status":"open","ping_status":"open","sticky":false,"template":"","format":"standard","meta":{"inline_featured_image":false,"_monsterinsights_skip_tracking":false,"_monsterinsights_sitenote_active":false,"_monsterinsights_sitenote_note":"","_monsterinsights_sitenote_category":0,"footnotes":""},"categories":[24,28],"tags":[157,327],"class_list":["post-12279","post","type-post","status-publish","format-standard","has-post-thumbnail","hentry","category-empfehlungen","category-theater","tag-empfehlungen","tag-theater-de"],"yoast_head":"<!-- This site is optimized with the Yoast SEO plugin v24.6 - https:\/\/yoast.com\/wordpress\/plugins\/seo\/ -->\n<title>Undercurrents \/ Podziemne Pr\u0105dy: Adi Weinberg (Berlin\/Warschau\/Haifa) \u00a0 - Instytut Polski w Berlinie<\/title>\n<meta name=\"robots\" content=\"index, follow, max-snippet:-1, max-image-preview:large, max-video-preview:-1\" \/>\n<link rel=\"canonical\" href=\"https:\/\/instytutpolski.pl\/berlin\/2026\/04\/28\/undercurrents-podziemne-prady-adi-weinberg-berlin-warschau-haifa\/\" \/>\n<meta property=\"og:locale\" content=\"pl_PL\" \/>\n<meta property=\"og:type\" content=\"article\" \/>\n<meta property=\"og:title\" content=\"Undercurrents \/ Podziemne Pr\u0105dy: Adi Weinberg (Berlin\/Warschau\/Haifa) \u00a0 - Instytut Polski w Berlinie\" \/>\n<meta property=\"og:description\" content=\"Di 2.06 20:30, Mi 3.06 18:30, Franz\u00f6sische Kirche, Potsdam Anschlie\u00dfend am Mi 03. Jun:\u00a0Publikumsgespr\u00e4ch\u00a0 Undercurrents\u00a0ist eine choreografische Spurensuche nach dem, was unter der Oberfl\u00e4che wirkt: Erinnerung als leise Str\u00f6mung, als geerbte Bewegung, als eingeschriebene Geschichte im K\u00f6rper. Vergangenheit und Gegenwart \u00fcberlagern sich, treten in Dialog, widersprechen und st\u00fctzen einander. Zwei T\u00e4nzerinnen und ein Kontrabassist verleihen [&hellip;]\" \/>\n<meta property=\"og:url\" content=\"https:\/\/instytutpolski.pl\/berlin\/2026\/04\/28\/undercurrents-podziemne-prady-adi-weinberg-berlin-warschau-haifa\/\" \/>\n<meta property=\"og:site_name\" content=\"Instytut Polski w Berlinie\" \/>\n<meta property=\"article:published_time\" content=\"2026-04-28T14:31:43+00:00\" \/>\n<meta property=\"article:modified_time\" content=\"2026-04-28T14:31:44+00:00\" \/>\n<meta property=\"og:image\" content=\"https:\/\/instytutpolski.pl\/berlin\/wp-content\/uploads\/sites\/3\/2026\/04\/Picture1-1.jpg\" \/>\n\t<meta property=\"og:image:width\" content=\"1386\" \/>\n\t<meta property=\"og:image:height\" content=\"924\" \/>\n\t<meta property=\"og:image:type\" content=\"image\/jpeg\" \/>\n<meta name=\"author\" content=\"mw\" \/>\n<meta name=\"twitter:card\" content=\"summary_large_image\" \/>\n<meta name=\"twitter:label1\" content=\"Napisane przez\" \/>\n\t<meta name=\"twitter:data1\" content=\"mw\" \/>\n\t<meta name=\"twitter:label2\" content=\"Szacowany czas czytania\" \/>\n\t<meta name=\"twitter:data2\" content=\"3 minuty\" \/>\n<script type=\"application\/ld+json\" class=\"yoast-schema-graph\">{\"@context\":\"https:\/\/schema.org\",\"@graph\":[{\"@type\":\"event\",\"@id\":\"https:\/\/instytutpolski.pl\/berlin\/2026\/04\/28\/undercurrents-podziemne-prady-adi-weinberg-berlin-warschau-haifa\/\",\"url\":\"https:\/\/instytutpolski.pl\/berlin\/2026\/04\/28\/undercurrents-podziemne-prady-adi-weinberg-berlin-warschau-haifa\/\",\"name\":\"Undercurrents \/ Podziemne Pr\u0105dy: Adi Weinberg (Berlin\/Warschau\/Haifa) \u00a0\",\"isPartOf\":{\"@id\":\"https:\/\/instytutpolski.pl\/berlin\/#website\"},\"primaryImageOfPage\":{\"@id\":\"https:\/\/instytutpolski.pl\/berlin\/2026\/04\/28\/undercurrents-podziemne-prady-adi-weinberg-berlin-warschau-haifa\/#primaryimage\"},\"image\":[\"https:\/\/instytutpolski.pl\/berlin\/wp-content\/uploads\/sites\/3\/2026\/04\/Picture1-1.jpg\",\"https:\/\/instytutpolski.pl\/berlin\/wp-content\/uploads\/sites\/3\/2026\/04\/Picture1-1-300x200.jpg\",\"https:\/\/instytutpolski.pl\/berlin\/wp-content\/uploads\/sites\/3\/2026\/04\/Picture1-1-1024x683.jpg\",\"https:\/\/instytutpolski.pl\/berlin\/wp-content\/uploads\/sites\/3\/2026\/04\/Picture1-1.jpg\"],\"thumbnailUrl\":\"https:\/\/instytutpolski.pl\/berlin\/wp-content\/uploads\/sites\/3\/2026\/04\/Picture1-1.jpg\",\"datePublished\":\"2026-04-28T14:31:43+02:00\",\"dateModified\":\"2026-04-28T14:31:44+02:00\",\"author\":{\"@id\":\"https:\/\/instytutpolski.pl\/berlin\/#\/schema\/person\/3343fb63f02034c515fcf9c00d8ad9e4\"},\"breadcrumb\":{\"@id\":\"https:\/\/instytutpolski.pl\/berlin\/2026\/04\/28\/undercurrents-podziemne-prady-adi-weinberg-berlin-warschau-haifa\/#breadcrumb\"},\"inLanguage\":\"pl-PL\",\"potentialAction\":[{\"@type\":\"ReadAction\",\"target\":[\"https:\/\/instytutpolski.pl\/berlin\/2026\/04\/28\/undercurrents-podziemne-prady-adi-weinberg-berlin-warschau-haifa\/\"]}],\"@context\":\"https:\/\/schema.org\",\"startDate\":\"2026-06-02\",\"endDate\":\"2026-06-03\",\"eventStatus\":\"EventScheduled\",\"eventAttendanceMode\":\"OfflineEventAttendanceMode\",\"location\":{\"@type\":\"place\",\"name\":\"\",\"address\":\"\",\"geo\":{\"@type\":\"GeoCoordinates\",\"latitude\":\"\",\"longitude\":\"\"}},\"description\":\"Di 2.06 20:30, Mi 3.06 18:30, Franz\u00f6sische Kirche, Potsdam\\nAnschlie\u00dfend am Mi 03. Jun:\u00a0Publikumsgespr\u00e4ch\u00a0\\nUndercurrents\u00a0ist eine choreografische Spurensuche nach dem, was unter der Oberfl\u00e4che wirkt: Erinnerung als leise Str\u00f6mung, als geerbte Bewegung, als eingeschriebene Geschichte im K\u00f6rper. Vergangenheit und Gegenwart \u00fcberlagern sich, treten in Dialog, widersprechen und st\u00fctzen einander.\\nZwei T\u00e4nzerinnen und ein Kontrabassist verleihen verlorenen, verdr\u00e4ngten oder fragmentierten Erinnerungen eine physische Form. Vergrabene und vergessene Geschichten kommen langsam wieder zum Vorschein. Bruchst\u00fccke ordnen sich neu. Was lange unausgesprochen blieb, wird neu in Bewegung \u00fcbersetzt. Ein Stoff wird dabei zum verbindenden Element, als Haut, Grenze, Schutz und Resonanzraum zugleich. Er erinnert an das, was uns trennt, und an das, was uns tr\u00e4gt. So entsteht eine intime Br\u00fccke: ein Tanz \u00fcber Erinnerung, \u00fcber Verbindung und Verwandlung, \u00fcber Identit\u00e4t.\\nUndercurrents\u00a0wurde vom SZIH und dem POLIN-Museum in Warschau in Auftrag gegeben: eine Kreation, die als Position auf die Ausstellung\u00a01945. Nicht das Ende, nicht der Anfang\u00a0entstand und im Sep 2025 im Museum uraufgef\u00fchrt wurde.Adi Weinberg\u00a0(IL\/PL\/DE) ist T\u00e4nzerin, Choreografin und Gaga-Lehrerin. Sie wurde in Jerusalem und Haifa ausgebildet und absolvierte eine Lehre bei der Vertigo Dance Company. Sie trat international auf und arbeitete mit zahlreichen Choreografen und Institutionen zusammen. Seit 2014 entwickelt sie ihre choreografische Arbeit und kreist dabei um die tieferen Schichten unserer verk\u00f6rperten Erfahrung: generationen\u00fcbergreifende Traumata, interne und externe Muster von Geschlecht, Macht und Beziehungsweise. Ihre Arbeit ist expressiv, poetisch und abstrakt mit der Absicht, sichere R\u00e4ume der Intimit\u00e4t, Resonanz und des Begegnens zu schaffen. Parallel zu ihrer k\u00fcnstlerischen Praxis unterrichtet sie Gaga- und Bewegungs-Forschungs-Workshops f\u00fcr diverse Zielgruppen in Israel, Polen und Deutschland.\\nKonzept, Choreografie und Tanz: Adi Weinberg \/ Mitwirkende T\u00e4nzerin: Liwia Bargie\u0142-Kie\u0142bowicz \/ Musik: S\u00e9bastien Beliah \/ Dramaturgie: Cat Gerrard \/ Kost\u00fcme: Adi Weinberg, Liwia Bargie\u0142-Kie\u0142bowicz \/ Produktionsassistentin: Johanna Simon \/ Fotos: Alicja Szulc \u2013 POLIN Museum \/ Besonderer Dank gilt: Marta Sarnowska, Filipe Gomes, Ofir Shabtai Levin, Johanna Simon, Weronika Litwin, Anna Moniewska, Micha\u0142 Majewski, Kornelia Dzikowska-Demirska \/ Partner: POLIN Museum \/ Veranstalter: Vereinigung des J\u00fcdischen Historischen Instituts in Polen \/ Kofinanziert durch das Ministerium f\u00fcr Kultur und Nationales Erbe aus dem Kulturf\u00f6rderungsfonds im Rahmen des Programms \u201eTanz\u201d, das vom Nationalen Institut f\u00fcr Musik und Tanz realisiert wird \/ Vielen Dank an die Franz\u00f6sischen Kirche Potsdam \/ Internet:\u00a0www.adiweinberg.com\u00a0\/ Dauer: 45 Minuten\\nInfo und Karten: fabrik Potsdam \/ \/ Undercurrents \/ Podziemne Pr\u0105dy\\nOrt: Franz\u00f6sische Kirche, Charlottenstra\u00dfe 55-58 14467\u00a0PotsdamFoto: Alicja Szulc \u2013 POLIN Museum\"},{\"@type\":\"ImageObject\",\"inLanguage\":\"pl-PL\",\"@id\":\"https:\/\/instytutpolski.pl\/berlin\/2026\/04\/28\/undercurrents-podziemne-prady-adi-weinberg-berlin-warschau-haifa\/#primaryimage\",\"url\":\"https:\/\/instytutpolski.pl\/berlin\/wp-content\/uploads\/sites\/3\/2026\/04\/Picture1-1.jpg\",\"contentUrl\":\"https:\/\/instytutpolski.pl\/berlin\/wp-content\/uploads\/sites\/3\/2026\/04\/Picture1-1.jpg\",\"width\":1386,\"height\":924},{\"@type\":\"BreadcrumbList\",\"@id\":\"https:\/\/instytutpolski.pl\/berlin\/2026\/04\/28\/undercurrents-podziemne-prady-adi-weinberg-berlin-warschau-haifa\/#breadcrumb\",\"itemListElement\":[{\"@type\":\"ListItem\",\"position\":1,\"name\":\"Home\",\"item\":\"https:\/\/instytutpolski.pl\/berlin\/\"},{\"@type\":\"ListItem\",\"position\":2,\"name\":\"Undercurrents \/ Podziemne Pr\u0105dy: Adi Weinberg (Berlin\/Warschau\/Haifa) \u00a0\"}]},{\"@type\":\"WebSite\",\"@id\":\"https:\/\/instytutpolski.pl\/berlin\/#website\",\"url\":\"https:\/\/instytutpolski.pl\/berlin\/\",\"name\":\"Instytut Polski w Berlinie\",\"description\":\"Instytuty Polskie\",\"potentialAction\":[{\"@type\":\"SearchAction\",\"target\":{\"@type\":\"EntryPoint\",\"urlTemplate\":\"https:\/\/instytutpolski.pl\/berlin\/?s={search_term_string}\"},\"query-input\":{\"@type\":\"PropertyValueSpecification\",\"valueRequired\":true,\"valueName\":\"search_term_string\"}}],\"inLanguage\":\"pl-PL\"},{\"@type\":\"Person\",\"@id\":\"https:\/\/instytutpolski.pl\/berlin\/#\/schema\/person\/3343fb63f02034c515fcf9c00d8ad9e4\",\"name\":\"mw\",\"image\":{\"@type\":\"ImageObject\",\"inLanguage\":\"pl-PL\",\"@id\":\"https:\/\/instytutpolski.pl\/berlin\/#\/schema\/person\/image\/\",\"url\":\"https:\/\/secure.gravatar.com\/avatar\/5a4eeb726e07f96e3a3a64f932124c40?s=96&d=mm&r=g\",\"contentUrl\":\"https:\/\/secure.gravatar.com\/avatar\/5a4eeb726e07f96e3a3a64f932124c40?s=96&d=mm&r=g\",\"caption\":\"mw\"},\"url\":\"https:\/\/instytutpolski.pl\/berlin\/author\/witkowskam\/\"}]}<\/script>\n<!-- \/ Yoast SEO plugin. -->","yoast_head_json":{"title":"Undercurrents \/ Podziemne Pr\u0105dy: Adi Weinberg (Berlin\/Warschau\/Haifa) \u00a0 - Instytut Polski w Berlinie","robots":{"index":"index","follow":"follow","max-snippet":"max-snippet:-1","max-image-preview":"max-image-preview:large","max-video-preview":"max-video-preview:-1"},"canonical":"https:\/\/instytutpolski.pl\/berlin\/2026\/04\/28\/undercurrents-podziemne-prady-adi-weinberg-berlin-warschau-haifa\/","og_locale":"pl_PL","og_type":"article","og_title":"Undercurrents \/ Podziemne Pr\u0105dy: Adi Weinberg (Berlin\/Warschau\/Haifa) \u00a0 - Instytut Polski w Berlinie","og_description":"Di 2.06 20:30, Mi 3.06 18:30, Franz\u00f6sische Kirche, Potsdam Anschlie\u00dfend am Mi 03. Jun:\u00a0Publikumsgespr\u00e4ch\u00a0 Undercurrents\u00a0ist eine choreografische Spurensuche nach dem, was unter der Oberfl\u00e4che wirkt: Erinnerung als leise Str\u00f6mung, als geerbte Bewegung, als eingeschriebene Geschichte im K\u00f6rper. Vergangenheit und Gegenwart \u00fcberlagern sich, treten in Dialog, widersprechen und st\u00fctzen einander. Zwei T\u00e4nzerinnen und ein Kontrabassist verleihen [&hellip;]","og_url":"https:\/\/instytutpolski.pl\/berlin\/2026\/04\/28\/undercurrents-podziemne-prady-adi-weinberg-berlin-warschau-haifa\/","og_site_name":"Instytut Polski w Berlinie","article_published_time":"2026-04-28T14:31:43+00:00","article_modified_time":"2026-04-28T14:31:44+00:00","og_image":[{"width":1386,"height":924,"url":"https:\/\/instytutpolski.pl\/berlin\/wp-content\/uploads\/sites\/3\/2026\/04\/Picture1-1.jpg","type":"image\/jpeg"}],"author":"mw","twitter_card":"summary_large_image","twitter_misc":{"Napisane przez":"mw","Szacowany czas czytania":"3 minuty"},"schema":{"@context":"https:\/\/schema.org","@graph":[{"@type":"event","@id":"https:\/\/instytutpolski.pl\/berlin\/2026\/04\/28\/undercurrents-podziemne-prady-adi-weinberg-berlin-warschau-haifa\/","url":"https:\/\/instytutpolski.pl\/berlin\/2026\/04\/28\/undercurrents-podziemne-prady-adi-weinberg-berlin-warschau-haifa\/","name":"Undercurrents \/ Podziemne Pr\u0105dy: Adi Weinberg (Berlin\/Warschau\/Haifa) \u00a0","isPartOf":{"@id":"https:\/\/instytutpolski.pl\/berlin\/#website"},"primaryImageOfPage":{"@id":"https:\/\/instytutpolski.pl\/berlin\/2026\/04\/28\/undercurrents-podziemne-prady-adi-weinberg-berlin-warschau-haifa\/#primaryimage"},"image":["https:\/\/instytutpolski.pl\/berlin\/wp-content\/uploads\/sites\/3\/2026\/04\/Picture1-1.jpg","https:\/\/instytutpolski.pl\/berlin\/wp-content\/uploads\/sites\/3\/2026\/04\/Picture1-1-300x200.jpg","https:\/\/instytutpolski.pl\/berlin\/wp-content\/uploads\/sites\/3\/2026\/04\/Picture1-1-1024x683.jpg","https:\/\/instytutpolski.pl\/berlin\/wp-content\/uploads\/sites\/3\/2026\/04\/Picture1-1.jpg"],"thumbnailUrl":"https:\/\/instytutpolski.pl\/berlin\/wp-content\/uploads\/sites\/3\/2026\/04\/Picture1-1.jpg","datePublished":"2026-04-28T14:31:43+02:00","dateModified":"2026-04-28T14:31:44+02:00","author":{"@id":"https:\/\/instytutpolski.pl\/berlin\/#\/schema\/person\/3343fb63f02034c515fcf9c00d8ad9e4"},"breadcrumb":{"@id":"https:\/\/instytutpolski.pl\/berlin\/2026\/04\/28\/undercurrents-podziemne-prady-adi-weinberg-berlin-warschau-haifa\/#breadcrumb"},"inLanguage":"pl-PL","potentialAction":[{"@type":"ReadAction","target":["https:\/\/instytutpolski.pl\/berlin\/2026\/04\/28\/undercurrents-podziemne-prady-adi-weinberg-berlin-warschau-haifa\/"]}],"@context":"https:\/\/schema.org","startDate":"2026-06-02","endDate":"2026-06-03","eventStatus":"EventScheduled","eventAttendanceMode":"OfflineEventAttendanceMode","location":{"@type":"place","name":"","address":"","geo":{"@type":"GeoCoordinates","latitude":"","longitude":""}},"description":"Di 2.06 20:30, Mi 3.06 18:30, Franz\u00f6sische Kirche, Potsdam\nAnschlie\u00dfend am Mi 03. Jun:\u00a0Publikumsgespr\u00e4ch\u00a0\nUndercurrents\u00a0ist eine choreografische Spurensuche nach dem, was unter der Oberfl\u00e4che wirkt: Erinnerung als leise Str\u00f6mung, als geerbte Bewegung, als eingeschriebene Geschichte im K\u00f6rper. Vergangenheit und Gegenwart \u00fcberlagern sich, treten in Dialog, widersprechen und st\u00fctzen einander.\nZwei T\u00e4nzerinnen und ein Kontrabassist verleihen verlorenen, verdr\u00e4ngten oder fragmentierten Erinnerungen eine physische Form. Vergrabene und vergessene Geschichten kommen langsam wieder zum Vorschein. Bruchst\u00fccke ordnen sich neu. Was lange unausgesprochen blieb, wird neu in Bewegung \u00fcbersetzt. Ein Stoff wird dabei zum verbindenden Element, als Haut, Grenze, Schutz und Resonanzraum zugleich. Er erinnert an das, was uns trennt, und an das, was uns tr\u00e4gt. So entsteht eine intime Br\u00fccke: ein Tanz \u00fcber Erinnerung, \u00fcber Verbindung und Verwandlung, \u00fcber Identit\u00e4t.\nUndercurrents\u00a0wurde vom SZIH und dem POLIN-Museum in Warschau in Auftrag gegeben: eine Kreation, die als Position auf die Ausstellung\u00a01945. Nicht das Ende, nicht der Anfang\u00a0entstand und im Sep 2025 im Museum uraufgef\u00fchrt wurde.Adi Weinberg\u00a0(IL\/PL\/DE) ist T\u00e4nzerin, Choreografin und Gaga-Lehrerin. Sie wurde in Jerusalem und Haifa ausgebildet und absolvierte eine Lehre bei der Vertigo Dance Company. Sie trat international auf und arbeitete mit zahlreichen Choreografen und Institutionen zusammen. Seit 2014 entwickelt sie ihre choreografische Arbeit und kreist dabei um die tieferen Schichten unserer verk\u00f6rperten Erfahrung: generationen\u00fcbergreifende Traumata, interne und externe Muster von Geschlecht, Macht und Beziehungsweise. Ihre Arbeit ist expressiv, poetisch und abstrakt mit der Absicht, sichere R\u00e4ume der Intimit\u00e4t, Resonanz und des Begegnens zu schaffen. Parallel zu ihrer k\u00fcnstlerischen Praxis unterrichtet sie Gaga- und Bewegungs-Forschungs-Workshops f\u00fcr diverse Zielgruppen in Israel, Polen und Deutschland.\nKonzept, Choreografie und Tanz: Adi Weinberg \/ Mitwirkende T\u00e4nzerin: Liwia Bargie\u0142-Kie\u0142bowicz \/ Musik: S\u00e9bastien Beliah \/ Dramaturgie: Cat Gerrard \/ Kost\u00fcme: Adi Weinberg, Liwia Bargie\u0142-Kie\u0142bowicz \/ Produktionsassistentin: Johanna Simon \/ Fotos: Alicja Szulc \u2013 POLIN Museum \/ Besonderer Dank gilt: Marta Sarnowska, Filipe Gomes, Ofir Shabtai Levin, Johanna Simon, Weronika Litwin, Anna Moniewska, Micha\u0142 Majewski, Kornelia Dzikowska-Demirska \/ Partner: POLIN Museum \/ Veranstalter: Vereinigung des J\u00fcdischen Historischen Instituts in Polen \/ Kofinanziert durch das Ministerium f\u00fcr Kultur und Nationales Erbe aus dem Kulturf\u00f6rderungsfonds im Rahmen des Programms \u201eTanz\u201d, das vom Nationalen Institut f\u00fcr Musik und Tanz realisiert wird \/ Vielen Dank an die Franz\u00f6sischen Kirche Potsdam \/ Internet:\u00a0www.adiweinberg.com\u00a0\/ Dauer: 45 Minuten\nInfo und Karten: fabrik Potsdam \/ \/ Undercurrents \/ Podziemne Pr\u0105dy\nOrt: Franz\u00f6sische Kirche, Charlottenstra\u00dfe 55-58 14467\u00a0PotsdamFoto: Alicja Szulc \u2013 POLIN Museum"},{"@type":"ImageObject","inLanguage":"pl-PL","@id":"https:\/\/instytutpolski.pl\/berlin\/2026\/04\/28\/undercurrents-podziemne-prady-adi-weinberg-berlin-warschau-haifa\/#primaryimage","url":"https:\/\/instytutpolski.pl\/berlin\/wp-content\/uploads\/sites\/3\/2026\/04\/Picture1-1.jpg","contentUrl":"https:\/\/instytutpolski.pl\/berlin\/wp-content\/uploads\/sites\/3\/2026\/04\/Picture1-1.jpg","width":1386,"height":924},{"@type":"BreadcrumbList","@id":"https:\/\/instytutpolski.pl\/berlin\/2026\/04\/28\/undercurrents-podziemne-prady-adi-weinberg-berlin-warschau-haifa\/#breadcrumb","itemListElement":[{"@type":"ListItem","position":1,"name":"Home","item":"https:\/\/instytutpolski.pl\/berlin\/"},{"@type":"ListItem","position":2,"name":"Undercurrents \/ Podziemne Pr\u0105dy: Adi Weinberg (Berlin\/Warschau\/Haifa) \u00a0"}]},{"@type":"WebSite","@id":"https:\/\/instytutpolski.pl\/berlin\/#website","url":"https:\/\/instytutpolski.pl\/berlin\/","name":"Instytut Polski w Berlinie","description":"Instytuty Polskie","potentialAction":[{"@type":"SearchAction","target":{"@type":"EntryPoint","urlTemplate":"https:\/\/instytutpolski.pl\/berlin\/?s={search_term_string}"},"query-input":{"@type":"PropertyValueSpecification","valueRequired":true,"valueName":"search_term_string"}}],"inLanguage":"pl-PL"},{"@type":"Person","@id":"https:\/\/instytutpolski.pl\/berlin\/#\/schema\/person\/3343fb63f02034c515fcf9c00d8ad9e4","name":"mw","image":{"@type":"ImageObject","inLanguage":"pl-PL","@id":"https:\/\/instytutpolski.pl\/berlin\/#\/schema\/person\/image\/","url":"https:\/\/secure.gravatar.com\/avatar\/5a4eeb726e07f96e3a3a64f932124c40?s=96&d=mm&r=g","contentUrl":"https:\/\/secure.gravatar.com\/avatar\/5a4eeb726e07f96e3a3a64f932124c40?s=96&d=mm&r=g","caption":"mw"},"url":"https:\/\/instytutpolski.pl\/berlin\/author\/witkowskam\/"}]}},"_links":{"self":[{"href":"https:\/\/instytutpolski.pl\/berlin\/wp-json\/wp\/v2\/posts\/12279","targetHints":{"allow":["GET"]}}],"collection":[{"href":"https:\/\/instytutpolski.pl\/berlin\/wp-json\/wp\/v2\/posts"}],"about":[{"href":"https:\/\/instytutpolski.pl\/berlin\/wp-json\/wp\/v2\/types\/post"}],"author":[{"embeddable":true,"href":"https:\/\/instytutpolski.pl\/berlin\/wp-json\/wp\/v2\/users\/78"}],"replies":[{"embeddable":true,"href":"https:\/\/instytutpolski.pl\/berlin\/wp-json\/wp\/v2\/comments?post=12279"}],"version-history":[{"count":2,"href":"https:\/\/instytutpolski.pl\/berlin\/wp-json\/wp\/v2\/posts\/12279\/revisions"}],"predecessor-version":[{"id":12282,"href":"https:\/\/instytutpolski.pl\/berlin\/wp-json\/wp\/v2\/posts\/12279\/revisions\/12282"}],"wp:featuredmedia":[{"embeddable":true,"href":"https:\/\/instytutpolski.pl\/berlin\/wp-json\/wp\/v2\/media\/12280"}],"wp:attachment":[{"href":"https:\/\/instytutpolski.pl\/berlin\/wp-json\/wp\/v2\/media?parent=12279"}],"wp:term":[{"taxonomy":"category","embeddable":true,"href":"https:\/\/instytutpolski.pl\/berlin\/wp-json\/wp\/v2\/categories?post=12279"},{"taxonomy":"post_tag","embeddable":true,"href":"https:\/\/instytutpolski.pl\/berlin\/wp-json\/wp\/v2\/tags?post=12279"}],"curies":[{"name":"wp","href":"https:\/\/api.w.org\/{rel}","templated":true}]}}