{"id":12293,"date":"2026-04-30T13:09:48","date_gmt":"2026-04-30T11:09:48","guid":{"rendered":"https:\/\/instytutpolski.pl\/berlin\/?p=12293"},"modified":"2026-04-30T13:11:12","modified_gmt":"2026-04-30T11:11:12","slug":"bedrohung-zagrozenie-menace","status":"publish","type":"post","link":"https:\/\/instytutpolski.pl\/berlin\/2026\/04\/30\/bedrohung-zagrozenie-menace\/","title":{"rendered":"Bedrohung \/ Zagro\u017cenie \/ Menace"},"content":{"rendered":"\n<p><strong>Er\u00f6ffnung: Freitag 29.05., 19.00 Uhr<\/strong><\/p>\n<p>Begr\u00fc\u00dfung:<br \/>Dr. Carola Br\u00fcckner, Bezirksstadtr\u00e4tin f\u00fcr Kultur &amp; Dr. Ralf F. Hartmann, K\u00fcnstlerische Leitung ZAK<\/p>\n<p>Es sprechen:<br \/>Prof. Dr. Maciej Kurak, Rektor Kunstuniversit\u00e4t Pozna\u0144 &amp;\u00a0 Prof. Dr. Marta Smoli\u0144ska<\/p>\n<p>Das best\u00e4ndige Gef\u00fchl von multiplen existenziellen Bedrohungen ist ein zentrales Symptom unserer gesellschaftlichen Gegenwart. Bedrohungen artikulieren sich ganz unmittelbar in der Wahrnehmung des Individuums, sie werden aber auch medial kommuniziert und bestimmen so die kollektive Sensibilisierung ganzer Gemeinschaften. Die zeitgen\u00f6ssische Kunst fungiert h\u00e4ufig wie ein Seismograph, der mit unglaublicher Sensibilit\u00e4t die \u201eSchwingungen\u201d aller Arten von Gefahren und Bedrohungen registriert. Sowohl ganz konkret greifbar, als auch nur vermittelt sp\u00fcrbar. Wie analysieren K\u00fcnstlerinnen und K\u00fcnstler aus den Nachbarl\u00e4ndern Deutschland und Polen \u00e4hnliche Bedrohungen? Wie reagieren sie darauf, wie verarbeiten sie sie, welche Strategien der Resilienz bzw. direkten Antwort entwickeln sie?<\/p>\n<p>In einem Spannungsfeld zwischen akuter und gef\u00fchlter Bedrohung, zwischen Erfahrung und Angst bewegen sich die k\u00fcnstlerischen Beitr\u00e4ge zu der deutsch-polnischen Ausstellung, die ma\u00dfgeblich Lehrende der Magdalena-Abakanowicz- Kunstuniversit\u00e4t in Pozna\u0144 und Berliner G\u00e4ste gemeinsam vorstellt.<\/p>\n<p>Natalia Brandt, Zehra Do\u011fan, Nezaket Ekici, Diana Fiedler, Adam Gillert, Joanna Hoffmann, Anna K\u0119dziora, Karolina Komasa, Kamila Kobierzy\u0144ska, Maciej Koz\u0142owski, Katarzyna Klich, Ewa Kubiak, Katarzyna Kujawska-Murphy, Maciej Kurak, Ewa Kulesza, Hanna \u0141uczak, Janusz Marciniak, Paul Magee, Anahita Razmi, Sonia Rammer, Magda Starska, Sebastian Trzoska, Anna Tyczy\u0144ska, Veronika Witte, Marc Tobias Winterhagen<\/p>\n<p>Kuratiert von Prof. Dr. Marta Smoli\u0144ska und Dr. Ralf F. Hartmann<br \/><br \/><\/p>\n<p>Mit freundlicher Unterst\u00fczung der Stiftung f\u00fcr deutsch-polnische Zusammenarbeit und des Adam Mickiewicz Instituts.<br \/><br \/><img loading=\"lazy\" decoding=\"async\" class=\"alignnone  wp-image-12297\" src=\"https:\/\/instytutpolski.pl\/berlin\/wp-content\/uploads\/sites\/3\/2026\/04\/Zrzut-ekranu-2026-04-30-131011-300x62.png\" alt=\"\" width=\"416\" height=\"86\" srcset=\"https:\/\/instytutpolski.pl\/berlin\/wp-content\/uploads\/sites\/3\/2026\/04\/Zrzut-ekranu-2026-04-30-131011-300x62.png 300w, https:\/\/instytutpolski.pl\/berlin\/wp-content\/uploads\/sites\/3\/2026\/04\/Zrzut-ekranu-2026-04-30-131011.png 555w\" sizes=\"auto, (max-width: 416px) 100vw, 416px\" \/><\/p>\n<p><br \/>[Foto: Anna Tyczy\u0144ska, ohne Titel, 2009.]<br \/><br \/><br \/><\/p>\n\n\n\n\n\n<p>Weitere Infos: <a href=\"https:\/\/www.zitadelle-berlin.de\/ev_exhibition\/bedrohung-zagrozenie-menace\">https:\/\/www.zitadelle-berlin.de\/ev_exhibition\/bedrohung-zagrozenie-menace<\/a><\/p>\n","protected":false},"excerpt":{"rendered":"<p>Er\u00f6ffnung: Freitag 29.05., 19.00 Uhr Begr\u00fc\u00dfung:Dr. Carola Br\u00fcckner, Bezirksstadtr\u00e4tin f\u00fcr Kultur &amp; Dr. Ralf F. Hartmann, K\u00fcnstlerische Leitung ZAK Es sprechen:Prof. Dr. Maciej Kurak, Rektor Kunstuniversit\u00e4t Pozna\u0144 &amp;\u00a0 Prof. Dr. Marta Smoli\u0144ska Das best\u00e4ndige Gef\u00fchl von multiplen existenziellen Bedrohungen ist ein zentrales Symptom unserer gesellschaftlichen Gegenwart. Bedrohungen artikulieren sich ganz unmittelbar in der Wahrnehmung des [&hellip;]<\/p>\n","protected":false},"author":78,"featured_media":12294,"comment_status":"open","ping_status":"open","sticky":true,"template":"","format":"standard","meta":{"inline_featured_image":false,"_monsterinsights_skip_tracking":false,"_monsterinsights_sitenote_active":false,"_monsterinsights_sitenote_note":"","_monsterinsights_sitenote_category":0,"footnotes":""},"categories":[16,10],"tags":[111,324],"class_list":["post-12293","post","type-post","status-publish","format-standard","has-post-thumbnail","hentry","category-ausstellung","category-programm","tag-ausstellung","tag-programm-de"],"yoast_head":"<!-- This site is optimized with the Yoast SEO plugin v24.6 - https:\/\/yoast.com\/wordpress\/plugins\/seo\/ -->\n<title>Bedrohung \/ Zagro\u017cenie \/ Menace - Instytut Polski w Berlinie<\/title>\n<meta name=\"robots\" content=\"index, follow, max-snippet:-1, max-image-preview:large, max-video-preview:-1\" \/>\n<link rel=\"canonical\" href=\"https:\/\/instytutpolski.pl\/berlin\/2026\/04\/30\/bedrohung-zagrozenie-menace\/\" \/>\n<meta property=\"og:locale\" content=\"pl_PL\" \/>\n<meta property=\"og:type\" content=\"article\" \/>\n<meta property=\"og:title\" content=\"Bedrohung \/ Zagro\u017cenie \/ Menace - Instytut Polski w Berlinie\" \/>\n<meta property=\"og:description\" content=\"Er\u00f6ffnung: Freitag 29.05., 19.00 Uhr Begr\u00fc\u00dfung:Dr. Carola Br\u00fcckner, Bezirksstadtr\u00e4tin f\u00fcr Kultur &amp; Dr. Ralf F. Hartmann, K\u00fcnstlerische Leitung ZAK Es sprechen:Prof. Dr. Maciej Kurak, Rektor Kunstuniversit\u00e4t Pozna\u0144 &amp;\u00a0 Prof. Dr. Marta Smoli\u0144ska Das best\u00e4ndige Gef\u00fchl von multiplen existenziellen Bedrohungen ist ein zentrales Symptom unserer gesellschaftlichen Gegenwart. Bedrohungen artikulieren sich ganz unmittelbar in der Wahrnehmung des [&hellip;]\" \/>\n<meta property=\"og:url\" content=\"https:\/\/instytutpolski.pl\/berlin\/2026\/04\/30\/bedrohung-zagrozenie-menace\/\" \/>\n<meta property=\"og:site_name\" content=\"Instytut Polski w Berlinie\" \/>\n<meta property=\"article:published_time\" content=\"2026-04-30T11:09:48+00:00\" \/>\n<meta property=\"article:modified_time\" content=\"2026-04-30T11:11:12+00:00\" \/>\n<meta property=\"og:image\" content=\"https:\/\/instytutpolski.pl\/berlin\/wp-content\/uploads\/sites\/3\/2026\/04\/Titelmotiv-placzaca1-wydruk-2009-1024x759-1.jpg\" \/>\n\t<meta property=\"og:image:width\" content=\"1024\" \/>\n\t<meta property=\"og:image:height\" content=\"759\" \/>\n\t<meta property=\"og:image:type\" content=\"image\/jpeg\" \/>\n<meta name=\"author\" content=\"mw\" \/>\n<meta name=\"twitter:card\" content=\"summary_large_image\" \/>\n<meta name=\"twitter:label1\" content=\"Napisane przez\" \/>\n\t<meta name=\"twitter:data1\" content=\"mw\" \/>\n\t<meta name=\"twitter:label2\" content=\"Szacowany czas czytania\" \/>\n\t<meta name=\"twitter:data2\" content=\"2 minuty\" \/>\n<script type=\"application\/ld+json\" class=\"yoast-schema-graph\">{\"@context\":\"https:\/\/schema.org\",\"@graph\":[{\"@type\":\"event\",\"@id\":\"https:\/\/instytutpolski.pl\/berlin\/2026\/04\/30\/bedrohung-zagrozenie-menace\/\",\"url\":\"https:\/\/instytutpolski.pl\/berlin\/2026\/04\/30\/bedrohung-zagrozenie-menace\/\",\"name\":\"Bedrohung \/ Zagro\u017cenie \/ Menace\",\"isPartOf\":{\"@id\":\"https:\/\/instytutpolski.pl\/berlin\/#website\"},\"primaryImageOfPage\":{\"@id\":\"https:\/\/instytutpolski.pl\/berlin\/2026\/04\/30\/bedrohung-zagrozenie-menace\/#primaryimage\"},\"image\":[\"https:\/\/instytutpolski.pl\/berlin\/wp-content\/uploads\/sites\/3\/2026\/04\/Titelmotiv-placzaca1-wydruk-2009-1024x759-1.jpg\",\"https:\/\/instytutpolski.pl\/berlin\/wp-content\/uploads\/sites\/3\/2026\/04\/Titelmotiv-placzaca1-wydruk-2009-1024x759-1-300x222.jpg\",\"https:\/\/instytutpolski.pl\/berlin\/wp-content\/uploads\/sites\/3\/2026\/04\/Titelmotiv-placzaca1-wydruk-2009-1024x759-1.jpg\",\"https:\/\/instytutpolski.pl\/berlin\/wp-content\/uploads\/sites\/3\/2026\/04\/Titelmotiv-placzaca1-wydruk-2009-1024x759-1.jpg\"],\"thumbnailUrl\":\"https:\/\/instytutpolski.pl\/berlin\/wp-content\/uploads\/sites\/3\/2026\/04\/Titelmotiv-placzaca1-wydruk-2009-1024x759-1.jpg\",\"datePublished\":\"2026-04-30T11:09:48+02:00\",\"dateModified\":\"2026-04-30T11:11:12+02:00\",\"author\":{\"@id\":\"https:\/\/instytutpolski.pl\/berlin\/#\/schema\/person\/3343fb63f02034c515fcf9c00d8ad9e4\"},\"breadcrumb\":{\"@id\":\"https:\/\/instytutpolski.pl\/berlin\/2026\/04\/30\/bedrohung-zagrozenie-menace\/#breadcrumb\"},\"inLanguage\":\"pl-PL\",\"potentialAction\":[{\"@type\":\"ReadAction\",\"target\":[\"https:\/\/instytutpolski.pl\/berlin\/2026\/04\/30\/bedrohung-zagrozenie-menace\/\"]}],\"@context\":\"https:\/\/schema.org\",\"startDate\":\"2026-05-29\",\"endDate\":\"2026-08-23\",\"eventStatus\":\"EventScheduled\",\"eventAttendanceMode\":\"OfflineEventAttendanceMode\",\"location\":{\"@type\":\"place\",\"name\":\"\",\"address\":\"\",\"geo\":{\"@type\":\"GeoCoordinates\",\"latitude\":\"\",\"longitude\":\"\"}},\"description\":\"Er\u00f6ffnung: Freitag 29.05., 19.00 Uhr\\nBegr\u00fc\u00dfung:Dr. Carola Br\u00fcckner, Bezirksstadtr\u00e4tin f\u00fcr Kultur &amp; Dr. Ralf F. Hartmann, K\u00fcnstlerische Leitung ZAK\\nEs sprechen:Prof. Dr. Maciej Kurak, Rektor Kunstuniversit\u00e4t Pozna\u0144 &amp;\u00a0 Prof. Dr. Marta Smoli\u0144ska\\nDas best\u00e4ndige Gef\u00fchl von multiplen existenziellen Bedrohungen ist ein zentrales Symptom unserer gesellschaftlichen Gegenwart. Bedrohungen artikulieren sich ganz unmittelbar in der Wahrnehmung des Individuums, sie werden aber auch medial kommuniziert und bestimmen so die kollektive Sensibilisierung ganzer Gemeinschaften. Die zeitgen\u00f6ssische Kunst fungiert h\u00e4ufig wie ein Seismograph, der mit unglaublicher Sensibilit\u00e4t die \u201eSchwingungen\u201d aller Arten von Gefahren und Bedrohungen registriert. Sowohl ganz konkret greifbar, als auch nur vermittelt sp\u00fcrbar. Wie analysieren K\u00fcnstlerinnen und K\u00fcnstler aus den Nachbarl\u00e4ndern Deutschland und Polen \u00e4hnliche Bedrohungen? Wie reagieren sie darauf, wie verarbeiten sie sie, welche Strategien der Resilienz bzw. direkten Antwort entwickeln sie?\\nIn einem Spannungsfeld zwischen akuter und gef\u00fchlter Bedrohung, zwischen Erfahrung und Angst bewegen sich die k\u00fcnstlerischen Beitr\u00e4ge zu der deutsch-polnischen Ausstellung, die ma\u00dfgeblich Lehrende der Magdalena-Abakanowicz- Kunstuniversit\u00e4t in Pozna\u0144 und Berliner G\u00e4ste gemeinsam vorstellt.\\nNatalia Brandt, Zehra Do\u011fan, Nezaket Ekici, Diana Fiedler, Adam Gillert, Joanna Hoffmann, Anna K\u0119dziora, Karolina Komasa, Kamila Kobierzy\u0144ska, Maciej Koz\u0142owski, Katarzyna Klich, Ewa Kubiak, Katarzyna Kujawska-Murphy, Maciej Kurak, Ewa Kulesza, Hanna \u0141uczak, Janusz Marciniak, Paul Magee, Anahita Razmi, Sonia Rammer, Magda Starska, Sebastian Trzoska, Anna Tyczy\u0144ska, Veronika Witte, Marc Tobias Winterhagen\\nKuratiert von Prof. Dr. Marta Smoli\u0144ska und Dr. Ralf F. Hartmann\\nMit freundlicher Unterst\u00fczung der Stiftung f\u00fcr deutsch-polnische Zusammenarbeit und des Adam Mickiewicz Instituts.\\n[Foto: Anna Tyczy\u0144ska, ohne Titel, 2009.]\\nWeitere Infos: https:\/\/www.zitadelle-berlin.de\/ev_exhibition\/bedrohung-zagrozenie-menace\"},{\"@type\":\"ImageObject\",\"inLanguage\":\"pl-PL\",\"@id\":\"https:\/\/instytutpolski.pl\/berlin\/2026\/04\/30\/bedrohung-zagrozenie-menace\/#primaryimage\",\"url\":\"https:\/\/instytutpolski.pl\/berlin\/wp-content\/uploads\/sites\/3\/2026\/04\/Titelmotiv-placzaca1-wydruk-2009-1024x759-1.jpg\",\"contentUrl\":\"https:\/\/instytutpolski.pl\/berlin\/wp-content\/uploads\/sites\/3\/2026\/04\/Titelmotiv-placzaca1-wydruk-2009-1024x759-1.jpg\",\"width\":1024,\"height\":759},{\"@type\":\"BreadcrumbList\",\"@id\":\"https:\/\/instytutpolski.pl\/berlin\/2026\/04\/30\/bedrohung-zagrozenie-menace\/#breadcrumb\",\"itemListElement\":[{\"@type\":\"ListItem\",\"position\":1,\"name\":\"Home\",\"item\":\"https:\/\/instytutpolski.pl\/berlin\/\"},{\"@type\":\"ListItem\",\"position\":2,\"name\":\"Bedrohung \/ Zagro\u017cenie \/ Menace\"}]},{\"@type\":\"WebSite\",\"@id\":\"https:\/\/instytutpolski.pl\/berlin\/#website\",\"url\":\"https:\/\/instytutpolski.pl\/berlin\/\",\"name\":\"Instytut Polski w Berlinie\",\"description\":\"Instytuty Polskie\",\"potentialAction\":[{\"@type\":\"SearchAction\",\"target\":{\"@type\":\"EntryPoint\",\"urlTemplate\":\"https:\/\/instytutpolski.pl\/berlin\/?s={search_term_string}\"},\"query-input\":{\"@type\":\"PropertyValueSpecification\",\"valueRequired\":true,\"valueName\":\"search_term_string\"}}],\"inLanguage\":\"pl-PL\"},{\"@type\":\"Person\",\"@id\":\"https:\/\/instytutpolski.pl\/berlin\/#\/schema\/person\/3343fb63f02034c515fcf9c00d8ad9e4\",\"name\":\"mw\",\"image\":{\"@type\":\"ImageObject\",\"inLanguage\":\"pl-PL\",\"@id\":\"https:\/\/instytutpolski.pl\/berlin\/#\/schema\/person\/image\/\",\"url\":\"https:\/\/secure.gravatar.com\/avatar\/5a4eeb726e07f96e3a3a64f932124c40?s=96&d=mm&r=g\",\"contentUrl\":\"https:\/\/secure.gravatar.com\/avatar\/5a4eeb726e07f96e3a3a64f932124c40?s=96&d=mm&r=g\",\"caption\":\"mw\"},\"url\":\"https:\/\/instytutpolski.pl\/berlin\/author\/witkowskam\/\"}]}<\/script>\n<!-- \/ Yoast SEO plugin. -->","yoast_head_json":{"title":"Bedrohung \/ Zagro\u017cenie \/ Menace - Instytut Polski w Berlinie","robots":{"index":"index","follow":"follow","max-snippet":"max-snippet:-1","max-image-preview":"max-image-preview:large","max-video-preview":"max-video-preview:-1"},"canonical":"https:\/\/instytutpolski.pl\/berlin\/2026\/04\/30\/bedrohung-zagrozenie-menace\/","og_locale":"pl_PL","og_type":"article","og_title":"Bedrohung \/ Zagro\u017cenie \/ Menace - Instytut Polski w Berlinie","og_description":"Er\u00f6ffnung: Freitag 29.05., 19.00 Uhr Begr\u00fc\u00dfung:Dr. Carola Br\u00fcckner, Bezirksstadtr\u00e4tin f\u00fcr Kultur &amp; Dr. Ralf F. Hartmann, K\u00fcnstlerische Leitung ZAK Es sprechen:Prof. Dr. Maciej Kurak, Rektor Kunstuniversit\u00e4t Pozna\u0144 &amp;\u00a0 Prof. Dr. Marta Smoli\u0144ska Das best\u00e4ndige Gef\u00fchl von multiplen existenziellen Bedrohungen ist ein zentrales Symptom unserer gesellschaftlichen Gegenwart. Bedrohungen artikulieren sich ganz unmittelbar in der Wahrnehmung des [&hellip;]","og_url":"https:\/\/instytutpolski.pl\/berlin\/2026\/04\/30\/bedrohung-zagrozenie-menace\/","og_site_name":"Instytut Polski w Berlinie","article_published_time":"2026-04-30T11:09:48+00:00","article_modified_time":"2026-04-30T11:11:12+00:00","og_image":[{"width":1024,"height":759,"url":"https:\/\/instytutpolski.pl\/berlin\/wp-content\/uploads\/sites\/3\/2026\/04\/Titelmotiv-placzaca1-wydruk-2009-1024x759-1.jpg","type":"image\/jpeg"}],"author":"mw","twitter_card":"summary_large_image","twitter_misc":{"Napisane przez":"mw","Szacowany czas czytania":"2 minuty"},"schema":{"@context":"https:\/\/schema.org","@graph":[{"@type":"event","@id":"https:\/\/instytutpolski.pl\/berlin\/2026\/04\/30\/bedrohung-zagrozenie-menace\/","url":"https:\/\/instytutpolski.pl\/berlin\/2026\/04\/30\/bedrohung-zagrozenie-menace\/","name":"Bedrohung \/ Zagro\u017cenie \/ Menace","isPartOf":{"@id":"https:\/\/instytutpolski.pl\/berlin\/#website"},"primaryImageOfPage":{"@id":"https:\/\/instytutpolski.pl\/berlin\/2026\/04\/30\/bedrohung-zagrozenie-menace\/#primaryimage"},"image":["https:\/\/instytutpolski.pl\/berlin\/wp-content\/uploads\/sites\/3\/2026\/04\/Titelmotiv-placzaca1-wydruk-2009-1024x759-1.jpg","https:\/\/instytutpolski.pl\/berlin\/wp-content\/uploads\/sites\/3\/2026\/04\/Titelmotiv-placzaca1-wydruk-2009-1024x759-1-300x222.jpg","https:\/\/instytutpolski.pl\/berlin\/wp-content\/uploads\/sites\/3\/2026\/04\/Titelmotiv-placzaca1-wydruk-2009-1024x759-1.jpg","https:\/\/instytutpolski.pl\/berlin\/wp-content\/uploads\/sites\/3\/2026\/04\/Titelmotiv-placzaca1-wydruk-2009-1024x759-1.jpg"],"thumbnailUrl":"https:\/\/instytutpolski.pl\/berlin\/wp-content\/uploads\/sites\/3\/2026\/04\/Titelmotiv-placzaca1-wydruk-2009-1024x759-1.jpg","datePublished":"2026-04-30T11:09:48+02:00","dateModified":"2026-04-30T11:11:12+02:00","author":{"@id":"https:\/\/instytutpolski.pl\/berlin\/#\/schema\/person\/3343fb63f02034c515fcf9c00d8ad9e4"},"breadcrumb":{"@id":"https:\/\/instytutpolski.pl\/berlin\/2026\/04\/30\/bedrohung-zagrozenie-menace\/#breadcrumb"},"inLanguage":"pl-PL","potentialAction":[{"@type":"ReadAction","target":["https:\/\/instytutpolski.pl\/berlin\/2026\/04\/30\/bedrohung-zagrozenie-menace\/"]}],"@context":"https:\/\/schema.org","startDate":"2026-05-29","endDate":"2026-08-23","eventStatus":"EventScheduled","eventAttendanceMode":"OfflineEventAttendanceMode","location":{"@type":"place","name":"","address":"","geo":{"@type":"GeoCoordinates","latitude":"","longitude":""}},"description":"Er\u00f6ffnung: Freitag 29.05., 19.00 Uhr\nBegr\u00fc\u00dfung:Dr. Carola Br\u00fcckner, Bezirksstadtr\u00e4tin f\u00fcr Kultur &amp; Dr. Ralf F. Hartmann, K\u00fcnstlerische Leitung ZAK\nEs sprechen:Prof. Dr. Maciej Kurak, Rektor Kunstuniversit\u00e4t Pozna\u0144 &amp;\u00a0 Prof. Dr. Marta Smoli\u0144ska\nDas best\u00e4ndige Gef\u00fchl von multiplen existenziellen Bedrohungen ist ein zentrales Symptom unserer gesellschaftlichen Gegenwart. Bedrohungen artikulieren sich ganz unmittelbar in der Wahrnehmung des Individuums, sie werden aber auch medial kommuniziert und bestimmen so die kollektive Sensibilisierung ganzer Gemeinschaften. Die zeitgen\u00f6ssische Kunst fungiert h\u00e4ufig wie ein Seismograph, der mit unglaublicher Sensibilit\u00e4t die \u201eSchwingungen\u201d aller Arten von Gefahren und Bedrohungen registriert. Sowohl ganz konkret greifbar, als auch nur vermittelt sp\u00fcrbar. Wie analysieren K\u00fcnstlerinnen und K\u00fcnstler aus den Nachbarl\u00e4ndern Deutschland und Polen \u00e4hnliche Bedrohungen? Wie reagieren sie darauf, wie verarbeiten sie sie, welche Strategien der Resilienz bzw. direkten Antwort entwickeln sie?\nIn einem Spannungsfeld zwischen akuter und gef\u00fchlter Bedrohung, zwischen Erfahrung und Angst bewegen sich die k\u00fcnstlerischen Beitr\u00e4ge zu der deutsch-polnischen Ausstellung, die ma\u00dfgeblich Lehrende der Magdalena-Abakanowicz- Kunstuniversit\u00e4t in Pozna\u0144 und Berliner G\u00e4ste gemeinsam vorstellt.\nNatalia Brandt, Zehra Do\u011fan, Nezaket Ekici, Diana Fiedler, Adam Gillert, Joanna Hoffmann, Anna K\u0119dziora, Karolina Komasa, Kamila Kobierzy\u0144ska, Maciej Koz\u0142owski, Katarzyna Klich, Ewa Kubiak, Katarzyna Kujawska-Murphy, Maciej Kurak, Ewa Kulesza, Hanna \u0141uczak, Janusz Marciniak, Paul Magee, Anahita Razmi, Sonia Rammer, Magda Starska, Sebastian Trzoska, Anna Tyczy\u0144ska, Veronika Witte, Marc Tobias Winterhagen\nKuratiert von Prof. Dr. Marta Smoli\u0144ska und Dr. Ralf F. Hartmann\nMit freundlicher Unterst\u00fczung der Stiftung f\u00fcr deutsch-polnische Zusammenarbeit und des Adam Mickiewicz Instituts.\n[Foto: Anna Tyczy\u0144ska, ohne Titel, 2009.]\nWeitere Infos: https:\/\/www.zitadelle-berlin.de\/ev_exhibition\/bedrohung-zagrozenie-menace"},{"@type":"ImageObject","inLanguage":"pl-PL","@id":"https:\/\/instytutpolski.pl\/berlin\/2026\/04\/30\/bedrohung-zagrozenie-menace\/#primaryimage","url":"https:\/\/instytutpolski.pl\/berlin\/wp-content\/uploads\/sites\/3\/2026\/04\/Titelmotiv-placzaca1-wydruk-2009-1024x759-1.jpg","contentUrl":"https:\/\/instytutpolski.pl\/berlin\/wp-content\/uploads\/sites\/3\/2026\/04\/Titelmotiv-placzaca1-wydruk-2009-1024x759-1.jpg","width":1024,"height":759},{"@type":"BreadcrumbList","@id":"https:\/\/instytutpolski.pl\/berlin\/2026\/04\/30\/bedrohung-zagrozenie-menace\/#breadcrumb","itemListElement":[{"@type":"ListItem","position":1,"name":"Home","item":"https:\/\/instytutpolski.pl\/berlin\/"},{"@type":"ListItem","position":2,"name":"Bedrohung \/ Zagro\u017cenie \/ Menace"}]},{"@type":"WebSite","@id":"https:\/\/instytutpolski.pl\/berlin\/#website","url":"https:\/\/instytutpolski.pl\/berlin\/","name":"Instytut Polski w Berlinie","description":"Instytuty Polskie","potentialAction":[{"@type":"SearchAction","target":{"@type":"EntryPoint","urlTemplate":"https:\/\/instytutpolski.pl\/berlin\/?s={search_term_string}"},"query-input":{"@type":"PropertyValueSpecification","valueRequired":true,"valueName":"search_term_string"}}],"inLanguage":"pl-PL"},{"@type":"Person","@id":"https:\/\/instytutpolski.pl\/berlin\/#\/schema\/person\/3343fb63f02034c515fcf9c00d8ad9e4","name":"mw","image":{"@type":"ImageObject","inLanguage":"pl-PL","@id":"https:\/\/instytutpolski.pl\/berlin\/#\/schema\/person\/image\/","url":"https:\/\/secure.gravatar.com\/avatar\/5a4eeb726e07f96e3a3a64f932124c40?s=96&d=mm&r=g","contentUrl":"https:\/\/secure.gravatar.com\/avatar\/5a4eeb726e07f96e3a3a64f932124c40?s=96&d=mm&r=g","caption":"mw"},"url":"https:\/\/instytutpolski.pl\/berlin\/author\/witkowskam\/"}]}},"_links":{"self":[{"href":"https:\/\/instytutpolski.pl\/berlin\/wp-json\/wp\/v2\/posts\/12293","targetHints":{"allow":["GET"]}}],"collection":[{"href":"https:\/\/instytutpolski.pl\/berlin\/wp-json\/wp\/v2\/posts"}],"about":[{"href":"https:\/\/instytutpolski.pl\/berlin\/wp-json\/wp\/v2\/types\/post"}],"author":[{"embeddable":true,"href":"https:\/\/instytutpolski.pl\/berlin\/wp-json\/wp\/v2\/users\/78"}],"replies":[{"embeddable":true,"href":"https:\/\/instytutpolski.pl\/berlin\/wp-json\/wp\/v2\/comments?post=12293"}],"version-history":[{"count":4,"href":"https:\/\/instytutpolski.pl\/berlin\/wp-json\/wp\/v2\/posts\/12293\/revisions"}],"predecessor-version":[{"id":12300,"href":"https:\/\/instytutpolski.pl\/berlin\/wp-json\/wp\/v2\/posts\/12293\/revisions\/12300"}],"wp:featuredmedia":[{"embeddable":true,"href":"https:\/\/instytutpolski.pl\/berlin\/wp-json\/wp\/v2\/media\/12294"}],"wp:attachment":[{"href":"https:\/\/instytutpolski.pl\/berlin\/wp-json\/wp\/v2\/media?parent=12293"}],"wp:term":[{"taxonomy":"category","embeddable":true,"href":"https:\/\/instytutpolski.pl\/berlin\/wp-json\/wp\/v2\/categories?post=12293"},{"taxonomy":"post_tag","embeddable":true,"href":"https:\/\/instytutpolski.pl\/berlin\/wp-json\/wp\/v2\/tags?post=12293"}],"curies":[{"name":"wp","href":"https:\/\/api.w.org\/{rel}","templated":true}]}}