{"id":12977,"date":"2026-08-13T09:00:00","date_gmt":"2026-08-13T07:00:00","guid":{"rendered":"https:\/\/instytutpolski.pl\/berlin\/?p=12977"},"modified":"2026-09-02T16:50:32","modified_gmt":"2026-09-02T14:50:32","slug":"filmpolska-party-mit-oramics","status":"publish","type":"post","link":"https:\/\/instytutpolski.pl\/berlin\/2026\/08\/13\/filmpolska-party-mit-oramics\/","title":{"rendered":"filmPOLSKA-Party mit Oramics, nuarrrrr &amp; Ksenia K"},"content":{"rendered":"\n<div class=\"x14z9mp xat24cr x1lziwak x1vvkbs xtlvy1s x126k92a\">\n<div dir=\"auto\">\n<p>an den Decks:<br \/><strong><a href=\"https:\/\/www.instagram.com\/halina.world\/\">Halina World<\/a><\/strong> (House) &amp; <strong><a href=\"https:\/\/www.instagram.com\/molimonsterr\/\">Monster<\/a><\/strong> (Techno\/Trance) aus Warschau<br \/><strong><a href=\"https:\/\/www.instagram.com\/nuarrrrrrrrr\/\">nuarrrrr<\/a><\/strong> (House) &amp; <strong><a href=\"https:\/\/www.instagram.com\/nuarrrrrrrrr\/\">Ksenia K<\/a><\/strong> (Deep House\/Minimal) aus Berlin<\/p>\n<p>Oramics ist eine 2017 gegr\u00fcndete feministische K\u00fcnstler*innenplattform, die sich zum Ziel gesetzt hat, sowohl Frauen als auch queere und nicht-bin\u00e4re Menschen in der elektronischen Musikszene zu f\u00f6rdern. Das Kollektiv bietet regional unterrepr\u00e4sentierten K\u00fcnstler*innen ein Podium, verschafft Vertreter*innen der mittel-\/osteurop\u00e4ischen Elektro-Musikszene Geh\u00f6r und bem\u00fcht sich darum, Ungleichheiten in der Branche zu benennen sowie auszugleichen. Der Name bezieht sich auf die Elektro-Pionierin <a href=\"https:\/\/de.wikipedia.org\/wiki\/Daphne_Oram\">Daphne Oram<\/a> (1925\u20132003), die als erste Frau ein elektronisches Musikinstrument konstruierte.<\/p>\n\n\t\t<style type=\"text\/css\">\n\t\t\t#gallery-1 {\n\t\t\t\tmargin: auto;\n\t\t\t}\n\t\t\t#gallery-1 .gallery-item {\n\t\t\t\tfloat: left;\n\t\t\t\tmargin-top: 10px;\n\t\t\t\ttext-align: center;\n\t\t\t\twidth: 50%;\n\t\t\t}\n\t\t\t#gallery-1 img {\n\t\t\t\tborder: 2px solid #cfcfcf;\n\t\t\t}\n\t\t\t#gallery-1 .gallery-caption {\n\t\t\t\tmargin-left: 0;\n\t\t\t}\n\t\t\t\/* see gallery_shortcode() in wp-includes\/media.php *\/\n\t\t<\/style>\n\t\t<div id='gallery-1' class='gallery galleryid-12977 gallery-columns-2 gallery-size-large'><dl class='gallery-item'>\n\t\t\t<dt class='gallery-icon portrait'>\n\t\t\t\t<a href='https:\/\/instytutpolski.pl\/berlin\/wp-content\/uploads\/sites\/3\/2026\/08\/2026-09-12-filmPOLSKA-Party-DJ-Halina-World-1_quadrat.jpg'><img loading=\"lazy\" decoding=\"async\" width=\"1024\" height=\"1024\" src=\"https:\/\/instytutpolski.pl\/berlin\/wp-content\/uploads\/sites\/3\/2026\/08\/2026-09-12-filmPOLSKA-Party-DJ-Halina-World-1_quadrat-1024x1024.jpg\" class=\"attachment-large size-large\" alt=\"\" aria-describedby=\"gallery-1-13694\" srcset=\"https:\/\/instytutpolski.pl\/berlin\/wp-content\/uploads\/sites\/3\/2026\/08\/2026-09-12-filmPOLSKA-Party-DJ-Halina-World-1_quadrat-1024x1024.jpg 1024w, https:\/\/instytutpolski.pl\/berlin\/wp-content\/uploads\/sites\/3\/2026\/08\/2026-09-12-filmPOLSKA-Party-DJ-Halina-World-1_quadrat-300x300.jpg 300w, https:\/\/instytutpolski.pl\/berlin\/wp-content\/uploads\/sites\/3\/2026\/08\/2026-09-12-filmPOLSKA-Party-DJ-Halina-World-1_quadrat-150x150.jpg 150w, https:\/\/instytutpolski.pl\/berlin\/wp-content\/uploads\/sites\/3\/2026\/08\/2026-09-12-filmPOLSKA-Party-DJ-Halina-World-1_quadrat-768x769.jpg 768w, https:\/\/instytutpolski.pl\/berlin\/wp-content\/uploads\/sites\/3\/2026\/08\/2026-09-12-filmPOLSKA-Party-DJ-Halina-World-1_quadrat.jpg 1500w\" sizes=\"auto, (max-width: 1024px) 100vw, 1024px\" \/><\/a>\n\t\t\t<\/dt>\n\t\t\t\t<dd class='wp-caption-text gallery-caption' id='gallery-1-13694'>\n\t\t\t\tDJ Halina World (Oramics)\n\t\t\t\t<\/dd><\/dl><dl class='gallery-item'>\n\t\t\t<dt class='gallery-icon portrait'>\n\t\t\t\t<a href='https:\/\/instytutpolski.pl\/berlin\/wp-content\/uploads\/sites\/3\/2026\/08\/2026-09-12-filmPOLSKA-Party-DJ-Monster_quadrat.jpg'><img loading=\"lazy\" decoding=\"async\" width=\"1024\" height=\"1024\" src=\"https:\/\/instytutpolski.pl\/berlin\/wp-content\/uploads\/sites\/3\/2026\/08\/2026-09-12-filmPOLSKA-Party-DJ-Monster_quadrat-1024x1024.jpg\" class=\"attachment-large size-large\" alt=\"\" aria-describedby=\"gallery-1-13696\" srcset=\"https:\/\/instytutpolski.pl\/berlin\/wp-content\/uploads\/sites\/3\/2026\/08\/2026-09-12-filmPOLSKA-Party-DJ-Monster_quadrat-1024x1024.jpg 1024w, https:\/\/instytutpolski.pl\/berlin\/wp-content\/uploads\/sites\/3\/2026\/08\/2026-09-12-filmPOLSKA-Party-DJ-Monster_quadrat-300x300.jpg 300w, https:\/\/instytutpolski.pl\/berlin\/wp-content\/uploads\/sites\/3\/2026\/08\/2026-09-12-filmPOLSKA-Party-DJ-Monster_quadrat-150x150.jpg 150w, https:\/\/instytutpolski.pl\/berlin\/wp-content\/uploads\/sites\/3\/2026\/08\/2026-09-12-filmPOLSKA-Party-DJ-Monster_quadrat-768x769.jpg 768w, https:\/\/instytutpolski.pl\/berlin\/wp-content\/uploads\/sites\/3\/2026\/08\/2026-09-12-filmPOLSKA-Party-DJ-Monster_quadrat.jpg 1500w\" sizes=\"auto, (max-width: 1024px) 100vw, 1024px\" \/><\/a>\n\t\t\t<\/dt>\n\t\t\t\t<dd class='wp-caption-text gallery-caption' id='gallery-1-13696'>\n\t\t\t\tDJ Monster (Oramics)\n\t\t\t\t<\/dd><\/dl><br style=\"clear: both\" \/>\n\t\t<\/div>\n\n<p>Oramics erstellt und ver\u00f6ffentlicht Compilations f\u00fcr wohlt\u00e4tige Zwecke, organisiert Workshops zu Musikproduktion und DJing sowie Veranstaltungen f\u00fcr zeitgen\u00f6ssische elektronische Musik in Polen und im Ausland (u.\u00a0a. Deutschland, den Niederlanden und Gro\u00dfbritannien). Au\u00dferdem setzt sich Oramics in Diskussionen kritisch mit der Musikindustrie als Schnittstelle von Genderfragen, Politik und Kunst auseinander. Zur bunten Oramics-Familie geh\u00f6ren die Acts Monster, Id\u0119 Na, Halina World, Mala Herba und ISNT.<\/p>\n\n\t\t<style type=\"text\/css\">\n\t\t\t#gallery-2 {\n\t\t\t\tmargin: auto;\n\t\t\t}\n\t\t\t#gallery-2 .gallery-item {\n\t\t\t\tfloat: left;\n\t\t\t\tmargin-top: 10px;\n\t\t\t\ttext-align: center;\n\t\t\t\twidth: 50%;\n\t\t\t}\n\t\t\t#gallery-2 img {\n\t\t\t\tborder: 2px solid #cfcfcf;\n\t\t\t}\n\t\t\t#gallery-2 .gallery-caption {\n\t\t\t\tmargin-left: 0;\n\t\t\t}\n\t\t\t\/* see gallery_shortcode() in wp-includes\/media.php *\/\n\t\t<\/style>\n\t\t<div id='gallery-2' class='gallery galleryid-12977 gallery-columns-2 gallery-size-large'><dl class='gallery-item'>\n\t\t\t<dt class='gallery-icon landscape'>\n\t\t\t\t<a href='https:\/\/instytutpolski.pl\/berlin\/wp-content\/uploads\/sites\/3\/2026\/08\/2026-09-12-filmPOLSKA-Party-DJ-nuarrrrr-3_quadrat.jpg'><img loading=\"lazy\" decoding=\"async\" width=\"1024\" height=\"1024\" src=\"https:\/\/instytutpolski.pl\/berlin\/wp-content\/uploads\/sites\/3\/2026\/08\/2026-09-12-filmPOLSKA-Party-DJ-nuarrrrr-3_quadrat-1024x1024.jpg\" class=\"attachment-large size-large\" alt=\"\" aria-describedby=\"gallery-2-13697\" srcset=\"https:\/\/instytutpolski.pl\/berlin\/wp-content\/uploads\/sites\/3\/2026\/08\/2026-09-12-filmPOLSKA-Party-DJ-nuarrrrr-3_quadrat-1024x1024.jpg 1024w, https:\/\/instytutpolski.pl\/berlin\/wp-content\/uploads\/sites\/3\/2026\/08\/2026-09-12-filmPOLSKA-Party-DJ-nuarrrrr-3_quadrat-300x300.jpg 300w, https:\/\/instytutpolski.pl\/berlin\/wp-content\/uploads\/sites\/3\/2026\/08\/2026-09-12-filmPOLSKA-Party-DJ-nuarrrrr-3_quadrat-150x150.jpg 150w, https:\/\/instytutpolski.pl\/berlin\/wp-content\/uploads\/sites\/3\/2026\/08\/2026-09-12-filmPOLSKA-Party-DJ-nuarrrrr-3_quadrat-768x768.jpg 768w, https:\/\/instytutpolski.pl\/berlin\/wp-content\/uploads\/sites\/3\/2026\/08\/2026-09-12-filmPOLSKA-Party-DJ-nuarrrrr-3_quadrat.jpg 1500w\" sizes=\"auto, (max-width: 1024px) 100vw, 1024px\" \/><\/a>\n\t\t\t<\/dt>\n\t\t\t\t<dd class='wp-caption-text gallery-caption' id='gallery-2-13697'>\n\t\t\t\tDJ nuarrrrr (Berlin)\n\t\t\t\t<\/dd><\/dl><dl class='gallery-item'>\n\t\t\t<dt class='gallery-icon portrait'>\n\t\t\t\t<a href='https:\/\/instytutpolski.pl\/berlin\/wp-content\/uploads\/sites\/3\/2026\/08\/2026-09-12-filmPOLSKA-Party-DJ-Ksenia-K-1_quadrat.jpg'><img loading=\"lazy\" decoding=\"async\" width=\"1024\" height=\"1024\" src=\"https:\/\/instytutpolski.pl\/berlin\/wp-content\/uploads\/sites\/3\/2026\/08\/2026-09-12-filmPOLSKA-Party-DJ-Ksenia-K-1_quadrat-1024x1024.jpg\" class=\"attachment-large size-large\" alt=\"\" aria-describedby=\"gallery-2-13695\" srcset=\"https:\/\/instytutpolski.pl\/berlin\/wp-content\/uploads\/sites\/3\/2026\/08\/2026-09-12-filmPOLSKA-Party-DJ-Ksenia-K-1_quadrat-1024x1024.jpg 1024w, https:\/\/instytutpolski.pl\/berlin\/wp-content\/uploads\/sites\/3\/2026\/08\/2026-09-12-filmPOLSKA-Party-DJ-Ksenia-K-1_quadrat-300x300.jpg 300w, https:\/\/instytutpolski.pl\/berlin\/wp-content\/uploads\/sites\/3\/2026\/08\/2026-09-12-filmPOLSKA-Party-DJ-Ksenia-K-1_quadrat-150x150.jpg 150w, https:\/\/instytutpolski.pl\/berlin\/wp-content\/uploads\/sites\/3\/2026\/08\/2026-09-12-filmPOLSKA-Party-DJ-Ksenia-K-1_quadrat-768x769.jpg 768w, https:\/\/instytutpolski.pl\/berlin\/wp-content\/uploads\/sites\/3\/2026\/08\/2026-09-12-filmPOLSKA-Party-DJ-Ksenia-K-1_quadrat.jpg 1500w\" sizes=\"auto, (max-width: 1024px) 100vw, 1024px\" \/><\/a>\n\t\t\t<\/dt>\n\t\t\t\t<dd class='wp-caption-text gallery-caption' id='gallery-2-13695'>\n\t\t\t\tDJ Ksenia K (Berlin)\n\t\t\t\t<\/dd><\/dl><br style=\"clear: both\" \/>\n\t\t<\/div>\n\n<p>Gemeinsam mit zwei Oramics-K\u00fcnstlerinnen aus Warschau werden die in der Ukraine geborenen und in Berlin lebenden Musiker*innen Sasha Senkin alias <strong>DJ nuarrrrr<\/strong> und Ksenia Kudryavets alias <strong>DJ Ksenia K<\/strong> die Tanzfl\u00e4che beschallen. <em>[Rainer Mende]<\/em><\/p>\n<\/div>\n<\/div>\n<p>Veranstaltung auf <a href=\"https:\/\/www.facebook.com\/events\/1422928606363728\/\">Facebook<\/a><strong><br \/>Info:<\/strong> <a href=\"https:\/\/www.facebook.com\/filmpolska.berlin\">facebook.com\/filmpolska.berlin<\/a>, <a href=\"https:\/\/oramics.pl\/\">oramics.pl<\/a>, <a href=\"https:\/\/www.instagram.com\/oramicspl\/\">instagram.com\/oramicspl<\/a><br \/><strong>Eintritt:<\/strong> frei<strong><br \/>Ort:<\/strong> 131 Bar, Chaussestr. 131A, 10115 Berlin<\/p>\n<p>\u00a0<\/p>\n<p><a href=\"https:\/\/oramics.pl\/\"><img loading=\"lazy\" decoding=\"async\" class=\"aligncenter wp-image-13685\" src=\"https:\/\/instytutpolski.pl\/berlin\/wp-content\/uploads\/sites\/3\/2026\/08\/Oramics-logo-3D.319-Mint-2_strona.jpg\" alt=\"\" width=\"1000\" height=\"538\" srcset=\"https:\/\/instytutpolski.pl\/berlin\/wp-content\/uploads\/sites\/3\/2026\/08\/Oramics-logo-3D.319-Mint-2_strona.jpg 1800w, https:\/\/instytutpolski.pl\/berlin\/wp-content\/uploads\/sites\/3\/2026\/08\/Oramics-logo-3D.319-Mint-2_strona-300x162.jpg 300w, https:\/\/instytutpolski.pl\/berlin\/wp-content\/uploads\/sites\/3\/2026\/08\/Oramics-logo-3D.319-Mint-2_strona-1024x551.jpg 1024w, https:\/\/instytutpolski.pl\/berlin\/wp-content\/uploads\/sites\/3\/2026\/08\/Oramics-logo-3D.319-Mint-2_strona-768x413.jpg 768w, https:\/\/instytutpolski.pl\/berlin\/wp-content\/uploads\/sites\/3\/2026\/08\/Oramics-logo-3D.319-Mint-2_strona-1536x827.jpg 1536w\" sizes=\"auto, (max-width: 1000px) 100vw, 1000px\" \/><\/a><\/p>\n<div class=\"x14z9mp xat24cr x1lziwak x1vvkbs xtlvy1s x126k92a\">\n<p>\u00a0<\/p>\n<hr \/><\/div>\n<p>\u00a0<\/p>\n<h4><strong>21. filmPOLSKA \u2013 Polnisches Filmfestival<\/strong><\/h4>\n<div class=\"x14z9mp xat24cr x1lziwak x1vvkbs xtlvy1s x126k92a\">\n<div dir=\"auto\">\n<p><strong><br \/>Veranstalter:<\/strong> Polnisches Institut Berlin, filmPOLSKA<\/p>\n<p><strong>Unterst\u00fctzer:<\/strong> <a href=\"https:\/\/iam.pl\/en\">Adam-Mickiewicz-Institut<\/a>, <a href=\"https:\/\/pisf.pl\/en\/\">Polski Instytut Sztuki Filmowej \/ Polish Film Institute<\/a>, <a href=\"https:\/\/www.gov.pl\/web\/kultura\">Ministerium f\u00fcr Kultur und Nationales Erbe der Republik Polen<\/a> aus dem Fond f\u00fcr Kulturf\u00f6rderung<\/p>\n<p><strong>Kooperationspartner:<\/strong> <a href=\"https:\/\/cineville.de\/de-DE\">Cineville<\/a>, <a href=\"https:\/\/www.dhm.de\/zeughauskino\/\">Deutsches Historisches Museum \/ Zeughauskino<\/a>, <a href=\"https:\/\/www.filmfestivalcottbus.de\/de\/\">FilmFestival Cottbus<\/a>, <a href=\"https:\/\/www.filmuniversitaet.de\/\">Filmuniversit\u00e4t Babelsberg KONRAD WOLF<\/a>, <a href=\"https:\/\/mdag.pl\/24\/en\/warszawa\/homepage\">Millenium Docs Against Gravity<\/a>, <a href=\"https:\/\/www.imdb.com\/name\/nm1178987\/\">Mokry Nos Psa<\/a>, <a href=\"https:\/\/www.sfp.org.pl\/\">Polish Filmmakers Association<\/a>, <a href=\"https:\/\/www.topographie.de\/topographie-des-terrors\/\">Topographie des Terrors<\/a>, <a href=\"https:\/\/wajdaschool.pl\/\">Wajda School &amp; Studio<\/a><\/p>\n<p><strong>Medienpartner:<\/strong> <a href=\"https:\/\/berliner-filmfestivals.de\/\">Berliner Filmfestivals<\/a><a href=\"https:\/\/taz.de\/\">, <\/a><a href=\"https:\/\/www1.wdr.de\/radio\/cosmo\/programm\/sendungen\/radio-po-polsku\/index.html\">Cosmo<\/a><a href=\"https:\/\/taz.de\/\">, <\/a><a href=\"https:\/\/filmloewin.de\/\">Filml\u00f6win<\/a><a href=\"https:\/\/taz.de\/\">, <\/a><a href=\"https:\/\/www.fluxfm.de\/\">Fluxfm<\/a><a href=\"https:\/\/taz.de\/\">, <\/a><a href=\"https:\/\/www.indiekino.de\/\">Indiekino<\/a><a href=\"https:\/\/taz.de\/\"> &amp; <\/a><a href=\"https:\/\/www.cinematic-berlin.com\/\">Cinematic Berlin<\/a><a href=\"https:\/\/taz.de\/\">, <\/a><a href=\"https:\/\/www.radiodrei.de\/\">radio3<\/a><a href=\"https:\/\/taz.de\/\">, <\/a><a href=\"https:\/\/rausgegangen.de\/berlin\">RAUSGEGANGEN<\/a><a href=\"https:\/\/taz.de\/\">, <\/a><a href=\"https:\/\/taz.de\/\">taz<\/a><a href=\"https:\/\/taz.de\/\">, <\/a><a href=\"https:\/\/www.the-berliner.com\/\">The Berliner<\/a><\/p>\n<\/div>\n<\/div>\n<p>\u00a0<\/p>\n<p>\u00a0<\/p>\n<hr \/>\n<p>\u00a0<\/p>\n<p>\u00a0<\/p>\n\n\t\t<style type=\"text\/css\">\n\t\t\t#gallery-3 {\n\t\t\t\tmargin: auto;\n\t\t\t}\n\t\t\t#gallery-3 .gallery-item {\n\t\t\t\tfloat: left;\n\t\t\t\tmargin-top: 10px;\n\t\t\t\ttext-align: center;\n\t\t\t\twidth: 25%;\n\t\t\t}\n\t\t\t#gallery-3 img {\n\t\t\t\tborder: 2px solid #cfcfcf;\n\t\t\t}\n\t\t\t#gallery-3 .gallery-caption {\n\t\t\t\tmargin-left: 0;\n\t\t\t}\n\t\t\t\/* see gallery_shortcode() in wp-includes\/media.php *\/\n\t\t<\/style>\n\t\t<div id='gallery-3' class='gallery galleryid-12977 gallery-columns-4 gallery-size-thumbnail'><dl class='gallery-item'>\n\t\t\t<dt class='gallery-icon landscape'>\n\t\t\t\t<a href='https:\/\/instytutpolski.pl\/berlin\/21-filmpolska\/unterstuetzer-partner\/logo-ip-berlin_schwarz_rot_quadrat\/'><img loading=\"lazy\" decoding=\"async\" width=\"150\" height=\"150\" src=\"https:\/\/instytutpolski.pl\/berlin\/wp-content\/uploads\/sites\/3\/2026\/08\/Logo-IP-Berlin_schwarz_rot_quadrat-150x150.png\" class=\"attachment-thumbnail size-thumbnail\" alt=\"\" aria-describedby=\"gallery-3-13499\" srcset=\"https:\/\/instytutpolski.pl\/berlin\/wp-content\/uploads\/sites\/3\/2026\/08\/Logo-IP-Berlin_schwarz_rot_quadrat-150x150.png 150w, https:\/\/instytutpolski.pl\/berlin\/wp-content\/uploads\/sites\/3\/2026\/08\/Logo-IP-Berlin_schwarz_rot_quadrat-300x300.png 300w, https:\/\/instytutpolski.pl\/berlin\/wp-content\/uploads\/sites\/3\/2026\/08\/Logo-IP-Berlin_schwarz_rot_quadrat-1024x1024.png 1024w, https:\/\/instytutpolski.pl\/berlin\/wp-content\/uploads\/sites\/3\/2026\/08\/Logo-IP-Berlin_schwarz_rot_quadrat-768x768.png 768w, https:\/\/instytutpolski.pl\/berlin\/wp-content\/uploads\/sites\/3\/2026\/08\/Logo-IP-Berlin_schwarz_rot_quadrat.png 1277w\" sizes=\"auto, (max-width: 150px) 100vw, 150px\" \/><\/a>\n\t\t\t<\/dt>\n\t\t\t\t<dd class='wp-caption-text gallery-caption' id='gallery-3-13499'>\n\t\t\t\tPolnisches Institut Berlin\n\t\t\t\t<\/dd><\/dl><dl class='gallery-item'>\n\t\t\t<dt class='gallery-icon landscape'>\n\t\t\t\t<a href='https:\/\/instytutpolski.pl\/berlin\/21-filmpolska\/unterstuetzer-partner\/logo-filmpolska_quadrat\/'><img loading=\"lazy\" decoding=\"async\" width=\"150\" height=\"150\" src=\"https:\/\/instytutpolski.pl\/berlin\/wp-content\/uploads\/sites\/3\/2026\/08\/Logo-filmPOLSKA_quadrat-150x150.png\" class=\"attachment-thumbnail size-thumbnail\" alt=\"\" aria-describedby=\"gallery-3-13498\" srcset=\"https:\/\/instytutpolski.pl\/berlin\/wp-content\/uploads\/sites\/3\/2026\/08\/Logo-filmPOLSKA_quadrat-150x150.png 150w, https:\/\/instytutpolski.pl\/berlin\/wp-content\/uploads\/sites\/3\/2026\/08\/Logo-filmPOLSKA_quadrat-300x300.png 300w, https:\/\/instytutpolski.pl\/berlin\/wp-content\/uploads\/sites\/3\/2026\/08\/Logo-filmPOLSKA_quadrat-1024x1024.png 1024w, https:\/\/instytutpolski.pl\/berlin\/wp-content\/uploads\/sites\/3\/2026\/08\/Logo-filmPOLSKA_quadrat-768x768.png 768w, https:\/\/instytutpolski.pl\/berlin\/wp-content\/uploads\/sites\/3\/2026\/08\/Logo-filmPOLSKA_quadrat-1536x1536.png 1536w, https:\/\/instytutpolski.pl\/berlin\/wp-content\/uploads\/sites\/3\/2026\/08\/Logo-filmPOLSKA_quadrat.png 1547w\" sizes=\"auto, (max-width: 150px) 100vw, 150px\" \/><\/a>\n\t\t\t<\/dt>\n\t\t\t\t<dd class='wp-caption-text gallery-caption' id='gallery-3-13498'>\n\t\t\t\tfilmPOLSKA\n\t\t\t\t<\/dd><\/dl><dl class='gallery-item'>\n\t\t\t<dt class='gallery-icon landscape'>\n\t\t\t\t<a href='https:\/\/instytutpolski.pl\/berlin\/20-filmpolska-archiv\/unterstuetzer\/pisf180_obszar-roboczy-1-2\/'><img loading=\"lazy\" decoding=\"async\" width=\"150\" height=\"150\" src=\"https:\/\/instytutpolski.pl\/berlin\/wp-content\/uploads\/sites\/3\/2022\/06\/pisf180_Obszar-roboczy-1-1-150x150.png\" class=\"attachment-thumbnail size-thumbnail\" alt=\"\" aria-describedby=\"gallery-3-3876\" srcset=\"https:\/\/instytutpolski.pl\/berlin\/wp-content\/uploads\/sites\/3\/2022\/06\/pisf180_Obszar-roboczy-1-1-150x150.png 150w, https:\/\/instytutpolski.pl\/berlin\/wp-content\/uploads\/sites\/3\/2022\/06\/pisf180_Obszar-roboczy-1-1-300x300.png 300w, https:\/\/instytutpolski.pl\/berlin\/wp-content\/uploads\/sites\/3\/2022\/06\/pisf180_Obszar-roboczy-1-1.png 750w\" sizes=\"auto, (max-width: 150px) 100vw, 150px\" \/><\/a>\n\t\t\t<\/dt>\n\t\t\t\t<dd class='wp-caption-text gallery-caption' id='gallery-3-3876'>\n\t\t\t\tPolish Film Institute\n\t\t\t\t<\/dd><\/dl><dl class='gallery-item'>\n\t\t\t<dt class='gallery-icon landscape'>\n\t\t\t\t<a href='https:\/\/instytutpolski.pl\/berlin\/20-filmpolska-archiv\/unterstuetzer\/aa\/'><img loading=\"lazy\" decoding=\"async\" width=\"150\" height=\"150\" src=\"https:\/\/instytutpolski.pl\/berlin\/wp-content\/uploads\/sites\/3\/2024\/07\/aa-150x150.png\" class=\"attachment-thumbnail size-thumbnail\" alt=\"\" aria-describedby=\"gallery-3-6974\" srcset=\"https:\/\/instytutpolski.pl\/berlin\/wp-content\/uploads\/sites\/3\/2024\/07\/aa-150x150.png 150w, https:\/\/instytutpolski.pl\/berlin\/wp-content\/uploads\/sites\/3\/2024\/07\/aa-300x300.png 300w, https:\/\/instytutpolski.pl\/berlin\/wp-content\/uploads\/sites\/3\/2024\/07\/aa.png 750w\" sizes=\"auto, (max-width: 150px) 100vw, 150px\" \/><\/a>\n\t\t\t<\/dt>\n\t\t\t\t<dd class='wp-caption-text gallery-caption' id='gallery-3-6974'>\n\t\t\t\tMinisterium f\u00fcr Kultur und Nationales Erbe der Republik Polen\n\t\t\t\t<\/dd><\/dl><br style=\"clear: both\" \/><dl class='gallery-item'>\n\t\t\t<dt class='gallery-icon landscape'>\n\t\t\t\t<a href='https:\/\/instytutpolski.pl\/berlin\/20-filmpolska-archiv\/unterstuetzer\/logo-iam_quadrat\/'><img loading=\"lazy\" decoding=\"async\" width=\"150\" height=\"150\" src=\"https:\/\/instytutpolski.pl\/berlin\/wp-content\/uploads\/sites\/3\/2025\/08\/Logo-IAM_quadrat-150x150.png\" class=\"attachment-thumbnail size-thumbnail\" alt=\"\" aria-describedby=\"gallery-3-10301\" srcset=\"https:\/\/instytutpolski.pl\/berlin\/wp-content\/uploads\/sites\/3\/2025\/08\/Logo-IAM_quadrat-150x150.png 150w, https:\/\/instytutpolski.pl\/berlin\/wp-content\/uploads\/sites\/3\/2025\/08\/Logo-IAM_quadrat-300x300.png 300w, https:\/\/instytutpolski.pl\/berlin\/wp-content\/uploads\/sites\/3\/2025\/08\/Logo-IAM_quadrat.png 567w\" sizes=\"auto, (max-width: 150px) 100vw, 150px\" \/><\/a>\n\t\t\t<\/dt>\n\t\t\t\t<dd class='wp-caption-text gallery-caption' id='gallery-3-10301'>\n\t\t\t\tAdam-Mickiewicz-Institut\n\t\t\t\t<\/dd><\/dl><dl class='gallery-item'>\n\t\t\t<dt class='gallery-icon portrait'>\n\t\t\t\t<a href='https:\/\/instytutpolski.pl\/berlin\/21-filmpolska\/logo-sfp-60-years_quadrat\/'><img loading=\"lazy\" decoding=\"async\" width=\"150\" height=\"150\" src=\"https:\/\/instytutpolski.pl\/berlin\/wp-content\/uploads\/sites\/3\/2026\/08\/Logo-SFP-60-years_quadrat-150x150.jpg\" class=\"attachment-thumbnail size-thumbnail\" alt=\"\" aria-describedby=\"gallery-3-13345\" srcset=\"https:\/\/instytutpolski.pl\/berlin\/wp-content\/uploads\/sites\/3\/2026\/08\/Logo-SFP-60-years_quadrat-150x150.jpg 150w, https:\/\/instytutpolski.pl\/berlin\/wp-content\/uploads\/sites\/3\/2026\/08\/Logo-SFP-60-years_quadrat-300x300.jpg 300w, https:\/\/instytutpolski.pl\/berlin\/wp-content\/uploads\/sites\/3\/2026\/08\/Logo-SFP-60-years_quadrat-1024x1024.jpg 1024w, https:\/\/instytutpolski.pl\/berlin\/wp-content\/uploads\/sites\/3\/2026\/08\/Logo-SFP-60-years_quadrat-768x769.jpg 768w, https:\/\/instytutpolski.pl\/berlin\/wp-content\/uploads\/sites\/3\/2026\/08\/Logo-SFP-60-years_quadrat.jpg 1200w\" sizes=\"auto, (max-width: 150px) 100vw, 150px\" \/><\/a>\n\t\t\t<\/dt>\n\t\t\t\t<dd class='wp-caption-text gallery-caption' id='gallery-3-13345'>\n\t\t\t\tPolish Filmmakers Association\n\t\t\t\t<\/dd><\/dl><dl class='gallery-item'>\n\t\t\t<dt class='gallery-icon landscape'>\n\t\t\t\t<a href='https:\/\/instytutpolski.pl\/berlin\/2025\/07\/18\/20-filmpolska\/logo-mokry-nos-psa-3\/'><img loading=\"lazy\" decoding=\"async\" width=\"150\" height=\"150\" src=\"https:\/\/instytutpolski.pl\/berlin\/wp-content\/uploads\/sites\/3\/2025\/07\/Logo-Mokry-Nos-Psa-150x150.png\" class=\"attachment-thumbnail size-thumbnail\" alt=\"\" aria-describedby=\"gallery-3-10326\" srcset=\"https:\/\/instytutpolski.pl\/berlin\/wp-content\/uploads\/sites\/3\/2025\/07\/Logo-Mokry-Nos-Psa-150x150.png 150w, https:\/\/instytutpolski.pl\/berlin\/wp-content\/uploads\/sites\/3\/2025\/07\/Logo-Mokry-Nos-Psa-300x300.png 300w, https:\/\/instytutpolski.pl\/berlin\/wp-content\/uploads\/sites\/3\/2025\/07\/Logo-Mokry-Nos-Psa-1024x1024.png 1024w, https:\/\/instytutpolski.pl\/berlin\/wp-content\/uploads\/sites\/3\/2025\/07\/Logo-Mokry-Nos-Psa-768x768.png 768w, https:\/\/instytutpolski.pl\/berlin\/wp-content\/uploads\/sites\/3\/2025\/07\/Logo-Mokry-Nos-Psa.png 1167w\" sizes=\"auto, (max-width: 150px) 100vw, 150px\" \/><\/a>\n\t\t\t<\/dt>\n\t\t\t\t<dd class='wp-caption-text gallery-caption' id='gallery-3-10326'>\n\t\t\t\tMokry Nos Psa \/ Grzegorz Pacek\n\t\t\t\t<\/dd><\/dl><dl class='gallery-item'>\n\t\t\t<dt class='gallery-icon landscape'>\n\t\t\t\t<a href='https:\/\/instytutpolski.pl\/berlin\/20-filmpolska-archiv\/unterstuetzer\/dhm180_obszar-roboczy-1\/'><img loading=\"lazy\" decoding=\"async\" width=\"150\" height=\"150\" src=\"https:\/\/instytutpolski.pl\/berlin\/wp-content\/uploads\/sites\/3\/2022\/06\/dhm180_Obszar-roboczy-1-150x150.png\" class=\"attachment-thumbnail size-thumbnail\" alt=\"\" aria-describedby=\"gallery-3-3901\" srcset=\"https:\/\/instytutpolski.pl\/berlin\/wp-content\/uploads\/sites\/3\/2022\/06\/dhm180_Obszar-roboczy-1-150x150.png 150w, https:\/\/instytutpolski.pl\/berlin\/wp-content\/uploads\/sites\/3\/2022\/06\/dhm180_Obszar-roboczy-1-300x300.png 300w, https:\/\/instytutpolski.pl\/berlin\/wp-content\/uploads\/sites\/3\/2022\/06\/dhm180_Obszar-roboczy-1.png 750w\" sizes=\"auto, (max-width: 150px) 100vw, 150px\" \/><\/a>\n\t\t\t<\/dt>\n\t\t\t\t<dd class='wp-caption-text gallery-caption' id='gallery-3-3901'>\n\t\t\t\tDeutsches Historisches Museum \/ Zeughauskino\n\t\t\t\t<\/dd><\/dl><br style=\"clear: both\" \/><dl class='gallery-item'>\n\t\t\t<dt class='gallery-icon landscape'>\n\t\t\t\t<a href='https:\/\/instytutpolski.pl\/berlin\/20-filmpolska-archiv\/unterstuetzer\/topo180_obszar-roboczy-1\/'><img loading=\"lazy\" decoding=\"async\" width=\"150\" height=\"150\" src=\"https:\/\/instytutpolski.pl\/berlin\/wp-content\/uploads\/sites\/3\/2022\/06\/topo180_Obszar-roboczy-1-150x150.png\" class=\"attachment-thumbnail size-thumbnail\" alt=\"\" aria-describedby=\"gallery-3-3890\" srcset=\"https:\/\/instytutpolski.pl\/berlin\/wp-content\/uploads\/sites\/3\/2022\/06\/topo180_Obszar-roboczy-1-150x150.png 150w, https:\/\/instytutpolski.pl\/berlin\/wp-content\/uploads\/sites\/3\/2022\/06\/topo180_Obszar-roboczy-1-300x300.png 300w, https:\/\/instytutpolski.pl\/berlin\/wp-content\/uploads\/sites\/3\/2022\/06\/topo180_Obszar-roboczy-1.png 750w\" sizes=\"auto, (max-width: 150px) 100vw, 150px\" \/><\/a>\n\t\t\t<\/dt>\n\t\t\t\t<dd class='wp-caption-text gallery-caption' id='gallery-3-3890'>\n\t\t\t\tTopographie des Terrors\n\t\t\t\t<\/dd><\/dl><dl class='gallery-item'>\n\t\t\t<dt class='gallery-icon landscape'>\n\t\t\t\t<a href='https:\/\/instytutpolski.pl\/berlin\/20-filmpolska-archiv\/unterstuetzer\/1cineville\/'><img loading=\"lazy\" decoding=\"async\" width=\"150\" height=\"150\" src=\"https:\/\/instytutpolski.pl\/berlin\/wp-content\/uploads\/sites\/3\/2025\/08\/1cineville-150x150.png\" class=\"attachment-thumbnail size-thumbnail\" alt=\"\" aria-describedby=\"gallery-3-9842\" srcset=\"https:\/\/instytutpolski.pl\/berlin\/wp-content\/uploads\/sites\/3\/2025\/08\/1cineville-150x150.png 150w, https:\/\/instytutpolski.pl\/berlin\/wp-content\/uploads\/sites\/3\/2025\/08\/1cineville-300x300.png 300w, https:\/\/instytutpolski.pl\/berlin\/wp-content\/uploads\/sites\/3\/2025\/08\/1cineville-1024x1024.png 1024w, https:\/\/instytutpolski.pl\/berlin\/wp-content\/uploads\/sites\/3\/2025\/08\/1cineville-768x768.png 768w, https:\/\/instytutpolski.pl\/berlin\/wp-content\/uploads\/sites\/3\/2025\/08\/1cineville-1536x1536.png 1536w, https:\/\/instytutpolski.pl\/berlin\/wp-content\/uploads\/sites\/3\/2025\/08\/1cineville-2048x2048.png 2048w\" sizes=\"auto, (max-width: 150px) 100vw, 150px\" \/><\/a>\n\t\t\t<\/dt>\n\t\t\t\t<dd class='wp-caption-text gallery-caption' id='gallery-3-9842'>\n\t\t\t\tCineville\n\t\t\t\t<\/dd><\/dl><dl class='gallery-item'>\n\t\t\t<dt class='gallery-icon landscape'>\n\t\t\t\t<a href='https:\/\/instytutpolski.pl\/berlin\/20-filmpolska-archiv\/unterstuetzer\/untitled-1-01-2\/'><img loading=\"lazy\" decoding=\"async\" width=\"150\" height=\"150\" src=\"https:\/\/instytutpolski.pl\/berlin\/wp-content\/uploads\/sites\/3\/2024\/07\/Untitled-1-01-1-150x150.png\" class=\"attachment-thumbnail size-thumbnail\" alt=\"\" aria-describedby=\"gallery-3-7041\" srcset=\"https:\/\/instytutpolski.pl\/berlin\/wp-content\/uploads\/sites\/3\/2024\/07\/Untitled-1-01-1-150x150.png 150w, https:\/\/instytutpolski.pl\/berlin\/wp-content\/uploads\/sites\/3\/2024\/07\/Untitled-1-01-1-300x300.png 300w, https:\/\/instytutpolski.pl\/berlin\/wp-content\/uploads\/sites\/3\/2024\/07\/Untitled-1-01-1.png 750w\" sizes=\"auto, (max-width: 150px) 100vw, 150px\" \/><\/a>\n\t\t\t<\/dt>\n\t\t\t\t<dd class='wp-caption-text gallery-caption' id='gallery-3-7041'>\n\t\t\t\tFilmFestival Cottbus\n\t\t\t\t<\/dd><\/dl><dl class='gallery-item'>\n\t\t\t<dt class='gallery-icon landscape'>\n\t\t\t\t<a href='https:\/\/instytutpolski.pl\/berlin\/21-filmpolska\/logo-wajda-school-studio_quadrat\/'><img loading=\"lazy\" decoding=\"async\" width=\"150\" height=\"150\" src=\"https:\/\/instytutpolski.pl\/berlin\/wp-content\/uploads\/sites\/3\/2026\/08\/Logo-Wajda-School-Studio_quadrat-150x150.png\" class=\"attachment-thumbnail size-thumbnail\" alt=\"\" aria-describedby=\"gallery-3-13347\" srcset=\"https:\/\/instytutpolski.pl\/berlin\/wp-content\/uploads\/sites\/3\/2026\/08\/Logo-Wajda-School-Studio_quadrat-150x150.png 150w, https:\/\/instytutpolski.pl\/berlin\/wp-content\/uploads\/sites\/3\/2026\/08\/Logo-Wajda-School-Studio_quadrat-300x300.png 300w, https:\/\/instytutpolski.pl\/berlin\/wp-content\/uploads\/sites\/3\/2026\/08\/Logo-Wajda-School-Studio_quadrat-768x768.png 768w, https:\/\/instytutpolski.pl\/berlin\/wp-content\/uploads\/sites\/3\/2026\/08\/Logo-Wajda-School-Studio_quadrat.png 1000w\" sizes=\"auto, (max-width: 150px) 100vw, 150px\" \/><\/a>\n\t\t\t<\/dt>\n\t\t\t\t<dd class='wp-caption-text gallery-caption' id='gallery-3-13347'>\n\t\t\t\tWajda School &amp; Studio\n\t\t\t\t<\/dd><\/dl><br style=\"clear: both\" \/><dl class='gallery-item'>\n\t\t\t<dt class='gallery-icon landscape'>\n\t\t\t\t<a href='https:\/\/instytutpolski.pl\/berlin\/21-filmpolska\/logo-fub-konrad-wolf_quadrat\/'><img loading=\"lazy\" decoding=\"async\" width=\"150\" height=\"150\" src=\"https:\/\/instytutpolski.pl\/berlin\/wp-content\/uploads\/sites\/3\/2026\/08\/Logo-FUB-KONRAD-WOLF_quadrat-150x150.jpg\" class=\"attachment-thumbnail size-thumbnail\" alt=\"\" aria-describedby=\"gallery-3-13349\" srcset=\"https:\/\/instytutpolski.pl\/berlin\/wp-content\/uploads\/sites\/3\/2026\/08\/Logo-FUB-KONRAD-WOLF_quadrat-150x150.jpg 150w, https:\/\/instytutpolski.pl\/berlin\/wp-content\/uploads\/sites\/3\/2026\/08\/Logo-FUB-KONRAD-WOLF_quadrat-300x300.jpg 300w, https:\/\/instytutpolski.pl\/berlin\/wp-content\/uploads\/sites\/3\/2026\/08\/Logo-FUB-KONRAD-WOLF_quadrat.jpg 768w\" sizes=\"auto, (max-width: 150px) 100vw, 150px\" \/><\/a>\n\t\t\t<\/dt>\n\t\t\t\t<dd class='wp-caption-text gallery-caption' id='gallery-3-13349'>\n\t\t\t\tFilmuniversit\u00e4t Babelsberg KONRAD WOLF\n\t\t\t\t<\/dd><\/dl><dl class='gallery-item'>\n\t\t\t<dt class='gallery-icon landscape'>\n\t\t\t\t<a href='https:\/\/instytutpolski.pl\/berlin\/21-filmpolska\/unterstuetzer-partner\/logo-berliner-filmfestivals_quadrat\/'><img loading=\"lazy\" decoding=\"async\" width=\"150\" height=\"150\" src=\"https:\/\/instytutpolski.pl\/berlin\/wp-content\/uploads\/sites\/3\/2026\/08\/Logo-Berliner-Filmfestivals_quadrat-150x150.png\" class=\"attachment-thumbnail size-thumbnail\" alt=\"\" aria-describedby=\"gallery-3-13482\" srcset=\"https:\/\/instytutpolski.pl\/berlin\/wp-content\/uploads\/sites\/3\/2026\/08\/Logo-Berliner-Filmfestivals_quadrat-150x150.png 150w, https:\/\/instytutpolski.pl\/berlin\/wp-content\/uploads\/sites\/3\/2026\/08\/Logo-Berliner-Filmfestivals_quadrat-300x300.png 300w, https:\/\/instytutpolski.pl\/berlin\/wp-content\/uploads\/sites\/3\/2026\/08\/Logo-Berliner-Filmfestivals_quadrat-768x764.png 768w, https:\/\/instytutpolski.pl\/berlin\/wp-content\/uploads\/sites\/3\/2026\/08\/Logo-Berliner-Filmfestivals_quadrat.png 967w\" sizes=\"auto, (max-width: 150px) 100vw, 150px\" \/><\/a>\n\t\t\t<\/dt>\n\t\t\t\t<dd class='wp-caption-text gallery-caption' id='gallery-3-13482'>\n\t\t\t\tBerliner Filmfestivals\n\t\t\t\t<\/dd><\/dl><dl class='gallery-item'>\n\t\t\t<dt class='gallery-icon landscape'>\n\t\t\t\t<a href='https:\/\/instytutpolski.pl\/berlin\/20-filmpolska-archiv\/unterstuetzer\/cosmo\/'><img loading=\"lazy\" decoding=\"async\" width=\"150\" height=\"150\" src=\"https:\/\/instytutpolski.pl\/berlin\/wp-content\/uploads\/sites\/3\/2023\/07\/cosmo-e1690770912747-150x150.png\" class=\"attachment-thumbnail size-thumbnail\" alt=\"\" aria-describedby=\"gallery-3-5426\" srcset=\"https:\/\/instytutpolski.pl\/berlin\/wp-content\/uploads\/sites\/3\/2023\/07\/cosmo-e1690770912747-150x150.png 150w, https:\/\/instytutpolski.pl\/berlin\/wp-content\/uploads\/sites\/3\/2023\/07\/cosmo-e1690770912747-300x300.png 300w, https:\/\/instytutpolski.pl\/berlin\/wp-content\/uploads\/sites\/3\/2023\/07\/cosmo-e1690770912747.png 750w\" sizes=\"auto, (max-width: 150px) 100vw, 150px\" \/><\/a>\n\t\t\t<\/dt>\n\t\t\t\t<dd class='wp-caption-text gallery-caption' id='gallery-3-5426'>\n\t\t\t\tRadio COSMO\n\t\t\t\t<\/dd><\/dl><dl class='gallery-item'>\n\t\t\t<dt class='gallery-icon landscape'>\n\t\t\t\t<a href='https:\/\/instytutpolski.pl\/berlin\/20-filmpolska-archiv\/unterstuetzer\/1filmlowin\/'><img loading=\"lazy\" decoding=\"async\" width=\"150\" height=\"150\" src=\"https:\/\/instytutpolski.pl\/berlin\/wp-content\/uploads\/sites\/3\/2025\/08\/1filmlowin-150x150.png\" class=\"attachment-thumbnail size-thumbnail\" alt=\"\" aria-describedby=\"gallery-3-9844\" srcset=\"https:\/\/instytutpolski.pl\/berlin\/wp-content\/uploads\/sites\/3\/2025\/08\/1filmlowin-150x150.png 150w, https:\/\/instytutpolski.pl\/berlin\/wp-content\/uploads\/sites\/3\/2025\/08\/1filmlowin-300x300.png 300w, https:\/\/instytutpolski.pl\/berlin\/wp-content\/uploads\/sites\/3\/2025\/08\/1filmlowin-1024x1024.png 1024w, https:\/\/instytutpolski.pl\/berlin\/wp-content\/uploads\/sites\/3\/2025\/08\/1filmlowin-768x768.png 768w, https:\/\/instytutpolski.pl\/berlin\/wp-content\/uploads\/sites\/3\/2025\/08\/1filmlowin-1536x1536.png 1536w, https:\/\/instytutpolski.pl\/berlin\/wp-content\/uploads\/sites\/3\/2025\/08\/1filmlowin-2048x2048.png 2048w\" sizes=\"auto, (max-width: 150px) 100vw, 150px\" \/><\/a>\n\t\t\t<\/dt>\n\t\t\t\t<dd class='wp-caption-text gallery-caption' id='gallery-3-9844'>\n\t\t\t\tFilml\u00f6win\n\t\t\t\t<\/dd><\/dl><br style=\"clear: both\" \/><dl class='gallery-item'>\n\t\t\t<dt class='gallery-icon landscape'>\n\t\t\t\t<a href='https:\/\/instytutpolski.pl\/berlin\/20-filmpolska-archiv\/unterstuetzer\/flux\/'><img loading=\"lazy\" decoding=\"async\" width=\"150\" height=\"150\" src=\"https:\/\/instytutpolski.pl\/berlin\/wp-content\/uploads\/sites\/3\/2025\/08\/flux-150x150.png\" class=\"attachment-thumbnail size-thumbnail\" alt=\"\" aria-describedby=\"gallery-3-9849\" srcset=\"https:\/\/instytutpolski.pl\/berlin\/wp-content\/uploads\/sites\/3\/2025\/08\/flux-150x150.png 150w, https:\/\/instytutpolski.pl\/berlin\/wp-content\/uploads\/sites\/3\/2025\/08\/flux-300x300.png 300w, https:\/\/instytutpolski.pl\/berlin\/wp-content\/uploads\/sites\/3\/2025\/08\/flux-1024x1024.png 1024w, https:\/\/instytutpolski.pl\/berlin\/wp-content\/uploads\/sites\/3\/2025\/08\/flux-768x768.png 768w, https:\/\/instytutpolski.pl\/berlin\/wp-content\/uploads\/sites\/3\/2025\/08\/flux-1536x1536.png 1536w, https:\/\/instytutpolski.pl\/berlin\/wp-content\/uploads\/sites\/3\/2025\/08\/flux-2048x2048.png 2048w\" sizes=\"auto, (max-width: 150px) 100vw, 150px\" \/><\/a>\n\t\t\t<\/dt>\n\t\t\t\t<dd class='wp-caption-text gallery-caption' id='gallery-3-9849'>\n\t\t\t\tFluxFM\n\t\t\t\t<\/dd><\/dl><dl class='gallery-item'>\n\t\t\t<dt class='gallery-icon landscape'>\n\t\t\t\t<a href='https:\/\/instytutpolski.pl\/berlin\/21-filmpolska\/unterstuetzer-partner\/logo-cinematic-berlin_quadrat\/'><img loading=\"lazy\" decoding=\"async\" width=\"150\" height=\"150\" src=\"https:\/\/instytutpolski.pl\/berlin\/wp-content\/uploads\/sites\/3\/2026\/08\/Logo-Cinematic-Berlin_quadrat-150x150.jpg\" class=\"attachment-thumbnail size-thumbnail\" alt=\"\" aria-describedby=\"gallery-3-13484\" srcset=\"https:\/\/instytutpolski.pl\/berlin\/wp-content\/uploads\/sites\/3\/2026\/08\/Logo-Cinematic-Berlin_quadrat-150x150.jpg 150w, https:\/\/instytutpolski.pl\/berlin\/wp-content\/uploads\/sites\/3\/2026\/08\/Logo-Cinematic-Berlin_quadrat-300x300.jpg 300w, https:\/\/instytutpolski.pl\/berlin\/wp-content\/uploads\/sites\/3\/2026\/08\/Logo-Cinematic-Berlin_quadrat-768x767.jpg 768w, https:\/\/instytutpolski.pl\/berlin\/wp-content\/uploads\/sites\/3\/2026\/08\/Logo-Cinematic-Berlin_quadrat.jpg 1000w\" sizes=\"auto, (max-width: 150px) 100vw, 150px\" \/><\/a>\n\t\t\t<\/dt>\n\t\t\t\t<dd class='wp-caption-text gallery-caption' id='gallery-3-13484'>\n\t\t\t\tIndiekino &amp; Cinematic Berlin\n\t\t\t\t<\/dd><\/dl><dl class='gallery-item'>\n\t\t\t<dt class='gallery-icon landscape'>\n\t\t\t\t<a href='https:\/\/instytutpolski.pl\/berlin\/21-filmpolska\/unterstuetzer-partner\/logo-radio-3_quadrat\/'><img loading=\"lazy\" decoding=\"async\" width=\"150\" height=\"150\" src=\"https:\/\/instytutpolski.pl\/berlin\/wp-content\/uploads\/sites\/3\/2026\/08\/Logo-Radio-3_quadrat-150x150.png\" class=\"attachment-thumbnail size-thumbnail\" alt=\"\" aria-describedby=\"gallery-3-13486\" srcset=\"https:\/\/instytutpolski.pl\/berlin\/wp-content\/uploads\/sites\/3\/2026\/08\/Logo-Radio-3_quadrat-150x150.png 150w, https:\/\/instytutpolski.pl\/berlin\/wp-content\/uploads\/sites\/3\/2026\/08\/Logo-Radio-3_quadrat-300x300.png 300w, https:\/\/instytutpolski.pl\/berlin\/wp-content\/uploads\/sites\/3\/2026\/08\/Logo-Radio-3_quadrat-768x768.png 768w, https:\/\/instytutpolski.pl\/berlin\/wp-content\/uploads\/sites\/3\/2026\/08\/Logo-Radio-3_quadrat.png 1000w\" sizes=\"auto, (max-width: 150px) 100vw, 150px\" \/><\/a>\n\t\t\t<\/dt>\n\t\t\t\t<dd class='wp-caption-text gallery-caption' id='gallery-3-13486'>\n\t\t\t\tradio 3\n\t\t\t\t<\/dd><\/dl><dl class='gallery-item'>\n\t\t\t<dt class='gallery-icon landscape'>\n\t\t\t\t<a href='https:\/\/instytutpolski.pl\/berlin\/20-filmpolska-archiv\/unterstuetzer\/raus\/'><img loading=\"lazy\" decoding=\"async\" width=\"150\" height=\"150\" src=\"https:\/\/instytutpolski.pl\/berlin\/wp-content\/uploads\/sites\/3\/2023\/07\/raus-e1690771757315-150x150.png\" class=\"attachment-thumbnail size-thumbnail\" alt=\"\" aria-describedby=\"gallery-3-5431\" srcset=\"https:\/\/instytutpolski.pl\/berlin\/wp-content\/uploads\/sites\/3\/2023\/07\/raus-e1690771757315-150x150.png 150w, https:\/\/instytutpolski.pl\/berlin\/wp-content\/uploads\/sites\/3\/2023\/07\/raus-e1690771757315-300x300.png 300w, https:\/\/instytutpolski.pl\/berlin\/wp-content\/uploads\/sites\/3\/2023\/07\/raus-e1690771757315.png 750w\" sizes=\"auto, (max-width: 150px) 100vw, 150px\" \/><\/a>\n\t\t\t<\/dt>\n\t\t\t\t<dd class='wp-caption-text gallery-caption' id='gallery-3-5431'>\n\t\t\t\tRausgegangen\n\t\t\t\t<\/dd><\/dl><br style=\"clear: both\" \/><dl class='gallery-item'>\n\t\t\t<dt class='gallery-icon landscape'>\n\t\t\t\t<a href='https:\/\/instytutpolski.pl\/berlin\/20-filmpolska-archiv\/unterstuetzer\/taz180-01\/'><img loading=\"lazy\" decoding=\"async\" width=\"150\" height=\"150\" src=\"https:\/\/instytutpolski.pl\/berlin\/wp-content\/uploads\/sites\/3\/2022\/06\/taz180-01-150x150.png\" class=\"attachment-thumbnail size-thumbnail\" alt=\"\" aria-describedby=\"gallery-3-3879\" srcset=\"https:\/\/instytutpolski.pl\/berlin\/wp-content\/uploads\/sites\/3\/2022\/06\/taz180-01-150x150.png 150w, https:\/\/instytutpolski.pl\/berlin\/wp-content\/uploads\/sites\/3\/2022\/06\/taz180-01-300x300.png 300w, https:\/\/instytutpolski.pl\/berlin\/wp-content\/uploads\/sites\/3\/2022\/06\/taz180-01.png 750w\" sizes=\"auto, (max-width: 150px) 100vw, 150px\" \/><\/a>\n\t\t\t<\/dt>\n\t\t\t\t<dd class='wp-caption-text gallery-caption' id='gallery-3-3879'>\n\t\t\t\ttaz \/ die tageszeitung\n\t\t\t\t<\/dd><\/dl><dl class='gallery-item'>\n\t\t\t<dt class='gallery-icon portrait'>\n\t\t\t\t<a href='https:\/\/instytutpolski.pl\/berlin\/21-filmpolska\/unterstuetzer-partner\/logo-the-berliner_quadrat\/'><img loading=\"lazy\" decoding=\"async\" width=\"150\" height=\"150\" src=\"https:\/\/instytutpolski.pl\/berlin\/wp-content\/uploads\/sites\/3\/2026\/08\/Logo-The-Berliner_quadrat-150x150.jpg\" class=\"attachment-thumbnail size-thumbnail\" alt=\"\" aria-describedby=\"gallery-3-13487\" srcset=\"https:\/\/instytutpolski.pl\/berlin\/wp-content\/uploads\/sites\/3\/2026\/08\/Logo-The-Berliner_quadrat-150x150.jpg 150w, https:\/\/instytutpolski.pl\/berlin\/wp-content\/uploads\/sites\/3\/2026\/08\/Logo-The-Berliner_quadrat-300x300.jpg 300w, https:\/\/instytutpolski.pl\/berlin\/wp-content\/uploads\/sites\/3\/2026\/08\/Logo-The-Berliner_quadrat-768x769.jpg 768w, https:\/\/instytutpolski.pl\/berlin\/wp-content\/uploads\/sites\/3\/2026\/08\/Logo-The-Berliner_quadrat.jpg 1000w\" sizes=\"auto, (max-width: 150px) 100vw, 150px\" \/><\/a>\n\t\t\t<\/dt>\n\t\t\t\t<dd class='wp-caption-text gallery-caption' id='gallery-3-13487'>\n\t\t\t\tThe Berliner\n\t\t\t\t<\/dd><\/dl><dl class='gallery-item'>\n\t\t\t<dt class='gallery-icon landscape'>\n\t\t\t\t<a href='https:\/\/instytutpolski.pl\/berlin\/filmpolska-2\/unterstutzer\/bundesplatzkino-fill_180x180_ffffff-8a5b8272f2\/'><img loading=\"lazy\" decoding=\"async\" width=\"150\" height=\"150\" src=\"https:\/\/instytutpolski.pl\/berlin\/wp-content\/uploads\/sites\/3\/2020\/11\/bundesplatzkino.fill_180x180_FFFFFF.8a5b8272f2-150x150.jpg\" class=\"attachment-thumbnail size-thumbnail\" alt=\"\" aria-describedby=\"gallery-3-1879\" srcset=\"https:\/\/instytutpolski.pl\/berlin\/wp-content\/uploads\/sites\/3\/2020\/11\/bundesplatzkino.fill_180x180_FFFFFF.8a5b8272f2-150x150.jpg 150w, https:\/\/instytutpolski.pl\/berlin\/wp-content\/uploads\/sites\/3\/2020\/11\/bundesplatzkino.fill_180x180_FFFFFF.8a5b8272f2.jpg 180w\" sizes=\"auto, (max-width: 150px) 100vw, 150px\" \/><\/a>\n\t\t\t<\/dt>\n\t\t\t\t<dd class='wp-caption-text gallery-caption' id='gallery-3-1879'>\n\t\t\t\tBundesplatz-Kino\n\t\t\t\t<\/dd><\/dl><dl class='gallery-item'>\n\t\t\t<dt class='gallery-icon landscape'>\n\t\t\t\t<a href='https:\/\/instytutpolski.pl\/berlin\/20-filmpolska-archiv\/unterstuetzer\/citykino\/'><img loading=\"lazy\" decoding=\"async\" width=\"150\" height=\"150\" src=\"https:\/\/instytutpolski.pl\/berlin\/wp-content\/uploads\/sites\/3\/2023\/07\/citykino-e1690771733693-150x150.png\" class=\"attachment-thumbnail size-thumbnail\" alt=\"\" aria-describedby=\"gallery-3-5432\" srcset=\"https:\/\/instytutpolski.pl\/berlin\/wp-content\/uploads\/sites\/3\/2023\/07\/citykino-e1690771733693-150x150.png 150w, https:\/\/instytutpolski.pl\/berlin\/wp-content\/uploads\/sites\/3\/2023\/07\/citykino-e1690771733693-300x300.png 300w, https:\/\/instytutpolski.pl\/berlin\/wp-content\/uploads\/sites\/3\/2023\/07\/citykino-e1690771733693.png 750w\" sizes=\"auto, (max-width: 150px) 100vw, 150px\" \/><\/a>\n\t\t\t<\/dt>\n\t\t\t\t<dd class='wp-caption-text gallery-caption' id='gallery-3-5432'>\n\t\t\t\tCity Kino Wedding\n\t\t\t\t<\/dd><\/dl><br style=\"clear: both\" \/><dl class='gallery-item'>\n\t\t\t<dt class='gallery-icon portrait'>\n\t\t\t\t<a href='https:\/\/instytutpolski.pl\/berlin\/21-filmpolska\/unterstuetzer-partner\/logo-colosseum_quadrat_1000\/'><img loading=\"lazy\" decoding=\"async\" width=\"150\" height=\"150\" src=\"https:\/\/instytutpolski.pl\/berlin\/wp-content\/uploads\/sites\/3\/2026\/08\/Logo-Colosseum_quadrat_1000-150x150.png\" class=\"attachment-thumbnail size-thumbnail\" alt=\"\" aria-describedby=\"gallery-3-13494\" srcset=\"https:\/\/instytutpolski.pl\/berlin\/wp-content\/uploads\/sites\/3\/2026\/08\/Logo-Colosseum_quadrat_1000-150x150.png 150w, https:\/\/instytutpolski.pl\/berlin\/wp-content\/uploads\/sites\/3\/2026\/08\/Logo-Colosseum_quadrat_1000-300x300.png 300w, https:\/\/instytutpolski.pl\/berlin\/wp-content\/uploads\/sites\/3\/2026\/08\/Logo-Colosseum_quadrat_1000-768x769.png 768w, https:\/\/instytutpolski.pl\/berlin\/wp-content\/uploads\/sites\/3\/2026\/08\/Logo-Colosseum_quadrat_1000.png 1000w\" sizes=\"auto, (max-width: 150px) 100vw, 150px\" \/><\/a>\n\t\t\t<\/dt>\n\t\t\t\t<dd class='wp-caption-text gallery-caption' id='gallery-3-13494'>\n\t\t\t\tFilmtheater Colosseum\n\t\t\t\t<\/dd><\/dl><dl class='gallery-item'>\n\t\t\t<dt class='gallery-icon landscape'>\n\t\t\t\t<a href='https:\/\/instytutpolski.pl\/berlin\/filmpolska-2\/unterstutzer\/fsk_web-fill_180x180_ffffff-705b0398ae\/'><img loading=\"lazy\" decoding=\"async\" width=\"150\" height=\"150\" src=\"https:\/\/instytutpolski.pl\/berlin\/wp-content\/uploads\/sites\/3\/2020\/11\/fsk_web.fill_180x180_FFFFFF.705b0398ae-150x150.jpg\" class=\"attachment-thumbnail size-thumbnail\" alt=\"\" aria-describedby=\"gallery-3-1883\" srcset=\"https:\/\/instytutpolski.pl\/berlin\/wp-content\/uploads\/sites\/3\/2020\/11\/fsk_web.fill_180x180_FFFFFF.705b0398ae-150x150.jpg 150w, https:\/\/instytutpolski.pl\/berlin\/wp-content\/uploads\/sites\/3\/2020\/11\/fsk_web.fill_180x180_FFFFFF.705b0398ae.jpg 180w\" sizes=\"auto, (max-width: 150px) 100vw, 150px\" \/><\/a>\n\t\t\t<\/dt>\n\t\t\t\t<dd class='wp-caption-text gallery-caption' id='gallery-3-1883'>\n\t\t\t\tfsk kino\n\t\t\t\t<\/dd><\/dl><dl class='gallery-item'>\n\t\t\t<dt class='gallery-icon landscape'>\n\t\t\t\t<a href='https:\/\/instytutpolski.pl\/berlin\/21-filmpolska\/unterstuetzer-partner\/logo-krokodil_quadrat\/'><img loading=\"lazy\" decoding=\"async\" width=\"150\" height=\"150\" src=\"https:\/\/instytutpolski.pl\/berlin\/wp-content\/uploads\/sites\/3\/2026\/08\/Logo-Krokodil_quadrat-150x150.png\" class=\"attachment-thumbnail size-thumbnail\" alt=\"\" aria-describedby=\"gallery-3-13493\" srcset=\"https:\/\/instytutpolski.pl\/berlin\/wp-content\/uploads\/sites\/3\/2026\/08\/Logo-Krokodil_quadrat-150x150.png 150w, https:\/\/instytutpolski.pl\/berlin\/wp-content\/uploads\/sites\/3\/2026\/08\/Logo-Krokodil_quadrat.png 192w\" sizes=\"auto, (max-width: 150px) 100vw, 150px\" \/><\/a>\n\t\t\t<\/dt>\n\t\t\t\t<dd class='wp-caption-text gallery-caption' id='gallery-3-13493'>\n\t\t\t\tKino Krokodil\n\t\t\t\t<\/dd><\/dl><dl class='gallery-item'>\n\t\t\t<dt class='gallery-icon landscape'>\n\t\t\t\t<a href='https:\/\/instytutpolski.pl\/berlin\/20-filmpolska-archiv\/unterstuetzer\/1klick\/'><img loading=\"lazy\" decoding=\"async\" width=\"150\" height=\"150\" src=\"https:\/\/instytutpolski.pl\/berlin\/wp-content\/uploads\/sites\/3\/2025\/08\/1klick-150x150.png\" class=\"attachment-thumbnail size-thumbnail\" alt=\"\" aria-describedby=\"gallery-3-9846\" srcset=\"https:\/\/instytutpolski.pl\/berlin\/wp-content\/uploads\/sites\/3\/2025\/08\/1klick-150x150.png 150w, https:\/\/instytutpolski.pl\/berlin\/wp-content\/uploads\/sites\/3\/2025\/08\/1klick-300x300.png 300w, https:\/\/instytutpolski.pl\/berlin\/wp-content\/uploads\/sites\/3\/2025\/08\/1klick-1024x1024.png 1024w, https:\/\/instytutpolski.pl\/berlin\/wp-content\/uploads\/sites\/3\/2025\/08\/1klick-768x768.png 768w, https:\/\/instytutpolski.pl\/berlin\/wp-content\/uploads\/sites\/3\/2025\/08\/1klick-1536x1536.png 1536w, https:\/\/instytutpolski.pl\/berlin\/wp-content\/uploads\/sites\/3\/2025\/08\/1klick-2048x2048.png 2048w\" sizes=\"auto, (max-width: 150px) 100vw, 150px\" \/><\/a>\n\t\t\t<\/dt>\n\t\t\t\t<dd class='wp-caption-text gallery-caption' id='gallery-3-9846'>\n\t\t\t\tKLICK Kino\n\t\t\t\t<\/dd><\/dl><br style=\"clear: both\" \/><dl class='gallery-item'>\n\t\t\t<dt class='gallery-icon landscape'>\n\t\t\t\t<a href='https:\/\/instytutpolski.pl\/berlin\/filmpolska-2\/unterstutzer\/projekt-bez-tytulu-11\/'><img loading=\"lazy\" decoding=\"async\" width=\"150\" height=\"150\" src=\"https:\/\/instytutpolski.pl\/berlin\/wp-content\/uploads\/sites\/3\/2021\/08\/Projekt-bez-tytulu-7-150x150.png\" class=\"attachment-thumbnail size-thumbnail\" alt=\"\" aria-describedby=\"gallery-3-2842\" srcset=\"https:\/\/instytutpolski.pl\/berlin\/wp-content\/uploads\/sites\/3\/2021\/08\/Projekt-bez-tytulu-7-150x150.png 150w, https:\/\/instytutpolski.pl\/berlin\/wp-content\/uploads\/sites\/3\/2021\/08\/Projekt-bez-tytulu-7.png 180w\" sizes=\"auto, (max-width: 150px) 100vw, 150px\" \/><\/a>\n\t\t\t<\/dt>\n\t\t\t\t<dd class='wp-caption-text gallery-caption' id='gallery-3-2842'>\n\t\t\t\tSputnik Kino\n\t\t\t\t<\/dd><\/dl><dl class='gallery-item'>\n\t\t\t<dt class='gallery-icon landscape'>\n\t\t\t\t<a href='https:\/\/instytutpolski.pl\/berlin\/20-filmpolska-archiv\/unterstuetzer\/thalia180_obszar-roboczy-1\/'><img loading=\"lazy\" decoding=\"async\" width=\"150\" height=\"150\" src=\"https:\/\/instytutpolski.pl\/berlin\/wp-content\/uploads\/sites\/3\/2022\/06\/thalia180_Obszar-roboczy-1-150x150.png\" class=\"attachment-thumbnail size-thumbnail\" alt=\"\" aria-describedby=\"gallery-3-3905\" srcset=\"https:\/\/instytutpolski.pl\/berlin\/wp-content\/uploads\/sites\/3\/2022\/06\/thalia180_Obszar-roboczy-1-150x150.png 150w, https:\/\/instytutpolski.pl\/berlin\/wp-content\/uploads\/sites\/3\/2022\/06\/thalia180_Obszar-roboczy-1-300x300.png 300w, https:\/\/instytutpolski.pl\/berlin\/wp-content\/uploads\/sites\/3\/2022\/06\/thalia180_Obszar-roboczy-1.png 750w\" sizes=\"auto, (max-width: 150px) 100vw, 150px\" \/><\/a>\n\t\t\t<\/dt>\n\t\t\t\t<dd class='wp-caption-text gallery-caption' id='gallery-3-3905'>\n\t\t\t\tThalia Potsdam\n\t\t\t\t<\/dd><\/dl><dl class='gallery-item'>\n\t\t\t<dt class='gallery-icon landscape'>\n\t\t\t\t<a href='https:\/\/instytutpolski.pl\/berlin\/filmpolska-2\/unterstutzer\/wolf-schriftzug-100-fill_180x180_ffffff-cf3100d758\/'><img loading=\"lazy\" decoding=\"async\" width=\"150\" height=\"150\" src=\"https:\/\/instytutpolski.pl\/berlin\/wp-content\/uploads\/sites\/3\/2020\/11\/WOLF-Schriftzug-100.fill_180x180_FFFFFF.cf3100d758-150x150.jpg\" class=\"attachment-thumbnail size-thumbnail\" alt=\"\" aria-describedby=\"gallery-3-1875\" srcset=\"https:\/\/instytutpolski.pl\/berlin\/wp-content\/uploads\/sites\/3\/2020\/11\/WOLF-Schriftzug-100.fill_180x180_FFFFFF.cf3100d758-150x150.jpg 150w, https:\/\/instytutpolski.pl\/berlin\/wp-content\/uploads\/sites\/3\/2020\/11\/WOLF-Schriftzug-100.fill_180x180_FFFFFF.cf3100d758.jpg 180w\" sizes=\"auto, (max-width: 150px) 100vw, 150px\" \/><\/a>\n\t\t\t<\/dt>\n\t\t\t\t<dd class='wp-caption-text gallery-caption' id='gallery-3-1875'>\n\t\t\t\tWolf Kino\n\t\t\t\t<\/dd><\/dl>\n\t\t\t<br style='clear: both' \/>\n\t\t<\/div>\n\n<h3>\u00a0<\/h3>\n<h3>\u00a0<\/h3>\n<h3>\u00a0<\/h3>\n<p>\u00a0<\/p>\n\n\n","protected":false},"excerpt":{"rendered":"<p>an den Decks:Halina World (House) &amp; Monster (Techno\/Trance) aus Warschaunuarrrrr (House) &amp; Ksenia K (Deep House\/Minimal) aus Berlin Oramics ist eine 2017 gegr\u00fcndete feministische K\u00fcnstler*innenplattform, die sich zum Ziel gesetzt hat, sowohl Frauen als auch queere und nicht-bin\u00e4re Menschen in der elektronischen Musikszene zu f\u00f6rdern. Das Kollektiv bietet regional unterrepr\u00e4sentierten K\u00fcnstler*innen ein Podium, verschafft Vertreter*innen [&hellip;]<\/p>\n","protected":false},"author":79,"featured_media":13698,"comment_status":"open","ping_status":"open","sticky":false,"template":"","format":"standard","meta":{"inline_featured_image":false,"_monsterinsights_skip_tracking":false,"_monsterinsights_sitenote_active":false,"_monsterinsights_sitenote_note":"","_monsterinsights_sitenote_category":0,"footnotes":""},"categories":[18,20,10],"tags":[156,100,169,132,97,324],"class_list":["post-12977","post","type-post","status-publish","format-standard","has-post-thumbnail","hentry","category-film","category-musik","category-programm","tag-festival","tag-film","tag-filmfestival","tag-filmpolska","tag-musik","tag-programm-de"],"yoast_head":"<!-- This site is optimized with the Yoast SEO plugin v24.6 - https:\/\/yoast.com\/wordpress\/plugins\/seo\/ -->\n<title>filmPOLSKA-Party mit Oramics, nuarrrrr &amp; Ksenia K - Instytut Polski w Berlinie<\/title>\n<meta name=\"robots\" content=\"index, follow, max-snippet:-1, max-image-preview:large, max-video-preview:-1\" \/>\n<link rel=\"canonical\" href=\"https:\/\/instytutpolski.pl\/berlin\/2026\/08\/13\/filmpolska-party-mit-oramics\/\" \/>\n<meta property=\"og:locale\" content=\"pl_PL\" \/>\n<meta property=\"og:type\" content=\"article\" \/>\n<meta property=\"og:title\" content=\"filmPOLSKA-Party mit Oramics, nuarrrrr &amp; Ksenia K - Instytut Polski w Berlinie\" \/>\n<meta property=\"og:description\" content=\"an den Decks:Halina World (House) &amp; Monster (Techno\/Trance) aus Warschaunuarrrrr (House) &amp; Ksenia K (Deep House\/Minimal) aus Berlin Oramics ist eine 2017 gegr\u00fcndete feministische K\u00fcnstler*innenplattform, die sich zum Ziel gesetzt hat, sowohl Frauen als auch queere und nicht-bin\u00e4re Menschen in der elektronischen Musikszene zu f\u00f6rdern. Das Kollektiv bietet regional unterrepr\u00e4sentierten K\u00fcnstler*innen ein Podium, verschafft Vertreter*innen [&hellip;]\" \/>\n<meta property=\"og:url\" content=\"https:\/\/instytutpolski.pl\/berlin\/2026\/08\/13\/filmpolska-party-mit-oramics\/\" \/>\n<meta property=\"og:site_name\" content=\"Instytut Polski w Berlinie\" \/>\n<meta property=\"article:published_time\" content=\"2026-08-13T07:00:00+00:00\" \/>\n<meta property=\"article:modified_time\" content=\"2026-09-02T14:50:32+00:00\" \/>\n<meta property=\"og:image\" content=\"https:\/\/instytutpolski.pl\/berlin\/wp-content\/uploads\/sites\/3\/2026\/08\/2026-09-12-filmPOLSKA-Party-Party-2025_2_strona.jpg\" \/>\n\t<meta property=\"og:image:width\" content=\"1500\" \/>\n\t<meta property=\"og:image:height\" content=\"1000\" \/>\n\t<meta property=\"og:image:type\" content=\"image\/jpeg\" \/>\n<meta name=\"author\" content=\"Rainer Mende\" \/>\n<meta name=\"twitter:card\" content=\"summary_large_image\" \/>\n<meta name=\"twitter:label1\" content=\"Napisane przez\" \/>\n\t<meta name=\"twitter:data1\" content=\"Rainer Mende\" \/>\n\t<meta name=\"twitter:label2\" content=\"Szacowany czas czytania\" \/>\n\t<meta name=\"twitter:data2\" content=\"3 minuty\" \/>\n<script type=\"application\/ld+json\" class=\"yoast-schema-graph\">{\"@context\":\"https:\/\/schema.org\",\"@graph\":[{\"@type\":\"event\",\"@id\":\"https:\/\/instytutpolski.pl\/berlin\/2026\/08\/13\/filmpolska-party-mit-oramics\/\",\"url\":\"https:\/\/instytutpolski.pl\/berlin\/2026\/08\/13\/filmpolska-party-mit-oramics\/\",\"name\":\"filmPOLSKA-Party mit Oramics, nuarrrrr &amp; Ksenia K\",\"isPartOf\":{\"@id\":\"https:\/\/instytutpolski.pl\/berlin\/#website\"},\"primaryImageOfPage\":{\"@id\":\"https:\/\/instytutpolski.pl\/berlin\/2026\/08\/13\/filmpolska-party-mit-oramics\/#primaryimage\"},\"image\":[\"https:\/\/instytutpolski.pl\/berlin\/wp-content\/uploads\/sites\/3\/2026\/08\/2026-09-12-filmPOLSKA-Party-Party-2025_2_strona.jpg\",\"https:\/\/instytutpolski.pl\/berlin\/wp-content\/uploads\/sites\/3\/2026\/08\/2026-09-12-filmPOLSKA-Party-Party-2025_2_strona-300x200.jpg\",\"https:\/\/instytutpolski.pl\/berlin\/wp-content\/uploads\/sites\/3\/2026\/08\/2026-09-12-filmPOLSKA-Party-Party-2025_2_strona-1024x683.jpg\",\"https:\/\/instytutpolski.pl\/berlin\/wp-content\/uploads\/sites\/3\/2026\/08\/2026-09-12-filmPOLSKA-Party-Party-2025_2_strona.jpg\"],\"thumbnailUrl\":\"https:\/\/instytutpolski.pl\/berlin\/wp-content\/uploads\/sites\/3\/2026\/08\/2026-09-12-filmPOLSKA-Party-Party-2025_2_strona.jpg\",\"datePublished\":\"2026-08-13T07:00:00+02:00\",\"dateModified\":\"2026-09-02T14:50:32+02:00\",\"author\":{\"@id\":\"https:\/\/instytutpolski.pl\/berlin\/#\/schema\/person\/a74d20cf3dac53f5579b2a3ec40f22dd\"},\"breadcrumb\":{\"@id\":\"https:\/\/instytutpolski.pl\/berlin\/2026\/08\/13\/filmpolska-party-mit-oramics\/#breadcrumb\"},\"inLanguage\":\"pl-PL\",\"potentialAction\":[{\"@type\":\"ReadAction\",\"target\":[\"https:\/\/instytutpolski.pl\/berlin\/2026\/08\/13\/filmpolska-party-mit-oramics\/\"]}],\"@context\":\"https:\/\/schema.org\",\"startDate\":\"2026-09-12T10:00:00+02:00\",\"endDate\":\"2026-09-13T06:00:00+02:00\",\"eventStatus\":\"EventScheduled\",\"eventAttendanceMode\":\"OfflineEventAttendanceMode\",\"location\":{\"@type\":\"place\",\"name\":\"\",\"address\":\"\",\"geo\":{\"@type\":\"GeoCoordinates\",\"latitude\":\"\",\"longitude\":\"\"}},\"description\":\"an den Decks:Halina World (House) &amp; Monster (Techno\/Trance) aus Warschaunuarrrrr (House) &amp; Ksenia K (Deep House\/Minimal) aus Berlin\\nOramics ist eine 2017 gegr\u00fcndete feministische K\u00fcnstler*innenplattform, die sich zum Ziel gesetzt hat, sowohl Frauen als auch queere und nicht-bin\u00e4re Menschen in der elektronischen Musikszene zu f\u00f6rdern. Das Kollektiv bietet regional unterrepr\u00e4sentierten K\u00fcnstler*innen ein Podium, verschafft Vertreter*innen der mittel-\/osteurop\u00e4ischen Elektro-Musikszene Geh\u00f6r und bem\u00fcht sich darum, Ungleichheiten in der Branche zu benennen sowie auszugleichen. Der Name bezieht sich auf die Elektro-Pionierin Daphne Oram (1925\u20132003), die als erste Frau ein elektronisches Musikinstrument konstruierte.\\n[gallery size=\\\"large\\\" columns=\\\"2\\\" link=\\\"file\\\" ids=\\\"13694,13696\\\"]\\nOramics erstellt und ver\u00f6ffentlicht Compilations f\u00fcr wohlt\u00e4tige Zwecke, organisiert Workshops zu Musikproduktion und DJing sowie Veranstaltungen f\u00fcr zeitgen\u00f6ssische elektronische Musik in Polen und im Ausland (u.\u00a0a. Deutschland, den Niederlanden und Gro\u00dfbritannien). Au\u00dferdem setzt sich Oramics in Diskussionen kritisch mit der Musikindustrie als Schnittstelle von Genderfragen, Politik und Kunst auseinander. Zur bunten Oramics-Familie geh\u00f6ren die Acts Monster, Id\u0119 Na, Halina World, Mala Herba und ISNT.\\n[gallery columns=\\\"2\\\" link=\\\"file\\\" size=\\\"large\\\" ids=\\\"13697,13695\\\"]\\nGemeinsam mit zwei Oramics-K\u00fcnstlerinnen aus Warschau werden die in der Ukraine geborenen und in Berlin lebenden Musiker*innen Sasha Senkin alias DJ nuarrrrr und Ksenia Kudryavets alias DJ Ksenia K die Tanzfl\u00e4che beschallen. [Rainer Mende]\\nVeranstaltung auf FacebookInfo: facebook.com\/filmpolska.berlin, oramics.pl, instagram.com\/oramicsplEintritt: freiOrt: 131 Bar, Chaussestr. 131A, 10115 Berlin\\n\u00a0\\n\u00a0\\n\u00a0\\n21. filmPOLSKA \u2013 Polnisches Filmfestival\\nVeranstalter: Polnisches Institut Berlin, filmPOLSKA\\nUnterst\u00fctzer: Adam-Mickiewicz-Institut, Polski Instytut Sztuki Filmowej \/ Polish Film Institute, Ministerium f\u00fcr Kultur und Nationales Erbe der Republik Polen aus dem Fond f\u00fcr Kulturf\u00f6rderung\\nKooperationspartner: Cineville, Deutsches Historisches Museum \/ Zeughauskino, FilmFestival Cottbus, Filmuniversit\u00e4t Babelsberg KONRAD WOLF, Millenium Docs Against Gravity, Mokry Nos Psa, Polish Filmmakers Association, Topographie des Terrors, Wajda School &amp; Studio\\nMedienpartner: Berliner Filmfestivals, Cosmo, Filml\u00f6win, Fluxfm, Indiekino &amp; Cinematic Berlin, radio3, RAUSGEGANGEN, taz, The Berliner\\n\u00a0\\n\u00a0\\n\u00a0\\n\u00a0\\n[gallery columns=\\\"4\\\" ids=\\\"13499,13498,3876,6974,10301,13345,10326,3901,3890,9842,7041,13347,13349,13482,5426,9844,9849,13484,13486,5431,3879,13487,1879,5432,13494,1883,13493,9846,2842,3905,1875\\\"]\\n\u00a0\\n\u00a0\\n\u00a0\\n\u00a0\"},{\"@type\":\"ImageObject\",\"inLanguage\":\"pl-PL\",\"@id\":\"https:\/\/instytutpolski.pl\/berlin\/2026\/08\/13\/filmpolska-party-mit-oramics\/#primaryimage\",\"url\":\"https:\/\/instytutpolski.pl\/berlin\/wp-content\/uploads\/sites\/3\/2026\/08\/2026-09-12-filmPOLSKA-Party-Party-2025_2_strona.jpg\",\"contentUrl\":\"https:\/\/instytutpolski.pl\/berlin\/wp-content\/uploads\/sites\/3\/2026\/08\/2026-09-12-filmPOLSKA-Party-Party-2025_2_strona.jpg\",\"width\":1500,\"height\":1000},{\"@type\":\"BreadcrumbList\",\"@id\":\"https:\/\/instytutpolski.pl\/berlin\/2026\/08\/13\/filmpolska-party-mit-oramics\/#breadcrumb\",\"itemListElement\":[{\"@type\":\"ListItem\",\"position\":1,\"name\":\"Home\",\"item\":\"https:\/\/instytutpolski.pl\/berlin\/\"},{\"@type\":\"ListItem\",\"position\":2,\"name\":\"filmPOLSKA-Party mit Oramics, nuarrrrr &amp; Ksenia K\"}]},{\"@type\":\"WebSite\",\"@id\":\"https:\/\/instytutpolski.pl\/berlin\/#website\",\"url\":\"https:\/\/instytutpolski.pl\/berlin\/\",\"name\":\"Instytut Polski w Berlinie\",\"description\":\"Instytuty Polskie\",\"potentialAction\":[{\"@type\":\"SearchAction\",\"target\":{\"@type\":\"EntryPoint\",\"urlTemplate\":\"https:\/\/instytutpolski.pl\/berlin\/?s={search_term_string}\"},\"query-input\":{\"@type\":\"PropertyValueSpecification\",\"valueRequired\":true,\"valueName\":\"search_term_string\"}}],\"inLanguage\":\"pl-PL\"},{\"@type\":\"Person\",\"@id\":\"https:\/\/instytutpolski.pl\/berlin\/#\/schema\/person\/a74d20cf3dac53f5579b2a3ec40f22dd\",\"name\":\"Rainer Mende\",\"image\":{\"@type\":\"ImageObject\",\"inLanguage\":\"pl-PL\",\"@id\":\"https:\/\/instytutpolski.pl\/berlin\/#\/schema\/person\/image\/\",\"url\":\"https:\/\/secure.gravatar.com\/avatar\/61382ed949dec269ce106c2fd5871a60?s=96&d=mm&r=g\",\"contentUrl\":\"https:\/\/secure.gravatar.com\/avatar\/61382ed949dec269ce106c2fd5871a60?s=96&d=mm&r=g\",\"caption\":\"Rainer Mende\"},\"url\":\"https:\/\/instytutpolski.pl\/berlin\/author\/mender\/\"}]}<\/script>\n<!-- \/ Yoast SEO plugin. -->","yoast_head_json":{"title":"filmPOLSKA-Party mit Oramics, nuarrrrr &amp; Ksenia K - Instytut Polski w Berlinie","robots":{"index":"index","follow":"follow","max-snippet":"max-snippet:-1","max-image-preview":"max-image-preview:large","max-video-preview":"max-video-preview:-1"},"canonical":"https:\/\/instytutpolski.pl\/berlin\/2026\/08\/13\/filmpolska-party-mit-oramics\/","og_locale":"pl_PL","og_type":"article","og_title":"filmPOLSKA-Party mit Oramics, nuarrrrr &amp; Ksenia K - Instytut Polski w Berlinie","og_description":"an den Decks:Halina World (House) &amp; Monster (Techno\/Trance) aus Warschaunuarrrrr (House) &amp; Ksenia K (Deep House\/Minimal) aus Berlin Oramics ist eine 2017 gegr\u00fcndete feministische K\u00fcnstler*innenplattform, die sich zum Ziel gesetzt hat, sowohl Frauen als auch queere und nicht-bin\u00e4re Menschen in der elektronischen Musikszene zu f\u00f6rdern. Das Kollektiv bietet regional unterrepr\u00e4sentierten K\u00fcnstler*innen ein Podium, verschafft Vertreter*innen [&hellip;]","og_url":"https:\/\/instytutpolski.pl\/berlin\/2026\/08\/13\/filmpolska-party-mit-oramics\/","og_site_name":"Instytut Polski w Berlinie","article_published_time":"2026-08-13T07:00:00+00:00","article_modified_time":"2026-09-02T14:50:32+00:00","og_image":[{"width":1500,"height":1000,"url":"https:\/\/instytutpolski.pl\/berlin\/wp-content\/uploads\/sites\/3\/2026\/08\/2026-09-12-filmPOLSKA-Party-Party-2025_2_strona.jpg","type":"image\/jpeg"}],"author":"Rainer Mende","twitter_card":"summary_large_image","twitter_misc":{"Napisane przez":"Rainer Mende","Szacowany czas czytania":"3 minuty"},"schema":{"@context":"https:\/\/schema.org","@graph":[{"@type":"event","@id":"https:\/\/instytutpolski.pl\/berlin\/2026\/08\/13\/filmpolska-party-mit-oramics\/","url":"https:\/\/instytutpolski.pl\/berlin\/2026\/08\/13\/filmpolska-party-mit-oramics\/","name":"filmPOLSKA-Party mit Oramics, nuarrrrr &amp; Ksenia K","isPartOf":{"@id":"https:\/\/instytutpolski.pl\/berlin\/#website"},"primaryImageOfPage":{"@id":"https:\/\/instytutpolski.pl\/berlin\/2026\/08\/13\/filmpolska-party-mit-oramics\/#primaryimage"},"image":["https:\/\/instytutpolski.pl\/berlin\/wp-content\/uploads\/sites\/3\/2026\/08\/2026-09-12-filmPOLSKA-Party-Party-2025_2_strona.jpg","https:\/\/instytutpolski.pl\/berlin\/wp-content\/uploads\/sites\/3\/2026\/08\/2026-09-12-filmPOLSKA-Party-Party-2025_2_strona-300x200.jpg","https:\/\/instytutpolski.pl\/berlin\/wp-content\/uploads\/sites\/3\/2026\/08\/2026-09-12-filmPOLSKA-Party-Party-2025_2_strona-1024x683.jpg","https:\/\/instytutpolski.pl\/berlin\/wp-content\/uploads\/sites\/3\/2026\/08\/2026-09-12-filmPOLSKA-Party-Party-2025_2_strona.jpg"],"thumbnailUrl":"https:\/\/instytutpolski.pl\/berlin\/wp-content\/uploads\/sites\/3\/2026\/08\/2026-09-12-filmPOLSKA-Party-Party-2025_2_strona.jpg","datePublished":"2026-08-13T07:00:00+02:00","dateModified":"2026-09-02T14:50:32+02:00","author":{"@id":"https:\/\/instytutpolski.pl\/berlin\/#\/schema\/person\/a74d20cf3dac53f5579b2a3ec40f22dd"},"breadcrumb":{"@id":"https:\/\/instytutpolski.pl\/berlin\/2026\/08\/13\/filmpolska-party-mit-oramics\/#breadcrumb"},"inLanguage":"pl-PL","potentialAction":[{"@type":"ReadAction","target":["https:\/\/instytutpolski.pl\/berlin\/2026\/08\/13\/filmpolska-party-mit-oramics\/"]}],"@context":"https:\/\/schema.org","startDate":"2026-09-12T10:00:00+02:00","endDate":"2026-09-13T06:00:00+02:00","eventStatus":"EventScheduled","eventAttendanceMode":"OfflineEventAttendanceMode","location":{"@type":"place","name":"","address":"","geo":{"@type":"GeoCoordinates","latitude":"","longitude":""}},"description":"an den Decks:Halina World (House) &amp; Monster (Techno\/Trance) aus Warschaunuarrrrr (House) &amp; Ksenia K (Deep House\/Minimal) aus Berlin\nOramics ist eine 2017 gegr\u00fcndete feministische K\u00fcnstler*innenplattform, die sich zum Ziel gesetzt hat, sowohl Frauen als auch queere und nicht-bin\u00e4re Menschen in der elektronischen Musikszene zu f\u00f6rdern. Das Kollektiv bietet regional unterrepr\u00e4sentierten K\u00fcnstler*innen ein Podium, verschafft Vertreter*innen der mittel-\/osteurop\u00e4ischen Elektro-Musikszene Geh\u00f6r und bem\u00fcht sich darum, Ungleichheiten in der Branche zu benennen sowie auszugleichen. Der Name bezieht sich auf die Elektro-Pionierin Daphne Oram (1925\u20132003), die als erste Frau ein elektronisches Musikinstrument konstruierte.\n[gallery size=\"large\" columns=\"2\" link=\"file\" ids=\"13694,13696\"]\nOramics erstellt und ver\u00f6ffentlicht Compilations f\u00fcr wohlt\u00e4tige Zwecke, organisiert Workshops zu Musikproduktion und DJing sowie Veranstaltungen f\u00fcr zeitgen\u00f6ssische elektronische Musik in Polen und im Ausland (u.\u00a0a. Deutschland, den Niederlanden und Gro\u00dfbritannien). Au\u00dferdem setzt sich Oramics in Diskussionen kritisch mit der Musikindustrie als Schnittstelle von Genderfragen, Politik und Kunst auseinander. Zur bunten Oramics-Familie geh\u00f6ren die Acts Monster, Id\u0119 Na, Halina World, Mala Herba und ISNT.\n[gallery columns=\"2\" link=\"file\" size=\"large\" ids=\"13697,13695\"]\nGemeinsam mit zwei Oramics-K\u00fcnstlerinnen aus Warschau werden die in der Ukraine geborenen und in Berlin lebenden Musiker*innen Sasha Senkin alias DJ nuarrrrr und Ksenia Kudryavets alias DJ Ksenia K die Tanzfl\u00e4che beschallen. [Rainer Mende]\nVeranstaltung auf FacebookInfo: facebook.com\/filmpolska.berlin, oramics.pl, instagram.com\/oramicsplEintritt: freiOrt: 131 Bar, Chaussestr. 131A, 10115 Berlin\n\u00a0\n\u00a0\n\u00a0\n21. filmPOLSKA \u2013 Polnisches Filmfestival\nVeranstalter: Polnisches Institut Berlin, filmPOLSKA\nUnterst\u00fctzer: Adam-Mickiewicz-Institut, Polski Instytut Sztuki Filmowej \/ Polish Film Institute, Ministerium f\u00fcr Kultur und Nationales Erbe der Republik Polen aus dem Fond f\u00fcr Kulturf\u00f6rderung\nKooperationspartner: Cineville, Deutsches Historisches Museum \/ Zeughauskino, FilmFestival Cottbus, Filmuniversit\u00e4t Babelsberg KONRAD WOLF, Millenium Docs Against Gravity, Mokry Nos Psa, Polish Filmmakers Association, Topographie des Terrors, Wajda School &amp; Studio\nMedienpartner: Berliner Filmfestivals, Cosmo, Filml\u00f6win, Fluxfm, Indiekino &amp; Cinematic Berlin, radio3, RAUSGEGANGEN, taz, The Berliner\n\u00a0\n\u00a0\n\u00a0\n\u00a0\n[gallery columns=\"4\" ids=\"13499,13498,3876,6974,10301,13345,10326,3901,3890,9842,7041,13347,13349,13482,5426,9844,9849,13484,13486,5431,3879,13487,1879,5432,13494,1883,13493,9846,2842,3905,1875\"]\n\u00a0\n\u00a0\n\u00a0\n\u00a0"},{"@type":"ImageObject","inLanguage":"pl-PL","@id":"https:\/\/instytutpolski.pl\/berlin\/2026\/08\/13\/filmpolska-party-mit-oramics\/#primaryimage","url":"https:\/\/instytutpolski.pl\/berlin\/wp-content\/uploads\/sites\/3\/2026\/08\/2026-09-12-filmPOLSKA-Party-Party-2025_2_strona.jpg","contentUrl":"https:\/\/instytutpolski.pl\/berlin\/wp-content\/uploads\/sites\/3\/2026\/08\/2026-09-12-filmPOLSKA-Party-Party-2025_2_strona.jpg","width":1500,"height":1000},{"@type":"BreadcrumbList","@id":"https:\/\/instytutpolski.pl\/berlin\/2026\/08\/13\/filmpolska-party-mit-oramics\/#breadcrumb","itemListElement":[{"@type":"ListItem","position":1,"name":"Home","item":"https:\/\/instytutpolski.pl\/berlin\/"},{"@type":"ListItem","position":2,"name":"filmPOLSKA-Party mit Oramics, nuarrrrr &amp; Ksenia K"}]},{"@type":"WebSite","@id":"https:\/\/instytutpolski.pl\/berlin\/#website","url":"https:\/\/instytutpolski.pl\/berlin\/","name":"Instytut Polski w Berlinie","description":"Instytuty Polskie","potentialAction":[{"@type":"SearchAction","target":{"@type":"EntryPoint","urlTemplate":"https:\/\/instytutpolski.pl\/berlin\/?s={search_term_string}"},"query-input":{"@type":"PropertyValueSpecification","valueRequired":true,"valueName":"search_term_string"}}],"inLanguage":"pl-PL"},{"@type":"Person","@id":"https:\/\/instytutpolski.pl\/berlin\/#\/schema\/person\/a74d20cf3dac53f5579b2a3ec40f22dd","name":"Rainer Mende","image":{"@type":"ImageObject","inLanguage":"pl-PL","@id":"https:\/\/instytutpolski.pl\/berlin\/#\/schema\/person\/image\/","url":"https:\/\/secure.gravatar.com\/avatar\/61382ed949dec269ce106c2fd5871a60?s=96&d=mm&r=g","contentUrl":"https:\/\/secure.gravatar.com\/avatar\/61382ed949dec269ce106c2fd5871a60?s=96&d=mm&r=g","caption":"Rainer Mende"},"url":"https:\/\/instytutpolski.pl\/berlin\/author\/mender\/"}]}},"_links":{"self":[{"href":"https:\/\/instytutpolski.pl\/berlin\/wp-json\/wp\/v2\/posts\/12977","targetHints":{"allow":["GET"]}}],"collection":[{"href":"https:\/\/instytutpolski.pl\/berlin\/wp-json\/wp\/v2\/posts"}],"about":[{"href":"https:\/\/instytutpolski.pl\/berlin\/wp-json\/wp\/v2\/types\/post"}],"author":[{"embeddable":true,"href":"https:\/\/instytutpolski.pl\/berlin\/wp-json\/wp\/v2\/users\/79"}],"replies":[{"embeddable":true,"href":"https:\/\/instytutpolski.pl\/berlin\/wp-json\/wp\/v2\/comments?post=12977"}],"version-history":[{"count":17,"href":"https:\/\/instytutpolski.pl\/berlin\/wp-json\/wp\/v2\/posts\/12977\/revisions"}],"predecessor-version":[{"id":13721,"href":"https:\/\/instytutpolski.pl\/berlin\/wp-json\/wp\/v2\/posts\/12977\/revisions\/13721"}],"wp:featuredmedia":[{"embeddable":true,"href":"https:\/\/instytutpolski.pl\/berlin\/wp-json\/wp\/v2\/media\/13698"}],"wp:attachment":[{"href":"https:\/\/instytutpolski.pl\/berlin\/wp-json\/wp\/v2\/media?parent=12977"}],"wp:term":[{"taxonomy":"category","embeddable":true,"href":"https:\/\/instytutpolski.pl\/berlin\/wp-json\/wp\/v2\/categories?post=12977"},{"taxonomy":"post_tag","embeddable":true,"href":"https:\/\/instytutpolski.pl\/berlin\/wp-json\/wp\/v2\/tags?post=12977"}],"curies":[{"name":"wp","href":"https:\/\/api.w.org\/{rel}","templated":true}]}}