{"id":109,"date":"2019-06-06T20:11:03","date_gmt":"2019-06-06T18:11:03","guid":{"rendered":"https:\/\/instytutpolski.pl\/bratyslawa\/?p=109"},"modified":"2021-12-03T09:54:08","modified_gmt":"2021-12-03T08:54:08","slug":"100-veci-ktore-neviete-o-polsku","status":"publish","type":"post","link":"https:\/\/instytutpolski.pl\/bratislava\/2019\/06\/06\/100-veci-ktore-neviete-o-polsku\/","title":{"rendered":"100 vec\u00ed, ktor\u00e9 neviete o Po\u013esku"},"content":{"rendered":"\n<p style=\"font-weight: 400\">V\u00a0s\u00favislosti so za\u010diatkom jubilejn\u00e9ho roka pre Po\u013esko \u2013 st\u00e9ho v\u00fdro\u010dia op\u00e4tovn\u00e9ho z\u00edskania nez\u00e1vislosti \u2013 Odbor verejnej a\u00a0kult\u00farnej diplomacie spolu s\u00a0Tla\u010dov\u00fdm odborom Ministerstva zahrani\u010dn\u00fdch vec\u00ed Po\u013eskej republiky spustili internetov\u00fa propaga\u010dn\u00fa kampa\u0148 s\u00a0n\u00e1zvom\u00a0<strong>100 vec\u00ed, ktor\u00e9 ste nevedeli o\u00a0Po\u013esku<\/strong>. Cie\u013eom kampane je predstavi\u0165 inform\u00e1cie o\u00a0Po\u013esku, ktor\u00e9 nie s\u00fa samozrejm\u00e9, ako aj zd\u00f4razni\u0165 pozit\u00edva a\u00a0v\u00fdnimo\u010dnos\u0165 Po\u013eska.<\/p>\n<p style=\"font-weight: 400\">\u00a0<\/p>\n<p style=\"font-weight: 400\">V\u00a0r\u00e1mci pripravenej kampane sa na soci\u00e1lnych m\u00e9di\u00e1ch objav\u00ed 100 postov o\u00a0zauj\u00edmav\u00fdch faktoch s\u00favisiacich s\u00a0Po\u013eskom. Bud\u00fa sa t\u00fdka\u0165 po\u013eskej kult\u00fary, vedy, trad\u00edcie a\u00a0hist\u00f3rie, po\u013esk\u00e9ho \u0161portu, ako aj \u00faspechov a\u00a0inov\u00e1ci\u00ed, ktor\u00e9 sa te\u0161ia popularite v\u00a0zahrani\u010d\u00ed.<\/p>\n","protected":false},"excerpt":{"rendered":"<p>V\u00a0s\u00favislosti so za\u010diatkom jubilejn\u00e9ho roka pre Po\u013esko \u2013 st\u00e9ho v\u00fdro\u010dia op\u00e4tovn\u00e9ho z\u00edskania nez\u00e1vislosti \u2013 Odbor verejnej a\u00a0kult\u00farnej diplomacie spolu s\u00a0Tla\u010dov\u00fdm odborom Ministerstva zahrani\u010dn\u00fdch vec\u00ed Po\u013eskej republiky spustili internetov\u00fa propaga\u010dn\u00fa kampa\u0148 s\u00a0n\u00e1zvom\u00a0100 vec\u00ed, ktor\u00e9 ste nevedeli o\u00a0Po\u013esku. Cie\u013eom kampane je predstavi\u0165 inform\u00e1cie o\u00a0Po\u013esku, ktor\u00e9 nie s\u00fa samozrejm\u00e9, ako aj zd\u00f4razni\u0165 pozit\u00edva a\u00a0v\u00fdnimo\u010dnos\u0165 Po\u013eska. \u00a0 V\u00a0r\u00e1mci pripravenej [&hellip;]<\/p>\n","protected":false},"author":1,"featured_media":110,"comment_status":"open","ping_status":"open","sticky":false,"template":"","format":"standard","meta":{"inline_featured_image":false,"_monsterinsights_skip_tracking":false,"_monsterinsights_sitenote_active":false,"_monsterinsights_sitenote_note":"","_monsterinsights_sitenote_category":0,"footnotes":""},"categories":[25],"tags":[],"class_list":["post-109","post","type-post","status-publish","format-standard","has-post-thumbnail","hentry","category-100pl"],"yoast_head":"<!-- This site is optimized with the Yoast SEO plugin v24.6 - https:\/\/yoast.com\/wordpress\/plugins\/seo\/ -->\n<title>100 vec\u00ed, ktor\u00e9 neviete o Po\u013esku - Instytut Polski w Bratys\u0142awie<\/title>\n<meta name=\"robots\" content=\"index, follow, max-snippet:-1, max-image-preview:large, max-video-preview:-1\" \/>\n<link rel=\"canonical\" href=\"https:\/\/instytutpolski.pl\/bratislava\/2019\/06\/06\/100-veci-ktore-neviete-o-polsku\/\" \/>\n<meta property=\"og:locale\" content=\"pl_PL\" \/>\n<meta property=\"og:type\" content=\"article\" \/>\n<meta property=\"og:title\" content=\"100 vec\u00ed, ktor\u00e9 neviete o Po\u013esku - Instytut Polski w Bratys\u0142awie\" \/>\n<meta property=\"og:description\" content=\"V\u00a0s\u00favislosti so za\u010diatkom jubilejn\u00e9ho roka pre Po\u013esko \u2013 st\u00e9ho v\u00fdro\u010dia op\u00e4tovn\u00e9ho z\u00edskania nez\u00e1vislosti \u2013 Odbor verejnej a\u00a0kult\u00farnej diplomacie spolu s\u00a0Tla\u010dov\u00fdm odborom Ministerstva zahrani\u010dn\u00fdch vec\u00ed Po\u013eskej republiky spustili internetov\u00fa propaga\u010dn\u00fa kampa\u0148 s\u00a0n\u00e1zvom\u00a0100 vec\u00ed, ktor\u00e9 ste nevedeli o\u00a0Po\u013esku. Cie\u013eom kampane je predstavi\u0165 inform\u00e1cie o\u00a0Po\u013esku, ktor\u00e9 nie s\u00fa samozrejm\u00e9, ako aj zd\u00f4razni\u0165 pozit\u00edva a\u00a0v\u00fdnimo\u010dnos\u0165 Po\u013eska. \u00a0 V\u00a0r\u00e1mci pripravenej [&hellip;]\" \/>\n<meta property=\"og:url\" content=\"https:\/\/instytutpolski.pl\/bratislava\/2019\/06\/06\/100-veci-ktore-neviete-o-polsku\/\" \/>\n<meta property=\"og:site_name\" content=\"Instytut Polski w Bratys\u0142awie\" \/>\n<meta property=\"article:published_time\" content=\"2019-06-06T18:11:03+00:00\" \/>\n<meta property=\"article:modified_time\" content=\"2021-12-03T08:54:08+00:00\" \/>\n<meta property=\"og:image\" content=\"https:\/\/instytutpolski.pl\/bratislava\/wp-content\/uploads\/sites\/13\/2019\/06\/001-1024x575.png\" \/>\n\t<meta property=\"og:image:width\" content=\"1024\" \/>\n\t<meta property=\"og:image:height\" content=\"575\" \/>\n\t<meta property=\"og:image:type\" content=\"image\/png\" \/>\n<meta name=\"author\" content=\"sienkiewiczl.disabled\" \/>\n<meta name=\"twitter:card\" content=\"summary_large_image\" \/>\n<meta name=\"twitter:label1\" content=\"Napisane przez\" \/>\n\t<meta name=\"twitter:data1\" content=\"sienkiewiczl.disabled\" \/>\n\t<meta name=\"twitter:label2\" content=\"Szacowany czas czytania\" \/>\n\t<meta name=\"twitter:data2\" content=\"1 minuta\" \/>\n<script type=\"application\/ld+json\" class=\"yoast-schema-graph\">{\"@context\":\"https:\/\/schema.org\",\"@graph\":[{\"@type\":\"event\",\"@id\":\"https:\/\/instytutpolski.pl\/bratislava\/2019\/06\/06\/100-veci-ktore-neviete-o-polsku\/\",\"url\":\"https:\/\/instytutpolski.pl\/bratislava\/2019\/06\/06\/100-veci-ktore-neviete-o-polsku\/\",\"name\":\"100 vec\u00ed, ktor\u00e9 neviete o Po\u013esku\",\"isPartOf\":{\"@id\":\"https:\/\/instytutpolski.pl\/bratislava\/#website\"},\"primaryImageOfPage\":{\"@id\":\"https:\/\/instytutpolski.pl\/bratislava\/2019\/06\/06\/100-veci-ktore-neviete-o-polsku\/#primaryimage\"},\"image\":[\"https:\/\/instytutpolski.pl\/bratislava\/wp-content\/uploads\/sites\/13\/2019\/06\/001.png\",\"https:\/\/instytutpolski.pl\/bratislava\/wp-content\/uploads\/sites\/13\/2019\/06\/001-300x168.png\",\"https:\/\/instytutpolski.pl\/bratislava\/wp-content\/uploads\/sites\/13\/2019\/06\/001-1024x575.png\",\"https:\/\/instytutpolski.pl\/bratislava\/wp-content\/uploads\/sites\/13\/2019\/06\/001.png\"],\"thumbnailUrl\":\"https:\/\/instytutpolski.pl\/bratislava\/wp-content\/uploads\/sites\/13\/2019\/06\/001.png\",\"datePublished\":\"2019-06-06T18:11:03+02:00\",\"dateModified\":\"2021-12-03T08:54:08+02:00\",\"author\":{\"@id\":\"https:\/\/instytutpolski.pl\/bratislava\/#\/schema\/person\/0d8a0025312a17e346e67e3c446cf459\"},\"breadcrumb\":{\"@id\":\"https:\/\/instytutpolski.pl\/bratislava\/2019\/06\/06\/100-veci-ktore-neviete-o-polsku\/#breadcrumb\"},\"inLanguage\":\"pl-PL\",\"potentialAction\":[{\"@type\":\"ReadAction\",\"target\":[\"https:\/\/instytutpolski.pl\/bratislava\/2019\/06\/06\/100-veci-ktore-neviete-o-polsku\/\"]}],\"@context\":\"https:\/\/schema.org\",\"startDate\":\"2019-06-06\",\"endDate\":\"2019-06-06\",\"eventStatus\":\"EventScheduled\",\"eventAttendanceMode\":\"OfflineEventAttendanceMode\",\"location\":{\"@type\":\"place\",\"name\":\"\",\"address\":\"\",\"geo\":{\"@type\":\"GeoCoordinates\",\"latitude\":\"\",\"longitude\":\"\"}},\"description\":\"V\u00a0s\u00favislosti so za\u010diatkom jubilejn\u00e9ho roka pre Po\u013esko \u2013 st\u00e9ho v\u00fdro\u010dia op\u00e4tovn\u00e9ho z\u00edskania nez\u00e1vislosti \u2013 Odbor verejnej a\u00a0kult\u00farnej diplomacie spolu s\u00a0Tla\u010dov\u00fdm odborom Ministerstva zahrani\u010dn\u00fdch vec\u00ed Po\u013eskej republiky spustili internetov\u00fa propaga\u010dn\u00fa kampa\u0148 s\u00a0n\u00e1zvom\u00a0100 vec\u00ed, ktor\u00e9 ste nevedeli o\u00a0Po\u013esku. Cie\u013eom kampane je predstavi\u0165 inform\u00e1cie o\u00a0Po\u013esku, ktor\u00e9 nie s\u00fa samozrejm\u00e9, ako aj zd\u00f4razni\u0165 pozit\u00edva a\u00a0v\u00fdnimo\u010dnos\u0165 Po\u013eska.\\n\u00a0\\nV\u00a0r\u00e1mci pripravenej kampane sa na soci\u00e1lnych m\u00e9di\u00e1ch objav\u00ed 100 postov o\u00a0zauj\u00edmav\u00fdch faktoch s\u00favisiacich s\u00a0Po\u013eskom. Bud\u00fa sa t\u00fdka\u0165 po\u013eskej kult\u00fary, vedy, trad\u00edcie a\u00a0hist\u00f3rie, po\u013esk\u00e9ho \u0161portu, ako aj \u00faspechov a\u00a0inov\u00e1ci\u00ed, ktor\u00e9 sa te\u0161ia popularite v\u00a0zahrani\u010d\u00ed.\"},{\"@type\":\"ImageObject\",\"inLanguage\":\"pl-PL\",\"@id\":\"https:\/\/instytutpolski.pl\/bratislava\/2019\/06\/06\/100-veci-ktore-neviete-o-polsku\/#primaryimage\",\"url\":\"https:\/\/instytutpolski.pl\/bratislava\/wp-content\/uploads\/sites\/13\/2019\/06\/001.png\",\"contentUrl\":\"https:\/\/instytutpolski.pl\/bratislava\/wp-content\/uploads\/sites\/13\/2019\/06\/001.png\",\"width\":1422,\"height\":798},{\"@type\":\"BreadcrumbList\",\"@id\":\"https:\/\/instytutpolski.pl\/bratislava\/2019\/06\/06\/100-veci-ktore-neviete-o-polsku\/#breadcrumb\",\"itemListElement\":[{\"@type\":\"ListItem\",\"position\":1,\"name\":\"Home\",\"item\":\"https:\/\/instytutpolski.pl\/bratislava\/\"},{\"@type\":\"ListItem\",\"position\":2,\"name\":\"100 vec\u00ed, ktor\u00e9 neviete o Po\u013esku\"}]},{\"@type\":\"WebSite\",\"@id\":\"https:\/\/instytutpolski.pl\/bratislava\/#website\",\"url\":\"https:\/\/instytutpolski.pl\/bratislava\/\",\"name\":\"Instytut Polski w Bratys\u0142awie\",\"description\":\"Instytuty Polskie\",\"potentialAction\":[{\"@type\":\"SearchAction\",\"target\":{\"@type\":\"EntryPoint\",\"urlTemplate\":\"https:\/\/instytutpolski.pl\/bratislava\/?s={search_term_string}\"},\"query-input\":{\"@type\":\"PropertyValueSpecification\",\"valueRequired\":true,\"valueName\":\"search_term_string\"}}],\"inLanguage\":\"pl-PL\"},{\"@type\":\"Person\",\"@id\":\"https:\/\/instytutpolski.pl\/bratislava\/#\/schema\/person\/0d8a0025312a17e346e67e3c446cf459\",\"name\":\"sienkiewiczl.disabled\",\"image\":{\"@type\":\"ImageObject\",\"inLanguage\":\"pl-PL\",\"@id\":\"https:\/\/instytutpolski.pl\/bratislava\/#\/schema\/person\/image\/\",\"url\":\"https:\/\/secure.gravatar.com\/avatar\/37c03cac7512c34f5dfeba093c3631c1?s=96&d=mm&r=g\",\"contentUrl\":\"https:\/\/secure.gravatar.com\/avatar\/37c03cac7512c34f5dfeba093c3631c1?s=96&d=mm&r=g\",\"caption\":\"sienkiewiczl.disabled\"},\"url\":\"https:\/\/instytutpolski.pl\/bratislava\/author\/msz\/\"}]}<\/script>\n<!-- \/ Yoast SEO plugin. -->","yoast_head_json":{"title":"100 vec\u00ed, ktor\u00e9 neviete o Po\u013esku - Instytut Polski w Bratys\u0142awie","robots":{"index":"index","follow":"follow","max-snippet":"max-snippet:-1","max-image-preview":"max-image-preview:large","max-video-preview":"max-video-preview:-1"},"canonical":"https:\/\/instytutpolski.pl\/bratislava\/2019\/06\/06\/100-veci-ktore-neviete-o-polsku\/","og_locale":"pl_PL","og_type":"article","og_title":"100 vec\u00ed, ktor\u00e9 neviete o Po\u013esku - Instytut Polski w Bratys\u0142awie","og_description":"V\u00a0s\u00favislosti so za\u010diatkom jubilejn\u00e9ho roka pre Po\u013esko \u2013 st\u00e9ho v\u00fdro\u010dia op\u00e4tovn\u00e9ho z\u00edskania nez\u00e1vislosti \u2013 Odbor verejnej a\u00a0kult\u00farnej diplomacie spolu s\u00a0Tla\u010dov\u00fdm odborom Ministerstva zahrani\u010dn\u00fdch vec\u00ed Po\u013eskej republiky spustili internetov\u00fa propaga\u010dn\u00fa kampa\u0148 s\u00a0n\u00e1zvom\u00a0100 vec\u00ed, ktor\u00e9 ste nevedeli o\u00a0Po\u013esku. Cie\u013eom kampane je predstavi\u0165 inform\u00e1cie o\u00a0Po\u013esku, ktor\u00e9 nie s\u00fa samozrejm\u00e9, ako aj zd\u00f4razni\u0165 pozit\u00edva a\u00a0v\u00fdnimo\u010dnos\u0165 Po\u013eska. \u00a0 V\u00a0r\u00e1mci pripravenej [&hellip;]","og_url":"https:\/\/instytutpolski.pl\/bratislava\/2019\/06\/06\/100-veci-ktore-neviete-o-polsku\/","og_site_name":"Instytut Polski w Bratys\u0142awie","article_published_time":"2019-06-06T18:11:03+00:00","article_modified_time":"2021-12-03T08:54:08+00:00","og_image":[{"width":1024,"height":575,"url":"https:\/\/instytutpolski.pl\/bratislava\/wp-content\/uploads\/sites\/13\/2019\/06\/001-1024x575.png","type":"image\/png"}],"author":"sienkiewiczl.disabled","twitter_card":"summary_large_image","twitter_misc":{"Napisane przez":"sienkiewiczl.disabled","Szacowany czas czytania":"1 minuta"},"schema":{"@context":"https:\/\/schema.org","@graph":[{"@type":"event","@id":"https:\/\/instytutpolski.pl\/bratislava\/2019\/06\/06\/100-veci-ktore-neviete-o-polsku\/","url":"https:\/\/instytutpolski.pl\/bratislava\/2019\/06\/06\/100-veci-ktore-neviete-o-polsku\/","name":"100 vec\u00ed, ktor\u00e9 neviete o Po\u013esku","isPartOf":{"@id":"https:\/\/instytutpolski.pl\/bratislava\/#website"},"primaryImageOfPage":{"@id":"https:\/\/instytutpolski.pl\/bratislava\/2019\/06\/06\/100-veci-ktore-neviete-o-polsku\/#primaryimage"},"image":["https:\/\/instytutpolski.pl\/bratislava\/wp-content\/uploads\/sites\/13\/2019\/06\/001.png","https:\/\/instytutpolski.pl\/bratislava\/wp-content\/uploads\/sites\/13\/2019\/06\/001-300x168.png","https:\/\/instytutpolski.pl\/bratislava\/wp-content\/uploads\/sites\/13\/2019\/06\/001-1024x575.png","https:\/\/instytutpolski.pl\/bratislava\/wp-content\/uploads\/sites\/13\/2019\/06\/001.png"],"thumbnailUrl":"https:\/\/instytutpolski.pl\/bratislava\/wp-content\/uploads\/sites\/13\/2019\/06\/001.png","datePublished":"2019-06-06T18:11:03+02:00","dateModified":"2021-12-03T08:54:08+02:00","author":{"@id":"https:\/\/instytutpolski.pl\/bratislava\/#\/schema\/person\/0d8a0025312a17e346e67e3c446cf459"},"breadcrumb":{"@id":"https:\/\/instytutpolski.pl\/bratislava\/2019\/06\/06\/100-veci-ktore-neviete-o-polsku\/#breadcrumb"},"inLanguage":"pl-PL","potentialAction":[{"@type":"ReadAction","target":["https:\/\/instytutpolski.pl\/bratislava\/2019\/06\/06\/100-veci-ktore-neviete-o-polsku\/"]}],"@context":"https:\/\/schema.org","startDate":"2019-06-06","endDate":"2019-06-06","eventStatus":"EventScheduled","eventAttendanceMode":"OfflineEventAttendanceMode","location":{"@type":"place","name":"","address":"","geo":{"@type":"GeoCoordinates","latitude":"","longitude":""}},"description":"V\u00a0s\u00favislosti so za\u010diatkom jubilejn\u00e9ho roka pre Po\u013esko \u2013 st\u00e9ho v\u00fdro\u010dia op\u00e4tovn\u00e9ho z\u00edskania nez\u00e1vislosti \u2013 Odbor verejnej a\u00a0kult\u00farnej diplomacie spolu s\u00a0Tla\u010dov\u00fdm odborom Ministerstva zahrani\u010dn\u00fdch vec\u00ed Po\u013eskej republiky spustili internetov\u00fa propaga\u010dn\u00fa kampa\u0148 s\u00a0n\u00e1zvom\u00a0100 vec\u00ed, ktor\u00e9 ste nevedeli o\u00a0Po\u013esku. Cie\u013eom kampane je predstavi\u0165 inform\u00e1cie o\u00a0Po\u013esku, ktor\u00e9 nie s\u00fa samozrejm\u00e9, ako aj zd\u00f4razni\u0165 pozit\u00edva a\u00a0v\u00fdnimo\u010dnos\u0165 Po\u013eska.\n\u00a0\nV\u00a0r\u00e1mci pripravenej kampane sa na soci\u00e1lnych m\u00e9di\u00e1ch objav\u00ed 100 postov o\u00a0zauj\u00edmav\u00fdch faktoch s\u00favisiacich s\u00a0Po\u013eskom. Bud\u00fa sa t\u00fdka\u0165 po\u013eskej kult\u00fary, vedy, trad\u00edcie a\u00a0hist\u00f3rie, po\u013esk\u00e9ho \u0161portu, ako aj \u00faspechov a\u00a0inov\u00e1ci\u00ed, ktor\u00e9 sa te\u0161ia popularite v\u00a0zahrani\u010d\u00ed."},{"@type":"ImageObject","inLanguage":"pl-PL","@id":"https:\/\/instytutpolski.pl\/bratislava\/2019\/06\/06\/100-veci-ktore-neviete-o-polsku\/#primaryimage","url":"https:\/\/instytutpolski.pl\/bratislava\/wp-content\/uploads\/sites\/13\/2019\/06\/001.png","contentUrl":"https:\/\/instytutpolski.pl\/bratislava\/wp-content\/uploads\/sites\/13\/2019\/06\/001.png","width":1422,"height":798},{"@type":"BreadcrumbList","@id":"https:\/\/instytutpolski.pl\/bratislava\/2019\/06\/06\/100-veci-ktore-neviete-o-polsku\/#breadcrumb","itemListElement":[{"@type":"ListItem","position":1,"name":"Home","item":"https:\/\/instytutpolski.pl\/bratislava\/"},{"@type":"ListItem","position":2,"name":"100 vec\u00ed, ktor\u00e9 neviete o Po\u013esku"}]},{"@type":"WebSite","@id":"https:\/\/instytutpolski.pl\/bratislava\/#website","url":"https:\/\/instytutpolski.pl\/bratislava\/","name":"Instytut Polski w Bratys\u0142awie","description":"Instytuty Polskie","potentialAction":[{"@type":"SearchAction","target":{"@type":"EntryPoint","urlTemplate":"https:\/\/instytutpolski.pl\/bratislava\/?s={search_term_string}"},"query-input":{"@type":"PropertyValueSpecification","valueRequired":true,"valueName":"search_term_string"}}],"inLanguage":"pl-PL"},{"@type":"Person","@id":"https:\/\/instytutpolski.pl\/bratislava\/#\/schema\/person\/0d8a0025312a17e346e67e3c446cf459","name":"sienkiewiczl.disabled","image":{"@type":"ImageObject","inLanguage":"pl-PL","@id":"https:\/\/instytutpolski.pl\/bratislava\/#\/schema\/person\/image\/","url":"https:\/\/secure.gravatar.com\/avatar\/37c03cac7512c34f5dfeba093c3631c1?s=96&d=mm&r=g","contentUrl":"https:\/\/secure.gravatar.com\/avatar\/37c03cac7512c34f5dfeba093c3631c1?s=96&d=mm&r=g","caption":"sienkiewiczl.disabled"},"url":"https:\/\/instytutpolski.pl\/bratislava\/author\/msz\/"}]}},"_links":{"self":[{"href":"https:\/\/instytutpolski.pl\/bratislava\/wp-json\/wp\/v2\/posts\/109","targetHints":{"allow":["GET"]}}],"collection":[{"href":"https:\/\/instytutpolski.pl\/bratislava\/wp-json\/wp\/v2\/posts"}],"about":[{"href":"https:\/\/instytutpolski.pl\/bratislava\/wp-json\/wp\/v2\/types\/post"}],"author":[{"embeddable":true,"href":"https:\/\/instytutpolski.pl\/bratislava\/wp-json\/wp\/v2\/users\/1"}],"replies":[{"embeddable":true,"href":"https:\/\/instytutpolski.pl\/bratislava\/wp-json\/wp\/v2\/comments?post=109"}],"version-history":[{"count":1,"href":"https:\/\/instytutpolski.pl\/bratislava\/wp-json\/wp\/v2\/posts\/109\/revisions"}],"predecessor-version":[{"id":111,"href":"https:\/\/instytutpolski.pl\/bratislava\/wp-json\/wp\/v2\/posts\/109\/revisions\/111"}],"wp:featuredmedia":[{"embeddable":true,"href":"https:\/\/instytutpolski.pl\/bratislava\/wp-json\/wp\/v2\/media\/110"}],"wp:attachment":[{"href":"https:\/\/instytutpolski.pl\/bratislava\/wp-json\/wp\/v2\/media?parent=109"}],"wp:term":[{"taxonomy":"category","embeddable":true,"href":"https:\/\/instytutpolski.pl\/bratislava\/wp-json\/wp\/v2\/categories?post=109"},{"taxonomy":"post_tag","embeddable":true,"href":"https:\/\/instytutpolski.pl\/bratislava\/wp-json\/wp\/v2\/tags?post=109"}],"curies":[{"name":"wp","href":"https:\/\/api.w.org\/{rel}","templated":true}]}}