{"id":1652,"date":"2019-06-27T23:19:00","date_gmt":"2019-06-27T21:19:00","guid":{"rendered":"https:\/\/instytutpolski.pl\/bratislava\/?p=1652"},"modified":"2020-05-29T13:23:16","modified_gmt":"2020-05-29T11:23:16","slug":"diskusny-vecer-upn-40-vyrocie-papezskej-cesty-jana-pavla-ii-do-polska","status":"publish","type":"post","link":"https:\/\/instytutpolski.pl\/bratislava\/2019\/06\/27\/diskusny-vecer-upn-40-vyrocie-papezskej-cesty-jana-pavla-ii-do-polska\/","title":{"rendered":"Diskusn\u00fd ve\u010der \u00daPN: 40. v\u00fdro\u010die p\u00e1pe\u017eskej cesty J\u00e1na Pavla II. do Po\u013eska"},"content":{"rendered":"\n<p><strong>27. 6. \/ 17:00, Bratislava, Po\u013esk\u00fd in\u0161tit\u00fat, N\u00e1m. SNP 27<\/strong><\/p>\n\n\n\n<p><em>www.upn.gov.sk<\/em><\/p>\n\n\n\n<p>Tradi\u010dn\u00fd cyklus diskusn\u00fdch ve\u010derov, ktor\u00e9 organizuje\u00a0<strong>\u00dastav pam\u00e4ti n\u00e1roda<\/strong>, predostrie na j\u00fanovom stretnut\u00ed t\u00e9mu 40. v\u00fdro\u010dia prvej p\u00e1pe\u017eskej cesty J\u00e1na Pavla II. do Po\u013eska (2. \u2013 10. j\u00fana 1979), ke\u010f po\u013esk\u00fd Sv\u00e4t\u00fd Otec nav\u0161t\u00edvil Var\u0161avu, Gniezno, \u010censtochov\u00fa, Kalwariu Zebrzydowsk\u00fa, Wadowice, Krakov a\u00a0b\u00fdval\u00fd nemeck\u00fd nacistick\u00fd koncentra\u010dn\u00fd a\u00a0vyhladzovac\u00ed t\u00e1bor Auschwitz. N\u00e1v\u0161teva mala ve\u013ek\u00fd v\u00fdznam nielen pre slobodu cirkvi v\u00a0Po\u013esku, ale sa tie\u017e nepriamo pri\u010dinila k\u00a0znovuz\u00edskaniu pln\u00fdch demokratick\u00fdch slob\u00f4d Po\u013eska. V diskusii vyst\u00fapi Dr.\u00a0<strong>Rafa\u0142 \u0141atka<\/strong>\u00a0z po\u013esk\u00e9ho In\u0161tit\u00fatu n\u00e1rodnej pam\u00e4ti.<\/p>\n","protected":false},"excerpt":{"rendered":"<p>27. 6. \/ 17:00, Bratislava, Po\u013esk\u00fd in\u0161tit\u00fat, N\u00e1m. SNP 27 www.upn.gov.sk Tradi\u010dn\u00fd cyklus diskusn\u00fdch ve\u010derov, ktor\u00e9 organizuje\u00a0\u00dastav pam\u00e4ti n\u00e1roda, predostrie na j\u00fanovom stretnut\u00ed t\u00e9mu 40. v\u00fdro\u010dia prvej p\u00e1pe\u017eskej cesty J\u00e1na Pavla II. do Po\u013eska (2. \u2013 10. j\u00fana 1979), ke\u010f po\u013esk\u00fd Sv\u00e4t\u00fd Otec nav\u0161t\u00edvil Var\u0161avu, Gniezno, \u010censtochov\u00fa, Kalwariu Zebrzydowsk\u00fa, Wadowice, Krakov a\u00a0b\u00fdval\u00fd nemeck\u00fd nacistick\u00fd koncentra\u010dn\u00fd [&hellip;]<\/p>\n","protected":false},"author":114,"featured_media":0,"comment_status":"open","ping_status":"open","sticky":false,"template":"","format":"standard","meta":{"inline_featured_image":false,"_monsterinsights_skip_tracking":false,"_monsterinsights_sitenote_active":false,"_monsterinsights_sitenote_note":"","_monsterinsights_sitenote_category":0,"footnotes":""},"categories":[184],"tags":[],"class_list":["post-1652","post","type-post","status-publish","format-standard","hentry","category-verejne-diskusie"],"yoast_head":"<!-- This site is optimized with the Yoast SEO plugin v24.6 - https:\/\/yoast.com\/wordpress\/plugins\/seo\/ -->\n<title>Diskusn\u00fd ve\u010der \u00daPN: 40. v\u00fdro\u010die p\u00e1pe\u017eskej cesty J\u00e1na Pavla II. do Po\u013eska - Instytut Polski w Bratys\u0142awie<\/title>\n<meta name=\"robots\" content=\"index, follow, max-snippet:-1, max-image-preview:large, max-video-preview:-1\" \/>\n<link rel=\"canonical\" href=\"https:\/\/instytutpolski.pl\/bratislava\/2019\/06\/27\/diskusny-vecer-upn-40-vyrocie-papezskej-cesty-jana-pavla-ii-do-polska\/\" \/>\n<meta property=\"og:locale\" content=\"pl_PL\" \/>\n<meta property=\"og:type\" content=\"article\" \/>\n<meta property=\"og:title\" content=\"Diskusn\u00fd ve\u010der \u00daPN: 40. v\u00fdro\u010die p\u00e1pe\u017eskej cesty J\u00e1na Pavla II. do Po\u013eska - Instytut Polski w Bratys\u0142awie\" \/>\n<meta property=\"og:description\" content=\"27. 6. \/ 17:00, Bratislava, Po\u013esk\u00fd in\u0161tit\u00fat, N\u00e1m. SNP 27 www.upn.gov.sk Tradi\u010dn\u00fd cyklus diskusn\u00fdch ve\u010derov, ktor\u00e9 organizuje\u00a0\u00dastav pam\u00e4ti n\u00e1roda, predostrie na j\u00fanovom stretnut\u00ed t\u00e9mu 40. v\u00fdro\u010dia prvej p\u00e1pe\u017eskej cesty J\u00e1na Pavla II. do Po\u013eska (2. \u2013 10. j\u00fana 1979), ke\u010f po\u013esk\u00fd Sv\u00e4t\u00fd Otec nav\u0161t\u00edvil Var\u0161avu, Gniezno, \u010censtochov\u00fa, Kalwariu Zebrzydowsk\u00fa, Wadowice, Krakov a\u00a0b\u00fdval\u00fd nemeck\u00fd nacistick\u00fd koncentra\u010dn\u00fd [&hellip;]\" \/>\n<meta property=\"og:url\" content=\"https:\/\/instytutpolski.pl\/bratislava\/2019\/06\/27\/diskusny-vecer-upn-40-vyrocie-papezskej-cesty-jana-pavla-ii-do-polska\/\" \/>\n<meta property=\"og:site_name\" content=\"Instytut Polski w Bratys\u0142awie\" \/>\n<meta property=\"article:published_time\" content=\"2019-06-27T21:19:00+00:00\" \/>\n<meta property=\"article:modified_time\" content=\"2020-05-29T11:23:16+00:00\" \/>\n<meta name=\"author\" content=\"gajewskij\" \/>\n<meta name=\"twitter:card\" content=\"summary_large_image\" \/>\n<meta name=\"twitter:label1\" content=\"Napisane przez\" \/>\n\t<meta name=\"twitter:data1\" content=\"gajewskij\" \/>\n\t<meta name=\"twitter:label2\" content=\"Szacowany czas czytania\" \/>\n\t<meta name=\"twitter:data2\" content=\"1 minuta\" \/>\n<script type=\"application\/ld+json\" class=\"yoast-schema-graph\">{\"@context\":\"https:\/\/schema.org\",\"@graph\":[{\"@type\":\"event\",\"@id\":\"https:\/\/instytutpolski.pl\/bratislava\/2019\/06\/27\/diskusny-vecer-upn-40-vyrocie-papezskej-cesty-jana-pavla-ii-do-polska\/\",\"url\":\"https:\/\/instytutpolski.pl\/bratislava\/2019\/06\/27\/diskusny-vecer-upn-40-vyrocie-papezskej-cesty-jana-pavla-ii-do-polska\/\",\"name\":\"Diskusn\u00fd ve\u010der \u00daPN: 40. v\u00fdro\u010die p\u00e1pe\u017eskej cesty J\u00e1na Pavla II. do Po\u013eska\",\"isPartOf\":{\"@id\":\"https:\/\/instytutpolski.pl\/bratislava\/#website\"},\"datePublished\":\"2019-06-27T21:19:00+02:00\",\"dateModified\":\"2020-05-29T11:23:16+02:00\",\"author\":{\"@id\":\"https:\/\/instytutpolski.pl\/bratislava\/#\/schema\/person\/e44501a0c128f3655fceb60044392594\"},\"breadcrumb\":{\"@id\":\"https:\/\/instytutpolski.pl\/bratislava\/2019\/06\/27\/diskusny-vecer-upn-40-vyrocie-papezskej-cesty-jana-pavla-ii-do-polska\/#breadcrumb\"},\"inLanguage\":\"pl-PL\",\"potentialAction\":[{\"@type\":\"ReadAction\",\"target\":[\"https:\/\/instytutpolski.pl\/bratislava\/2019\/06\/27\/diskusny-vecer-upn-40-vyrocie-papezskej-cesty-jana-pavla-ii-do-polska\/\"]}],\"@context\":\"https:\/\/schema.org\",\"startDate\":\"2019-06-27\",\"endDate\":\"2019-06-27\",\"eventStatus\":\"EventScheduled\",\"eventAttendanceMode\":\"OfflineEventAttendanceMode\",\"location\":{\"@type\":\"place\",\"name\":\"\",\"address\":\"\",\"geo\":{\"@type\":\"GeoCoordinates\",\"latitude\":\"\",\"longitude\":\"\"}},\"image\":null,\"description\":\"27. 6. \/ 17:00, Bratislava, Po\u013esk\u00fd in\u0161tit\u00fat, N\u00e1m. SNP 27\\nwww.upn.gov.sk\\nTradi\u010dn\u00fd cyklus diskusn\u00fdch ve\u010derov, ktor\u00e9 organizuje\u00a0\u00dastav pam\u00e4ti n\u00e1roda, predostrie na j\u00fanovom stretnut\u00ed t\u00e9mu 40. v\u00fdro\u010dia prvej p\u00e1pe\u017eskej cesty J\u00e1na Pavla II. do Po\u013eska (2. \u2013 10. j\u00fana 1979), ke\u010f po\u013esk\u00fd Sv\u00e4t\u00fd Otec nav\u0161t\u00edvil Var\u0161avu, Gniezno, \u010censtochov\u00fa, Kalwariu Zebrzydowsk\u00fa, Wadowice, Krakov a\u00a0b\u00fdval\u00fd nemeck\u00fd nacistick\u00fd koncentra\u010dn\u00fd a\u00a0vyhladzovac\u00ed t\u00e1bor Auschwitz. N\u00e1v\u0161teva mala ve\u013ek\u00fd v\u00fdznam nielen pre slobodu cirkvi v\u00a0Po\u013esku, ale sa tie\u017e nepriamo pri\u010dinila k\u00a0znovuz\u00edskaniu pln\u00fdch demokratick\u00fdch slob\u00f4d Po\u013eska. V diskusii vyst\u00fapi Dr.\u00a0Rafa\u0142 \u0141atka\u00a0z po\u013esk\u00e9ho In\u0161tit\u00fatu n\u00e1rodnej pam\u00e4ti.\"},{\"@type\":\"BreadcrumbList\",\"@id\":\"https:\/\/instytutpolski.pl\/bratislava\/2019\/06\/27\/diskusny-vecer-upn-40-vyrocie-papezskej-cesty-jana-pavla-ii-do-polska\/#breadcrumb\",\"itemListElement\":[{\"@type\":\"ListItem\",\"position\":1,\"name\":\"Home\",\"item\":\"https:\/\/instytutpolski.pl\/bratislava\/\"},{\"@type\":\"ListItem\",\"position\":2,\"name\":\"Diskusn\u00fd ve\u010der \u00daPN: 40. v\u00fdro\u010die p\u00e1pe\u017eskej cesty J\u00e1na Pavla II. do Po\u013eska\"}]},{\"@type\":\"WebSite\",\"@id\":\"https:\/\/instytutpolski.pl\/bratislava\/#website\",\"url\":\"https:\/\/instytutpolski.pl\/bratislava\/\",\"name\":\"Instytut Polski w Bratys\u0142awie\",\"description\":\"Instytuty Polskie\",\"potentialAction\":[{\"@type\":\"SearchAction\",\"target\":{\"@type\":\"EntryPoint\",\"urlTemplate\":\"https:\/\/instytutpolski.pl\/bratislava\/?s={search_term_string}\"},\"query-input\":{\"@type\":\"PropertyValueSpecification\",\"valueRequired\":true,\"valueName\":\"search_term_string\"}}],\"inLanguage\":\"pl-PL\"},{\"@type\":\"Person\",\"@id\":\"https:\/\/instytutpolski.pl\/bratislava\/#\/schema\/person\/e44501a0c128f3655fceb60044392594\",\"name\":\"gajewskij\",\"image\":{\"@type\":\"ImageObject\",\"inLanguage\":\"pl-PL\",\"@id\":\"https:\/\/instytutpolski.pl\/bratislava\/#\/schema\/person\/image\/\",\"url\":\"https:\/\/secure.gravatar.com\/avatar\/6647862b6ea4b6ae94e41c553d1af301?s=96&d=mm&r=g\",\"contentUrl\":\"https:\/\/secure.gravatar.com\/avatar\/6647862b6ea4b6ae94e41c553d1af301?s=96&d=mm&r=g\",\"caption\":\"gajewskij\"},\"url\":\"https:\/\/instytutpolski.pl\/bratislava\/author\/gajewskij\/\"}]}<\/script>\n<!-- \/ Yoast SEO plugin. -->","yoast_head_json":{"title":"Diskusn\u00fd ve\u010der \u00daPN: 40. v\u00fdro\u010die p\u00e1pe\u017eskej cesty J\u00e1na Pavla II. do Po\u013eska - Instytut Polski w Bratys\u0142awie","robots":{"index":"index","follow":"follow","max-snippet":"max-snippet:-1","max-image-preview":"max-image-preview:large","max-video-preview":"max-video-preview:-1"},"canonical":"https:\/\/instytutpolski.pl\/bratislava\/2019\/06\/27\/diskusny-vecer-upn-40-vyrocie-papezskej-cesty-jana-pavla-ii-do-polska\/","og_locale":"pl_PL","og_type":"article","og_title":"Diskusn\u00fd ve\u010der \u00daPN: 40. v\u00fdro\u010die p\u00e1pe\u017eskej cesty J\u00e1na Pavla II. do Po\u013eska - Instytut Polski w Bratys\u0142awie","og_description":"27. 6. \/ 17:00, Bratislava, Po\u013esk\u00fd in\u0161tit\u00fat, N\u00e1m. SNP 27 www.upn.gov.sk Tradi\u010dn\u00fd cyklus diskusn\u00fdch ve\u010derov, ktor\u00e9 organizuje\u00a0\u00dastav pam\u00e4ti n\u00e1roda, predostrie na j\u00fanovom stretnut\u00ed t\u00e9mu 40. v\u00fdro\u010dia prvej p\u00e1pe\u017eskej cesty J\u00e1na Pavla II. do Po\u013eska (2. \u2013 10. j\u00fana 1979), ke\u010f po\u013esk\u00fd Sv\u00e4t\u00fd Otec nav\u0161t\u00edvil Var\u0161avu, Gniezno, \u010censtochov\u00fa, Kalwariu Zebrzydowsk\u00fa, Wadowice, Krakov a\u00a0b\u00fdval\u00fd nemeck\u00fd nacistick\u00fd koncentra\u010dn\u00fd [&hellip;]","og_url":"https:\/\/instytutpolski.pl\/bratislava\/2019\/06\/27\/diskusny-vecer-upn-40-vyrocie-papezskej-cesty-jana-pavla-ii-do-polska\/","og_site_name":"Instytut Polski w Bratys\u0142awie","article_published_time":"2019-06-27T21:19:00+00:00","article_modified_time":"2020-05-29T11:23:16+00:00","author":"gajewskij","twitter_card":"summary_large_image","twitter_misc":{"Napisane przez":"gajewskij","Szacowany czas czytania":"1 minuta"},"schema":{"@context":"https:\/\/schema.org","@graph":[{"@type":"event","@id":"https:\/\/instytutpolski.pl\/bratislava\/2019\/06\/27\/diskusny-vecer-upn-40-vyrocie-papezskej-cesty-jana-pavla-ii-do-polska\/","url":"https:\/\/instytutpolski.pl\/bratislava\/2019\/06\/27\/diskusny-vecer-upn-40-vyrocie-papezskej-cesty-jana-pavla-ii-do-polska\/","name":"Diskusn\u00fd ve\u010der \u00daPN: 40. v\u00fdro\u010die p\u00e1pe\u017eskej cesty J\u00e1na Pavla II. do Po\u013eska","isPartOf":{"@id":"https:\/\/instytutpolski.pl\/bratislava\/#website"},"datePublished":"2019-06-27T21:19:00+02:00","dateModified":"2020-05-29T11:23:16+02:00","author":{"@id":"https:\/\/instytutpolski.pl\/bratislava\/#\/schema\/person\/e44501a0c128f3655fceb60044392594"},"breadcrumb":{"@id":"https:\/\/instytutpolski.pl\/bratislava\/2019\/06\/27\/diskusny-vecer-upn-40-vyrocie-papezskej-cesty-jana-pavla-ii-do-polska\/#breadcrumb"},"inLanguage":"pl-PL","potentialAction":[{"@type":"ReadAction","target":["https:\/\/instytutpolski.pl\/bratislava\/2019\/06\/27\/diskusny-vecer-upn-40-vyrocie-papezskej-cesty-jana-pavla-ii-do-polska\/"]}],"@context":"https:\/\/schema.org","startDate":"2019-06-27","endDate":"2019-06-27","eventStatus":"EventScheduled","eventAttendanceMode":"OfflineEventAttendanceMode","location":{"@type":"place","name":"","address":"","geo":{"@type":"GeoCoordinates","latitude":"","longitude":""}},"image":null,"description":"27. 6. \/ 17:00, Bratislava, Po\u013esk\u00fd in\u0161tit\u00fat, N\u00e1m. SNP 27\nwww.upn.gov.sk\nTradi\u010dn\u00fd cyklus diskusn\u00fdch ve\u010derov, ktor\u00e9 organizuje\u00a0\u00dastav pam\u00e4ti n\u00e1roda, predostrie na j\u00fanovom stretnut\u00ed t\u00e9mu 40. v\u00fdro\u010dia prvej p\u00e1pe\u017eskej cesty J\u00e1na Pavla II. do Po\u013eska (2. \u2013 10. j\u00fana 1979), ke\u010f po\u013esk\u00fd Sv\u00e4t\u00fd Otec nav\u0161t\u00edvil Var\u0161avu, Gniezno, \u010censtochov\u00fa, Kalwariu Zebrzydowsk\u00fa, Wadowice, Krakov a\u00a0b\u00fdval\u00fd nemeck\u00fd nacistick\u00fd koncentra\u010dn\u00fd a\u00a0vyhladzovac\u00ed t\u00e1bor Auschwitz. N\u00e1v\u0161teva mala ve\u013ek\u00fd v\u00fdznam nielen pre slobodu cirkvi v\u00a0Po\u013esku, ale sa tie\u017e nepriamo pri\u010dinila k\u00a0znovuz\u00edskaniu pln\u00fdch demokratick\u00fdch slob\u00f4d Po\u013eska. V diskusii vyst\u00fapi Dr.\u00a0Rafa\u0142 \u0141atka\u00a0z po\u013esk\u00e9ho In\u0161tit\u00fatu n\u00e1rodnej pam\u00e4ti."},{"@type":"BreadcrumbList","@id":"https:\/\/instytutpolski.pl\/bratislava\/2019\/06\/27\/diskusny-vecer-upn-40-vyrocie-papezskej-cesty-jana-pavla-ii-do-polska\/#breadcrumb","itemListElement":[{"@type":"ListItem","position":1,"name":"Home","item":"https:\/\/instytutpolski.pl\/bratislava\/"},{"@type":"ListItem","position":2,"name":"Diskusn\u00fd ve\u010der \u00daPN: 40. v\u00fdro\u010die p\u00e1pe\u017eskej cesty J\u00e1na Pavla II. do Po\u013eska"}]},{"@type":"WebSite","@id":"https:\/\/instytutpolski.pl\/bratislava\/#website","url":"https:\/\/instytutpolski.pl\/bratislava\/","name":"Instytut Polski w Bratys\u0142awie","description":"Instytuty Polskie","potentialAction":[{"@type":"SearchAction","target":{"@type":"EntryPoint","urlTemplate":"https:\/\/instytutpolski.pl\/bratislava\/?s={search_term_string}"},"query-input":{"@type":"PropertyValueSpecification","valueRequired":true,"valueName":"search_term_string"}}],"inLanguage":"pl-PL"},{"@type":"Person","@id":"https:\/\/instytutpolski.pl\/bratislava\/#\/schema\/person\/e44501a0c128f3655fceb60044392594","name":"gajewskij","image":{"@type":"ImageObject","inLanguage":"pl-PL","@id":"https:\/\/instytutpolski.pl\/bratislava\/#\/schema\/person\/image\/","url":"https:\/\/secure.gravatar.com\/avatar\/6647862b6ea4b6ae94e41c553d1af301?s=96&d=mm&r=g","contentUrl":"https:\/\/secure.gravatar.com\/avatar\/6647862b6ea4b6ae94e41c553d1af301?s=96&d=mm&r=g","caption":"gajewskij"},"url":"https:\/\/instytutpolski.pl\/bratislava\/author\/gajewskij\/"}]}},"_links":{"self":[{"href":"https:\/\/instytutpolski.pl\/bratislava\/wp-json\/wp\/v2\/posts\/1652","targetHints":{"allow":["GET"]}}],"collection":[{"href":"https:\/\/instytutpolski.pl\/bratislava\/wp-json\/wp\/v2\/posts"}],"about":[{"href":"https:\/\/instytutpolski.pl\/bratislava\/wp-json\/wp\/v2\/types\/post"}],"author":[{"embeddable":true,"href":"https:\/\/instytutpolski.pl\/bratislava\/wp-json\/wp\/v2\/users\/114"}],"replies":[{"embeddable":true,"href":"https:\/\/instytutpolski.pl\/bratislava\/wp-json\/wp\/v2\/comments?post=1652"}],"version-history":[{"count":3,"href":"https:\/\/instytutpolski.pl\/bratislava\/wp-json\/wp\/v2\/posts\/1652\/revisions"}],"predecessor-version":[{"id":1963,"href":"https:\/\/instytutpolski.pl\/bratislava\/wp-json\/wp\/v2\/posts\/1652\/revisions\/1963"}],"wp:attachment":[{"href":"https:\/\/instytutpolski.pl\/bratislava\/wp-json\/wp\/v2\/media?parent=1652"}],"wp:term":[{"taxonomy":"category","embeddable":true,"href":"https:\/\/instytutpolski.pl\/bratislava\/wp-json\/wp\/v2\/categories?post=1652"},{"taxonomy":"post_tag","embeddable":true,"href":"https:\/\/instytutpolski.pl\/bratislava\/wp-json\/wp\/v2\/tags?post=1652"}],"curies":[{"name":"wp","href":"https:\/\/api.w.org\/{rel}","templated":true}]}}