{"id":4106,"date":"2021-08-31T13:27:28","date_gmt":"2021-08-31T11:27:28","guid":{"rendered":"https:\/\/instytutpolski.pl\/bratislava\/?p=4106"},"modified":"2021-08-31T13:27:30","modified_gmt":"2021-08-31T11:27:30","slug":"narodne-citanie-2021-gabriela-zapolska-moralka-pani-dulskej","status":"publish","type":"post","link":"https:\/\/instytutpolski.pl\/bratislava\/2021\/08\/31\/narodne-citanie-2021-gabriela-zapolska-moralka-pani-dulskej\/","title":{"rendered":"N\u00e1rodn\u00e9 \u010d\u00edtanie 2021 | Gabriela Zapolska: Mor\u00e1lka pani Dulskej"},"content":{"rendered":"\n<p>Hlavn\u00e1 hrdinka tejto dr\u00e1my \u2013 <strong>Aniela Dulsk\u00e1<\/strong> \u2013 je pokryteck\u00e1 a falo\u0161n\u00e1 postava, ktor\u00e1 nedok\u00e1\u017ee prejavi\u0165 ani \u0161tipku pr\u00edvetivosti, poh\u0155da chudobn\u00fdmi, slab\u00fdmi a\u00a0citliv\u00fdmi \u013eu\u010fmi. V\u0161etko, \u010do rob\u00ed, rob\u00ed len na obdiv. Jej postoj prezentuje domnel\u00fa \u010di zdanliv\u00fa mor\u00e1lku. Zatv\u00e1ra si o\u010di nad rom\u00e1nikom svojho syna s\u00a0ich sl\u00fa\u017ekou Hankou, aby sa v\u00a0noci net\u00falal po kr\u010dm\u00e1ch. Probl\u00e9m v\u0161ak nastane, ke\u010f Hanka otehotnie. Spoluorganiz\u00e1torom N\u00e1rodn\u00e9ho \u010d\u00edtania 2021 v\u00a0Po\u013eskom in\u0161tit\u00fate je <strong>Po\u013esk\u00fd klub<\/strong>.<\/p>\n\n\n\n<p><strong>17. 9. \/ 17:00<\/strong> <strong>Bratislava<\/strong>, <strong>Po\u013esk\u00fd in\u0161tit\u00fat, N\u00e1m. SNP 27<\/strong><\/p>\n","protected":false},"excerpt":{"rendered":"<p>Hlavn\u00e1 hrdinka tejto dr\u00e1my \u2013 Aniela Dulsk\u00e1 \u2013 je pokryteck\u00e1 a falo\u0161n\u00e1 postava, ktor\u00e1 nedok\u00e1\u017ee prejavi\u0165 ani \u0161tipku pr\u00edvetivosti, poh\u0155da chudobn\u00fdmi, slab\u00fdmi a\u00a0citliv\u00fdmi \u013eu\u010fmi. V\u0161etko, \u010do rob\u00ed, rob\u00ed len na obdiv. Jej postoj prezentuje domnel\u00fa \u010di zdanliv\u00fa mor\u00e1lku. Zatv\u00e1ra si o\u010di nad rom\u00e1nikom svojho syna s\u00a0ich sl\u00fa\u017ekou Hankou, aby sa v\u00a0noci net\u00falal po kr\u010dm\u00e1ch. Probl\u00e9m [&hellip;]<\/p>\n","protected":false},"author":116,"featured_media":4125,"comment_status":"open","ping_status":"open","sticky":false,"template":"","format":"standard","meta":{"inline_featured_image":false,"_monsterinsights_skip_tracking":false,"_monsterinsights_sitenote_active":false,"_monsterinsights_sitenote_note":"","_monsterinsights_sitenote_category":0,"footnotes":""},"categories":[40],"tags":[],"class_list":["post-4106","post","type-post","status-publish","format-standard","has-post-thumbnail","hentry","category-literatura"],"yoast_head":"<!-- This site is optimized with the Yoast SEO plugin v24.6 - https:\/\/yoast.com\/wordpress\/plugins\/seo\/ -->\n<title>N\u00e1rodn\u00e9 \u010d\u00edtanie 2021 | Gabriela Zapolska: Mor\u00e1lka pani Dulskej - Instytut Polski w Bratys\u0142awie<\/title>\n<meta name=\"robots\" content=\"index, follow, max-snippet:-1, max-image-preview:large, max-video-preview:-1\" \/>\n<link rel=\"canonical\" href=\"https:\/\/instytutpolski.pl\/bratislava\/2021\/08\/31\/narodne-citanie-2021-gabriela-zapolska-moralka-pani-dulskej\/\" \/>\n<meta property=\"og:locale\" content=\"pl_PL\" \/>\n<meta property=\"og:type\" content=\"article\" \/>\n<meta property=\"og:title\" content=\"N\u00e1rodn\u00e9 \u010d\u00edtanie 2021 | Gabriela Zapolska: Mor\u00e1lka pani Dulskej - Instytut Polski w Bratys\u0142awie\" \/>\n<meta property=\"og:description\" content=\"Hlavn\u00e1 hrdinka tejto dr\u00e1my \u2013 Aniela Dulsk\u00e1 \u2013 je pokryteck\u00e1 a falo\u0161n\u00e1 postava, ktor\u00e1 nedok\u00e1\u017ee prejavi\u0165 ani \u0161tipku pr\u00edvetivosti, poh\u0155da chudobn\u00fdmi, slab\u00fdmi a\u00a0citliv\u00fdmi \u013eu\u010fmi. V\u0161etko, \u010do rob\u00ed, rob\u00ed len na obdiv. Jej postoj prezentuje domnel\u00fa \u010di zdanliv\u00fa mor\u00e1lku. Zatv\u00e1ra si o\u010di nad rom\u00e1nikom svojho syna s\u00a0ich sl\u00fa\u017ekou Hankou, aby sa v\u00a0noci net\u00falal po kr\u010dm\u00e1ch. Probl\u00e9m [&hellip;]\" \/>\n<meta property=\"og:url\" content=\"https:\/\/instytutpolski.pl\/bratislava\/2021\/08\/31\/narodne-citanie-2021-gabriela-zapolska-moralka-pani-dulskej\/\" \/>\n<meta property=\"og:site_name\" content=\"Instytut Polski w Bratys\u0142awie\" \/>\n<meta property=\"article:published_time\" content=\"2021-08-31T11:27:28+00:00\" \/>\n<meta property=\"article:modified_time\" content=\"2021-08-31T11:27:30+00:00\" \/>\n<meta property=\"og:image\" content=\"https:\/\/instytutpolski.pl\/bratislava\/wp-content\/uploads\/sites\/13\/2021\/08\/baner_371x188_720.jpg\" \/>\n\t<meta property=\"og:image:width\" content=\"720\" \/>\n\t<meta property=\"og:image:height\" content=\"413\" \/>\n\t<meta property=\"og:image:type\" content=\"image\/jpeg\" \/>\n<meta name=\"author\" content=\"kyselm\" \/>\n<meta name=\"twitter:card\" content=\"summary_large_image\" \/>\n<meta name=\"twitter:label1\" content=\"Napisane przez\" \/>\n\t<meta name=\"twitter:data1\" content=\"kyselm\" \/>\n\t<meta name=\"twitter:label2\" content=\"Szacowany czas czytania\" \/>\n\t<meta name=\"twitter:data2\" content=\"1 minuta\" \/>\n<script type=\"application\/ld+json\" class=\"yoast-schema-graph\">{\"@context\":\"https:\/\/schema.org\",\"@graph\":[{\"@type\":\"event\",\"@id\":\"https:\/\/instytutpolski.pl\/bratislava\/2021\/08\/31\/narodne-citanie-2021-gabriela-zapolska-moralka-pani-dulskej\/\",\"url\":\"https:\/\/instytutpolski.pl\/bratislava\/2021\/08\/31\/narodne-citanie-2021-gabriela-zapolska-moralka-pani-dulskej\/\",\"name\":\"N\u00e1rodn\u00e9 \u010d\u00edtanie 2021 | Gabriela Zapolska: Mor\u00e1lka pani Dulskej\",\"isPartOf\":{\"@id\":\"https:\/\/instytutpolski.pl\/bratislava\/#website\"},\"primaryImageOfPage\":{\"@id\":\"https:\/\/instytutpolski.pl\/bratislava\/2021\/08\/31\/narodne-citanie-2021-gabriela-zapolska-moralka-pani-dulskej\/#primaryimage\"},\"image\":[\"https:\/\/instytutpolski.pl\/bratislava\/wp-content\/uploads\/sites\/13\/2021\/08\/baner_371x188_720.jpg\",\"https:\/\/instytutpolski.pl\/bratislava\/wp-content\/uploads\/sites\/13\/2021\/08\/baner_371x188_720-300x172.jpg\",\"https:\/\/instytutpolski.pl\/bratislava\/wp-content\/uploads\/sites\/13\/2021\/08\/baner_371x188_720.jpg\",\"https:\/\/instytutpolski.pl\/bratislava\/wp-content\/uploads\/sites\/13\/2021\/08\/baner_371x188_720.jpg\"],\"thumbnailUrl\":\"https:\/\/instytutpolski.pl\/bratislava\/wp-content\/uploads\/sites\/13\/2021\/08\/baner_371x188_720.jpg\",\"datePublished\":\"2021-08-31T11:27:28+02:00\",\"dateModified\":\"2021-08-31T11:27:30+02:00\",\"author\":{\"@id\":\"https:\/\/instytutpolski.pl\/bratislava\/#\/schema\/person\/9ec657f865a156712552ca9f0ad27720\"},\"breadcrumb\":{\"@id\":\"https:\/\/instytutpolski.pl\/bratislava\/2021\/08\/31\/narodne-citanie-2021-gabriela-zapolska-moralka-pani-dulskej\/#breadcrumb\"},\"inLanguage\":\"pl-PL\",\"potentialAction\":[{\"@type\":\"ReadAction\",\"target\":[\"https:\/\/instytutpolski.pl\/bratislava\/2021\/08\/31\/narodne-citanie-2021-gabriela-zapolska-moralka-pani-dulskej\/\"]}],\"@context\":\"https:\/\/schema.org\",\"startDate\":\"2021-09-17\",\"endDate\":\"2021-09-17\",\"eventStatus\":\"EventScheduled\",\"eventAttendanceMode\":\"OfflineEventAttendanceMode\",\"location\":{\"@type\":\"place\",\"name\":\"\",\"address\":\"\",\"geo\":{\"@type\":\"GeoCoordinates\",\"latitude\":\"\",\"longitude\":\"\"}},\"description\":\"Hlavn\u00e1 hrdinka tejto dr\u00e1my \u2013 Aniela Dulsk\u00e1 \u2013 je pokryteck\u00e1 a falo\u0161n\u00e1 postava, ktor\u00e1 nedok\u00e1\u017ee prejavi\u0165 ani \u0161tipku pr\u00edvetivosti, poh\u0155da chudobn\u00fdmi, slab\u00fdmi a\u00a0citliv\u00fdmi \u013eu\u010fmi. V\u0161etko, \u010do rob\u00ed, rob\u00ed len na obdiv. Jej postoj prezentuje domnel\u00fa \u010di zdanliv\u00fa mor\u00e1lku. Zatv\u00e1ra si o\u010di nad rom\u00e1nikom svojho syna s\u00a0ich sl\u00fa\u017ekou Hankou, aby sa v\u00a0noci net\u00falal po kr\u010dm\u00e1ch. Probl\u00e9m v\u0161ak nastane, ke\u010f Hanka otehotnie. Spoluorganiz\u00e1torom N\u00e1rodn\u00e9ho \u010d\u00edtania 2021 v\u00a0Po\u013eskom in\u0161tit\u00fate je Po\u013esk\u00fd klub.\\n17. 9. \/ 17:00 Bratislava, Po\u013esk\u00fd in\u0161tit\u00fat, N\u00e1m. SNP 27\"},{\"@type\":\"ImageObject\",\"inLanguage\":\"pl-PL\",\"@id\":\"https:\/\/instytutpolski.pl\/bratislava\/2021\/08\/31\/narodne-citanie-2021-gabriela-zapolska-moralka-pani-dulskej\/#primaryimage\",\"url\":\"https:\/\/instytutpolski.pl\/bratislava\/wp-content\/uploads\/sites\/13\/2021\/08\/baner_371x188_720.jpg\",\"contentUrl\":\"https:\/\/instytutpolski.pl\/bratislava\/wp-content\/uploads\/sites\/13\/2021\/08\/baner_371x188_720.jpg\",\"width\":720,\"height\":413},{\"@type\":\"BreadcrumbList\",\"@id\":\"https:\/\/instytutpolski.pl\/bratislava\/2021\/08\/31\/narodne-citanie-2021-gabriela-zapolska-moralka-pani-dulskej\/#breadcrumb\",\"itemListElement\":[{\"@type\":\"ListItem\",\"position\":1,\"name\":\"Home\",\"item\":\"https:\/\/instytutpolski.pl\/bratislava\/\"},{\"@type\":\"ListItem\",\"position\":2,\"name\":\"N\u00e1rodn\u00e9 \u010d\u00edtanie 2021 | Gabriela Zapolska: Mor\u00e1lka pani Dulskej\"}]},{\"@type\":\"WebSite\",\"@id\":\"https:\/\/instytutpolski.pl\/bratislava\/#website\",\"url\":\"https:\/\/instytutpolski.pl\/bratislava\/\",\"name\":\"Instytut Polski w Bratys\u0142awie\",\"description\":\"Instytuty Polskie\",\"potentialAction\":[{\"@type\":\"SearchAction\",\"target\":{\"@type\":\"EntryPoint\",\"urlTemplate\":\"https:\/\/instytutpolski.pl\/bratislava\/?s={search_term_string}\"},\"query-input\":{\"@type\":\"PropertyValueSpecification\",\"valueRequired\":true,\"valueName\":\"search_term_string\"}}],\"inLanguage\":\"pl-PL\"},{\"@type\":\"Person\",\"@id\":\"https:\/\/instytutpolski.pl\/bratislava\/#\/schema\/person\/9ec657f865a156712552ca9f0ad27720\",\"name\":\"kyselm\",\"image\":{\"@type\":\"ImageObject\",\"inLanguage\":\"pl-PL\",\"@id\":\"https:\/\/instytutpolski.pl\/bratislava\/#\/schema\/person\/image\/\",\"url\":\"https:\/\/secure.gravatar.com\/avatar\/ba96f7f4a6104a2e2f0328f9863f506d?s=96&d=mm&r=g\",\"contentUrl\":\"https:\/\/secure.gravatar.com\/avatar\/ba96f7f4a6104a2e2f0328f9863f506d?s=96&d=mm&r=g\",\"caption\":\"kyselm\"},\"url\":\"https:\/\/instytutpolski.pl\/bratislava\/author\/kyselm\/\"}]}<\/script>\n<!-- \/ Yoast SEO plugin. -->","yoast_head_json":{"title":"N\u00e1rodn\u00e9 \u010d\u00edtanie 2021 | Gabriela Zapolska: Mor\u00e1lka pani Dulskej - Instytut Polski w Bratys\u0142awie","robots":{"index":"index","follow":"follow","max-snippet":"max-snippet:-1","max-image-preview":"max-image-preview:large","max-video-preview":"max-video-preview:-1"},"canonical":"https:\/\/instytutpolski.pl\/bratislava\/2021\/08\/31\/narodne-citanie-2021-gabriela-zapolska-moralka-pani-dulskej\/","og_locale":"pl_PL","og_type":"article","og_title":"N\u00e1rodn\u00e9 \u010d\u00edtanie 2021 | Gabriela Zapolska: Mor\u00e1lka pani Dulskej - Instytut Polski w Bratys\u0142awie","og_description":"Hlavn\u00e1 hrdinka tejto dr\u00e1my \u2013 Aniela Dulsk\u00e1 \u2013 je pokryteck\u00e1 a falo\u0161n\u00e1 postava, ktor\u00e1 nedok\u00e1\u017ee prejavi\u0165 ani \u0161tipku pr\u00edvetivosti, poh\u0155da chudobn\u00fdmi, slab\u00fdmi a\u00a0citliv\u00fdmi \u013eu\u010fmi. V\u0161etko, \u010do rob\u00ed, rob\u00ed len na obdiv. Jej postoj prezentuje domnel\u00fa \u010di zdanliv\u00fa mor\u00e1lku. Zatv\u00e1ra si o\u010di nad rom\u00e1nikom svojho syna s\u00a0ich sl\u00fa\u017ekou Hankou, aby sa v\u00a0noci net\u00falal po kr\u010dm\u00e1ch. Probl\u00e9m [&hellip;]","og_url":"https:\/\/instytutpolski.pl\/bratislava\/2021\/08\/31\/narodne-citanie-2021-gabriela-zapolska-moralka-pani-dulskej\/","og_site_name":"Instytut Polski w Bratys\u0142awie","article_published_time":"2021-08-31T11:27:28+00:00","article_modified_time":"2021-08-31T11:27:30+00:00","og_image":[{"width":720,"height":413,"url":"https:\/\/instytutpolski.pl\/bratislava\/wp-content\/uploads\/sites\/13\/2021\/08\/baner_371x188_720.jpg","type":"image\/jpeg"}],"author":"kyselm","twitter_card":"summary_large_image","twitter_misc":{"Napisane przez":"kyselm","Szacowany czas czytania":"1 minuta"},"schema":{"@context":"https:\/\/schema.org","@graph":[{"@type":"event","@id":"https:\/\/instytutpolski.pl\/bratislava\/2021\/08\/31\/narodne-citanie-2021-gabriela-zapolska-moralka-pani-dulskej\/","url":"https:\/\/instytutpolski.pl\/bratislava\/2021\/08\/31\/narodne-citanie-2021-gabriela-zapolska-moralka-pani-dulskej\/","name":"N\u00e1rodn\u00e9 \u010d\u00edtanie 2021 | Gabriela Zapolska: Mor\u00e1lka pani Dulskej","isPartOf":{"@id":"https:\/\/instytutpolski.pl\/bratislava\/#website"},"primaryImageOfPage":{"@id":"https:\/\/instytutpolski.pl\/bratislava\/2021\/08\/31\/narodne-citanie-2021-gabriela-zapolska-moralka-pani-dulskej\/#primaryimage"},"image":["https:\/\/instytutpolski.pl\/bratislava\/wp-content\/uploads\/sites\/13\/2021\/08\/baner_371x188_720.jpg","https:\/\/instytutpolski.pl\/bratislava\/wp-content\/uploads\/sites\/13\/2021\/08\/baner_371x188_720-300x172.jpg","https:\/\/instytutpolski.pl\/bratislava\/wp-content\/uploads\/sites\/13\/2021\/08\/baner_371x188_720.jpg","https:\/\/instytutpolski.pl\/bratislava\/wp-content\/uploads\/sites\/13\/2021\/08\/baner_371x188_720.jpg"],"thumbnailUrl":"https:\/\/instytutpolski.pl\/bratislava\/wp-content\/uploads\/sites\/13\/2021\/08\/baner_371x188_720.jpg","datePublished":"2021-08-31T11:27:28+02:00","dateModified":"2021-08-31T11:27:30+02:00","author":{"@id":"https:\/\/instytutpolski.pl\/bratislava\/#\/schema\/person\/9ec657f865a156712552ca9f0ad27720"},"breadcrumb":{"@id":"https:\/\/instytutpolski.pl\/bratislava\/2021\/08\/31\/narodne-citanie-2021-gabriela-zapolska-moralka-pani-dulskej\/#breadcrumb"},"inLanguage":"pl-PL","potentialAction":[{"@type":"ReadAction","target":["https:\/\/instytutpolski.pl\/bratislava\/2021\/08\/31\/narodne-citanie-2021-gabriela-zapolska-moralka-pani-dulskej\/"]}],"@context":"https:\/\/schema.org","startDate":"2021-09-17","endDate":"2021-09-17","eventStatus":"EventScheduled","eventAttendanceMode":"OfflineEventAttendanceMode","location":{"@type":"place","name":"","address":"","geo":{"@type":"GeoCoordinates","latitude":"","longitude":""}},"description":"Hlavn\u00e1 hrdinka tejto dr\u00e1my \u2013 Aniela Dulsk\u00e1 \u2013 je pokryteck\u00e1 a falo\u0161n\u00e1 postava, ktor\u00e1 nedok\u00e1\u017ee prejavi\u0165 ani \u0161tipku pr\u00edvetivosti, poh\u0155da chudobn\u00fdmi, slab\u00fdmi a\u00a0citliv\u00fdmi \u013eu\u010fmi. V\u0161etko, \u010do rob\u00ed, rob\u00ed len na obdiv. Jej postoj prezentuje domnel\u00fa \u010di zdanliv\u00fa mor\u00e1lku. Zatv\u00e1ra si o\u010di nad rom\u00e1nikom svojho syna s\u00a0ich sl\u00fa\u017ekou Hankou, aby sa v\u00a0noci net\u00falal po kr\u010dm\u00e1ch. Probl\u00e9m v\u0161ak nastane, ke\u010f Hanka otehotnie. Spoluorganiz\u00e1torom N\u00e1rodn\u00e9ho \u010d\u00edtania 2021 v\u00a0Po\u013eskom in\u0161tit\u00fate je Po\u013esk\u00fd klub.\n17. 9. \/ 17:00 Bratislava, Po\u013esk\u00fd in\u0161tit\u00fat, N\u00e1m. SNP 27"},{"@type":"ImageObject","inLanguage":"pl-PL","@id":"https:\/\/instytutpolski.pl\/bratislava\/2021\/08\/31\/narodne-citanie-2021-gabriela-zapolska-moralka-pani-dulskej\/#primaryimage","url":"https:\/\/instytutpolski.pl\/bratislava\/wp-content\/uploads\/sites\/13\/2021\/08\/baner_371x188_720.jpg","contentUrl":"https:\/\/instytutpolski.pl\/bratislava\/wp-content\/uploads\/sites\/13\/2021\/08\/baner_371x188_720.jpg","width":720,"height":413},{"@type":"BreadcrumbList","@id":"https:\/\/instytutpolski.pl\/bratislava\/2021\/08\/31\/narodne-citanie-2021-gabriela-zapolska-moralka-pani-dulskej\/#breadcrumb","itemListElement":[{"@type":"ListItem","position":1,"name":"Home","item":"https:\/\/instytutpolski.pl\/bratislava\/"},{"@type":"ListItem","position":2,"name":"N\u00e1rodn\u00e9 \u010d\u00edtanie 2021 | Gabriela Zapolska: Mor\u00e1lka pani Dulskej"}]},{"@type":"WebSite","@id":"https:\/\/instytutpolski.pl\/bratislava\/#website","url":"https:\/\/instytutpolski.pl\/bratislava\/","name":"Instytut Polski w Bratys\u0142awie","description":"Instytuty Polskie","potentialAction":[{"@type":"SearchAction","target":{"@type":"EntryPoint","urlTemplate":"https:\/\/instytutpolski.pl\/bratislava\/?s={search_term_string}"},"query-input":{"@type":"PropertyValueSpecification","valueRequired":true,"valueName":"search_term_string"}}],"inLanguage":"pl-PL"},{"@type":"Person","@id":"https:\/\/instytutpolski.pl\/bratislava\/#\/schema\/person\/9ec657f865a156712552ca9f0ad27720","name":"kyselm","image":{"@type":"ImageObject","inLanguage":"pl-PL","@id":"https:\/\/instytutpolski.pl\/bratislava\/#\/schema\/person\/image\/","url":"https:\/\/secure.gravatar.com\/avatar\/ba96f7f4a6104a2e2f0328f9863f506d?s=96&d=mm&r=g","contentUrl":"https:\/\/secure.gravatar.com\/avatar\/ba96f7f4a6104a2e2f0328f9863f506d?s=96&d=mm&r=g","caption":"kyselm"},"url":"https:\/\/instytutpolski.pl\/bratislava\/author\/kyselm\/"}]}},"_links":{"self":[{"href":"https:\/\/instytutpolski.pl\/bratislava\/wp-json\/wp\/v2\/posts\/4106","targetHints":{"allow":["GET"]}}],"collection":[{"href":"https:\/\/instytutpolski.pl\/bratislava\/wp-json\/wp\/v2\/posts"}],"about":[{"href":"https:\/\/instytutpolski.pl\/bratislava\/wp-json\/wp\/v2\/types\/post"}],"author":[{"embeddable":true,"href":"https:\/\/instytutpolski.pl\/bratislava\/wp-json\/wp\/v2\/users\/116"}],"replies":[{"embeddable":true,"href":"https:\/\/instytutpolski.pl\/bratislava\/wp-json\/wp\/v2\/comments?post=4106"}],"version-history":[{"count":2,"href":"https:\/\/instytutpolski.pl\/bratislava\/wp-json\/wp\/v2\/posts\/4106\/revisions"}],"predecessor-version":[{"id":4127,"href":"https:\/\/instytutpolski.pl\/bratislava\/wp-json\/wp\/v2\/posts\/4106\/revisions\/4127"}],"wp:featuredmedia":[{"embeddable":true,"href":"https:\/\/instytutpolski.pl\/bratislava\/wp-json\/wp\/v2\/media\/4125"}],"wp:attachment":[{"href":"https:\/\/instytutpolski.pl\/bratislava\/wp-json\/wp\/v2\/media?parent=4106"}],"wp:term":[{"taxonomy":"category","embeddable":true,"href":"https:\/\/instytutpolski.pl\/bratislava\/wp-json\/wp\/v2\/categories?post=4106"},{"taxonomy":"post_tag","embeddable":true,"href":"https:\/\/instytutpolski.pl\/bratislava\/wp-json\/wp\/v2\/tags?post=4106"}],"curies":[{"name":"wp","href":"https:\/\/api.w.org\/{rel}","templated":true}]}}