{"id":4537,"date":"2022-02-28T10:24:44","date_gmt":"2022-02-28T09:24:44","guid":{"rendered":"https:\/\/instytutpolski.pl\/bratislava\/?p=4537"},"modified":"2022-02-28T10:24:46","modified_gmt":"2022-02-28T09:24:46","slug":"polska-kniznica-blizko-vas-literarne-narodeniny-ryszard-kapuscinski","status":"publish","type":"post","link":"https:\/\/instytutpolski.pl\/bratislava\/2022\/02\/28\/polska-kniznica-blizko-vas-literarne-narodeniny-ryszard-kapuscinski\/","title":{"rendered":"Po\u013esk\u00e1 kni\u017enica bl\u00edzko v\u00e1s | Liter\u00e1rne narodeniny: Ryszard Kapu\u015bci\u0144ski"},"content":{"rendered":"\n<p>Publikoval v \u202fmnoh\u00fdch po\u013esk\u00fdch novin\u00e1ch a \u202f\u010dasopisoch, ale ozajstn\u00fa sl\u00e1vu doma i \u202fv \u202fzahrani\u010d\u00ed mu priniesli jeho po\u010detn\u00e9 report\u00e1\u017ene knihy, v \u202fktor\u00fdch sa venoval najm\u00e4 problematike tretieho sveta \u2013 Afrike a \u202fLatinskej Amerike. Kapu\u015bci\u0144ski mal neoby\u010dajn\u00fd in\u0161tinkt, v\u010faka ktor\u00e9mu sa v\u017edy ocitol v tom k\u00fate sveta, kde sa dialo nie\u010do historicky v\u00fdznamn\u00e9 a \u202fpre svetov\u00fd v\u00fdvin pr\u00edzna\u010dn\u00e9. Jeho osobnos\u0165 a tvorbu pribl\u00ed\u017eime v r\u00e1mci cyklu <strong>Po\u013esk\u00e1 kni\u017enica bl\u00edzko v\u00e1s<\/strong> vr\u00e1tane diel prelo\u017een\u00fdch do sloven\u010diny, ktor\u00e9 s\u00fa dostupn\u00e9 v\u00a0kni\u017enici Po\u013esk\u00e9ho in\u0161tit\u00fatu v\u00a0Bratislave.<\/p>\n\n\n\n<p><strong>4. 3. ONLINE<\/strong><\/p>\n\n\n\n<p><em><a href=\"http:\/\/facebook.com\/PolskyInstitutBratislava\">facebook.com\/PolskyInstitutBratislava<\/a><\/em><\/p>\n","protected":false},"excerpt":{"rendered":"<p>Publikoval v \u202fmnoh\u00fdch po\u013esk\u00fdch novin\u00e1ch a \u202f\u010dasopisoch, ale ozajstn\u00fa sl\u00e1vu doma i \u202fv \u202fzahrani\u010d\u00ed mu priniesli jeho po\u010detn\u00e9 report\u00e1\u017ene knihy, v \u202fktor\u00fdch sa venoval najm\u00e4 problematike tretieho sveta \u2013 Afrike a \u202fLatinskej Amerike. Kapu\u015bci\u0144ski mal neoby\u010dajn\u00fd in\u0161tinkt, v\u010faka ktor\u00e9mu sa v\u017edy ocitol v tom k\u00fate sveta, kde sa dialo nie\u010do historicky v\u00fdznamn\u00e9 a \u202fpre svetov\u00fd [&hellip;]<\/p>\n","protected":false},"author":116,"featured_media":4549,"comment_status":"open","ping_status":"open","sticky":false,"template":"","format":"standard","meta":{"inline_featured_image":false,"_monsterinsights_skip_tracking":false,"_monsterinsights_sitenote_active":false,"_monsterinsights_sitenote_note":"","_monsterinsights_sitenote_category":0,"footnotes":""},"categories":[40],"tags":[],"class_list":["post-4537","post","type-post","status-publish","format-standard","has-post-thumbnail","hentry","category-literatura"],"yoast_head":"<!-- This site is optimized with the Yoast SEO plugin v24.6 - https:\/\/yoast.com\/wordpress\/plugins\/seo\/ -->\n<title>Po\u013esk\u00e1 kni\u017enica bl\u00edzko v\u00e1s | Liter\u00e1rne narodeniny: Ryszard Kapu\u015bci\u0144ski - Instytut Polski w Bratys\u0142awie<\/title>\n<meta name=\"robots\" content=\"index, follow, max-snippet:-1, max-image-preview:large, max-video-preview:-1\" \/>\n<link rel=\"canonical\" href=\"https:\/\/instytutpolski.pl\/bratislava\/2022\/02\/28\/polska-kniznica-blizko-vas-literarne-narodeniny-ryszard-kapuscinski\/\" \/>\n<meta property=\"og:locale\" content=\"pl_PL\" \/>\n<meta property=\"og:type\" content=\"article\" \/>\n<meta property=\"og:title\" content=\"Po\u013esk\u00e1 kni\u017enica bl\u00edzko v\u00e1s | Liter\u00e1rne narodeniny: Ryszard Kapu\u015bci\u0144ski - Instytut Polski w Bratys\u0142awie\" \/>\n<meta property=\"og:description\" content=\"Publikoval v \u202fmnoh\u00fdch po\u013esk\u00fdch novin\u00e1ch a \u202f\u010dasopisoch, ale ozajstn\u00fa sl\u00e1vu doma i \u202fv \u202fzahrani\u010d\u00ed mu priniesli jeho po\u010detn\u00e9 report\u00e1\u017ene knihy, v \u202fktor\u00fdch sa venoval najm\u00e4 problematike tretieho sveta \u2013 Afrike a \u202fLatinskej Amerike. Kapu\u015bci\u0144ski mal neoby\u010dajn\u00fd in\u0161tinkt, v\u010faka ktor\u00e9mu sa v\u017edy ocitol v tom k\u00fate sveta, kde sa dialo nie\u010do historicky v\u00fdznamn\u00e9 a \u202fpre svetov\u00fd [&hellip;]\" \/>\n<meta property=\"og:url\" content=\"https:\/\/instytutpolski.pl\/bratislava\/2022\/02\/28\/polska-kniznica-blizko-vas-literarne-narodeniny-ryszard-kapuscinski\/\" \/>\n<meta property=\"og:site_name\" content=\"Instytut Polski w Bratys\u0142awie\" \/>\n<meta property=\"article:published_time\" content=\"2022-02-28T09:24:44+00:00\" \/>\n<meta property=\"article:modified_time\" content=\"2022-02-28T09:24:46+00:00\" \/>\n<meta property=\"og:image\" content=\"https:\/\/instytutpolski.pl\/bratislava\/wp-content\/uploads\/sites\/13\/2022\/02\/kapuscinski.jpg\" \/>\n\t<meta property=\"og:image:width\" content=\"640\" \/>\n\t<meta property=\"og:image:height\" content=\"782\" \/>\n\t<meta property=\"og:image:type\" content=\"image\/jpeg\" \/>\n<meta name=\"author\" content=\"kyselm\" \/>\n<meta name=\"twitter:card\" content=\"summary_large_image\" \/>\n<meta name=\"twitter:label1\" content=\"Napisane przez\" \/>\n\t<meta name=\"twitter:data1\" content=\"kyselm\" \/>\n\t<meta name=\"twitter:label2\" content=\"Szacowany czas czytania\" \/>\n\t<meta name=\"twitter:data2\" content=\"1 minuta\" \/>\n<script type=\"application\/ld+json\" class=\"yoast-schema-graph\">{\"@context\":\"https:\/\/schema.org\",\"@graph\":[{\"@type\":\"event\",\"@id\":\"https:\/\/instytutpolski.pl\/bratislava\/2022\/02\/28\/polska-kniznica-blizko-vas-literarne-narodeniny-ryszard-kapuscinski\/\",\"url\":\"https:\/\/instytutpolski.pl\/bratislava\/2022\/02\/28\/polska-kniznica-blizko-vas-literarne-narodeniny-ryszard-kapuscinski\/\",\"name\":\"Po\u013esk\u00e1 kni\u017enica bl\u00edzko v\u00e1s | Liter\u00e1rne narodeniny: Ryszard Kapu\u015bci\u0144ski\",\"isPartOf\":{\"@id\":\"https:\/\/instytutpolski.pl\/bratislava\/#website\"},\"primaryImageOfPage\":{\"@id\":\"https:\/\/instytutpolski.pl\/bratislava\/2022\/02\/28\/polska-kniznica-blizko-vas-literarne-narodeniny-ryszard-kapuscinski\/#primaryimage\"},\"image\":[\"https:\/\/instytutpolski.pl\/bratislava\/wp-content\/uploads\/sites\/13\/2022\/02\/kapuscinski.jpg\",\"https:\/\/instytutpolski.pl\/bratislava\/wp-content\/uploads\/sites\/13\/2022\/02\/kapuscinski-246x300.jpg\",\"https:\/\/instytutpolski.pl\/bratislava\/wp-content\/uploads\/sites\/13\/2022\/02\/kapuscinski.jpg\",\"https:\/\/instytutpolski.pl\/bratislava\/wp-content\/uploads\/sites\/13\/2022\/02\/kapuscinski.jpg\"],\"thumbnailUrl\":\"https:\/\/instytutpolski.pl\/bratislava\/wp-content\/uploads\/sites\/13\/2022\/02\/kapuscinski.jpg\",\"datePublished\":\"2022-02-28T09:24:44+02:00\",\"dateModified\":\"2022-02-28T09:24:46+02:00\",\"author\":{\"@id\":\"https:\/\/instytutpolski.pl\/bratislava\/#\/schema\/person\/9ec657f865a156712552ca9f0ad27720\"},\"breadcrumb\":{\"@id\":\"https:\/\/instytutpolski.pl\/bratislava\/2022\/02\/28\/polska-kniznica-blizko-vas-literarne-narodeniny-ryszard-kapuscinski\/#breadcrumb\"},\"inLanguage\":\"pl-PL\",\"potentialAction\":[{\"@type\":\"ReadAction\",\"target\":[\"https:\/\/instytutpolski.pl\/bratislava\/2022\/02\/28\/polska-kniznica-blizko-vas-literarne-narodeniny-ryszard-kapuscinski\/\"]}],\"@context\":\"https:\/\/schema.org\",\"startDate\":\"2022-03-04\",\"endDate\":\"2022-03-04\",\"eventStatus\":\"EventScheduled\",\"eventAttendanceMode\":\"OfflineEventAttendanceMode\",\"location\":{\"@type\":\"place\",\"name\":\"\",\"address\":\"\",\"geo\":{\"@type\":\"GeoCoordinates\",\"latitude\":\"\",\"longitude\":\"\"}},\"description\":\"Publikoval v \u202fmnoh\u00fdch po\u013esk\u00fdch novin\u00e1ch a \u202f\u010dasopisoch, ale ozajstn\u00fa sl\u00e1vu doma i \u202fv \u202fzahrani\u010d\u00ed mu priniesli jeho po\u010detn\u00e9 report\u00e1\u017ene knihy, v \u202fktor\u00fdch sa venoval najm\u00e4 problematike tretieho sveta \u2013 Afrike a \u202fLatinskej Amerike. Kapu\u015bci\u0144ski mal neoby\u010dajn\u00fd in\u0161tinkt, v\u010faka ktor\u00e9mu sa v\u017edy ocitol v tom k\u00fate sveta, kde sa dialo nie\u010do historicky v\u00fdznamn\u00e9 a \u202fpre svetov\u00fd v\u00fdvin pr\u00edzna\u010dn\u00e9. Jeho osobnos\u0165 a tvorbu pribl\u00ed\u017eime v r\u00e1mci cyklu Po\u013esk\u00e1 kni\u017enica bl\u00edzko v\u00e1s vr\u00e1tane diel prelo\u017een\u00fdch do sloven\u010diny, ktor\u00e9 s\u00fa dostupn\u00e9 v\u00a0kni\u017enici Po\u013esk\u00e9ho in\u0161tit\u00fatu v\u00a0Bratislave.\\n4. 3. ONLINE\\nfacebook.com\/PolskyInstitutBratislava\"},{\"@type\":\"ImageObject\",\"inLanguage\":\"pl-PL\",\"@id\":\"https:\/\/instytutpolski.pl\/bratislava\/2022\/02\/28\/polska-kniznica-blizko-vas-literarne-narodeniny-ryszard-kapuscinski\/#primaryimage\",\"url\":\"https:\/\/instytutpolski.pl\/bratislava\/wp-content\/uploads\/sites\/13\/2022\/02\/kapuscinski.jpg\",\"contentUrl\":\"https:\/\/instytutpolski.pl\/bratislava\/wp-content\/uploads\/sites\/13\/2022\/02\/kapuscinski.jpg\",\"width\":640,\"height\":782},{\"@type\":\"BreadcrumbList\",\"@id\":\"https:\/\/instytutpolski.pl\/bratislava\/2022\/02\/28\/polska-kniznica-blizko-vas-literarne-narodeniny-ryszard-kapuscinski\/#breadcrumb\",\"itemListElement\":[{\"@type\":\"ListItem\",\"position\":1,\"name\":\"Home\",\"item\":\"https:\/\/instytutpolski.pl\/bratislava\/\"},{\"@type\":\"ListItem\",\"position\":2,\"name\":\"Po\u013esk\u00e1 kni\u017enica bl\u00edzko v\u00e1s | Liter\u00e1rne narodeniny: Ryszard Kapu\u015bci\u0144ski\"}]},{\"@type\":\"WebSite\",\"@id\":\"https:\/\/instytutpolski.pl\/bratislava\/#website\",\"url\":\"https:\/\/instytutpolski.pl\/bratislava\/\",\"name\":\"Instytut Polski w Bratys\u0142awie\",\"description\":\"Instytuty Polskie\",\"potentialAction\":[{\"@type\":\"SearchAction\",\"target\":{\"@type\":\"EntryPoint\",\"urlTemplate\":\"https:\/\/instytutpolski.pl\/bratislava\/?s={search_term_string}\"},\"query-input\":{\"@type\":\"PropertyValueSpecification\",\"valueRequired\":true,\"valueName\":\"search_term_string\"}}],\"inLanguage\":\"pl-PL\"},{\"@type\":\"Person\",\"@id\":\"https:\/\/instytutpolski.pl\/bratislava\/#\/schema\/person\/9ec657f865a156712552ca9f0ad27720\",\"name\":\"kyselm\",\"image\":{\"@type\":\"ImageObject\",\"inLanguage\":\"pl-PL\",\"@id\":\"https:\/\/instytutpolski.pl\/bratislava\/#\/schema\/person\/image\/\",\"url\":\"https:\/\/secure.gravatar.com\/avatar\/ba96f7f4a6104a2e2f0328f9863f506d?s=96&d=mm&r=g\",\"contentUrl\":\"https:\/\/secure.gravatar.com\/avatar\/ba96f7f4a6104a2e2f0328f9863f506d?s=96&d=mm&r=g\",\"caption\":\"kyselm\"},\"url\":\"https:\/\/instytutpolski.pl\/bratislava\/author\/kyselm\/\"}]}<\/script>\n<!-- \/ Yoast SEO plugin. -->","yoast_head_json":{"title":"Po\u013esk\u00e1 kni\u017enica bl\u00edzko v\u00e1s | Liter\u00e1rne narodeniny: Ryszard Kapu\u015bci\u0144ski - Instytut Polski w Bratys\u0142awie","robots":{"index":"index","follow":"follow","max-snippet":"max-snippet:-1","max-image-preview":"max-image-preview:large","max-video-preview":"max-video-preview:-1"},"canonical":"https:\/\/instytutpolski.pl\/bratislava\/2022\/02\/28\/polska-kniznica-blizko-vas-literarne-narodeniny-ryszard-kapuscinski\/","og_locale":"pl_PL","og_type":"article","og_title":"Po\u013esk\u00e1 kni\u017enica bl\u00edzko v\u00e1s | Liter\u00e1rne narodeniny: Ryszard Kapu\u015bci\u0144ski - Instytut Polski w Bratys\u0142awie","og_description":"Publikoval v \u202fmnoh\u00fdch po\u013esk\u00fdch novin\u00e1ch a \u202f\u010dasopisoch, ale ozajstn\u00fa sl\u00e1vu doma i \u202fv \u202fzahrani\u010d\u00ed mu priniesli jeho po\u010detn\u00e9 report\u00e1\u017ene knihy, v \u202fktor\u00fdch sa venoval najm\u00e4 problematike tretieho sveta \u2013 Afrike a \u202fLatinskej Amerike. Kapu\u015bci\u0144ski mal neoby\u010dajn\u00fd in\u0161tinkt, v\u010faka ktor\u00e9mu sa v\u017edy ocitol v tom k\u00fate sveta, kde sa dialo nie\u010do historicky v\u00fdznamn\u00e9 a \u202fpre svetov\u00fd [&hellip;]","og_url":"https:\/\/instytutpolski.pl\/bratislava\/2022\/02\/28\/polska-kniznica-blizko-vas-literarne-narodeniny-ryszard-kapuscinski\/","og_site_name":"Instytut Polski w Bratys\u0142awie","article_published_time":"2022-02-28T09:24:44+00:00","article_modified_time":"2022-02-28T09:24:46+00:00","og_image":[{"width":640,"height":782,"url":"https:\/\/instytutpolski.pl\/bratislava\/wp-content\/uploads\/sites\/13\/2022\/02\/kapuscinski.jpg","type":"image\/jpeg"}],"author":"kyselm","twitter_card":"summary_large_image","twitter_misc":{"Napisane przez":"kyselm","Szacowany czas czytania":"1 minuta"},"schema":{"@context":"https:\/\/schema.org","@graph":[{"@type":"event","@id":"https:\/\/instytutpolski.pl\/bratislava\/2022\/02\/28\/polska-kniznica-blizko-vas-literarne-narodeniny-ryszard-kapuscinski\/","url":"https:\/\/instytutpolski.pl\/bratislava\/2022\/02\/28\/polska-kniznica-blizko-vas-literarne-narodeniny-ryszard-kapuscinski\/","name":"Po\u013esk\u00e1 kni\u017enica bl\u00edzko v\u00e1s | Liter\u00e1rne narodeniny: Ryszard Kapu\u015bci\u0144ski","isPartOf":{"@id":"https:\/\/instytutpolski.pl\/bratislava\/#website"},"primaryImageOfPage":{"@id":"https:\/\/instytutpolski.pl\/bratislava\/2022\/02\/28\/polska-kniznica-blizko-vas-literarne-narodeniny-ryszard-kapuscinski\/#primaryimage"},"image":["https:\/\/instytutpolski.pl\/bratislava\/wp-content\/uploads\/sites\/13\/2022\/02\/kapuscinski.jpg","https:\/\/instytutpolski.pl\/bratislava\/wp-content\/uploads\/sites\/13\/2022\/02\/kapuscinski-246x300.jpg","https:\/\/instytutpolski.pl\/bratislava\/wp-content\/uploads\/sites\/13\/2022\/02\/kapuscinski.jpg","https:\/\/instytutpolski.pl\/bratislava\/wp-content\/uploads\/sites\/13\/2022\/02\/kapuscinski.jpg"],"thumbnailUrl":"https:\/\/instytutpolski.pl\/bratislava\/wp-content\/uploads\/sites\/13\/2022\/02\/kapuscinski.jpg","datePublished":"2022-02-28T09:24:44+02:00","dateModified":"2022-02-28T09:24:46+02:00","author":{"@id":"https:\/\/instytutpolski.pl\/bratislava\/#\/schema\/person\/9ec657f865a156712552ca9f0ad27720"},"breadcrumb":{"@id":"https:\/\/instytutpolski.pl\/bratislava\/2022\/02\/28\/polska-kniznica-blizko-vas-literarne-narodeniny-ryszard-kapuscinski\/#breadcrumb"},"inLanguage":"pl-PL","potentialAction":[{"@type":"ReadAction","target":["https:\/\/instytutpolski.pl\/bratislava\/2022\/02\/28\/polska-kniznica-blizko-vas-literarne-narodeniny-ryszard-kapuscinski\/"]}],"@context":"https:\/\/schema.org","startDate":"2022-03-04","endDate":"2022-03-04","eventStatus":"EventScheduled","eventAttendanceMode":"OfflineEventAttendanceMode","location":{"@type":"place","name":"","address":"","geo":{"@type":"GeoCoordinates","latitude":"","longitude":""}},"description":"Publikoval v \u202fmnoh\u00fdch po\u013esk\u00fdch novin\u00e1ch a \u202f\u010dasopisoch, ale ozajstn\u00fa sl\u00e1vu doma i \u202fv \u202fzahrani\u010d\u00ed mu priniesli jeho po\u010detn\u00e9 report\u00e1\u017ene knihy, v \u202fktor\u00fdch sa venoval najm\u00e4 problematike tretieho sveta \u2013 Afrike a \u202fLatinskej Amerike. Kapu\u015bci\u0144ski mal neoby\u010dajn\u00fd in\u0161tinkt, v\u010faka ktor\u00e9mu sa v\u017edy ocitol v tom k\u00fate sveta, kde sa dialo nie\u010do historicky v\u00fdznamn\u00e9 a \u202fpre svetov\u00fd v\u00fdvin pr\u00edzna\u010dn\u00e9. Jeho osobnos\u0165 a tvorbu pribl\u00ed\u017eime v r\u00e1mci cyklu Po\u013esk\u00e1 kni\u017enica bl\u00edzko v\u00e1s vr\u00e1tane diel prelo\u017een\u00fdch do sloven\u010diny, ktor\u00e9 s\u00fa dostupn\u00e9 v\u00a0kni\u017enici Po\u013esk\u00e9ho in\u0161tit\u00fatu v\u00a0Bratislave.\n4. 3. ONLINE\nfacebook.com\/PolskyInstitutBratislava"},{"@type":"ImageObject","inLanguage":"pl-PL","@id":"https:\/\/instytutpolski.pl\/bratislava\/2022\/02\/28\/polska-kniznica-blizko-vas-literarne-narodeniny-ryszard-kapuscinski\/#primaryimage","url":"https:\/\/instytutpolski.pl\/bratislava\/wp-content\/uploads\/sites\/13\/2022\/02\/kapuscinski.jpg","contentUrl":"https:\/\/instytutpolski.pl\/bratislava\/wp-content\/uploads\/sites\/13\/2022\/02\/kapuscinski.jpg","width":640,"height":782},{"@type":"BreadcrumbList","@id":"https:\/\/instytutpolski.pl\/bratislava\/2022\/02\/28\/polska-kniznica-blizko-vas-literarne-narodeniny-ryszard-kapuscinski\/#breadcrumb","itemListElement":[{"@type":"ListItem","position":1,"name":"Home","item":"https:\/\/instytutpolski.pl\/bratislava\/"},{"@type":"ListItem","position":2,"name":"Po\u013esk\u00e1 kni\u017enica bl\u00edzko v\u00e1s | Liter\u00e1rne narodeniny: Ryszard Kapu\u015bci\u0144ski"}]},{"@type":"WebSite","@id":"https:\/\/instytutpolski.pl\/bratislava\/#website","url":"https:\/\/instytutpolski.pl\/bratislava\/","name":"Instytut Polski w Bratys\u0142awie","description":"Instytuty Polskie","potentialAction":[{"@type":"SearchAction","target":{"@type":"EntryPoint","urlTemplate":"https:\/\/instytutpolski.pl\/bratislava\/?s={search_term_string}"},"query-input":{"@type":"PropertyValueSpecification","valueRequired":true,"valueName":"search_term_string"}}],"inLanguage":"pl-PL"},{"@type":"Person","@id":"https:\/\/instytutpolski.pl\/bratislava\/#\/schema\/person\/9ec657f865a156712552ca9f0ad27720","name":"kyselm","image":{"@type":"ImageObject","inLanguage":"pl-PL","@id":"https:\/\/instytutpolski.pl\/bratislava\/#\/schema\/person\/image\/","url":"https:\/\/secure.gravatar.com\/avatar\/ba96f7f4a6104a2e2f0328f9863f506d?s=96&d=mm&r=g","contentUrl":"https:\/\/secure.gravatar.com\/avatar\/ba96f7f4a6104a2e2f0328f9863f506d?s=96&d=mm&r=g","caption":"kyselm"},"url":"https:\/\/instytutpolski.pl\/bratislava\/author\/kyselm\/"}]}},"_links":{"self":[{"href":"https:\/\/instytutpolski.pl\/bratislava\/wp-json\/wp\/v2\/posts\/4537","targetHints":{"allow":["GET"]}}],"collection":[{"href":"https:\/\/instytutpolski.pl\/bratislava\/wp-json\/wp\/v2\/posts"}],"about":[{"href":"https:\/\/instytutpolski.pl\/bratislava\/wp-json\/wp\/v2\/types\/post"}],"author":[{"embeddable":true,"href":"https:\/\/instytutpolski.pl\/bratislava\/wp-json\/wp\/v2\/users\/116"}],"replies":[{"embeddable":true,"href":"https:\/\/instytutpolski.pl\/bratislava\/wp-json\/wp\/v2\/comments?post=4537"}],"version-history":[{"count":2,"href":"https:\/\/instytutpolski.pl\/bratislava\/wp-json\/wp\/v2\/posts\/4537\/revisions"}],"predecessor-version":[{"id":4551,"href":"https:\/\/instytutpolski.pl\/bratislava\/wp-json\/wp\/v2\/posts\/4537\/revisions\/4551"}],"wp:featuredmedia":[{"embeddable":true,"href":"https:\/\/instytutpolski.pl\/bratislava\/wp-json\/wp\/v2\/media\/4549"}],"wp:attachment":[{"href":"https:\/\/instytutpolski.pl\/bratislava\/wp-json\/wp\/v2\/media?parent=4537"}],"wp:term":[{"taxonomy":"category","embeddable":true,"href":"https:\/\/instytutpolski.pl\/bratislava\/wp-json\/wp\/v2\/categories?post=4537"},{"taxonomy":"post_tag","embeddable":true,"href":"https:\/\/instytutpolski.pl\/bratislava\/wp-json\/wp\/v2\/tags?post=4537"}],"curies":[{"name":"wp","href":"https:\/\/api.w.org\/{rel}","templated":true}]}}