{"id":6217,"date":"2023-06-30T12:50:28","date_gmt":"2023-06-30T10:50:28","guid":{"rendered":"https:\/\/instytutpolski.pl\/bratislava\/?p=6217"},"modified":"2023-06-30T13:50:37","modified_gmt":"2023-06-30T11:50:37","slug":"visegrad-music-youth-academy","status":"publish","type":"post","link":"https:\/\/instytutpolski.pl\/bratislava\/2023\/06\/30\/visegrad-music-youth-academy\/","title":{"rendered":"Visegrad Music Youth Academy"},"content":{"rendered":"\n<p>Triedy bud\u00fa vies\u0165 renomovan\u00ed pedag\u00f3govia a svetozn\u00e1mi koncertn\u00ed umelci z&nbsp;kraj\u00edn V4 vr\u00e1tane po\u013eskej huslistky <strong>Anny Gutowskej<\/strong> a&nbsp;po\u013esk\u00e9ho dirigenta <strong>Paw\u0142a Przytock\u00e9ho<\/strong>. V&nbsp;programe s\u00fa aj ve\u010dern\u00e9 koncerty \u2013 najsk\u00f4r koncert pedag\u00f3gov (22. 8.), a&nbsp;n\u00e1sledne koncerty \u00fa\u010dastn\u00edkov kurzov (23. 8. a 24. 8.). Svoju \u00fa\u010das\u0165 na tohtoro\u010dnej akad\u00e9mii potvrdilo 13 mlad\u00fdch a&nbsp;talentovan\u00fdch hudobn\u00edkov.<\/p>\n\n\n\n<p><strong>22. \u2013 25. 8.<\/strong> <strong>Pezinok, Hotel Roz\u00e1lka, Roz\u00e1lka 9<\/strong><\/p>\n\n\n\n<p><em><a href=\"http:\/\/musicmasterclass.sk\">musicmasterclass.sk<\/a><\/em><\/p>\n","protected":false},"excerpt":{"rendered":"<p>Triedy bud\u00fa vies\u0165 renomovan\u00ed pedag\u00f3govia a svetozn\u00e1mi koncertn\u00ed umelci z&nbsp;kraj\u00edn V4 vr\u00e1tane po\u013eskej huslistky Anny Gutowskej a&nbsp;po\u013esk\u00e9ho dirigenta Paw\u0142a Przytock\u00e9ho. V&nbsp;programe s\u00fa aj ve\u010dern\u00e9 koncerty \u2013 najsk\u00f4r koncert pedag\u00f3gov (22. 8.), a&nbsp;n\u00e1sledne koncerty \u00fa\u010dastn\u00edkov kurzov (23. 8. a 24. 8.). Svoju \u00fa\u010das\u0165 na tohtoro\u010dnej akad\u00e9mii potvrdilo 13 mlad\u00fdch a&nbsp;talentovan\u00fdch hudobn\u00edkov. 22. \u2013 25. 8. Pezinok, [&hellip;]<\/p>\n","protected":false},"author":116,"featured_media":6244,"comment_status":"open","ping_status":"open","sticky":false,"template":"","format":"standard","meta":{"inline_featured_image":false,"_monsterinsights_skip_tracking":false,"_monsterinsights_sitenote_active":false,"_monsterinsights_sitenote_note":"","_monsterinsights_sitenote_category":0,"footnotes":""},"categories":[38],"tags":[],"class_list":["post-6217","post","type-post","status-publish","format-standard","has-post-thumbnail","hentry","category-hudba"],"yoast_head":"<!-- This site is optimized with the Yoast SEO plugin v24.6 - https:\/\/yoast.com\/wordpress\/plugins\/seo\/ -->\n<title>Visegrad Music Youth Academy - Instytut Polski w Bratys\u0142awie<\/title>\n<meta name=\"robots\" content=\"index, follow, max-snippet:-1, max-image-preview:large, max-video-preview:-1\" \/>\n<link rel=\"canonical\" href=\"https:\/\/instytutpolski.pl\/bratislava\/2023\/06\/30\/visegrad-music-youth-academy\/\" \/>\n<meta property=\"og:locale\" content=\"pl_PL\" \/>\n<meta property=\"og:type\" content=\"article\" \/>\n<meta property=\"og:title\" content=\"Visegrad Music Youth Academy - Instytut Polski w Bratys\u0142awie\" \/>\n<meta property=\"og:description\" content=\"Triedy bud\u00fa vies\u0165 renomovan\u00ed pedag\u00f3govia a svetozn\u00e1mi koncertn\u00ed umelci z&nbsp;kraj\u00edn V4 vr\u00e1tane po\u013eskej huslistky Anny Gutowskej a&nbsp;po\u013esk\u00e9ho dirigenta Paw\u0142a Przytock\u00e9ho. V&nbsp;programe s\u00fa aj ve\u010dern\u00e9 koncerty \u2013 najsk\u00f4r koncert pedag\u00f3gov (22. 8.), a&nbsp;n\u00e1sledne koncerty \u00fa\u010dastn\u00edkov kurzov (23. 8. a 24. 8.). Svoju \u00fa\u010das\u0165 na tohtoro\u010dnej akad\u00e9mii potvrdilo 13 mlad\u00fdch a&nbsp;talentovan\u00fdch hudobn\u00edkov. 22. \u2013 25. 8. Pezinok, [&hellip;]\" \/>\n<meta property=\"og:url\" content=\"https:\/\/instytutpolski.pl\/bratislava\/2023\/06\/30\/visegrad-music-youth-academy\/\" \/>\n<meta property=\"og:site_name\" content=\"Instytut Polski w Bratys\u0142awie\" \/>\n<meta property=\"article:published_time\" content=\"2023-06-30T10:50:28+00:00\" \/>\n<meta property=\"article:modified_time\" content=\"2023-06-30T11:50:37+00:00\" \/>\n<meta property=\"og:image\" content=\"https:\/\/instytutpolski.pl\/bratislava\/wp-content\/uploads\/sites\/13\/2023\/06\/piotr_wajrak_anna_gutowska_i_przeboje_muzyki_klasycznej_18691.jpg\" \/>\n\t<meta property=\"og:image:width\" content=\"600\" \/>\n\t<meta property=\"og:image:height\" content=\"751\" \/>\n\t<meta property=\"og:image:type\" content=\"image\/jpeg\" \/>\n<meta name=\"author\" content=\"kyselm\" \/>\n<meta name=\"twitter:card\" content=\"summary_large_image\" \/>\n<meta name=\"twitter:label1\" content=\"Napisane przez\" \/>\n\t<meta name=\"twitter:data1\" content=\"kyselm\" \/>\n\t<meta name=\"twitter:label2\" content=\"Szacowany czas czytania\" \/>\n\t<meta name=\"twitter:data2\" content=\"1 minuta\" \/>\n<script type=\"application\/ld+json\" class=\"yoast-schema-graph\">{\"@context\":\"https:\/\/schema.org\",\"@graph\":[{\"@type\":\"event\",\"@id\":\"https:\/\/instytutpolski.pl\/bratislava\/2023\/06\/30\/visegrad-music-youth-academy\/\",\"url\":\"https:\/\/instytutpolski.pl\/bratislava\/2023\/06\/30\/visegrad-music-youth-academy\/\",\"name\":\"Visegrad Music Youth Academy\",\"isPartOf\":{\"@id\":\"https:\/\/instytutpolski.pl\/bratislava\/#website\"},\"primaryImageOfPage\":{\"@id\":\"https:\/\/instytutpolski.pl\/bratislava\/2023\/06\/30\/visegrad-music-youth-academy\/#primaryimage\"},\"image\":[\"https:\/\/instytutpolski.pl\/bratislava\/wp-content\/uploads\/sites\/13\/2023\/06\/piotr_wajrak_anna_gutowska_i_przeboje_muzyki_klasycznej_18691.jpg\",\"https:\/\/instytutpolski.pl\/bratislava\/wp-content\/uploads\/sites\/13\/2023\/06\/piotr_wajrak_anna_gutowska_i_przeboje_muzyki_klasycznej_18691-240x300.jpg\",\"https:\/\/instytutpolski.pl\/bratislava\/wp-content\/uploads\/sites\/13\/2023\/06\/piotr_wajrak_anna_gutowska_i_przeboje_muzyki_klasycznej_18691.jpg\",\"https:\/\/instytutpolski.pl\/bratislava\/wp-content\/uploads\/sites\/13\/2023\/06\/piotr_wajrak_anna_gutowska_i_przeboje_muzyki_klasycznej_18691.jpg\"],\"thumbnailUrl\":\"https:\/\/instytutpolski.pl\/bratislava\/wp-content\/uploads\/sites\/13\/2023\/06\/piotr_wajrak_anna_gutowska_i_przeboje_muzyki_klasycznej_18691.jpg\",\"datePublished\":\"2023-06-30T10:50:28+02:00\",\"dateModified\":\"2023-06-30T11:50:37+02:00\",\"author\":{\"@id\":\"https:\/\/instytutpolski.pl\/bratislava\/#\/schema\/person\/9ec657f865a156712552ca9f0ad27720\"},\"breadcrumb\":{\"@id\":\"https:\/\/instytutpolski.pl\/bratislava\/2023\/06\/30\/visegrad-music-youth-academy\/#breadcrumb\"},\"inLanguage\":\"pl-PL\",\"potentialAction\":[{\"@type\":\"ReadAction\",\"target\":[\"https:\/\/instytutpolski.pl\/bratislava\/2023\/06\/30\/visegrad-music-youth-academy\/\"]}],\"@context\":\"https:\/\/schema.org\",\"startDate\":\"2023-08-22\",\"endDate\":\"2023-08-25\",\"eventStatus\":\"EventScheduled\",\"eventAttendanceMode\":\"OfflineEventAttendanceMode\",\"location\":{\"@type\":\"place\",\"name\":\"\",\"address\":\"\",\"geo\":{\"@type\":\"GeoCoordinates\",\"latitude\":\"\",\"longitude\":\"\"}},\"description\":\"Triedy bud\u00fa vies\u0165 renomovan\u00ed pedag\u00f3govia a svetozn\u00e1mi koncertn\u00ed umelci z kraj\u00edn V4 vr\u00e1tane po\u013eskej huslistky Anny Gutowskej a po\u013esk\u00e9ho dirigenta Paw\u0142a Przytock\u00e9ho. V programe s\u00fa aj ve\u010dern\u00e9 koncerty \u2013 najsk\u00f4r koncert pedag\u00f3gov (22. 8.), a n\u00e1sledne koncerty \u00fa\u010dastn\u00edkov kurzov (23. 8. a 24. 8.). Svoju \u00fa\u010das\u0165 na tohtoro\u010dnej akad\u00e9mii potvrdilo 13 mlad\u00fdch a talentovan\u00fdch hudobn\u00edkov.\\n22. \u2013 25. 8. Pezinok, Hotel Roz\u00e1lka, Roz\u00e1lka 9\\nmusicmasterclass.sk\"},{\"@type\":\"ImageObject\",\"inLanguage\":\"pl-PL\",\"@id\":\"https:\/\/instytutpolski.pl\/bratislava\/2023\/06\/30\/visegrad-music-youth-academy\/#primaryimage\",\"url\":\"https:\/\/instytutpolski.pl\/bratislava\/wp-content\/uploads\/sites\/13\/2023\/06\/piotr_wajrak_anna_gutowska_i_przeboje_muzyki_klasycznej_18691.jpg\",\"contentUrl\":\"https:\/\/instytutpolski.pl\/bratislava\/wp-content\/uploads\/sites\/13\/2023\/06\/piotr_wajrak_anna_gutowska_i_przeboje_muzyki_klasycznej_18691.jpg\",\"width\":600,\"height\":751},{\"@type\":\"BreadcrumbList\",\"@id\":\"https:\/\/instytutpolski.pl\/bratislava\/2023\/06\/30\/visegrad-music-youth-academy\/#breadcrumb\",\"itemListElement\":[{\"@type\":\"ListItem\",\"position\":1,\"name\":\"Home\",\"item\":\"https:\/\/instytutpolski.pl\/bratislava\/\"},{\"@type\":\"ListItem\",\"position\":2,\"name\":\"Visegrad Music Youth Academy\"}]},{\"@type\":\"WebSite\",\"@id\":\"https:\/\/instytutpolski.pl\/bratislava\/#website\",\"url\":\"https:\/\/instytutpolski.pl\/bratislava\/\",\"name\":\"Instytut Polski w Bratys\u0142awie\",\"description\":\"Instytuty Polskie\",\"potentialAction\":[{\"@type\":\"SearchAction\",\"target\":{\"@type\":\"EntryPoint\",\"urlTemplate\":\"https:\/\/instytutpolski.pl\/bratislava\/?s={search_term_string}\"},\"query-input\":{\"@type\":\"PropertyValueSpecification\",\"valueRequired\":true,\"valueName\":\"search_term_string\"}}],\"inLanguage\":\"pl-PL\"},{\"@type\":\"Person\",\"@id\":\"https:\/\/instytutpolski.pl\/bratislava\/#\/schema\/person\/9ec657f865a156712552ca9f0ad27720\",\"name\":\"kyselm\",\"image\":{\"@type\":\"ImageObject\",\"inLanguage\":\"pl-PL\",\"@id\":\"https:\/\/instytutpolski.pl\/bratislava\/#\/schema\/person\/image\/\",\"url\":\"https:\/\/secure.gravatar.com\/avatar\/ba96f7f4a6104a2e2f0328f9863f506d?s=96&d=mm&r=g\",\"contentUrl\":\"https:\/\/secure.gravatar.com\/avatar\/ba96f7f4a6104a2e2f0328f9863f506d?s=96&d=mm&r=g\",\"caption\":\"kyselm\"},\"url\":\"https:\/\/instytutpolski.pl\/bratislava\/author\/kyselm\/\"}]}<\/script>\n<!-- \/ Yoast SEO plugin. -->","yoast_head_json":{"title":"Visegrad Music Youth Academy - Instytut Polski w Bratys\u0142awie","robots":{"index":"index","follow":"follow","max-snippet":"max-snippet:-1","max-image-preview":"max-image-preview:large","max-video-preview":"max-video-preview:-1"},"canonical":"https:\/\/instytutpolski.pl\/bratislava\/2023\/06\/30\/visegrad-music-youth-academy\/","og_locale":"pl_PL","og_type":"article","og_title":"Visegrad Music Youth Academy - Instytut Polski w Bratys\u0142awie","og_description":"Triedy bud\u00fa vies\u0165 renomovan\u00ed pedag\u00f3govia a svetozn\u00e1mi koncertn\u00ed umelci z&nbsp;kraj\u00edn V4 vr\u00e1tane po\u013eskej huslistky Anny Gutowskej a&nbsp;po\u013esk\u00e9ho dirigenta Paw\u0142a Przytock\u00e9ho. V&nbsp;programe s\u00fa aj ve\u010dern\u00e9 koncerty \u2013 najsk\u00f4r koncert pedag\u00f3gov (22. 8.), a&nbsp;n\u00e1sledne koncerty \u00fa\u010dastn\u00edkov kurzov (23. 8. a 24. 8.). Svoju \u00fa\u010das\u0165 na tohtoro\u010dnej akad\u00e9mii potvrdilo 13 mlad\u00fdch a&nbsp;talentovan\u00fdch hudobn\u00edkov. 22. \u2013 25. 8. Pezinok, [&hellip;]","og_url":"https:\/\/instytutpolski.pl\/bratislava\/2023\/06\/30\/visegrad-music-youth-academy\/","og_site_name":"Instytut Polski w Bratys\u0142awie","article_published_time":"2023-06-30T10:50:28+00:00","article_modified_time":"2023-06-30T11:50:37+00:00","og_image":[{"width":600,"height":751,"url":"https:\/\/instytutpolski.pl\/bratislava\/wp-content\/uploads\/sites\/13\/2023\/06\/piotr_wajrak_anna_gutowska_i_przeboje_muzyki_klasycznej_18691.jpg","type":"image\/jpeg"}],"author":"kyselm","twitter_card":"summary_large_image","twitter_misc":{"Napisane przez":"kyselm","Szacowany czas czytania":"1 minuta"},"schema":{"@context":"https:\/\/schema.org","@graph":[{"@type":"event","@id":"https:\/\/instytutpolski.pl\/bratislava\/2023\/06\/30\/visegrad-music-youth-academy\/","url":"https:\/\/instytutpolski.pl\/bratislava\/2023\/06\/30\/visegrad-music-youth-academy\/","name":"Visegrad Music Youth Academy","isPartOf":{"@id":"https:\/\/instytutpolski.pl\/bratislava\/#website"},"primaryImageOfPage":{"@id":"https:\/\/instytutpolski.pl\/bratislava\/2023\/06\/30\/visegrad-music-youth-academy\/#primaryimage"},"image":["https:\/\/instytutpolski.pl\/bratislava\/wp-content\/uploads\/sites\/13\/2023\/06\/piotr_wajrak_anna_gutowska_i_przeboje_muzyki_klasycznej_18691.jpg","https:\/\/instytutpolski.pl\/bratislava\/wp-content\/uploads\/sites\/13\/2023\/06\/piotr_wajrak_anna_gutowska_i_przeboje_muzyki_klasycznej_18691-240x300.jpg","https:\/\/instytutpolski.pl\/bratislava\/wp-content\/uploads\/sites\/13\/2023\/06\/piotr_wajrak_anna_gutowska_i_przeboje_muzyki_klasycznej_18691.jpg","https:\/\/instytutpolski.pl\/bratislava\/wp-content\/uploads\/sites\/13\/2023\/06\/piotr_wajrak_anna_gutowska_i_przeboje_muzyki_klasycznej_18691.jpg"],"thumbnailUrl":"https:\/\/instytutpolski.pl\/bratislava\/wp-content\/uploads\/sites\/13\/2023\/06\/piotr_wajrak_anna_gutowska_i_przeboje_muzyki_klasycznej_18691.jpg","datePublished":"2023-06-30T10:50:28+02:00","dateModified":"2023-06-30T11:50:37+02:00","author":{"@id":"https:\/\/instytutpolski.pl\/bratislava\/#\/schema\/person\/9ec657f865a156712552ca9f0ad27720"},"breadcrumb":{"@id":"https:\/\/instytutpolski.pl\/bratislava\/2023\/06\/30\/visegrad-music-youth-academy\/#breadcrumb"},"inLanguage":"pl-PL","potentialAction":[{"@type":"ReadAction","target":["https:\/\/instytutpolski.pl\/bratislava\/2023\/06\/30\/visegrad-music-youth-academy\/"]}],"@context":"https:\/\/schema.org","startDate":"2023-08-22","endDate":"2023-08-25","eventStatus":"EventScheduled","eventAttendanceMode":"OfflineEventAttendanceMode","location":{"@type":"place","name":"","address":"","geo":{"@type":"GeoCoordinates","latitude":"","longitude":""}},"description":"Triedy bud\u00fa vies\u0165 renomovan\u00ed pedag\u00f3govia a svetozn\u00e1mi koncertn\u00ed umelci z kraj\u00edn V4 vr\u00e1tane po\u013eskej huslistky Anny Gutowskej a po\u013esk\u00e9ho dirigenta Paw\u0142a Przytock\u00e9ho. V programe s\u00fa aj ve\u010dern\u00e9 koncerty \u2013 najsk\u00f4r koncert pedag\u00f3gov (22. 8.), a n\u00e1sledne koncerty \u00fa\u010dastn\u00edkov kurzov (23. 8. a 24. 8.). Svoju \u00fa\u010das\u0165 na tohtoro\u010dnej akad\u00e9mii potvrdilo 13 mlad\u00fdch a talentovan\u00fdch hudobn\u00edkov.\n22. \u2013 25. 8. Pezinok, Hotel Roz\u00e1lka, Roz\u00e1lka 9\nmusicmasterclass.sk"},{"@type":"ImageObject","inLanguage":"pl-PL","@id":"https:\/\/instytutpolski.pl\/bratislava\/2023\/06\/30\/visegrad-music-youth-academy\/#primaryimage","url":"https:\/\/instytutpolski.pl\/bratislava\/wp-content\/uploads\/sites\/13\/2023\/06\/piotr_wajrak_anna_gutowska_i_przeboje_muzyki_klasycznej_18691.jpg","contentUrl":"https:\/\/instytutpolski.pl\/bratislava\/wp-content\/uploads\/sites\/13\/2023\/06\/piotr_wajrak_anna_gutowska_i_przeboje_muzyki_klasycznej_18691.jpg","width":600,"height":751},{"@type":"BreadcrumbList","@id":"https:\/\/instytutpolski.pl\/bratislava\/2023\/06\/30\/visegrad-music-youth-academy\/#breadcrumb","itemListElement":[{"@type":"ListItem","position":1,"name":"Home","item":"https:\/\/instytutpolski.pl\/bratislava\/"},{"@type":"ListItem","position":2,"name":"Visegrad Music Youth Academy"}]},{"@type":"WebSite","@id":"https:\/\/instytutpolski.pl\/bratislava\/#website","url":"https:\/\/instytutpolski.pl\/bratislava\/","name":"Instytut Polski w Bratys\u0142awie","description":"Instytuty Polskie","potentialAction":[{"@type":"SearchAction","target":{"@type":"EntryPoint","urlTemplate":"https:\/\/instytutpolski.pl\/bratislava\/?s={search_term_string}"},"query-input":{"@type":"PropertyValueSpecification","valueRequired":true,"valueName":"search_term_string"}}],"inLanguage":"pl-PL"},{"@type":"Person","@id":"https:\/\/instytutpolski.pl\/bratislava\/#\/schema\/person\/9ec657f865a156712552ca9f0ad27720","name":"kyselm","image":{"@type":"ImageObject","inLanguage":"pl-PL","@id":"https:\/\/instytutpolski.pl\/bratislava\/#\/schema\/person\/image\/","url":"https:\/\/secure.gravatar.com\/avatar\/ba96f7f4a6104a2e2f0328f9863f506d?s=96&d=mm&r=g","contentUrl":"https:\/\/secure.gravatar.com\/avatar\/ba96f7f4a6104a2e2f0328f9863f506d?s=96&d=mm&r=g","caption":"kyselm"},"url":"https:\/\/instytutpolski.pl\/bratislava\/author\/kyselm\/"}]}},"_links":{"self":[{"href":"https:\/\/instytutpolski.pl\/bratislava\/wp-json\/wp\/v2\/posts\/6217","targetHints":{"allow":["GET"]}}],"collection":[{"href":"https:\/\/instytutpolski.pl\/bratislava\/wp-json\/wp\/v2\/posts"}],"about":[{"href":"https:\/\/instytutpolski.pl\/bratislava\/wp-json\/wp\/v2\/types\/post"}],"author":[{"embeddable":true,"href":"https:\/\/instytutpolski.pl\/bratislava\/wp-json\/wp\/v2\/users\/116"}],"replies":[{"embeddable":true,"href":"https:\/\/instytutpolski.pl\/bratislava\/wp-json\/wp\/v2\/comments?post=6217"}],"version-history":[{"count":3,"href":"https:\/\/instytutpolski.pl\/bratislava\/wp-json\/wp\/v2\/posts\/6217\/revisions"}],"predecessor-version":[{"id":6251,"href":"https:\/\/instytutpolski.pl\/bratislava\/wp-json\/wp\/v2\/posts\/6217\/revisions\/6251"}],"wp:featuredmedia":[{"embeddable":true,"href":"https:\/\/instytutpolski.pl\/bratislava\/wp-json\/wp\/v2\/media\/6244"}],"wp:attachment":[{"href":"https:\/\/instytutpolski.pl\/bratislava\/wp-json\/wp\/v2\/media?parent=6217"}],"wp:term":[{"taxonomy":"category","embeddable":true,"href":"https:\/\/instytutpolski.pl\/bratislava\/wp-json\/wp\/v2\/categories?post=6217"},{"taxonomy":"post_tag","embeddable":true,"href":"https:\/\/instytutpolski.pl\/bratislava\/wp-json\/wp\/v2\/tags?post=6217"}],"curies":[{"name":"wp","href":"https:\/\/api.w.org\/{rel}","templated":true}]}}