{"id":6344,"date":"2023-08-29T12:54:17","date_gmt":"2023-08-29T10:54:17","guid":{"rendered":"https:\/\/instytutpolski.pl\/bratislava\/?p=6344"},"modified":"2023-08-29T12:54:19","modified_gmt":"2023-08-29T10:54:19","slug":"premiera-videoklipu-k-piesni-szpieg","status":"publish","type":"post","link":"https:\/\/instytutpolski.pl\/bratislava\/2023\/08\/29\/premiera-videoklipu-k-piesni-szpieg\/","title":{"rendered":"Premi\u00e9ra videoklipu k piesni Szpieg"},"content":{"rendered":"\n<p>Piese\u0148 skomponoval <strong>Stano Stehl\u00edk<\/strong>, autorkou slov je <strong>Ma\u0142gorzata Wojcieszy\u0144ska<\/strong>. Vo videoklipe, ktor\u00fd sa nat\u00e1\u010dal na hrade v\u00a0\u010cachticiach, vystupuje <strong>Ewa Sipos<\/strong>, <strong>kvartet Laugaricio<\/strong>, <strong>Marcus Zima<\/strong> pod re\u017eis\u00e9rskou taktovkou <strong>Juraja Lehutu<\/strong>.<\/p>\n\n\n\n<p><strong>21. 9. \/ 18:00<\/strong> <strong>Bratislava<\/strong>, <strong>Po\u013esk\u00fd in\u0161tit\u00fat, N\u00e1m. SNP 27<\/strong><\/p>\n\n\n\n<p><em><a href=\"http:\/\/www.polonia.sk\">www.polonia.sk<\/a><\/em><\/p>\n","protected":false},"excerpt":{"rendered":"<p>Piese\u0148 skomponoval Stano Stehl\u00edk, autorkou slov je Ma\u0142gorzata Wojcieszy\u0144ska. Vo videoklipe, ktor\u00fd sa nat\u00e1\u010dal na hrade v\u00a0\u010cachticiach, vystupuje Ewa Sipos, kvartet Laugaricio, Marcus Zima pod re\u017eis\u00e9rskou taktovkou Juraja Lehutu. 21. 9. \/ 18:00 Bratislava, Po\u013esk\u00fd in\u0161tit\u00fat, N\u00e1m. SNP 27 www.polonia.sk<\/p>\n","protected":false},"author":116,"featured_media":6370,"comment_status":"open","ping_status":"open","sticky":false,"template":"","format":"standard","meta":{"inline_featured_image":false,"_monsterinsights_skip_tracking":false,"_monsterinsights_sitenote_active":false,"_monsterinsights_sitenote_note":"","_monsterinsights_sitenote_category":0,"footnotes":""},"categories":[38],"tags":[],"class_list":["post-6344","post","type-post","status-publish","format-standard","has-post-thumbnail","hentry","category-hudba"],"yoast_head":"<!-- This site is optimized with the Yoast SEO plugin v24.6 - https:\/\/yoast.com\/wordpress\/plugins\/seo\/ -->\n<title>Premi\u00e9ra videoklipu k piesni Szpieg - Instytut Polski w Bratys\u0142awie<\/title>\n<meta name=\"robots\" content=\"index, follow, max-snippet:-1, max-image-preview:large, max-video-preview:-1\" \/>\n<link rel=\"canonical\" href=\"https:\/\/instytutpolski.pl\/bratislava\/2023\/08\/29\/premiera-videoklipu-k-piesni-szpieg\/\" \/>\n<meta property=\"og:locale\" content=\"pl_PL\" \/>\n<meta property=\"og:type\" content=\"article\" \/>\n<meta property=\"og:title\" content=\"Premi\u00e9ra videoklipu k piesni Szpieg - Instytut Polski w Bratys\u0142awie\" \/>\n<meta property=\"og:description\" content=\"Piese\u0148 skomponoval Stano Stehl\u00edk, autorkou slov je Ma\u0142gorzata Wojcieszy\u0144ska. Vo videoklipe, ktor\u00fd sa nat\u00e1\u010dal na hrade v\u00a0\u010cachticiach, vystupuje Ewa Sipos, kvartet Laugaricio, Marcus Zima pod re\u017eis\u00e9rskou taktovkou Juraja Lehutu. 21. 9. \/ 18:00 Bratislava, Po\u013esk\u00fd in\u0161tit\u00fat, N\u00e1m. SNP 27 www.polonia.sk\" \/>\n<meta property=\"og:url\" content=\"https:\/\/instytutpolski.pl\/bratislava\/2023\/08\/29\/premiera-videoklipu-k-piesni-szpieg\/\" \/>\n<meta property=\"og:site_name\" content=\"Instytut Polski w Bratys\u0142awie\" \/>\n<meta property=\"article:published_time\" content=\"2023-08-29T10:54:17+00:00\" \/>\n<meta property=\"article:modified_time\" content=\"2023-08-29T10:54:19+00:00\" \/>\n<meta property=\"og:image\" content=\"https:\/\/instytutpolski.pl\/bratislava\/wp-content\/uploads\/sites\/13\/2023\/08\/SzpiegL.jpg\" \/>\n\t<meta property=\"og:image:width\" content=\"2000\" \/>\n\t<meta property=\"og:image:height\" content=\"1250\" \/>\n\t<meta property=\"og:image:type\" content=\"image\/jpeg\" \/>\n<meta name=\"author\" content=\"kyselm\" \/>\n<meta name=\"twitter:card\" content=\"summary_large_image\" \/>\n<meta name=\"twitter:label1\" content=\"Napisane przez\" \/>\n\t<meta name=\"twitter:data1\" content=\"kyselm\" \/>\n\t<meta name=\"twitter:label2\" content=\"Szacowany czas czytania\" \/>\n\t<meta name=\"twitter:data2\" content=\"1 minuta\" \/>\n<script type=\"application\/ld+json\" class=\"yoast-schema-graph\">{\"@context\":\"https:\/\/schema.org\",\"@graph\":[{\"@type\":\"event\",\"@id\":\"https:\/\/instytutpolski.pl\/bratislava\/2023\/08\/29\/premiera-videoklipu-k-piesni-szpieg\/\",\"url\":\"https:\/\/instytutpolski.pl\/bratislava\/2023\/08\/29\/premiera-videoklipu-k-piesni-szpieg\/\",\"name\":\"Premi\u00e9ra videoklipu k piesni Szpieg\",\"isPartOf\":{\"@id\":\"https:\/\/instytutpolski.pl\/bratislava\/#website\"},\"primaryImageOfPage\":{\"@id\":\"https:\/\/instytutpolski.pl\/bratislava\/2023\/08\/29\/premiera-videoklipu-k-piesni-szpieg\/#primaryimage\"},\"image\":[\"https:\/\/instytutpolski.pl\/bratislava\/wp-content\/uploads\/sites\/13\/2023\/08\/SzpiegL.jpg\",\"https:\/\/instytutpolski.pl\/bratislava\/wp-content\/uploads\/sites\/13\/2023\/08\/SzpiegL-300x188.jpg\",\"https:\/\/instytutpolski.pl\/bratislava\/wp-content\/uploads\/sites\/13\/2023\/08\/SzpiegL-1024x640.jpg\",\"https:\/\/instytutpolski.pl\/bratislava\/wp-content\/uploads\/sites\/13\/2023\/08\/SzpiegL.jpg\"],\"thumbnailUrl\":\"https:\/\/instytutpolski.pl\/bratislava\/wp-content\/uploads\/sites\/13\/2023\/08\/SzpiegL.jpg\",\"datePublished\":\"2023-08-29T10:54:17+02:00\",\"dateModified\":\"2023-08-29T10:54:19+02:00\",\"author\":{\"@id\":\"https:\/\/instytutpolski.pl\/bratislava\/#\/schema\/person\/9ec657f865a156712552ca9f0ad27720\"},\"breadcrumb\":{\"@id\":\"https:\/\/instytutpolski.pl\/bratislava\/2023\/08\/29\/premiera-videoklipu-k-piesni-szpieg\/#breadcrumb\"},\"inLanguage\":\"pl-PL\",\"potentialAction\":[{\"@type\":\"ReadAction\",\"target\":[\"https:\/\/instytutpolski.pl\/bratislava\/2023\/08\/29\/premiera-videoklipu-k-piesni-szpieg\/\"]}],\"@context\":\"https:\/\/schema.org\",\"startDate\":\"2023-09-21\",\"endDate\":\"2023-09-21\",\"eventStatus\":\"EventScheduled\",\"eventAttendanceMode\":\"OfflineEventAttendanceMode\",\"location\":{\"@type\":\"place\",\"name\":\"\",\"address\":\"\",\"geo\":{\"@type\":\"GeoCoordinates\",\"latitude\":\"\",\"longitude\":\"\"}},\"description\":\"Piese\u0148 skomponoval Stano Stehl\u00edk, autorkou slov je Ma\u0142gorzata Wojcieszy\u0144ska. Vo videoklipe, ktor\u00fd sa nat\u00e1\u010dal na hrade v\u00a0\u010cachticiach, vystupuje Ewa Sipos, kvartet Laugaricio, Marcus Zima pod re\u017eis\u00e9rskou taktovkou Juraja Lehutu.\\n21. 9. \/ 18:00 Bratislava, Po\u013esk\u00fd in\u0161tit\u00fat, N\u00e1m. SNP 27\\nwww.polonia.sk\"},{\"@type\":\"ImageObject\",\"inLanguage\":\"pl-PL\",\"@id\":\"https:\/\/instytutpolski.pl\/bratislava\/2023\/08\/29\/premiera-videoklipu-k-piesni-szpieg\/#primaryimage\",\"url\":\"https:\/\/instytutpolski.pl\/bratislava\/wp-content\/uploads\/sites\/13\/2023\/08\/SzpiegL.jpg\",\"contentUrl\":\"https:\/\/instytutpolski.pl\/bratislava\/wp-content\/uploads\/sites\/13\/2023\/08\/SzpiegL.jpg\",\"width\":2000,\"height\":1250},{\"@type\":\"BreadcrumbList\",\"@id\":\"https:\/\/instytutpolski.pl\/bratislava\/2023\/08\/29\/premiera-videoklipu-k-piesni-szpieg\/#breadcrumb\",\"itemListElement\":[{\"@type\":\"ListItem\",\"position\":1,\"name\":\"Home\",\"item\":\"https:\/\/instytutpolski.pl\/bratislava\/\"},{\"@type\":\"ListItem\",\"position\":2,\"name\":\"Premi\u00e9ra videoklipu k piesni Szpieg\"}]},{\"@type\":\"WebSite\",\"@id\":\"https:\/\/instytutpolski.pl\/bratislava\/#website\",\"url\":\"https:\/\/instytutpolski.pl\/bratislava\/\",\"name\":\"Instytut Polski w Bratys\u0142awie\",\"description\":\"Instytuty Polskie\",\"potentialAction\":[{\"@type\":\"SearchAction\",\"target\":{\"@type\":\"EntryPoint\",\"urlTemplate\":\"https:\/\/instytutpolski.pl\/bratislava\/?s={search_term_string}\"},\"query-input\":{\"@type\":\"PropertyValueSpecification\",\"valueRequired\":true,\"valueName\":\"search_term_string\"}}],\"inLanguage\":\"pl-PL\"},{\"@type\":\"Person\",\"@id\":\"https:\/\/instytutpolski.pl\/bratislava\/#\/schema\/person\/9ec657f865a156712552ca9f0ad27720\",\"name\":\"kyselm\",\"image\":{\"@type\":\"ImageObject\",\"inLanguage\":\"pl-PL\",\"@id\":\"https:\/\/instytutpolski.pl\/bratislava\/#\/schema\/person\/image\/\",\"url\":\"https:\/\/secure.gravatar.com\/avatar\/ba96f7f4a6104a2e2f0328f9863f506d?s=96&d=mm&r=g\",\"contentUrl\":\"https:\/\/secure.gravatar.com\/avatar\/ba96f7f4a6104a2e2f0328f9863f506d?s=96&d=mm&r=g\",\"caption\":\"kyselm\"},\"url\":\"https:\/\/instytutpolski.pl\/bratislava\/author\/kyselm\/\"}]}<\/script>\n<!-- \/ Yoast SEO plugin. -->","yoast_head_json":{"title":"Premi\u00e9ra videoklipu k piesni Szpieg - Instytut Polski w Bratys\u0142awie","robots":{"index":"index","follow":"follow","max-snippet":"max-snippet:-1","max-image-preview":"max-image-preview:large","max-video-preview":"max-video-preview:-1"},"canonical":"https:\/\/instytutpolski.pl\/bratislava\/2023\/08\/29\/premiera-videoklipu-k-piesni-szpieg\/","og_locale":"pl_PL","og_type":"article","og_title":"Premi\u00e9ra videoklipu k piesni Szpieg - Instytut Polski w Bratys\u0142awie","og_description":"Piese\u0148 skomponoval Stano Stehl\u00edk, autorkou slov je Ma\u0142gorzata Wojcieszy\u0144ska. Vo videoklipe, ktor\u00fd sa nat\u00e1\u010dal na hrade v\u00a0\u010cachticiach, vystupuje Ewa Sipos, kvartet Laugaricio, Marcus Zima pod re\u017eis\u00e9rskou taktovkou Juraja Lehutu. 21. 9. \/ 18:00 Bratislava, Po\u013esk\u00fd in\u0161tit\u00fat, N\u00e1m. SNP 27 www.polonia.sk","og_url":"https:\/\/instytutpolski.pl\/bratislava\/2023\/08\/29\/premiera-videoklipu-k-piesni-szpieg\/","og_site_name":"Instytut Polski w Bratys\u0142awie","article_published_time":"2023-08-29T10:54:17+00:00","article_modified_time":"2023-08-29T10:54:19+00:00","og_image":[{"width":2000,"height":1250,"url":"https:\/\/instytutpolski.pl\/bratislava\/wp-content\/uploads\/sites\/13\/2023\/08\/SzpiegL.jpg","type":"image\/jpeg"}],"author":"kyselm","twitter_card":"summary_large_image","twitter_misc":{"Napisane przez":"kyselm","Szacowany czas czytania":"1 minuta"},"schema":{"@context":"https:\/\/schema.org","@graph":[{"@type":"event","@id":"https:\/\/instytutpolski.pl\/bratislava\/2023\/08\/29\/premiera-videoklipu-k-piesni-szpieg\/","url":"https:\/\/instytutpolski.pl\/bratislava\/2023\/08\/29\/premiera-videoklipu-k-piesni-szpieg\/","name":"Premi\u00e9ra videoklipu k piesni Szpieg","isPartOf":{"@id":"https:\/\/instytutpolski.pl\/bratislava\/#website"},"primaryImageOfPage":{"@id":"https:\/\/instytutpolski.pl\/bratislava\/2023\/08\/29\/premiera-videoklipu-k-piesni-szpieg\/#primaryimage"},"image":["https:\/\/instytutpolski.pl\/bratislava\/wp-content\/uploads\/sites\/13\/2023\/08\/SzpiegL.jpg","https:\/\/instytutpolski.pl\/bratislava\/wp-content\/uploads\/sites\/13\/2023\/08\/SzpiegL-300x188.jpg","https:\/\/instytutpolski.pl\/bratislava\/wp-content\/uploads\/sites\/13\/2023\/08\/SzpiegL-1024x640.jpg","https:\/\/instytutpolski.pl\/bratislava\/wp-content\/uploads\/sites\/13\/2023\/08\/SzpiegL.jpg"],"thumbnailUrl":"https:\/\/instytutpolski.pl\/bratislava\/wp-content\/uploads\/sites\/13\/2023\/08\/SzpiegL.jpg","datePublished":"2023-08-29T10:54:17+02:00","dateModified":"2023-08-29T10:54:19+02:00","author":{"@id":"https:\/\/instytutpolski.pl\/bratislava\/#\/schema\/person\/9ec657f865a156712552ca9f0ad27720"},"breadcrumb":{"@id":"https:\/\/instytutpolski.pl\/bratislava\/2023\/08\/29\/premiera-videoklipu-k-piesni-szpieg\/#breadcrumb"},"inLanguage":"pl-PL","potentialAction":[{"@type":"ReadAction","target":["https:\/\/instytutpolski.pl\/bratislava\/2023\/08\/29\/premiera-videoklipu-k-piesni-szpieg\/"]}],"@context":"https:\/\/schema.org","startDate":"2023-09-21","endDate":"2023-09-21","eventStatus":"EventScheduled","eventAttendanceMode":"OfflineEventAttendanceMode","location":{"@type":"place","name":"","address":"","geo":{"@type":"GeoCoordinates","latitude":"","longitude":""}},"description":"Piese\u0148 skomponoval Stano Stehl\u00edk, autorkou slov je Ma\u0142gorzata Wojcieszy\u0144ska. Vo videoklipe, ktor\u00fd sa nat\u00e1\u010dal na hrade v\u00a0\u010cachticiach, vystupuje Ewa Sipos, kvartet Laugaricio, Marcus Zima pod re\u017eis\u00e9rskou taktovkou Juraja Lehutu.\n21. 9. \/ 18:00 Bratislava, Po\u013esk\u00fd in\u0161tit\u00fat, N\u00e1m. SNP 27\nwww.polonia.sk"},{"@type":"ImageObject","inLanguage":"pl-PL","@id":"https:\/\/instytutpolski.pl\/bratislava\/2023\/08\/29\/premiera-videoklipu-k-piesni-szpieg\/#primaryimage","url":"https:\/\/instytutpolski.pl\/bratislava\/wp-content\/uploads\/sites\/13\/2023\/08\/SzpiegL.jpg","contentUrl":"https:\/\/instytutpolski.pl\/bratislava\/wp-content\/uploads\/sites\/13\/2023\/08\/SzpiegL.jpg","width":2000,"height":1250},{"@type":"BreadcrumbList","@id":"https:\/\/instytutpolski.pl\/bratislava\/2023\/08\/29\/premiera-videoklipu-k-piesni-szpieg\/#breadcrumb","itemListElement":[{"@type":"ListItem","position":1,"name":"Home","item":"https:\/\/instytutpolski.pl\/bratislava\/"},{"@type":"ListItem","position":2,"name":"Premi\u00e9ra videoklipu k piesni Szpieg"}]},{"@type":"WebSite","@id":"https:\/\/instytutpolski.pl\/bratislava\/#website","url":"https:\/\/instytutpolski.pl\/bratislava\/","name":"Instytut Polski w Bratys\u0142awie","description":"Instytuty Polskie","potentialAction":[{"@type":"SearchAction","target":{"@type":"EntryPoint","urlTemplate":"https:\/\/instytutpolski.pl\/bratislava\/?s={search_term_string}"},"query-input":{"@type":"PropertyValueSpecification","valueRequired":true,"valueName":"search_term_string"}}],"inLanguage":"pl-PL"},{"@type":"Person","@id":"https:\/\/instytutpolski.pl\/bratislava\/#\/schema\/person\/9ec657f865a156712552ca9f0ad27720","name":"kyselm","image":{"@type":"ImageObject","inLanguage":"pl-PL","@id":"https:\/\/instytutpolski.pl\/bratislava\/#\/schema\/person\/image\/","url":"https:\/\/secure.gravatar.com\/avatar\/ba96f7f4a6104a2e2f0328f9863f506d?s=96&d=mm&r=g","contentUrl":"https:\/\/secure.gravatar.com\/avatar\/ba96f7f4a6104a2e2f0328f9863f506d?s=96&d=mm&r=g","caption":"kyselm"},"url":"https:\/\/instytutpolski.pl\/bratislava\/author\/kyselm\/"}]}},"_links":{"self":[{"href":"https:\/\/instytutpolski.pl\/bratislava\/wp-json\/wp\/v2\/posts\/6344","targetHints":{"allow":["GET"]}}],"collection":[{"href":"https:\/\/instytutpolski.pl\/bratislava\/wp-json\/wp\/v2\/posts"}],"about":[{"href":"https:\/\/instytutpolski.pl\/bratislava\/wp-json\/wp\/v2\/types\/post"}],"author":[{"embeddable":true,"href":"https:\/\/instytutpolski.pl\/bratislava\/wp-json\/wp\/v2\/users\/116"}],"replies":[{"embeddable":true,"href":"https:\/\/instytutpolski.pl\/bratislava\/wp-json\/wp\/v2\/comments?post=6344"}],"version-history":[{"count":2,"href":"https:\/\/instytutpolski.pl\/bratislava\/wp-json\/wp\/v2\/posts\/6344\/revisions"}],"predecessor-version":[{"id":6387,"href":"https:\/\/instytutpolski.pl\/bratislava\/wp-json\/wp\/v2\/posts\/6344\/revisions\/6387"}],"wp:featuredmedia":[{"embeddable":true,"href":"https:\/\/instytutpolski.pl\/bratislava\/wp-json\/wp\/v2\/media\/6370"}],"wp:attachment":[{"href":"https:\/\/instytutpolski.pl\/bratislava\/wp-json\/wp\/v2\/media?parent=6344"}],"wp:term":[{"taxonomy":"category","embeddable":true,"href":"https:\/\/instytutpolski.pl\/bratislava\/wp-json\/wp\/v2\/categories?post=6344"},{"taxonomy":"post_tag","embeddable":true,"href":"https:\/\/instytutpolski.pl\/bratislava\/wp-json\/wp\/v2\/tags?post=6344"}],"curies":[{"name":"wp","href":"https:\/\/api.w.org\/{rel}","templated":true}]}}