{"id":6637,"date":"2023-10-30T08:13:59","date_gmt":"2023-10-30T07:13:59","guid":{"rendered":"https:\/\/instytutpolski.pl\/bratislava\/?p=6637"},"modified":"2023-11-15T12:31:46","modified_gmt":"2023-11-15T11:31:46","slug":"hudba-ii-polskej-republiky-1918-1945","status":"publish","type":"post","link":"https:\/\/instytutpolski.pl\/bratislava\/2023\/10\/30\/hudba-ii-polskej-republiky-1918-1945\/","title":{"rendered":"Hudba II. Po\u013eskej republiky (1918 \u2013 1945)"},"content":{"rendered":"\n<p>Pri tejto pr\u00edle\u017eitosti sa uskuto\u010dn\u00ed koncert <strong>Hanny Turonek<\/strong>, hudobn\u00ed\u010dky a s\u00f3listky prest\u00ed\u017eneho var\u0161avsk\u00e9ho orchestra <strong>Sinfonia Varsovia<\/strong>, so svojou hudobnou kapelou, ktor\u00e1 zahr\u00e1 na klasick\u00fdch n\u00e1strojoch hudobn\u00e9 skladby n\u00e1rodov ob\u00fdvaj\u00facich II. Po\u013esk\u00fa republiku, napr\u00edklad Tat\u00e1rov, Arm\u00e9nov, Huculov, Karaitov, Bojkov \u010di Ukrajincov.<\/p>\n<p>Na koncerte vyst\u00fapia: <strong>Hanna Turonek<\/strong> (flautistka, piccolistka), <strong>Karolina Matuszkiewicz<\/strong> (huslistka, vokalistka a multiin\u0161trumentalistka sl\u00e1\u010dikov\u00fdch n\u00e1strojov), <strong>Iwona Rapacz<\/strong> (violon\u010delistka), <strong>Marta Ma\u015blanka <\/strong>(cimbalistka, perkusionistka) a <strong>Robert Siwak<\/strong> (perkusionista). Koncert bude sprev\u00e1dza\u0165 v\u00fdstava \u201ePo\u013esk\u00e9 hviezdy v\u00a0Hollywoode\u201c. Spoluorganiz\u00e1torom podujatia je Nad\u00e1cia \u013dvov a\u00a0Juhov\u00fdchodn\u00e9 pohrani\u010die. Vstup vo\u013en\u00fd.<\/p>\n<p><strong>14. 11. \/ 19:00<\/strong> <strong>Bratislava<\/strong>, <strong>Teatro Colorato, Franti\u0161k\u00e1nske n\u00e1mestie 2<\/strong><\/p>\n\n\n\n<figure class=\"wp-block-image size-large\"><img loading=\"lazy\" decoding=\"async\" width=\"717\" height=\"1024\" src=\"https:\/\/instytutpolski.pl\/bratislava\/wp-content\/uploads\/sites\/13\/2023\/10\/plagat_koncert_14.11.23-717x1024.jpg\" alt=\"\" class=\"wp-image-6740\" srcset=\"https:\/\/instytutpolski.pl\/bratislava\/wp-content\/uploads\/sites\/13\/2023\/10\/plagat_koncert_14.11.23-717x1024.jpg 717w, https:\/\/instytutpolski.pl\/bratislava\/wp-content\/uploads\/sites\/13\/2023\/10\/plagat_koncert_14.11.23-210x300.jpg 210w, https:\/\/instytutpolski.pl\/bratislava\/wp-content\/uploads\/sites\/13\/2023\/10\/plagat_koncert_14.11.23-768x1097.jpg 768w, https:\/\/instytutpolski.pl\/bratislava\/wp-content\/uploads\/sites\/13\/2023\/10\/plagat_koncert_14.11.23-1075x1536.jpg 1075w, https:\/\/instytutpolski.pl\/bratislava\/wp-content\/uploads\/sites\/13\/2023\/10\/plagat_koncert_14.11.23-1434x2048.jpg 1434w, https:\/\/instytutpolski.pl\/bratislava\/wp-content\/uploads\/sites\/13\/2023\/10\/plagat_koncert_14.11.23-scaled.jpg 1792w\" sizes=\"auto, (max-width: 717px) 100vw, 717px\" \/><\/figure>\n","protected":false},"excerpt":{"rendered":"<p>Pri tejto pr\u00edle\u017eitosti sa uskuto\u010dn\u00ed koncert Hanny Turonek, hudobn\u00ed\u010dky a s\u00f3listky prest\u00ed\u017eneho var\u0161avsk\u00e9ho orchestra Sinfonia Varsovia, so svojou hudobnou kapelou, ktor\u00e1 zahr\u00e1 na klasick\u00fdch n\u00e1strojoch hudobn\u00e9 skladby n\u00e1rodov ob\u00fdvaj\u00facich II. Po\u013esk\u00fa republiku, napr\u00edklad Tat\u00e1rov, Arm\u00e9nov, Huculov, Karaitov, Bojkov \u010di Ukrajincov. Na koncerte vyst\u00fapia: Hanna Turonek (flautistka, piccolistka), Karolina Matuszkiewicz (huslistka, vokalistka a multiin\u0161trumentalistka sl\u00e1\u010dikov\u00fdch n\u00e1strojov), [&hellip;]<\/p>\n","protected":false},"author":116,"featured_media":6738,"comment_status":"open","ping_status":"open","sticky":false,"template":"","format":"standard","meta":{"inline_featured_image":false,"_monsterinsights_skip_tracking":false,"_monsterinsights_sitenote_active":false,"_monsterinsights_sitenote_note":"","_monsterinsights_sitenote_category":0,"footnotes":""},"categories":[38],"tags":[],"class_list":["post-6637","post","type-post","status-publish","format-standard","has-post-thumbnail","hentry","category-hudba"],"yoast_head":"<!-- This site is optimized with the Yoast SEO plugin v24.6 - https:\/\/yoast.com\/wordpress\/plugins\/seo\/ -->\n<title>Hudba II. Po\u013eskej republiky (1918 \u2013 1945) - Instytut Polski w Bratys\u0142awie<\/title>\n<meta name=\"robots\" content=\"index, follow, max-snippet:-1, max-image-preview:large, max-video-preview:-1\" \/>\n<link rel=\"canonical\" href=\"https:\/\/instytutpolski.pl\/bratislava\/2023\/10\/30\/hudba-ii-polskej-republiky-1918-1945\/\" \/>\n<meta property=\"og:locale\" content=\"pl_PL\" \/>\n<meta property=\"og:type\" content=\"article\" \/>\n<meta property=\"og:title\" content=\"Hudba II. Po\u013eskej republiky (1918 \u2013 1945) - Instytut Polski w Bratys\u0142awie\" \/>\n<meta property=\"og:description\" content=\"Pri tejto pr\u00edle\u017eitosti sa uskuto\u010dn\u00ed koncert Hanny Turonek, hudobn\u00ed\u010dky a s\u00f3listky prest\u00ed\u017eneho var\u0161avsk\u00e9ho orchestra Sinfonia Varsovia, so svojou hudobnou kapelou, ktor\u00e1 zahr\u00e1 na klasick\u00fdch n\u00e1strojoch hudobn\u00e9 skladby n\u00e1rodov ob\u00fdvaj\u00facich II. Po\u013esk\u00fa republiku, napr\u00edklad Tat\u00e1rov, Arm\u00e9nov, Huculov, Karaitov, Bojkov \u010di Ukrajincov. Na koncerte vyst\u00fapia: Hanna Turonek (flautistka, piccolistka), Karolina Matuszkiewicz (huslistka, vokalistka a multiin\u0161trumentalistka sl\u00e1\u010dikov\u00fdch n\u00e1strojov), [&hellip;]\" \/>\n<meta property=\"og:url\" content=\"https:\/\/instytutpolski.pl\/bratislava\/2023\/10\/30\/hudba-ii-polskej-republiky-1918-1945\/\" \/>\n<meta property=\"og:site_name\" content=\"Instytut Polski w Bratys\u0142awie\" \/>\n<meta property=\"article:published_time\" content=\"2023-10-30T07:13:59+00:00\" \/>\n<meta property=\"article:modified_time\" content=\"2023-11-15T11:31:46+00:00\" \/>\n<meta property=\"og:image\" content=\"https:\/\/instytutpolski.pl\/bratislava\/wp-content\/uploads\/sites\/13\/2023\/10\/slider_www_PI_koncert_14.11.23-1024x576.png\" \/>\n\t<meta property=\"og:image:width\" content=\"1024\" \/>\n\t<meta property=\"og:image:height\" content=\"576\" \/>\n\t<meta property=\"og:image:type\" content=\"image\/png\" \/>\n<meta name=\"author\" content=\"kyselm\" \/>\n<meta name=\"twitter:card\" content=\"summary_large_image\" \/>\n<meta name=\"twitter:label1\" content=\"Napisane przez\" \/>\n\t<meta name=\"twitter:data1\" content=\"kyselm\" \/>\n\t<meta name=\"twitter:label2\" content=\"Szacowany czas czytania\" \/>\n\t<meta name=\"twitter:data2\" content=\"1 minuta\" \/>\n<script type=\"application\/ld+json\" class=\"yoast-schema-graph\">{\"@context\":\"https:\/\/schema.org\",\"@graph\":[{\"@type\":\"event\",\"@id\":\"https:\/\/instytutpolski.pl\/bratislava\/2023\/10\/30\/hudba-ii-polskej-republiky-1918-1945\/\",\"url\":\"https:\/\/instytutpolski.pl\/bratislava\/2023\/10\/30\/hudba-ii-polskej-republiky-1918-1945\/\",\"name\":\"Hudba II. Po\u013eskej republiky (1918 \u2013 1945)\",\"isPartOf\":{\"@id\":\"https:\/\/instytutpolski.pl\/bratislava\/#website\"},\"primaryImageOfPage\":{\"@id\":\"https:\/\/instytutpolski.pl\/bratislava\/2023\/10\/30\/hudba-ii-polskej-republiky-1918-1945\/#primaryimage\"},\"image\":[\"https:\/\/instytutpolski.pl\/bratislava\/wp-content\/uploads\/sites\/13\/2023\/10\/slider_www_PI_koncert_14.11.23.png\",\"https:\/\/instytutpolski.pl\/bratislava\/wp-content\/uploads\/sites\/13\/2023\/10\/slider_www_PI_koncert_14.11.23-300x169.png\",\"https:\/\/instytutpolski.pl\/bratislava\/wp-content\/uploads\/sites\/13\/2023\/10\/slider_www_PI_koncert_14.11.23-1024x576.png\",\"https:\/\/instytutpolski.pl\/bratislava\/wp-content\/uploads\/sites\/13\/2023\/10\/slider_www_PI_koncert_14.11.23.png\"],\"thumbnailUrl\":\"https:\/\/instytutpolski.pl\/bratislava\/wp-content\/uploads\/sites\/13\/2023\/10\/slider_www_PI_koncert_14.11.23.png\",\"datePublished\":\"2023-10-30T07:13:59+02:00\",\"dateModified\":\"2023-11-15T11:31:46+02:00\",\"author\":{\"@id\":\"https:\/\/instytutpolski.pl\/bratislava\/#\/schema\/person\/9ec657f865a156712552ca9f0ad27720\"},\"breadcrumb\":{\"@id\":\"https:\/\/instytutpolski.pl\/bratislava\/2023\/10\/30\/hudba-ii-polskej-republiky-1918-1945\/#breadcrumb\"},\"inLanguage\":\"pl-PL\",\"potentialAction\":[{\"@type\":\"ReadAction\",\"target\":[\"https:\/\/instytutpolski.pl\/bratislava\/2023\/10\/30\/hudba-ii-polskej-republiky-1918-1945\/\"]}],\"@context\":\"https:\/\/schema.org\",\"startDate\":\"2023-09-14\",\"endDate\":\"2023-09-14\",\"eventStatus\":\"EventScheduled\",\"eventAttendanceMode\":\"OfflineEventAttendanceMode\",\"location\":{\"@type\":\"place\",\"name\":\"\",\"address\":\"\",\"geo\":{\"@type\":\"GeoCoordinates\",\"latitude\":\"\",\"longitude\":\"\"}},\"description\":\"Pri tejto pr\u00edle\u017eitosti sa uskuto\u010dn\u00ed koncert Hanny Turonek, hudobn\u00ed\u010dky a s\u00f3listky prest\u00ed\u017eneho var\u0161avsk\u00e9ho orchestra Sinfonia Varsovia, so svojou hudobnou kapelou, ktor\u00e1 zahr\u00e1 na klasick\u00fdch n\u00e1strojoch hudobn\u00e9 skladby n\u00e1rodov ob\u00fdvaj\u00facich II. Po\u013esk\u00fa republiku, napr\u00edklad Tat\u00e1rov, Arm\u00e9nov, Huculov, Karaitov, Bojkov \u010di Ukrajincov.\\nNa koncerte vyst\u00fapia: Hanna Turonek (flautistka, piccolistka), Karolina Matuszkiewicz (huslistka, vokalistka a multiin\u0161trumentalistka sl\u00e1\u010dikov\u00fdch n\u00e1strojov), Iwona Rapacz (violon\u010delistka), Marta Ma\u015blanka (cimbalistka, perkusionistka) a Robert Siwak (perkusionista). Koncert bude sprev\u00e1dza\u0165 v\u00fdstava \u201ePo\u013esk\u00e9 hviezdy v\u00a0Hollywoode\u201c. Spoluorganiz\u00e1torom podujatia je Nad\u00e1cia \u013dvov a\u00a0Juhov\u00fdchodn\u00e9 pohrani\u010die. Vstup vo\u013en\u00fd.\\n14. 11. \/ 19:00 Bratislava, Teatro Colorato, Franti\u0161k\u00e1nske n\u00e1mestie 2\"},{\"@type\":\"ImageObject\",\"inLanguage\":\"pl-PL\",\"@id\":\"https:\/\/instytutpolski.pl\/bratislava\/2023\/10\/30\/hudba-ii-polskej-republiky-1918-1945\/#primaryimage\",\"url\":\"https:\/\/instytutpolski.pl\/bratislava\/wp-content\/uploads\/sites\/13\/2023\/10\/slider_www_PI_koncert_14.11.23.png\",\"contentUrl\":\"https:\/\/instytutpolski.pl\/bratislava\/wp-content\/uploads\/sites\/13\/2023\/10\/slider_www_PI_koncert_14.11.23.png\",\"width\":4750,\"height\":2671},{\"@type\":\"BreadcrumbList\",\"@id\":\"https:\/\/instytutpolski.pl\/bratislava\/2023\/10\/30\/hudba-ii-polskej-republiky-1918-1945\/#breadcrumb\",\"itemListElement\":[{\"@type\":\"ListItem\",\"position\":1,\"name\":\"Home\",\"item\":\"https:\/\/instytutpolski.pl\/bratislava\/\"},{\"@type\":\"ListItem\",\"position\":2,\"name\":\"Hudba II. Po\u013eskej republiky (1918 \u2013 1945)\"}]},{\"@type\":\"WebSite\",\"@id\":\"https:\/\/instytutpolski.pl\/bratislava\/#website\",\"url\":\"https:\/\/instytutpolski.pl\/bratislava\/\",\"name\":\"Instytut Polski w Bratys\u0142awie\",\"description\":\"Instytuty Polskie\",\"potentialAction\":[{\"@type\":\"SearchAction\",\"target\":{\"@type\":\"EntryPoint\",\"urlTemplate\":\"https:\/\/instytutpolski.pl\/bratislava\/?s={search_term_string}\"},\"query-input\":{\"@type\":\"PropertyValueSpecification\",\"valueRequired\":true,\"valueName\":\"search_term_string\"}}],\"inLanguage\":\"pl-PL\"},{\"@type\":\"Person\",\"@id\":\"https:\/\/instytutpolski.pl\/bratislava\/#\/schema\/person\/9ec657f865a156712552ca9f0ad27720\",\"name\":\"kyselm\",\"image\":{\"@type\":\"ImageObject\",\"inLanguage\":\"pl-PL\",\"@id\":\"https:\/\/instytutpolski.pl\/bratislava\/#\/schema\/person\/image\/\",\"url\":\"https:\/\/secure.gravatar.com\/avatar\/ba96f7f4a6104a2e2f0328f9863f506d?s=96&d=mm&r=g\",\"contentUrl\":\"https:\/\/secure.gravatar.com\/avatar\/ba96f7f4a6104a2e2f0328f9863f506d?s=96&d=mm&r=g\",\"caption\":\"kyselm\"},\"url\":\"https:\/\/instytutpolski.pl\/bratislava\/author\/kyselm\/\"}]}<\/script>\n<!-- \/ Yoast SEO plugin. -->","yoast_head_json":{"title":"Hudba II. Po\u013eskej republiky (1918 \u2013 1945) - Instytut Polski w Bratys\u0142awie","robots":{"index":"index","follow":"follow","max-snippet":"max-snippet:-1","max-image-preview":"max-image-preview:large","max-video-preview":"max-video-preview:-1"},"canonical":"https:\/\/instytutpolski.pl\/bratislava\/2023\/10\/30\/hudba-ii-polskej-republiky-1918-1945\/","og_locale":"pl_PL","og_type":"article","og_title":"Hudba II. Po\u013eskej republiky (1918 \u2013 1945) - Instytut Polski w Bratys\u0142awie","og_description":"Pri tejto pr\u00edle\u017eitosti sa uskuto\u010dn\u00ed koncert Hanny Turonek, hudobn\u00ed\u010dky a s\u00f3listky prest\u00ed\u017eneho var\u0161avsk\u00e9ho orchestra Sinfonia Varsovia, so svojou hudobnou kapelou, ktor\u00e1 zahr\u00e1 na klasick\u00fdch n\u00e1strojoch hudobn\u00e9 skladby n\u00e1rodov ob\u00fdvaj\u00facich II. Po\u013esk\u00fa republiku, napr\u00edklad Tat\u00e1rov, Arm\u00e9nov, Huculov, Karaitov, Bojkov \u010di Ukrajincov. Na koncerte vyst\u00fapia: Hanna Turonek (flautistka, piccolistka), Karolina Matuszkiewicz (huslistka, vokalistka a multiin\u0161trumentalistka sl\u00e1\u010dikov\u00fdch n\u00e1strojov), [&hellip;]","og_url":"https:\/\/instytutpolski.pl\/bratislava\/2023\/10\/30\/hudba-ii-polskej-republiky-1918-1945\/","og_site_name":"Instytut Polski w Bratys\u0142awie","article_published_time":"2023-10-30T07:13:59+00:00","article_modified_time":"2023-11-15T11:31:46+00:00","og_image":[{"width":1024,"height":576,"url":"https:\/\/instytutpolski.pl\/bratislava\/wp-content\/uploads\/sites\/13\/2023\/10\/slider_www_PI_koncert_14.11.23-1024x576.png","type":"image\/png"}],"author":"kyselm","twitter_card":"summary_large_image","twitter_misc":{"Napisane przez":"kyselm","Szacowany czas czytania":"1 minuta"},"schema":{"@context":"https:\/\/schema.org","@graph":[{"@type":"event","@id":"https:\/\/instytutpolski.pl\/bratislava\/2023\/10\/30\/hudba-ii-polskej-republiky-1918-1945\/","url":"https:\/\/instytutpolski.pl\/bratislava\/2023\/10\/30\/hudba-ii-polskej-republiky-1918-1945\/","name":"Hudba II. Po\u013eskej republiky (1918 \u2013 1945)","isPartOf":{"@id":"https:\/\/instytutpolski.pl\/bratislava\/#website"},"primaryImageOfPage":{"@id":"https:\/\/instytutpolski.pl\/bratislava\/2023\/10\/30\/hudba-ii-polskej-republiky-1918-1945\/#primaryimage"},"image":["https:\/\/instytutpolski.pl\/bratislava\/wp-content\/uploads\/sites\/13\/2023\/10\/slider_www_PI_koncert_14.11.23.png","https:\/\/instytutpolski.pl\/bratislava\/wp-content\/uploads\/sites\/13\/2023\/10\/slider_www_PI_koncert_14.11.23-300x169.png","https:\/\/instytutpolski.pl\/bratislava\/wp-content\/uploads\/sites\/13\/2023\/10\/slider_www_PI_koncert_14.11.23-1024x576.png","https:\/\/instytutpolski.pl\/bratislava\/wp-content\/uploads\/sites\/13\/2023\/10\/slider_www_PI_koncert_14.11.23.png"],"thumbnailUrl":"https:\/\/instytutpolski.pl\/bratislava\/wp-content\/uploads\/sites\/13\/2023\/10\/slider_www_PI_koncert_14.11.23.png","datePublished":"2023-10-30T07:13:59+02:00","dateModified":"2023-11-15T11:31:46+02:00","author":{"@id":"https:\/\/instytutpolski.pl\/bratislava\/#\/schema\/person\/9ec657f865a156712552ca9f0ad27720"},"breadcrumb":{"@id":"https:\/\/instytutpolski.pl\/bratislava\/2023\/10\/30\/hudba-ii-polskej-republiky-1918-1945\/#breadcrumb"},"inLanguage":"pl-PL","potentialAction":[{"@type":"ReadAction","target":["https:\/\/instytutpolski.pl\/bratislava\/2023\/10\/30\/hudba-ii-polskej-republiky-1918-1945\/"]}],"@context":"https:\/\/schema.org","startDate":"2023-09-14","endDate":"2023-09-14","eventStatus":"EventScheduled","eventAttendanceMode":"OfflineEventAttendanceMode","location":{"@type":"place","name":"","address":"","geo":{"@type":"GeoCoordinates","latitude":"","longitude":""}},"description":"Pri tejto pr\u00edle\u017eitosti sa uskuto\u010dn\u00ed koncert Hanny Turonek, hudobn\u00ed\u010dky a s\u00f3listky prest\u00ed\u017eneho var\u0161avsk\u00e9ho orchestra Sinfonia Varsovia, so svojou hudobnou kapelou, ktor\u00e1 zahr\u00e1 na klasick\u00fdch n\u00e1strojoch hudobn\u00e9 skladby n\u00e1rodov ob\u00fdvaj\u00facich II. Po\u013esk\u00fa republiku, napr\u00edklad Tat\u00e1rov, Arm\u00e9nov, Huculov, Karaitov, Bojkov \u010di Ukrajincov.\nNa koncerte vyst\u00fapia: Hanna Turonek (flautistka, piccolistka), Karolina Matuszkiewicz (huslistka, vokalistka a multiin\u0161trumentalistka sl\u00e1\u010dikov\u00fdch n\u00e1strojov), Iwona Rapacz (violon\u010delistka), Marta Ma\u015blanka (cimbalistka, perkusionistka) a Robert Siwak (perkusionista). Koncert bude sprev\u00e1dza\u0165 v\u00fdstava \u201ePo\u013esk\u00e9 hviezdy v\u00a0Hollywoode\u201c. Spoluorganiz\u00e1torom podujatia je Nad\u00e1cia \u013dvov a\u00a0Juhov\u00fdchodn\u00e9 pohrani\u010die. Vstup vo\u013en\u00fd.\n14. 11. \/ 19:00 Bratislava, Teatro Colorato, Franti\u0161k\u00e1nske n\u00e1mestie 2"},{"@type":"ImageObject","inLanguage":"pl-PL","@id":"https:\/\/instytutpolski.pl\/bratislava\/2023\/10\/30\/hudba-ii-polskej-republiky-1918-1945\/#primaryimage","url":"https:\/\/instytutpolski.pl\/bratislava\/wp-content\/uploads\/sites\/13\/2023\/10\/slider_www_PI_koncert_14.11.23.png","contentUrl":"https:\/\/instytutpolski.pl\/bratislava\/wp-content\/uploads\/sites\/13\/2023\/10\/slider_www_PI_koncert_14.11.23.png","width":4750,"height":2671},{"@type":"BreadcrumbList","@id":"https:\/\/instytutpolski.pl\/bratislava\/2023\/10\/30\/hudba-ii-polskej-republiky-1918-1945\/#breadcrumb","itemListElement":[{"@type":"ListItem","position":1,"name":"Home","item":"https:\/\/instytutpolski.pl\/bratislava\/"},{"@type":"ListItem","position":2,"name":"Hudba II. Po\u013eskej republiky (1918 \u2013 1945)"}]},{"@type":"WebSite","@id":"https:\/\/instytutpolski.pl\/bratislava\/#website","url":"https:\/\/instytutpolski.pl\/bratislava\/","name":"Instytut Polski w Bratys\u0142awie","description":"Instytuty Polskie","potentialAction":[{"@type":"SearchAction","target":{"@type":"EntryPoint","urlTemplate":"https:\/\/instytutpolski.pl\/bratislava\/?s={search_term_string}"},"query-input":{"@type":"PropertyValueSpecification","valueRequired":true,"valueName":"search_term_string"}}],"inLanguage":"pl-PL"},{"@type":"Person","@id":"https:\/\/instytutpolski.pl\/bratislava\/#\/schema\/person\/9ec657f865a156712552ca9f0ad27720","name":"kyselm","image":{"@type":"ImageObject","inLanguage":"pl-PL","@id":"https:\/\/instytutpolski.pl\/bratislava\/#\/schema\/person\/image\/","url":"https:\/\/secure.gravatar.com\/avatar\/ba96f7f4a6104a2e2f0328f9863f506d?s=96&d=mm&r=g","contentUrl":"https:\/\/secure.gravatar.com\/avatar\/ba96f7f4a6104a2e2f0328f9863f506d?s=96&d=mm&r=g","caption":"kyselm"},"url":"https:\/\/instytutpolski.pl\/bratislava\/author\/kyselm\/"}]}},"_links":{"self":[{"href":"https:\/\/instytutpolski.pl\/bratislava\/wp-json\/wp\/v2\/posts\/6637","targetHints":{"allow":["GET"]}}],"collection":[{"href":"https:\/\/instytutpolski.pl\/bratislava\/wp-json\/wp\/v2\/posts"}],"about":[{"href":"https:\/\/instytutpolski.pl\/bratislava\/wp-json\/wp\/v2\/types\/post"}],"author":[{"embeddable":true,"href":"https:\/\/instytutpolski.pl\/bratislava\/wp-json\/wp\/v2\/users\/116"}],"replies":[{"embeddable":true,"href":"https:\/\/instytutpolski.pl\/bratislava\/wp-json\/wp\/v2\/comments?post=6637"}],"version-history":[{"count":12,"href":"https:\/\/instytutpolski.pl\/bratislava\/wp-json\/wp\/v2\/posts\/6637\/revisions"}],"predecessor-version":[{"id":6815,"href":"https:\/\/instytutpolski.pl\/bratislava\/wp-json\/wp\/v2\/posts\/6637\/revisions\/6815"}],"wp:featuredmedia":[{"embeddable":true,"href":"https:\/\/instytutpolski.pl\/bratislava\/wp-json\/wp\/v2\/media\/6738"}],"wp:attachment":[{"href":"https:\/\/instytutpolski.pl\/bratislava\/wp-json\/wp\/v2\/media?parent=6637"}],"wp:term":[{"taxonomy":"category","embeddable":true,"href":"https:\/\/instytutpolski.pl\/bratislava\/wp-json\/wp\/v2\/categories?post=6637"},{"taxonomy":"post_tag","embeddable":true,"href":"https:\/\/instytutpolski.pl\/bratislava\/wp-json\/wp\/v2\/tags?post=6637"}],"curies":[{"name":"wp","href":"https:\/\/api.w.org\/{rel}","templated":true}]}}