{"id":6639,"date":"2023-10-30T08:16:25","date_gmt":"2023-10-30T07:16:25","guid":{"rendered":"https:\/\/instytutpolski.pl\/bratislava\/?p=6639"},"modified":"2023-10-30T08:16:26","modified_gmt":"2023-10-30T07:16:26","slug":"8-polske-dni-v-presove-hommage-stella-czajkowska-1923-2022","status":"publish","type":"post","link":"https:\/\/instytutpolski.pl\/bratislava\/2023\/10\/30\/8-polske-dni-v-presove-hommage-stella-czajkowska-1923-2022\/","title":{"rendered":"8. Po\u013esk\u00e9 dni v Pre\u0161ove: Hommage Stella Czajkowska (1923 \u2013 2022)"},"content":{"rendered":"\n<p>Pre\u017eila \u00fatrapy geta a\u00a0koncentra\u010dn\u00fdch t\u00e1borov, aby sa k milovan\u00e9mu klav\u00edru mohla vr\u00e1ti\u0165. Popri \u00faspe\u0161nej koncertnej dr\u00e1he bola aj profesorkou hudby v G\u00f6teborgu. Ako svedky\u0148a hist\u00f3rie a vynikaj\u00faca klaviristka dlh\u00e9 roky rozpr\u00e1vala recit\u00e1lmi o trag\u00e9dii holokaustu a osudoch svojich bl\u00edzkych po\u010das 2. svetovej vojny. Posledn\u00e9 podujatie <strong>8. Po\u013esk\u00fdch dn\u00ed v\u00a0Pre\u0161ove<\/strong> prinesie hudobn\u00fd ve\u010der venovan\u00fd tejto v\u00fdnimo\u010dnej \u017eene, ktor\u00fd bude kr\u00e1\u0161li\u0165 hudba <strong>Fryderyka Chopina<\/strong>. Ve\u010derom bude sprev\u00e1dza\u0165 <strong>So\u0148a Paril\u00e1kov\u00e1<\/strong>. Skladby Fryderyka Chopina bude interpretova\u0165 klavirista <strong>Eduard Lenner<\/strong>.<\/p>\n\n\n\n<p><strong>18. 11. \/ 18:00<\/strong> <strong>Pre\u0161ov<\/strong>, <strong>Divadlo VIOLA, Tk\u00e1\u010dska 6507<\/strong><\/p>\n\n\n\n<p><em><a href=\"http:\/\/violapresov.sk\">violapresov.sk<\/a><\/em><\/p>\n","protected":false},"excerpt":{"rendered":"<p>Pre\u017eila \u00fatrapy geta a\u00a0koncentra\u010dn\u00fdch t\u00e1borov, aby sa k milovan\u00e9mu klav\u00edru mohla vr\u00e1ti\u0165. Popri \u00faspe\u0161nej koncertnej dr\u00e1he bola aj profesorkou hudby v G\u00f6teborgu. Ako svedky\u0148a hist\u00f3rie a vynikaj\u00faca klaviristka dlh\u00e9 roky rozpr\u00e1vala recit\u00e1lmi o trag\u00e9dii holokaustu a osudoch svojich bl\u00edzkych po\u010das 2. svetovej vojny. Posledn\u00e9 podujatie 8. Po\u013esk\u00fdch dn\u00ed v\u00a0Pre\u0161ove prinesie hudobn\u00fd ve\u010der venovan\u00fd tejto v\u00fdnimo\u010dnej [&hellip;]<\/p>\n","protected":false},"author":116,"featured_media":6659,"comment_status":"open","ping_status":"open","sticky":false,"template":"","format":"standard","meta":{"inline_featured_image":false,"_monsterinsights_skip_tracking":false,"_monsterinsights_sitenote_active":false,"_monsterinsights_sitenote_note":"","_monsterinsights_sitenote_category":0,"footnotes":""},"categories":[38],"tags":[],"class_list":["post-6639","post","type-post","status-publish","format-standard","has-post-thumbnail","hentry","category-hudba"],"yoast_head":"<!-- This site is optimized with the Yoast SEO plugin v24.6 - https:\/\/yoast.com\/wordpress\/plugins\/seo\/ -->\n<title>8. Po\u013esk\u00e9 dni v Pre\u0161ove: Hommage Stella Czajkowska (1923 \u2013 2022) - Instytut Polski w Bratys\u0142awie<\/title>\n<meta name=\"robots\" content=\"index, follow, max-snippet:-1, max-image-preview:large, max-video-preview:-1\" \/>\n<link rel=\"canonical\" href=\"https:\/\/instytutpolski.pl\/bratislava\/2023\/10\/30\/8-polske-dni-v-presove-hommage-stella-czajkowska-1923-2022\/\" \/>\n<meta property=\"og:locale\" content=\"pl_PL\" \/>\n<meta property=\"og:type\" content=\"article\" \/>\n<meta property=\"og:title\" content=\"8. Po\u013esk\u00e9 dni v Pre\u0161ove: Hommage Stella Czajkowska (1923 \u2013 2022) - Instytut Polski w Bratys\u0142awie\" \/>\n<meta property=\"og:description\" content=\"Pre\u017eila \u00fatrapy geta a\u00a0koncentra\u010dn\u00fdch t\u00e1borov, aby sa k milovan\u00e9mu klav\u00edru mohla vr\u00e1ti\u0165. Popri \u00faspe\u0161nej koncertnej dr\u00e1he bola aj profesorkou hudby v G\u00f6teborgu. Ako svedky\u0148a hist\u00f3rie a vynikaj\u00faca klaviristka dlh\u00e9 roky rozpr\u00e1vala recit\u00e1lmi o trag\u00e9dii holokaustu a osudoch svojich bl\u00edzkych po\u010das 2. svetovej vojny. Posledn\u00e9 podujatie 8. Po\u013esk\u00fdch dn\u00ed v\u00a0Pre\u0161ove prinesie hudobn\u00fd ve\u010der venovan\u00fd tejto v\u00fdnimo\u010dnej [&hellip;]\" \/>\n<meta property=\"og:url\" content=\"https:\/\/instytutpolski.pl\/bratislava\/2023\/10\/30\/8-polske-dni-v-presove-hommage-stella-czajkowska-1923-2022\/\" \/>\n<meta property=\"og:site_name\" content=\"Instytut Polski w Bratys\u0142awie\" \/>\n<meta property=\"article:published_time\" content=\"2023-10-30T07:16:25+00:00\" \/>\n<meta property=\"article:modified_time\" content=\"2023-10-30T07:16:26+00:00\" \/>\n<meta property=\"og:image\" content=\"https:\/\/instytutpolski.pl\/bratislava\/wp-content\/uploads\/sites\/13\/2023\/10\/PH-Eduard-Lenner.jpg\" \/>\n\t<meta property=\"og:image:width\" content=\"1587\" \/>\n\t<meta property=\"og:image:height\" content=\"2245\" \/>\n\t<meta property=\"og:image:type\" content=\"image\/jpeg\" \/>\n<meta name=\"author\" content=\"kyselm\" \/>\n<meta name=\"twitter:card\" content=\"summary_large_image\" \/>\n<meta name=\"twitter:label1\" content=\"Napisane przez\" \/>\n\t<meta name=\"twitter:data1\" content=\"kyselm\" \/>\n\t<meta name=\"twitter:label2\" content=\"Szacowany czas czytania\" \/>\n\t<meta name=\"twitter:data2\" content=\"1 minuta\" \/>\n<script type=\"application\/ld+json\" class=\"yoast-schema-graph\">{\"@context\":\"https:\/\/schema.org\",\"@graph\":[{\"@type\":\"event\",\"@id\":\"https:\/\/instytutpolski.pl\/bratislava\/2023\/10\/30\/8-polske-dni-v-presove-hommage-stella-czajkowska-1923-2022\/\",\"url\":\"https:\/\/instytutpolski.pl\/bratislava\/2023\/10\/30\/8-polske-dni-v-presove-hommage-stella-czajkowska-1923-2022\/\",\"name\":\"8. Po\u013esk\u00e9 dni v Pre\u0161ove: Hommage Stella Czajkowska (1923 \u2013 2022)\",\"isPartOf\":{\"@id\":\"https:\/\/instytutpolski.pl\/bratislava\/#website\"},\"primaryImageOfPage\":{\"@id\":\"https:\/\/instytutpolski.pl\/bratislava\/2023\/10\/30\/8-polske-dni-v-presove-hommage-stella-czajkowska-1923-2022\/#primaryimage\"},\"image\":[\"https:\/\/instytutpolski.pl\/bratislava\/wp-content\/uploads\/sites\/13\/2023\/10\/PH-Eduard-Lenner.jpg\",\"https:\/\/instytutpolski.pl\/bratislava\/wp-content\/uploads\/sites\/13\/2023\/10\/PH-Eduard-Lenner-212x300.jpg\",\"https:\/\/instytutpolski.pl\/bratislava\/wp-content\/uploads\/sites\/13\/2023\/10\/PH-Eduard-Lenner-724x1024.jpg\",\"https:\/\/instytutpolski.pl\/bratislava\/wp-content\/uploads\/sites\/13\/2023\/10\/PH-Eduard-Lenner.jpg\"],\"thumbnailUrl\":\"https:\/\/instytutpolski.pl\/bratislava\/wp-content\/uploads\/sites\/13\/2023\/10\/PH-Eduard-Lenner.jpg\",\"datePublished\":\"2023-10-30T07:16:25+02:00\",\"dateModified\":\"2023-10-30T07:16:26+02:00\",\"author\":{\"@id\":\"https:\/\/instytutpolski.pl\/bratislava\/#\/schema\/person\/9ec657f865a156712552ca9f0ad27720\"},\"breadcrumb\":{\"@id\":\"https:\/\/instytutpolski.pl\/bratislava\/2023\/10\/30\/8-polske-dni-v-presove-hommage-stella-czajkowska-1923-2022\/#breadcrumb\"},\"inLanguage\":\"pl-PL\",\"potentialAction\":[{\"@type\":\"ReadAction\",\"target\":[\"https:\/\/instytutpolski.pl\/bratislava\/2023\/10\/30\/8-polske-dni-v-presove-hommage-stella-czajkowska-1923-2022\/\"]}],\"@context\":\"https:\/\/schema.org\",\"startDate\":\"2023-11-18\",\"endDate\":\"2023-11-18\",\"eventStatus\":\"EventScheduled\",\"eventAttendanceMode\":\"OfflineEventAttendanceMode\",\"location\":{\"@type\":\"place\",\"name\":\"\",\"address\":\"\",\"geo\":{\"@type\":\"GeoCoordinates\",\"latitude\":\"\",\"longitude\":\"\"}},\"description\":\"Pre\u017eila \u00fatrapy geta a\u00a0koncentra\u010dn\u00fdch t\u00e1borov, aby sa k milovan\u00e9mu klav\u00edru mohla vr\u00e1ti\u0165. Popri \u00faspe\u0161nej koncertnej dr\u00e1he bola aj profesorkou hudby v G\u00f6teborgu. Ako svedky\u0148a hist\u00f3rie a vynikaj\u00faca klaviristka dlh\u00e9 roky rozpr\u00e1vala recit\u00e1lmi o trag\u00e9dii holokaustu a osudoch svojich bl\u00edzkych po\u010das 2. svetovej vojny. Posledn\u00e9 podujatie 8. Po\u013esk\u00fdch dn\u00ed v\u00a0Pre\u0161ove prinesie hudobn\u00fd ve\u010der venovan\u00fd tejto v\u00fdnimo\u010dnej \u017eene, ktor\u00fd bude kr\u00e1\u0161li\u0165 hudba Fryderyka Chopina. Ve\u010derom bude sprev\u00e1dza\u0165 So\u0148a Paril\u00e1kov\u00e1. Skladby Fryderyka Chopina bude interpretova\u0165 klavirista Eduard Lenner.\\n18. 11. \/ 18:00 Pre\u0161ov, Divadlo VIOLA, Tk\u00e1\u010dska 6507\\nviolapresov.sk\"},{\"@type\":\"ImageObject\",\"inLanguage\":\"pl-PL\",\"@id\":\"https:\/\/instytutpolski.pl\/bratislava\/2023\/10\/30\/8-polske-dni-v-presove-hommage-stella-czajkowska-1923-2022\/#primaryimage\",\"url\":\"https:\/\/instytutpolski.pl\/bratislava\/wp-content\/uploads\/sites\/13\/2023\/10\/PH-Eduard-Lenner.jpg\",\"contentUrl\":\"https:\/\/instytutpolski.pl\/bratislava\/wp-content\/uploads\/sites\/13\/2023\/10\/PH-Eduard-Lenner.jpg\",\"width\":1587,\"height\":2245},{\"@type\":\"BreadcrumbList\",\"@id\":\"https:\/\/instytutpolski.pl\/bratislava\/2023\/10\/30\/8-polske-dni-v-presove-hommage-stella-czajkowska-1923-2022\/#breadcrumb\",\"itemListElement\":[{\"@type\":\"ListItem\",\"position\":1,\"name\":\"Home\",\"item\":\"https:\/\/instytutpolski.pl\/bratislava\/\"},{\"@type\":\"ListItem\",\"position\":2,\"name\":\"8. Po\u013esk\u00e9 dni v Pre\u0161ove: Hommage Stella Czajkowska (1923 \u2013 2022)\"}]},{\"@type\":\"WebSite\",\"@id\":\"https:\/\/instytutpolski.pl\/bratislava\/#website\",\"url\":\"https:\/\/instytutpolski.pl\/bratislava\/\",\"name\":\"Instytut Polski w Bratys\u0142awie\",\"description\":\"Instytuty Polskie\",\"potentialAction\":[{\"@type\":\"SearchAction\",\"target\":{\"@type\":\"EntryPoint\",\"urlTemplate\":\"https:\/\/instytutpolski.pl\/bratislava\/?s={search_term_string}\"},\"query-input\":{\"@type\":\"PropertyValueSpecification\",\"valueRequired\":true,\"valueName\":\"search_term_string\"}}],\"inLanguage\":\"pl-PL\"},{\"@type\":\"Person\",\"@id\":\"https:\/\/instytutpolski.pl\/bratislava\/#\/schema\/person\/9ec657f865a156712552ca9f0ad27720\",\"name\":\"kyselm\",\"image\":{\"@type\":\"ImageObject\",\"inLanguage\":\"pl-PL\",\"@id\":\"https:\/\/instytutpolski.pl\/bratislava\/#\/schema\/person\/image\/\",\"url\":\"https:\/\/secure.gravatar.com\/avatar\/ba96f7f4a6104a2e2f0328f9863f506d?s=96&d=mm&r=g\",\"contentUrl\":\"https:\/\/secure.gravatar.com\/avatar\/ba96f7f4a6104a2e2f0328f9863f506d?s=96&d=mm&r=g\",\"caption\":\"kyselm\"},\"url\":\"https:\/\/instytutpolski.pl\/bratislava\/author\/kyselm\/\"}]}<\/script>\n<!-- \/ Yoast SEO plugin. -->","yoast_head_json":{"title":"8. Po\u013esk\u00e9 dni v Pre\u0161ove: Hommage Stella Czajkowska (1923 \u2013 2022) - Instytut Polski w Bratys\u0142awie","robots":{"index":"index","follow":"follow","max-snippet":"max-snippet:-1","max-image-preview":"max-image-preview:large","max-video-preview":"max-video-preview:-1"},"canonical":"https:\/\/instytutpolski.pl\/bratislava\/2023\/10\/30\/8-polske-dni-v-presove-hommage-stella-czajkowska-1923-2022\/","og_locale":"pl_PL","og_type":"article","og_title":"8. Po\u013esk\u00e9 dni v Pre\u0161ove: Hommage Stella Czajkowska (1923 \u2013 2022) - Instytut Polski w Bratys\u0142awie","og_description":"Pre\u017eila \u00fatrapy geta a\u00a0koncentra\u010dn\u00fdch t\u00e1borov, aby sa k milovan\u00e9mu klav\u00edru mohla vr\u00e1ti\u0165. Popri \u00faspe\u0161nej koncertnej dr\u00e1he bola aj profesorkou hudby v G\u00f6teborgu. Ako svedky\u0148a hist\u00f3rie a vynikaj\u00faca klaviristka dlh\u00e9 roky rozpr\u00e1vala recit\u00e1lmi o trag\u00e9dii holokaustu a osudoch svojich bl\u00edzkych po\u010das 2. svetovej vojny. Posledn\u00e9 podujatie 8. Po\u013esk\u00fdch dn\u00ed v\u00a0Pre\u0161ove prinesie hudobn\u00fd ve\u010der venovan\u00fd tejto v\u00fdnimo\u010dnej [&hellip;]","og_url":"https:\/\/instytutpolski.pl\/bratislava\/2023\/10\/30\/8-polske-dni-v-presove-hommage-stella-czajkowska-1923-2022\/","og_site_name":"Instytut Polski w Bratys\u0142awie","article_published_time":"2023-10-30T07:16:25+00:00","article_modified_time":"2023-10-30T07:16:26+00:00","og_image":[{"width":1587,"height":2245,"url":"https:\/\/instytutpolski.pl\/bratislava\/wp-content\/uploads\/sites\/13\/2023\/10\/PH-Eduard-Lenner.jpg","type":"image\/jpeg"}],"author":"kyselm","twitter_card":"summary_large_image","twitter_misc":{"Napisane przez":"kyselm","Szacowany czas czytania":"1 minuta"},"schema":{"@context":"https:\/\/schema.org","@graph":[{"@type":"event","@id":"https:\/\/instytutpolski.pl\/bratislava\/2023\/10\/30\/8-polske-dni-v-presove-hommage-stella-czajkowska-1923-2022\/","url":"https:\/\/instytutpolski.pl\/bratislava\/2023\/10\/30\/8-polske-dni-v-presove-hommage-stella-czajkowska-1923-2022\/","name":"8. Po\u013esk\u00e9 dni v Pre\u0161ove: Hommage Stella Czajkowska (1923 \u2013 2022)","isPartOf":{"@id":"https:\/\/instytutpolski.pl\/bratislava\/#website"},"primaryImageOfPage":{"@id":"https:\/\/instytutpolski.pl\/bratislava\/2023\/10\/30\/8-polske-dni-v-presove-hommage-stella-czajkowska-1923-2022\/#primaryimage"},"image":["https:\/\/instytutpolski.pl\/bratislava\/wp-content\/uploads\/sites\/13\/2023\/10\/PH-Eduard-Lenner.jpg","https:\/\/instytutpolski.pl\/bratislava\/wp-content\/uploads\/sites\/13\/2023\/10\/PH-Eduard-Lenner-212x300.jpg","https:\/\/instytutpolski.pl\/bratislava\/wp-content\/uploads\/sites\/13\/2023\/10\/PH-Eduard-Lenner-724x1024.jpg","https:\/\/instytutpolski.pl\/bratislava\/wp-content\/uploads\/sites\/13\/2023\/10\/PH-Eduard-Lenner.jpg"],"thumbnailUrl":"https:\/\/instytutpolski.pl\/bratislava\/wp-content\/uploads\/sites\/13\/2023\/10\/PH-Eduard-Lenner.jpg","datePublished":"2023-10-30T07:16:25+02:00","dateModified":"2023-10-30T07:16:26+02:00","author":{"@id":"https:\/\/instytutpolski.pl\/bratislava\/#\/schema\/person\/9ec657f865a156712552ca9f0ad27720"},"breadcrumb":{"@id":"https:\/\/instytutpolski.pl\/bratislava\/2023\/10\/30\/8-polske-dni-v-presove-hommage-stella-czajkowska-1923-2022\/#breadcrumb"},"inLanguage":"pl-PL","potentialAction":[{"@type":"ReadAction","target":["https:\/\/instytutpolski.pl\/bratislava\/2023\/10\/30\/8-polske-dni-v-presove-hommage-stella-czajkowska-1923-2022\/"]}],"@context":"https:\/\/schema.org","startDate":"2023-11-18","endDate":"2023-11-18","eventStatus":"EventScheduled","eventAttendanceMode":"OfflineEventAttendanceMode","location":{"@type":"place","name":"","address":"","geo":{"@type":"GeoCoordinates","latitude":"","longitude":""}},"description":"Pre\u017eila \u00fatrapy geta a\u00a0koncentra\u010dn\u00fdch t\u00e1borov, aby sa k milovan\u00e9mu klav\u00edru mohla vr\u00e1ti\u0165. Popri \u00faspe\u0161nej koncertnej dr\u00e1he bola aj profesorkou hudby v G\u00f6teborgu. Ako svedky\u0148a hist\u00f3rie a vynikaj\u00faca klaviristka dlh\u00e9 roky rozpr\u00e1vala recit\u00e1lmi o trag\u00e9dii holokaustu a osudoch svojich bl\u00edzkych po\u010das 2. svetovej vojny. Posledn\u00e9 podujatie 8. Po\u013esk\u00fdch dn\u00ed v\u00a0Pre\u0161ove prinesie hudobn\u00fd ve\u010der venovan\u00fd tejto v\u00fdnimo\u010dnej \u017eene, ktor\u00fd bude kr\u00e1\u0161li\u0165 hudba Fryderyka Chopina. Ve\u010derom bude sprev\u00e1dza\u0165 So\u0148a Paril\u00e1kov\u00e1. Skladby Fryderyka Chopina bude interpretova\u0165 klavirista Eduard Lenner.\n18. 11. \/ 18:00 Pre\u0161ov, Divadlo VIOLA, Tk\u00e1\u010dska 6507\nviolapresov.sk"},{"@type":"ImageObject","inLanguage":"pl-PL","@id":"https:\/\/instytutpolski.pl\/bratislava\/2023\/10\/30\/8-polske-dni-v-presove-hommage-stella-czajkowska-1923-2022\/#primaryimage","url":"https:\/\/instytutpolski.pl\/bratislava\/wp-content\/uploads\/sites\/13\/2023\/10\/PH-Eduard-Lenner.jpg","contentUrl":"https:\/\/instytutpolski.pl\/bratislava\/wp-content\/uploads\/sites\/13\/2023\/10\/PH-Eduard-Lenner.jpg","width":1587,"height":2245},{"@type":"BreadcrumbList","@id":"https:\/\/instytutpolski.pl\/bratislava\/2023\/10\/30\/8-polske-dni-v-presove-hommage-stella-czajkowska-1923-2022\/#breadcrumb","itemListElement":[{"@type":"ListItem","position":1,"name":"Home","item":"https:\/\/instytutpolski.pl\/bratislava\/"},{"@type":"ListItem","position":2,"name":"8. Po\u013esk\u00e9 dni v Pre\u0161ove: Hommage Stella Czajkowska (1923 \u2013 2022)"}]},{"@type":"WebSite","@id":"https:\/\/instytutpolski.pl\/bratislava\/#website","url":"https:\/\/instytutpolski.pl\/bratislava\/","name":"Instytut Polski w Bratys\u0142awie","description":"Instytuty Polskie","potentialAction":[{"@type":"SearchAction","target":{"@type":"EntryPoint","urlTemplate":"https:\/\/instytutpolski.pl\/bratislava\/?s={search_term_string}"},"query-input":{"@type":"PropertyValueSpecification","valueRequired":true,"valueName":"search_term_string"}}],"inLanguage":"pl-PL"},{"@type":"Person","@id":"https:\/\/instytutpolski.pl\/bratislava\/#\/schema\/person\/9ec657f865a156712552ca9f0ad27720","name":"kyselm","image":{"@type":"ImageObject","inLanguage":"pl-PL","@id":"https:\/\/instytutpolski.pl\/bratislava\/#\/schema\/person\/image\/","url":"https:\/\/secure.gravatar.com\/avatar\/ba96f7f4a6104a2e2f0328f9863f506d?s=96&d=mm&r=g","contentUrl":"https:\/\/secure.gravatar.com\/avatar\/ba96f7f4a6104a2e2f0328f9863f506d?s=96&d=mm&r=g","caption":"kyselm"},"url":"https:\/\/instytutpolski.pl\/bratislava\/author\/kyselm\/"}]}},"_links":{"self":[{"href":"https:\/\/instytutpolski.pl\/bratislava\/wp-json\/wp\/v2\/posts\/6639","targetHints":{"allow":["GET"]}}],"collection":[{"href":"https:\/\/instytutpolski.pl\/bratislava\/wp-json\/wp\/v2\/posts"}],"about":[{"href":"https:\/\/instytutpolski.pl\/bratislava\/wp-json\/wp\/v2\/types\/post"}],"author":[{"embeddable":true,"href":"https:\/\/instytutpolski.pl\/bratislava\/wp-json\/wp\/v2\/users\/116"}],"replies":[{"embeddable":true,"href":"https:\/\/instytutpolski.pl\/bratislava\/wp-json\/wp\/v2\/comments?post=6639"}],"version-history":[{"count":2,"href":"https:\/\/instytutpolski.pl\/bratislava\/wp-json\/wp\/v2\/posts\/6639\/revisions"}],"predecessor-version":[{"id":6692,"href":"https:\/\/instytutpolski.pl\/bratislava\/wp-json\/wp\/v2\/posts\/6639\/revisions\/6692"}],"wp:featuredmedia":[{"embeddable":true,"href":"https:\/\/instytutpolski.pl\/bratislava\/wp-json\/wp\/v2\/media\/6659"}],"wp:attachment":[{"href":"https:\/\/instytutpolski.pl\/bratislava\/wp-json\/wp\/v2\/media?parent=6639"}],"wp:term":[{"taxonomy":"category","embeddable":true,"href":"https:\/\/instytutpolski.pl\/bratislava\/wp-json\/wp\/v2\/categories?post=6639"},{"taxonomy":"post_tag","embeddable":true,"href":"https:\/\/instytutpolski.pl\/bratislava\/wp-json\/wp\/v2\/tags?post=6639"}],"curies":[{"name":"wp","href":"https:\/\/api.w.org\/{rel}","templated":true}]}}