{"id":6641,"date":"2023-10-30T08:19:01","date_gmt":"2023-10-30T07:19:01","guid":{"rendered":"https:\/\/instytutpolski.pl\/bratislava\/?p=6641"},"modified":"2023-10-30T08:19:02","modified_gmt":"2023-10-30T07:19:02","slug":"bratislava-mozart-festival-2023-olga-pasichnyk","status":"publish","type":"post","link":"https:\/\/instytutpolski.pl\/bratislava\/2023\/10\/30\/bratislava-mozart-festival-2023-olga-pasichnyk\/","title":{"rendered":"Bratislava Mozart Festival 2023: Olga Pasichnyk"},"content":{"rendered":"\n<p>Aj tieto ot\u00e1zky si kl\u00e1dli organiz\u00e1tori pri koncipovan\u00ed dramaturgie <strong>Bratislava Mozart Festivalu 2023<\/strong>. Desiaty ro\u010dn\u00edk prinesie s\u00e9riu piatich koncertov spolu s tradi\u010dn\u00fdm sprievodn\u00fdm programom v podobe majstrovsk\u00fdch tried. V\u00a0utorok 21. novembra sa v\u00a0r\u00e1mci festivalu predstav\u00ed po\u013esko-ukrajinsk\u00e1 sopranistka <strong>Olga Pasiecznik <\/strong>(Pasichnyk) v\u00a0sprievode svojej sestry klaviristky <strong>Natalie Pasiecznik <\/strong>(Pasichnyk), ktor\u00e9 uved\u00fa v\u00fdber piesn\u00ed W. A. Mozarta pre sopr\u00e1n a\u00a0klav\u00edr. Olga Pasiecznik, jedna z\u00a0najv\u00fdznamnej\u0161\u00edch s\u00fa\u010dasn\u00fdch spev\u00e1\u010dok v\u00a0Po\u013esku, bola v\u00a0septembri tohto roka ocenen\u00e1 Zlatou medailou za \u201eZ\u00e1sluhy o kult\u00faru Gloria Artis\u201c, ktor\u00fa jej udelil minister kult\u00fary a\u00a0n\u00e1rodn\u00e9ho dedi\u010dstva prof. Piotr Gli\u0144ski.<\/p>\n\n\n\n<p><strong>21. 11. \/ 19:00<\/strong> <strong>Bratislava<\/strong>, <strong>Koncertn\u00e1 sie\u0148 Dvorana, V\u0160MU, Zochova 1<\/strong><\/p>\n","protected":false},"excerpt":{"rendered":"<p>Aj tieto ot\u00e1zky si kl\u00e1dli organiz\u00e1tori pri koncipovan\u00ed dramaturgie Bratislava Mozart Festivalu 2023. Desiaty ro\u010dn\u00edk prinesie s\u00e9riu piatich koncertov spolu s tradi\u010dn\u00fdm sprievodn\u00fdm programom v podobe majstrovsk\u00fdch tried. V\u00a0utorok 21. novembra sa v\u00a0r\u00e1mci festivalu predstav\u00ed po\u013esko-ukrajinsk\u00e1 sopranistka Olga Pasiecznik (Pasichnyk) v\u00a0sprievode svojej sestry klaviristky Natalie Pasiecznik (Pasichnyk), ktor\u00e9 uved\u00fa v\u00fdber piesn\u00ed W. A. Mozarta pre [&hellip;]<\/p>\n","protected":false},"author":116,"featured_media":6658,"comment_status":"open","ping_status":"open","sticky":false,"template":"","format":"standard","meta":{"inline_featured_image":false,"_monsterinsights_skip_tracking":false,"_monsterinsights_sitenote_active":false,"_monsterinsights_sitenote_note":"","_monsterinsights_sitenote_category":0,"footnotes":""},"categories":[38],"tags":[],"class_list":["post-6641","post","type-post","status-publish","format-standard","has-post-thumbnail","hentry","category-hudba"],"yoast_head":"<!-- This site is optimized with the Yoast SEO plugin v24.6 - https:\/\/yoast.com\/wordpress\/plugins\/seo\/ -->\n<title>Bratislava Mozart Festival 2023: Olga Pasichnyk - Instytut Polski w Bratys\u0142awie<\/title>\n<meta name=\"robots\" content=\"index, follow, max-snippet:-1, max-image-preview:large, max-video-preview:-1\" \/>\n<link rel=\"canonical\" href=\"https:\/\/instytutpolski.pl\/bratislava\/2023\/10\/30\/bratislava-mozart-festival-2023-olga-pasichnyk\/\" \/>\n<meta property=\"og:locale\" content=\"pl_PL\" \/>\n<meta property=\"og:type\" content=\"article\" \/>\n<meta property=\"og:title\" content=\"Bratislava Mozart Festival 2023: Olga Pasichnyk - Instytut Polski w Bratys\u0142awie\" \/>\n<meta property=\"og:description\" content=\"Aj tieto ot\u00e1zky si kl\u00e1dli organiz\u00e1tori pri koncipovan\u00ed dramaturgie Bratislava Mozart Festivalu 2023. Desiaty ro\u010dn\u00edk prinesie s\u00e9riu piatich koncertov spolu s tradi\u010dn\u00fdm sprievodn\u00fdm programom v podobe majstrovsk\u00fdch tried. V\u00a0utorok 21. novembra sa v\u00a0r\u00e1mci festivalu predstav\u00ed po\u013esko-ukrajinsk\u00e1 sopranistka Olga Pasiecznik (Pasichnyk) v\u00a0sprievode svojej sestry klaviristky Natalie Pasiecznik (Pasichnyk), ktor\u00e9 uved\u00fa v\u00fdber piesn\u00ed W. A. Mozarta pre [&hellip;]\" \/>\n<meta property=\"og:url\" content=\"https:\/\/instytutpolski.pl\/bratislava\/2023\/10\/30\/bratislava-mozart-festival-2023-olga-pasichnyk\/\" \/>\n<meta property=\"og:site_name\" content=\"Instytut Polski w Bratys\u0142awie\" \/>\n<meta property=\"article:published_time\" content=\"2023-10-30T07:19:01+00:00\" \/>\n<meta property=\"article:modified_time\" content=\"2023-10-30T07:19:02+00:00\" \/>\n<meta property=\"og:image\" content=\"https:\/\/instytutpolski.pl\/bratislava\/wp-content\/uploads\/sites\/13\/2023\/10\/Olga_Pasichnyk_2011-12-22_001.jpg\" \/>\n\t<meta property=\"og:image:width\" content=\"800\" \/>\n\t<meta property=\"og:image:height\" content=\"1106\" \/>\n\t<meta property=\"og:image:type\" content=\"image\/jpeg\" \/>\n<meta name=\"author\" content=\"kyselm\" \/>\n<meta name=\"twitter:card\" content=\"summary_large_image\" \/>\n<meta name=\"twitter:label1\" content=\"Napisane przez\" \/>\n\t<meta name=\"twitter:data1\" content=\"kyselm\" \/>\n\t<meta name=\"twitter:label2\" content=\"Szacowany czas czytania\" \/>\n\t<meta name=\"twitter:data2\" content=\"1 minuta\" \/>\n<script type=\"application\/ld+json\" class=\"yoast-schema-graph\">{\"@context\":\"https:\/\/schema.org\",\"@graph\":[{\"@type\":\"event\",\"@id\":\"https:\/\/instytutpolski.pl\/bratislava\/2023\/10\/30\/bratislava-mozart-festival-2023-olga-pasichnyk\/\",\"url\":\"https:\/\/instytutpolski.pl\/bratislava\/2023\/10\/30\/bratislava-mozart-festival-2023-olga-pasichnyk\/\",\"name\":\"Bratislava Mozart Festival 2023: Olga Pasichnyk\",\"isPartOf\":{\"@id\":\"https:\/\/instytutpolski.pl\/bratislava\/#website\"},\"primaryImageOfPage\":{\"@id\":\"https:\/\/instytutpolski.pl\/bratislava\/2023\/10\/30\/bratislava-mozart-festival-2023-olga-pasichnyk\/#primaryimage\"},\"image\":[\"https:\/\/instytutpolski.pl\/bratislava\/wp-content\/uploads\/sites\/13\/2023\/10\/Olga_Pasichnyk_2011-12-22_001.jpg\",\"https:\/\/instytutpolski.pl\/bratislava\/wp-content\/uploads\/sites\/13\/2023\/10\/Olga_Pasichnyk_2011-12-22_001-217x300.jpg\",\"https:\/\/instytutpolski.pl\/bratislava\/wp-content\/uploads\/sites\/13\/2023\/10\/Olga_Pasichnyk_2011-12-22_001-741x1024.jpg\",\"https:\/\/instytutpolski.pl\/bratislava\/wp-content\/uploads\/sites\/13\/2023\/10\/Olga_Pasichnyk_2011-12-22_001.jpg\"],\"thumbnailUrl\":\"https:\/\/instytutpolski.pl\/bratislava\/wp-content\/uploads\/sites\/13\/2023\/10\/Olga_Pasichnyk_2011-12-22_001.jpg\",\"datePublished\":\"2023-10-30T07:19:01+02:00\",\"dateModified\":\"2023-10-30T07:19:02+02:00\",\"author\":{\"@id\":\"https:\/\/instytutpolski.pl\/bratislava\/#\/schema\/person\/9ec657f865a156712552ca9f0ad27720\"},\"breadcrumb\":{\"@id\":\"https:\/\/instytutpolski.pl\/bratislava\/2023\/10\/30\/bratislava-mozart-festival-2023-olga-pasichnyk\/#breadcrumb\"},\"inLanguage\":\"pl-PL\",\"potentialAction\":[{\"@type\":\"ReadAction\",\"target\":[\"https:\/\/instytutpolski.pl\/bratislava\/2023\/10\/30\/bratislava-mozart-festival-2023-olga-pasichnyk\/\"]}],\"@context\":\"https:\/\/schema.org\",\"startDate\":\"2023-11-21\",\"endDate\":\"2023-11-21\",\"eventStatus\":\"EventScheduled\",\"eventAttendanceMode\":\"OfflineEventAttendanceMode\",\"location\":{\"@type\":\"place\",\"name\":\"\",\"address\":\"\",\"geo\":{\"@type\":\"GeoCoordinates\",\"latitude\":\"\",\"longitude\":\"\"}},\"description\":\"Aj tieto ot\u00e1zky si kl\u00e1dli organiz\u00e1tori pri koncipovan\u00ed dramaturgie Bratislava Mozart Festivalu 2023. Desiaty ro\u010dn\u00edk prinesie s\u00e9riu piatich koncertov spolu s tradi\u010dn\u00fdm sprievodn\u00fdm programom v podobe majstrovsk\u00fdch tried. V\u00a0utorok 21. novembra sa v\u00a0r\u00e1mci festivalu predstav\u00ed po\u013esko-ukrajinsk\u00e1 sopranistka Olga Pasiecznik (Pasichnyk) v\u00a0sprievode svojej sestry klaviristky Natalie Pasiecznik (Pasichnyk), ktor\u00e9 uved\u00fa v\u00fdber piesn\u00ed W. A. Mozarta pre sopr\u00e1n a\u00a0klav\u00edr. Olga Pasiecznik, jedna z\u00a0najv\u00fdznamnej\u0161\u00edch s\u00fa\u010dasn\u00fdch spev\u00e1\u010dok v\u00a0Po\u013esku, bola v\u00a0septembri tohto roka ocenen\u00e1 Zlatou medailou za \u201eZ\u00e1sluhy o kult\u00faru Gloria Artis\u201c, ktor\u00fa jej udelil minister kult\u00fary a\u00a0n\u00e1rodn\u00e9ho dedi\u010dstva prof. Piotr Gli\u0144ski.\\n21. 11. \/ 19:00 Bratislava, Koncertn\u00e1 sie\u0148 Dvorana, V\u0160MU, Zochova 1\"},{\"@type\":\"ImageObject\",\"inLanguage\":\"pl-PL\",\"@id\":\"https:\/\/instytutpolski.pl\/bratislava\/2023\/10\/30\/bratislava-mozart-festival-2023-olga-pasichnyk\/#primaryimage\",\"url\":\"https:\/\/instytutpolski.pl\/bratislava\/wp-content\/uploads\/sites\/13\/2023\/10\/Olga_Pasichnyk_2011-12-22_001.jpg\",\"contentUrl\":\"https:\/\/instytutpolski.pl\/bratislava\/wp-content\/uploads\/sites\/13\/2023\/10\/Olga_Pasichnyk_2011-12-22_001.jpg\",\"width\":800,\"height\":1106},{\"@type\":\"BreadcrumbList\",\"@id\":\"https:\/\/instytutpolski.pl\/bratislava\/2023\/10\/30\/bratislava-mozart-festival-2023-olga-pasichnyk\/#breadcrumb\",\"itemListElement\":[{\"@type\":\"ListItem\",\"position\":1,\"name\":\"Home\",\"item\":\"https:\/\/instytutpolski.pl\/bratislava\/\"},{\"@type\":\"ListItem\",\"position\":2,\"name\":\"Bratislava Mozart Festival 2023: Olga Pasichnyk\"}]},{\"@type\":\"WebSite\",\"@id\":\"https:\/\/instytutpolski.pl\/bratislava\/#website\",\"url\":\"https:\/\/instytutpolski.pl\/bratislava\/\",\"name\":\"Instytut Polski w Bratys\u0142awie\",\"description\":\"Instytuty Polskie\",\"potentialAction\":[{\"@type\":\"SearchAction\",\"target\":{\"@type\":\"EntryPoint\",\"urlTemplate\":\"https:\/\/instytutpolski.pl\/bratislava\/?s={search_term_string}\"},\"query-input\":{\"@type\":\"PropertyValueSpecification\",\"valueRequired\":true,\"valueName\":\"search_term_string\"}}],\"inLanguage\":\"pl-PL\"},{\"@type\":\"Person\",\"@id\":\"https:\/\/instytutpolski.pl\/bratislava\/#\/schema\/person\/9ec657f865a156712552ca9f0ad27720\",\"name\":\"kyselm\",\"image\":{\"@type\":\"ImageObject\",\"inLanguage\":\"pl-PL\",\"@id\":\"https:\/\/instytutpolski.pl\/bratislava\/#\/schema\/person\/image\/\",\"url\":\"https:\/\/secure.gravatar.com\/avatar\/ba96f7f4a6104a2e2f0328f9863f506d?s=96&d=mm&r=g\",\"contentUrl\":\"https:\/\/secure.gravatar.com\/avatar\/ba96f7f4a6104a2e2f0328f9863f506d?s=96&d=mm&r=g\",\"caption\":\"kyselm\"},\"url\":\"https:\/\/instytutpolski.pl\/bratislava\/author\/kyselm\/\"}]}<\/script>\n<!-- \/ Yoast SEO plugin. -->","yoast_head_json":{"title":"Bratislava Mozart Festival 2023: Olga Pasichnyk - Instytut Polski w Bratys\u0142awie","robots":{"index":"index","follow":"follow","max-snippet":"max-snippet:-1","max-image-preview":"max-image-preview:large","max-video-preview":"max-video-preview:-1"},"canonical":"https:\/\/instytutpolski.pl\/bratislava\/2023\/10\/30\/bratislava-mozart-festival-2023-olga-pasichnyk\/","og_locale":"pl_PL","og_type":"article","og_title":"Bratislava Mozart Festival 2023: Olga Pasichnyk - Instytut Polski w Bratys\u0142awie","og_description":"Aj tieto ot\u00e1zky si kl\u00e1dli organiz\u00e1tori pri koncipovan\u00ed dramaturgie Bratislava Mozart Festivalu 2023. Desiaty ro\u010dn\u00edk prinesie s\u00e9riu piatich koncertov spolu s tradi\u010dn\u00fdm sprievodn\u00fdm programom v podobe majstrovsk\u00fdch tried. V\u00a0utorok 21. novembra sa v\u00a0r\u00e1mci festivalu predstav\u00ed po\u013esko-ukrajinsk\u00e1 sopranistka Olga Pasiecznik (Pasichnyk) v\u00a0sprievode svojej sestry klaviristky Natalie Pasiecznik (Pasichnyk), ktor\u00e9 uved\u00fa v\u00fdber piesn\u00ed W. A. Mozarta pre [&hellip;]","og_url":"https:\/\/instytutpolski.pl\/bratislava\/2023\/10\/30\/bratislava-mozart-festival-2023-olga-pasichnyk\/","og_site_name":"Instytut Polski w Bratys\u0142awie","article_published_time":"2023-10-30T07:19:01+00:00","article_modified_time":"2023-10-30T07:19:02+00:00","og_image":[{"width":800,"height":1106,"url":"https:\/\/instytutpolski.pl\/bratislava\/wp-content\/uploads\/sites\/13\/2023\/10\/Olga_Pasichnyk_2011-12-22_001.jpg","type":"image\/jpeg"}],"author":"kyselm","twitter_card":"summary_large_image","twitter_misc":{"Napisane przez":"kyselm","Szacowany czas czytania":"1 minuta"},"schema":{"@context":"https:\/\/schema.org","@graph":[{"@type":"event","@id":"https:\/\/instytutpolski.pl\/bratislava\/2023\/10\/30\/bratislava-mozart-festival-2023-olga-pasichnyk\/","url":"https:\/\/instytutpolski.pl\/bratislava\/2023\/10\/30\/bratislava-mozart-festival-2023-olga-pasichnyk\/","name":"Bratislava Mozart Festival 2023: Olga Pasichnyk","isPartOf":{"@id":"https:\/\/instytutpolski.pl\/bratislava\/#website"},"primaryImageOfPage":{"@id":"https:\/\/instytutpolski.pl\/bratislava\/2023\/10\/30\/bratislava-mozart-festival-2023-olga-pasichnyk\/#primaryimage"},"image":["https:\/\/instytutpolski.pl\/bratislava\/wp-content\/uploads\/sites\/13\/2023\/10\/Olga_Pasichnyk_2011-12-22_001.jpg","https:\/\/instytutpolski.pl\/bratislava\/wp-content\/uploads\/sites\/13\/2023\/10\/Olga_Pasichnyk_2011-12-22_001-217x300.jpg","https:\/\/instytutpolski.pl\/bratislava\/wp-content\/uploads\/sites\/13\/2023\/10\/Olga_Pasichnyk_2011-12-22_001-741x1024.jpg","https:\/\/instytutpolski.pl\/bratislava\/wp-content\/uploads\/sites\/13\/2023\/10\/Olga_Pasichnyk_2011-12-22_001.jpg"],"thumbnailUrl":"https:\/\/instytutpolski.pl\/bratislava\/wp-content\/uploads\/sites\/13\/2023\/10\/Olga_Pasichnyk_2011-12-22_001.jpg","datePublished":"2023-10-30T07:19:01+02:00","dateModified":"2023-10-30T07:19:02+02:00","author":{"@id":"https:\/\/instytutpolski.pl\/bratislava\/#\/schema\/person\/9ec657f865a156712552ca9f0ad27720"},"breadcrumb":{"@id":"https:\/\/instytutpolski.pl\/bratislava\/2023\/10\/30\/bratislava-mozart-festival-2023-olga-pasichnyk\/#breadcrumb"},"inLanguage":"pl-PL","potentialAction":[{"@type":"ReadAction","target":["https:\/\/instytutpolski.pl\/bratislava\/2023\/10\/30\/bratislava-mozart-festival-2023-olga-pasichnyk\/"]}],"@context":"https:\/\/schema.org","startDate":"2023-11-21","endDate":"2023-11-21","eventStatus":"EventScheduled","eventAttendanceMode":"OfflineEventAttendanceMode","location":{"@type":"place","name":"","address":"","geo":{"@type":"GeoCoordinates","latitude":"","longitude":""}},"description":"Aj tieto ot\u00e1zky si kl\u00e1dli organiz\u00e1tori pri koncipovan\u00ed dramaturgie Bratislava Mozart Festivalu 2023. Desiaty ro\u010dn\u00edk prinesie s\u00e9riu piatich koncertov spolu s tradi\u010dn\u00fdm sprievodn\u00fdm programom v podobe majstrovsk\u00fdch tried. V\u00a0utorok 21. novembra sa v\u00a0r\u00e1mci festivalu predstav\u00ed po\u013esko-ukrajinsk\u00e1 sopranistka Olga Pasiecznik (Pasichnyk) v\u00a0sprievode svojej sestry klaviristky Natalie Pasiecznik (Pasichnyk), ktor\u00e9 uved\u00fa v\u00fdber piesn\u00ed W. A. Mozarta pre sopr\u00e1n a\u00a0klav\u00edr. Olga Pasiecznik, jedna z\u00a0najv\u00fdznamnej\u0161\u00edch s\u00fa\u010dasn\u00fdch spev\u00e1\u010dok v\u00a0Po\u013esku, bola v\u00a0septembri tohto roka ocenen\u00e1 Zlatou medailou za \u201eZ\u00e1sluhy o kult\u00faru Gloria Artis\u201c, ktor\u00fa jej udelil minister kult\u00fary a\u00a0n\u00e1rodn\u00e9ho dedi\u010dstva prof. Piotr Gli\u0144ski.\n21. 11. \/ 19:00 Bratislava, Koncertn\u00e1 sie\u0148 Dvorana, V\u0160MU, Zochova 1"},{"@type":"ImageObject","inLanguage":"pl-PL","@id":"https:\/\/instytutpolski.pl\/bratislava\/2023\/10\/30\/bratislava-mozart-festival-2023-olga-pasichnyk\/#primaryimage","url":"https:\/\/instytutpolski.pl\/bratislava\/wp-content\/uploads\/sites\/13\/2023\/10\/Olga_Pasichnyk_2011-12-22_001.jpg","contentUrl":"https:\/\/instytutpolski.pl\/bratislava\/wp-content\/uploads\/sites\/13\/2023\/10\/Olga_Pasichnyk_2011-12-22_001.jpg","width":800,"height":1106},{"@type":"BreadcrumbList","@id":"https:\/\/instytutpolski.pl\/bratislava\/2023\/10\/30\/bratislava-mozart-festival-2023-olga-pasichnyk\/#breadcrumb","itemListElement":[{"@type":"ListItem","position":1,"name":"Home","item":"https:\/\/instytutpolski.pl\/bratislava\/"},{"@type":"ListItem","position":2,"name":"Bratislava Mozart Festival 2023: Olga Pasichnyk"}]},{"@type":"WebSite","@id":"https:\/\/instytutpolski.pl\/bratislava\/#website","url":"https:\/\/instytutpolski.pl\/bratislava\/","name":"Instytut Polski w Bratys\u0142awie","description":"Instytuty Polskie","potentialAction":[{"@type":"SearchAction","target":{"@type":"EntryPoint","urlTemplate":"https:\/\/instytutpolski.pl\/bratislava\/?s={search_term_string}"},"query-input":{"@type":"PropertyValueSpecification","valueRequired":true,"valueName":"search_term_string"}}],"inLanguage":"pl-PL"},{"@type":"Person","@id":"https:\/\/instytutpolski.pl\/bratislava\/#\/schema\/person\/9ec657f865a156712552ca9f0ad27720","name":"kyselm","image":{"@type":"ImageObject","inLanguage":"pl-PL","@id":"https:\/\/instytutpolski.pl\/bratislava\/#\/schema\/person\/image\/","url":"https:\/\/secure.gravatar.com\/avatar\/ba96f7f4a6104a2e2f0328f9863f506d?s=96&d=mm&r=g","contentUrl":"https:\/\/secure.gravatar.com\/avatar\/ba96f7f4a6104a2e2f0328f9863f506d?s=96&d=mm&r=g","caption":"kyselm"},"url":"https:\/\/instytutpolski.pl\/bratislava\/author\/kyselm\/"}]}},"_links":{"self":[{"href":"https:\/\/instytutpolski.pl\/bratislava\/wp-json\/wp\/v2\/posts\/6641","targetHints":{"allow":["GET"]}}],"collection":[{"href":"https:\/\/instytutpolski.pl\/bratislava\/wp-json\/wp\/v2\/posts"}],"about":[{"href":"https:\/\/instytutpolski.pl\/bratislava\/wp-json\/wp\/v2\/types\/post"}],"author":[{"embeddable":true,"href":"https:\/\/instytutpolski.pl\/bratislava\/wp-json\/wp\/v2\/users\/116"}],"replies":[{"embeddable":true,"href":"https:\/\/instytutpolski.pl\/bratislava\/wp-json\/wp\/v2\/comments?post=6641"}],"version-history":[{"count":2,"href":"https:\/\/instytutpolski.pl\/bratislava\/wp-json\/wp\/v2\/posts\/6641\/revisions"}],"predecessor-version":[{"id":6697,"href":"https:\/\/instytutpolski.pl\/bratislava\/wp-json\/wp\/v2\/posts\/6641\/revisions\/6697"}],"wp:featuredmedia":[{"embeddable":true,"href":"https:\/\/instytutpolski.pl\/bratislava\/wp-json\/wp\/v2\/media\/6658"}],"wp:attachment":[{"href":"https:\/\/instytutpolski.pl\/bratislava\/wp-json\/wp\/v2\/media?parent=6641"}],"wp:term":[{"taxonomy":"category","embeddable":true,"href":"https:\/\/instytutpolski.pl\/bratislava\/wp-json\/wp\/v2\/categories?post=6641"},{"taxonomy":"post_tag","embeddable":true,"href":"https:\/\/instytutpolski.pl\/bratislava\/wp-json\/wp\/v2\/tags?post=6641"}],"curies":[{"name":"wp","href":"https:\/\/api.w.org\/{rel}","templated":true}]}}