{"id":6705,"date":"2023-10-30T08:24:46","date_gmt":"2023-10-30T07:24:46","guid":{"rendered":"https:\/\/instytutpolski.pl\/bratislava\/?p=6705"},"modified":"2023-12-15T11:35:48","modified_gmt":"2023-12-15T10:35:48","slug":"klavirny-recital-eryka-koszelu","status":"publish","type":"post","link":"https:\/\/instytutpolski.pl\/bratislava\/2023\/10\/30\/klavirny-recital-eryka-koszelu\/","title":{"rendered":"Klav\u00edrny recit\u00e1l Eryka Koszelu"},"content":{"rendered":"\n<p>Mlad\u00fd a\u00a0talentovan\u00fd po\u013esk\u00fd klavirista zahr\u00e1 skladby <strong>Johanna Sebastiana Bacha<\/strong>, <strong>Wolfganga Amadea Mozarta<\/strong>, <strong>Fryderyka Chopina<\/strong> a <strong>Claudea Debussyho<\/strong>. Svoju hru zdokona\u013eoval na master classoch veden\u00fdch popredn\u00fdmi po\u013esk\u00fdmi a\u00a0zahrani\u010dn\u00fdmi klaviristami, pri\u010dom sa stal laure\u00e1tom mnoh\u00fdch klav\u00edrnych s\u00fa\u0165a\u017e\u00ed v\u00a0Po\u013esku a\u00a0zahrani\u010d\u00ed (Vilnius, Budape\u0161\u0165, Ko\u0161ice, Lod\u017e \u010di Krakov) a\u00a0\u0161tipendi\u00ed vr\u00e1tane \u0160tipendia ministra kult\u00fary a\u00a0n\u00e1rodn\u00e9ho dedi\u010dstva Po\u013eskej republiky.<\/p>\n\n\n\n<p><strong>14. 12. \/ 17:00<\/strong> <strong>Bratislava<\/strong>, <strong>Po\u013esk\u00fd in\u0161tit\u00fat, N\u00e1m. SNP 27<\/strong><\/p>\n","protected":false},"excerpt":{"rendered":"<p>Mlad\u00fd a\u00a0talentovan\u00fd po\u013esk\u00fd klavirista zahr\u00e1 skladby Johanna Sebastiana Bacha, Wolfganga Amadea Mozarta, Fryderyka Chopina a Claudea Debussyho. Svoju hru zdokona\u013eoval na master classoch veden\u00fdch popredn\u00fdmi po\u013esk\u00fdmi a\u00a0zahrani\u010dn\u00fdmi klaviristami, pri\u010dom sa stal laure\u00e1tom mnoh\u00fdch klav\u00edrnych s\u00fa\u0165a\u017e\u00ed v\u00a0Po\u013esku a\u00a0zahrani\u010d\u00ed (Vilnius, Budape\u0161\u0165, Ko\u0161ice, Lod\u017e \u010di Krakov) a\u00a0\u0161tipendi\u00ed vr\u00e1tane \u0160tipendia ministra kult\u00fary a\u00a0n\u00e1rodn\u00e9ho dedi\u010dstva Po\u013eskej republiky. 14. 12. \/ [&hellip;]<\/p>\n","protected":false},"author":116,"featured_media":6656,"comment_status":"open","ping_status":"open","sticky":false,"template":"","format":"standard","meta":{"inline_featured_image":false,"_monsterinsights_skip_tracking":false,"_monsterinsights_sitenote_active":false,"_monsterinsights_sitenote_note":"","_monsterinsights_sitenote_category":0,"footnotes":""},"categories":[38],"tags":[],"class_list":["post-6705","post","type-post","status-publish","format-standard","has-post-thumbnail","hentry","category-hudba"],"yoast_head":"<!-- This site is optimized with the Yoast SEO plugin v24.6 - https:\/\/yoast.com\/wordpress\/plugins\/seo\/ -->\n<title>Klav\u00edrny recit\u00e1l Eryka Koszelu - Instytut Polski w Bratys\u0142awie<\/title>\n<meta name=\"robots\" content=\"index, follow, max-snippet:-1, max-image-preview:large, max-video-preview:-1\" \/>\n<link rel=\"canonical\" href=\"https:\/\/instytutpolski.pl\/bratislava\/2023\/10\/30\/klavirny-recital-eryka-koszelu\/\" \/>\n<meta property=\"og:locale\" content=\"pl_PL\" \/>\n<meta property=\"og:type\" content=\"article\" \/>\n<meta property=\"og:title\" content=\"Klav\u00edrny recit\u00e1l Eryka Koszelu - Instytut Polski w Bratys\u0142awie\" \/>\n<meta property=\"og:description\" content=\"Mlad\u00fd a\u00a0talentovan\u00fd po\u013esk\u00fd klavirista zahr\u00e1 skladby Johanna Sebastiana Bacha, Wolfganga Amadea Mozarta, Fryderyka Chopina a Claudea Debussyho. Svoju hru zdokona\u013eoval na master classoch veden\u00fdch popredn\u00fdmi po\u013esk\u00fdmi a\u00a0zahrani\u010dn\u00fdmi klaviristami, pri\u010dom sa stal laure\u00e1tom mnoh\u00fdch klav\u00edrnych s\u00fa\u0165a\u017e\u00ed v\u00a0Po\u013esku a\u00a0zahrani\u010d\u00ed (Vilnius, Budape\u0161\u0165, Ko\u0161ice, Lod\u017e \u010di Krakov) a\u00a0\u0161tipendi\u00ed vr\u00e1tane \u0160tipendia ministra kult\u00fary a\u00a0n\u00e1rodn\u00e9ho dedi\u010dstva Po\u013eskej republiky. 14. 12. \/ [&hellip;]\" \/>\n<meta property=\"og:url\" content=\"https:\/\/instytutpolski.pl\/bratislava\/2023\/10\/30\/klavirny-recital-eryka-koszelu\/\" \/>\n<meta property=\"og:site_name\" content=\"Instytut Polski w Bratys\u0142awie\" \/>\n<meta property=\"article:published_time\" content=\"2023-10-30T07:24:46+00:00\" \/>\n<meta property=\"article:modified_time\" content=\"2023-12-15T10:35:48+00:00\" \/>\n<meta property=\"og:image\" content=\"https:\/\/instytutpolski.pl\/bratislava\/wp-content\/uploads\/sites\/13\/2023\/10\/koszela.jpg\" \/>\n\t<meta property=\"og:image:width\" content=\"750\" \/>\n\t<meta property=\"og:image:height\" content=\"1000\" \/>\n\t<meta property=\"og:image:type\" content=\"image\/jpeg\" \/>\n<meta name=\"author\" content=\"kyselm\" \/>\n<meta name=\"twitter:card\" content=\"summary_large_image\" \/>\n<meta name=\"twitter:label1\" content=\"Napisane przez\" \/>\n\t<meta name=\"twitter:data1\" content=\"kyselm\" \/>\n\t<meta name=\"twitter:label2\" content=\"Szacowany czas czytania\" \/>\n\t<meta name=\"twitter:data2\" content=\"1 minuta\" \/>\n<script type=\"application\/ld+json\" class=\"yoast-schema-graph\">{\"@context\":\"https:\/\/schema.org\",\"@graph\":[{\"@type\":\"event\",\"@id\":\"https:\/\/instytutpolski.pl\/bratislava\/2023\/10\/30\/klavirny-recital-eryka-koszelu\/\",\"url\":\"https:\/\/instytutpolski.pl\/bratislava\/2023\/10\/30\/klavirny-recital-eryka-koszelu\/\",\"name\":\"Klav\u00edrny recit\u00e1l Eryka Koszelu\",\"isPartOf\":{\"@id\":\"https:\/\/instytutpolski.pl\/bratislava\/#website\"},\"primaryImageOfPage\":{\"@id\":\"https:\/\/instytutpolski.pl\/bratislava\/2023\/10\/30\/klavirny-recital-eryka-koszelu\/#primaryimage\"},\"image\":[\"https:\/\/instytutpolski.pl\/bratislava\/wp-content\/uploads\/sites\/13\/2023\/10\/koszela.jpg\",\"https:\/\/instytutpolski.pl\/bratislava\/wp-content\/uploads\/sites\/13\/2023\/10\/koszela-225x300.jpg\",\"https:\/\/instytutpolski.pl\/bratislava\/wp-content\/uploads\/sites\/13\/2023\/10\/koszela.jpg\",\"https:\/\/instytutpolski.pl\/bratislava\/wp-content\/uploads\/sites\/13\/2023\/10\/koszela.jpg\"],\"thumbnailUrl\":\"https:\/\/instytutpolski.pl\/bratislava\/wp-content\/uploads\/sites\/13\/2023\/10\/koszela.jpg\",\"datePublished\":\"2023-10-30T07:24:46+02:00\",\"dateModified\":\"2023-12-15T10:35:48+02:00\",\"author\":{\"@id\":\"https:\/\/instytutpolski.pl\/bratislava\/#\/schema\/person\/9ec657f865a156712552ca9f0ad27720\"},\"breadcrumb\":{\"@id\":\"https:\/\/instytutpolski.pl\/bratislava\/2023\/10\/30\/klavirny-recital-eryka-koszelu\/#breadcrumb\"},\"inLanguage\":\"pl-PL\",\"potentialAction\":[{\"@type\":\"ReadAction\",\"target\":[\"https:\/\/instytutpolski.pl\/bratislava\/2023\/10\/30\/klavirny-recital-eryka-koszelu\/\"]}],\"@context\":\"https:\/\/schema.org\",\"startDate\":\"2023-12-14\",\"endDate\":\"2023-12-14\",\"eventStatus\":\"EventScheduled\",\"eventAttendanceMode\":\"OfflineEventAttendanceMode\",\"location\":{\"@type\":\"place\",\"name\":\"\",\"address\":\"\",\"geo\":{\"@type\":\"GeoCoordinates\",\"latitude\":\"\",\"longitude\":\"\"}},\"description\":\"Mlad\u00fd a\u00a0talentovan\u00fd po\u013esk\u00fd klavirista zahr\u00e1 skladby Johanna Sebastiana Bacha, Wolfganga Amadea Mozarta, Fryderyka Chopina a Claudea Debussyho. Svoju hru zdokona\u013eoval na master classoch veden\u00fdch popredn\u00fdmi po\u013esk\u00fdmi a\u00a0zahrani\u010dn\u00fdmi klaviristami, pri\u010dom sa stal laure\u00e1tom mnoh\u00fdch klav\u00edrnych s\u00fa\u0165a\u017e\u00ed v\u00a0Po\u013esku a\u00a0zahrani\u010d\u00ed (Vilnius, Budape\u0161\u0165, Ko\u0161ice, Lod\u017e \u010di Krakov) a\u00a0\u0161tipendi\u00ed vr\u00e1tane \u0160tipendia ministra kult\u00fary a\u00a0n\u00e1rodn\u00e9ho dedi\u010dstva Po\u013eskej republiky.\\n14. 12. \/ 17:00 Bratislava, Po\u013esk\u00fd in\u0161tit\u00fat, N\u00e1m. SNP 27\"},{\"@type\":\"ImageObject\",\"inLanguage\":\"pl-PL\",\"@id\":\"https:\/\/instytutpolski.pl\/bratislava\/2023\/10\/30\/klavirny-recital-eryka-koszelu\/#primaryimage\",\"url\":\"https:\/\/instytutpolski.pl\/bratislava\/wp-content\/uploads\/sites\/13\/2023\/10\/koszela.jpg\",\"contentUrl\":\"https:\/\/instytutpolski.pl\/bratislava\/wp-content\/uploads\/sites\/13\/2023\/10\/koszela.jpg\",\"width\":750,\"height\":1000},{\"@type\":\"BreadcrumbList\",\"@id\":\"https:\/\/instytutpolski.pl\/bratislava\/2023\/10\/30\/klavirny-recital-eryka-koszelu\/#breadcrumb\",\"itemListElement\":[{\"@type\":\"ListItem\",\"position\":1,\"name\":\"Home\",\"item\":\"https:\/\/instytutpolski.pl\/bratislava\/\"},{\"@type\":\"ListItem\",\"position\":2,\"name\":\"Klav\u00edrny recit\u00e1l Eryka Koszelu\"}]},{\"@type\":\"WebSite\",\"@id\":\"https:\/\/instytutpolski.pl\/bratislava\/#website\",\"url\":\"https:\/\/instytutpolski.pl\/bratislava\/\",\"name\":\"Instytut Polski w Bratys\u0142awie\",\"description\":\"Instytuty Polskie\",\"potentialAction\":[{\"@type\":\"SearchAction\",\"target\":{\"@type\":\"EntryPoint\",\"urlTemplate\":\"https:\/\/instytutpolski.pl\/bratislava\/?s={search_term_string}\"},\"query-input\":{\"@type\":\"PropertyValueSpecification\",\"valueRequired\":true,\"valueName\":\"search_term_string\"}}],\"inLanguage\":\"pl-PL\"},{\"@type\":\"Person\",\"@id\":\"https:\/\/instytutpolski.pl\/bratislava\/#\/schema\/person\/9ec657f865a156712552ca9f0ad27720\",\"name\":\"kyselm\",\"image\":{\"@type\":\"ImageObject\",\"inLanguage\":\"pl-PL\",\"@id\":\"https:\/\/instytutpolski.pl\/bratislava\/#\/schema\/person\/image\/\",\"url\":\"https:\/\/secure.gravatar.com\/avatar\/ba96f7f4a6104a2e2f0328f9863f506d?s=96&d=mm&r=g\",\"contentUrl\":\"https:\/\/secure.gravatar.com\/avatar\/ba96f7f4a6104a2e2f0328f9863f506d?s=96&d=mm&r=g\",\"caption\":\"kyselm\"},\"url\":\"https:\/\/instytutpolski.pl\/bratislava\/author\/kyselm\/\"}]}<\/script>\n<!-- \/ Yoast SEO plugin. -->","yoast_head_json":{"title":"Klav\u00edrny recit\u00e1l Eryka Koszelu - Instytut Polski w Bratys\u0142awie","robots":{"index":"index","follow":"follow","max-snippet":"max-snippet:-1","max-image-preview":"max-image-preview:large","max-video-preview":"max-video-preview:-1"},"canonical":"https:\/\/instytutpolski.pl\/bratislava\/2023\/10\/30\/klavirny-recital-eryka-koszelu\/","og_locale":"pl_PL","og_type":"article","og_title":"Klav\u00edrny recit\u00e1l Eryka Koszelu - Instytut Polski w Bratys\u0142awie","og_description":"Mlad\u00fd a\u00a0talentovan\u00fd po\u013esk\u00fd klavirista zahr\u00e1 skladby Johanna Sebastiana Bacha, Wolfganga Amadea Mozarta, Fryderyka Chopina a Claudea Debussyho. Svoju hru zdokona\u013eoval na master classoch veden\u00fdch popredn\u00fdmi po\u013esk\u00fdmi a\u00a0zahrani\u010dn\u00fdmi klaviristami, pri\u010dom sa stal laure\u00e1tom mnoh\u00fdch klav\u00edrnych s\u00fa\u0165a\u017e\u00ed v\u00a0Po\u013esku a\u00a0zahrani\u010d\u00ed (Vilnius, Budape\u0161\u0165, Ko\u0161ice, Lod\u017e \u010di Krakov) a\u00a0\u0161tipendi\u00ed vr\u00e1tane \u0160tipendia ministra kult\u00fary a\u00a0n\u00e1rodn\u00e9ho dedi\u010dstva Po\u013eskej republiky. 14. 12. \/ [&hellip;]","og_url":"https:\/\/instytutpolski.pl\/bratislava\/2023\/10\/30\/klavirny-recital-eryka-koszelu\/","og_site_name":"Instytut Polski w Bratys\u0142awie","article_published_time":"2023-10-30T07:24:46+00:00","article_modified_time":"2023-12-15T10:35:48+00:00","og_image":[{"width":750,"height":1000,"url":"https:\/\/instytutpolski.pl\/bratislava\/wp-content\/uploads\/sites\/13\/2023\/10\/koszela.jpg","type":"image\/jpeg"}],"author":"kyselm","twitter_card":"summary_large_image","twitter_misc":{"Napisane przez":"kyselm","Szacowany czas czytania":"1 minuta"},"schema":{"@context":"https:\/\/schema.org","@graph":[{"@type":"event","@id":"https:\/\/instytutpolski.pl\/bratislava\/2023\/10\/30\/klavirny-recital-eryka-koszelu\/","url":"https:\/\/instytutpolski.pl\/bratislava\/2023\/10\/30\/klavirny-recital-eryka-koszelu\/","name":"Klav\u00edrny recit\u00e1l Eryka Koszelu","isPartOf":{"@id":"https:\/\/instytutpolski.pl\/bratislava\/#website"},"primaryImageOfPage":{"@id":"https:\/\/instytutpolski.pl\/bratislava\/2023\/10\/30\/klavirny-recital-eryka-koszelu\/#primaryimage"},"image":["https:\/\/instytutpolski.pl\/bratislava\/wp-content\/uploads\/sites\/13\/2023\/10\/koszela.jpg","https:\/\/instytutpolski.pl\/bratislava\/wp-content\/uploads\/sites\/13\/2023\/10\/koszela-225x300.jpg","https:\/\/instytutpolski.pl\/bratislava\/wp-content\/uploads\/sites\/13\/2023\/10\/koszela.jpg","https:\/\/instytutpolski.pl\/bratislava\/wp-content\/uploads\/sites\/13\/2023\/10\/koszela.jpg"],"thumbnailUrl":"https:\/\/instytutpolski.pl\/bratislava\/wp-content\/uploads\/sites\/13\/2023\/10\/koszela.jpg","datePublished":"2023-10-30T07:24:46+02:00","dateModified":"2023-12-15T10:35:48+02:00","author":{"@id":"https:\/\/instytutpolski.pl\/bratislava\/#\/schema\/person\/9ec657f865a156712552ca9f0ad27720"},"breadcrumb":{"@id":"https:\/\/instytutpolski.pl\/bratislava\/2023\/10\/30\/klavirny-recital-eryka-koszelu\/#breadcrumb"},"inLanguage":"pl-PL","potentialAction":[{"@type":"ReadAction","target":["https:\/\/instytutpolski.pl\/bratislava\/2023\/10\/30\/klavirny-recital-eryka-koszelu\/"]}],"@context":"https:\/\/schema.org","startDate":"2023-12-14","endDate":"2023-12-14","eventStatus":"EventScheduled","eventAttendanceMode":"OfflineEventAttendanceMode","location":{"@type":"place","name":"","address":"","geo":{"@type":"GeoCoordinates","latitude":"","longitude":""}},"description":"Mlad\u00fd a\u00a0talentovan\u00fd po\u013esk\u00fd klavirista zahr\u00e1 skladby Johanna Sebastiana Bacha, Wolfganga Amadea Mozarta, Fryderyka Chopina a Claudea Debussyho. Svoju hru zdokona\u013eoval na master classoch veden\u00fdch popredn\u00fdmi po\u013esk\u00fdmi a\u00a0zahrani\u010dn\u00fdmi klaviristami, pri\u010dom sa stal laure\u00e1tom mnoh\u00fdch klav\u00edrnych s\u00fa\u0165a\u017e\u00ed v\u00a0Po\u013esku a\u00a0zahrani\u010d\u00ed (Vilnius, Budape\u0161\u0165, Ko\u0161ice, Lod\u017e \u010di Krakov) a\u00a0\u0161tipendi\u00ed vr\u00e1tane \u0160tipendia ministra kult\u00fary a\u00a0n\u00e1rodn\u00e9ho dedi\u010dstva Po\u013eskej republiky.\n14. 12. \/ 17:00 Bratislava, Po\u013esk\u00fd in\u0161tit\u00fat, N\u00e1m. SNP 27"},{"@type":"ImageObject","inLanguage":"pl-PL","@id":"https:\/\/instytutpolski.pl\/bratislava\/2023\/10\/30\/klavirny-recital-eryka-koszelu\/#primaryimage","url":"https:\/\/instytutpolski.pl\/bratislava\/wp-content\/uploads\/sites\/13\/2023\/10\/koszela.jpg","contentUrl":"https:\/\/instytutpolski.pl\/bratislava\/wp-content\/uploads\/sites\/13\/2023\/10\/koszela.jpg","width":750,"height":1000},{"@type":"BreadcrumbList","@id":"https:\/\/instytutpolski.pl\/bratislava\/2023\/10\/30\/klavirny-recital-eryka-koszelu\/#breadcrumb","itemListElement":[{"@type":"ListItem","position":1,"name":"Home","item":"https:\/\/instytutpolski.pl\/bratislava\/"},{"@type":"ListItem","position":2,"name":"Klav\u00edrny recit\u00e1l Eryka Koszelu"}]},{"@type":"WebSite","@id":"https:\/\/instytutpolski.pl\/bratislava\/#website","url":"https:\/\/instytutpolski.pl\/bratislava\/","name":"Instytut Polski w Bratys\u0142awie","description":"Instytuty Polskie","potentialAction":[{"@type":"SearchAction","target":{"@type":"EntryPoint","urlTemplate":"https:\/\/instytutpolski.pl\/bratislava\/?s={search_term_string}"},"query-input":{"@type":"PropertyValueSpecification","valueRequired":true,"valueName":"search_term_string"}}],"inLanguage":"pl-PL"},{"@type":"Person","@id":"https:\/\/instytutpolski.pl\/bratislava\/#\/schema\/person\/9ec657f865a156712552ca9f0ad27720","name":"kyselm","image":{"@type":"ImageObject","inLanguage":"pl-PL","@id":"https:\/\/instytutpolski.pl\/bratislava\/#\/schema\/person\/image\/","url":"https:\/\/secure.gravatar.com\/avatar\/ba96f7f4a6104a2e2f0328f9863f506d?s=96&d=mm&r=g","contentUrl":"https:\/\/secure.gravatar.com\/avatar\/ba96f7f4a6104a2e2f0328f9863f506d?s=96&d=mm&r=g","caption":"kyselm"},"url":"https:\/\/instytutpolski.pl\/bratislava\/author\/kyselm\/"}]}},"_links":{"self":[{"href":"https:\/\/instytutpolski.pl\/bratislava\/wp-json\/wp\/v2\/posts\/6705","targetHints":{"allow":["GET"]}}],"collection":[{"href":"https:\/\/instytutpolski.pl\/bratislava\/wp-json\/wp\/v2\/posts"}],"about":[{"href":"https:\/\/instytutpolski.pl\/bratislava\/wp-json\/wp\/v2\/types\/post"}],"author":[{"embeddable":true,"href":"https:\/\/instytutpolski.pl\/bratislava\/wp-json\/wp\/v2\/users\/116"}],"replies":[{"embeddable":true,"href":"https:\/\/instytutpolski.pl\/bratislava\/wp-json\/wp\/v2\/comments?post=6705"}],"version-history":[{"count":4,"href":"https:\/\/instytutpolski.pl\/bratislava\/wp-json\/wp\/v2\/posts\/6705\/revisions"}],"predecessor-version":[{"id":6848,"href":"https:\/\/instytutpolski.pl\/bratislava\/wp-json\/wp\/v2\/posts\/6705\/revisions\/6848"}],"wp:featuredmedia":[{"embeddable":true,"href":"https:\/\/instytutpolski.pl\/bratislava\/wp-json\/wp\/v2\/media\/6656"}],"wp:attachment":[{"href":"https:\/\/instytutpolski.pl\/bratislava\/wp-json\/wp\/v2\/media?parent=6705"}],"wp:term":[{"taxonomy":"category","embeddable":true,"href":"https:\/\/instytutpolski.pl\/bratislava\/wp-json\/wp\/v2\/categories?post=6705"},{"taxonomy":"post_tag","embeddable":true,"href":"https:\/\/instytutpolski.pl\/bratislava\/wp-json\/wp\/v2\/tags?post=6705"}],"curies":[{"name":"wp","href":"https:\/\/api.w.org\/{rel}","templated":true}]}}