{"id":6932,"date":"2024-01-12T11:42:24","date_gmt":"2024-01-12T10:42:24","guid":{"rendered":"https:\/\/instytutpolski.pl\/bratislava\/?p=6932"},"modified":"2024-01-31T21:27:30","modified_gmt":"2024-01-31T20:27:30","slug":"miedzynarodowy-dzien-pamieci-o-ofiarach-holokaustu-koncert-miroslava-raca","status":"publish","type":"post","link":"https:\/\/instytutpolski.pl\/bratislava\/pl\/2024\/01\/12\/miedzynarodowy-dzien-pamieci-o-ofiarach-holokaustu-koncert-miroslava-raca\/","title":{"rendered":"KONCERT ODWO\u0141ANY | Mi\u0119dzynarodowy Dzie\u0144 Pami\u0119ci o Ofiarach Holokaustu: Koncert Miroslava R\u00e1ca"},"content":{"rendered":"\n<p><del>27 stycznia przypada Mi\u0119dzynarodowy Dzie\u0144 Pami\u0119ci o Ofiarach Holokaustu oraz 79. rocznica wyzwolenia niemieckiego nazistowskiego obozu koncentracyjnego i zag\u0142ady Auschwitz-Birkenau.<\/del><\/p>\n<p><del>Z tej okazji zapraszamy na okoliczno\u015bciowy koncert <strong>Miroslava R\u00e1ca<\/strong>, s\u0142owackiego pianisty i kompozytora romskiego pochodzenia. W repertuarze koncertu znajd\u0105 si\u0119 jego utwory inspirowane tragedi\u0105 Holokaustu, dedykowane czci i pami\u0119ci wszystkich ofiar oboz\u00f3w koncentracyjnych i ich ocala\u0142ych. M. R\u00e1c wsp\u00f3\u0142pracuje m.in. z <strong>Pa\u0144stwowym Muzeum Auschwitz-Birkenau<\/strong>, a w programie znajd\u0105 si\u0119 r\u00f3wnie\u017c utwory polskich kompozytor\u00f3w.<\/del><\/p>\n<p><del><strong>30.01 \/ 17:00 Bratys\u0142awa, Instytut Polski, N\u00e1m. SNP 27<\/strong><\/del><\/p>\n\n\n\n<figure class=\"wp-block-image size-large\"><img loading=\"lazy\" decoding=\"async\" width=\"717\" height=\"1024\" src=\"https:\/\/instytutpolski.pl\/bratislava\/wp-content\/uploads\/sites\/13\/2024\/01\/2-717x1024.jpg\" alt=\"\" class=\"wp-image-6952\" srcset=\"https:\/\/instytutpolski.pl\/bratislava\/wp-content\/uploads\/sites\/13\/2024\/01\/2-717x1024.jpg 717w, https:\/\/instytutpolski.pl\/bratislava\/wp-content\/uploads\/sites\/13\/2024\/01\/2-210x300.jpg 210w, https:\/\/instytutpolski.pl\/bratislava\/wp-content\/uploads\/sites\/13\/2024\/01\/2-768x1097.jpg 768w, https:\/\/instytutpolski.pl\/bratislava\/wp-content\/uploads\/sites\/13\/2024\/01\/2-1075x1536.jpg 1075w, https:\/\/instytutpolski.pl\/bratislava\/wp-content\/uploads\/sites\/13\/2024\/01\/2-1434x2048.jpg 1434w, https:\/\/instytutpolski.pl\/bratislava\/wp-content\/uploads\/sites\/13\/2024\/01\/2-scaled.jpg 1792w\" sizes=\"auto, (max-width: 717px) 100vw, 717px\" \/><\/figure>\n","protected":false},"excerpt":{"rendered":"<p>27 stycznia przypada Mi\u0119dzynarodowy Dzie\u0144 Pami\u0119ci o Ofiarach Holokaustu oraz 79. rocznica wyzwolenia niemieckiego nazistowskiego obozu koncentracyjnego i zag\u0142ady Auschwitz-Birkenau. Z tej okazji zapraszamy na okoliczno\u015bciowy koncert Miroslava R\u00e1ca, s\u0142owackiego pianisty i kompozytora romskiego pochodzenia. W repertuarze koncertu znajd\u0105 si\u0119 jego utwory inspirowane tragedi\u0105 Holokaustu, dedykowane czci i pami\u0119ci wszystkich ofiar oboz\u00f3w koncentracyjnych i ich [&hellip;]<\/p>\n","protected":false},"author":116,"featured_media":6875,"comment_status":"open","ping_status":"open","sticky":false,"template":"","format":"standard","meta":{"inline_featured_image":false,"_monsterinsights_skip_tracking":false,"_monsterinsights_sitenote_active":false,"_monsterinsights_sitenote_note":"","_monsterinsights_sitenote_category":0,"footnotes":""},"categories":[52],"tags":[],"class_list":["post-6932","post","type-post","status-publish","format-standard","has-post-thumbnail","hentry","category-muzyka"],"yoast_head":"<!-- This site is optimized with the Yoast SEO plugin v24.6 - https:\/\/yoast.com\/wordpress\/plugins\/seo\/ -->\n<title>KONCERT ODWO\u0141ANY | Mi\u0119dzynarodowy Dzie\u0144 Pami\u0119ci o Ofiarach Holokaustu: Koncert Miroslava R\u00e1ca - Instytut Polski w Bratys\u0142awie<\/title>\n<meta name=\"robots\" content=\"index, follow, max-snippet:-1, max-image-preview:large, max-video-preview:-1\" \/>\n<link rel=\"canonical\" href=\"https:\/\/instytutpolski.pl\/bratislava\/pl\/2024\/01\/12\/miedzynarodowy-dzien-pamieci-o-ofiarach-holokaustu-koncert-miroslava-raca\/\" \/>\n<meta property=\"og:locale\" content=\"pl_PL\" \/>\n<meta property=\"og:type\" content=\"article\" \/>\n<meta property=\"og:title\" content=\"KONCERT ODWO\u0141ANY | Mi\u0119dzynarodowy Dzie\u0144 Pami\u0119ci o Ofiarach Holokaustu: Koncert Miroslava R\u00e1ca - Instytut Polski w Bratys\u0142awie\" \/>\n<meta property=\"og:description\" content=\"27 stycznia przypada Mi\u0119dzynarodowy Dzie\u0144 Pami\u0119ci o Ofiarach Holokaustu oraz 79. rocznica wyzwolenia niemieckiego nazistowskiego obozu koncentracyjnego i zag\u0142ady Auschwitz-Birkenau. Z tej okazji zapraszamy na okoliczno\u015bciowy koncert Miroslava R\u00e1ca, s\u0142owackiego pianisty i kompozytora romskiego pochodzenia. W repertuarze koncertu znajd\u0105 si\u0119 jego utwory inspirowane tragedi\u0105 Holokaustu, dedykowane czci i pami\u0119ci wszystkich ofiar oboz\u00f3w koncentracyjnych i ich [&hellip;]\" \/>\n<meta property=\"og:url\" content=\"https:\/\/instytutpolski.pl\/bratislava\/pl\/2024\/01\/12\/miedzynarodowy-dzien-pamieci-o-ofiarach-holokaustu-koncert-miroslava-raca\/\" \/>\n<meta property=\"og:site_name\" content=\"Instytut Polski w Bratys\u0142awie\" \/>\n<meta property=\"article:published_time\" content=\"2024-01-12T10:42:24+00:00\" \/>\n<meta property=\"article:modified_time\" content=\"2024-01-31T20:27:30+00:00\" \/>\n<meta property=\"og:image\" content=\"https:\/\/instytutpolski.pl\/bratislava\/wp-content\/uploads\/sites\/13\/2024\/01\/received_617242506896512.jpeg\" \/>\n\t<meta property=\"og:image:width\" content=\"960\" \/>\n\t<meta property=\"og:image:height\" content=\"1440\" \/>\n\t<meta property=\"og:image:type\" content=\"image\/jpeg\" \/>\n<meta name=\"author\" content=\"kyselm\" \/>\n<meta name=\"twitter:card\" content=\"summary_large_image\" \/>\n<meta name=\"twitter:label1\" content=\"Napisane przez\" \/>\n\t<meta name=\"twitter:data1\" content=\"kyselm\" \/>\n\t<meta name=\"twitter:label2\" content=\"Szacowany czas czytania\" \/>\n\t<meta name=\"twitter:data2\" content=\"1 minuta\" \/>\n<script type=\"application\/ld+json\" class=\"yoast-schema-graph\">{\"@context\":\"https:\/\/schema.org\",\"@graph\":[{\"@type\":\"event\",\"@id\":\"https:\/\/instytutpolski.pl\/bratislava\/pl\/2024\/01\/12\/miedzynarodowy-dzien-pamieci-o-ofiarach-holokaustu-koncert-miroslava-raca\/\",\"url\":\"https:\/\/instytutpolski.pl\/bratislava\/pl\/2024\/01\/12\/miedzynarodowy-dzien-pamieci-o-ofiarach-holokaustu-koncert-miroslava-raca\/\",\"name\":\"KONCERT ODWO\u0141ANY | Mi\u0119dzynarodowy Dzie\u0144 Pami\u0119ci o Ofiarach Holokaustu: Koncert Miroslava R\u00e1ca\",\"isPartOf\":{\"@id\":\"https:\/\/instytutpolski.pl\/bratislava\/#website\"},\"primaryImageOfPage\":{\"@id\":\"https:\/\/instytutpolski.pl\/bratislava\/pl\/2024\/01\/12\/miedzynarodowy-dzien-pamieci-o-ofiarach-holokaustu-koncert-miroslava-raca\/#primaryimage\"},\"image\":[\"https:\/\/instytutpolski.pl\/bratislava\/wp-content\/uploads\/sites\/13\/2024\/01\/received_617242506896512.jpeg\",\"https:\/\/instytutpolski.pl\/bratislava\/wp-content\/uploads\/sites\/13\/2024\/01\/received_617242506896512-200x300.jpeg\",\"https:\/\/instytutpolski.pl\/bratislava\/wp-content\/uploads\/sites\/13\/2024\/01\/received_617242506896512-683x1024.jpeg\",\"https:\/\/instytutpolski.pl\/bratislava\/wp-content\/uploads\/sites\/13\/2024\/01\/received_617242506896512.jpeg\"],\"thumbnailUrl\":\"https:\/\/instytutpolski.pl\/bratislava\/wp-content\/uploads\/sites\/13\/2024\/01\/received_617242506896512.jpeg\",\"datePublished\":\"2024-01-12T10:42:24+02:00\",\"dateModified\":\"2024-01-31T20:27:30+02:00\",\"author\":{\"@id\":\"https:\/\/instytutpolski.pl\/bratislava\/#\/schema\/person\/9ec657f865a156712552ca9f0ad27720\"},\"breadcrumb\":{\"@id\":\"https:\/\/instytutpolski.pl\/bratislava\/pl\/2024\/01\/12\/miedzynarodowy-dzien-pamieci-o-ofiarach-holokaustu-koncert-miroslava-raca\/#breadcrumb\"},\"inLanguage\":\"pl-PL\",\"potentialAction\":[{\"@type\":\"ReadAction\",\"target\":[\"https:\/\/instytutpolski.pl\/bratislava\/pl\/2024\/01\/12\/miedzynarodowy-dzien-pamieci-o-ofiarach-holokaustu-koncert-miroslava-raca\/\"]}],\"@context\":\"https:\/\/schema.org\",\"startDate\":\"2024-01-30\",\"endDate\":\"2024-01-30\",\"eventStatus\":\"EventScheduled\",\"eventAttendanceMode\":\"OfflineEventAttendanceMode\",\"location\":{\"@type\":\"place\",\"name\":\"\",\"address\":\"\",\"geo\":{\"@type\":\"GeoCoordinates\",\"latitude\":\"\",\"longitude\":\"\"}},\"description\":\"27 stycznia przypada Mi\u0119dzynarodowy Dzie\u0144 Pami\u0119ci o Ofiarach Holokaustu oraz 79. rocznica wyzwolenia niemieckiego nazistowskiego obozu koncentracyjnego i zag\u0142ady Auschwitz-Birkenau.\\nZ tej okazji zapraszamy na okoliczno\u015bciowy koncert Miroslava R\u00e1ca, s\u0142owackiego pianisty i kompozytora romskiego pochodzenia. W repertuarze koncertu znajd\u0105 si\u0119 jego utwory inspirowane tragedi\u0105 Holokaustu, dedykowane czci i pami\u0119ci wszystkich ofiar oboz\u00f3w koncentracyjnych i ich ocala\u0142ych. M. R\u00e1c wsp\u00f3\u0142pracuje m.in. z Pa\u0144stwowym Muzeum Auschwitz-Birkenau, a w programie znajd\u0105 si\u0119 r\u00f3wnie\u017c utwory polskich kompozytor\u00f3w.\\n30.01 \/ 17:00 Bratys\u0142awa, Instytut Polski, N\u00e1m. SNP 27\"},{\"@type\":\"ImageObject\",\"inLanguage\":\"pl-PL\",\"@id\":\"https:\/\/instytutpolski.pl\/bratislava\/pl\/2024\/01\/12\/miedzynarodowy-dzien-pamieci-o-ofiarach-holokaustu-koncert-miroslava-raca\/#primaryimage\",\"url\":\"https:\/\/instytutpolski.pl\/bratislava\/wp-content\/uploads\/sites\/13\/2024\/01\/received_617242506896512.jpeg\",\"contentUrl\":\"https:\/\/instytutpolski.pl\/bratislava\/wp-content\/uploads\/sites\/13\/2024\/01\/received_617242506896512.jpeg\",\"width\":960,\"height\":1440},{\"@type\":\"BreadcrumbList\",\"@id\":\"https:\/\/instytutpolski.pl\/bratislava\/pl\/2024\/01\/12\/miedzynarodowy-dzien-pamieci-o-ofiarach-holokaustu-koncert-miroslava-raca\/#breadcrumb\",\"itemListElement\":[{\"@type\":\"ListItem\",\"position\":1,\"name\":\"Home\",\"item\":\"https:\/\/instytutpolski.pl\/bratislava\/\"},{\"@type\":\"ListItem\",\"position\":2,\"name\":\"KONCERT ODWO\u0141ANY | Mi\u0119dzynarodowy Dzie\u0144 Pami\u0119ci o Ofiarach Holokaustu: Koncert Miroslava R\u00e1ca\"}]},{\"@type\":\"WebSite\",\"@id\":\"https:\/\/instytutpolski.pl\/bratislava\/#website\",\"url\":\"https:\/\/instytutpolski.pl\/bratislava\/\",\"name\":\"Instytut Polski w Bratys\u0142awie\",\"description\":\"Instytuty Polskie\",\"potentialAction\":[{\"@type\":\"SearchAction\",\"target\":{\"@type\":\"EntryPoint\",\"urlTemplate\":\"https:\/\/instytutpolski.pl\/bratislava\/?s={search_term_string}\"},\"query-input\":{\"@type\":\"PropertyValueSpecification\",\"valueRequired\":true,\"valueName\":\"search_term_string\"}}],\"inLanguage\":\"pl-PL\"},{\"@type\":\"Person\",\"@id\":\"https:\/\/instytutpolski.pl\/bratislava\/#\/schema\/person\/9ec657f865a156712552ca9f0ad27720\",\"name\":\"kyselm\",\"image\":{\"@type\":\"ImageObject\",\"inLanguage\":\"pl-PL\",\"@id\":\"https:\/\/instytutpolski.pl\/bratislava\/#\/schema\/person\/image\/\",\"url\":\"https:\/\/secure.gravatar.com\/avatar\/ba96f7f4a6104a2e2f0328f9863f506d?s=96&d=mm&r=g\",\"contentUrl\":\"https:\/\/secure.gravatar.com\/avatar\/ba96f7f4a6104a2e2f0328f9863f506d?s=96&d=mm&r=g\",\"caption\":\"kyselm\"},\"url\":\"https:\/\/instytutpolski.pl\/bratislava\/author\/kyselm\/\"}]}<\/script>\n<!-- \/ Yoast SEO plugin. -->","yoast_head_json":{"title":"KONCERT ODWO\u0141ANY | Mi\u0119dzynarodowy Dzie\u0144 Pami\u0119ci o Ofiarach Holokaustu: Koncert Miroslava R\u00e1ca - Instytut Polski w Bratys\u0142awie","robots":{"index":"index","follow":"follow","max-snippet":"max-snippet:-1","max-image-preview":"max-image-preview:large","max-video-preview":"max-video-preview:-1"},"canonical":"https:\/\/instytutpolski.pl\/bratislava\/pl\/2024\/01\/12\/miedzynarodowy-dzien-pamieci-o-ofiarach-holokaustu-koncert-miroslava-raca\/","og_locale":"pl_PL","og_type":"article","og_title":"KONCERT ODWO\u0141ANY | Mi\u0119dzynarodowy Dzie\u0144 Pami\u0119ci o Ofiarach Holokaustu: Koncert Miroslava R\u00e1ca - Instytut Polski w Bratys\u0142awie","og_description":"27 stycznia przypada Mi\u0119dzynarodowy Dzie\u0144 Pami\u0119ci o Ofiarach Holokaustu oraz 79. rocznica wyzwolenia niemieckiego nazistowskiego obozu koncentracyjnego i zag\u0142ady Auschwitz-Birkenau. Z tej okazji zapraszamy na okoliczno\u015bciowy koncert Miroslava R\u00e1ca, s\u0142owackiego pianisty i kompozytora romskiego pochodzenia. W repertuarze koncertu znajd\u0105 si\u0119 jego utwory inspirowane tragedi\u0105 Holokaustu, dedykowane czci i pami\u0119ci wszystkich ofiar oboz\u00f3w koncentracyjnych i ich [&hellip;]","og_url":"https:\/\/instytutpolski.pl\/bratislava\/pl\/2024\/01\/12\/miedzynarodowy-dzien-pamieci-o-ofiarach-holokaustu-koncert-miroslava-raca\/","og_site_name":"Instytut Polski w Bratys\u0142awie","article_published_time":"2024-01-12T10:42:24+00:00","article_modified_time":"2024-01-31T20:27:30+00:00","og_image":[{"width":960,"height":1440,"url":"https:\/\/instytutpolski.pl\/bratislava\/wp-content\/uploads\/sites\/13\/2024\/01\/received_617242506896512.jpeg","type":"image\/jpeg"}],"author":"kyselm","twitter_card":"summary_large_image","twitter_misc":{"Napisane przez":"kyselm","Szacowany czas czytania":"1 minuta"},"schema":{"@context":"https:\/\/schema.org","@graph":[{"@type":"event","@id":"https:\/\/instytutpolski.pl\/bratislava\/pl\/2024\/01\/12\/miedzynarodowy-dzien-pamieci-o-ofiarach-holokaustu-koncert-miroslava-raca\/","url":"https:\/\/instytutpolski.pl\/bratislava\/pl\/2024\/01\/12\/miedzynarodowy-dzien-pamieci-o-ofiarach-holokaustu-koncert-miroslava-raca\/","name":"KONCERT ODWO\u0141ANY | Mi\u0119dzynarodowy Dzie\u0144 Pami\u0119ci o Ofiarach Holokaustu: Koncert Miroslava R\u00e1ca","isPartOf":{"@id":"https:\/\/instytutpolski.pl\/bratislava\/#website"},"primaryImageOfPage":{"@id":"https:\/\/instytutpolski.pl\/bratislava\/pl\/2024\/01\/12\/miedzynarodowy-dzien-pamieci-o-ofiarach-holokaustu-koncert-miroslava-raca\/#primaryimage"},"image":["https:\/\/instytutpolski.pl\/bratislava\/wp-content\/uploads\/sites\/13\/2024\/01\/received_617242506896512.jpeg","https:\/\/instytutpolski.pl\/bratislava\/wp-content\/uploads\/sites\/13\/2024\/01\/received_617242506896512-200x300.jpeg","https:\/\/instytutpolski.pl\/bratislava\/wp-content\/uploads\/sites\/13\/2024\/01\/received_617242506896512-683x1024.jpeg","https:\/\/instytutpolski.pl\/bratislava\/wp-content\/uploads\/sites\/13\/2024\/01\/received_617242506896512.jpeg"],"thumbnailUrl":"https:\/\/instytutpolski.pl\/bratislava\/wp-content\/uploads\/sites\/13\/2024\/01\/received_617242506896512.jpeg","datePublished":"2024-01-12T10:42:24+02:00","dateModified":"2024-01-31T20:27:30+02:00","author":{"@id":"https:\/\/instytutpolski.pl\/bratislava\/#\/schema\/person\/9ec657f865a156712552ca9f0ad27720"},"breadcrumb":{"@id":"https:\/\/instytutpolski.pl\/bratislava\/pl\/2024\/01\/12\/miedzynarodowy-dzien-pamieci-o-ofiarach-holokaustu-koncert-miroslava-raca\/#breadcrumb"},"inLanguage":"pl-PL","potentialAction":[{"@type":"ReadAction","target":["https:\/\/instytutpolski.pl\/bratislava\/pl\/2024\/01\/12\/miedzynarodowy-dzien-pamieci-o-ofiarach-holokaustu-koncert-miroslava-raca\/"]}],"@context":"https:\/\/schema.org","startDate":"2024-01-30","endDate":"2024-01-30","eventStatus":"EventScheduled","eventAttendanceMode":"OfflineEventAttendanceMode","location":{"@type":"place","name":"","address":"","geo":{"@type":"GeoCoordinates","latitude":"","longitude":""}},"description":"27 stycznia przypada Mi\u0119dzynarodowy Dzie\u0144 Pami\u0119ci o Ofiarach Holokaustu oraz 79. rocznica wyzwolenia niemieckiego nazistowskiego obozu koncentracyjnego i zag\u0142ady Auschwitz-Birkenau.\nZ tej okazji zapraszamy na okoliczno\u015bciowy koncert Miroslava R\u00e1ca, s\u0142owackiego pianisty i kompozytora romskiego pochodzenia. W repertuarze koncertu znajd\u0105 si\u0119 jego utwory inspirowane tragedi\u0105 Holokaustu, dedykowane czci i pami\u0119ci wszystkich ofiar oboz\u00f3w koncentracyjnych i ich ocala\u0142ych. M. R\u00e1c wsp\u00f3\u0142pracuje m.in. z Pa\u0144stwowym Muzeum Auschwitz-Birkenau, a w programie znajd\u0105 si\u0119 r\u00f3wnie\u017c utwory polskich kompozytor\u00f3w.\n30.01 \/ 17:00 Bratys\u0142awa, Instytut Polski, N\u00e1m. SNP 27"},{"@type":"ImageObject","inLanguage":"pl-PL","@id":"https:\/\/instytutpolski.pl\/bratislava\/pl\/2024\/01\/12\/miedzynarodowy-dzien-pamieci-o-ofiarach-holokaustu-koncert-miroslava-raca\/#primaryimage","url":"https:\/\/instytutpolski.pl\/bratislava\/wp-content\/uploads\/sites\/13\/2024\/01\/received_617242506896512.jpeg","contentUrl":"https:\/\/instytutpolski.pl\/bratislava\/wp-content\/uploads\/sites\/13\/2024\/01\/received_617242506896512.jpeg","width":960,"height":1440},{"@type":"BreadcrumbList","@id":"https:\/\/instytutpolski.pl\/bratislava\/pl\/2024\/01\/12\/miedzynarodowy-dzien-pamieci-o-ofiarach-holokaustu-koncert-miroslava-raca\/#breadcrumb","itemListElement":[{"@type":"ListItem","position":1,"name":"Home","item":"https:\/\/instytutpolski.pl\/bratislava\/"},{"@type":"ListItem","position":2,"name":"KONCERT ODWO\u0141ANY | Mi\u0119dzynarodowy Dzie\u0144 Pami\u0119ci o Ofiarach Holokaustu: Koncert Miroslava R\u00e1ca"}]},{"@type":"WebSite","@id":"https:\/\/instytutpolski.pl\/bratislava\/#website","url":"https:\/\/instytutpolski.pl\/bratislava\/","name":"Instytut Polski w Bratys\u0142awie","description":"Instytuty Polskie","potentialAction":[{"@type":"SearchAction","target":{"@type":"EntryPoint","urlTemplate":"https:\/\/instytutpolski.pl\/bratislava\/?s={search_term_string}"},"query-input":{"@type":"PropertyValueSpecification","valueRequired":true,"valueName":"search_term_string"}}],"inLanguage":"pl-PL"},{"@type":"Person","@id":"https:\/\/instytutpolski.pl\/bratislava\/#\/schema\/person\/9ec657f865a156712552ca9f0ad27720","name":"kyselm","image":{"@type":"ImageObject","inLanguage":"pl-PL","@id":"https:\/\/instytutpolski.pl\/bratislava\/#\/schema\/person\/image\/","url":"https:\/\/secure.gravatar.com\/avatar\/ba96f7f4a6104a2e2f0328f9863f506d?s=96&d=mm&r=g","contentUrl":"https:\/\/secure.gravatar.com\/avatar\/ba96f7f4a6104a2e2f0328f9863f506d?s=96&d=mm&r=g","caption":"kyselm"},"url":"https:\/\/instytutpolski.pl\/bratislava\/author\/kyselm\/"}]}},"_links":{"self":[{"href":"https:\/\/instytutpolski.pl\/bratislava\/wp-json\/wp\/v2\/posts\/6932","targetHints":{"allow":["GET"]}}],"collection":[{"href":"https:\/\/instytutpolski.pl\/bratislava\/wp-json\/wp\/v2\/posts"}],"about":[{"href":"https:\/\/instytutpolski.pl\/bratislava\/wp-json\/wp\/v2\/types\/post"}],"author":[{"embeddable":true,"href":"https:\/\/instytutpolski.pl\/bratislava\/wp-json\/wp\/v2\/users\/116"}],"replies":[{"embeddable":true,"href":"https:\/\/instytutpolski.pl\/bratislava\/wp-json\/wp\/v2\/comments?post=6932"}],"version-history":[{"count":6,"href":"https:\/\/instytutpolski.pl\/bratislava\/wp-json\/wp\/v2\/posts\/6932\/revisions"}],"predecessor-version":[{"id":6975,"href":"https:\/\/instytutpolski.pl\/bratislava\/wp-json\/wp\/v2\/posts\/6932\/revisions\/6975"}],"wp:featuredmedia":[{"embeddable":true,"href":"https:\/\/instytutpolski.pl\/bratislava\/wp-json\/wp\/v2\/media\/6875"}],"wp:attachment":[{"href":"https:\/\/instytutpolski.pl\/bratislava\/wp-json\/wp\/v2\/media?parent=6932"}],"wp:term":[{"taxonomy":"category","embeddable":true,"href":"https:\/\/instytutpolski.pl\/bratislava\/wp-json\/wp\/v2\/categories?post=6932"},{"taxonomy":"post_tag","embeddable":true,"href":"https:\/\/instytutpolski.pl\/bratislava\/wp-json\/wp\/v2\/tags?post=6932"}],"curies":[{"name":"wp","href":"https:\/\/api.w.org\/{rel}","templated":true}]}}