{"id":7261,"date":"2024-03-27T10:29:03","date_gmt":"2024-03-27T09:29:03","guid":{"rendered":"https:\/\/instytutpolski.pl\/bratislava\/?p=7261"},"modified":"2024-03-28T09:40:11","modified_gmt":"2024-03-28T08:40:11","slug":"wolnosc-i-ucisk-smierc-i-odkupienie","status":"publish","type":"post","link":"https:\/\/instytutpolski.pl\/bratislava\/pl\/2024\/03\/27\/wolnosc-i-ucisk-smierc-i-odkupienie\/","title":{"rendered":"Wolno\u015b\u0107 i ucisk \u2013 \u015bmier\u0107 i odkupienie"},"content":{"rendered":"\n<p>Z tej okazji, pod batut\u0105 serbskiego dyrygenta <strong>Aleksandara Markovi\u0107a<\/strong>, czeski pianista <strong>Jan Barto\u0161<\/strong> wykona m.in. monumentalny utw\u00f3r <strong>Tren \u2013 Ofiarom Hiroszimy<\/strong> na 52 smyczki polskiego kompozytora <strong>Krzysztofa Pendereckiego<\/strong>, dzi\u0119ki kt\u00f3remu odni\u00f3s\u0142 on \u015bwiatowy sukces.<\/p>\n\n\n\n<p><strong>11.04 \/ 19:00 Koszyce, S\u0142owacka Filharmonia Pa\u0144stwowa, Dom Sztuki, Moyzesova 66<\/strong><\/p>\n\n\n\n<p><em><a href=\"http:\/\/sfk.sk\/\">sfk.sk<\/a><\/em><\/p>\n","protected":false},"excerpt":{"rendered":"<p>Z tej okazji, pod batut\u0105 serbskiego dyrygenta Aleksandara Markovi\u0107a, czeski pianista Jan Barto\u0161 wykona m.in. monumentalny utw\u00f3r Tren \u2013 Ofiarom Hiroszimy na 52 smyczki polskiego kompozytora Krzysztofa Pendereckiego, dzi\u0119ki kt\u00f3remu odni\u00f3s\u0142 on \u015bwiatowy sukces. 11.04 \/ 19:00 Koszyce, S\u0142owacka Filharmonia Pa\u0144stwowa, Dom Sztuki, Moyzesova 66 sfk.sk<\/p>\n","protected":false},"author":116,"featured_media":7205,"comment_status":"open","ping_status":"open","sticky":false,"template":"","format":"standard","meta":{"inline_featured_image":false,"_monsterinsights_skip_tracking":false,"_monsterinsights_sitenote_active":false,"_monsterinsights_sitenote_note":"","_monsterinsights_sitenote_category":0,"footnotes":""},"categories":[52],"tags":[],"class_list":["post-7261","post","type-post","status-publish","format-standard","has-post-thumbnail","hentry","category-muzyka"],"yoast_head":"<!-- This site is optimized with the Yoast SEO plugin v24.6 - https:\/\/yoast.com\/wordpress\/plugins\/seo\/ -->\n<title>Wolno\u015b\u0107 i ucisk \u2013 \u015bmier\u0107 i odkupienie - Instytut Polski w Bratys\u0142awie<\/title>\n<meta name=\"robots\" content=\"index, follow, max-snippet:-1, max-image-preview:large, max-video-preview:-1\" \/>\n<link rel=\"canonical\" href=\"https:\/\/instytutpolski.pl\/bratislava\/pl\/2024\/03\/27\/wolnosc-i-ucisk-smierc-i-odkupienie\/\" \/>\n<meta property=\"og:locale\" content=\"pl_PL\" \/>\n<meta property=\"og:type\" content=\"article\" \/>\n<meta property=\"og:title\" content=\"Wolno\u015b\u0107 i ucisk \u2013 \u015bmier\u0107 i odkupienie - Instytut Polski w Bratys\u0142awie\" \/>\n<meta property=\"og:description\" content=\"Z tej okazji, pod batut\u0105 serbskiego dyrygenta Aleksandara Markovi\u0107a, czeski pianista Jan Barto\u0161 wykona m.in. monumentalny utw\u00f3r Tren \u2013 Ofiarom Hiroszimy na 52 smyczki polskiego kompozytora Krzysztofa Pendereckiego, dzi\u0119ki kt\u00f3remu odni\u00f3s\u0142 on \u015bwiatowy sukces. 11.04 \/ 19:00 Koszyce, S\u0142owacka Filharmonia Pa\u0144stwowa, Dom Sztuki, Moyzesova 66 sfk.sk\" \/>\n<meta property=\"og:url\" content=\"https:\/\/instytutpolski.pl\/bratislava\/pl\/2024\/03\/27\/wolnosc-i-ucisk-smierc-i-odkupienie\/\" \/>\n<meta property=\"og:site_name\" content=\"Instytut Polski w Bratys\u0142awie\" \/>\n<meta property=\"article:published_time\" content=\"2024-03-27T09:29:03+00:00\" \/>\n<meta property=\"article:modified_time\" content=\"2024-03-28T08:40:11+00:00\" \/>\n<meta property=\"og:image\" content=\"https:\/\/instytutpolski.pl\/bratislava\/wp-content\/uploads\/sites\/13\/2024\/03\/penderecki-sfk-1024x571.png\" \/>\n\t<meta property=\"og:image:width\" content=\"1024\" \/>\n\t<meta property=\"og:image:height\" content=\"571\" \/>\n\t<meta property=\"og:image:type\" content=\"image\/png\" \/>\n<meta name=\"author\" content=\"kyselm\" \/>\n<meta name=\"twitter:card\" content=\"summary_large_image\" \/>\n<meta name=\"twitter:label1\" content=\"Napisane przez\" \/>\n\t<meta name=\"twitter:data1\" content=\"kyselm\" \/>\n\t<meta name=\"twitter:label2\" content=\"Szacowany czas czytania\" \/>\n\t<meta name=\"twitter:data2\" content=\"1 minuta\" \/>\n<script type=\"application\/ld+json\" class=\"yoast-schema-graph\">{\"@context\":\"https:\/\/schema.org\",\"@graph\":[{\"@type\":\"event\",\"@id\":\"https:\/\/instytutpolski.pl\/bratislava\/pl\/2024\/03\/27\/wolnosc-i-ucisk-smierc-i-odkupienie\/\",\"url\":\"https:\/\/instytutpolski.pl\/bratislava\/pl\/2024\/03\/27\/wolnosc-i-ucisk-smierc-i-odkupienie\/\",\"name\":\"Wolno\u015b\u0107 i ucisk \u2013 \u015bmier\u0107 i odkupienie\",\"isPartOf\":{\"@id\":\"https:\/\/instytutpolski.pl\/bratislava\/#website\"},\"primaryImageOfPage\":{\"@id\":\"https:\/\/instytutpolski.pl\/bratislava\/pl\/2024\/03\/27\/wolnosc-i-ucisk-smierc-i-odkupienie\/#primaryimage\"},\"image\":[\"https:\/\/instytutpolski.pl\/bratislava\/wp-content\/uploads\/sites\/13\/2024\/03\/penderecki-sfk.png\",\"https:\/\/instytutpolski.pl\/bratislava\/wp-content\/uploads\/sites\/13\/2024\/03\/penderecki-sfk-300x167.png\",\"https:\/\/instytutpolski.pl\/bratislava\/wp-content\/uploads\/sites\/13\/2024\/03\/penderecki-sfk-1024x571.png\",\"https:\/\/instytutpolski.pl\/bratislava\/wp-content\/uploads\/sites\/13\/2024\/03\/penderecki-sfk.png\"],\"thumbnailUrl\":\"https:\/\/instytutpolski.pl\/bratislava\/wp-content\/uploads\/sites\/13\/2024\/03\/penderecki-sfk.png\",\"datePublished\":\"2024-03-27T09:29:03+02:00\",\"dateModified\":\"2024-03-28T08:40:11+02:00\",\"author\":{\"@id\":\"https:\/\/instytutpolski.pl\/bratislava\/#\/schema\/person\/9ec657f865a156712552ca9f0ad27720\"},\"breadcrumb\":{\"@id\":\"https:\/\/instytutpolski.pl\/bratislava\/pl\/2024\/03\/27\/wolnosc-i-ucisk-smierc-i-odkupienie\/#breadcrumb\"},\"inLanguage\":\"pl-PL\",\"potentialAction\":[{\"@type\":\"ReadAction\",\"target\":[\"https:\/\/instytutpolski.pl\/bratislava\/pl\/2024\/03\/27\/wolnosc-i-ucisk-smierc-i-odkupienie\/\"]}],\"@context\":\"https:\/\/schema.org\",\"startDate\":\"2024-04-11\",\"endDate\":\"2024-04-11\",\"eventStatus\":\"EventScheduled\",\"eventAttendanceMode\":\"OfflineEventAttendanceMode\",\"location\":{\"@type\":\"place\",\"name\":\"\",\"address\":\"\",\"geo\":{\"@type\":\"GeoCoordinates\",\"latitude\":\"\",\"longitude\":\"\"}},\"description\":\"Z tej okazji, pod batut\u0105 serbskiego dyrygenta Aleksandara Markovi\u0107a, czeski pianista Jan Barto\u0161 wykona m.in. monumentalny utw\u00f3r Tren \u2013 Ofiarom Hiroszimy na 52 smyczki polskiego kompozytora Krzysztofa Pendereckiego, dzi\u0119ki kt\u00f3remu odni\u00f3s\u0142 on \u015bwiatowy sukces.\\n11.04 \/ 19:00 Koszyce, S\u0142owacka Filharmonia Pa\u0144stwowa, Dom Sztuki, Moyzesova 66\\nsfk.sk\"},{\"@type\":\"ImageObject\",\"inLanguage\":\"pl-PL\",\"@id\":\"https:\/\/instytutpolski.pl\/bratislava\/pl\/2024\/03\/27\/wolnosc-i-ucisk-smierc-i-odkupienie\/#primaryimage\",\"url\":\"https:\/\/instytutpolski.pl\/bratislava\/wp-content\/uploads\/sites\/13\/2024\/03\/penderecki-sfk.png\",\"contentUrl\":\"https:\/\/instytutpolski.pl\/bratislava\/wp-content\/uploads\/sites\/13\/2024\/03\/penderecki-sfk.png\",\"width\":2723,\"height\":1518},{\"@type\":\"BreadcrumbList\",\"@id\":\"https:\/\/instytutpolski.pl\/bratislava\/pl\/2024\/03\/27\/wolnosc-i-ucisk-smierc-i-odkupienie\/#breadcrumb\",\"itemListElement\":[{\"@type\":\"ListItem\",\"position\":1,\"name\":\"Home\",\"item\":\"https:\/\/instytutpolski.pl\/bratislava\/\"},{\"@type\":\"ListItem\",\"position\":2,\"name\":\"Wolno\u015b\u0107 i ucisk \u2013 \u015bmier\u0107 i odkupienie\"}]},{\"@type\":\"WebSite\",\"@id\":\"https:\/\/instytutpolski.pl\/bratislava\/#website\",\"url\":\"https:\/\/instytutpolski.pl\/bratislava\/\",\"name\":\"Instytut Polski w Bratys\u0142awie\",\"description\":\"Instytuty Polskie\",\"potentialAction\":[{\"@type\":\"SearchAction\",\"target\":{\"@type\":\"EntryPoint\",\"urlTemplate\":\"https:\/\/instytutpolski.pl\/bratislava\/?s={search_term_string}\"},\"query-input\":{\"@type\":\"PropertyValueSpecification\",\"valueRequired\":true,\"valueName\":\"search_term_string\"}}],\"inLanguage\":\"pl-PL\"},{\"@type\":\"Person\",\"@id\":\"https:\/\/instytutpolski.pl\/bratislava\/#\/schema\/person\/9ec657f865a156712552ca9f0ad27720\",\"name\":\"kyselm\",\"image\":{\"@type\":\"ImageObject\",\"inLanguage\":\"pl-PL\",\"@id\":\"https:\/\/instytutpolski.pl\/bratislava\/#\/schema\/person\/image\/\",\"url\":\"https:\/\/secure.gravatar.com\/avatar\/ba96f7f4a6104a2e2f0328f9863f506d?s=96&d=mm&r=g\",\"contentUrl\":\"https:\/\/secure.gravatar.com\/avatar\/ba96f7f4a6104a2e2f0328f9863f506d?s=96&d=mm&r=g\",\"caption\":\"kyselm\"},\"url\":\"https:\/\/instytutpolski.pl\/bratislava\/author\/kyselm\/\"}]}<\/script>\n<!-- \/ Yoast SEO plugin. -->","yoast_head_json":{"title":"Wolno\u015b\u0107 i ucisk \u2013 \u015bmier\u0107 i odkupienie - Instytut Polski w Bratys\u0142awie","robots":{"index":"index","follow":"follow","max-snippet":"max-snippet:-1","max-image-preview":"max-image-preview:large","max-video-preview":"max-video-preview:-1"},"canonical":"https:\/\/instytutpolski.pl\/bratislava\/pl\/2024\/03\/27\/wolnosc-i-ucisk-smierc-i-odkupienie\/","og_locale":"pl_PL","og_type":"article","og_title":"Wolno\u015b\u0107 i ucisk \u2013 \u015bmier\u0107 i odkupienie - Instytut Polski w Bratys\u0142awie","og_description":"Z tej okazji, pod batut\u0105 serbskiego dyrygenta Aleksandara Markovi\u0107a, czeski pianista Jan Barto\u0161 wykona m.in. monumentalny utw\u00f3r Tren \u2013 Ofiarom Hiroszimy na 52 smyczki polskiego kompozytora Krzysztofa Pendereckiego, dzi\u0119ki kt\u00f3remu odni\u00f3s\u0142 on \u015bwiatowy sukces. 11.04 \/ 19:00 Koszyce, S\u0142owacka Filharmonia Pa\u0144stwowa, Dom Sztuki, Moyzesova 66 sfk.sk","og_url":"https:\/\/instytutpolski.pl\/bratislava\/pl\/2024\/03\/27\/wolnosc-i-ucisk-smierc-i-odkupienie\/","og_site_name":"Instytut Polski w Bratys\u0142awie","article_published_time":"2024-03-27T09:29:03+00:00","article_modified_time":"2024-03-28T08:40:11+00:00","og_image":[{"width":1024,"height":571,"url":"https:\/\/instytutpolski.pl\/bratislava\/wp-content\/uploads\/sites\/13\/2024\/03\/penderecki-sfk-1024x571.png","type":"image\/png"}],"author":"kyselm","twitter_card":"summary_large_image","twitter_misc":{"Napisane przez":"kyselm","Szacowany czas czytania":"1 minuta"},"schema":{"@context":"https:\/\/schema.org","@graph":[{"@type":"event","@id":"https:\/\/instytutpolski.pl\/bratislava\/pl\/2024\/03\/27\/wolnosc-i-ucisk-smierc-i-odkupienie\/","url":"https:\/\/instytutpolski.pl\/bratislava\/pl\/2024\/03\/27\/wolnosc-i-ucisk-smierc-i-odkupienie\/","name":"Wolno\u015b\u0107 i ucisk \u2013 \u015bmier\u0107 i odkupienie","isPartOf":{"@id":"https:\/\/instytutpolski.pl\/bratislava\/#website"},"primaryImageOfPage":{"@id":"https:\/\/instytutpolski.pl\/bratislava\/pl\/2024\/03\/27\/wolnosc-i-ucisk-smierc-i-odkupienie\/#primaryimage"},"image":["https:\/\/instytutpolski.pl\/bratislava\/wp-content\/uploads\/sites\/13\/2024\/03\/penderecki-sfk.png","https:\/\/instytutpolski.pl\/bratislava\/wp-content\/uploads\/sites\/13\/2024\/03\/penderecki-sfk-300x167.png","https:\/\/instytutpolski.pl\/bratislava\/wp-content\/uploads\/sites\/13\/2024\/03\/penderecki-sfk-1024x571.png","https:\/\/instytutpolski.pl\/bratislava\/wp-content\/uploads\/sites\/13\/2024\/03\/penderecki-sfk.png"],"thumbnailUrl":"https:\/\/instytutpolski.pl\/bratislava\/wp-content\/uploads\/sites\/13\/2024\/03\/penderecki-sfk.png","datePublished":"2024-03-27T09:29:03+02:00","dateModified":"2024-03-28T08:40:11+02:00","author":{"@id":"https:\/\/instytutpolski.pl\/bratislava\/#\/schema\/person\/9ec657f865a156712552ca9f0ad27720"},"breadcrumb":{"@id":"https:\/\/instytutpolski.pl\/bratislava\/pl\/2024\/03\/27\/wolnosc-i-ucisk-smierc-i-odkupienie\/#breadcrumb"},"inLanguage":"pl-PL","potentialAction":[{"@type":"ReadAction","target":["https:\/\/instytutpolski.pl\/bratislava\/pl\/2024\/03\/27\/wolnosc-i-ucisk-smierc-i-odkupienie\/"]}],"@context":"https:\/\/schema.org","startDate":"2024-04-11","endDate":"2024-04-11","eventStatus":"EventScheduled","eventAttendanceMode":"OfflineEventAttendanceMode","location":{"@type":"place","name":"","address":"","geo":{"@type":"GeoCoordinates","latitude":"","longitude":""}},"description":"Z tej okazji, pod batut\u0105 serbskiego dyrygenta Aleksandara Markovi\u0107a, czeski pianista Jan Barto\u0161 wykona m.in. monumentalny utw\u00f3r Tren \u2013 Ofiarom Hiroszimy na 52 smyczki polskiego kompozytora Krzysztofa Pendereckiego, dzi\u0119ki kt\u00f3remu odni\u00f3s\u0142 on \u015bwiatowy sukces.\n11.04 \/ 19:00 Koszyce, S\u0142owacka Filharmonia Pa\u0144stwowa, Dom Sztuki, Moyzesova 66\nsfk.sk"},{"@type":"ImageObject","inLanguage":"pl-PL","@id":"https:\/\/instytutpolski.pl\/bratislava\/pl\/2024\/03\/27\/wolnosc-i-ucisk-smierc-i-odkupienie\/#primaryimage","url":"https:\/\/instytutpolski.pl\/bratislava\/wp-content\/uploads\/sites\/13\/2024\/03\/penderecki-sfk.png","contentUrl":"https:\/\/instytutpolski.pl\/bratislava\/wp-content\/uploads\/sites\/13\/2024\/03\/penderecki-sfk.png","width":2723,"height":1518},{"@type":"BreadcrumbList","@id":"https:\/\/instytutpolski.pl\/bratislava\/pl\/2024\/03\/27\/wolnosc-i-ucisk-smierc-i-odkupienie\/#breadcrumb","itemListElement":[{"@type":"ListItem","position":1,"name":"Home","item":"https:\/\/instytutpolski.pl\/bratislava\/"},{"@type":"ListItem","position":2,"name":"Wolno\u015b\u0107 i ucisk \u2013 \u015bmier\u0107 i odkupienie"}]},{"@type":"WebSite","@id":"https:\/\/instytutpolski.pl\/bratislava\/#website","url":"https:\/\/instytutpolski.pl\/bratislava\/","name":"Instytut Polski w Bratys\u0142awie","description":"Instytuty Polskie","potentialAction":[{"@type":"SearchAction","target":{"@type":"EntryPoint","urlTemplate":"https:\/\/instytutpolski.pl\/bratislava\/?s={search_term_string}"},"query-input":{"@type":"PropertyValueSpecification","valueRequired":true,"valueName":"search_term_string"}}],"inLanguage":"pl-PL"},{"@type":"Person","@id":"https:\/\/instytutpolski.pl\/bratislava\/#\/schema\/person\/9ec657f865a156712552ca9f0ad27720","name":"kyselm","image":{"@type":"ImageObject","inLanguage":"pl-PL","@id":"https:\/\/instytutpolski.pl\/bratislava\/#\/schema\/person\/image\/","url":"https:\/\/secure.gravatar.com\/avatar\/ba96f7f4a6104a2e2f0328f9863f506d?s=96&d=mm&r=g","contentUrl":"https:\/\/secure.gravatar.com\/avatar\/ba96f7f4a6104a2e2f0328f9863f506d?s=96&d=mm&r=g","caption":"kyselm"},"url":"https:\/\/instytutpolski.pl\/bratislava\/author\/kyselm\/"}]}},"_links":{"self":[{"href":"https:\/\/instytutpolski.pl\/bratislava\/wp-json\/wp\/v2\/posts\/7261","targetHints":{"allow":["GET"]}}],"collection":[{"href":"https:\/\/instytutpolski.pl\/bratislava\/wp-json\/wp\/v2\/posts"}],"about":[{"href":"https:\/\/instytutpolski.pl\/bratislava\/wp-json\/wp\/v2\/types\/post"}],"author":[{"embeddable":true,"href":"https:\/\/instytutpolski.pl\/bratislava\/wp-json\/wp\/v2\/users\/116"}],"replies":[{"embeddable":true,"href":"https:\/\/instytutpolski.pl\/bratislava\/wp-json\/wp\/v2\/comments?post=7261"}],"version-history":[{"count":2,"href":"https:\/\/instytutpolski.pl\/bratislava\/wp-json\/wp\/v2\/posts\/7261\/revisions"}],"predecessor-version":[{"id":7263,"href":"https:\/\/instytutpolski.pl\/bratislava\/wp-json\/wp\/v2\/posts\/7261\/revisions\/7263"}],"wp:featuredmedia":[{"embeddable":true,"href":"https:\/\/instytutpolski.pl\/bratislava\/wp-json\/wp\/v2\/media\/7205"}],"wp:attachment":[{"href":"https:\/\/instytutpolski.pl\/bratislava\/wp-json\/wp\/v2\/media?parent=7261"}],"wp:term":[{"taxonomy":"category","embeddable":true,"href":"https:\/\/instytutpolski.pl\/bratislava\/wp-json\/wp\/v2\/categories?post=7261"},{"taxonomy":"post_tag","embeddable":true,"href":"https:\/\/instytutpolski.pl\/bratislava\/wp-json\/wp\/v2\/tags?post=7261"}],"curies":[{"name":"wp","href":"https:\/\/api.w.org\/{rel}","templated":true}]}}