{"id":7544,"date":"2024-07-01T09:56:26","date_gmt":"2024-07-01T07:56:26","guid":{"rendered":"https:\/\/instytutpolski.pl\/bratislava\/?p=7544"},"modified":"2024-07-01T09:56:27","modified_gmt":"2024-07-01T07:56:27","slug":"salom-alejchem-di-galitzyaner-klezmorim","status":"publish","type":"post","link":"https:\/\/instytutpolski.pl\/bratislava\/2024\/07\/01\/salom-alejchem-di-galitzyaner-klezmorim\/","title":{"rendered":"\u0160alom alejchem: Di Galitzyaner Klezmorim"},"content":{"rendered":"\n<p>Tento rok sa na festivale predstav\u00ed uzn\u00e1van\u00fd po\u013esk\u00fd klezmer s\u00fabor z\u00a0Krakova <strong>Di Galitzyaner Klezmorim<\/strong>. Skupina hr\u00e1va tradi\u010dn\u00fa klezmer hudbu s typick\u00fdmi n\u00e1strojmi. Jej n\u00e1zov poch\u00e1dza z jidi\u0161 a znamen\u00e1 \u201eHr\u00e1\u010di (kr\u010dmy) Gal\u00edcie\u201c. Okrem star\u00fdch \u017eidovsk\u00fdch mel\u00f3di\u00ed hraj\u00fa aj vlastn\u00e9 skladby, ktor\u00e9 s\u00fa \u010diasto\u010dne in\u0161pirovan\u00e9 po\u013esk\u00fdmi skladbami. Hudobn\u00fa skupinu zalo\u017eili v roku 1996 traja \u0161tudenti hudby, od roku 1998 p\u00f4sobia v rovnakej zostave: <strong>Mariola \u015apiewak<\/strong> (klarinet), <strong>Grzegorz \u015apiewak<\/strong> (akorde\u00f3n) a <strong>Rafa\u0142 Seweryniak<\/strong> (kontrabas).<\/p>\n\n\n\n<p><strong>4. 8. \/ 19:00<\/strong> <strong>Pre\u0161ov<\/strong>, <strong>Dvorana Evanjelick\u00e9ho kol\u00e9gia<\/strong><\/p>\n\n\n\n<p><em><a href=\"http:\/\/salomalejchem.sk\">salomalejchem.sk<\/a><\/em><\/p>\n","protected":false},"excerpt":{"rendered":"<p>Tento rok sa na festivale predstav\u00ed uzn\u00e1van\u00fd po\u013esk\u00fd klezmer s\u00fabor z\u00a0Krakova Di Galitzyaner Klezmorim. Skupina hr\u00e1va tradi\u010dn\u00fa klezmer hudbu s typick\u00fdmi n\u00e1strojmi. Jej n\u00e1zov poch\u00e1dza z jidi\u0161 a znamen\u00e1 \u201eHr\u00e1\u010di (kr\u010dmy) Gal\u00edcie\u201c. Okrem star\u00fdch \u017eidovsk\u00fdch mel\u00f3di\u00ed hraj\u00fa aj vlastn\u00e9 skladby, ktor\u00e9 s\u00fa \u010diasto\u010dne in\u0161pirovan\u00e9 po\u013esk\u00fdmi skladbami. Hudobn\u00fa skupinu zalo\u017eili v roku 1996 traja \u0161tudenti hudby, [&hellip;]<\/p>\n","protected":false},"author":116,"featured_media":7580,"comment_status":"open","ping_status":"open","sticky":false,"template":"","format":"standard","meta":{"inline_featured_image":false,"_monsterinsights_skip_tracking":false,"_monsterinsights_sitenote_active":false,"_monsterinsights_sitenote_note":"","_monsterinsights_sitenote_category":0,"footnotes":""},"categories":[38],"tags":[],"class_list":["post-7544","post","type-post","status-publish","format-standard","has-post-thumbnail","hentry","category-hudba"],"yoast_head":"<!-- This site is optimized with the Yoast SEO plugin v24.6 - https:\/\/yoast.com\/wordpress\/plugins\/seo\/ -->\n<title>\u0160alom alejchem: Di Galitzyaner Klezmorim - Instytut Polski w Bratys\u0142awie<\/title>\n<meta name=\"robots\" content=\"index, follow, max-snippet:-1, max-image-preview:large, max-video-preview:-1\" \/>\n<link rel=\"canonical\" href=\"https:\/\/instytutpolski.pl\/bratislava\/2024\/07\/01\/salom-alejchem-di-galitzyaner-klezmorim\/\" \/>\n<meta property=\"og:locale\" content=\"pl_PL\" \/>\n<meta property=\"og:type\" content=\"article\" \/>\n<meta property=\"og:title\" content=\"\u0160alom alejchem: Di Galitzyaner Klezmorim - Instytut Polski w Bratys\u0142awie\" \/>\n<meta property=\"og:description\" content=\"Tento rok sa na festivale predstav\u00ed uzn\u00e1van\u00fd po\u013esk\u00fd klezmer s\u00fabor z\u00a0Krakova Di Galitzyaner Klezmorim. Skupina hr\u00e1va tradi\u010dn\u00fa klezmer hudbu s typick\u00fdmi n\u00e1strojmi. Jej n\u00e1zov poch\u00e1dza z jidi\u0161 a znamen\u00e1 \u201eHr\u00e1\u010di (kr\u010dmy) Gal\u00edcie\u201c. Okrem star\u00fdch \u017eidovsk\u00fdch mel\u00f3di\u00ed hraj\u00fa aj vlastn\u00e9 skladby, ktor\u00e9 s\u00fa \u010diasto\u010dne in\u0161pirovan\u00e9 po\u013esk\u00fdmi skladbami. Hudobn\u00fa skupinu zalo\u017eili v roku 1996 traja \u0161tudenti hudby, [&hellip;]\" \/>\n<meta property=\"og:url\" content=\"https:\/\/instytutpolski.pl\/bratislava\/2024\/07\/01\/salom-alejchem-di-galitzyaner-klezmorim\/\" \/>\n<meta property=\"og:site_name\" content=\"Instytut Polski w Bratys\u0142awie\" \/>\n<meta property=\"article:published_time\" content=\"2024-07-01T07:56:26+00:00\" \/>\n<meta property=\"article:modified_time\" content=\"2024-07-01T07:56:27+00:00\" \/>\n<meta property=\"og:image\" content=\"https:\/\/instytutpolski.pl\/bratislava\/wp-content\/uploads\/sites\/13\/2024\/07\/439805095_122139603596099843_3638308581863141024_n.jpg\" \/>\n\t<meta property=\"og:image:width\" content=\"2048\" \/>\n\t<meta property=\"og:image:height\" content=\"1738\" \/>\n\t<meta property=\"og:image:type\" content=\"image\/jpeg\" \/>\n<meta name=\"author\" content=\"kyselm\" \/>\n<meta name=\"twitter:card\" content=\"summary_large_image\" \/>\n<meta name=\"twitter:label1\" content=\"Napisane przez\" \/>\n\t<meta name=\"twitter:data1\" content=\"kyselm\" \/>\n\t<meta name=\"twitter:label2\" content=\"Szacowany czas czytania\" \/>\n\t<meta name=\"twitter:data2\" content=\"1 minuta\" \/>\n<script type=\"application\/ld+json\" class=\"yoast-schema-graph\">{\"@context\":\"https:\/\/schema.org\",\"@graph\":[{\"@type\":\"event\",\"@id\":\"https:\/\/instytutpolski.pl\/bratislava\/2024\/07\/01\/salom-alejchem-di-galitzyaner-klezmorim\/\",\"url\":\"https:\/\/instytutpolski.pl\/bratislava\/2024\/07\/01\/salom-alejchem-di-galitzyaner-klezmorim\/\",\"name\":\"\u0160alom alejchem: Di Galitzyaner Klezmorim\",\"isPartOf\":{\"@id\":\"https:\/\/instytutpolski.pl\/bratislava\/#website\"},\"primaryImageOfPage\":{\"@id\":\"https:\/\/instytutpolski.pl\/bratislava\/2024\/07\/01\/salom-alejchem-di-galitzyaner-klezmorim\/#primaryimage\"},\"image\":[\"https:\/\/instytutpolski.pl\/bratislava\/wp-content\/uploads\/sites\/13\/2024\/07\/439805095_122139603596099843_3638308581863141024_n.jpg\",\"https:\/\/instytutpolski.pl\/bratislava\/wp-content\/uploads\/sites\/13\/2024\/07\/439805095_122139603596099843_3638308581863141024_n-300x255.jpg\",\"https:\/\/instytutpolski.pl\/bratislava\/wp-content\/uploads\/sites\/13\/2024\/07\/439805095_122139603596099843_3638308581863141024_n-1024x869.jpg\",\"https:\/\/instytutpolski.pl\/bratislava\/wp-content\/uploads\/sites\/13\/2024\/07\/439805095_122139603596099843_3638308581863141024_n.jpg\"],\"thumbnailUrl\":\"https:\/\/instytutpolski.pl\/bratislava\/wp-content\/uploads\/sites\/13\/2024\/07\/439805095_122139603596099843_3638308581863141024_n.jpg\",\"datePublished\":\"2024-07-01T07:56:26+02:00\",\"dateModified\":\"2024-07-01T07:56:27+02:00\",\"author\":{\"@id\":\"https:\/\/instytutpolski.pl\/bratislava\/#\/schema\/person\/9ec657f865a156712552ca9f0ad27720\"},\"breadcrumb\":{\"@id\":\"https:\/\/instytutpolski.pl\/bratislava\/2024\/07\/01\/salom-alejchem-di-galitzyaner-klezmorim\/#breadcrumb\"},\"inLanguage\":\"pl-PL\",\"potentialAction\":[{\"@type\":\"ReadAction\",\"target\":[\"https:\/\/instytutpolski.pl\/bratislava\/2024\/07\/01\/salom-alejchem-di-galitzyaner-klezmorim\/\"]}],\"@context\":\"https:\/\/schema.org\",\"startDate\":\"2024-08-04\",\"endDate\":\"2024-08-04\",\"eventStatus\":\"EventScheduled\",\"eventAttendanceMode\":\"OfflineEventAttendanceMode\",\"location\":{\"@type\":\"place\",\"name\":\"\",\"address\":\"\",\"geo\":{\"@type\":\"GeoCoordinates\",\"latitude\":\"\",\"longitude\":\"\"}},\"description\":\"Tento rok sa na festivale predstav\u00ed uzn\u00e1van\u00fd po\u013esk\u00fd klezmer s\u00fabor z\u00a0Krakova Di Galitzyaner Klezmorim. Skupina hr\u00e1va tradi\u010dn\u00fa klezmer hudbu s typick\u00fdmi n\u00e1strojmi. Jej n\u00e1zov poch\u00e1dza z jidi\u0161 a znamen\u00e1 \u201eHr\u00e1\u010di (kr\u010dmy) Gal\u00edcie\u201c. Okrem star\u00fdch \u017eidovsk\u00fdch mel\u00f3di\u00ed hraj\u00fa aj vlastn\u00e9 skladby, ktor\u00e9 s\u00fa \u010diasto\u010dne in\u0161pirovan\u00e9 po\u013esk\u00fdmi skladbami. Hudobn\u00fa skupinu zalo\u017eili v roku 1996 traja \u0161tudenti hudby, od roku 1998 p\u00f4sobia v rovnakej zostave: Mariola \u015apiewak (klarinet), Grzegorz \u015apiewak (akorde\u00f3n) a Rafa\u0142 Seweryniak (kontrabas).\\n4. 8. \/ 19:00 Pre\u0161ov, Dvorana Evanjelick\u00e9ho kol\u00e9gia\\nsalomalejchem.sk\"},{\"@type\":\"ImageObject\",\"inLanguage\":\"pl-PL\",\"@id\":\"https:\/\/instytutpolski.pl\/bratislava\/2024\/07\/01\/salom-alejchem-di-galitzyaner-klezmorim\/#primaryimage\",\"url\":\"https:\/\/instytutpolski.pl\/bratislava\/wp-content\/uploads\/sites\/13\/2024\/07\/439805095_122139603596099843_3638308581863141024_n.jpg\",\"contentUrl\":\"https:\/\/instytutpolski.pl\/bratislava\/wp-content\/uploads\/sites\/13\/2024\/07\/439805095_122139603596099843_3638308581863141024_n.jpg\",\"width\":2048,\"height\":1738},{\"@type\":\"BreadcrumbList\",\"@id\":\"https:\/\/instytutpolski.pl\/bratislava\/2024\/07\/01\/salom-alejchem-di-galitzyaner-klezmorim\/#breadcrumb\",\"itemListElement\":[{\"@type\":\"ListItem\",\"position\":1,\"name\":\"Home\",\"item\":\"https:\/\/instytutpolski.pl\/bratislava\/\"},{\"@type\":\"ListItem\",\"position\":2,\"name\":\"\u0160alom alejchem: Di Galitzyaner Klezmorim\"}]},{\"@type\":\"WebSite\",\"@id\":\"https:\/\/instytutpolski.pl\/bratislava\/#website\",\"url\":\"https:\/\/instytutpolski.pl\/bratislava\/\",\"name\":\"Instytut Polski w Bratys\u0142awie\",\"description\":\"Instytuty Polskie\",\"potentialAction\":[{\"@type\":\"SearchAction\",\"target\":{\"@type\":\"EntryPoint\",\"urlTemplate\":\"https:\/\/instytutpolski.pl\/bratislava\/?s={search_term_string}\"},\"query-input\":{\"@type\":\"PropertyValueSpecification\",\"valueRequired\":true,\"valueName\":\"search_term_string\"}}],\"inLanguage\":\"pl-PL\"},{\"@type\":\"Person\",\"@id\":\"https:\/\/instytutpolski.pl\/bratislava\/#\/schema\/person\/9ec657f865a156712552ca9f0ad27720\",\"name\":\"kyselm\",\"image\":{\"@type\":\"ImageObject\",\"inLanguage\":\"pl-PL\",\"@id\":\"https:\/\/instytutpolski.pl\/bratislava\/#\/schema\/person\/image\/\",\"url\":\"https:\/\/secure.gravatar.com\/avatar\/ba96f7f4a6104a2e2f0328f9863f506d?s=96&d=mm&r=g\",\"contentUrl\":\"https:\/\/secure.gravatar.com\/avatar\/ba96f7f4a6104a2e2f0328f9863f506d?s=96&d=mm&r=g\",\"caption\":\"kyselm\"},\"url\":\"https:\/\/instytutpolski.pl\/bratislava\/author\/kyselm\/\"}]}<\/script>\n<!-- \/ Yoast SEO plugin. -->","yoast_head_json":{"title":"\u0160alom alejchem: Di Galitzyaner Klezmorim - Instytut Polski w Bratys\u0142awie","robots":{"index":"index","follow":"follow","max-snippet":"max-snippet:-1","max-image-preview":"max-image-preview:large","max-video-preview":"max-video-preview:-1"},"canonical":"https:\/\/instytutpolski.pl\/bratislava\/2024\/07\/01\/salom-alejchem-di-galitzyaner-klezmorim\/","og_locale":"pl_PL","og_type":"article","og_title":"\u0160alom alejchem: Di Galitzyaner Klezmorim - Instytut Polski w Bratys\u0142awie","og_description":"Tento rok sa na festivale predstav\u00ed uzn\u00e1van\u00fd po\u013esk\u00fd klezmer s\u00fabor z\u00a0Krakova Di Galitzyaner Klezmorim. Skupina hr\u00e1va tradi\u010dn\u00fa klezmer hudbu s typick\u00fdmi n\u00e1strojmi. Jej n\u00e1zov poch\u00e1dza z jidi\u0161 a znamen\u00e1 \u201eHr\u00e1\u010di (kr\u010dmy) Gal\u00edcie\u201c. Okrem star\u00fdch \u017eidovsk\u00fdch mel\u00f3di\u00ed hraj\u00fa aj vlastn\u00e9 skladby, ktor\u00e9 s\u00fa \u010diasto\u010dne in\u0161pirovan\u00e9 po\u013esk\u00fdmi skladbami. Hudobn\u00fa skupinu zalo\u017eili v roku 1996 traja \u0161tudenti hudby, [&hellip;]","og_url":"https:\/\/instytutpolski.pl\/bratislava\/2024\/07\/01\/salom-alejchem-di-galitzyaner-klezmorim\/","og_site_name":"Instytut Polski w Bratys\u0142awie","article_published_time":"2024-07-01T07:56:26+00:00","article_modified_time":"2024-07-01T07:56:27+00:00","og_image":[{"width":2048,"height":1738,"url":"https:\/\/instytutpolski.pl\/bratislava\/wp-content\/uploads\/sites\/13\/2024\/07\/439805095_122139603596099843_3638308581863141024_n.jpg","type":"image\/jpeg"}],"author":"kyselm","twitter_card":"summary_large_image","twitter_misc":{"Napisane przez":"kyselm","Szacowany czas czytania":"1 minuta"},"schema":{"@context":"https:\/\/schema.org","@graph":[{"@type":"event","@id":"https:\/\/instytutpolski.pl\/bratislava\/2024\/07\/01\/salom-alejchem-di-galitzyaner-klezmorim\/","url":"https:\/\/instytutpolski.pl\/bratislava\/2024\/07\/01\/salom-alejchem-di-galitzyaner-klezmorim\/","name":"\u0160alom alejchem: Di Galitzyaner Klezmorim","isPartOf":{"@id":"https:\/\/instytutpolski.pl\/bratislava\/#website"},"primaryImageOfPage":{"@id":"https:\/\/instytutpolski.pl\/bratislava\/2024\/07\/01\/salom-alejchem-di-galitzyaner-klezmorim\/#primaryimage"},"image":["https:\/\/instytutpolski.pl\/bratislava\/wp-content\/uploads\/sites\/13\/2024\/07\/439805095_122139603596099843_3638308581863141024_n.jpg","https:\/\/instytutpolski.pl\/bratislava\/wp-content\/uploads\/sites\/13\/2024\/07\/439805095_122139603596099843_3638308581863141024_n-300x255.jpg","https:\/\/instytutpolski.pl\/bratislava\/wp-content\/uploads\/sites\/13\/2024\/07\/439805095_122139603596099843_3638308581863141024_n-1024x869.jpg","https:\/\/instytutpolski.pl\/bratislava\/wp-content\/uploads\/sites\/13\/2024\/07\/439805095_122139603596099843_3638308581863141024_n.jpg"],"thumbnailUrl":"https:\/\/instytutpolski.pl\/bratislava\/wp-content\/uploads\/sites\/13\/2024\/07\/439805095_122139603596099843_3638308581863141024_n.jpg","datePublished":"2024-07-01T07:56:26+02:00","dateModified":"2024-07-01T07:56:27+02:00","author":{"@id":"https:\/\/instytutpolski.pl\/bratislava\/#\/schema\/person\/9ec657f865a156712552ca9f0ad27720"},"breadcrumb":{"@id":"https:\/\/instytutpolski.pl\/bratislava\/2024\/07\/01\/salom-alejchem-di-galitzyaner-klezmorim\/#breadcrumb"},"inLanguage":"pl-PL","potentialAction":[{"@type":"ReadAction","target":["https:\/\/instytutpolski.pl\/bratislava\/2024\/07\/01\/salom-alejchem-di-galitzyaner-klezmorim\/"]}],"@context":"https:\/\/schema.org","startDate":"2024-08-04","endDate":"2024-08-04","eventStatus":"EventScheduled","eventAttendanceMode":"OfflineEventAttendanceMode","location":{"@type":"place","name":"","address":"","geo":{"@type":"GeoCoordinates","latitude":"","longitude":""}},"description":"Tento rok sa na festivale predstav\u00ed uzn\u00e1van\u00fd po\u013esk\u00fd klezmer s\u00fabor z\u00a0Krakova Di Galitzyaner Klezmorim. Skupina hr\u00e1va tradi\u010dn\u00fa klezmer hudbu s typick\u00fdmi n\u00e1strojmi. Jej n\u00e1zov poch\u00e1dza z jidi\u0161 a znamen\u00e1 \u201eHr\u00e1\u010di (kr\u010dmy) Gal\u00edcie\u201c. Okrem star\u00fdch \u017eidovsk\u00fdch mel\u00f3di\u00ed hraj\u00fa aj vlastn\u00e9 skladby, ktor\u00e9 s\u00fa \u010diasto\u010dne in\u0161pirovan\u00e9 po\u013esk\u00fdmi skladbami. Hudobn\u00fa skupinu zalo\u017eili v roku 1996 traja \u0161tudenti hudby, od roku 1998 p\u00f4sobia v rovnakej zostave: Mariola \u015apiewak (klarinet), Grzegorz \u015apiewak (akorde\u00f3n) a Rafa\u0142 Seweryniak (kontrabas).\n4. 8. \/ 19:00 Pre\u0161ov, Dvorana Evanjelick\u00e9ho kol\u00e9gia\nsalomalejchem.sk"},{"@type":"ImageObject","inLanguage":"pl-PL","@id":"https:\/\/instytutpolski.pl\/bratislava\/2024\/07\/01\/salom-alejchem-di-galitzyaner-klezmorim\/#primaryimage","url":"https:\/\/instytutpolski.pl\/bratislava\/wp-content\/uploads\/sites\/13\/2024\/07\/439805095_122139603596099843_3638308581863141024_n.jpg","contentUrl":"https:\/\/instytutpolski.pl\/bratislava\/wp-content\/uploads\/sites\/13\/2024\/07\/439805095_122139603596099843_3638308581863141024_n.jpg","width":2048,"height":1738},{"@type":"BreadcrumbList","@id":"https:\/\/instytutpolski.pl\/bratislava\/2024\/07\/01\/salom-alejchem-di-galitzyaner-klezmorim\/#breadcrumb","itemListElement":[{"@type":"ListItem","position":1,"name":"Home","item":"https:\/\/instytutpolski.pl\/bratislava\/"},{"@type":"ListItem","position":2,"name":"\u0160alom alejchem: Di Galitzyaner Klezmorim"}]},{"@type":"WebSite","@id":"https:\/\/instytutpolski.pl\/bratislava\/#website","url":"https:\/\/instytutpolski.pl\/bratislava\/","name":"Instytut Polski w Bratys\u0142awie","description":"Instytuty Polskie","potentialAction":[{"@type":"SearchAction","target":{"@type":"EntryPoint","urlTemplate":"https:\/\/instytutpolski.pl\/bratislava\/?s={search_term_string}"},"query-input":{"@type":"PropertyValueSpecification","valueRequired":true,"valueName":"search_term_string"}}],"inLanguage":"pl-PL"},{"@type":"Person","@id":"https:\/\/instytutpolski.pl\/bratislava\/#\/schema\/person\/9ec657f865a156712552ca9f0ad27720","name":"kyselm","image":{"@type":"ImageObject","inLanguage":"pl-PL","@id":"https:\/\/instytutpolski.pl\/bratislava\/#\/schema\/person\/image\/","url":"https:\/\/secure.gravatar.com\/avatar\/ba96f7f4a6104a2e2f0328f9863f506d?s=96&d=mm&r=g","contentUrl":"https:\/\/secure.gravatar.com\/avatar\/ba96f7f4a6104a2e2f0328f9863f506d?s=96&d=mm&r=g","caption":"kyselm"},"url":"https:\/\/instytutpolski.pl\/bratislava\/author\/kyselm\/"}]}},"_links":{"self":[{"href":"https:\/\/instytutpolski.pl\/bratislava\/wp-json\/wp\/v2\/posts\/7544","targetHints":{"allow":["GET"]}}],"collection":[{"href":"https:\/\/instytutpolski.pl\/bratislava\/wp-json\/wp\/v2\/posts"}],"about":[{"href":"https:\/\/instytutpolski.pl\/bratislava\/wp-json\/wp\/v2\/types\/post"}],"author":[{"embeddable":true,"href":"https:\/\/instytutpolski.pl\/bratislava\/wp-json\/wp\/v2\/users\/116"}],"replies":[{"embeddable":true,"href":"https:\/\/instytutpolski.pl\/bratislava\/wp-json\/wp\/v2\/comments?post=7544"}],"version-history":[{"count":2,"href":"https:\/\/instytutpolski.pl\/bratislava\/wp-json\/wp\/v2\/posts\/7544\/revisions"}],"predecessor-version":[{"id":7597,"href":"https:\/\/instytutpolski.pl\/bratislava\/wp-json\/wp\/v2\/posts\/7544\/revisions\/7597"}],"wp:featuredmedia":[{"embeddable":true,"href":"https:\/\/instytutpolski.pl\/bratislava\/wp-json\/wp\/v2\/media\/7580"}],"wp:attachment":[{"href":"https:\/\/instytutpolski.pl\/bratislava\/wp-json\/wp\/v2\/media?parent=7544"}],"wp:term":[{"taxonomy":"category","embeddable":true,"href":"https:\/\/instytutpolski.pl\/bratislava\/wp-json\/wp\/v2\/categories?post=7544"},{"taxonomy":"post_tag","embeddable":true,"href":"https:\/\/instytutpolski.pl\/bratislava\/wp-json\/wp\/v2\/tags?post=7544"}],"curies":[{"name":"wp","href":"https:\/\/api.w.org\/{rel}","templated":true}]}}