{"id":8255,"date":"2025-04-04T12:00:59","date_gmt":"2025-04-04T10:00:59","guid":{"rendered":"https:\/\/instytutpolski.pl\/bratislava\/?p=8255"},"modified":"2025-04-04T12:01:01","modified_gmt":"2025-04-04T10:01:01","slug":"sharpe-festival-2025","status":"publish","type":"post","link":"https:\/\/instytutpolski.pl\/bratislava\/2025\/04\/04\/sharpe-festival-2025\/","title":{"rendered":"Sharpe festival 2025"},"content":{"rendered":"\n<p><strong>Baasch<\/strong><\/p>\n\n\n\n<p>Bartek Schmidt, zn\u00e1my aj ako Baasch, je po\u013esk\u00fd spev\u00e1k, producent,&nbsp;skladate\u013e a&nbsp;laure\u00e1t ceny Fryderyk, ktor\u00fd sp\u00e1ja hlbok\u00e9 elektronick\u00e9 beaty s atmosf\u00e9rick\u00fdmi mel\u00f3diami. Na p\u00f3diu vystupuje s Robertom Alabrudzi\u0144sk\u00fdm a Alekom \u017burowsk\u00fdm, ktor\u00ed na\u017eivo prin\u00e1\u0161aj\u00fa z\u00e1\u017eitok sp\u00e1jaj\u00faci hypnotick\u00fd synth-pop a klubov\u00fa euf\u00f3riu.<\/p>\n\n\n\n<p><strong>Franek Warzywa &amp; M\u0142ody Budda<\/strong><\/p>\n\n\n\n<p>Po\u013esk\u00e9 duo mie\u0161a hyperpop, d\u017eez, punk a absurdn\u00fd humor, pri\u010dom men\u00ed ka\u017edodenn\u00e9 postrehy na ostr\u00e9 a ne\u010dakan\u00e9 piesne. To, \u010do sa za\u010dalo ako spolupr\u00e1ca vizu\u00e1lneho umelca Franka Dra\u017cbu a jazzov\u00e9ho gitaristu Adama Kiepuszewsk\u00e9ho na TikToku, sa rozr\u00e1stlo na plnohodnotn\u00fd projekt, zn\u00e1my energick\u00fdmi vyst\u00fapeniami a surrealistick\u00fdmi vizu\u00e1lmi.<\/p>\n\n\n\n<p><strong>Krenz<\/strong><\/p>\n\n\n\n<p>Krenz je po\u013esk\u00fd basgitarista a producent, ktor\u00fd vych\u00e1dza zo \u017e\u00e1nrov ako jungle, breakcore, illbient a dubstep. Spolupracuje s rapermi a d\u00edd\u017eejmi, \u010do vedie k jedine\u010dn\u00fdm, komunitn\u00fdm projektom a exkluz\u00edvnym skladb\u00e1m na\u017eivo.<\/p>\n\n\n\n<p><strong>Kresy<\/strong><\/p>\n\n\n\n<p>Po\u013esk\u00e1 post-punkov\u00e1 a art-rockov\u00e1 kapela Kresy sa na alternat\u00edvnej sc\u00e9ne pohybuje od roku 2022. Hudobn\u00edci s\u00fa finalistami ankety Gazety Wyborczej Sanki 2023 a r\u00fdchlo si vybudovali poves\u0165 v\u010faka svojmu nepredv\u00eddate\u013en\u00e9mu, vysoko intenz\u00edvnemu zvuku. Tvoria hudbu, ktor\u00e1 je naliehav\u00e1 a z\u00e1rove\u0148 introspekt\u00edvna.<\/p>\n\n\n\n<p>Program koncertov bude zverejnen\u00fd na str\u00e1nke festivalu po\u010das apr\u00edla.<\/p>\n\n\n\n<p><strong>24. \u2013 26. 4. Bratislava<\/strong>, <strong>Nov\u00e1 Cvernovka, Ra\u010dianska 78<\/strong><\/p>\n\n\n\n<p><em><a href=\"http:\/\/sharpe.sk\">sharpe.sk<\/a><\/em><\/p>\n","protected":false},"excerpt":{"rendered":"<p>Baasch Bartek Schmidt, zn\u00e1my aj ako Baasch, je po\u013esk\u00fd spev\u00e1k, producent,&nbsp;skladate\u013e a&nbsp;laure\u00e1t ceny Fryderyk, ktor\u00fd sp\u00e1ja hlbok\u00e9 elektronick\u00e9 beaty s atmosf\u00e9rick\u00fdmi mel\u00f3diami. Na p\u00f3diu vystupuje s Robertom Alabrudzi\u0144sk\u00fdm a Alekom \u017burowsk\u00fdm, ktor\u00ed na\u017eivo prin\u00e1\u0161aj\u00fa z\u00e1\u017eitok sp\u00e1jaj\u00faci hypnotick\u00fd synth-pop a klubov\u00fa euf\u00f3riu. Franek Warzywa &amp; M\u0142ody Budda Po\u013esk\u00e9 duo mie\u0161a hyperpop, d\u017eez, punk a absurdn\u00fd humor, [&hellip;]<\/p>\n","protected":false},"author":116,"featured_media":8283,"comment_status":"open","ping_status":"open","sticky":false,"template":"","format":"standard","meta":{"inline_featured_image":false,"_monsterinsights_skip_tracking":false,"_monsterinsights_sitenote_active":false,"_monsterinsights_sitenote_note":"","_monsterinsights_sitenote_category":0,"footnotes":""},"categories":[38],"tags":[],"class_list":["post-8255","post","type-post","status-publish","format-standard","has-post-thumbnail","hentry","category-hudba"],"yoast_head":"<!-- This site is optimized with the Yoast SEO plugin v24.6 - https:\/\/yoast.com\/wordpress\/plugins\/seo\/ -->\n<title>Sharpe festival 2025 - Instytut Polski w Bratys\u0142awie<\/title>\n<meta name=\"robots\" content=\"index, follow, max-snippet:-1, max-image-preview:large, max-video-preview:-1\" \/>\n<link rel=\"canonical\" href=\"https:\/\/instytutpolski.pl\/bratislava\/2025\/04\/04\/sharpe-festival-2025\/\" \/>\n<meta property=\"og:locale\" content=\"pl_PL\" \/>\n<meta property=\"og:type\" content=\"article\" \/>\n<meta property=\"og:title\" content=\"Sharpe festival 2025 - Instytut Polski w Bratys\u0142awie\" \/>\n<meta property=\"og:description\" content=\"Baasch Bartek Schmidt, zn\u00e1my aj ako Baasch, je po\u013esk\u00fd spev\u00e1k, producent,&nbsp;skladate\u013e a&nbsp;laure\u00e1t ceny Fryderyk, ktor\u00fd sp\u00e1ja hlbok\u00e9 elektronick\u00e9 beaty s atmosf\u00e9rick\u00fdmi mel\u00f3diami. Na p\u00f3diu vystupuje s Robertom Alabrudzi\u0144sk\u00fdm a Alekom \u017burowsk\u00fdm, ktor\u00ed na\u017eivo prin\u00e1\u0161aj\u00fa z\u00e1\u017eitok sp\u00e1jaj\u00faci hypnotick\u00fd synth-pop a klubov\u00fa euf\u00f3riu. Franek Warzywa &amp; M\u0142ody Budda Po\u013esk\u00e9 duo mie\u0161a hyperpop, d\u017eez, punk a absurdn\u00fd humor, [&hellip;]\" \/>\n<meta property=\"og:url\" content=\"https:\/\/instytutpolski.pl\/bratislava\/2025\/04\/04\/sharpe-festival-2025\/\" \/>\n<meta property=\"og:site_name\" content=\"Instytut Polski w Bratys\u0142awie\" \/>\n<meta property=\"article:published_time\" content=\"2025-04-04T10:00:59+00:00\" \/>\n<meta property=\"article:modified_time\" content=\"2025-04-04T10:01:01+00:00\" \/>\n<meta property=\"og:image\" content=\"https:\/\/instytutpolski.pl\/bratislava\/wp-content\/uploads\/sites\/13\/2025\/04\/S25_1920x800.jpg\" \/>\n\t<meta property=\"og:image:width\" content=\"1800\" \/>\n\t<meta property=\"og:image:height\" content=\"750\" \/>\n\t<meta property=\"og:image:type\" content=\"image\/jpeg\" \/>\n<meta name=\"author\" content=\"kyselm\" \/>\n<meta name=\"twitter:card\" content=\"summary_large_image\" \/>\n<meta name=\"twitter:label1\" content=\"Napisane przez\" \/>\n\t<meta name=\"twitter:data1\" content=\"kyselm\" \/>\n\t<meta name=\"twitter:label2\" content=\"Szacowany czas czytania\" \/>\n\t<meta name=\"twitter:data2\" content=\"2 minuty\" \/>\n<script type=\"application\/ld+json\" class=\"yoast-schema-graph\">{\"@context\":\"https:\/\/schema.org\",\"@graph\":[{\"@type\":\"event\",\"@id\":\"https:\/\/instytutpolski.pl\/bratislava\/2025\/04\/04\/sharpe-festival-2025\/\",\"url\":\"https:\/\/instytutpolski.pl\/bratislava\/2025\/04\/04\/sharpe-festival-2025\/\",\"name\":\"Sharpe festival 2025\",\"isPartOf\":{\"@id\":\"https:\/\/instytutpolski.pl\/bratislava\/#website\"},\"primaryImageOfPage\":{\"@id\":\"https:\/\/instytutpolski.pl\/bratislava\/2025\/04\/04\/sharpe-festival-2025\/#primaryimage\"},\"image\":[\"https:\/\/instytutpolski.pl\/bratislava\/wp-content\/uploads\/sites\/13\/2025\/04\/S25_1920x800.jpg\",\"https:\/\/instytutpolski.pl\/bratislava\/wp-content\/uploads\/sites\/13\/2025\/04\/S25_1920x800-300x125.jpg\",\"https:\/\/instytutpolski.pl\/bratislava\/wp-content\/uploads\/sites\/13\/2025\/04\/S25_1920x800-1024x427.jpg\",\"https:\/\/instytutpolski.pl\/bratislava\/wp-content\/uploads\/sites\/13\/2025\/04\/S25_1920x800.jpg\"],\"thumbnailUrl\":\"https:\/\/instytutpolski.pl\/bratislava\/wp-content\/uploads\/sites\/13\/2025\/04\/S25_1920x800.jpg\",\"datePublished\":\"2025-04-04T10:00:59+02:00\",\"dateModified\":\"2025-04-04T10:01:01+02:00\",\"author\":{\"@id\":\"https:\/\/instytutpolski.pl\/bratislava\/#\/schema\/person\/9ec657f865a156712552ca9f0ad27720\"},\"breadcrumb\":{\"@id\":\"https:\/\/instytutpolski.pl\/bratislava\/2025\/04\/04\/sharpe-festival-2025\/#breadcrumb\"},\"inLanguage\":\"pl-PL\",\"potentialAction\":[{\"@type\":\"ReadAction\",\"target\":[\"https:\/\/instytutpolski.pl\/bratislava\/2025\/04\/04\/sharpe-festival-2025\/\"]}],\"@context\":\"https:\/\/schema.org\",\"startDate\":\"2025-04-24\",\"endDate\":\"2025-04-26\",\"eventStatus\":\"EventScheduled\",\"eventAttendanceMode\":\"OfflineEventAttendanceMode\",\"location\":{\"@type\":\"place\",\"name\":\"\",\"address\":\"\",\"geo\":{\"@type\":\"GeoCoordinates\",\"latitude\":\"\",\"longitude\":\"\"}},\"description\":\"Baasch\\nBartek Schmidt, zn\u00e1my aj ako Baasch, je po\u013esk\u00fd spev\u00e1k, producent, skladate\u013e a laure\u00e1t ceny Fryderyk, ktor\u00fd sp\u00e1ja hlbok\u00e9 elektronick\u00e9 beaty s atmosf\u00e9rick\u00fdmi mel\u00f3diami. Na p\u00f3diu vystupuje s Robertom Alabrudzi\u0144sk\u00fdm a Alekom \u017burowsk\u00fdm, ktor\u00ed na\u017eivo prin\u00e1\u0161aj\u00fa z\u00e1\u017eitok sp\u00e1jaj\u00faci hypnotick\u00fd synth-pop a klubov\u00fa euf\u00f3riu.\\nFranek Warzywa &amp; M\u0142ody Budda\\nPo\u013esk\u00e9 duo mie\u0161a hyperpop, d\u017eez, punk a absurdn\u00fd humor, pri\u010dom men\u00ed ka\u017edodenn\u00e9 postrehy na ostr\u00e9 a ne\u010dakan\u00e9 piesne. To, \u010do sa za\u010dalo ako spolupr\u00e1ca vizu\u00e1lneho umelca Franka Dra\u017cbu a jazzov\u00e9ho gitaristu Adama Kiepuszewsk\u00e9ho na TikToku, sa rozr\u00e1stlo na plnohodnotn\u00fd projekt, zn\u00e1my energick\u00fdmi vyst\u00fapeniami a surrealistick\u00fdmi vizu\u00e1lmi.\\nKrenz\\nKrenz je po\u013esk\u00fd basgitarista a producent, ktor\u00fd vych\u00e1dza zo \u017e\u00e1nrov ako jungle, breakcore, illbient a dubstep. Spolupracuje s rapermi a d\u00edd\u017eejmi, \u010do vedie k jedine\u010dn\u00fdm, komunitn\u00fdm projektom a exkluz\u00edvnym skladb\u00e1m na\u017eivo.\\nKresy\\nPo\u013esk\u00e1 post-punkov\u00e1 a art-rockov\u00e1 kapela Kresy sa na alternat\u00edvnej sc\u00e9ne pohybuje od roku 2022. Hudobn\u00edci s\u00fa finalistami ankety Gazety Wyborczej Sanki 2023 a r\u00fdchlo si vybudovali poves\u0165 v\u010faka svojmu nepredv\u00eddate\u013en\u00e9mu, vysoko intenz\u00edvnemu zvuku. Tvoria hudbu, ktor\u00e1 je naliehav\u00e1 a z\u00e1rove\u0148 introspekt\u00edvna.\\nProgram koncertov bude zverejnen\u00fd na str\u00e1nke festivalu po\u010das apr\u00edla.\\n24. \u2013 26. 4. Bratislava, Nov\u00e1 Cvernovka, Ra\u010dianska 78\\nsharpe.sk\"},{\"@type\":\"ImageObject\",\"inLanguage\":\"pl-PL\",\"@id\":\"https:\/\/instytutpolski.pl\/bratislava\/2025\/04\/04\/sharpe-festival-2025\/#primaryimage\",\"url\":\"https:\/\/instytutpolski.pl\/bratislava\/wp-content\/uploads\/sites\/13\/2025\/04\/S25_1920x800.jpg\",\"contentUrl\":\"https:\/\/instytutpolski.pl\/bratislava\/wp-content\/uploads\/sites\/13\/2025\/04\/S25_1920x800.jpg\",\"width\":1800,\"height\":750},{\"@type\":\"BreadcrumbList\",\"@id\":\"https:\/\/instytutpolski.pl\/bratislava\/2025\/04\/04\/sharpe-festival-2025\/#breadcrumb\",\"itemListElement\":[{\"@type\":\"ListItem\",\"position\":1,\"name\":\"Home\",\"item\":\"https:\/\/instytutpolski.pl\/bratislava\/\"},{\"@type\":\"ListItem\",\"position\":2,\"name\":\"Sharpe festival 2025\"}]},{\"@type\":\"WebSite\",\"@id\":\"https:\/\/instytutpolski.pl\/bratislava\/#website\",\"url\":\"https:\/\/instytutpolski.pl\/bratislava\/\",\"name\":\"Instytut Polski w Bratys\u0142awie\",\"description\":\"Instytuty Polskie\",\"potentialAction\":[{\"@type\":\"SearchAction\",\"target\":{\"@type\":\"EntryPoint\",\"urlTemplate\":\"https:\/\/instytutpolski.pl\/bratislava\/?s={search_term_string}\"},\"query-input\":{\"@type\":\"PropertyValueSpecification\",\"valueRequired\":true,\"valueName\":\"search_term_string\"}}],\"inLanguage\":\"pl-PL\"},{\"@type\":\"Person\",\"@id\":\"https:\/\/instytutpolski.pl\/bratislava\/#\/schema\/person\/9ec657f865a156712552ca9f0ad27720\",\"name\":\"kyselm\",\"image\":{\"@type\":\"ImageObject\",\"inLanguage\":\"pl-PL\",\"@id\":\"https:\/\/instytutpolski.pl\/bratislava\/#\/schema\/person\/image\/\",\"url\":\"https:\/\/secure.gravatar.com\/avatar\/ba96f7f4a6104a2e2f0328f9863f506d?s=96&d=mm&r=g\",\"contentUrl\":\"https:\/\/secure.gravatar.com\/avatar\/ba96f7f4a6104a2e2f0328f9863f506d?s=96&d=mm&r=g\",\"caption\":\"kyselm\"},\"url\":\"https:\/\/instytutpolski.pl\/bratislava\/author\/kyselm\/\"}]}<\/script>\n<!-- \/ Yoast SEO plugin. -->","yoast_head_json":{"title":"Sharpe festival 2025 - Instytut Polski w Bratys\u0142awie","robots":{"index":"index","follow":"follow","max-snippet":"max-snippet:-1","max-image-preview":"max-image-preview:large","max-video-preview":"max-video-preview:-1"},"canonical":"https:\/\/instytutpolski.pl\/bratislava\/2025\/04\/04\/sharpe-festival-2025\/","og_locale":"pl_PL","og_type":"article","og_title":"Sharpe festival 2025 - Instytut Polski w Bratys\u0142awie","og_description":"Baasch Bartek Schmidt, zn\u00e1my aj ako Baasch, je po\u013esk\u00fd spev\u00e1k, producent,&nbsp;skladate\u013e a&nbsp;laure\u00e1t ceny Fryderyk, ktor\u00fd sp\u00e1ja hlbok\u00e9 elektronick\u00e9 beaty s atmosf\u00e9rick\u00fdmi mel\u00f3diami. Na p\u00f3diu vystupuje s Robertom Alabrudzi\u0144sk\u00fdm a Alekom \u017burowsk\u00fdm, ktor\u00ed na\u017eivo prin\u00e1\u0161aj\u00fa z\u00e1\u017eitok sp\u00e1jaj\u00faci hypnotick\u00fd synth-pop a klubov\u00fa euf\u00f3riu. Franek Warzywa &amp; M\u0142ody Budda Po\u013esk\u00e9 duo mie\u0161a hyperpop, d\u017eez, punk a absurdn\u00fd humor, [&hellip;]","og_url":"https:\/\/instytutpolski.pl\/bratislava\/2025\/04\/04\/sharpe-festival-2025\/","og_site_name":"Instytut Polski w Bratys\u0142awie","article_published_time":"2025-04-04T10:00:59+00:00","article_modified_time":"2025-04-04T10:01:01+00:00","og_image":[{"width":1800,"height":750,"url":"https:\/\/instytutpolski.pl\/bratislava\/wp-content\/uploads\/sites\/13\/2025\/04\/S25_1920x800.jpg","type":"image\/jpeg"}],"author":"kyselm","twitter_card":"summary_large_image","twitter_misc":{"Napisane przez":"kyselm","Szacowany czas czytania":"2 minuty"},"schema":{"@context":"https:\/\/schema.org","@graph":[{"@type":"event","@id":"https:\/\/instytutpolski.pl\/bratislava\/2025\/04\/04\/sharpe-festival-2025\/","url":"https:\/\/instytutpolski.pl\/bratislava\/2025\/04\/04\/sharpe-festival-2025\/","name":"Sharpe festival 2025","isPartOf":{"@id":"https:\/\/instytutpolski.pl\/bratislava\/#website"},"primaryImageOfPage":{"@id":"https:\/\/instytutpolski.pl\/bratislava\/2025\/04\/04\/sharpe-festival-2025\/#primaryimage"},"image":["https:\/\/instytutpolski.pl\/bratislava\/wp-content\/uploads\/sites\/13\/2025\/04\/S25_1920x800.jpg","https:\/\/instytutpolski.pl\/bratislava\/wp-content\/uploads\/sites\/13\/2025\/04\/S25_1920x800-300x125.jpg","https:\/\/instytutpolski.pl\/bratislava\/wp-content\/uploads\/sites\/13\/2025\/04\/S25_1920x800-1024x427.jpg","https:\/\/instytutpolski.pl\/bratislava\/wp-content\/uploads\/sites\/13\/2025\/04\/S25_1920x800.jpg"],"thumbnailUrl":"https:\/\/instytutpolski.pl\/bratislava\/wp-content\/uploads\/sites\/13\/2025\/04\/S25_1920x800.jpg","datePublished":"2025-04-04T10:00:59+02:00","dateModified":"2025-04-04T10:01:01+02:00","author":{"@id":"https:\/\/instytutpolski.pl\/bratislava\/#\/schema\/person\/9ec657f865a156712552ca9f0ad27720"},"breadcrumb":{"@id":"https:\/\/instytutpolski.pl\/bratislava\/2025\/04\/04\/sharpe-festival-2025\/#breadcrumb"},"inLanguage":"pl-PL","potentialAction":[{"@type":"ReadAction","target":["https:\/\/instytutpolski.pl\/bratislava\/2025\/04\/04\/sharpe-festival-2025\/"]}],"@context":"https:\/\/schema.org","startDate":"2025-04-24","endDate":"2025-04-26","eventStatus":"EventScheduled","eventAttendanceMode":"OfflineEventAttendanceMode","location":{"@type":"place","name":"","address":"","geo":{"@type":"GeoCoordinates","latitude":"","longitude":""}},"description":"Baasch\nBartek Schmidt, zn\u00e1my aj ako Baasch, je po\u013esk\u00fd spev\u00e1k, producent, skladate\u013e a laure\u00e1t ceny Fryderyk, ktor\u00fd sp\u00e1ja hlbok\u00e9 elektronick\u00e9 beaty s atmosf\u00e9rick\u00fdmi mel\u00f3diami. Na p\u00f3diu vystupuje s Robertom Alabrudzi\u0144sk\u00fdm a Alekom \u017burowsk\u00fdm, ktor\u00ed na\u017eivo prin\u00e1\u0161aj\u00fa z\u00e1\u017eitok sp\u00e1jaj\u00faci hypnotick\u00fd synth-pop a klubov\u00fa euf\u00f3riu.\nFranek Warzywa &amp; M\u0142ody Budda\nPo\u013esk\u00e9 duo mie\u0161a hyperpop, d\u017eez, punk a absurdn\u00fd humor, pri\u010dom men\u00ed ka\u017edodenn\u00e9 postrehy na ostr\u00e9 a ne\u010dakan\u00e9 piesne. To, \u010do sa za\u010dalo ako spolupr\u00e1ca vizu\u00e1lneho umelca Franka Dra\u017cbu a jazzov\u00e9ho gitaristu Adama Kiepuszewsk\u00e9ho na TikToku, sa rozr\u00e1stlo na plnohodnotn\u00fd projekt, zn\u00e1my energick\u00fdmi vyst\u00fapeniami a surrealistick\u00fdmi vizu\u00e1lmi.\nKrenz\nKrenz je po\u013esk\u00fd basgitarista a producent, ktor\u00fd vych\u00e1dza zo \u017e\u00e1nrov ako jungle, breakcore, illbient a dubstep. Spolupracuje s rapermi a d\u00edd\u017eejmi, \u010do vedie k jedine\u010dn\u00fdm, komunitn\u00fdm projektom a exkluz\u00edvnym skladb\u00e1m na\u017eivo.\nKresy\nPo\u013esk\u00e1 post-punkov\u00e1 a art-rockov\u00e1 kapela Kresy sa na alternat\u00edvnej sc\u00e9ne pohybuje od roku 2022. Hudobn\u00edci s\u00fa finalistami ankety Gazety Wyborczej Sanki 2023 a r\u00fdchlo si vybudovali poves\u0165 v\u010faka svojmu nepredv\u00eddate\u013en\u00e9mu, vysoko intenz\u00edvnemu zvuku. Tvoria hudbu, ktor\u00e1 je naliehav\u00e1 a z\u00e1rove\u0148 introspekt\u00edvna.\nProgram koncertov bude zverejnen\u00fd na str\u00e1nke festivalu po\u010das apr\u00edla.\n24. \u2013 26. 4. Bratislava, Nov\u00e1 Cvernovka, Ra\u010dianska 78\nsharpe.sk"},{"@type":"ImageObject","inLanguage":"pl-PL","@id":"https:\/\/instytutpolski.pl\/bratislava\/2025\/04\/04\/sharpe-festival-2025\/#primaryimage","url":"https:\/\/instytutpolski.pl\/bratislava\/wp-content\/uploads\/sites\/13\/2025\/04\/S25_1920x800.jpg","contentUrl":"https:\/\/instytutpolski.pl\/bratislava\/wp-content\/uploads\/sites\/13\/2025\/04\/S25_1920x800.jpg","width":1800,"height":750},{"@type":"BreadcrumbList","@id":"https:\/\/instytutpolski.pl\/bratislava\/2025\/04\/04\/sharpe-festival-2025\/#breadcrumb","itemListElement":[{"@type":"ListItem","position":1,"name":"Home","item":"https:\/\/instytutpolski.pl\/bratislava\/"},{"@type":"ListItem","position":2,"name":"Sharpe festival 2025"}]},{"@type":"WebSite","@id":"https:\/\/instytutpolski.pl\/bratislava\/#website","url":"https:\/\/instytutpolski.pl\/bratislava\/","name":"Instytut Polski w Bratys\u0142awie","description":"Instytuty Polskie","potentialAction":[{"@type":"SearchAction","target":{"@type":"EntryPoint","urlTemplate":"https:\/\/instytutpolski.pl\/bratislava\/?s={search_term_string}"},"query-input":{"@type":"PropertyValueSpecification","valueRequired":true,"valueName":"search_term_string"}}],"inLanguage":"pl-PL"},{"@type":"Person","@id":"https:\/\/instytutpolski.pl\/bratislava\/#\/schema\/person\/9ec657f865a156712552ca9f0ad27720","name":"kyselm","image":{"@type":"ImageObject","inLanguage":"pl-PL","@id":"https:\/\/instytutpolski.pl\/bratislava\/#\/schema\/person\/image\/","url":"https:\/\/secure.gravatar.com\/avatar\/ba96f7f4a6104a2e2f0328f9863f506d?s=96&d=mm&r=g","contentUrl":"https:\/\/secure.gravatar.com\/avatar\/ba96f7f4a6104a2e2f0328f9863f506d?s=96&d=mm&r=g","caption":"kyselm"},"url":"https:\/\/instytutpolski.pl\/bratislava\/author\/kyselm\/"}]}},"_links":{"self":[{"href":"https:\/\/instytutpolski.pl\/bratislava\/wp-json\/wp\/v2\/posts\/8255","targetHints":{"allow":["GET"]}}],"collection":[{"href":"https:\/\/instytutpolski.pl\/bratislava\/wp-json\/wp\/v2\/posts"}],"about":[{"href":"https:\/\/instytutpolski.pl\/bratislava\/wp-json\/wp\/v2\/types\/post"}],"author":[{"embeddable":true,"href":"https:\/\/instytutpolski.pl\/bratislava\/wp-json\/wp\/v2\/users\/116"}],"replies":[{"embeddable":true,"href":"https:\/\/instytutpolski.pl\/bratislava\/wp-json\/wp\/v2\/comments?post=8255"}],"version-history":[{"count":2,"href":"https:\/\/instytutpolski.pl\/bratislava\/wp-json\/wp\/v2\/posts\/8255\/revisions"}],"predecessor-version":[{"id":8301,"href":"https:\/\/instytutpolski.pl\/bratislava\/wp-json\/wp\/v2\/posts\/8255\/revisions\/8301"}],"wp:featuredmedia":[{"embeddable":true,"href":"https:\/\/instytutpolski.pl\/bratislava\/wp-json\/wp\/v2\/media\/8283"}],"wp:attachment":[{"href":"https:\/\/instytutpolski.pl\/bratislava\/wp-json\/wp\/v2\/media?parent=8255"}],"wp:term":[{"taxonomy":"category","embeddable":true,"href":"https:\/\/instytutpolski.pl\/bratislava\/wp-json\/wp\/v2\/categories?post=8255"},{"taxonomy":"post_tag","embeddable":true,"href":"https:\/\/instytutpolski.pl\/bratislava\/wp-json\/wp\/v2\/tags?post=8255"}],"curies":[{"name":"wp","href":"https:\/\/api.w.org\/{rel}","templated":true}]}}