{"id":1538,"date":"2019-11-11T20:09:00","date_gmt":"2019-11-11T19:09:00","guid":{"rendered":"https:\/\/instytutpolski.pl\/brussels\/?p=1538"},"modified":"2020-04-02T10:39:02","modified_gmt":"2020-04-02T08:39:02","slug":"solidarite-selon-les-femmes-regained-freedom-film-festival","status":"publish","type":"post","link":"https:\/\/instytutpolski.pl\/brussels\/2019\/11\/11\/solidarite-selon-les-femmes-regained-freedom-film-festival\/","title":{"rendered":"&#8222;Solidarit\u00e9 selon les femmes&#8221; Regained Freedom Film Festival"},"content":{"rendered":"\n<p><strong>Regained Freedom International Film Festival &#8211; Un festival du film qui marque 30 ans de libert\u00e9 en Europe de l&#8217;Est, dans les pays baltes et dans les Balkans.&nbsp;<\/strong><\/p>\n<p>Le programme propose une r\u00e9flexion approfondie sur le pass\u00e9 : la s\u00e9lection se concentre sur le moment historique de l&#8217;ann\u00e9e 89, en pr\u00e9sentant les circonstances, le mode de vie et les \u00e9v\u00e9nements qui ont provoqu\u00e9 les changements des r\u00e9gimes totalitaires et communistes.&nbsp;<br><strong><br>&#8222;Solidarit\u00e9 selon les femmes&#8221;&nbsp;<\/strong>de<strong>&nbsp;Piotr \u015aliwowski&nbsp;<\/strong>et<strong>&nbsp;Marta Dzido<\/strong>&nbsp;pr\u00e9sente comment l&#8217;ancien r\u00e9gime a fa\u00e7onn\u00e9 la vie du peuple polonais.&nbsp;<\/p>\n<p><span lang=\"EN-GB\"><strong>A propos de &#8222;Solidarit\u00e9 selon les femmes&#8221;<br><br><\/strong>Ce documentaire raconte l&#8217;histoire des femmes polonaises courageuses dont la sagesse et la d\u00e9termination ont contribu\u00e9 \u00e0 changer la r\u00e9alit\u00e9 politique en Pologne. Marta Dzido, la co-r\u00e9alisatrice, n\u00e9e en 1981, fille symbolique du mouvement Solidarit\u00e9, tente de retrouver et de r\u00e9int\u00e9grer des femmes issues de l&#8217;histoire r\u00e9cente de la Pologne.<\/span><\/p>\n<p><strong>La projection sera suivie d&#8217;une discussion avec le&nbsp;professeur Ireneusz Krzemi\u0144ski, sociologue polonais.<\/strong><\/p>\n<p><strong><span lang=\"EN-GB\"><em>Un grand mercis aux partenaires de l&#8217;\u00e9v\u00e9nement: L&#8217;Institut&nbsp;Balassi \u00e0&nbsp;Bruxelles et&nbsp;Polish Science&nbsp;Contact Agency (PolSCA) \u00e0 Bruxelles.<\/em><br>INFORMATIONS&nbsp;<\/span><\/strong><strong><span lang=\"EN-GB\">PRATIQUES<\/span><\/strong><\/p>\n<p><span lang=\"EN-GB\">&gt; O\u00f9?&nbsp;<strong>Balassi Institute<\/strong>&nbsp;&#8211;&nbsp;<\/span><span lang=\"EN-GB\">Treurenberg 10, 1000 Bruxelles &#8211;&nbsp;<a href=\"https:\/\/goo.gl\/maps\/BjvqaimwLeQqs5Wq9\" target=\"_blank\" rel=\"noopener noreferrer\">carte<\/a><br><\/span><span lang=\"EN-GB\">&gt; Quand?<\/span><strong><span lang=\"EN-GB\">&nbsp;Vendredi 22 novembre \u00e0 19:00<br><\/span><\/strong><span lang=\"EN-GB\">&gt;<\/span><strong><span lang=\"EN-GB\">&nbsp;Entr\u00e9e gratuite&nbsp;<\/span><\/strong><span lang=\"EN-GB\">sous<\/span><strong><span lang=\"EN-GB\">&nbsp;inscription&nbsp;<\/span><\/strong><strong><span lang=\"EN-GB\"><a href=\"https:\/\/docs.google.com\/forms\/d\/e\/1FAIpQLSf1phBCZfwEeL20kUbkZuhWrgfXy5hYmlfPCBBsPdzIjl-Ntg\/viewform\" target=\"_blank\" rel=\"noopener noreferrer\">ici<br><\/a><\/span><\/strong><span lang=\"EN-GB\">&gt;&nbsp;<strong>Langue<\/strong>:&nbsp;<\/span><span lang=\"EN-GB\">Le film sera en version&nbsp;<\/span>originale&nbsp;<span lang=\"EN-GB\">(<strong>polonais<\/strong>) accompagn\u00e9 de sous-titres en anglais et la d<\/span><span lang=\"EN-GB\">iscussion se poursuivra en&nbsp;<strong>anglais<\/strong>.<\/span><\/p>\n\n\n","protected":false},"excerpt":{"rendered":"<p>Regained Freedom International Film Festival &#8211; Un festival du film qui marque 30 ans de libert\u00e9 en Europe de l&#8217;Est, dans les pays baltes et dans les Balkans.&nbsp; Le programme propose une r\u00e9flexion approfondie sur le pass\u00e9 : la s\u00e9lection se concentre sur le moment historique de l&#8217;ann\u00e9e 89, en pr\u00e9sentant les circonstances, le mode [&hellip;]<\/p>\n","protected":false},"author":72,"featured_media":2242,"comment_status":"open","ping_status":"open","sticky":false,"template":"","format":"standard","meta":{"inline_featured_image":false,"_monsterinsights_skip_tracking":false,"_monsterinsights_sitenote_active":false,"_monsterinsights_sitenote_note":"","_monsterinsights_sitenote_category":0,"footnotes":""},"categories":[112],"tags":[],"class_list":["post-1538","post","type-post","status-publish","format-standard","has-post-thumbnail","hentry","category-film-fr"],"yoast_head":"<!-- This site is optimized with the Yoast SEO plugin v24.6 - https:\/\/yoast.com\/wordpress\/plugins\/seo\/ -->\n<title>&quot;Solidarit\u00e9 selon les femmes&quot; Regained Freedom Film Festival - Instytut Polski w Brukseli<\/title>\n<meta name=\"robots\" content=\"index, follow, max-snippet:-1, max-image-preview:large, max-video-preview:-1\" \/>\n<link rel=\"canonical\" href=\"https:\/\/instytutpolski.pl\/brussels\/2019\/11\/11\/solidarite-selon-les-femmes-regained-freedom-film-festival\/\" \/>\n<meta property=\"og:locale\" content=\"pl_PL\" \/>\n<meta property=\"og:type\" content=\"article\" \/>\n<meta property=\"og:title\" content=\"&quot;Solidarit\u00e9 selon les femmes&quot; Regained Freedom Film Festival - Instytut Polski w Brukseli\" \/>\n<meta property=\"og:description\" content=\"Regained Freedom International Film Festival &#8211; Un festival du film qui marque 30 ans de libert\u00e9 en Europe de l&#8217;Est, dans les pays baltes et dans les Balkans.&nbsp; Le programme propose une r\u00e9flexion approfondie sur le pass\u00e9 : la s\u00e9lection se concentre sur le moment historique de l&#8217;ann\u00e9e 89, en pr\u00e9sentant les circonstances, le mode [&hellip;]\" \/>\n<meta property=\"og:url\" content=\"https:\/\/instytutpolski.pl\/brussels\/2019\/11\/11\/solidarite-selon-les-femmes-regained-freedom-film-festival\/\" \/>\n<meta property=\"og:site_name\" content=\"Instytut Polski w Brukseli\" \/>\n<meta property=\"article:published_time\" content=\"2019-11-11T19:09:00+00:00\" \/>\n<meta property=\"article:modified_time\" content=\"2020-04-02T08:39:02+00:00\" \/>\n<meta property=\"og:image\" content=\"https:\/\/instytutpolski.pl\/brussels\/wp-content\/uploads\/sites\/4\/2019\/11\/3.jpg\" \/>\n\t<meta property=\"og:image:width\" content=\"572\" \/>\n\t<meta property=\"og:image:height\" content=\"592\" \/>\n\t<meta property=\"og:image:type\" content=\"image\/jpeg\" \/>\n<meta name=\"author\" content=\"boleckaa\" \/>\n<meta name=\"twitter:card\" content=\"summary_large_image\" \/>\n<meta name=\"twitter:label1\" content=\"Napisane przez\" \/>\n\t<meta name=\"twitter:data1\" content=\"boleckaa\" \/>\n\t<meta name=\"twitter:label2\" content=\"Szacowany czas czytania\" \/>\n\t<meta name=\"twitter:data2\" content=\"1 minuta\" \/>\n<script type=\"application\/ld+json\" class=\"yoast-schema-graph\">{\"@context\":\"https:\/\/schema.org\",\"@graph\":[{\"@type\":\"event\",\"@id\":\"https:\/\/instytutpolski.pl\/brussels\/2019\/11\/11\/solidarite-selon-les-femmes-regained-freedom-film-festival\/\",\"url\":\"https:\/\/instytutpolski.pl\/brussels\/2019\/11\/11\/solidarite-selon-les-femmes-regained-freedom-film-festival\/\",\"name\":\"\\\"Solidarit\u00e9 selon les femmes\\\" Regained Freedom Film Festival\",\"isPartOf\":{\"@id\":\"https:\/\/instytutpolski.pl\/brussels\/#website\"},\"primaryImageOfPage\":{\"@id\":\"https:\/\/instytutpolski.pl\/brussels\/2019\/11\/11\/solidarite-selon-les-femmes-regained-freedom-film-festival\/#primaryimage\"},\"image\":[\"https:\/\/instytutpolski.pl\/brussels\/wp-content\/uploads\/sites\/4\/2019\/11\/3.jpg\",\"https:\/\/instytutpolski.pl\/brussels\/wp-content\/uploads\/sites\/4\/2019\/11\/3-290x300.jpg\",\"https:\/\/instytutpolski.pl\/brussels\/wp-content\/uploads\/sites\/4\/2019\/11\/3.jpg\",\"https:\/\/instytutpolski.pl\/brussels\/wp-content\/uploads\/sites\/4\/2019\/11\/3.jpg\"],\"thumbnailUrl\":\"https:\/\/instytutpolski.pl\/brussels\/wp-content\/uploads\/sites\/4\/2019\/11\/3.jpg\",\"datePublished\":\"2019-11-11T19:09:00+02:00\",\"dateModified\":\"2020-04-02T08:39:02+02:00\",\"author\":{\"@id\":\"https:\/\/instytutpolski.pl\/brussels\/#\/schema\/person\/060806f3bd0f53500cac020b44fd024f\"},\"breadcrumb\":{\"@id\":\"https:\/\/instytutpolski.pl\/brussels\/2019\/11\/11\/solidarite-selon-les-femmes-regained-freedom-film-festival\/#breadcrumb\"},\"inLanguage\":\"pl-PL\",\"potentialAction\":[{\"@type\":\"ReadAction\",\"target\":[\"https:\/\/instytutpolski.pl\/brussels\/2019\/11\/11\/solidarite-selon-les-femmes-regained-freedom-film-festival\/\"]}],\"@context\":\"https:\/\/schema.org\",\"startDate\":\"2019-11-22\",\"endDate\":\"2019-11-22\",\"eventStatus\":\"EventScheduled\",\"eventAttendanceMode\":\"OfflineEventAttendanceMode\",\"location\":{\"@type\":\"place\",\"name\":\"\",\"address\":\"\",\"geo\":{\"@type\":\"GeoCoordinates\",\"latitude\":\"\",\"longitude\":\"\"}},\"description\":\"Regained Freedom International Film Festival - Un festival du film qui marque 30 ans de libert\u00e9 en Europe de l'Est, dans les pays baltes et dans les Balkans. \\nLe programme propose une r\u00e9flexion approfondie sur le pass\u00e9 : la s\u00e9lection se concentre sur le moment historique de l'ann\u00e9e 89, en pr\u00e9sentant les circonstances, le mode de vie et les \u00e9v\u00e9nements qui ont provoqu\u00e9 les changements des r\u00e9gimes totalitaires et communistes. \\\"Solidarit\u00e9 selon les femmes\\\" de Piotr \u015aliwowski et Marta Dzido pr\u00e9sente comment l'ancien r\u00e9gime a fa\u00e7onn\u00e9 la vie du peuple polonais. \\nA propos de \\\"Solidarit\u00e9 selon les femmes\\\"Ce documentaire raconte l'histoire des femmes polonaises courageuses dont la sagesse et la d\u00e9termination ont contribu\u00e9 \u00e0 changer la r\u00e9alit\u00e9 politique en Pologne. Marta Dzido, la co-r\u00e9alisatrice, n\u00e9e en 1981, fille symbolique du mouvement Solidarit\u00e9, tente de retrouver et de r\u00e9int\u00e9grer des femmes issues de l'histoire r\u00e9cente de la Pologne.\\nLa projection sera suivie d'une discussion avec le professeur Ireneusz Krzemi\u0144ski, sociologue polonais.\\nUn grand mercis aux partenaires de l'\u00e9v\u00e9nement: L'Institut Balassi \u00e0 Bruxelles et Polish Science Contact Agency (PolSCA) \u00e0 Bruxelles.INFORMATIONS PRATIQUES\\n&gt; O\u00f9? Balassi Institute - Treurenberg 10, 1000 Bruxelles - carte&gt; Quand? Vendredi 22 novembre \u00e0 19:00&gt; Entr\u00e9e gratuite sous inscription ici&gt; Langue: Le film sera en version originale (polonais) accompagn\u00e9 de sous-titres en anglais et la discussion se poursuivra en anglais.\"},{\"@type\":\"ImageObject\",\"inLanguage\":\"pl-PL\",\"@id\":\"https:\/\/instytutpolski.pl\/brussels\/2019\/11\/11\/solidarite-selon-les-femmes-regained-freedom-film-festival\/#primaryimage\",\"url\":\"https:\/\/instytutpolski.pl\/brussels\/wp-content\/uploads\/sites\/4\/2019\/11\/3.jpg\",\"contentUrl\":\"https:\/\/instytutpolski.pl\/brussels\/wp-content\/uploads\/sites\/4\/2019\/11\/3.jpg\",\"width\":572,\"height\":592},{\"@type\":\"BreadcrumbList\",\"@id\":\"https:\/\/instytutpolski.pl\/brussels\/2019\/11\/11\/solidarite-selon-les-femmes-regained-freedom-film-festival\/#breadcrumb\",\"itemListElement\":[{\"@type\":\"ListItem\",\"position\":1,\"name\":\"Home\",\"item\":\"https:\/\/instytutpolski.pl\/brussels\/\"},{\"@type\":\"ListItem\",\"position\":2,\"name\":\"\u00ab\u00a0Solidarit\u00e9 selon les femmes\u00a0\u00bb Regained Freedom Film Festival\"}]},{\"@type\":\"WebSite\",\"@id\":\"https:\/\/instytutpolski.pl\/brussels\/#website\",\"url\":\"https:\/\/instytutpolski.pl\/brussels\/\",\"name\":\"Instytut Polski w Brukseli\",\"description\":\"Instytuty Polskie\",\"potentialAction\":[{\"@type\":\"SearchAction\",\"target\":{\"@type\":\"EntryPoint\",\"urlTemplate\":\"https:\/\/instytutpolski.pl\/brussels\/?s={search_term_string}\"},\"query-input\":{\"@type\":\"PropertyValueSpecification\",\"valueRequired\":true,\"valueName\":\"search_term_string\"}}],\"inLanguage\":\"pl-PL\"},{\"@type\":\"Person\",\"@id\":\"https:\/\/instytutpolski.pl\/brussels\/#\/schema\/person\/060806f3bd0f53500cac020b44fd024f\",\"name\":\"boleckaa\",\"image\":{\"@type\":\"ImageObject\",\"inLanguage\":\"pl-PL\",\"@id\":\"https:\/\/instytutpolski.pl\/brussels\/#\/schema\/person\/image\/\",\"url\":\"https:\/\/secure.gravatar.com\/avatar\/4be457640dccec8472f09f8f0f8017dd?s=96&d=mm&r=g\",\"contentUrl\":\"https:\/\/secure.gravatar.com\/avatar\/4be457640dccec8472f09f8f0f8017dd?s=96&d=mm&r=g\",\"caption\":\"boleckaa\"},\"sameAs\":[\"boleckaa\"],\"url\":\"https:\/\/instytutpolski.pl\/brussels\/author\/boleckaa\/\"}]}<\/script>\n<!-- \/ Yoast SEO plugin. -->","yoast_head_json":{"title":"\"Solidarit\u00e9 selon les femmes\" Regained Freedom Film Festival - Instytut Polski w Brukseli","robots":{"index":"index","follow":"follow","max-snippet":"max-snippet:-1","max-image-preview":"max-image-preview:large","max-video-preview":"max-video-preview:-1"},"canonical":"https:\/\/instytutpolski.pl\/brussels\/2019\/11\/11\/solidarite-selon-les-femmes-regained-freedom-film-festival\/","og_locale":"pl_PL","og_type":"article","og_title":"\"Solidarit\u00e9 selon les femmes\" Regained Freedom Film Festival - Instytut Polski w Brukseli","og_description":"Regained Freedom International Film Festival &#8211; Un festival du film qui marque 30 ans de libert\u00e9 en Europe de l&#8217;Est, dans les pays baltes et dans les Balkans.&nbsp; Le programme propose une r\u00e9flexion approfondie sur le pass\u00e9 : la s\u00e9lection se concentre sur le moment historique de l&#8217;ann\u00e9e 89, en pr\u00e9sentant les circonstances, le mode [&hellip;]","og_url":"https:\/\/instytutpolski.pl\/brussels\/2019\/11\/11\/solidarite-selon-les-femmes-regained-freedom-film-festival\/","og_site_name":"Instytut Polski w Brukseli","article_published_time":"2019-11-11T19:09:00+00:00","article_modified_time":"2020-04-02T08:39:02+00:00","og_image":[{"width":572,"height":592,"url":"https:\/\/instytutpolski.pl\/brussels\/wp-content\/uploads\/sites\/4\/2019\/11\/3.jpg","type":"image\/jpeg"}],"author":"boleckaa","twitter_card":"summary_large_image","twitter_misc":{"Napisane przez":"boleckaa","Szacowany czas czytania":"1 minuta"},"schema":{"@context":"https:\/\/schema.org","@graph":[{"@type":"event","@id":"https:\/\/instytutpolski.pl\/brussels\/2019\/11\/11\/solidarite-selon-les-femmes-regained-freedom-film-festival\/","url":"https:\/\/instytutpolski.pl\/brussels\/2019\/11\/11\/solidarite-selon-les-femmes-regained-freedom-film-festival\/","name":"\"Solidarit\u00e9 selon les femmes\" Regained Freedom Film Festival","isPartOf":{"@id":"https:\/\/instytutpolski.pl\/brussels\/#website"},"primaryImageOfPage":{"@id":"https:\/\/instytutpolski.pl\/brussels\/2019\/11\/11\/solidarite-selon-les-femmes-regained-freedom-film-festival\/#primaryimage"},"image":["https:\/\/instytutpolski.pl\/brussels\/wp-content\/uploads\/sites\/4\/2019\/11\/3.jpg","https:\/\/instytutpolski.pl\/brussels\/wp-content\/uploads\/sites\/4\/2019\/11\/3-290x300.jpg","https:\/\/instytutpolski.pl\/brussels\/wp-content\/uploads\/sites\/4\/2019\/11\/3.jpg","https:\/\/instytutpolski.pl\/brussels\/wp-content\/uploads\/sites\/4\/2019\/11\/3.jpg"],"thumbnailUrl":"https:\/\/instytutpolski.pl\/brussels\/wp-content\/uploads\/sites\/4\/2019\/11\/3.jpg","datePublished":"2019-11-11T19:09:00+02:00","dateModified":"2020-04-02T08:39:02+02:00","author":{"@id":"https:\/\/instytutpolski.pl\/brussels\/#\/schema\/person\/060806f3bd0f53500cac020b44fd024f"},"breadcrumb":{"@id":"https:\/\/instytutpolski.pl\/brussels\/2019\/11\/11\/solidarite-selon-les-femmes-regained-freedom-film-festival\/#breadcrumb"},"inLanguage":"pl-PL","potentialAction":[{"@type":"ReadAction","target":["https:\/\/instytutpolski.pl\/brussels\/2019\/11\/11\/solidarite-selon-les-femmes-regained-freedom-film-festival\/"]}],"@context":"https:\/\/schema.org","startDate":"2019-11-22","endDate":"2019-11-22","eventStatus":"EventScheduled","eventAttendanceMode":"OfflineEventAttendanceMode","location":{"@type":"place","name":"","address":"","geo":{"@type":"GeoCoordinates","latitude":"","longitude":""}},"description":"Regained Freedom International Film Festival - Un festival du film qui marque 30 ans de libert\u00e9 en Europe de l'Est, dans les pays baltes et dans les Balkans. \nLe programme propose une r\u00e9flexion approfondie sur le pass\u00e9 : la s\u00e9lection se concentre sur le moment historique de l'ann\u00e9e 89, en pr\u00e9sentant les circonstances, le mode de vie et les \u00e9v\u00e9nements qui ont provoqu\u00e9 les changements des r\u00e9gimes totalitaires et communistes. \"Solidarit\u00e9 selon les femmes\" de Piotr \u015aliwowski et Marta Dzido pr\u00e9sente comment l'ancien r\u00e9gime a fa\u00e7onn\u00e9 la vie du peuple polonais. \nA propos de \"Solidarit\u00e9 selon les femmes\"Ce documentaire raconte l'histoire des femmes polonaises courageuses dont la sagesse et la d\u00e9termination ont contribu\u00e9 \u00e0 changer la r\u00e9alit\u00e9 politique en Pologne. Marta Dzido, la co-r\u00e9alisatrice, n\u00e9e en 1981, fille symbolique du mouvement Solidarit\u00e9, tente de retrouver et de r\u00e9int\u00e9grer des femmes issues de l'histoire r\u00e9cente de la Pologne.\nLa projection sera suivie d'une discussion avec le professeur Ireneusz Krzemi\u0144ski, sociologue polonais.\nUn grand mercis aux partenaires de l'\u00e9v\u00e9nement: L'Institut Balassi \u00e0 Bruxelles et Polish Science Contact Agency (PolSCA) \u00e0 Bruxelles.INFORMATIONS PRATIQUES\n&gt; O\u00f9? Balassi Institute - Treurenberg 10, 1000 Bruxelles - carte&gt; Quand? Vendredi 22 novembre \u00e0 19:00&gt; Entr\u00e9e gratuite sous inscription ici&gt; Langue: Le film sera en version originale (polonais) accompagn\u00e9 de sous-titres en anglais et la discussion se poursuivra en anglais."},{"@type":"ImageObject","inLanguage":"pl-PL","@id":"https:\/\/instytutpolski.pl\/brussels\/2019\/11\/11\/solidarite-selon-les-femmes-regained-freedom-film-festival\/#primaryimage","url":"https:\/\/instytutpolski.pl\/brussels\/wp-content\/uploads\/sites\/4\/2019\/11\/3.jpg","contentUrl":"https:\/\/instytutpolski.pl\/brussels\/wp-content\/uploads\/sites\/4\/2019\/11\/3.jpg","width":572,"height":592},{"@type":"BreadcrumbList","@id":"https:\/\/instytutpolski.pl\/brussels\/2019\/11\/11\/solidarite-selon-les-femmes-regained-freedom-film-festival\/#breadcrumb","itemListElement":[{"@type":"ListItem","position":1,"name":"Home","item":"https:\/\/instytutpolski.pl\/brussels\/"},{"@type":"ListItem","position":2,"name":"\u00ab\u00a0Solidarit\u00e9 selon les femmes\u00a0\u00bb Regained Freedom Film Festival"}]},{"@type":"WebSite","@id":"https:\/\/instytutpolski.pl\/brussels\/#website","url":"https:\/\/instytutpolski.pl\/brussels\/","name":"Instytut Polski w Brukseli","description":"Instytuty Polskie","potentialAction":[{"@type":"SearchAction","target":{"@type":"EntryPoint","urlTemplate":"https:\/\/instytutpolski.pl\/brussels\/?s={search_term_string}"},"query-input":{"@type":"PropertyValueSpecification","valueRequired":true,"valueName":"search_term_string"}}],"inLanguage":"pl-PL"},{"@type":"Person","@id":"https:\/\/instytutpolski.pl\/brussels\/#\/schema\/person\/060806f3bd0f53500cac020b44fd024f","name":"boleckaa","image":{"@type":"ImageObject","inLanguage":"pl-PL","@id":"https:\/\/instytutpolski.pl\/brussels\/#\/schema\/person\/image\/","url":"https:\/\/secure.gravatar.com\/avatar\/4be457640dccec8472f09f8f0f8017dd?s=96&d=mm&r=g","contentUrl":"https:\/\/secure.gravatar.com\/avatar\/4be457640dccec8472f09f8f0f8017dd?s=96&d=mm&r=g","caption":"boleckaa"},"sameAs":["boleckaa"],"url":"https:\/\/instytutpolski.pl\/brussels\/author\/boleckaa\/"}]}},"_links":{"self":[{"href":"https:\/\/instytutpolski.pl\/brussels\/wp-json\/wp\/v2\/posts\/1538","targetHints":{"allow":["GET"]}}],"collection":[{"href":"https:\/\/instytutpolski.pl\/brussels\/wp-json\/wp\/v2\/posts"}],"about":[{"href":"https:\/\/instytutpolski.pl\/brussels\/wp-json\/wp\/v2\/types\/post"}],"author":[{"embeddable":true,"href":"https:\/\/instytutpolski.pl\/brussels\/wp-json\/wp\/v2\/users\/72"}],"replies":[{"embeddable":true,"href":"https:\/\/instytutpolski.pl\/brussels\/wp-json\/wp\/v2\/comments?post=1538"}],"version-history":[{"count":4,"href":"https:\/\/instytutpolski.pl\/brussels\/wp-json\/wp\/v2\/posts\/1538\/revisions"}],"predecessor-version":[{"id":2246,"href":"https:\/\/instytutpolski.pl\/brussels\/wp-json\/wp\/v2\/posts\/1538\/revisions\/2246"}],"wp:featuredmedia":[{"embeddable":true,"href":"https:\/\/instytutpolski.pl\/brussels\/wp-json\/wp\/v2\/media\/2242"}],"wp:attachment":[{"href":"https:\/\/instytutpolski.pl\/brussels\/wp-json\/wp\/v2\/media?parent=1538"}],"wp:term":[{"taxonomy":"category","embeddable":true,"href":"https:\/\/instytutpolski.pl\/brussels\/wp-json\/wp\/v2\/categories?post=1538"},{"taxonomy":"post_tag","embeddable":true,"href":"https:\/\/instytutpolski.pl\/brussels\/wp-json\/wp\/v2\/tags?post=1538"}],"curies":[{"name":"wp","href":"https:\/\/api.w.org\/{rel}","templated":true}]}}