{"id":1548,"date":"2019-11-11T17:19:00","date_gmt":"2019-11-11T16:19:00","guid":{"rendered":"https:\/\/instytutpolski.pl\/brussels\/?p=1548"},"modified":"2020-01-22T15:43:23","modified_gmt":"2020-01-22T14:43:23","slug":"concert-de-marcin-wasilewski-trio","status":"publish","type":"post","link":"https:\/\/instytutpolski.pl\/brussels\/2019\/11\/11\/concert-de-marcin-wasilewski-trio\/","title":{"rendered":"Concert de Marcin Wasilewski Trio"},"content":{"rendered":"\n<p>Dans le cadre du 50\u00e8me anniversaire d&#8217;<strong>ECM\u00a0<\/strong>(<a href=\"https:\/\/www.ecmrecords.com\/home\" target=\"_blank\" rel=\"noopener noreferrer\">Edition of Contemporay Music<\/a>), un label ind\u00e9pendant cr\u00e9\u00e9 en novembre 1969 par Manfred Eicher \u00e0 Munich,\u00a0<strong>Flagey<\/strong>\u00a0r\u00e9unit pendant quatre jours le meilleur des artistes li\u00e9s au label l\u00e9gendaire.<br \/><br \/>Cette ann\u00e9e 2019 est riche en c\u00e9l\u00e9bration, car\u00a0le\u00a0<strong>Trio Marcin Wasilewski<\/strong>\u00a0(<a href=\"https:\/\/www.marcinwasilewskitrio.com\/\" target=\"_blank\" rel=\"noopener noreferrer\">site<\/a>) f\u00eate \u00e9galement son 25e anniversaire. Ce\u00a0<strong>trio polonais<\/strong>\u00a0figure parmi les groupes de jazz les plus importants et les plus particuliers du moment. Le<strong>\u00a0trio est un incontournable des sc\u00e8nes polonaises<\/strong>\u00a0et son m\u00e9lange si particulier d\u2019un jazz traditionnel et de sons originaux a s\u00e9duit le public international des amoureux du jazz. Voici une chance unique de d\u00e9couvrir et partager l\u2019\u00e9nergie indomptable et l\u2019alchimie de ces\u00a0<strong>musiciens<\/strong>:<br \/><br \/><\/p>\n<p><em><strong>Marcin Wasilewski<\/strong>,\u00a0piano<\/em><br \/><em><strong>S\u0142awomir Kurkiewicz<\/strong>,\u00a0contrebasse\u00a0<\/em><br \/><em><strong>Micha\u0142 Mi\u015bkiewicz<\/strong>,\u00a0batterie<br \/><br \/><\/em><\/p>\n<p><strong>A propos d&#8217;ECM<\/strong><br \/>Plus de 1500 albums ont \u00e9t\u00e9 diffus\u00e9s sous ce label. D\u2019o\u00f9 des collaborations avec Arvo P\u00e4rt, Keith Jarrett, Paul Bley, Jan Garbarek, Chick Corea, Gary Burton, le Art Ensemble of Chicago et \u00e9galement, avec des compositeurs contemporains comme Steve Reich et Meredith Monk.<br \/><br \/><strong>INFORMATIONS PRATIQUES<\/strong><br \/>&gt; O\u00f9?\u00a0<strong>studio 4 \u00e0 Flagey<\/strong>\u00a0&#8211;\u00a0Place Sainte-Croix, 1050 Bruxelles &#8211;\u00a0<a href=\"https:\/\/goo.gl\/maps\/nL8Txk4dhqvqaMKf8\" target=\"_blank\" rel=\"noopener noreferrer\">carte<\/a><br \/>&gt; Quand?\u00a0<strong>samedi 23 novembre 2019 &#8211;\u00a0<span class=\"infos__hour\">19:45<\/span><\/strong><br \/>&gt; Tickets (23\u20ac &gt; 18\u20ac) &#8211;\u00a0<a href=\"https:\/\/apps.ticketmatic.com\/widgets\/flagey\/addtickets?event=874372407856&amp;l=fr#!\/addtickets\" target=\"_blank\" rel=\"noopener noreferrer\">ici<\/a><\/p>\n<p><em>Merci aux partenaires:\u00a0<a href=\"https:\/\/www.flagey.be\/fr\/\" target=\"_blank\" rel=\"noopener noreferrer\">Flagey<\/a>,\u00a0<a href=\"https:\/\/www.ecmrecords.com\/home\" target=\"_blank\" rel=\"noopener noreferrer\">ECM<\/a>,\u00a0<a href=\"https:\/\/www.goethe.de\/ins\/be\/de\/index.html\" target=\"_blank\" rel=\"noopener noreferrer\">Goethe-Institut Belgien<\/a><\/em><\/p>\n","protected":false},"excerpt":{"rendered":"<p>Dans le cadre du 50\u00e8me anniversaire d&#8217;ECM\u00a0(Edition of Contemporay Music), un label ind\u00e9pendant cr\u00e9\u00e9 en novembre 1969 par Manfred Eicher \u00e0 Munich,\u00a0Flagey\u00a0r\u00e9unit pendant quatre jours le meilleur des artistes li\u00e9s au label l\u00e9gendaire. Cette ann\u00e9e 2019 est riche en c\u00e9l\u00e9bration, car\u00a0le\u00a0Trio Marcin Wasilewski\u00a0(site) f\u00eate \u00e9galement son 25e anniversaire. Ce\u00a0trio polonais\u00a0figure parmi les groupes de jazz [&hellip;]<\/p>\n","protected":false},"author":72,"featured_media":1344,"comment_status":"open","ping_status":"open","sticky":false,"template":"","format":"standard","meta":{"inline_featured_image":false,"_monsterinsights_skip_tracking":false,"_monsterinsights_sitenote_active":false,"_monsterinsights_sitenote_note":"","_monsterinsights_sitenote_category":0,"footnotes":""},"categories":[120],"tags":[],"class_list":["post-1548","post","type-post","status-publish","format-standard","has-post-thumbnail","hentry","category-musique"],"yoast_head":"<!-- This site is optimized with the Yoast SEO plugin v24.6 - https:\/\/yoast.com\/wordpress\/plugins\/seo\/ -->\n<title>Concert de Marcin Wasilewski Trio - Instytut Polski w Brukseli<\/title>\n<meta name=\"robots\" content=\"index, follow, max-snippet:-1, max-image-preview:large, max-video-preview:-1\" \/>\n<link rel=\"canonical\" href=\"https:\/\/instytutpolski.pl\/brussels\/2019\/11\/11\/concert-de-marcin-wasilewski-trio\/\" \/>\n<meta property=\"og:locale\" content=\"pl_PL\" \/>\n<meta property=\"og:type\" content=\"article\" \/>\n<meta property=\"og:title\" content=\"Concert de Marcin Wasilewski Trio - Instytut Polski w Brukseli\" \/>\n<meta property=\"og:description\" content=\"Dans le cadre du 50\u00e8me anniversaire d&#8217;ECM\u00a0(Edition of Contemporay Music), un label ind\u00e9pendant cr\u00e9\u00e9 en novembre 1969 par Manfred Eicher \u00e0 Munich,\u00a0Flagey\u00a0r\u00e9unit pendant quatre jours le meilleur des artistes li\u00e9s au label l\u00e9gendaire. Cette ann\u00e9e 2019 est riche en c\u00e9l\u00e9bration, car\u00a0le\u00a0Trio Marcin Wasilewski\u00a0(site) f\u00eate \u00e9galement son 25e anniversaire. Ce\u00a0trio polonais\u00a0figure parmi les groupes de jazz [&hellip;]\" \/>\n<meta property=\"og:url\" content=\"https:\/\/instytutpolski.pl\/brussels\/2019\/11\/11\/concert-de-marcin-wasilewski-trio\/\" \/>\n<meta property=\"og:site_name\" content=\"Instytut Polski w Brukseli\" \/>\n<meta property=\"article:published_time\" content=\"2019-11-11T16:19:00+00:00\" \/>\n<meta property=\"article:modified_time\" content=\"2020-01-22T14:43:23+00:00\" \/>\n<meta property=\"og:image\" content=\"https:\/\/instytutpolski.pl\/brussels\/wp-content\/uploads\/sites\/4\/2020\/01\/99990en-5.jpg\" \/>\n\t<meta property=\"og:image:width\" content=\"572\" \/>\n\t<meta property=\"og:image:height\" content=\"427\" \/>\n\t<meta property=\"og:image:type\" content=\"image\/jpeg\" \/>\n<meta name=\"author\" content=\"boleckaa\" \/>\n<meta name=\"twitter:card\" content=\"summary_large_image\" \/>\n<meta name=\"twitter:label1\" content=\"Napisane przez\" \/>\n\t<meta name=\"twitter:data1\" content=\"boleckaa\" \/>\n\t<meta name=\"twitter:label2\" content=\"Szacowany czas czytania\" \/>\n\t<meta name=\"twitter:data2\" content=\"1 minuta\" \/>\n<script type=\"application\/ld+json\" class=\"yoast-schema-graph\">{\"@context\":\"https:\/\/schema.org\",\"@graph\":[{\"@type\":\"event\",\"@id\":\"https:\/\/instytutpolski.pl\/brussels\/2019\/11\/11\/concert-de-marcin-wasilewski-trio\/\",\"url\":\"https:\/\/instytutpolski.pl\/brussels\/2019\/11\/11\/concert-de-marcin-wasilewski-trio\/\",\"name\":\"Concert de Marcin Wasilewski Trio\",\"isPartOf\":{\"@id\":\"https:\/\/instytutpolski.pl\/brussels\/#website\"},\"primaryImageOfPage\":{\"@id\":\"https:\/\/instytutpolski.pl\/brussels\/2019\/11\/11\/concert-de-marcin-wasilewski-trio\/#primaryimage\"},\"image\":[\"https:\/\/instytutpolski.pl\/brussels\/wp-content\/uploads\/sites\/4\/2020\/01\/99990en-5.jpg\",\"https:\/\/instytutpolski.pl\/brussels\/wp-content\/uploads\/sites\/4\/2020\/01\/99990en-5-300x224.jpg\",\"https:\/\/instytutpolski.pl\/brussels\/wp-content\/uploads\/sites\/4\/2020\/01\/99990en-5.jpg\",\"https:\/\/instytutpolski.pl\/brussels\/wp-content\/uploads\/sites\/4\/2020\/01\/99990en-5.jpg\"],\"thumbnailUrl\":\"https:\/\/instytutpolski.pl\/brussels\/wp-content\/uploads\/sites\/4\/2020\/01\/99990en-5.jpg\",\"datePublished\":\"2019-11-11T16:19:00+02:00\",\"dateModified\":\"2020-01-22T14:43:23+02:00\",\"author\":{\"@id\":\"https:\/\/instytutpolski.pl\/brussels\/#\/schema\/person\/060806f3bd0f53500cac020b44fd024f\"},\"breadcrumb\":{\"@id\":\"https:\/\/instytutpolski.pl\/brussels\/2019\/11\/11\/concert-de-marcin-wasilewski-trio\/#breadcrumb\"},\"inLanguage\":\"pl-PL\",\"potentialAction\":[{\"@type\":\"ReadAction\",\"target\":[\"https:\/\/instytutpolski.pl\/brussels\/2019\/11\/11\/concert-de-marcin-wasilewski-trio\/\"]}],\"@context\":\"https:\/\/schema.org\",\"startDate\":\"2019-11-23\",\"endDate\":\"2019-11-23\",\"eventStatus\":\"EventScheduled\",\"eventAttendanceMode\":\"OfflineEventAttendanceMode\",\"location\":{\"@type\":\"place\",\"name\":\"\",\"address\":\"\",\"geo\":{\"@type\":\"GeoCoordinates\",\"latitude\":\"\",\"longitude\":\"\"}},\"description\":\"Dans le cadre du 50\u00e8me anniversaire d'ECM\u00a0(Edition of Contemporay Music), un label ind\u00e9pendant cr\u00e9\u00e9 en novembre 1969 par Manfred Eicher \u00e0 Munich,\u00a0Flagey\u00a0r\u00e9unit pendant quatre jours le meilleur des artistes li\u00e9s au label l\u00e9gendaire.Cette ann\u00e9e 2019 est riche en c\u00e9l\u00e9bration, car\u00a0le\u00a0Trio Marcin Wasilewski\u00a0(site) f\u00eate \u00e9galement son 25e anniversaire. Ce\u00a0trio polonais\u00a0figure parmi les groupes de jazz les plus importants et les plus particuliers du moment. Le\u00a0trio est un incontournable des sc\u00e8nes polonaises\u00a0et son m\u00e9lange si particulier d\u2019un jazz traditionnel et de sons originaux a s\u00e9duit le public international des amoureux du jazz. Voici une chance unique de d\u00e9couvrir et partager l\u2019\u00e9nergie indomptable et l\u2019alchimie de ces\u00a0musiciens:\\nMarcin Wasilewski,\u00a0pianoS\u0142awomir Kurkiewicz,\u00a0contrebasse\u00a0Micha\u0142 Mi\u015bkiewicz,\u00a0batterie\\nA propos d'ECMPlus de 1500 albums ont \u00e9t\u00e9 diffus\u00e9s sous ce label. D\u2019o\u00f9 des collaborations avec Arvo P\u00e4rt, Keith Jarrett, Paul Bley, Jan Garbarek, Chick Corea, Gary Burton, le Art Ensemble of Chicago et \u00e9galement, avec des compositeurs contemporains comme Steve Reich et Meredith Monk.INFORMATIONS PRATIQUES&gt; O\u00f9?\u00a0studio 4 \u00e0 Flagey\u00a0-\u00a0Place Sainte-Croix, 1050 Bruxelles -\u00a0carte&gt; Quand?\u00a0samedi 23 novembre 2019 -\u00a019:45&gt; Tickets (23\u20ac &gt; 18\u20ac) -\u00a0ici\\nMerci aux partenaires:\u00a0Flagey,\u00a0ECM,\u00a0Goethe-Institut Belgien\"},{\"@type\":\"ImageObject\",\"inLanguage\":\"pl-PL\",\"@id\":\"https:\/\/instytutpolski.pl\/brussels\/2019\/11\/11\/concert-de-marcin-wasilewski-trio\/#primaryimage\",\"url\":\"https:\/\/instytutpolski.pl\/brussels\/wp-content\/uploads\/sites\/4\/2020\/01\/99990en-5.jpg\",\"contentUrl\":\"https:\/\/instytutpolski.pl\/brussels\/wp-content\/uploads\/sites\/4\/2020\/01\/99990en-5.jpg\",\"width\":572,\"height\":427},{\"@type\":\"BreadcrumbList\",\"@id\":\"https:\/\/instytutpolski.pl\/brussels\/2019\/11\/11\/concert-de-marcin-wasilewski-trio\/#breadcrumb\",\"itemListElement\":[{\"@type\":\"ListItem\",\"position\":1,\"name\":\"Home\",\"item\":\"https:\/\/instytutpolski.pl\/brussels\/\"},{\"@type\":\"ListItem\",\"position\":2,\"name\":\"Concert de Marcin Wasilewski Trio\"}]},{\"@type\":\"WebSite\",\"@id\":\"https:\/\/instytutpolski.pl\/brussels\/#website\",\"url\":\"https:\/\/instytutpolski.pl\/brussels\/\",\"name\":\"Instytut Polski w Brukseli\",\"description\":\"Instytuty Polskie\",\"potentialAction\":[{\"@type\":\"SearchAction\",\"target\":{\"@type\":\"EntryPoint\",\"urlTemplate\":\"https:\/\/instytutpolski.pl\/brussels\/?s={search_term_string}\"},\"query-input\":{\"@type\":\"PropertyValueSpecification\",\"valueRequired\":true,\"valueName\":\"search_term_string\"}}],\"inLanguage\":\"pl-PL\"},{\"@type\":\"Person\",\"@id\":\"https:\/\/instytutpolski.pl\/brussels\/#\/schema\/person\/060806f3bd0f53500cac020b44fd024f\",\"name\":\"boleckaa\",\"image\":{\"@type\":\"ImageObject\",\"inLanguage\":\"pl-PL\",\"@id\":\"https:\/\/instytutpolski.pl\/brussels\/#\/schema\/person\/image\/\",\"url\":\"https:\/\/secure.gravatar.com\/avatar\/4be457640dccec8472f09f8f0f8017dd?s=96&d=mm&r=g\",\"contentUrl\":\"https:\/\/secure.gravatar.com\/avatar\/4be457640dccec8472f09f8f0f8017dd?s=96&d=mm&r=g\",\"caption\":\"boleckaa\"},\"sameAs\":[\"boleckaa\"],\"url\":\"https:\/\/instytutpolski.pl\/brussels\/author\/boleckaa\/\"}]}<\/script>\n<!-- \/ Yoast SEO plugin. -->","yoast_head_json":{"title":"Concert de Marcin Wasilewski Trio - Instytut Polski w Brukseli","robots":{"index":"index","follow":"follow","max-snippet":"max-snippet:-1","max-image-preview":"max-image-preview:large","max-video-preview":"max-video-preview:-1"},"canonical":"https:\/\/instytutpolski.pl\/brussels\/2019\/11\/11\/concert-de-marcin-wasilewski-trio\/","og_locale":"pl_PL","og_type":"article","og_title":"Concert de Marcin Wasilewski Trio - Instytut Polski w Brukseli","og_description":"Dans le cadre du 50\u00e8me anniversaire d&#8217;ECM\u00a0(Edition of Contemporay Music), un label ind\u00e9pendant cr\u00e9\u00e9 en novembre 1969 par Manfred Eicher \u00e0 Munich,\u00a0Flagey\u00a0r\u00e9unit pendant quatre jours le meilleur des artistes li\u00e9s au label l\u00e9gendaire. Cette ann\u00e9e 2019 est riche en c\u00e9l\u00e9bration, car\u00a0le\u00a0Trio Marcin Wasilewski\u00a0(site) f\u00eate \u00e9galement son 25e anniversaire. Ce\u00a0trio polonais\u00a0figure parmi les groupes de jazz [&hellip;]","og_url":"https:\/\/instytutpolski.pl\/brussels\/2019\/11\/11\/concert-de-marcin-wasilewski-trio\/","og_site_name":"Instytut Polski w Brukseli","article_published_time":"2019-11-11T16:19:00+00:00","article_modified_time":"2020-01-22T14:43:23+00:00","og_image":[{"width":572,"height":427,"url":"https:\/\/instytutpolski.pl\/brussels\/wp-content\/uploads\/sites\/4\/2020\/01\/99990en-5.jpg","type":"image\/jpeg"}],"author":"boleckaa","twitter_card":"summary_large_image","twitter_misc":{"Napisane przez":"boleckaa","Szacowany czas czytania":"1 minuta"},"schema":{"@context":"https:\/\/schema.org","@graph":[{"@type":"event","@id":"https:\/\/instytutpolski.pl\/brussels\/2019\/11\/11\/concert-de-marcin-wasilewski-trio\/","url":"https:\/\/instytutpolski.pl\/brussels\/2019\/11\/11\/concert-de-marcin-wasilewski-trio\/","name":"Concert de Marcin Wasilewski Trio","isPartOf":{"@id":"https:\/\/instytutpolski.pl\/brussels\/#website"},"primaryImageOfPage":{"@id":"https:\/\/instytutpolski.pl\/brussels\/2019\/11\/11\/concert-de-marcin-wasilewski-trio\/#primaryimage"},"image":["https:\/\/instytutpolski.pl\/brussels\/wp-content\/uploads\/sites\/4\/2020\/01\/99990en-5.jpg","https:\/\/instytutpolski.pl\/brussels\/wp-content\/uploads\/sites\/4\/2020\/01\/99990en-5-300x224.jpg","https:\/\/instytutpolski.pl\/brussels\/wp-content\/uploads\/sites\/4\/2020\/01\/99990en-5.jpg","https:\/\/instytutpolski.pl\/brussels\/wp-content\/uploads\/sites\/4\/2020\/01\/99990en-5.jpg"],"thumbnailUrl":"https:\/\/instytutpolski.pl\/brussels\/wp-content\/uploads\/sites\/4\/2020\/01\/99990en-5.jpg","datePublished":"2019-11-11T16:19:00+02:00","dateModified":"2020-01-22T14:43:23+02:00","author":{"@id":"https:\/\/instytutpolski.pl\/brussels\/#\/schema\/person\/060806f3bd0f53500cac020b44fd024f"},"breadcrumb":{"@id":"https:\/\/instytutpolski.pl\/brussels\/2019\/11\/11\/concert-de-marcin-wasilewski-trio\/#breadcrumb"},"inLanguage":"pl-PL","potentialAction":[{"@type":"ReadAction","target":["https:\/\/instytutpolski.pl\/brussels\/2019\/11\/11\/concert-de-marcin-wasilewski-trio\/"]}],"@context":"https:\/\/schema.org","startDate":"2019-11-23","endDate":"2019-11-23","eventStatus":"EventScheduled","eventAttendanceMode":"OfflineEventAttendanceMode","location":{"@type":"place","name":"","address":"","geo":{"@type":"GeoCoordinates","latitude":"","longitude":""}},"description":"Dans le cadre du 50\u00e8me anniversaire d'ECM\u00a0(Edition of Contemporay Music), un label ind\u00e9pendant cr\u00e9\u00e9 en novembre 1969 par Manfred Eicher \u00e0 Munich,\u00a0Flagey\u00a0r\u00e9unit pendant quatre jours le meilleur des artistes li\u00e9s au label l\u00e9gendaire.Cette ann\u00e9e 2019 est riche en c\u00e9l\u00e9bration, car\u00a0le\u00a0Trio Marcin Wasilewski\u00a0(site) f\u00eate \u00e9galement son 25e anniversaire. Ce\u00a0trio polonais\u00a0figure parmi les groupes de jazz les plus importants et les plus particuliers du moment. Le\u00a0trio est un incontournable des sc\u00e8nes polonaises\u00a0et son m\u00e9lange si particulier d\u2019un jazz traditionnel et de sons originaux a s\u00e9duit le public international des amoureux du jazz. Voici une chance unique de d\u00e9couvrir et partager l\u2019\u00e9nergie indomptable et l\u2019alchimie de ces\u00a0musiciens:\nMarcin Wasilewski,\u00a0pianoS\u0142awomir Kurkiewicz,\u00a0contrebasse\u00a0Micha\u0142 Mi\u015bkiewicz,\u00a0batterie\nA propos d'ECMPlus de 1500 albums ont \u00e9t\u00e9 diffus\u00e9s sous ce label. D\u2019o\u00f9 des collaborations avec Arvo P\u00e4rt, Keith Jarrett, Paul Bley, Jan Garbarek, Chick Corea, Gary Burton, le Art Ensemble of Chicago et \u00e9galement, avec des compositeurs contemporains comme Steve Reich et Meredith Monk.INFORMATIONS PRATIQUES&gt; O\u00f9?\u00a0studio 4 \u00e0 Flagey\u00a0-\u00a0Place Sainte-Croix, 1050 Bruxelles -\u00a0carte&gt; Quand?\u00a0samedi 23 novembre 2019 -\u00a019:45&gt; Tickets (23\u20ac &gt; 18\u20ac) -\u00a0ici\nMerci aux partenaires:\u00a0Flagey,\u00a0ECM,\u00a0Goethe-Institut Belgien"},{"@type":"ImageObject","inLanguage":"pl-PL","@id":"https:\/\/instytutpolski.pl\/brussels\/2019\/11\/11\/concert-de-marcin-wasilewski-trio\/#primaryimage","url":"https:\/\/instytutpolski.pl\/brussels\/wp-content\/uploads\/sites\/4\/2020\/01\/99990en-5.jpg","contentUrl":"https:\/\/instytutpolski.pl\/brussels\/wp-content\/uploads\/sites\/4\/2020\/01\/99990en-5.jpg","width":572,"height":427},{"@type":"BreadcrumbList","@id":"https:\/\/instytutpolski.pl\/brussels\/2019\/11\/11\/concert-de-marcin-wasilewski-trio\/#breadcrumb","itemListElement":[{"@type":"ListItem","position":1,"name":"Home","item":"https:\/\/instytutpolski.pl\/brussels\/"},{"@type":"ListItem","position":2,"name":"Concert de Marcin Wasilewski Trio"}]},{"@type":"WebSite","@id":"https:\/\/instytutpolski.pl\/brussels\/#website","url":"https:\/\/instytutpolski.pl\/brussels\/","name":"Instytut Polski w Brukseli","description":"Instytuty Polskie","potentialAction":[{"@type":"SearchAction","target":{"@type":"EntryPoint","urlTemplate":"https:\/\/instytutpolski.pl\/brussels\/?s={search_term_string}"},"query-input":{"@type":"PropertyValueSpecification","valueRequired":true,"valueName":"search_term_string"}}],"inLanguage":"pl-PL"},{"@type":"Person","@id":"https:\/\/instytutpolski.pl\/brussels\/#\/schema\/person\/060806f3bd0f53500cac020b44fd024f","name":"boleckaa","image":{"@type":"ImageObject","inLanguage":"pl-PL","@id":"https:\/\/instytutpolski.pl\/brussels\/#\/schema\/person\/image\/","url":"https:\/\/secure.gravatar.com\/avatar\/4be457640dccec8472f09f8f0f8017dd?s=96&d=mm&r=g","contentUrl":"https:\/\/secure.gravatar.com\/avatar\/4be457640dccec8472f09f8f0f8017dd?s=96&d=mm&r=g","caption":"boleckaa"},"sameAs":["boleckaa"],"url":"https:\/\/instytutpolski.pl\/brussels\/author\/boleckaa\/"}]}},"_links":{"self":[{"href":"https:\/\/instytutpolski.pl\/brussels\/wp-json\/wp\/v2\/posts\/1548","targetHints":{"allow":["GET"]}}],"collection":[{"href":"https:\/\/instytutpolski.pl\/brussels\/wp-json\/wp\/v2\/posts"}],"about":[{"href":"https:\/\/instytutpolski.pl\/brussels\/wp-json\/wp\/v2\/types\/post"}],"author":[{"embeddable":true,"href":"https:\/\/instytutpolski.pl\/brussels\/wp-json\/wp\/v2\/users\/72"}],"replies":[{"embeddable":true,"href":"https:\/\/instytutpolski.pl\/brussels\/wp-json\/wp\/v2\/comments?post=1548"}],"version-history":[{"count":5,"href":"https:\/\/instytutpolski.pl\/brussels\/wp-json\/wp\/v2\/posts\/1548\/revisions"}],"predecessor-version":[{"id":1553,"href":"https:\/\/instytutpolski.pl\/brussels\/wp-json\/wp\/v2\/posts\/1548\/revisions\/1553"}],"wp:featuredmedia":[{"embeddable":true,"href":"https:\/\/instytutpolski.pl\/brussels\/wp-json\/wp\/v2\/media\/1344"}],"wp:attachment":[{"href":"https:\/\/instytutpolski.pl\/brussels\/wp-json\/wp\/v2\/media?parent=1548"}],"wp:term":[{"taxonomy":"category","embeddable":true,"href":"https:\/\/instytutpolski.pl\/brussels\/wp-json\/wp\/v2\/categories?post=1548"},{"taxonomy":"post_tag","embeddable":true,"href":"https:\/\/instytutpolski.pl\/brussels\/wp-json\/wp\/v2\/tags?post=1548"}],"curies":[{"name":"wp","href":"https:\/\/api.w.org\/{rel}","templated":true}]}}