{"id":19921,"date":"2026-04-29T10:04:04","date_gmt":"2026-04-29T08:04:04","guid":{"rendered":"https:\/\/instytutpolski.pl\/brussels\/?p=19921"},"modified":"2026-04-30T11:58:30","modified_gmt":"2026-04-30T09:58:30","slug":"les-perles-de-la-danse-2026-pour-piotr-nardelli","status":"publish","type":"post","link":"https:\/\/instytutpolski.pl\/brussels\/2026\/04\/29\/les-perles-de-la-danse-2026-pour-piotr-nardelli\/","title":{"rendered":"\u00ab Perles de la danse \u00bb 2026 pour Piotr Nardelli"},"content":{"rendered":"\n<p><img loading=\"lazy\" decoding=\"async\" class=\"wp-image-19999 size-medium aligncenter\" src=\"https:\/\/instytutpolski.pl\/brussels\/wp-content\/uploads\/sites\/4\/2026\/04\/statuetka-zdjecie-nowe-225x300.jpg\" alt=\"\" width=\"225\" height=\"300\" srcset=\"https:\/\/instytutpolski.pl\/brussels\/wp-content\/uploads\/sites\/4\/2026\/04\/statuetka-zdjecie-nowe-225x300.jpg 225w, https:\/\/instytutpolski.pl\/brussels\/wp-content\/uploads\/sites\/4\/2026\/04\/statuetka-zdjecie-nowe-768x1024.jpg 768w, https:\/\/instytutpolski.pl\/brussels\/wp-content\/uploads\/sites\/4\/2026\/04\/statuetka-zdjecie-nowe-1152x1536.jpg 1152w, https:\/\/instytutpolski.pl\/brussels\/wp-content\/uploads\/sites\/4\/2026\/04\/statuetka-zdjecie-nowe-1536x2048.jpg 1536w, https:\/\/instytutpolski.pl\/brussels\/wp-content\/uploads\/sites\/4\/2026\/04\/statuetka-zdjecie-nowe-scaled.jpg 1920w\" sizes=\"auto, (max-width: 225px) 100vw, 225px\" \/><\/p>\n<p>La c\u00e9r\u00e9monie de remise du prix <em>Perles de la danse<\/em> en l\u2019honneur de Piotr Nardelli se tiendra sur la sc\u00e8ne du Cirque Royal \u00e0 Bruxelles, \u00e0 l\u2019issue du spectacle de l\u2019apr\u00e8s-midi <em>Bye Bye Baby Blackbird <\/em>et<em> Dionysos (Suite) <\/em>du B\u00e9jart Ballet Lausanne, le 9 mai 2026.<\/p>\n<p>Ce prix, d\u00e9cern\u00e9 par la Fondation pour l\u2019Art de la Danse, distingue des artistes de ballet polonais \u00e9minents et particuli\u00e8rement m\u00e9ritants. Cette ann\u00e9e, il est attribu\u00e9 \u00e0 <strong>Piotr Nardelli<\/strong>, danseur et p\u00e9dagogue dont la carri\u00e8re artistique est \u00e9troitement li\u00e9e \u00e0 l\u2019\u0153uvre de Maurice B\u00e9jart.<\/p>\n<p>L\u2019Institut Polonais de Bruxelles, en collaboration avec la Fondation pour l\u2019Art de la Danse, rendra hommage \u00e0 l\u2019artiste lors de cette c\u00e9r\u00e9monie exceptionnelle.<\/p>\n<hr \/><hr \/>\n<p><img loading=\"lazy\" decoding=\"async\" class=\"size-medium wp-image-19922 alignleft\" src=\"https:\/\/instytutpolski.pl\/brussels\/wp-content\/uploads\/sites\/4\/2026\/04\/3.-Zdjecie-Piotr-Nardell-fot.-Andrzeaj-Ziemski-225x300.jpg\" alt=\"\" width=\"225\" height=\"300\" srcset=\"https:\/\/instytutpolski.pl\/brussels\/wp-content\/uploads\/sites\/4\/2026\/04\/3.-Zdjecie-Piotr-Nardell-fot.-Andrzeaj-Ziemski-225x300.jpg 225w, https:\/\/instytutpolski.pl\/brussels\/wp-content\/uploads\/sites\/4\/2026\/04\/3.-Zdjecie-Piotr-Nardell-fot.-Andrzeaj-Ziemski-768x1024.jpg 768w, https:\/\/instytutpolski.pl\/brussels\/wp-content\/uploads\/sites\/4\/2026\/04\/3.-Zdjecie-Piotr-Nardell-fot.-Andrzeaj-Ziemski-1152x1536.jpg 1152w, https:\/\/instytutpolski.pl\/brussels\/wp-content\/uploads\/sites\/4\/2026\/04\/3.-Zdjecie-Piotr-Nardell-fot.-Andrzeaj-Ziemski-1536x2048.jpg 1536w, https:\/\/instytutpolski.pl\/brussels\/wp-content\/uploads\/sites\/4\/2026\/04\/3.-Zdjecie-Piotr-Nardell-fot.-Andrzeaj-Ziemski-scaled.jpg 1920w\" sizes=\"auto, (max-width: 225px) 100vw, 225px\" \/><\/p>\n<p><strong>Piotr Nardelli <\/strong>est dipl\u00f4m\u00e9 de l\u2019\u00c9cole de ballet R. Turczynowicz \u00e0 Varsovie en 1966. Il a \u00e9t\u00e9 soliste au Grand Th\u00e9\u00e2tre \u2014 Op\u00e9ra National de Varsovie, o\u00f9 il a notamment interpr\u00e9t\u00e9 les r\u00f4les de Paolo dans Francesca da Rimini, de Mercutio dans \u00ab Rom\u00e9o et Juliette \u00bb et de Basilio dans \u00ab Don Quichotte \u00bb, ainsi que des parties solistes dans les ballets \u00ab Giselle, \u00ab Spartacus \u00bb, \u00ab Cendrillon \u00bb et \u00ab Le Lac des cygnes\u00bb. En 1971, il commence \u00e0 travailler \u00e0 l\u2019Op\u00e9ra de Marseille ainsi qu\u2019au sein de la compagnie de Roland Petit. \u00c0 partir de 1973, il rejoint le Ballet du XXe Si\u00e8cle de Maurice B\u00e9jart, o\u00f9 il danse dans de nombreuses productions du r\u00e9pertoire de la compagnie. En 1975, il participe \u00e0 la r\u00e9alisation du ballet \u00ab\u202fBol\u00e9ro\u202f\u00bb, chor\u00e9graphi\u00e9 par Maurice B\u00e9jart pour Ma\u00efa Plissetska\u00efa, au sein du Th\u00e9\u00e2tre Bolcho\u00ef de Moscou. En 1979, il entame une carri\u00e8re p\u00e9dagogique. \u00c0 Bruxelles, il fonde avec Andrzej Ziemski l\u2019\u00e9cole de danse Balletomania, tout en enseignant \u00e0 l\u2019\u00e9cole renomm\u00e9e de Maurice B\u00e9jart Mudra. En tant que p\u00e9dagogue, il est r\u00e9guli\u00e8rement invit\u00e9 \u00e0 collaborer avec de nombreuses compagnies \u00e0 travers le monde, parmi lesquelles le Grand Th\u00e9\u00e2tre \u2013 Op\u00e9ra national de Varsovie, les Grands Th\u00e9\u00e2tres de Pozna\u0144 et de \u0141\u00f3d\u017a, les op\u00e9ras de Sil\u00e9sie et de Wroc\u0142aw, l\u2019Op\u00e9ra de Paris, le Teatro alla Scala de Milan, les Ballets royaux de Su\u00e8de et du Danemark, l\u2019Opera Ballet Vlaanderen, l\u2019Op\u00e9ra de Naples, l\u2019Op\u00e9ra national de Finlande, le Th\u00e9\u00e2tre Bolcho\u00ef, ainsi que des maisons d\u2019op\u00e9ra \u00e0 Berlin et Stuttgart, le Tokyo Ballet, le Shanghai Ballet, le Ballet de Santiago et le Ballet d\u2019Australie. Seul Polonais \u00e0 avoir re\u00e7u l\u2019autorisation de Maurice B\u00e9jart de transmettre ses chor\u00e9graphies, il a notamment assur\u00e9 la transmission d\u2019\u0153uvres telles que la \u00ab\u202fIXe Symphonie de Beethoven\u202f\u00bb, \u00ab\u202fPetrouchka\u202f\u00bb, \u00ab\u202fBol\u00e9ro\u202f\u00bb, \u00ab\u202fLa Luna\u202f\u00bb, \u00ab\u202fLa Vie parisienne\u202f\u00bb, entre autres.<\/p>\n<p style=\"text-align: center\"><span style=\"color: #ff0000\"><strong>9 mai 2026<br \/><\/strong><\/span><span style=\"color: #000000\"><strong>\u00e0\u00a0l&#8217;issue du spectacle <em>Bye Bye Baby Blackbird <\/em>et<em> Dionysos (Suite)<br \/><\/em><\/strong><\/span><strong style=\"font-size: revert\">remise du prix <em>Perles de la danse<\/em> en l\u2019honneur de Piotr Nardelli<\/strong><\/p>\n<p style=\"text-align: center\"><strong>Cirque Royal<br \/><\/strong>Rue de l&#8217;Enseignement 81, 1000 Bruxelles <br \/><a href=\"https:\/\/www.ticketmaster.be\/event\/bejart-ballet-lausanne-tickets\/2056220616?language=fr-be\">Billets<\/a><\/p>\n<p style=\"text-align: center\"><img loading=\"lazy\" decoding=\"async\" class=\"alignnone size-medium wp-image-19931\" src=\"https:\/\/instytutpolski.pl\/brussels\/wp-content\/uploads\/sites\/4\/2026\/04\/Obraz1-1-300x119.jpg\" alt=\"\" width=\"300\" height=\"119\" srcset=\"https:\/\/instytutpolski.pl\/brussels\/wp-content\/uploads\/sites\/4\/2026\/04\/Obraz1-1-300x119.jpg 300w, https:\/\/instytutpolski.pl\/brussels\/wp-content\/uploads\/sites\/4\/2026\/04\/Obraz1-1-1024x407.jpg 1024w, https:\/\/instytutpolski.pl\/brussels\/wp-content\/uploads\/sites\/4\/2026\/04\/Obraz1-1-768x305.jpg 768w, https:\/\/instytutpolski.pl\/brussels\/wp-content\/uploads\/sites\/4\/2026\/04\/Obraz1-1-1536x611.jpg 1536w, https:\/\/instytutpolski.pl\/brussels\/wp-content\/uploads\/sites\/4\/2026\/04\/Obraz1-1.jpg 1564w\" sizes=\"auto, (max-width: 300px) 100vw, 300px\" \/>\u00a0 \u00a0 \u00a0 \u00a0 \u00a0 \u00a0 \u00a0\u00a0 <img loading=\"lazy\" decoding=\"async\" class=\"alignnone  wp-image-19935\" src=\"https:\/\/instytutpolski.pl\/brussels\/wp-content\/uploads\/sites\/4\/2026\/04\/BBL_logo_Noir_2024_Transp-300x198.png\" alt=\"\" width=\"176\" height=\"116\" srcset=\"https:\/\/instytutpolski.pl\/brussels\/wp-content\/uploads\/sites\/4\/2026\/04\/BBL_logo_Noir_2024_Transp-300x198.png 300w, https:\/\/instytutpolski.pl\/brussels\/wp-content\/uploads\/sites\/4\/2026\/04\/BBL_logo_Noir_2024_Transp-1024x675.png 1024w, https:\/\/instytutpolski.pl\/brussels\/wp-content\/uploads\/sites\/4\/2026\/04\/BBL_logo_Noir_2024_Transp-768x506.png 768w, https:\/\/instytutpolski.pl\/brussels\/wp-content\/uploads\/sites\/4\/2026\/04\/BBL_logo_Noir_2024_Transp.png 1181w\" sizes=\"auto, (max-width: 176px) 100vw, 176px\" \/><\/p>\n<p style=\"text-align: center\">\u00a0<\/p>\n","protected":false},"excerpt":{"rendered":"<p>La c\u00e9r\u00e9monie de remise du prix Perles de la danse en l\u2019honneur de Piotr Nardelli se tiendra sur la sc\u00e8ne du Cirque Royal \u00e0 Bruxelles, \u00e0 l\u2019issue du spectacle de l\u2019apr\u00e8s-midi Bye Bye Baby Blackbird et Dionysos (Suite) du B\u00e9jart Ballet Lausanne, le 9 mai 2026. Ce prix, d\u00e9cern\u00e9 par la Fondation pour l\u2019Art de [&hellip;]<\/p>\n","protected":false},"author":227,"featured_media":19924,"comment_status":"open","ping_status":"open","sticky":false,"template":"","format":"standard","meta":{"inline_featured_image":false,"_monsterinsights_skip_tracking":false,"_monsterinsights_sitenote_active":false,"_monsterinsights_sitenote_note":"","_monsterinsights_sitenote_category":0,"footnotes":""},"categories":[15,94,72],"tags":[],"class_list":["post-19921","post","type-post","status-publish","format-standard","has-post-thumbnail","hentry","category-actualites","category-arts-fr","category-programme"],"yoast_head":"<!-- This site is optimized with the Yoast SEO plugin v24.6 - https:\/\/yoast.com\/wordpress\/plugins\/seo\/ -->\n<title>\u00ab Perles de la danse \u00bb 2026 pour Piotr Nardelli - Instytut Polski w Brukseli<\/title>\n<meta name=\"robots\" content=\"index, follow, max-snippet:-1, max-image-preview:large, max-video-preview:-1\" \/>\n<link rel=\"canonical\" href=\"https:\/\/instytutpolski.pl\/brussels\/2026\/04\/29\/les-perles-de-la-danse-2026-pour-piotr-nardelli\/\" \/>\n<meta property=\"og:locale\" content=\"pl_PL\" \/>\n<meta property=\"og:type\" content=\"article\" \/>\n<meta property=\"og:title\" content=\"\u00ab Perles de la danse \u00bb 2026 pour Piotr Nardelli - Instytut Polski w Brukseli\" \/>\n<meta property=\"og:description\" content=\"La c\u00e9r\u00e9monie de remise du prix Perles de la danse en l\u2019honneur de Piotr Nardelli se tiendra sur la sc\u00e8ne du Cirque Royal \u00e0 Bruxelles, \u00e0 l\u2019issue du spectacle de l\u2019apr\u00e8s-midi Bye Bye Baby Blackbird et Dionysos (Suite) du B\u00e9jart Ballet Lausanne, le 9 mai 2026. Ce prix, d\u00e9cern\u00e9 par la Fondation pour l\u2019Art de [&hellip;]\" \/>\n<meta property=\"og:url\" content=\"https:\/\/instytutpolski.pl\/brussels\/2026\/04\/29\/les-perles-de-la-danse-2026-pour-piotr-nardelli\/\" \/>\n<meta property=\"og:site_name\" content=\"Instytut Polski w Brukseli\" \/>\n<meta property=\"article:published_time\" content=\"2026-04-29T08:04:04+00:00\" \/>\n<meta property=\"article:modified_time\" content=\"2026-04-30T09:58:30+00:00\" \/>\n<meta property=\"og:image\" content=\"https:\/\/instytutpolski.pl\/brussels\/wp-content\/uploads\/sites\/4\/2026\/04\/IMG_MAURICE-BEJART-MANUEL-THIBEAU-IX-ZDJECIE-FRANCETTE-LEVIS-SYMFONII4961-scaled.jpg\" \/>\n\t<meta property=\"og:image:width\" content=\"1919\" \/>\n\t<meta property=\"og:image:height\" content=\"2560\" \/>\n\t<meta property=\"og:image:type\" content=\"image\/jpeg\" \/>\n<meta name=\"author\" content=\"missonea\" \/>\n<meta name=\"twitter:card\" content=\"summary_large_image\" \/>\n<meta name=\"twitter:label1\" content=\"Napisane przez\" \/>\n\t<meta name=\"twitter:data1\" content=\"missonea\" \/>\n\t<meta name=\"twitter:label2\" content=\"Szacowany czas czytania\" \/>\n\t<meta name=\"twitter:data2\" content=\"4 minuty\" \/>\n<script type=\"application\/ld+json\" class=\"yoast-schema-graph\">{\"@context\":\"https:\/\/schema.org\",\"@graph\":[{\"@type\":\"event\",\"@id\":\"https:\/\/instytutpolski.pl\/brussels\/2026\/04\/29\/les-perles-de-la-danse-2026-pour-piotr-nardelli\/\",\"url\":\"https:\/\/instytutpolski.pl\/brussels\/2026\/04\/29\/les-perles-de-la-danse-2026-pour-piotr-nardelli\/\",\"name\":\"\u00ab Perles de la danse \u00bb 2026 pour Piotr Nardelli\",\"isPartOf\":{\"@id\":\"https:\/\/instytutpolski.pl\/brussels\/#website\"},\"primaryImageOfPage\":{\"@id\":\"https:\/\/instytutpolski.pl\/brussels\/2026\/04\/29\/les-perles-de-la-danse-2026-pour-piotr-nardelli\/#primaryimage\"},\"image\":[\"https:\/\/instytutpolski.pl\/brussels\/wp-content\/uploads\/sites\/4\/2026\/04\/IMG_MAURICE-BEJART-MANUEL-THIBEAU-IX-ZDJECIE-FRANCETTE-LEVIS-SYMFONII4961-scaled.jpg\",\"https:\/\/instytutpolski.pl\/brussels\/wp-content\/uploads\/sites\/4\/2026\/04\/IMG_MAURICE-BEJART-MANUEL-THIBEAU-IX-ZDJECIE-FRANCETTE-LEVIS-SYMFONII4961-225x300.jpg\",\"https:\/\/instytutpolski.pl\/brussels\/wp-content\/uploads\/sites\/4\/2026\/04\/IMG_MAURICE-BEJART-MANUEL-THIBEAU-IX-ZDJECIE-FRANCETTE-LEVIS-SYMFONII4961-768x1024.jpg\",\"https:\/\/instytutpolski.pl\/brussels\/wp-content\/uploads\/sites\/4\/2026\/04\/IMG_MAURICE-BEJART-MANUEL-THIBEAU-IX-ZDJECIE-FRANCETTE-LEVIS-SYMFONII4961-scaled.jpg\"],\"thumbnailUrl\":\"https:\/\/instytutpolski.pl\/brussels\/wp-content\/uploads\/sites\/4\/2026\/04\/IMG_MAURICE-BEJART-MANUEL-THIBEAU-IX-ZDJECIE-FRANCETTE-LEVIS-SYMFONII4961-scaled.jpg\",\"datePublished\":\"2026-04-29T08:04:04+02:00\",\"dateModified\":\"2026-04-30T09:58:30+02:00\",\"author\":{\"@id\":\"https:\/\/instytutpolski.pl\/brussels\/#\/schema\/person\/f41db53be78e91d342f7df407326d8f7\"},\"breadcrumb\":{\"@id\":\"https:\/\/instytutpolski.pl\/brussels\/2026\/04\/29\/les-perles-de-la-danse-2026-pour-piotr-nardelli\/#breadcrumb\"},\"inLanguage\":\"pl-PL\",\"potentialAction\":[{\"@type\":\"ReadAction\",\"target\":[\"https:\/\/instytutpolski.pl\/brussels\/2026\/04\/29\/les-perles-de-la-danse-2026-pour-piotr-nardelli\/\"]}],\"@context\":\"https:\/\/schema.org\",\"startDate\":\"2026-05-09T05:00:00+02:00\",\"endDate\":\"2026-05-09T06:00:00+02:00\",\"eventStatus\":\"EventScheduled\",\"eventAttendanceMode\":\"OfflineEventAttendanceMode\",\"location\":{\"@type\":\"place\",\"name\":\"\",\"address\":\"\",\"geo\":{\"@type\":\"GeoCoordinates\",\"latitude\":\"\",\"longitude\":\"\"}},\"description\":\"La c\u00e9r\u00e9monie de remise du prix Perles de la danse en l\u2019honneur de Piotr Nardelli se tiendra sur la sc\u00e8ne du Cirque Royal \u00e0 Bruxelles, \u00e0 l\u2019issue du spectacle de l\u2019apr\u00e8s-midi Bye Bye Baby Blackbird et Dionysos (Suite) du B\u00e9jart Ballet Lausanne, le 9 mai 2026.\\nCe prix, d\u00e9cern\u00e9 par la Fondation pour l\u2019Art de la Danse, distingue des artistes de ballet polonais \u00e9minents et particuli\u00e8rement m\u00e9ritants. Cette ann\u00e9e, il est attribu\u00e9 \u00e0 Piotr Nardelli, danseur et p\u00e9dagogue dont la carri\u00e8re artistique est \u00e9troitement li\u00e9e \u00e0 l\u2019\u0153uvre de Maurice B\u00e9jart.\\nL\u2019Institut Polonais de Bruxelles, en collaboration avec la Fondation pour l\u2019Art de la Danse, rendra hommage \u00e0 l\u2019artiste lors de cette c\u00e9r\u00e9monie exceptionnelle.\\nPiotr Nardelli est dipl\u00f4m\u00e9 de l\u2019\u00c9cole de ballet R. Turczynowicz \u00e0 Varsovie en 1966. Il a \u00e9t\u00e9 soliste au Grand Th\u00e9\u00e2tre \u2014 Op\u00e9ra National de Varsovie, o\u00f9 il a notamment interpr\u00e9t\u00e9 les r\u00f4les de Paolo dans Francesca da Rimini, de Mercutio dans \u00ab Rom\u00e9o et Juliette \u00bb et de Basilio dans \u00ab Don Quichotte \u00bb, ainsi que des parties solistes dans les ballets \u00ab Giselle, \u00ab Spartacus \u00bb, \u00ab Cendrillon \u00bb et \u00ab Le Lac des cygnes\u00bb. En 1971, il commence \u00e0 travailler \u00e0 l\u2019Op\u00e9ra de Marseille ainsi qu\u2019au sein de la compagnie de Roland Petit. \u00c0 partir de 1973, il rejoint le Ballet du XXe Si\u00e8cle de Maurice B\u00e9jart, o\u00f9 il danse dans de nombreuses productions du r\u00e9pertoire de la compagnie. En 1975, il participe \u00e0 la r\u00e9alisation du ballet \u00ab\u202fBol\u00e9ro\u202f\u00bb, chor\u00e9graphi\u00e9 par Maurice B\u00e9jart pour Ma\u00efa Plissetska\u00efa, au sein du Th\u00e9\u00e2tre Bolcho\u00ef de Moscou. En 1979, il entame une carri\u00e8re p\u00e9dagogique. \u00c0 Bruxelles, il fonde avec Andrzej Ziemski l\u2019\u00e9cole de danse Balletomania, tout en enseignant \u00e0 l\u2019\u00e9cole renomm\u00e9e de Maurice B\u00e9jart Mudra. En tant que p\u00e9dagogue, il est r\u00e9guli\u00e8rement invit\u00e9 \u00e0 collaborer avec de nombreuses compagnies \u00e0 travers le monde, parmi lesquelles le Grand Th\u00e9\u00e2tre \u2013 Op\u00e9ra national de Varsovie, les Grands Th\u00e9\u00e2tres de Pozna\u0144 et de \u0141\u00f3d\u017a, les op\u00e9ras de Sil\u00e9sie et de Wroc\u0142aw, l\u2019Op\u00e9ra de Paris, le Teatro alla Scala de Milan, les Ballets royaux de Su\u00e8de et du Danemark, l\u2019Opera Ballet Vlaanderen, l\u2019Op\u00e9ra de Naples, l\u2019Op\u00e9ra national de Finlande, le Th\u00e9\u00e2tre Bolcho\u00ef, ainsi que des maisons d\u2019op\u00e9ra \u00e0 Berlin et Stuttgart, le Tokyo Ballet, le Shanghai Ballet, le Ballet de Santiago et le Ballet d\u2019Australie. Seul Polonais \u00e0 avoir re\u00e7u l\u2019autorisation de Maurice B\u00e9jart de transmettre ses chor\u00e9graphies, il a notamment assur\u00e9 la transmission d\u2019\u0153uvres telles que la \u00ab\u202fIXe Symphonie de Beethoven\u202f\u00bb, \u00ab\u202fPetrouchka\u202f\u00bb, \u00ab\u202fBol\u00e9ro\u202f\u00bb, \u00ab\u202fLa Luna\u202f\u00bb, \u00ab\u202fLa Vie parisienne\u202f\u00bb, entre autres.\\n9 mai 2026\u00e0\u00a0l'issue du spectacle Bye Bye Baby Blackbird et Dionysos (Suite)remise du prix Perles de la danse en l\u2019honneur de Piotr Nardelli\\nCirque RoyalRue de l'Enseignement 81, 1000 Bruxelles Billets\\n\u00a0 \u00a0 \u00a0 \u00a0 \u00a0 \u00a0 \u00a0\u00a0 \\n\u00a0\"},{\"@type\":\"ImageObject\",\"inLanguage\":\"pl-PL\",\"@id\":\"https:\/\/instytutpolski.pl\/brussels\/2026\/04\/29\/les-perles-de-la-danse-2026-pour-piotr-nardelli\/#primaryimage\",\"url\":\"https:\/\/instytutpolski.pl\/brussels\/wp-content\/uploads\/sites\/4\/2026\/04\/IMG_MAURICE-BEJART-MANUEL-THIBEAU-IX-ZDJECIE-FRANCETTE-LEVIS-SYMFONII4961-scaled.jpg\",\"contentUrl\":\"https:\/\/instytutpolski.pl\/brussels\/wp-content\/uploads\/sites\/4\/2026\/04\/IMG_MAURICE-BEJART-MANUEL-THIBEAU-IX-ZDJECIE-FRANCETTE-LEVIS-SYMFONII4961-scaled.jpg\",\"width\":1919,\"height\":2560},{\"@type\":\"BreadcrumbList\",\"@id\":\"https:\/\/instytutpolski.pl\/brussels\/2026\/04\/29\/les-perles-de-la-danse-2026-pour-piotr-nardelli\/#breadcrumb\",\"itemListElement\":[{\"@type\":\"ListItem\",\"position\":1,\"name\":\"Home\",\"item\":\"https:\/\/instytutpolski.pl\/brussels\/\"},{\"@type\":\"ListItem\",\"position\":2,\"name\":\"\u00ab Perles de la danse \u00bb 2026 pour Piotr Nardelli\"}]},{\"@type\":\"WebSite\",\"@id\":\"https:\/\/instytutpolski.pl\/brussels\/#website\",\"url\":\"https:\/\/instytutpolski.pl\/brussels\/\",\"name\":\"Instytut Polski w Brukseli\",\"description\":\"Instytuty Polskie\",\"potentialAction\":[{\"@type\":\"SearchAction\",\"target\":{\"@type\":\"EntryPoint\",\"urlTemplate\":\"https:\/\/instytutpolski.pl\/brussels\/?s={search_term_string}\"},\"query-input\":{\"@type\":\"PropertyValueSpecification\",\"valueRequired\":true,\"valueName\":\"search_term_string\"}}],\"inLanguage\":\"pl-PL\"},{\"@type\":\"Person\",\"@id\":\"https:\/\/instytutpolski.pl\/brussels\/#\/schema\/person\/f41db53be78e91d342f7df407326d8f7\",\"name\":\"missonea\",\"image\":{\"@type\":\"ImageObject\",\"inLanguage\":\"pl-PL\",\"@id\":\"https:\/\/instytutpolski.pl\/brussels\/#\/schema\/person\/image\/\",\"url\":\"https:\/\/secure.gravatar.com\/avatar\/a34ccb132d984086e65e1c2c896f1bc7?s=96&d=mm&r=g\",\"contentUrl\":\"https:\/\/secure.gravatar.com\/avatar\/a34ccb132d984086e65e1c2c896f1bc7?s=96&d=mm&r=g\",\"caption\":\"missonea\"},\"url\":\"https:\/\/instytutpolski.pl\/brussels\/author\/missonea\/\"}]}<\/script>\n<!-- \/ Yoast SEO plugin. -->","yoast_head_json":{"title":"\u00ab Perles de la danse \u00bb 2026 pour Piotr Nardelli - Instytut Polski w Brukseli","robots":{"index":"index","follow":"follow","max-snippet":"max-snippet:-1","max-image-preview":"max-image-preview:large","max-video-preview":"max-video-preview:-1"},"canonical":"https:\/\/instytutpolski.pl\/brussels\/2026\/04\/29\/les-perles-de-la-danse-2026-pour-piotr-nardelli\/","og_locale":"pl_PL","og_type":"article","og_title":"\u00ab Perles de la danse \u00bb 2026 pour Piotr Nardelli - Instytut Polski w Brukseli","og_description":"La c\u00e9r\u00e9monie de remise du prix Perles de la danse en l\u2019honneur de Piotr Nardelli se tiendra sur la sc\u00e8ne du Cirque Royal \u00e0 Bruxelles, \u00e0 l\u2019issue du spectacle de l\u2019apr\u00e8s-midi Bye Bye Baby Blackbird et Dionysos (Suite) du B\u00e9jart Ballet Lausanne, le 9 mai 2026. Ce prix, d\u00e9cern\u00e9 par la Fondation pour l\u2019Art de [&hellip;]","og_url":"https:\/\/instytutpolski.pl\/brussels\/2026\/04\/29\/les-perles-de-la-danse-2026-pour-piotr-nardelli\/","og_site_name":"Instytut Polski w Brukseli","article_published_time":"2026-04-29T08:04:04+00:00","article_modified_time":"2026-04-30T09:58:30+00:00","og_image":[{"width":1919,"height":2560,"url":"https:\/\/instytutpolski.pl\/brussels\/wp-content\/uploads\/sites\/4\/2026\/04\/IMG_MAURICE-BEJART-MANUEL-THIBEAU-IX-ZDJECIE-FRANCETTE-LEVIS-SYMFONII4961-scaled.jpg","type":"image\/jpeg"}],"author":"missonea","twitter_card":"summary_large_image","twitter_misc":{"Napisane przez":"missonea","Szacowany czas czytania":"4 minuty"},"schema":{"@context":"https:\/\/schema.org","@graph":[{"@type":"event","@id":"https:\/\/instytutpolski.pl\/brussels\/2026\/04\/29\/les-perles-de-la-danse-2026-pour-piotr-nardelli\/","url":"https:\/\/instytutpolski.pl\/brussels\/2026\/04\/29\/les-perles-de-la-danse-2026-pour-piotr-nardelli\/","name":"\u00ab Perles de la danse \u00bb 2026 pour Piotr Nardelli","isPartOf":{"@id":"https:\/\/instytutpolski.pl\/brussels\/#website"},"primaryImageOfPage":{"@id":"https:\/\/instytutpolski.pl\/brussels\/2026\/04\/29\/les-perles-de-la-danse-2026-pour-piotr-nardelli\/#primaryimage"},"image":["https:\/\/instytutpolski.pl\/brussels\/wp-content\/uploads\/sites\/4\/2026\/04\/IMG_MAURICE-BEJART-MANUEL-THIBEAU-IX-ZDJECIE-FRANCETTE-LEVIS-SYMFONII4961-scaled.jpg","https:\/\/instytutpolski.pl\/brussels\/wp-content\/uploads\/sites\/4\/2026\/04\/IMG_MAURICE-BEJART-MANUEL-THIBEAU-IX-ZDJECIE-FRANCETTE-LEVIS-SYMFONII4961-225x300.jpg","https:\/\/instytutpolski.pl\/brussels\/wp-content\/uploads\/sites\/4\/2026\/04\/IMG_MAURICE-BEJART-MANUEL-THIBEAU-IX-ZDJECIE-FRANCETTE-LEVIS-SYMFONII4961-768x1024.jpg","https:\/\/instytutpolski.pl\/brussels\/wp-content\/uploads\/sites\/4\/2026\/04\/IMG_MAURICE-BEJART-MANUEL-THIBEAU-IX-ZDJECIE-FRANCETTE-LEVIS-SYMFONII4961-scaled.jpg"],"thumbnailUrl":"https:\/\/instytutpolski.pl\/brussels\/wp-content\/uploads\/sites\/4\/2026\/04\/IMG_MAURICE-BEJART-MANUEL-THIBEAU-IX-ZDJECIE-FRANCETTE-LEVIS-SYMFONII4961-scaled.jpg","datePublished":"2026-04-29T08:04:04+02:00","dateModified":"2026-04-30T09:58:30+02:00","author":{"@id":"https:\/\/instytutpolski.pl\/brussels\/#\/schema\/person\/f41db53be78e91d342f7df407326d8f7"},"breadcrumb":{"@id":"https:\/\/instytutpolski.pl\/brussels\/2026\/04\/29\/les-perles-de-la-danse-2026-pour-piotr-nardelli\/#breadcrumb"},"inLanguage":"pl-PL","potentialAction":[{"@type":"ReadAction","target":["https:\/\/instytutpolski.pl\/brussels\/2026\/04\/29\/les-perles-de-la-danse-2026-pour-piotr-nardelli\/"]}],"@context":"https:\/\/schema.org","startDate":"2026-05-09T05:00:00+02:00","endDate":"2026-05-09T06:00:00+02:00","eventStatus":"EventScheduled","eventAttendanceMode":"OfflineEventAttendanceMode","location":{"@type":"place","name":"","address":"","geo":{"@type":"GeoCoordinates","latitude":"","longitude":""}},"description":"La c\u00e9r\u00e9monie de remise du prix Perles de la danse en l\u2019honneur de Piotr Nardelli se tiendra sur la sc\u00e8ne du Cirque Royal \u00e0 Bruxelles, \u00e0 l\u2019issue du spectacle de l\u2019apr\u00e8s-midi Bye Bye Baby Blackbird et Dionysos (Suite) du B\u00e9jart Ballet Lausanne, le 9 mai 2026.\nCe prix, d\u00e9cern\u00e9 par la Fondation pour l\u2019Art de la Danse, distingue des artistes de ballet polonais \u00e9minents et particuli\u00e8rement m\u00e9ritants. Cette ann\u00e9e, il est attribu\u00e9 \u00e0 Piotr Nardelli, danseur et p\u00e9dagogue dont la carri\u00e8re artistique est \u00e9troitement li\u00e9e \u00e0 l\u2019\u0153uvre de Maurice B\u00e9jart.\nL\u2019Institut Polonais de Bruxelles, en collaboration avec la Fondation pour l\u2019Art de la Danse, rendra hommage \u00e0 l\u2019artiste lors de cette c\u00e9r\u00e9monie exceptionnelle.\nPiotr Nardelli est dipl\u00f4m\u00e9 de l\u2019\u00c9cole de ballet R. Turczynowicz \u00e0 Varsovie en 1966. Il a \u00e9t\u00e9 soliste au Grand Th\u00e9\u00e2tre \u2014 Op\u00e9ra National de Varsovie, o\u00f9 il a notamment interpr\u00e9t\u00e9 les r\u00f4les de Paolo dans Francesca da Rimini, de Mercutio dans \u00ab Rom\u00e9o et Juliette \u00bb et de Basilio dans \u00ab Don Quichotte \u00bb, ainsi que des parties solistes dans les ballets \u00ab Giselle, \u00ab Spartacus \u00bb, \u00ab Cendrillon \u00bb et \u00ab Le Lac des cygnes\u00bb. En 1971, il commence \u00e0 travailler \u00e0 l\u2019Op\u00e9ra de Marseille ainsi qu\u2019au sein de la compagnie de Roland Petit. \u00c0 partir de 1973, il rejoint le Ballet du XXe Si\u00e8cle de Maurice B\u00e9jart, o\u00f9 il danse dans de nombreuses productions du r\u00e9pertoire de la compagnie. En 1975, il participe \u00e0 la r\u00e9alisation du ballet \u00ab\u202fBol\u00e9ro\u202f\u00bb, chor\u00e9graphi\u00e9 par Maurice B\u00e9jart pour Ma\u00efa Plissetska\u00efa, au sein du Th\u00e9\u00e2tre Bolcho\u00ef de Moscou. En 1979, il entame une carri\u00e8re p\u00e9dagogique. \u00c0 Bruxelles, il fonde avec Andrzej Ziemski l\u2019\u00e9cole de danse Balletomania, tout en enseignant \u00e0 l\u2019\u00e9cole renomm\u00e9e de Maurice B\u00e9jart Mudra. En tant que p\u00e9dagogue, il est r\u00e9guli\u00e8rement invit\u00e9 \u00e0 collaborer avec de nombreuses compagnies \u00e0 travers le monde, parmi lesquelles le Grand Th\u00e9\u00e2tre \u2013 Op\u00e9ra national de Varsovie, les Grands Th\u00e9\u00e2tres de Pozna\u0144 et de \u0141\u00f3d\u017a, les op\u00e9ras de Sil\u00e9sie et de Wroc\u0142aw, l\u2019Op\u00e9ra de Paris, le Teatro alla Scala de Milan, les Ballets royaux de Su\u00e8de et du Danemark, l\u2019Opera Ballet Vlaanderen, l\u2019Op\u00e9ra de Naples, l\u2019Op\u00e9ra national de Finlande, le Th\u00e9\u00e2tre Bolcho\u00ef, ainsi que des maisons d\u2019op\u00e9ra \u00e0 Berlin et Stuttgart, le Tokyo Ballet, le Shanghai Ballet, le Ballet de Santiago et le Ballet d\u2019Australie. Seul Polonais \u00e0 avoir re\u00e7u l\u2019autorisation de Maurice B\u00e9jart de transmettre ses chor\u00e9graphies, il a notamment assur\u00e9 la transmission d\u2019\u0153uvres telles que la \u00ab\u202fIXe Symphonie de Beethoven\u202f\u00bb, \u00ab\u202fPetrouchka\u202f\u00bb, \u00ab\u202fBol\u00e9ro\u202f\u00bb, \u00ab\u202fLa Luna\u202f\u00bb, \u00ab\u202fLa Vie parisienne\u202f\u00bb, entre autres.\n9 mai 2026\u00e0\u00a0l'issue du spectacle Bye Bye Baby Blackbird et Dionysos (Suite)remise du prix Perles de la danse en l\u2019honneur de Piotr Nardelli\nCirque RoyalRue de l'Enseignement 81, 1000 Bruxelles Billets\n\u00a0 \u00a0 \u00a0 \u00a0 \u00a0 \u00a0 \u00a0\u00a0 \n\u00a0"},{"@type":"ImageObject","inLanguage":"pl-PL","@id":"https:\/\/instytutpolski.pl\/brussels\/2026\/04\/29\/les-perles-de-la-danse-2026-pour-piotr-nardelli\/#primaryimage","url":"https:\/\/instytutpolski.pl\/brussels\/wp-content\/uploads\/sites\/4\/2026\/04\/IMG_MAURICE-BEJART-MANUEL-THIBEAU-IX-ZDJECIE-FRANCETTE-LEVIS-SYMFONII4961-scaled.jpg","contentUrl":"https:\/\/instytutpolski.pl\/brussels\/wp-content\/uploads\/sites\/4\/2026\/04\/IMG_MAURICE-BEJART-MANUEL-THIBEAU-IX-ZDJECIE-FRANCETTE-LEVIS-SYMFONII4961-scaled.jpg","width":1919,"height":2560},{"@type":"BreadcrumbList","@id":"https:\/\/instytutpolski.pl\/brussels\/2026\/04\/29\/les-perles-de-la-danse-2026-pour-piotr-nardelli\/#breadcrumb","itemListElement":[{"@type":"ListItem","position":1,"name":"Home","item":"https:\/\/instytutpolski.pl\/brussels\/"},{"@type":"ListItem","position":2,"name":"\u00ab Perles de la danse \u00bb 2026 pour Piotr Nardelli"}]},{"@type":"WebSite","@id":"https:\/\/instytutpolski.pl\/brussels\/#website","url":"https:\/\/instytutpolski.pl\/brussels\/","name":"Instytut Polski w Brukseli","description":"Instytuty Polskie","potentialAction":[{"@type":"SearchAction","target":{"@type":"EntryPoint","urlTemplate":"https:\/\/instytutpolski.pl\/brussels\/?s={search_term_string}"},"query-input":{"@type":"PropertyValueSpecification","valueRequired":true,"valueName":"search_term_string"}}],"inLanguage":"pl-PL"},{"@type":"Person","@id":"https:\/\/instytutpolski.pl\/brussels\/#\/schema\/person\/f41db53be78e91d342f7df407326d8f7","name":"missonea","image":{"@type":"ImageObject","inLanguage":"pl-PL","@id":"https:\/\/instytutpolski.pl\/brussels\/#\/schema\/person\/image\/","url":"https:\/\/secure.gravatar.com\/avatar\/a34ccb132d984086e65e1c2c896f1bc7?s=96&d=mm&r=g","contentUrl":"https:\/\/secure.gravatar.com\/avatar\/a34ccb132d984086e65e1c2c896f1bc7?s=96&d=mm&r=g","caption":"missonea"},"url":"https:\/\/instytutpolski.pl\/brussels\/author\/missonea\/"}]}},"_links":{"self":[{"href":"https:\/\/instytutpolski.pl\/brussels\/wp-json\/wp\/v2\/posts\/19921","targetHints":{"allow":["GET"]}}],"collection":[{"href":"https:\/\/instytutpolski.pl\/brussels\/wp-json\/wp\/v2\/posts"}],"about":[{"href":"https:\/\/instytutpolski.pl\/brussels\/wp-json\/wp\/v2\/types\/post"}],"author":[{"embeddable":true,"href":"https:\/\/instytutpolski.pl\/brussels\/wp-json\/wp\/v2\/users\/227"}],"replies":[{"embeddable":true,"href":"https:\/\/instytutpolski.pl\/brussels\/wp-json\/wp\/v2\/comments?post=19921"}],"version-history":[{"count":14,"href":"https:\/\/instytutpolski.pl\/brussels\/wp-json\/wp\/v2\/posts\/19921\/revisions"}],"predecessor-version":[{"id":20001,"href":"https:\/\/instytutpolski.pl\/brussels\/wp-json\/wp\/v2\/posts\/19921\/revisions\/20001"}],"wp:featuredmedia":[{"embeddable":true,"href":"https:\/\/instytutpolski.pl\/brussels\/wp-json\/wp\/v2\/media\/19924"}],"wp:attachment":[{"href":"https:\/\/instytutpolski.pl\/brussels\/wp-json\/wp\/v2\/media?parent=19921"}],"wp:term":[{"taxonomy":"category","embeddable":true,"href":"https:\/\/instytutpolski.pl\/brussels\/wp-json\/wp\/v2\/categories?post=19921"},{"taxonomy":"post_tag","embeddable":true,"href":"https:\/\/instytutpolski.pl\/brussels\/wp-json\/wp\/v2\/tags?post=19921"}],"curies":[{"name":"wp","href":"https:\/\/api.w.org\/{rel}","templated":true}]}}