{"id":20009,"date":"2026-04-30T14:51:11","date_gmt":"2026-04-30T12:51:11","guid":{"rendered":"https:\/\/instytutpolski.pl\/brussels\/?p=20009"},"modified":"2026-04-30T15:10:44","modified_gmt":"2026-04-30T13:10:44","slug":"offre-demploi-charge%c2%b7e-de-communication-culturelle","status":"publish","type":"post","link":"https:\/\/instytutpolski.pl\/brussels\/2026\/04\/30\/offre-demploi-charge%c2%b7e-de-communication-culturelle\/","title":{"rendered":"Offre d\u2019emploi \u2013 Charg\u00e9\u00b7e de communication culturelle"},"content":{"rendered":"\n<p>Nous recherchons un nouveau talent pour rejoindre notre \u00e9quipe en tant que charg\u00e9(e)\u00a0de communication culturelle (remplacement: juillet &#8211; d\u00e9cembre 2026).<\/p>\n\n\n\n<p><strong>Contexte du poste<\/strong><\/p>\n\n\n\n<p>Dans le cadre d\u2019un remplacement, nous recherchons une personne capable d\u2019assurer la continuit\u00e9, la coh\u00e9rence et la qualit\u00e9 de la communication de l\u2019Institut Polonais.<br>Le poste demande autonomie, rigueur r\u00e9dactionnelle et capacit\u00e9 \u00e0 g\u00e9rer plusieurs projets en parall\u00e8le dans un environnement international et exigeant.<\/p>\n\n\n\n<p><strong>Missions principales<\/strong><\/p>\n\n\n\n<ul class=\"wp-block-list\">\n<li>r\u00e9daction et publication de contenus (site web, r\u00e9seaux sociaux, newsletters)<\/li>\n\n\n\n<li>pr\u00e9paration de communiqu\u00e9s et dossiers de presse<\/li>\n\n\n\n<li>coordination des relations m\u00e9dias et des invitations<\/li>\n\n\n\n<li>suivi \u00e9ditorial des projets culturels (coh\u00e9rence, qualit\u00e9, visibilit\u00e9)<\/li>\n\n\n\n<li>mise \u00e0 jour du site web en plusieurs langues (FR \/ EN \/ NL)<\/li>\n\n\n\n<li>collaboration avec l\u2019\u00e9quipe projets pour assurer la visibilit\u00e9 des \u00e9v\u00e9nements<br><br><\/li>\n<\/ul>\n\n\n\n<p><strong>Profil recherch\u00e9 \u2013 exigences obligatoires<\/strong><\/p>\n\n\n\n<ul class=\"wp-block-list\">\n<li>excellente ma\u00eetrise du fran\u00e7ais \u00e9crit et de l\u2019anglais ou n\u00e9erlandais<\/li>\n\n\n\n<li><strong>ma\u00eetrise du polonais (obligatoire)<\/strong><\/li>\n\n\n\n<li>exp\u00e9rience en communication (culturelle ou institutionnelle)<\/li>\n\n\n\n<li>tr\u00e8s bonnes comp\u00e9tences r\u00e9dactionnelles et sens du d\u00e9tail<\/li>\n\n\n\n<li>capacit\u00e9 \u00e0 travailler de mani\u00e8re autonome et \u00e0 g\u00e9rer plusieurs priorit\u00e9s<\/li>\n\n\n\n<li>rigueur, fiabilit\u00e9 et sens des responsabilit\u00e9s<\/li>\n\n\n\n<li>bonne ma\u00eetrise des r\u00e9seaux sociaux et des outils de publication<\/li>\n\n\n\n<li><strong>aisance dans l\u2019utilisation d\u2019outils graphiques et web (WordPress, Adobe, Canva ou \u00e9quivalents)<\/strong><\/li>\n<\/ul>\n\n\n\n<p><strong>Atouts suppl\u00e9mentaires<\/strong><\/p>\n\n\n\n<ul class=\"wp-block-list\">\n<li>bonne connaissance du paysage culturel en Belgique et\/ou au Luxembourg<\/li>\n\n\n\n<li>connaissance du n\u00e9erlandais<\/li>\n\n\n\n<li>int\u00e9r\u00eat pour la sc\u00e8ne culturelle polonaise<\/li>\n<\/ul>\n\n\n\n<p><strong>Conditions<\/strong><\/p>\n\n\n\n<ul class=\"wp-block-list\">\n<li><strong>Type de contrat :<\/strong> CDD \u2013 remplacement<\/li>\n\n\n\n<li><strong>P\u00e9riode :<\/strong> juillet &#8211; d\u00e9cembre 2026<\/li>\n\n\n\n<li><strong>Temps de travail :<\/strong> 38h\/semaine<\/li>\n\n\n\n<li><strong>Lieu :<\/strong> Bruxelles (Avenue des Gaulois 29, 1040 Etterbeek)<\/li>\n<\/ul>\n\n\n\n<p><strong>Candidature<\/strong><\/p>\n\n\n\n<p>Merci d\u2019envoyer CV et lettre de motivation \u00e0\u00a0<strong>bruksela@instytutpolski.pl<\/strong> jusqu\u2019au 18 mai 2026 (inclus).<\/p>\n\n\n\n\n\n\n","protected":false},"excerpt":{"rendered":"<p>Nous recherchons un nouveau talent pour rejoindre notre \u00e9quipe en tant que charg\u00e9(e)\u00a0de communication culturelle (remplacement: juillet &#8211; d\u00e9cembre 2026). Contexte du poste Dans le cadre d\u2019un remplacement, nous recherchons une personne capable d\u2019assurer la continuit\u00e9, la coh\u00e9rence et la qualit\u00e9 de la communication de l\u2019Institut Polonais.Le poste demande autonomie, rigueur r\u00e9dactionnelle et capacit\u00e9 \u00e0 [&hellip;]<\/p>\n","protected":false},"author":127,"featured_media":6471,"comment_status":"open","ping_status":"open","sticky":true,"template":"","format":"standard","meta":{"inline_featured_image":false,"_monsterinsights_skip_tracking":false,"_monsterinsights_sitenote_active":false,"_monsterinsights_sitenote_note":"","_monsterinsights_sitenote_category":0,"footnotes":""},"categories":[15,108],"tags":[],"class_list":["post-20009","post","type-post","status-publish","format-standard","has-post-thumbnail","hentry","category-actualites","category-autres"],"yoast_head":"<!-- This site is optimized with the Yoast SEO plugin v24.6 - https:\/\/yoast.com\/wordpress\/plugins\/seo\/ -->\n<title>Offre d\u2019emploi \u2013 Charg\u00e9\u00b7e de communication culturelle - Instytut Polski w Brukseli<\/title>\n<meta name=\"robots\" content=\"index, follow, max-snippet:-1, max-image-preview:large, max-video-preview:-1\" \/>\n<link rel=\"canonical\" href=\"https:\/\/instytutpolski.pl\/brussels\/2026\/04\/30\/offre-demploi-charge\u00b7e-de-communication-culturelle\/\" \/>\n<meta property=\"og:locale\" content=\"pl_PL\" \/>\n<meta property=\"og:type\" content=\"article\" \/>\n<meta property=\"og:title\" content=\"Offre d\u2019emploi \u2013 Charg\u00e9\u00b7e de communication culturelle - Instytut Polski w Brukseli\" \/>\n<meta property=\"og:description\" content=\"Nous recherchons un nouveau talent pour rejoindre notre \u00e9quipe en tant que charg\u00e9(e)\u00a0de communication culturelle (remplacement: juillet &#8211; d\u00e9cembre 2026). Contexte du poste Dans le cadre d\u2019un remplacement, nous recherchons une personne capable d\u2019assurer la continuit\u00e9, la coh\u00e9rence et la qualit\u00e9 de la communication de l\u2019Institut Polonais.Le poste demande autonomie, rigueur r\u00e9dactionnelle et capacit\u00e9 \u00e0 [&hellip;]\" \/>\n<meta property=\"og:url\" content=\"https:\/\/instytutpolski.pl\/brussels\/2026\/04\/30\/offre-demploi-charge\u00b7e-de-communication-culturelle\/\" \/>\n<meta property=\"og:site_name\" content=\"Instytut Polski w Brukseli\" \/>\n<meta property=\"article:published_time\" content=\"2026-04-30T12:51:11+00:00\" \/>\n<meta property=\"article:modified_time\" content=\"2026-04-30T13:10:44+00:00\" \/>\n<meta property=\"og:image\" content=\"https:\/\/instytutpolski.pl\/brussels\/wp-content\/uploads\/sites\/4\/2021\/01\/Job-Offer-IP-.png\" \/>\n\t<meta property=\"og:image:width\" content=\"5015\" \/>\n\t<meta property=\"og:image:height\" content=\"2650\" \/>\n\t<meta property=\"og:image:type\" content=\"image\/png\" \/>\n<meta name=\"author\" content=\"dyjakn\" \/>\n<meta name=\"twitter:card\" content=\"summary_large_image\" \/>\n<meta name=\"twitter:label1\" content=\"Napisane przez\" \/>\n\t<meta name=\"twitter:data1\" content=\"dyjakn\" \/>\n\t<meta name=\"twitter:label2\" content=\"Szacowany czas czytania\" \/>\n\t<meta name=\"twitter:data2\" content=\"2 minuty\" \/>\n<script type=\"application\/ld+json\" class=\"yoast-schema-graph\">{\"@context\":\"https:\/\/schema.org\",\"@graph\":[{\"@type\":\"event\",\"@id\":\"https:\/\/instytutpolski.pl\/brussels\/2026\/04\/30\/offre-demploi-charge%c2%b7e-de-communication-culturelle\/\",\"url\":\"https:\/\/instytutpolski.pl\/brussels\/2026\/04\/30\/offre-demploi-charge%c2%b7e-de-communication-culturelle\/\",\"name\":\"Offre d\u2019emploi \u2013 Charg\u00e9\u00b7e de communication culturelle\",\"isPartOf\":{\"@id\":\"https:\/\/instytutpolski.pl\/brussels\/#website\"},\"primaryImageOfPage\":{\"@id\":\"https:\/\/instytutpolski.pl\/brussels\/2026\/04\/30\/offre-demploi-charge%c2%b7e-de-communication-culturelle\/#primaryimage\"},\"image\":[\"https:\/\/instytutpolski.pl\/brussels\/wp-content\/uploads\/sites\/4\/2021\/01\/Job-Offer-IP-.png\",\"https:\/\/instytutpolski.pl\/brussels\/wp-content\/uploads\/sites\/4\/2021\/01\/Job-Offer-IP--300x159.png\",\"https:\/\/instytutpolski.pl\/brussels\/wp-content\/uploads\/sites\/4\/2021\/01\/Job-Offer-IP--1024x541.png\",\"https:\/\/instytutpolski.pl\/brussels\/wp-content\/uploads\/sites\/4\/2021\/01\/Job-Offer-IP-.png\"],\"thumbnailUrl\":\"https:\/\/instytutpolski.pl\/brussels\/wp-content\/uploads\/sites\/4\/2021\/01\/Job-Offer-IP-.png\",\"datePublished\":\"2026-04-30T12:51:11+02:00\",\"dateModified\":\"2026-04-30T13:10:44+02:00\",\"author\":{\"@id\":\"https:\/\/instytutpolski.pl\/brussels\/#\/schema\/person\/ccb27e6f37dc023e9a8d394b9bc37c18\"},\"breadcrumb\":{\"@id\":\"https:\/\/instytutpolski.pl\/brussels\/2026\/04\/30\/offre-demploi-charge%c2%b7e-de-communication-culturelle\/#breadcrumb\"},\"inLanguage\":\"pl-PL\",\"potentialAction\":[{\"@type\":\"ReadAction\",\"target\":[\"https:\/\/instytutpolski.pl\/brussels\/2026\/04\/30\/offre-demploi-charge%c2%b7e-de-communication-culturelle\/\"]}],\"@context\":\"https:\/\/schema.org\",\"startDate\":\"2026-04-30\",\"endDate\":\"2026-05-18\",\"eventStatus\":\"EventScheduled\",\"eventAttendanceMode\":\"OfflineEventAttendanceMode\",\"location\":{\"@type\":\"place\",\"name\":\"\",\"address\":\"\",\"geo\":{\"@type\":\"GeoCoordinates\",\"latitude\":\"\",\"longitude\":\"\"}},\"description\":\"Nous recherchons un nouveau talent pour rejoindre notre \u00e9quipe en tant que charg\u00e9(e)\u00a0de communication culturelle (remplacement: juillet - d\u00e9cembre 2026).\\nContexte du poste\\nDans le cadre d\u2019un remplacement, nous recherchons une personne capable d\u2019assurer la continuit\u00e9, la coh\u00e9rence et la qualit\u00e9 de la communication de l\u2019Institut Polonais.Le poste demande autonomie, rigueur r\u00e9dactionnelle et capacit\u00e9 \u00e0 g\u00e9rer plusieurs projets en parall\u00e8le dans un environnement international et exigeant.\\nMissions principales\\nProfil recherch\u00e9 \u2013 exigences obligatoires\\nAtouts suppl\u00e9mentaires\\nConditions\\nCandidature\\nMerci d\u2019envoyer CV et lettre de motivation \u00e0\u00a0bruksela@instytutpolski.pl jusqu\u2019au 18 mai 2026 (inclus).\"},{\"@type\":\"ImageObject\",\"inLanguage\":\"pl-PL\",\"@id\":\"https:\/\/instytutpolski.pl\/brussels\/2026\/04\/30\/offre-demploi-charge%c2%b7e-de-communication-culturelle\/#primaryimage\",\"url\":\"https:\/\/instytutpolski.pl\/brussels\/wp-content\/uploads\/sites\/4\/2021\/01\/Job-Offer-IP-.png\",\"contentUrl\":\"https:\/\/instytutpolski.pl\/brussels\/wp-content\/uploads\/sites\/4\/2021\/01\/Job-Offer-IP-.png\",\"width\":5015,\"height\":2650},{\"@type\":\"BreadcrumbList\",\"@id\":\"https:\/\/instytutpolski.pl\/brussels\/2026\/04\/30\/offre-demploi-charge%c2%b7e-de-communication-culturelle\/#breadcrumb\",\"itemListElement\":[{\"@type\":\"ListItem\",\"position\":1,\"name\":\"Home\",\"item\":\"https:\/\/instytutpolski.pl\/brussels\/\"},{\"@type\":\"ListItem\",\"position\":2,\"name\":\"Offre d\u2019emploi \u2013 Charg\u00e9\u00b7e de communication culturelle\"}]},{\"@type\":\"WebSite\",\"@id\":\"https:\/\/instytutpolski.pl\/brussels\/#website\",\"url\":\"https:\/\/instytutpolski.pl\/brussels\/\",\"name\":\"Instytut Polski w Brukseli\",\"description\":\"Instytuty Polskie\",\"potentialAction\":[{\"@type\":\"SearchAction\",\"target\":{\"@type\":\"EntryPoint\",\"urlTemplate\":\"https:\/\/instytutpolski.pl\/brussels\/?s={search_term_string}\"},\"query-input\":{\"@type\":\"PropertyValueSpecification\",\"valueRequired\":true,\"valueName\":\"search_term_string\"}}],\"inLanguage\":\"pl-PL\"},{\"@type\":\"Person\",\"@id\":\"https:\/\/instytutpolski.pl\/brussels\/#\/schema\/person\/ccb27e6f37dc023e9a8d394b9bc37c18\",\"name\":\"dyjakn\",\"image\":{\"@type\":\"ImageObject\",\"inLanguage\":\"pl-PL\",\"@id\":\"https:\/\/instytutpolski.pl\/brussels\/#\/schema\/person\/image\/\",\"url\":\"https:\/\/secure.gravatar.com\/avatar\/8275a451988be0ae9a525d2a55b644f7?s=96&d=mm&r=g\",\"contentUrl\":\"https:\/\/secure.gravatar.com\/avatar\/8275a451988be0ae9a525d2a55b644f7?s=96&d=mm&r=g\",\"caption\":\"dyjakn\"},\"url\":\"https:\/\/instytutpolski.pl\/brussels\/author\/dyjakn\/\"}]}<\/script>\n<!-- \/ Yoast SEO plugin. -->","yoast_head_json":{"title":"Offre d\u2019emploi \u2013 Charg\u00e9\u00b7e de communication culturelle - Instytut Polski w Brukseli","robots":{"index":"index","follow":"follow","max-snippet":"max-snippet:-1","max-image-preview":"max-image-preview:large","max-video-preview":"max-video-preview:-1"},"canonical":"https:\/\/instytutpolski.pl\/brussels\/2026\/04\/30\/offre-demploi-charge\u00b7e-de-communication-culturelle\/","og_locale":"pl_PL","og_type":"article","og_title":"Offre d\u2019emploi \u2013 Charg\u00e9\u00b7e de communication culturelle - Instytut Polski w Brukseli","og_description":"Nous recherchons un nouveau talent pour rejoindre notre \u00e9quipe en tant que charg\u00e9(e)\u00a0de communication culturelle (remplacement: juillet &#8211; d\u00e9cembre 2026). Contexte du poste Dans le cadre d\u2019un remplacement, nous recherchons une personne capable d\u2019assurer la continuit\u00e9, la coh\u00e9rence et la qualit\u00e9 de la communication de l\u2019Institut Polonais.Le poste demande autonomie, rigueur r\u00e9dactionnelle et capacit\u00e9 \u00e0 [&hellip;]","og_url":"https:\/\/instytutpolski.pl\/brussels\/2026\/04\/30\/offre-demploi-charge\u00b7e-de-communication-culturelle\/","og_site_name":"Instytut Polski w Brukseli","article_published_time":"2026-04-30T12:51:11+00:00","article_modified_time":"2026-04-30T13:10:44+00:00","og_image":[{"width":5015,"height":2650,"url":"https:\/\/instytutpolski.pl\/brussels\/wp-content\/uploads\/sites\/4\/2021\/01\/Job-Offer-IP-.png","type":"image\/png"}],"author":"dyjakn","twitter_card":"summary_large_image","twitter_misc":{"Napisane przez":"dyjakn","Szacowany czas czytania":"2 minuty"},"schema":{"@context":"https:\/\/schema.org","@graph":[{"@type":"event","@id":"https:\/\/instytutpolski.pl\/brussels\/2026\/04\/30\/offre-demploi-charge%c2%b7e-de-communication-culturelle\/","url":"https:\/\/instytutpolski.pl\/brussels\/2026\/04\/30\/offre-demploi-charge%c2%b7e-de-communication-culturelle\/","name":"Offre d\u2019emploi \u2013 Charg\u00e9\u00b7e de communication culturelle","isPartOf":{"@id":"https:\/\/instytutpolski.pl\/brussels\/#website"},"primaryImageOfPage":{"@id":"https:\/\/instytutpolski.pl\/brussels\/2026\/04\/30\/offre-demploi-charge%c2%b7e-de-communication-culturelle\/#primaryimage"},"image":["https:\/\/instytutpolski.pl\/brussels\/wp-content\/uploads\/sites\/4\/2021\/01\/Job-Offer-IP-.png","https:\/\/instytutpolski.pl\/brussels\/wp-content\/uploads\/sites\/4\/2021\/01\/Job-Offer-IP--300x159.png","https:\/\/instytutpolski.pl\/brussels\/wp-content\/uploads\/sites\/4\/2021\/01\/Job-Offer-IP--1024x541.png","https:\/\/instytutpolski.pl\/brussels\/wp-content\/uploads\/sites\/4\/2021\/01\/Job-Offer-IP-.png"],"thumbnailUrl":"https:\/\/instytutpolski.pl\/brussels\/wp-content\/uploads\/sites\/4\/2021\/01\/Job-Offer-IP-.png","datePublished":"2026-04-30T12:51:11+02:00","dateModified":"2026-04-30T13:10:44+02:00","author":{"@id":"https:\/\/instytutpolski.pl\/brussels\/#\/schema\/person\/ccb27e6f37dc023e9a8d394b9bc37c18"},"breadcrumb":{"@id":"https:\/\/instytutpolski.pl\/brussels\/2026\/04\/30\/offre-demploi-charge%c2%b7e-de-communication-culturelle\/#breadcrumb"},"inLanguage":"pl-PL","potentialAction":[{"@type":"ReadAction","target":["https:\/\/instytutpolski.pl\/brussels\/2026\/04\/30\/offre-demploi-charge%c2%b7e-de-communication-culturelle\/"]}],"@context":"https:\/\/schema.org","startDate":"2026-04-30","endDate":"2026-05-18","eventStatus":"EventScheduled","eventAttendanceMode":"OfflineEventAttendanceMode","location":{"@type":"place","name":"","address":"","geo":{"@type":"GeoCoordinates","latitude":"","longitude":""}},"description":"Nous recherchons un nouveau talent pour rejoindre notre \u00e9quipe en tant que charg\u00e9(e)\u00a0de communication culturelle (remplacement: juillet - d\u00e9cembre 2026).\nContexte du poste\nDans le cadre d\u2019un remplacement, nous recherchons une personne capable d\u2019assurer la continuit\u00e9, la coh\u00e9rence et la qualit\u00e9 de la communication de l\u2019Institut Polonais.Le poste demande autonomie, rigueur r\u00e9dactionnelle et capacit\u00e9 \u00e0 g\u00e9rer plusieurs projets en parall\u00e8le dans un environnement international et exigeant.\nMissions principales\nProfil recherch\u00e9 \u2013 exigences obligatoires\nAtouts suppl\u00e9mentaires\nConditions\nCandidature\nMerci d\u2019envoyer CV et lettre de motivation \u00e0\u00a0bruksela@instytutpolski.pl jusqu\u2019au 18 mai 2026 (inclus)."},{"@type":"ImageObject","inLanguage":"pl-PL","@id":"https:\/\/instytutpolski.pl\/brussels\/2026\/04\/30\/offre-demploi-charge%c2%b7e-de-communication-culturelle\/#primaryimage","url":"https:\/\/instytutpolski.pl\/brussels\/wp-content\/uploads\/sites\/4\/2021\/01\/Job-Offer-IP-.png","contentUrl":"https:\/\/instytutpolski.pl\/brussels\/wp-content\/uploads\/sites\/4\/2021\/01\/Job-Offer-IP-.png","width":5015,"height":2650},{"@type":"BreadcrumbList","@id":"https:\/\/instytutpolski.pl\/brussels\/2026\/04\/30\/offre-demploi-charge%c2%b7e-de-communication-culturelle\/#breadcrumb","itemListElement":[{"@type":"ListItem","position":1,"name":"Home","item":"https:\/\/instytutpolski.pl\/brussels\/"},{"@type":"ListItem","position":2,"name":"Offre d\u2019emploi \u2013 Charg\u00e9\u00b7e de communication culturelle"}]},{"@type":"WebSite","@id":"https:\/\/instytutpolski.pl\/brussels\/#website","url":"https:\/\/instytutpolski.pl\/brussels\/","name":"Instytut Polski w Brukseli","description":"Instytuty Polskie","potentialAction":[{"@type":"SearchAction","target":{"@type":"EntryPoint","urlTemplate":"https:\/\/instytutpolski.pl\/brussels\/?s={search_term_string}"},"query-input":{"@type":"PropertyValueSpecification","valueRequired":true,"valueName":"search_term_string"}}],"inLanguage":"pl-PL"},{"@type":"Person","@id":"https:\/\/instytutpolski.pl\/brussels\/#\/schema\/person\/ccb27e6f37dc023e9a8d394b9bc37c18","name":"dyjakn","image":{"@type":"ImageObject","inLanguage":"pl-PL","@id":"https:\/\/instytutpolski.pl\/brussels\/#\/schema\/person\/image\/","url":"https:\/\/secure.gravatar.com\/avatar\/8275a451988be0ae9a525d2a55b644f7?s=96&d=mm&r=g","contentUrl":"https:\/\/secure.gravatar.com\/avatar\/8275a451988be0ae9a525d2a55b644f7?s=96&d=mm&r=g","caption":"dyjakn"},"url":"https:\/\/instytutpolski.pl\/brussels\/author\/dyjakn\/"}]}},"_links":{"self":[{"href":"https:\/\/instytutpolski.pl\/brussels\/wp-json\/wp\/v2\/posts\/20009","targetHints":{"allow":["GET"]}}],"collection":[{"href":"https:\/\/instytutpolski.pl\/brussels\/wp-json\/wp\/v2\/posts"}],"about":[{"href":"https:\/\/instytutpolski.pl\/brussels\/wp-json\/wp\/v2\/types\/post"}],"author":[{"embeddable":true,"href":"https:\/\/instytutpolski.pl\/brussels\/wp-json\/wp\/v2\/users\/127"}],"replies":[{"embeddable":true,"href":"https:\/\/instytutpolski.pl\/brussels\/wp-json\/wp\/v2\/comments?post=20009"}],"version-history":[{"count":2,"href":"https:\/\/instytutpolski.pl\/brussels\/wp-json\/wp\/v2\/posts\/20009\/revisions"}],"predecessor-version":[{"id":20011,"href":"https:\/\/instytutpolski.pl\/brussels\/wp-json\/wp\/v2\/posts\/20009\/revisions\/20011"}],"wp:featuredmedia":[{"embeddable":true,"href":"https:\/\/instytutpolski.pl\/brussels\/wp-json\/wp\/v2\/media\/6471"}],"wp:attachment":[{"href":"https:\/\/instytutpolski.pl\/brussels\/wp-json\/wp\/v2\/media?parent=20009"}],"wp:term":[{"taxonomy":"category","embeddable":true,"href":"https:\/\/instytutpolski.pl\/brussels\/wp-json\/wp\/v2\/categories?post=20009"},{"taxonomy":"post_tag","embeddable":true,"href":"https:\/\/instytutpolski.pl\/brussels\/wp-json\/wp\/v2\/tags?post=20009"}],"curies":[{"name":"wp","href":"https:\/\/api.w.org\/{rel}","templated":true}]}}