{"id":20670,"date":"2026-08-31T13:58:42","date_gmt":"2026-08-31T11:58:42","guid":{"rendered":"https:\/\/instytutpolski.pl\/brussels\/?p=20670"},"modified":"2026-08-31T14:04:09","modified_gmt":"2026-08-31T12:04:09","slug":"offre-demploi-responsable-de-projets-culturels-musique-theatre-et-performance","status":"publish","type":"post","link":"https:\/\/instytutpolski.pl\/brussels\/2026\/08\/31\/offre-demploi-responsable-de-projets-culturels-musique-theatre-et-performance\/","title":{"rendered":"Offre d\u2019emploi : Responsable de projets culturels \u2013 Musique, th\u00e9\u00e2tre et performance"},"content":{"rendered":"\n<p>L\u2019Institut Polonais de Bruxelles recherche une personne pour rejoindre son \u00e9quipe au poste de responsable de projets culturels dans les domaines de la musique, du th\u00e9\u00e2tre et de la performance.<\/p>\n\n\n\n<p>Le poste consiste \u00e0 concevoir, coordonner et assurer le suivi de projets culturels en Belgique et au Luxembourg, en collaboration avec des partenaires institutionnels, artistiques, acad\u00e9miques et associatifs.<\/p>\n\n\n\n\n\n<p><strong>Missions principales<br><br><\/strong>\u2013 conception, coordination et suivi de projets culturels et artistiques ;<\/p>\n\n\n\n<p>\u2013 d\u00e9veloppement et suivi des collaborations avec les partenaires belges et internationaux ;<\/p>\n\n\n\n<p>\u2013 identification de nouveaux artistes, projets et partenaires, notamment dans le domaine de la cr\u00e9ation contemporaine ;<\/p>\n\n\n\n<p>\u2013 pr\u00e9paration, gestion et suivi des budgets li\u00e9s aux projets ;<\/p>\n\n\n\n<p>\u2013 pr\u00e9paration et suivi des contrats, conventions et autres aspects administratifs ;<\/p>\n\n\n\n<p>\u2013 coordination logistique des \u00e9v\u00e9nements et des d\u00e9placements d\u2019artistes et d\u2019intervenants ;<\/p>\n\n\n\n<p>\u2013 r\u00e9daction de contenus li\u00e9s aux projets et suivi de leur communication en collaboration avec l\u2019\u00e9quipe communication ;<\/p>\n\n\n\n<p>\u2013 veille sur l\u2019actualit\u00e9 culturelle dans les secteurs concern\u00e9s ;<\/p>\n\n\n\n<p>\u2013 repr\u00e9sentation de l\u2019Institut lors de rencontres professionnelles et d\u2019\u00e9v\u00e9nements culturels.<\/p>\n\n\n\n\n\n<p><strong>Profil recherch\u00e9<\/strong><\/p>\n\n\n\n<p>\u2013 dipl\u00f4me de l\u2019enseignement sup\u00e9rieur ;<\/p>\n\n\n\n<p>\u2013 exp\u00e9rience dans la coordination ou la gestion de projets culturels ;<\/p>\n\n\n\n<p>\u2013 tr\u00e8s bonne connaissance des secteurs de la musique, du th\u00e9\u00e2tre et\/ou de la performance, en particulier de la cr\u00e9ation contemporaine ;<\/p>\n\n\n\n<p>\u2013 int\u00e9r\u00eat marqu\u00e9 pour les nouvelles tendances artistiques et la jeune cr\u00e9ation ;<\/p>\n\n\n\n<p>\u2013 excellente capacit\u00e9 d\u2019organisation, sens des priorit\u00e9s et autonomie ;<\/p>\n\n\n\n<p>\u2013 aisance dans le travail en \u00e9quipe et dans les relations avec les partenaires institutionnels et artistiques ;<\/p>\n\n\n\n<p>\u2013 excellente ma\u00eetrise du n\u00e9erlandais ;<\/p>\n\n\n\n<p>\u2013 tr\u00e8s bonne ma\u00eetrise de l\u2019anglais et bonne connaissance du polonais ;<\/p>\n\n\n\n<p>\u2013 la connaissance du fran\u00e7ais constitue un atout important ;<\/p>\n\n\n\n<p>\u2013 bonne connaissance du paysage culturel polonais ;<\/p>\n\n\n\n<p>\u2013 bonne connaissance du paysage culturel belge ;<\/p>\n\n\n\n<p>\u2013 ma\u00eetrise des outils informatiques courants.<\/p>\n\n\n\n\n\n<p><strong>Nous offrons<\/strong><\/p>\n\n\n\n<p>\u2013 un travail au sein d\u2019une institution culturelle dynamique au c\u0153ur de Bruxelles ;<\/p>\n\n\n\n<p>\u2013 la possibilit\u00e9 de d\u00e9velopper des projets culturels internationaux ambitieux ;<\/p>\n\n\n\n<p>\u2013 un environnement de travail stimulant, international et multiculturel ;<\/p>\n\n\n\n<p>\u2013 un contrat \u00e0 temps plein&nbsp;;<\/p>\n\n\n\n<p>\u2013 une r\u00e9mun\u00e9ration \u00e0 partir de 3 000,00 EUR brut par mois.<\/p>\n\n\n\n<p>\u00a0<\/p>\n<p>\u00a0<\/p>\n\n\n\n<p>Merci d\u2019envoyer votre CV ainsi qu\u2019une lettre de motivation \u00e0 : <a href=\"mailto:bruksela@instytutpolski.pl\">bruksela@instytutpolski.pl<\/a><\/p>\n\n\n\n<p><strong>Date limite de candidature : 21 septembre 2026<\/strong><\/p>\n","protected":false},"excerpt":{"rendered":"<p>L\u2019Institut Polonais de Bruxelles recherche une personne pour rejoindre son \u00e9quipe au poste de responsable de projets culturels dans les domaines de la musique, du th\u00e9\u00e2tre et de la performance. Le poste consiste \u00e0 concevoir, coordonner et assurer le suivi de projets culturels en Belgique et au Luxembourg, en collaboration avec des partenaires institutionnels, artistiques, [&hellip;]<\/p>\n","protected":false},"author":127,"featured_media":20671,"comment_status":"open","ping_status":"open","sticky":false,"template":"","format":"standard","meta":{"inline_featured_image":false,"_monsterinsights_skip_tracking":false,"_monsterinsights_sitenote_active":false,"_monsterinsights_sitenote_note":"","_monsterinsights_sitenote_category":0,"footnotes":""},"categories":[15,108],"tags":[],"class_list":["post-20670","post","type-post","status-publish","format-standard","has-post-thumbnail","hentry","category-actualites","category-autres"],"yoast_head":"<!-- This site is optimized with the Yoast SEO plugin v24.6 - https:\/\/yoast.com\/wordpress\/plugins\/seo\/ -->\n<title>Offre d\u2019emploi : Responsable de projets culturels \u2013 Musique, th\u00e9\u00e2tre et performance - Instytut Polski w Brukseli<\/title>\n<meta name=\"robots\" content=\"index, follow, max-snippet:-1, max-image-preview:large, max-video-preview:-1\" \/>\n<link rel=\"canonical\" href=\"https:\/\/instytutpolski.pl\/brussels\/2026\/08\/31\/offre-demploi-responsable-de-projets-culturels-musique-theatre-et-performance\/\" \/>\n<meta property=\"og:locale\" content=\"pl_PL\" \/>\n<meta property=\"og:type\" content=\"article\" \/>\n<meta property=\"og:title\" content=\"Offre d\u2019emploi : Responsable de projets culturels \u2013 Musique, th\u00e9\u00e2tre et performance - Instytut Polski w Brukseli\" \/>\n<meta property=\"og:description\" content=\"L\u2019Institut Polonais de Bruxelles recherche une personne pour rejoindre son \u00e9quipe au poste de responsable de projets culturels dans les domaines de la musique, du th\u00e9\u00e2tre et de la performance. Le poste consiste \u00e0 concevoir, coordonner et assurer le suivi de projets culturels en Belgique et au Luxembourg, en collaboration avec des partenaires institutionnels, artistiques, [&hellip;]\" \/>\n<meta property=\"og:url\" content=\"https:\/\/instytutpolski.pl\/brussels\/2026\/08\/31\/offre-demploi-responsable-de-projets-culturels-musique-theatre-et-performance\/\" \/>\n<meta property=\"og:site_name\" content=\"Instytut Polski w Brukseli\" \/>\n<meta property=\"article:published_time\" content=\"2026-08-31T11:58:42+00:00\" \/>\n<meta property=\"article:modified_time\" content=\"2026-08-31T12:04:09+00:00\" \/>\n<meta property=\"og:image\" content=\"https:\/\/instytutpolski.pl\/brussels\/wp-content\/uploads\/sites\/4\/2026\/08\/Job-Offer-IP-1024x541-1.png\" \/>\n\t<meta property=\"og:image:width\" content=\"1024\" \/>\n\t<meta property=\"og:image:height\" content=\"541\" \/>\n\t<meta property=\"og:image:type\" content=\"image\/png\" \/>\n<meta name=\"author\" content=\"dyjakn\" \/>\n<meta name=\"twitter:card\" content=\"summary_large_image\" \/>\n<meta name=\"twitter:label1\" content=\"Napisane przez\" \/>\n\t<meta name=\"twitter:data1\" content=\"dyjakn\" \/>\n\t<meta name=\"twitter:label2\" content=\"Szacowany czas czytania\" \/>\n\t<meta name=\"twitter:data2\" content=\"3 minuty\" \/>\n<script type=\"application\/ld+json\" class=\"yoast-schema-graph\">{\"@context\":\"https:\/\/schema.org\",\"@graph\":[{\"@type\":\"event\",\"@id\":\"https:\/\/instytutpolski.pl\/brussels\/2026\/08\/31\/offre-demploi-responsable-de-projets-culturels-musique-theatre-et-performance\/\",\"url\":\"https:\/\/instytutpolski.pl\/brussels\/2026\/08\/31\/offre-demploi-responsable-de-projets-culturels-musique-theatre-et-performance\/\",\"name\":\"Offre d\u2019emploi : Responsable de projets culturels \u2013 Musique, th\u00e9\u00e2tre et performance\",\"isPartOf\":{\"@id\":\"https:\/\/instytutpolski.pl\/brussels\/#website\"},\"primaryImageOfPage\":{\"@id\":\"https:\/\/instytutpolski.pl\/brussels\/2026\/08\/31\/offre-demploi-responsable-de-projets-culturels-musique-theatre-et-performance\/#primaryimage\"},\"image\":[\"https:\/\/instytutpolski.pl\/brussels\/wp-content\/uploads\/sites\/4\/2026\/08\/Job-Offer-IP-1024x541-1.png\",\"https:\/\/instytutpolski.pl\/brussels\/wp-content\/uploads\/sites\/4\/2026\/08\/Job-Offer-IP-1024x541-1-300x158.png\",\"https:\/\/instytutpolski.pl\/brussels\/wp-content\/uploads\/sites\/4\/2026\/08\/Job-Offer-IP-1024x541-1.png\",\"https:\/\/instytutpolski.pl\/brussels\/wp-content\/uploads\/sites\/4\/2026\/08\/Job-Offer-IP-1024x541-1.png\"],\"thumbnailUrl\":\"https:\/\/instytutpolski.pl\/brussels\/wp-content\/uploads\/sites\/4\/2026\/08\/Job-Offer-IP-1024x541-1.png\",\"datePublished\":\"2026-08-31T11:58:42+02:00\",\"dateModified\":\"2026-08-31T12:04:09+02:00\",\"author\":{\"@id\":\"https:\/\/instytutpolski.pl\/brussels\/#\/schema\/person\/ccb27e6f37dc023e9a8d394b9bc37c18\"},\"breadcrumb\":{\"@id\":\"https:\/\/instytutpolski.pl\/brussels\/2026\/08\/31\/offre-demploi-responsable-de-projets-culturels-musique-theatre-et-performance\/#breadcrumb\"},\"inLanguage\":\"pl-PL\",\"potentialAction\":[{\"@type\":\"ReadAction\",\"target\":[\"https:\/\/instytutpolski.pl\/brussels\/2026\/08\/31\/offre-demploi-responsable-de-projets-culturels-musique-theatre-et-performance\/\"]}],\"@context\":\"https:\/\/schema.org\",\"startDate\":\"2026-08-31\",\"endDate\":\"2026-09-21\",\"eventStatus\":\"EventScheduled\",\"eventAttendanceMode\":\"OfflineEventAttendanceMode\",\"location\":{\"@type\":\"place\",\"name\":\"\",\"address\":\"\",\"geo\":{\"@type\":\"GeoCoordinates\",\"latitude\":\"\",\"longitude\":\"\"}},\"description\":\"L\u2019Institut Polonais de Bruxelles recherche une personne pour rejoindre son \u00e9quipe au poste de responsable de projets culturels dans les domaines de la musique, du th\u00e9\u00e2tre et de la performance.\\nLe poste consiste \u00e0 concevoir, coordonner et assurer le suivi de projets culturels en Belgique et au Luxembourg, en collaboration avec des partenaires institutionnels, artistiques, acad\u00e9miques et associatifs.\\nMissions principales\u2013 conception, coordination et suivi de projets culturels et artistiques ;\\n\u2013 d\u00e9veloppement et suivi des collaborations avec les partenaires belges et internationaux ;\\n\u2013 identification de nouveaux artistes, projets et partenaires, notamment dans le domaine de la cr\u00e9ation contemporaine ;\\n\u2013 pr\u00e9paration, gestion et suivi des budgets li\u00e9s aux projets ;\\n\u2013 pr\u00e9paration et suivi des contrats, conventions et autres aspects administratifs ;\\n\u2013 coordination logistique des \u00e9v\u00e9nements et des d\u00e9placements d\u2019artistes et d\u2019intervenants ;\\n\u2013 r\u00e9daction de contenus li\u00e9s aux projets et suivi de leur communication en collaboration avec l\u2019\u00e9quipe communication ;\\n\u2013 veille sur l\u2019actualit\u00e9 culturelle dans les secteurs concern\u00e9s ;\\n\u2013 repr\u00e9sentation de l\u2019Institut lors de rencontres professionnelles et d\u2019\u00e9v\u00e9nements culturels.\\nProfil recherch\u00e9\\n\u2013 dipl\u00f4me de l\u2019enseignement sup\u00e9rieur ;\\n\u2013 exp\u00e9rience dans la coordination ou la gestion de projets culturels ;\\n\u2013 tr\u00e8s bonne connaissance des secteurs de la musique, du th\u00e9\u00e2tre et\/ou de la performance, en particulier de la cr\u00e9ation contemporaine ;\\n\u2013 int\u00e9r\u00eat marqu\u00e9 pour les nouvelles tendances artistiques et la jeune cr\u00e9ation ;\\n\u2013 excellente capacit\u00e9 d\u2019organisation, sens des priorit\u00e9s et autonomie ;\\n\u2013 aisance dans le travail en \u00e9quipe et dans les relations avec les partenaires institutionnels et artistiques ;\\n\u2013 excellente ma\u00eetrise du n\u00e9erlandais ;\\n\u2013 tr\u00e8s bonne ma\u00eetrise de l\u2019anglais et bonne connaissance du polonais ;\\n\u2013 la connaissance du fran\u00e7ais constitue un atout important ;\\n\u2013 bonne connaissance du paysage culturel polonais ;\\n\u2013 bonne connaissance du paysage culturel belge ;\\n\u2013 ma\u00eetrise des outils informatiques courants.\\nNous offrons\\n\u2013 un travail au sein d\u2019une institution culturelle dynamique au c\u0153ur de Bruxelles ;\\n\u2013 la possibilit\u00e9 de d\u00e9velopper des projets culturels internationaux ambitieux ;\\n\u2013 un environnement de travail stimulant, international et multiculturel ;\\n\u2013 un contrat \u00e0 temps plein ;\\n\u2013 une r\u00e9mun\u00e9ration \u00e0 partir de 3 000,00 EUR brut par mois.\\n\u00a0\\n\u00a0\\nMerci d\u2019envoyer votre CV ainsi qu\u2019une lettre de motivation \u00e0 : bruksela@instytutpolski.pl\\nDate limite de candidature : 21 septembre 2026\"},{\"@type\":\"ImageObject\",\"inLanguage\":\"pl-PL\",\"@id\":\"https:\/\/instytutpolski.pl\/brussels\/2026\/08\/31\/offre-demploi-responsable-de-projets-culturels-musique-theatre-et-performance\/#primaryimage\",\"url\":\"https:\/\/instytutpolski.pl\/brussels\/wp-content\/uploads\/sites\/4\/2026\/08\/Job-Offer-IP-1024x541-1.png\",\"contentUrl\":\"https:\/\/instytutpolski.pl\/brussels\/wp-content\/uploads\/sites\/4\/2026\/08\/Job-Offer-IP-1024x541-1.png\",\"width\":1024,\"height\":541},{\"@type\":\"BreadcrumbList\",\"@id\":\"https:\/\/instytutpolski.pl\/brussels\/2026\/08\/31\/offre-demploi-responsable-de-projets-culturels-musique-theatre-et-performance\/#breadcrumb\",\"itemListElement\":[{\"@type\":\"ListItem\",\"position\":1,\"name\":\"Home\",\"item\":\"https:\/\/instytutpolski.pl\/brussels\/\"},{\"@type\":\"ListItem\",\"position\":2,\"name\":\"Offre d\u2019emploi : Responsable de projets culturels \u2013 Musique, th\u00e9\u00e2tre et performance\"}]},{\"@type\":\"WebSite\",\"@id\":\"https:\/\/instytutpolski.pl\/brussels\/#website\",\"url\":\"https:\/\/instytutpolski.pl\/brussels\/\",\"name\":\"Instytut Polski w Brukseli\",\"description\":\"Instytuty Polskie\",\"potentialAction\":[{\"@type\":\"SearchAction\",\"target\":{\"@type\":\"EntryPoint\",\"urlTemplate\":\"https:\/\/instytutpolski.pl\/brussels\/?s={search_term_string}\"},\"query-input\":{\"@type\":\"PropertyValueSpecification\",\"valueRequired\":true,\"valueName\":\"search_term_string\"}}],\"inLanguage\":\"pl-PL\"},{\"@type\":\"Person\",\"@id\":\"https:\/\/instytutpolski.pl\/brussels\/#\/schema\/person\/ccb27e6f37dc023e9a8d394b9bc37c18\",\"name\":\"dyjakn\",\"image\":{\"@type\":\"ImageObject\",\"inLanguage\":\"pl-PL\",\"@id\":\"https:\/\/instytutpolski.pl\/brussels\/#\/schema\/person\/image\/\",\"url\":\"https:\/\/secure.gravatar.com\/avatar\/8275a451988be0ae9a525d2a55b644f7?s=96&d=mm&r=g\",\"contentUrl\":\"https:\/\/secure.gravatar.com\/avatar\/8275a451988be0ae9a525d2a55b644f7?s=96&d=mm&r=g\",\"caption\":\"dyjakn\"},\"url\":\"https:\/\/instytutpolski.pl\/brussels\/author\/dyjakn\/\"}]}<\/script>\n<!-- \/ Yoast SEO plugin. -->","yoast_head_json":{"title":"Offre d\u2019emploi : Responsable de projets culturels \u2013 Musique, th\u00e9\u00e2tre et performance - Instytut Polski w Brukseli","robots":{"index":"index","follow":"follow","max-snippet":"max-snippet:-1","max-image-preview":"max-image-preview:large","max-video-preview":"max-video-preview:-1"},"canonical":"https:\/\/instytutpolski.pl\/brussels\/2026\/08\/31\/offre-demploi-responsable-de-projets-culturels-musique-theatre-et-performance\/","og_locale":"pl_PL","og_type":"article","og_title":"Offre d\u2019emploi : Responsable de projets culturels \u2013 Musique, th\u00e9\u00e2tre et performance - Instytut Polski w Brukseli","og_description":"L\u2019Institut Polonais de Bruxelles recherche une personne pour rejoindre son \u00e9quipe au poste de responsable de projets culturels dans les domaines de la musique, du th\u00e9\u00e2tre et de la performance. Le poste consiste \u00e0 concevoir, coordonner et assurer le suivi de projets culturels en Belgique et au Luxembourg, en collaboration avec des partenaires institutionnels, artistiques, [&hellip;]","og_url":"https:\/\/instytutpolski.pl\/brussels\/2026\/08\/31\/offre-demploi-responsable-de-projets-culturels-musique-theatre-et-performance\/","og_site_name":"Instytut Polski w Brukseli","article_published_time":"2026-08-31T11:58:42+00:00","article_modified_time":"2026-08-31T12:04:09+00:00","og_image":[{"width":1024,"height":541,"url":"https:\/\/instytutpolski.pl\/brussels\/wp-content\/uploads\/sites\/4\/2026\/08\/Job-Offer-IP-1024x541-1.png","type":"image\/png"}],"author":"dyjakn","twitter_card":"summary_large_image","twitter_misc":{"Napisane przez":"dyjakn","Szacowany czas czytania":"3 minuty"},"schema":{"@context":"https:\/\/schema.org","@graph":[{"@type":"event","@id":"https:\/\/instytutpolski.pl\/brussels\/2026\/08\/31\/offre-demploi-responsable-de-projets-culturels-musique-theatre-et-performance\/","url":"https:\/\/instytutpolski.pl\/brussels\/2026\/08\/31\/offre-demploi-responsable-de-projets-culturels-musique-theatre-et-performance\/","name":"Offre d\u2019emploi : Responsable de projets culturels \u2013 Musique, th\u00e9\u00e2tre et performance","isPartOf":{"@id":"https:\/\/instytutpolski.pl\/brussels\/#website"},"primaryImageOfPage":{"@id":"https:\/\/instytutpolski.pl\/brussels\/2026\/08\/31\/offre-demploi-responsable-de-projets-culturels-musique-theatre-et-performance\/#primaryimage"},"image":["https:\/\/instytutpolski.pl\/brussels\/wp-content\/uploads\/sites\/4\/2026\/08\/Job-Offer-IP-1024x541-1.png","https:\/\/instytutpolski.pl\/brussels\/wp-content\/uploads\/sites\/4\/2026\/08\/Job-Offer-IP-1024x541-1-300x158.png","https:\/\/instytutpolski.pl\/brussels\/wp-content\/uploads\/sites\/4\/2026\/08\/Job-Offer-IP-1024x541-1.png","https:\/\/instytutpolski.pl\/brussels\/wp-content\/uploads\/sites\/4\/2026\/08\/Job-Offer-IP-1024x541-1.png"],"thumbnailUrl":"https:\/\/instytutpolski.pl\/brussels\/wp-content\/uploads\/sites\/4\/2026\/08\/Job-Offer-IP-1024x541-1.png","datePublished":"2026-08-31T11:58:42+02:00","dateModified":"2026-08-31T12:04:09+02:00","author":{"@id":"https:\/\/instytutpolski.pl\/brussels\/#\/schema\/person\/ccb27e6f37dc023e9a8d394b9bc37c18"},"breadcrumb":{"@id":"https:\/\/instytutpolski.pl\/brussels\/2026\/08\/31\/offre-demploi-responsable-de-projets-culturels-musique-theatre-et-performance\/#breadcrumb"},"inLanguage":"pl-PL","potentialAction":[{"@type":"ReadAction","target":["https:\/\/instytutpolski.pl\/brussels\/2026\/08\/31\/offre-demploi-responsable-de-projets-culturels-musique-theatre-et-performance\/"]}],"@context":"https:\/\/schema.org","startDate":"2026-08-31","endDate":"2026-09-21","eventStatus":"EventScheduled","eventAttendanceMode":"OfflineEventAttendanceMode","location":{"@type":"place","name":"","address":"","geo":{"@type":"GeoCoordinates","latitude":"","longitude":""}},"description":"L\u2019Institut Polonais de Bruxelles recherche une personne pour rejoindre son \u00e9quipe au poste de responsable de projets culturels dans les domaines de la musique, du th\u00e9\u00e2tre et de la performance.\nLe poste consiste \u00e0 concevoir, coordonner et assurer le suivi de projets culturels en Belgique et au Luxembourg, en collaboration avec des partenaires institutionnels, artistiques, acad\u00e9miques et associatifs.\nMissions principales\u2013 conception, coordination et suivi de projets culturels et artistiques ;\n\u2013 d\u00e9veloppement et suivi des collaborations avec les partenaires belges et internationaux ;\n\u2013 identification de nouveaux artistes, projets et partenaires, notamment dans le domaine de la cr\u00e9ation contemporaine ;\n\u2013 pr\u00e9paration, gestion et suivi des budgets li\u00e9s aux projets ;\n\u2013 pr\u00e9paration et suivi des contrats, conventions et autres aspects administratifs ;\n\u2013 coordination logistique des \u00e9v\u00e9nements et des d\u00e9placements d\u2019artistes et d\u2019intervenants ;\n\u2013 r\u00e9daction de contenus li\u00e9s aux projets et suivi de leur communication en collaboration avec l\u2019\u00e9quipe communication ;\n\u2013 veille sur l\u2019actualit\u00e9 culturelle dans les secteurs concern\u00e9s ;\n\u2013 repr\u00e9sentation de l\u2019Institut lors de rencontres professionnelles et d\u2019\u00e9v\u00e9nements culturels.\nProfil recherch\u00e9\n\u2013 dipl\u00f4me de l\u2019enseignement sup\u00e9rieur ;\n\u2013 exp\u00e9rience dans la coordination ou la gestion de projets culturels ;\n\u2013 tr\u00e8s bonne connaissance des secteurs de la musique, du th\u00e9\u00e2tre et\/ou de la performance, en particulier de la cr\u00e9ation contemporaine ;\n\u2013 int\u00e9r\u00eat marqu\u00e9 pour les nouvelles tendances artistiques et la jeune cr\u00e9ation ;\n\u2013 excellente capacit\u00e9 d\u2019organisation, sens des priorit\u00e9s et autonomie ;\n\u2013 aisance dans le travail en \u00e9quipe et dans les relations avec les partenaires institutionnels et artistiques ;\n\u2013 excellente ma\u00eetrise du n\u00e9erlandais ;\n\u2013 tr\u00e8s bonne ma\u00eetrise de l\u2019anglais et bonne connaissance du polonais ;\n\u2013 la connaissance du fran\u00e7ais constitue un atout important ;\n\u2013 bonne connaissance du paysage culturel polonais ;\n\u2013 bonne connaissance du paysage culturel belge ;\n\u2013 ma\u00eetrise des outils informatiques courants.\nNous offrons\n\u2013 un travail au sein d\u2019une institution culturelle dynamique au c\u0153ur de Bruxelles ;\n\u2013 la possibilit\u00e9 de d\u00e9velopper des projets culturels internationaux ambitieux ;\n\u2013 un environnement de travail stimulant, international et multiculturel ;\n\u2013 un contrat \u00e0 temps plein ;\n\u2013 une r\u00e9mun\u00e9ration \u00e0 partir de 3 000,00 EUR brut par mois.\n\u00a0\n\u00a0\nMerci d\u2019envoyer votre CV ainsi qu\u2019une lettre de motivation \u00e0 : bruksela@instytutpolski.pl\nDate limite de candidature : 21 septembre 2026"},{"@type":"ImageObject","inLanguage":"pl-PL","@id":"https:\/\/instytutpolski.pl\/brussels\/2026\/08\/31\/offre-demploi-responsable-de-projets-culturels-musique-theatre-et-performance\/#primaryimage","url":"https:\/\/instytutpolski.pl\/brussels\/wp-content\/uploads\/sites\/4\/2026\/08\/Job-Offer-IP-1024x541-1.png","contentUrl":"https:\/\/instytutpolski.pl\/brussels\/wp-content\/uploads\/sites\/4\/2026\/08\/Job-Offer-IP-1024x541-1.png","width":1024,"height":541},{"@type":"BreadcrumbList","@id":"https:\/\/instytutpolski.pl\/brussels\/2026\/08\/31\/offre-demploi-responsable-de-projets-culturels-musique-theatre-et-performance\/#breadcrumb","itemListElement":[{"@type":"ListItem","position":1,"name":"Home","item":"https:\/\/instytutpolski.pl\/brussels\/"},{"@type":"ListItem","position":2,"name":"Offre d\u2019emploi : Responsable de projets culturels \u2013 Musique, th\u00e9\u00e2tre et performance"}]},{"@type":"WebSite","@id":"https:\/\/instytutpolski.pl\/brussels\/#website","url":"https:\/\/instytutpolski.pl\/brussels\/","name":"Instytut Polski w Brukseli","description":"Instytuty Polskie","potentialAction":[{"@type":"SearchAction","target":{"@type":"EntryPoint","urlTemplate":"https:\/\/instytutpolski.pl\/brussels\/?s={search_term_string}"},"query-input":{"@type":"PropertyValueSpecification","valueRequired":true,"valueName":"search_term_string"}}],"inLanguage":"pl-PL"},{"@type":"Person","@id":"https:\/\/instytutpolski.pl\/brussels\/#\/schema\/person\/ccb27e6f37dc023e9a8d394b9bc37c18","name":"dyjakn","image":{"@type":"ImageObject","inLanguage":"pl-PL","@id":"https:\/\/instytutpolski.pl\/brussels\/#\/schema\/person\/image\/","url":"https:\/\/secure.gravatar.com\/avatar\/8275a451988be0ae9a525d2a55b644f7?s=96&d=mm&r=g","contentUrl":"https:\/\/secure.gravatar.com\/avatar\/8275a451988be0ae9a525d2a55b644f7?s=96&d=mm&r=g","caption":"dyjakn"},"url":"https:\/\/instytutpolski.pl\/brussels\/author\/dyjakn\/"}]}},"_links":{"self":[{"href":"https:\/\/instytutpolski.pl\/brussels\/wp-json\/wp\/v2\/posts\/20670","targetHints":{"allow":["GET"]}}],"collection":[{"href":"https:\/\/instytutpolski.pl\/brussels\/wp-json\/wp\/v2\/posts"}],"about":[{"href":"https:\/\/instytutpolski.pl\/brussels\/wp-json\/wp\/v2\/types\/post"}],"author":[{"embeddable":true,"href":"https:\/\/instytutpolski.pl\/brussels\/wp-json\/wp\/v2\/users\/127"}],"replies":[{"embeddable":true,"href":"https:\/\/instytutpolski.pl\/brussels\/wp-json\/wp\/v2\/comments?post=20670"}],"version-history":[{"count":7,"href":"https:\/\/instytutpolski.pl\/brussels\/wp-json\/wp\/v2\/posts\/20670\/revisions"}],"predecessor-version":[{"id":20684,"href":"https:\/\/instytutpolski.pl\/brussels\/wp-json\/wp\/v2\/posts\/20670\/revisions\/20684"}],"wp:featuredmedia":[{"embeddable":true,"href":"https:\/\/instytutpolski.pl\/brussels\/wp-json\/wp\/v2\/media\/20671"}],"wp:attachment":[{"href":"https:\/\/instytutpolski.pl\/brussels\/wp-json\/wp\/v2\/media?parent=20670"}],"wp:term":[{"taxonomy":"category","embeddable":true,"href":"https:\/\/instytutpolski.pl\/brussels\/wp-json\/wp\/v2\/categories?post=20670"},{"taxonomy":"post_tag","embeddable":true,"href":"https:\/\/instytutpolski.pl\/brussels\/wp-json\/wp\/v2\/tags?post=20670"}],"curies":[{"name":"wp","href":"https:\/\/api.w.org\/{rel}","templated":true}]}}