{"id":5824,"date":"2020-09-09T12:33:13","date_gmt":"2020-09-09T10:33:13","guid":{"rendered":"https:\/\/instytutpolski.pl\/brussels\/?p=5824"},"modified":"2021-01-19T11:36:54","modified_gmt":"2021-01-19T10:36:54","slug":"kamila-janiak-at-the-transpoesie-10-festival-lets-go-virtual","status":"publish","type":"post","link":"https:\/\/instytutpolski.pl\/brussels\/en\/2020\/09\/09\/kamila-janiak-at-the-transpoesie-10-festival-lets-go-virtual\/","title":{"rendered":"Kamila Janiak at the festival Transpoesie 10 &#8211; Let&#8217;s go Vir(tu)al"},"content":{"rendered":"\n<p style=\"text-align: justify\"><strong>Kamila Janiak<\/strong> will participate this year in the 10th edition of the poetry festival <strong>TRANSPOESIE<\/strong> organized by EUNIC Brussels.\u2028This year, all readings will take place online and will be broadcasted on the event&#8217;s website and on social media. <br \/><strong>To enter the world of Kamila Janiak join us on October 14, 2020 at 8:00 pm.<\/strong>\u00a0<strong>You can already <a href=\"http:\/\/transpoesie.eu\/news\/details\/857\">register<\/a> on the festival&#8217;s website.<\/strong><br \/><br \/><strong>About Kamila Janiak:<br \/><\/strong>Polish poet and vocalist, Kamila Janiak is better known under the pseudonym Daisy Kowalsky. She is the author of four poetry books. Her debut volume of poetry &#8221; frajerom \u015bmier\u0107 i inne historie&#8221; [death to the suckers and the other stories] was published in 2007. Two years later, the Modern Art Means Modern Artist Language Foundation (MAMMAL) published her second book &#8221; kto zabi\u0142 bambi? [who killed bambi?]. In 2016 she published her third collection of poems \u201czw\u0119glona jantar\u201d [carbonated jantar]. Her latest volume of poetry \u201cwiersze przeciwko ludzko\u015bci\u201d [poems against humanity] was published in 2018 for which the author was nominated for the Wroc\u0142aw Silesius Poetic Award, as well as for the Wis\u0142awa Szymborska Poetic Award. Her poems were included in the anthology of women&#8217;s poetry \u201cSolistki\u201d as well as in the anthology presenting the most interesting new trends in Polish poetry &#8222;Zebra\u0142o si\u0119 \u015bliny&#8221;. Her works are included in the collection \u201cAwangarda jest rewolucyjna albo nie ma jej wcale\u201d and in the anthology of Polish film poems \u201cZawr\u00f3t G\u0142owy\u201d. She sings in four bands: Kr\u016fk (ritual, electronica, alternative), Das Moon (electro-industrial), We Hate Roses (grunge), Tak Zwani Mordercy (acoustic grunge) and Delira &amp; Kompany (heavy folk).<\/p>\n\n\n\n<figure class=\"wp-block-image size-large\"><img loading=\"lazy\" decoding=\"async\" width=\"1024\" height=\"1024\" src=\"https:\/\/instytutpolski.pl\/brussels\/wp-content\/uploads\/sites\/4\/2020\/09\/83115391_10158043093170842_2775361030056837120_o-1024x1024.jpg\" alt=\"\" class=\"wp-image-5822\" srcset=\"https:\/\/instytutpolski.pl\/brussels\/wp-content\/uploads\/sites\/4\/2020\/09\/83115391_10158043093170842_2775361030056837120_o-1024x1024.jpg 1024w, https:\/\/instytutpolski.pl\/brussels\/wp-content\/uploads\/sites\/4\/2020\/09\/83115391_10158043093170842_2775361030056837120_o-300x300.jpg 300w, https:\/\/instytutpolski.pl\/brussels\/wp-content\/uploads\/sites\/4\/2020\/09\/83115391_10158043093170842_2775361030056837120_o-150x150.jpg 150w, https:\/\/instytutpolski.pl\/brussels\/wp-content\/uploads\/sites\/4\/2020\/09\/83115391_10158043093170842_2775361030056837120_o-768x768.jpg 768w, https:\/\/instytutpolski.pl\/brussels\/wp-content\/uploads\/sites\/4\/2020\/09\/83115391_10158043093170842_2775361030056837120_o.jpg 1080w\" sizes=\"auto, (max-width: 1024px) 100vw, 1024px\" \/><\/figure>\n\n\n\n<p>About the festival:\u00a0<br \/>The <strong>TRANSPOESIE poetry festival<\/strong> is organised for the tenth consecutive year by EUNIC Brussels, the European Union National Institutes for Culture based in the Belgian capital. This year, <strong>the reading events will go virtual<\/strong> \u2013 sharing European poetry to audiences around the world, <strong>starting<\/strong> with the\u00a0<strong>opening event<\/strong> on <strong>23 September<\/strong>.<\/p>\n<p>More information:<a href=\"http:\/\/transpoesie.eu\/#about\">\u00a0http:\/\/transpoesie.eu\/#about<\/a><\/p>\n<p style=\"text-align: justify\">\u00a0<\/p>\n\n\n\n<figure class=\"wp-block-embed is-type-video is-provider-youtube wp-block-embed-youtube wp-embed-aspect-16-9 wp-has-aspect-ratio\"><div class=\"wp-block-embed__wrapper\">\nhttps:\/\/youtu.be\/hax2fThAW1U\n<\/div><\/figure>\n","protected":false},"excerpt":{"rendered":"<p>Kamila Janiak will participate this year in the 10th edition of the poetry festival TRANSPOESIE organized by EUNIC Brussels.\u2028This year, all readings will take place online and will be broadcasted on the event&#8217;s website and on social media. To enter the world of Kamila Janiak join us on October 14, 2020 at 8:00 pm.\u00a0You can [&hellip;]<\/p>\n","protected":false},"author":125,"featured_media":5821,"comment_status":"open","ping_status":"open","sticky":false,"template":"","format":"standard","meta":{"inline_featured_image":false,"_monsterinsights_skip_tracking":false,"_monsterinsights_sitenote_active":false,"_monsterinsights_sitenote_note":"","_monsterinsights_sitenote_category":0,"footnotes":""},"categories":[76,102],"tags":[],"class_list":["post-5824","post","type-post","status-publish","format-standard","has-post-thumbnail","hentry","category-programme-en","category-literature"],"yoast_head":"<!-- This site is optimized with the Yoast SEO plugin v24.6 - https:\/\/yoast.com\/wordpress\/plugins\/seo\/ -->\n<title>Kamila Janiak at the festival Transpoesie 10 - Let&#039;s go Vir(tu)al - Instytut Polski w Brukseli<\/title>\n<meta name=\"robots\" content=\"index, follow, max-snippet:-1, max-image-preview:large, max-video-preview:-1\" \/>\n<link rel=\"canonical\" href=\"https:\/\/instytutpolski.pl\/brussels\/en\/2020\/09\/09\/kamila-janiak-at-the-transpoesie-10-festival-lets-go-virtual\/\" \/>\n<meta property=\"og:locale\" content=\"pl_PL\" \/>\n<meta property=\"og:type\" content=\"article\" \/>\n<meta property=\"og:title\" content=\"Kamila Janiak at the festival Transpoesie 10 - Let&#039;s go Vir(tu)al - Instytut Polski w Brukseli\" \/>\n<meta property=\"og:description\" content=\"Kamila Janiak will participate this year in the 10th edition of the poetry festival TRANSPOESIE organized by EUNIC Brussels.\u2028This year, all readings will take place online and will be broadcasted on the event&#8217;s website and on social media. To enter the world of Kamila Janiak join us on October 14, 2020 at 8:00 pm.\u00a0You can [&hellip;]\" \/>\n<meta property=\"og:url\" content=\"https:\/\/instytutpolski.pl\/brussels\/en\/2020\/09\/09\/kamila-janiak-at-the-transpoesie-10-festival-lets-go-virtual\/\" \/>\n<meta property=\"og:site_name\" content=\"Instytut Polski w Brukseli\" \/>\n<meta property=\"article:published_time\" content=\"2020-09-09T10:33:13+00:00\" \/>\n<meta property=\"article:modified_time\" content=\"2021-01-19T10:36:54+00:00\" \/>\n<meta property=\"og:image\" content=\"https:\/\/instytutpolski.pl\/brussels\/wp-content\/uploads\/sites\/4\/2020\/09\/Kamila-Janiak-scaled.jpg\" \/>\n\t<meta property=\"og:image:width\" content=\"2560\" \/>\n\t<meta property=\"og:image:height\" content=\"1702\" \/>\n\t<meta property=\"og:image:type\" content=\"image\/jpeg\" \/>\n<meta name=\"author\" content=\"gajkoj\" \/>\n<meta name=\"twitter:card\" content=\"summary_large_image\" \/>\n<meta name=\"twitter:label1\" content=\"Napisane przez\" \/>\n\t<meta name=\"twitter:data1\" content=\"gajkoj\" \/>\n\t<meta name=\"twitter:label2\" content=\"Szacowany czas czytania\" \/>\n\t<meta name=\"twitter:data2\" content=\"2 minuty\" \/>\n<script type=\"application\/ld+json\" class=\"yoast-schema-graph\">{\"@context\":\"https:\/\/schema.org\",\"@graph\":[{\"@type\":\"event\",\"@id\":\"https:\/\/instytutpolski.pl\/brussels\/en\/2020\/09\/09\/kamila-janiak-at-the-transpoesie-10-festival-lets-go-virtual\/\",\"url\":\"https:\/\/instytutpolski.pl\/brussels\/en\/2020\/09\/09\/kamila-janiak-at-the-transpoesie-10-festival-lets-go-virtual\/\",\"name\":\"Kamila Janiak at the festival Transpoesie 10 - Let's go Vir(tu)al\",\"isPartOf\":{\"@id\":\"https:\/\/instytutpolski.pl\/brussels\/#website\"},\"primaryImageOfPage\":{\"@id\":\"https:\/\/instytutpolski.pl\/brussels\/en\/2020\/09\/09\/kamila-janiak-at-the-transpoesie-10-festival-lets-go-virtual\/#primaryimage\"},\"image\":[\"https:\/\/instytutpolski.pl\/brussels\/wp-content\/uploads\/sites\/4\/2020\/09\/Kamila-Janiak-scaled.jpg\",\"https:\/\/instytutpolski.pl\/brussels\/wp-content\/uploads\/sites\/4\/2020\/09\/Kamila-Janiak-300x199.jpg\",\"https:\/\/instytutpolski.pl\/brussels\/wp-content\/uploads\/sites\/4\/2020\/09\/Kamila-Janiak-1024x681.jpg\",\"https:\/\/instytutpolski.pl\/brussels\/wp-content\/uploads\/sites\/4\/2020\/09\/Kamila-Janiak-scaled.jpg\"],\"thumbnailUrl\":\"https:\/\/instytutpolski.pl\/brussels\/wp-content\/uploads\/sites\/4\/2020\/09\/Kamila-Janiak-scaled.jpg\",\"datePublished\":\"2020-09-09T10:33:13+02:00\",\"dateModified\":\"2021-01-19T10:36:54+02:00\",\"author\":{\"@id\":\"https:\/\/instytutpolski.pl\/brussels\/#\/schema\/person\/4fec55f44f974b5a8cb8a93a218b26fb\"},\"breadcrumb\":{\"@id\":\"https:\/\/instytutpolski.pl\/brussels\/en\/2020\/09\/09\/kamila-janiak-at-the-transpoesie-10-festival-lets-go-virtual\/#breadcrumb\"},\"inLanguage\":\"pl-PL\",\"potentialAction\":[{\"@type\":\"ReadAction\",\"target\":[\"https:\/\/instytutpolski.pl\/brussels\/en\/2020\/09\/09\/kamila-janiak-at-the-transpoesie-10-festival-lets-go-virtual\/\"]}],\"@context\":\"https:\/\/schema.org\",\"startDate\":\"2020-09-23\",\"endDate\":\"2020-10-16\",\"eventStatus\":\"EventScheduled\",\"eventAttendanceMode\":\"OfflineEventAttendanceMode\",\"location\":{\"@type\":\"place\",\"name\":\"\",\"address\":\"\",\"geo\":{\"@type\":\"GeoCoordinates\",\"latitude\":\"\",\"longitude\":\"\"}},\"description\":\"Kamila Janiak will participate this year in the 10th edition of the poetry festival TRANSPOESIE organized by EUNIC Brussels.\\u2028This year, all readings will take place online and will be broadcasted on the event's website and on social media. To enter the world of Kamila Janiak join us on October 14, 2020 at 8:00 pm.\u00a0You can already register on the festival's website.About Kamila Janiak:Polish poet and vocalist, Kamila Janiak is better known under the pseudonym Daisy Kowalsky. She is the author of four poetry books. Her debut volume of poetry \\\" frajerom \u015bmier\u0107 i inne historie\\\" [death to the suckers and the other stories] was published in 2007. Two years later, the Modern Art Means Modern Artist Language Foundation (MAMMAL) published her second book \\\" kto zabi\u0142 bambi? [who killed bambi?]. In 2016 she published her third collection of poems \u201czw\u0119glona jantar\u201d [carbonated jantar]. Her latest volume of poetry \u201cwiersze przeciwko ludzko\u015bci\u201d [poems against humanity] was published in 2018 for which the author was nominated for the Wroc\u0142aw Silesius Poetic Award, as well as for the Wis\u0142awa Szymborska Poetic Award. Her poems were included in the anthology of women's poetry \u201cSolistki\u201d as well as in the anthology presenting the most interesting new trends in Polish poetry \\\"Zebra\u0142o si\u0119 \u015bliny\\\". Her works are included in the collection \u201cAwangarda jest rewolucyjna albo nie ma jej wcale\u201d and in the anthology of Polish film poems \u201cZawr\u00f3t G\u0142owy\u201d. She sings in four bands: Kr\u016fk (ritual, electronica, alternative), Das Moon (electro-industrial), We Hate Roses (grunge), Tak Zwani Mordercy (acoustic grunge) and Delira &amp; Kompany (heavy folk).\\nAbout the festival:\u00a0The TRANSPOESIE poetry festival is organised for the tenth consecutive year by EUNIC Brussels, the European Union National Institutes for Culture based in the Belgian capital. This year, the reading events will go virtual \u2013 sharing European poetry to audiences around the world, starting with the\u00a0opening event on 23 September.\\nMore information:\u00a0http:\/\/transpoesie.eu\/#about\\n\u00a0\"},{\"@type\":\"ImageObject\",\"inLanguage\":\"pl-PL\",\"@id\":\"https:\/\/instytutpolski.pl\/brussels\/en\/2020\/09\/09\/kamila-janiak-at-the-transpoesie-10-festival-lets-go-virtual\/#primaryimage\",\"url\":\"https:\/\/instytutpolski.pl\/brussels\/wp-content\/uploads\/sites\/4\/2020\/09\/Kamila-Janiak-scaled.jpg\",\"contentUrl\":\"https:\/\/instytutpolski.pl\/brussels\/wp-content\/uploads\/sites\/4\/2020\/09\/Kamila-Janiak-scaled.jpg\",\"width\":2560,\"height\":1702},{\"@type\":\"BreadcrumbList\",\"@id\":\"https:\/\/instytutpolski.pl\/brussels\/en\/2020\/09\/09\/kamila-janiak-at-the-transpoesie-10-festival-lets-go-virtual\/#breadcrumb\",\"itemListElement\":[{\"@type\":\"ListItem\",\"position\":1,\"name\":\"Home\",\"item\":\"https:\/\/instytutpolski.pl\/brussels\/\"},{\"@type\":\"ListItem\",\"position\":2,\"name\":\"Kamila Janiak at the festival Transpoesie 10 &#8211; Let&#8217;s go Vir(tu)al\"}]},{\"@type\":\"WebSite\",\"@id\":\"https:\/\/instytutpolski.pl\/brussels\/#website\",\"url\":\"https:\/\/instytutpolski.pl\/brussels\/\",\"name\":\"Instytut Polski w Brukseli\",\"description\":\"Instytuty Polskie\",\"potentialAction\":[{\"@type\":\"SearchAction\",\"target\":{\"@type\":\"EntryPoint\",\"urlTemplate\":\"https:\/\/instytutpolski.pl\/brussels\/?s={search_term_string}\"},\"query-input\":{\"@type\":\"PropertyValueSpecification\",\"valueRequired\":true,\"valueName\":\"search_term_string\"}}],\"inLanguage\":\"pl-PL\"},{\"@type\":\"Person\",\"@id\":\"https:\/\/instytutpolski.pl\/brussels\/#\/schema\/person\/4fec55f44f974b5a8cb8a93a218b26fb\",\"name\":\"gajkoj\",\"image\":{\"@type\":\"ImageObject\",\"inLanguage\":\"pl-PL\",\"@id\":\"https:\/\/instytutpolski.pl\/brussels\/#\/schema\/person\/image\/\",\"url\":\"https:\/\/secure.gravatar.com\/avatar\/199f5c5eff606e8ea0e1b250f4d8b5cb?s=96&d=mm&r=g\",\"contentUrl\":\"https:\/\/secure.gravatar.com\/avatar\/199f5c5eff606e8ea0e1b250f4d8b5cb?s=96&d=mm&r=g\",\"caption\":\"gajkoj\"},\"url\":\"https:\/\/instytutpolski.pl\/brussels\/author\/gajkoj\/\"}]}<\/script>\n<!-- \/ Yoast SEO plugin. -->","yoast_head_json":{"title":"Kamila Janiak at the festival Transpoesie 10 - Let's go Vir(tu)al - Instytut Polski w Brukseli","robots":{"index":"index","follow":"follow","max-snippet":"max-snippet:-1","max-image-preview":"max-image-preview:large","max-video-preview":"max-video-preview:-1"},"canonical":"https:\/\/instytutpolski.pl\/brussels\/en\/2020\/09\/09\/kamila-janiak-at-the-transpoesie-10-festival-lets-go-virtual\/","og_locale":"pl_PL","og_type":"article","og_title":"Kamila Janiak at the festival Transpoesie 10 - Let's go Vir(tu)al - Instytut Polski w Brukseli","og_description":"Kamila Janiak will participate this year in the 10th edition of the poetry festival TRANSPOESIE organized by EUNIC Brussels.\u2028This year, all readings will take place online and will be broadcasted on the event&#8217;s website and on social media. To enter the world of Kamila Janiak join us on October 14, 2020 at 8:00 pm.\u00a0You can [&hellip;]","og_url":"https:\/\/instytutpolski.pl\/brussels\/en\/2020\/09\/09\/kamila-janiak-at-the-transpoesie-10-festival-lets-go-virtual\/","og_site_name":"Instytut Polski w Brukseli","article_published_time":"2020-09-09T10:33:13+00:00","article_modified_time":"2021-01-19T10:36:54+00:00","og_image":[{"width":2560,"height":1702,"url":"https:\/\/instytutpolski.pl\/brussels\/wp-content\/uploads\/sites\/4\/2020\/09\/Kamila-Janiak-scaled.jpg","type":"image\/jpeg"}],"author":"gajkoj","twitter_card":"summary_large_image","twitter_misc":{"Napisane przez":"gajkoj","Szacowany czas czytania":"2 minuty"},"schema":{"@context":"https:\/\/schema.org","@graph":[{"@type":"event","@id":"https:\/\/instytutpolski.pl\/brussels\/en\/2020\/09\/09\/kamila-janiak-at-the-transpoesie-10-festival-lets-go-virtual\/","url":"https:\/\/instytutpolski.pl\/brussels\/en\/2020\/09\/09\/kamila-janiak-at-the-transpoesie-10-festival-lets-go-virtual\/","name":"Kamila Janiak at the festival Transpoesie 10 - Let's go Vir(tu)al","isPartOf":{"@id":"https:\/\/instytutpolski.pl\/brussels\/#website"},"primaryImageOfPage":{"@id":"https:\/\/instytutpolski.pl\/brussels\/en\/2020\/09\/09\/kamila-janiak-at-the-transpoesie-10-festival-lets-go-virtual\/#primaryimage"},"image":["https:\/\/instytutpolski.pl\/brussels\/wp-content\/uploads\/sites\/4\/2020\/09\/Kamila-Janiak-scaled.jpg","https:\/\/instytutpolski.pl\/brussels\/wp-content\/uploads\/sites\/4\/2020\/09\/Kamila-Janiak-300x199.jpg","https:\/\/instytutpolski.pl\/brussels\/wp-content\/uploads\/sites\/4\/2020\/09\/Kamila-Janiak-1024x681.jpg","https:\/\/instytutpolski.pl\/brussels\/wp-content\/uploads\/sites\/4\/2020\/09\/Kamila-Janiak-scaled.jpg"],"thumbnailUrl":"https:\/\/instytutpolski.pl\/brussels\/wp-content\/uploads\/sites\/4\/2020\/09\/Kamila-Janiak-scaled.jpg","datePublished":"2020-09-09T10:33:13+02:00","dateModified":"2021-01-19T10:36:54+02:00","author":{"@id":"https:\/\/instytutpolski.pl\/brussels\/#\/schema\/person\/4fec55f44f974b5a8cb8a93a218b26fb"},"breadcrumb":{"@id":"https:\/\/instytutpolski.pl\/brussels\/en\/2020\/09\/09\/kamila-janiak-at-the-transpoesie-10-festival-lets-go-virtual\/#breadcrumb"},"inLanguage":"pl-PL","potentialAction":[{"@type":"ReadAction","target":["https:\/\/instytutpolski.pl\/brussels\/en\/2020\/09\/09\/kamila-janiak-at-the-transpoesie-10-festival-lets-go-virtual\/"]}],"@context":"https:\/\/schema.org","startDate":"2020-09-23","endDate":"2020-10-16","eventStatus":"EventScheduled","eventAttendanceMode":"OfflineEventAttendanceMode","location":{"@type":"place","name":"","address":"","geo":{"@type":"GeoCoordinates","latitude":"","longitude":""}},"description":"Kamila Janiak will participate this year in the 10th edition of the poetry festival TRANSPOESIE organized by EUNIC Brussels.\u2028This year, all readings will take place online and will be broadcasted on the event's website and on social media. To enter the world of Kamila Janiak join us on October 14, 2020 at 8:00 pm.\u00a0You can already register on the festival's website.About Kamila Janiak:Polish poet and vocalist, Kamila Janiak is better known under the pseudonym Daisy Kowalsky. She is the author of four poetry books. Her debut volume of poetry \" frajerom \u015bmier\u0107 i inne historie\" [death to the suckers and the other stories] was published in 2007. Two years later, the Modern Art Means Modern Artist Language Foundation (MAMMAL) published her second book \" kto zabi\u0142 bambi? [who killed bambi?]. In 2016 she published her third collection of poems \u201czw\u0119glona jantar\u201d [carbonated jantar]. Her latest volume of poetry \u201cwiersze przeciwko ludzko\u015bci\u201d [poems against humanity] was published in 2018 for which the author was nominated for the Wroc\u0142aw Silesius Poetic Award, as well as for the Wis\u0142awa Szymborska Poetic Award. Her poems were included in the anthology of women's poetry \u201cSolistki\u201d as well as in the anthology presenting the most interesting new trends in Polish poetry \"Zebra\u0142o si\u0119 \u015bliny\". Her works are included in the collection \u201cAwangarda jest rewolucyjna albo nie ma jej wcale\u201d and in the anthology of Polish film poems \u201cZawr\u00f3t G\u0142owy\u201d. She sings in four bands: Kr\u016fk (ritual, electronica, alternative), Das Moon (electro-industrial), We Hate Roses (grunge), Tak Zwani Mordercy (acoustic grunge) and Delira &amp; Kompany (heavy folk).\nAbout the festival:\u00a0The TRANSPOESIE poetry festival is organised for the tenth consecutive year by EUNIC Brussels, the European Union National Institutes for Culture based in the Belgian capital. This year, the reading events will go virtual \u2013 sharing European poetry to audiences around the world, starting with the\u00a0opening event on 23 September.\nMore information:\u00a0http:\/\/transpoesie.eu\/#about\n\u00a0"},{"@type":"ImageObject","inLanguage":"pl-PL","@id":"https:\/\/instytutpolski.pl\/brussels\/en\/2020\/09\/09\/kamila-janiak-at-the-transpoesie-10-festival-lets-go-virtual\/#primaryimage","url":"https:\/\/instytutpolski.pl\/brussels\/wp-content\/uploads\/sites\/4\/2020\/09\/Kamila-Janiak-scaled.jpg","contentUrl":"https:\/\/instytutpolski.pl\/brussels\/wp-content\/uploads\/sites\/4\/2020\/09\/Kamila-Janiak-scaled.jpg","width":2560,"height":1702},{"@type":"BreadcrumbList","@id":"https:\/\/instytutpolski.pl\/brussels\/en\/2020\/09\/09\/kamila-janiak-at-the-transpoesie-10-festival-lets-go-virtual\/#breadcrumb","itemListElement":[{"@type":"ListItem","position":1,"name":"Home","item":"https:\/\/instytutpolski.pl\/brussels\/"},{"@type":"ListItem","position":2,"name":"Kamila Janiak at the festival Transpoesie 10 &#8211; Let&#8217;s go Vir(tu)al"}]},{"@type":"WebSite","@id":"https:\/\/instytutpolski.pl\/brussels\/#website","url":"https:\/\/instytutpolski.pl\/brussels\/","name":"Instytut Polski w Brukseli","description":"Instytuty Polskie","potentialAction":[{"@type":"SearchAction","target":{"@type":"EntryPoint","urlTemplate":"https:\/\/instytutpolski.pl\/brussels\/?s={search_term_string}"},"query-input":{"@type":"PropertyValueSpecification","valueRequired":true,"valueName":"search_term_string"}}],"inLanguage":"pl-PL"},{"@type":"Person","@id":"https:\/\/instytutpolski.pl\/brussels\/#\/schema\/person\/4fec55f44f974b5a8cb8a93a218b26fb","name":"gajkoj","image":{"@type":"ImageObject","inLanguage":"pl-PL","@id":"https:\/\/instytutpolski.pl\/brussels\/#\/schema\/person\/image\/","url":"https:\/\/secure.gravatar.com\/avatar\/199f5c5eff606e8ea0e1b250f4d8b5cb?s=96&d=mm&r=g","contentUrl":"https:\/\/secure.gravatar.com\/avatar\/199f5c5eff606e8ea0e1b250f4d8b5cb?s=96&d=mm&r=g","caption":"gajkoj"},"url":"https:\/\/instytutpolski.pl\/brussels\/author\/gajkoj\/"}]}},"_links":{"self":[{"href":"https:\/\/instytutpolski.pl\/brussels\/wp-json\/wp\/v2\/posts\/5824","targetHints":{"allow":["GET"]}}],"collection":[{"href":"https:\/\/instytutpolski.pl\/brussels\/wp-json\/wp\/v2\/posts"}],"about":[{"href":"https:\/\/instytutpolski.pl\/brussels\/wp-json\/wp\/v2\/types\/post"}],"author":[{"embeddable":true,"href":"https:\/\/instytutpolski.pl\/brussels\/wp-json\/wp\/v2\/users\/125"}],"replies":[{"embeddable":true,"href":"https:\/\/instytutpolski.pl\/brussels\/wp-json\/wp\/v2\/comments?post=5824"}],"version-history":[{"count":10,"href":"https:\/\/instytutpolski.pl\/brussels\/wp-json\/wp\/v2\/posts\/5824\/revisions"}],"predecessor-version":[{"id":6505,"href":"https:\/\/instytutpolski.pl\/brussels\/wp-json\/wp\/v2\/posts\/5824\/revisions\/6505"}],"wp:featuredmedia":[{"embeddable":true,"href":"https:\/\/instytutpolski.pl\/brussels\/wp-json\/wp\/v2\/media\/5821"}],"wp:attachment":[{"href":"https:\/\/instytutpolski.pl\/brussels\/wp-json\/wp\/v2\/media?parent=5824"}],"wp:term":[{"taxonomy":"category","embeddable":true,"href":"https:\/\/instytutpolski.pl\/brussels\/wp-json\/wp\/v2\/categories?post=5824"},{"taxonomy":"post_tag","embeddable":true,"href":"https:\/\/instytutpolski.pl\/brussels\/wp-json\/wp\/v2\/tags?post=5824"}],"curies":[{"name":"wp","href":"https:\/\/api.w.org\/{rel}","templated":true}]}}