{"id":10062,"date":"2023-04-26T15:26:33","date_gmt":"2023-04-26T13:26:33","guid":{"rendered":"https:\/\/instytutpolski.pl\/bucuresti\/?p=10062"},"modified":"2023-05-04T12:46:31","modified_gmt":"2023-05-04T10:46:31","slug":"witold-pilecki-patronul-polish-heritage-days","status":"publish","type":"post","link":"https:\/\/instytutpolski.pl\/bucuresti\/2023\/04\/26\/witold-pilecki-patronul-polish-heritage-days\/","title":{"rendered":"Witold Pilecki &#8211; patronul Polish Heritage Days"},"content":{"rendered":"\n\n\n\n\n<div dir=\"auto\">Acum 80 de ani, c\u0103pitanul Witold Pilecki, soldat al Armatei \u021a\u0103rii, prizonier \u0219i organizator al mi\u0219c\u0103rii de rezisten\u021b\u0103 \u00een lag\u0103rul de concentrare \u0219i exterminare nazist german Auschwitz a evadat din Auschwitz pentru a dezv\u0103lui adev\u0103rul despre Holocaust \u00een ceea ce au fost numite Rapoartele lui Pilecki. Anul acesta, c\u0103pitanul Witold Pilecki este patronul campaniei Polish Heritage Days care se va desf\u0103\u0219ura \u00een luna mai.<\/div>\n<div dir=\"auto\">&nbsp;<\/div>\n<div dir=\"auto\">Mai multe informa\u021bii despre Witold Pilecki g\u0103si\u021bi \u00een <a href=\"https:\/\/historia.ro\/sectiune\/portret\/capitanul-witold-pilecki-prizonier-de-bunavoie-la-570275.html?fbclid=IwAR3V-_fBOoAbbGjj6TvbKly74YTgbuF9gS-MonigJ03A6tQbTej8YNKRIO4\">articolul<\/a> din revista Historia \u0219i de pe <a href=\"https:\/\/www.hotnews.ro\/stiri-esential-26135859-witold-pilecki-eroul-polonez-carui-amintire-rusii-vor-stearsa.htm\">Hotnews<\/a>.<\/div>\n<div dir=\"auto\">&nbsp;<\/div>\n<div dir=\"auto\">Mai multe detalii \u00een cur\u00e2nd.<\/div>\n<p>&nbsp;<\/p>\n","protected":false},"excerpt":{"rendered":"<p>Acum 80 de ani, c\u0103pitanul Witold Pilecki, soldat al Armatei \u021a\u0103rii, prizonier \u0219i organizator al mi\u0219c\u0103rii de rezisten\u021b\u0103 \u00een lag\u0103rul de concentrare \u0219i exterminare nazist german Auschwitz a evadat din Auschwitz pentru a dezv\u0103lui adev\u0103rul despre Holocaust \u00een ceea ce au fost numite Rapoartele lui Pilecki. Anul acesta, c\u0103pitanul Witold Pilecki este patronul campaniei Polish [&hellip;]<\/p>\n","protected":false},"author":44,"featured_media":10068,"comment_status":"open","ping_status":"open","sticky":false,"template":"","format":"standard","meta":{"inline_featured_image":false,"_monsterinsights_skip_tracking":false,"_monsterinsights_sitenote_active":false,"_monsterinsights_sitenote_note":"","_monsterinsights_sitenote_category":0,"footnotes":""},"categories":[100],"tags":[],"class_list":["post-10062","post","type-post","status-publish","format-standard","has-post-thumbnail","hentry","category-stiri-ro"],"yoast_head":"<!-- This site is optimized with the Yoast SEO plugin v24.6 - https:\/\/yoast.com\/wordpress\/plugins\/seo\/ -->\n<title>Witold Pilecki - patronul Polish Heritage Days - Instytut Polski w Bukareszcie<\/title>\n<meta name=\"robots\" content=\"index, follow, max-snippet:-1, max-image-preview:large, max-video-preview:-1\" \/>\n<link rel=\"canonical\" href=\"https:\/\/instytutpolski.pl\/bucuresti\/2023\/04\/26\/witold-pilecki-patronul-polish-heritage-days\/\" \/>\n<meta property=\"og:locale\" content=\"pl_PL\" \/>\n<meta property=\"og:type\" content=\"article\" \/>\n<meta property=\"og:title\" content=\"Witold Pilecki - patronul Polish Heritage Days - Instytut Polski w Bukareszcie\" \/>\n<meta property=\"og:description\" content=\"Acum 80 de ani, c\u0103pitanul Witold Pilecki, soldat al Armatei \u021a\u0103rii, prizonier \u0219i organizator al mi\u0219c\u0103rii de rezisten\u021b\u0103 \u00een lag\u0103rul de concentrare \u0219i exterminare nazist german Auschwitz a evadat din Auschwitz pentru a dezv\u0103lui adev\u0103rul despre Holocaust \u00een ceea ce au fost numite Rapoartele lui Pilecki. Anul acesta, c\u0103pitanul Witold Pilecki este patronul campaniei Polish [&hellip;]\" \/>\n<meta property=\"og:url\" content=\"https:\/\/instytutpolski.pl\/bucuresti\/2023\/04\/26\/witold-pilecki-patronul-polish-heritage-days\/\" \/>\n<meta property=\"og:site_name\" content=\"Instytut Polski w Bukareszcie\" \/>\n<meta property=\"article:published_time\" content=\"2023-04-26T13:26:33+00:00\" \/>\n<meta property=\"article:modified_time\" content=\"2023-05-04T10:46:31+00:00\" \/>\n<meta property=\"og:image\" content=\"https:\/\/instytutpolski.pl\/bucuresti\/wp-content\/uploads\/sites\/11\/2023\/04\/Design-fara-titlu-57-1024x576.png\" \/>\n\t<meta property=\"og:image:width\" content=\"1024\" \/>\n\t<meta property=\"og:image:height\" content=\"576\" \/>\n\t<meta property=\"og:image:type\" content=\"image\/png\" \/>\n<meta name=\"author\" content=\"zalaszewskak\" \/>\n<meta name=\"twitter:card\" content=\"summary_large_image\" \/>\n<meta name=\"twitter:label1\" content=\"Napisane przez\" \/>\n\t<meta name=\"twitter:data1\" content=\"zalaszewskak\" \/>\n\t<meta name=\"twitter:label2\" content=\"Szacowany czas czytania\" \/>\n\t<meta name=\"twitter:data2\" content=\"1 minuta\" \/>\n<script type=\"application\/ld+json\" class=\"yoast-schema-graph\">{\"@context\":\"https:\/\/schema.org\",\"@graph\":[{\"@type\":\"event\",\"@id\":\"https:\/\/instytutpolski.pl\/bucuresti\/2023\/04\/26\/witold-pilecki-patronul-polish-heritage-days\/\",\"url\":\"https:\/\/instytutpolski.pl\/bucuresti\/2023\/04\/26\/witold-pilecki-patronul-polish-heritage-days\/\",\"name\":\"Witold Pilecki - patronul Polish Heritage Days\",\"isPartOf\":{\"@id\":\"https:\/\/instytutpolski.pl\/bucuresti\/#website\"},\"primaryImageOfPage\":{\"@id\":\"https:\/\/instytutpolski.pl\/bucuresti\/2023\/04\/26\/witold-pilecki-patronul-polish-heritage-days\/#primaryimage\"},\"image\":[\"https:\/\/instytutpolski.pl\/bucuresti\/wp-content\/uploads\/sites\/11\/2023\/04\/Design-fara-titlu-57.png\",\"https:\/\/instytutpolski.pl\/bucuresti\/wp-content\/uploads\/sites\/11\/2023\/04\/Design-fara-titlu-57-300x169.png\",\"https:\/\/instytutpolski.pl\/bucuresti\/wp-content\/uploads\/sites\/11\/2023\/04\/Design-fara-titlu-57-1024x576.png\",\"https:\/\/instytutpolski.pl\/bucuresti\/wp-content\/uploads\/sites\/11\/2023\/04\/Design-fara-titlu-57.png\"],\"thumbnailUrl\":\"https:\/\/instytutpolski.pl\/bucuresti\/wp-content\/uploads\/sites\/11\/2023\/04\/Design-fara-titlu-57.png\",\"datePublished\":\"2023-04-26T13:26:33+02:00\",\"dateModified\":\"2023-05-04T10:46:31+02:00\",\"author\":{\"@id\":\"https:\/\/instytutpolski.pl\/bucuresti\/#\/schema\/person\/cbf38f4ffa10f919673d0e5f3ee6677d\"},\"breadcrumb\":{\"@id\":\"https:\/\/instytutpolski.pl\/bucuresti\/2023\/04\/26\/witold-pilecki-patronul-polish-heritage-days\/#breadcrumb\"},\"inLanguage\":\"pl-PL\",\"potentialAction\":[{\"@type\":\"ReadAction\",\"target\":[\"https:\/\/instytutpolski.pl\/bucuresti\/2023\/04\/26\/witold-pilecki-patronul-polish-heritage-days\/\"]}],\"@context\":\"https:\/\/schema.org\",\"startDate\":\"2023-04-26\",\"endDate\":\"2023-05-31\",\"eventStatus\":\"EventScheduled\",\"eventAttendanceMode\":\"OfflineEventAttendanceMode\",\"location\":{\"@type\":\"place\",\"name\":\"\",\"address\":\"\",\"geo\":{\"@type\":\"GeoCoordinates\",\"latitude\":\"\",\"longitude\":\"\"}},\"description\":\"Acum 80 de ani, c\u0103pitanul Witold Pilecki, soldat al Armatei \u021a\u0103rii, prizonier \u0219i organizator al mi\u0219c\u0103rii de rezisten\u021b\u0103 \u00een lag\u0103rul de concentrare \u0219i exterminare nazist german Auschwitz a evadat din Auschwitz pentru a dezv\u0103lui adev\u0103rul despre Holocaust \u00een ceea ce au fost numite Rapoartele lui Pilecki. Anul acesta, c\u0103pitanul Witold Pilecki este patronul campaniei Polish Heritage Days care se va desf\u0103\u0219ura \u00een luna mai.\\n \\nMai multe informa\u021bii despre Witold Pilecki g\u0103si\u021bi \u00een articolul din revista Historia \u0219i de pe Hotnews.\\n \\nMai multe detalii \u00een cur\u00e2nd.\\n \"},{\"@type\":\"ImageObject\",\"inLanguage\":\"pl-PL\",\"@id\":\"https:\/\/instytutpolski.pl\/bucuresti\/2023\/04\/26\/witold-pilecki-patronul-polish-heritage-days\/#primaryimage\",\"url\":\"https:\/\/instytutpolski.pl\/bucuresti\/wp-content\/uploads\/sites\/11\/2023\/04\/Design-fara-titlu-57.png\",\"contentUrl\":\"https:\/\/instytutpolski.pl\/bucuresti\/wp-content\/uploads\/sites\/11\/2023\/04\/Design-fara-titlu-57.png\",\"width\":1920,\"height\":1080},{\"@type\":\"BreadcrumbList\",\"@id\":\"https:\/\/instytutpolski.pl\/bucuresti\/2023\/04\/26\/witold-pilecki-patronul-polish-heritage-days\/#breadcrumb\",\"itemListElement\":[{\"@type\":\"ListItem\",\"position\":1,\"name\":\"Home\",\"item\":\"https:\/\/instytutpolski.pl\/bucuresti\/\"},{\"@type\":\"ListItem\",\"position\":2,\"name\":\"Witold Pilecki &#8211; patronul Polish Heritage Days\"}]},{\"@type\":\"WebSite\",\"@id\":\"https:\/\/instytutpolski.pl\/bucuresti\/#website\",\"url\":\"https:\/\/instytutpolski.pl\/bucuresti\/\",\"name\":\"Instytut Polski w Bukareszcie\",\"description\":\"Instytuty Polskie\",\"potentialAction\":[{\"@type\":\"SearchAction\",\"target\":{\"@type\":\"EntryPoint\",\"urlTemplate\":\"https:\/\/instytutpolski.pl\/bucuresti\/?s={search_term_string}\"},\"query-input\":{\"@type\":\"PropertyValueSpecification\",\"valueRequired\":true,\"valueName\":\"search_term_string\"}}],\"inLanguage\":\"pl-PL\"},{\"@type\":\"Person\",\"@id\":\"https:\/\/instytutpolski.pl\/bucuresti\/#\/schema\/person\/cbf38f4ffa10f919673d0e5f3ee6677d\",\"name\":\"zalaszewskak\",\"image\":{\"@type\":\"ImageObject\",\"inLanguage\":\"pl-PL\",\"@id\":\"https:\/\/instytutpolski.pl\/bucuresti\/#\/schema\/person\/image\/\",\"url\":\"https:\/\/secure.gravatar.com\/avatar\/c2e847fb86e9b9e6a80aa771ff34772f?s=96&d=mm&r=g\",\"contentUrl\":\"https:\/\/secure.gravatar.com\/avatar\/c2e847fb86e9b9e6a80aa771ff34772f?s=96&d=mm&r=g\",\"caption\":\"zalaszewskak\"},\"url\":\"https:\/\/instytutpolski.pl\/bucuresti\/author\/zalaszewskak\/\"}]}<\/script>\n<!-- \/ Yoast SEO plugin. -->","yoast_head_json":{"title":"Witold Pilecki - patronul Polish Heritage Days - Instytut Polski w Bukareszcie","robots":{"index":"index","follow":"follow","max-snippet":"max-snippet:-1","max-image-preview":"max-image-preview:large","max-video-preview":"max-video-preview:-1"},"canonical":"https:\/\/instytutpolski.pl\/bucuresti\/2023\/04\/26\/witold-pilecki-patronul-polish-heritage-days\/","og_locale":"pl_PL","og_type":"article","og_title":"Witold Pilecki - patronul Polish Heritage Days - Instytut Polski w Bukareszcie","og_description":"Acum 80 de ani, c\u0103pitanul Witold Pilecki, soldat al Armatei \u021a\u0103rii, prizonier \u0219i organizator al mi\u0219c\u0103rii de rezisten\u021b\u0103 \u00een lag\u0103rul de concentrare \u0219i exterminare nazist german Auschwitz a evadat din Auschwitz pentru a dezv\u0103lui adev\u0103rul despre Holocaust \u00een ceea ce au fost numite Rapoartele lui Pilecki. Anul acesta, c\u0103pitanul Witold Pilecki este patronul campaniei Polish [&hellip;]","og_url":"https:\/\/instytutpolski.pl\/bucuresti\/2023\/04\/26\/witold-pilecki-patronul-polish-heritage-days\/","og_site_name":"Instytut Polski w Bukareszcie","article_published_time":"2023-04-26T13:26:33+00:00","article_modified_time":"2023-05-04T10:46:31+00:00","og_image":[{"width":1024,"height":576,"url":"https:\/\/instytutpolski.pl\/bucuresti\/wp-content\/uploads\/sites\/11\/2023\/04\/Design-fara-titlu-57-1024x576.png","type":"image\/png"}],"author":"zalaszewskak","twitter_card":"summary_large_image","twitter_misc":{"Napisane przez":"zalaszewskak","Szacowany czas czytania":"1 minuta"},"schema":{"@context":"https:\/\/schema.org","@graph":[{"@type":"event","@id":"https:\/\/instytutpolski.pl\/bucuresti\/2023\/04\/26\/witold-pilecki-patronul-polish-heritage-days\/","url":"https:\/\/instytutpolski.pl\/bucuresti\/2023\/04\/26\/witold-pilecki-patronul-polish-heritage-days\/","name":"Witold Pilecki - patronul Polish Heritage Days","isPartOf":{"@id":"https:\/\/instytutpolski.pl\/bucuresti\/#website"},"primaryImageOfPage":{"@id":"https:\/\/instytutpolski.pl\/bucuresti\/2023\/04\/26\/witold-pilecki-patronul-polish-heritage-days\/#primaryimage"},"image":["https:\/\/instytutpolski.pl\/bucuresti\/wp-content\/uploads\/sites\/11\/2023\/04\/Design-fara-titlu-57.png","https:\/\/instytutpolski.pl\/bucuresti\/wp-content\/uploads\/sites\/11\/2023\/04\/Design-fara-titlu-57-300x169.png","https:\/\/instytutpolski.pl\/bucuresti\/wp-content\/uploads\/sites\/11\/2023\/04\/Design-fara-titlu-57-1024x576.png","https:\/\/instytutpolski.pl\/bucuresti\/wp-content\/uploads\/sites\/11\/2023\/04\/Design-fara-titlu-57.png"],"thumbnailUrl":"https:\/\/instytutpolski.pl\/bucuresti\/wp-content\/uploads\/sites\/11\/2023\/04\/Design-fara-titlu-57.png","datePublished":"2023-04-26T13:26:33+02:00","dateModified":"2023-05-04T10:46:31+02:00","author":{"@id":"https:\/\/instytutpolski.pl\/bucuresti\/#\/schema\/person\/cbf38f4ffa10f919673d0e5f3ee6677d"},"breadcrumb":{"@id":"https:\/\/instytutpolski.pl\/bucuresti\/2023\/04\/26\/witold-pilecki-patronul-polish-heritage-days\/#breadcrumb"},"inLanguage":"pl-PL","potentialAction":[{"@type":"ReadAction","target":["https:\/\/instytutpolski.pl\/bucuresti\/2023\/04\/26\/witold-pilecki-patronul-polish-heritage-days\/"]}],"@context":"https:\/\/schema.org","startDate":"2023-04-26","endDate":"2023-05-31","eventStatus":"EventScheduled","eventAttendanceMode":"OfflineEventAttendanceMode","location":{"@type":"place","name":"","address":"","geo":{"@type":"GeoCoordinates","latitude":"","longitude":""}},"description":"Acum 80 de ani, c\u0103pitanul Witold Pilecki, soldat al Armatei \u021a\u0103rii, prizonier \u0219i organizator al mi\u0219c\u0103rii de rezisten\u021b\u0103 \u00een lag\u0103rul de concentrare \u0219i exterminare nazist german Auschwitz a evadat din Auschwitz pentru a dezv\u0103lui adev\u0103rul despre Holocaust \u00een ceea ce au fost numite Rapoartele lui Pilecki. Anul acesta, c\u0103pitanul Witold Pilecki este patronul campaniei Polish Heritage Days care se va desf\u0103\u0219ura \u00een luna mai.\n \nMai multe informa\u021bii despre Witold Pilecki g\u0103si\u021bi \u00een articolul din revista Historia \u0219i de pe Hotnews.\n \nMai multe detalii \u00een cur\u00e2nd.\n "},{"@type":"ImageObject","inLanguage":"pl-PL","@id":"https:\/\/instytutpolski.pl\/bucuresti\/2023\/04\/26\/witold-pilecki-patronul-polish-heritage-days\/#primaryimage","url":"https:\/\/instytutpolski.pl\/bucuresti\/wp-content\/uploads\/sites\/11\/2023\/04\/Design-fara-titlu-57.png","contentUrl":"https:\/\/instytutpolski.pl\/bucuresti\/wp-content\/uploads\/sites\/11\/2023\/04\/Design-fara-titlu-57.png","width":1920,"height":1080},{"@type":"BreadcrumbList","@id":"https:\/\/instytutpolski.pl\/bucuresti\/2023\/04\/26\/witold-pilecki-patronul-polish-heritage-days\/#breadcrumb","itemListElement":[{"@type":"ListItem","position":1,"name":"Home","item":"https:\/\/instytutpolski.pl\/bucuresti\/"},{"@type":"ListItem","position":2,"name":"Witold Pilecki &#8211; patronul Polish Heritage Days"}]},{"@type":"WebSite","@id":"https:\/\/instytutpolski.pl\/bucuresti\/#website","url":"https:\/\/instytutpolski.pl\/bucuresti\/","name":"Instytut Polski w Bukareszcie","description":"Instytuty Polskie","potentialAction":[{"@type":"SearchAction","target":{"@type":"EntryPoint","urlTemplate":"https:\/\/instytutpolski.pl\/bucuresti\/?s={search_term_string}"},"query-input":{"@type":"PropertyValueSpecification","valueRequired":true,"valueName":"search_term_string"}}],"inLanguage":"pl-PL"},{"@type":"Person","@id":"https:\/\/instytutpolski.pl\/bucuresti\/#\/schema\/person\/cbf38f4ffa10f919673d0e5f3ee6677d","name":"zalaszewskak","image":{"@type":"ImageObject","inLanguage":"pl-PL","@id":"https:\/\/instytutpolski.pl\/bucuresti\/#\/schema\/person\/image\/","url":"https:\/\/secure.gravatar.com\/avatar\/c2e847fb86e9b9e6a80aa771ff34772f?s=96&d=mm&r=g","contentUrl":"https:\/\/secure.gravatar.com\/avatar\/c2e847fb86e9b9e6a80aa771ff34772f?s=96&d=mm&r=g","caption":"zalaszewskak"},"url":"https:\/\/instytutpolski.pl\/bucuresti\/author\/zalaszewskak\/"}]}},"_links":{"self":[{"href":"https:\/\/instytutpolski.pl\/bucuresti\/wp-json\/wp\/v2\/posts\/10062","targetHints":{"allow":["GET"]}}],"collection":[{"href":"https:\/\/instytutpolski.pl\/bucuresti\/wp-json\/wp\/v2\/posts"}],"about":[{"href":"https:\/\/instytutpolski.pl\/bucuresti\/wp-json\/wp\/v2\/types\/post"}],"author":[{"embeddable":true,"href":"https:\/\/instytutpolski.pl\/bucuresti\/wp-json\/wp\/v2\/users\/44"}],"replies":[{"embeddable":true,"href":"https:\/\/instytutpolski.pl\/bucuresti\/wp-json\/wp\/v2\/comments?post=10062"}],"version-history":[{"count":7,"href":"https:\/\/instytutpolski.pl\/bucuresti\/wp-json\/wp\/v2\/posts\/10062\/revisions"}],"predecessor-version":[{"id":10080,"href":"https:\/\/instytutpolski.pl\/bucuresti\/wp-json\/wp\/v2\/posts\/10062\/revisions\/10080"}],"wp:featuredmedia":[{"embeddable":true,"href":"https:\/\/instytutpolski.pl\/bucuresti\/wp-json\/wp\/v2\/media\/10068"}],"wp:attachment":[{"href":"https:\/\/instytutpolski.pl\/bucuresti\/wp-json\/wp\/v2\/media?parent=10062"}],"wp:term":[{"taxonomy":"category","embeddable":true,"href":"https:\/\/instytutpolski.pl\/bucuresti\/wp-json\/wp\/v2\/categories?post=10062"},{"taxonomy":"post_tag","embeddable":true,"href":"https:\/\/instytutpolski.pl\/bucuresti\/wp-json\/wp\/v2\/tags?post=10062"}],"curies":[{"name":"wp","href":"https:\/\/api.w.org\/{rel}","templated":true}]}}