{"id":10097,"date":"2023-05-05T12:14:09","date_gmt":"2023-05-05T10:14:09","guid":{"rendered":"https:\/\/instytutpolski.pl\/bucuresti\/?p=10097"},"modified":"2023-07-17T13:00:08","modified_gmt":"2023-07-17T11:00:08","slug":"tadeusz-kosciuszko-cena-wolnosci-w-golesti","status":"publish","type":"post","link":"https:\/\/instytutpolski.pl\/bucuresti\/pl\/2023\/05\/05\/tadeusz-kosciuszko-cena-wolnosci-w-golesti\/","title":{"rendered":"\u201eTadeusz Ko\u015bciuszko-cena wolno\u015bci\u201d w Gole\u0219ti"},"content":{"rendered":"\n<p>Powszechnie przyjmuje si\u0119, \u017ce\u00a0<strong>uchwalona 3 maja 1791 roku<\/strong>\u00a0w Warszawie<strong>\u00a0konstytucja<\/strong>\u00a0by\u0142a pierwsz\u0105 w Europie i drug\u0105 na \u015bwiecie (po konstytucji ameryka\u0144skiej z 1787 r.) nowoczesn\u0105, spisan\u0105 konstytucj\u0105. Jej autorami byli ostatni kr\u00f3l Polski Stanis\u0142aw August Poniatowski, polski polityk i dzia\u0142acz patriotyczny Ignacy Potocki i oraz czo\u0142owy ideolog polskiego o\u015bwiecenia Hugo Ko\u0142\u0142\u0105taj. Konstytucja m.in. zmieni\u0142a ustr\u00f3j pa\u0144stwa na monarchi\u0119 dziedziczn\u0105, ograniczy\u0142a znacz\u0105co przywileje szlacheckie, w tym znosz\u0105c liberum veto \u2013 prawo ka\u017cdego z pos\u0142a bior\u0105cego udzia\u0142 w obradach Sejmu do zerwania go i uniewa\u017cnienia podj\u0119tych na nim uchwa\u0142 \u2013 uznawane za jedn\u0105 z g\u0142\u00f3wnych przyczyn upadku pa\u0144stwa. Ponadto wprowadzi\u0142a polityczne zr\u00f3wnanie mieszczan i szlachty oraz zapewni\u0142a ch\u0142opom ochron\u0119 pa\u0144stwa. By\u0142a dokumentem, kt\u00f3ry przywr\u00f3ci\u0142 Polakom nadziej\u0119 i poczucie odpowiedzialno\u015bci za sw\u00f3j kraj. Nadal pozostaje symbolem odwa\u017cnego, nowatorskiego my\u015blenia o kszta\u0142cie Rzeczypospolitej.<\/p>\n<p>Konstytucja 3 maja przetrwa\u0142a zaledwie czterna\u015bcie miesi\u0119cy. Zosta\u0142a obalona przez armi\u0119 rosyjsk\u0105 przy wsparciu zdemoralizowanej polskiej szlachty, widz\u0105cej w niej zamach na swoje przywileje. Pomimo tego, pami\u0119\u0107 o konstytucji przetrwa\u0142a rozbiory, a po odzyskaniu niepodleg\u0142o\u015bci w 1918 roku, ustanowiono \u015awi\u0119to Konstytucji 3 maja.<\/p>\n<p>Jednym z bohater\u00f3w wydarze\u0144 sprzed ponad 220 lat jest polski genera\u0142 i jednocze\u015bnie ameryka\u0144ski bohater\u00a0<strong>Tadeusz Ko\u015bciuszko<\/strong>\u00a0(1746-1817).Bohater prezentowanej wystawy walczy\u0142 za wolno\u015b\u0107 obu narod\u00f3w, ale domaga\u0142 si\u0119 te\u017c swobody dla ch\u0142op\u00f3w i niewolnik\u00f3w, a jako bardzo uzdolniony in\u017cynier wojskowy budowa\u0142 doskona\u0142e fortyfikacje. Zaprojektowa\u0142 m.in. twierdz\u0119 West Point, w kt\u00f3rej dzi\u015b mie\u015bci si\u0119 s\u0142ynna ameryka\u0144ska akademia wojskowa.<\/p>\n<p>Dzi\u0119ki swoim wybitnym dokonaniom i niezwykle nowoczesnemu sposobowi my\u015blenia, przyw\u00f3dca jednego z polskich powsta\u0144 narodowych (tzw. insurekcji ko\u015bciuszkowskiej z 1794 roku) jest dzi\u015b bohaterem Polski i Stan\u00f3w Zjednoczonych. Jego pomniki stoj\u0105 w wielu krajach \u015bwiata, a jego imi\u0119 nosi nawet najwy\u017cszy szczyt Australii \u2013 G\u00f3ra Ko\u015bciuszki (Mount Kosciuszko).<\/p>\n<p>Wystawa, kt\u00f3ra b\u0119dzie prezentowana w Gole\u0219ti w j\u0119zyku rumu\u0144skim przedstawia na 24 planszach wybitnego Polaka nie tylko jako wojskowego i polityka. Przybli\u017ca tak\u017ce pami\u0105tki zwi\u0105zane z tym znakomitym dow\u00f3dc\u0105 i in\u017cynierem wojskowym oraz zdj\u0119cia i obrazy, przedstawiaj\u0105ce zar\u00f3wno samego Ko\u015bciuszk\u0119 w r\u00f3\u017cnych momentach jego \u017cycia, jak i miejsca z nim zwi\u0105zane oraz wa\u017cne wydarzenia historyczne.<\/p>\n<p>Wystawa zabierze nas w podr\u00f3\u017c do targanej wojnami XVIII \u2013 wiecznej Europy, gdzie Polska walczy\u0142a o przetrwanie na mapie \u015bwiata. Z Ko\u015bciuszk\u0105 udamy si\u0119 r\u00f3wnie\u017c za ocean, gdzie o wolno\u015b\u0107 walczy\u0142o pa\u0144stwo, kt\u00f3re przekszta\u0142ci\u0142o si\u0119 w \u015bwiatowe mocarstwo.<\/p>\n<p><strong>Wystaw\u0119 b\u0119dzie mo\u017cna zobaczy\u0107 w Muzeum Gole\u0219ti \u2013 Strada Carol I nr 26, R\u00e2mnicu V\u00e2lcea, mi\u0119dzy 10 maja a 31 sierpnia 2023 r.<\/strong><\/p>\n","protected":false},"excerpt":{"rendered":"<p>Powszechnie przyjmuje si\u0119, \u017ce\u00a0uchwalona 3 maja 1791 roku\u00a0w Warszawie\u00a0konstytucja\u00a0by\u0142a pierwsz\u0105 w Europie i drug\u0105 na \u015bwiecie (po konstytucji ameryka\u0144skiej z 1787 r.) nowoczesn\u0105, spisan\u0105 konstytucj\u0105. Jej autorami byli ostatni kr\u00f3l Polski Stanis\u0142aw August Poniatowski, polski polityk i dzia\u0142acz patriotyczny Ignacy Potocki i oraz czo\u0142owy ideolog polskiego o\u015bwiecenia Hugo Ko\u0142\u0142\u0105taj. Konstytucja m.in. zmieni\u0142a ustr\u00f3j pa\u0144stwa na [&hellip;]<\/p>\n","protected":false},"author":44,"featured_media":10094,"comment_status":"open","ping_status":"open","sticky":false,"template":"","format":"standard","meta":{"inline_featured_image":false,"_monsterinsights_skip_tracking":false,"_monsterinsights_sitenote_active":false,"_monsterinsights_sitenote_note":"","_monsterinsights_sitenote_category":0,"footnotes":""},"categories":[41],"tags":[],"class_list":["post-10097","post","type-post","status-publish","format-standard","has-post-thumbnail","hentry","category-historia"],"yoast_head":"<!-- This site is optimized with the Yoast SEO plugin v24.6 - https:\/\/yoast.com\/wordpress\/plugins\/seo\/ -->\n<title>\u201eTadeusz Ko\u015bciuszko-cena wolno\u015bci\u201d w Gole\u0219ti - Instytut Polski w Bukareszcie<\/title>\n<meta name=\"robots\" content=\"index, follow, max-snippet:-1, max-image-preview:large, max-video-preview:-1\" \/>\n<link rel=\"canonical\" href=\"https:\/\/instytutpolski.pl\/bucuresti\/pl\/2023\/05\/05\/tadeusz-kosciuszko-cena-wolnosci-w-golesti\/\" \/>\n<meta property=\"og:locale\" content=\"pl_PL\" \/>\n<meta property=\"og:type\" content=\"article\" \/>\n<meta property=\"og:title\" content=\"\u201eTadeusz Ko\u015bciuszko-cena wolno\u015bci\u201d w Gole\u0219ti - Instytut Polski w Bukareszcie\" \/>\n<meta property=\"og:description\" content=\"Powszechnie przyjmuje si\u0119, \u017ce\u00a0uchwalona 3 maja 1791 roku\u00a0w Warszawie\u00a0konstytucja\u00a0by\u0142a pierwsz\u0105 w Europie i drug\u0105 na \u015bwiecie (po konstytucji ameryka\u0144skiej z 1787 r.) nowoczesn\u0105, spisan\u0105 konstytucj\u0105. Jej autorami byli ostatni kr\u00f3l Polski Stanis\u0142aw August Poniatowski, polski polityk i dzia\u0142acz patriotyczny Ignacy Potocki i oraz czo\u0142owy ideolog polskiego o\u015bwiecenia Hugo Ko\u0142\u0142\u0105taj. Konstytucja m.in. zmieni\u0142a ustr\u00f3j pa\u0144stwa na [&hellip;]\" \/>\n<meta property=\"og:url\" content=\"https:\/\/instytutpolski.pl\/bucuresti\/pl\/2023\/05\/05\/tadeusz-kosciuszko-cena-wolnosci-w-golesti\/\" \/>\n<meta property=\"og:site_name\" content=\"Instytut Polski w Bukareszcie\" \/>\n<meta property=\"article:published_time\" content=\"2023-05-05T10:14:09+00:00\" \/>\n<meta property=\"article:modified_time\" content=\"2023-07-17T11:00:08+00:00\" \/>\n<meta property=\"og:image\" content=\"https:\/\/instytutpolski.pl\/bucuresti\/wp-content\/uploads\/sites\/11\/2023\/05\/1-18-martie-2022-Postare-Facebook-1920-\u00d7-1080-px-1-1024x576.png\" \/>\n\t<meta property=\"og:image:width\" content=\"1024\" \/>\n\t<meta property=\"og:image:height\" content=\"576\" \/>\n\t<meta property=\"og:image:type\" content=\"image\/png\" \/>\n<meta name=\"author\" content=\"zalaszewskak\" \/>\n<meta name=\"twitter:card\" content=\"summary_large_image\" \/>\n<meta name=\"twitter:label1\" content=\"Napisane przez\" \/>\n\t<meta name=\"twitter:data1\" content=\"zalaszewskak\" \/>\n\t<meta name=\"twitter:label2\" content=\"Szacowany czas czytania\" \/>\n\t<meta name=\"twitter:data2\" content=\"3 minuty\" \/>\n<script type=\"application\/ld+json\" class=\"yoast-schema-graph\">{\"@context\":\"https:\/\/schema.org\",\"@graph\":[{\"@type\":\"event\",\"@id\":\"https:\/\/instytutpolski.pl\/bucuresti\/pl\/2023\/05\/05\/tadeusz-kosciuszko-cena-wolnosci-w-golesti\/\",\"url\":\"https:\/\/instytutpolski.pl\/bucuresti\/pl\/2023\/05\/05\/tadeusz-kosciuszko-cena-wolnosci-w-golesti\/\",\"name\":\"\u201eTadeusz Ko\u015bciuszko-cena wolno\u015bci\u201d w Gole\u0219ti\",\"isPartOf\":{\"@id\":\"https:\/\/instytutpolski.pl\/bucuresti\/#website\"},\"primaryImageOfPage\":{\"@id\":\"https:\/\/instytutpolski.pl\/bucuresti\/pl\/2023\/05\/05\/tadeusz-kosciuszko-cena-wolnosci-w-golesti\/#primaryimage\"},\"image\":[\"https:\/\/instytutpolski.pl\/bucuresti\/wp-content\/uploads\/sites\/11\/2023\/05\/1-18-martie-2022-Postare-Facebook-1920-\u00d7-1080-px-1.png\",\"https:\/\/instytutpolski.pl\/bucuresti\/wp-content\/uploads\/sites\/11\/2023\/05\/1-18-martie-2022-Postare-Facebook-1920-\u00d7-1080-px-1-300x169.png\",\"https:\/\/instytutpolski.pl\/bucuresti\/wp-content\/uploads\/sites\/11\/2023\/05\/1-18-martie-2022-Postare-Facebook-1920-\u00d7-1080-px-1-1024x576.png\",\"https:\/\/instytutpolski.pl\/bucuresti\/wp-content\/uploads\/sites\/11\/2023\/05\/1-18-martie-2022-Postare-Facebook-1920-\u00d7-1080-px-1.png\"],\"thumbnailUrl\":\"https:\/\/instytutpolski.pl\/bucuresti\/wp-content\/uploads\/sites\/11\/2023\/05\/1-18-martie-2022-Postare-Facebook-1920-\u00d7-1080-px-1.png\",\"datePublished\":\"2023-05-05T10:14:09+02:00\",\"dateModified\":\"2023-07-17T11:00:08+02:00\",\"author\":{\"@id\":\"https:\/\/instytutpolski.pl\/bucuresti\/#\/schema\/person\/cbf38f4ffa10f919673d0e5f3ee6677d\"},\"breadcrumb\":{\"@id\":\"https:\/\/instytutpolski.pl\/bucuresti\/pl\/2023\/05\/05\/tadeusz-kosciuszko-cena-wolnosci-w-golesti\/#breadcrumb\"},\"inLanguage\":\"pl-PL\",\"potentialAction\":[{\"@type\":\"ReadAction\",\"target\":[\"https:\/\/instytutpolski.pl\/bucuresti\/pl\/2023\/05\/05\/tadeusz-kosciuszko-cena-wolnosci-w-golesti\/\"]}],\"@context\":\"https:\/\/schema.org\",\"startDate\":\"2023-05-03\",\"endDate\":\"2023-08-31\",\"eventStatus\":\"EventScheduled\",\"eventAttendanceMode\":\"OfflineEventAttendanceMode\",\"location\":{\"@type\":\"place\",\"name\":\"\",\"address\":\"\",\"geo\":{\"@type\":\"GeoCoordinates\",\"latitude\":\"\",\"longitude\":\"\"}},\"description\":\"Powszechnie przyjmuje si\u0119, \u017ce\u00a0uchwalona 3 maja 1791 roku\u00a0w Warszawie\u00a0konstytucja\u00a0by\u0142a pierwsz\u0105 w Europie i drug\u0105 na \u015bwiecie (po konstytucji ameryka\u0144skiej z 1787 r.) nowoczesn\u0105, spisan\u0105 konstytucj\u0105. Jej autorami byli ostatni kr\u00f3l Polski Stanis\u0142aw August Poniatowski, polski polityk i dzia\u0142acz patriotyczny Ignacy Potocki i oraz czo\u0142owy ideolog polskiego o\u015bwiecenia Hugo Ko\u0142\u0142\u0105taj. Konstytucja m.in. zmieni\u0142a ustr\u00f3j pa\u0144stwa na monarchi\u0119 dziedziczn\u0105, ograniczy\u0142a znacz\u0105co przywileje szlacheckie, w tym znosz\u0105c liberum veto \u2013 prawo ka\u017cdego z pos\u0142a bior\u0105cego udzia\u0142 w obradach Sejmu do zerwania go i uniewa\u017cnienia podj\u0119tych na nim uchwa\u0142 \u2013 uznawane za jedn\u0105 z g\u0142\u00f3wnych przyczyn upadku pa\u0144stwa. Ponadto wprowadzi\u0142a polityczne zr\u00f3wnanie mieszczan i szlachty oraz zapewni\u0142a ch\u0142opom ochron\u0119 pa\u0144stwa. By\u0142a dokumentem, kt\u00f3ry przywr\u00f3ci\u0142 Polakom nadziej\u0119 i poczucie odpowiedzialno\u015bci za sw\u00f3j kraj. Nadal pozostaje symbolem odwa\u017cnego, nowatorskiego my\u015blenia o kszta\u0142cie Rzeczypospolitej.\\nKonstytucja 3 maja przetrwa\u0142a zaledwie czterna\u015bcie miesi\u0119cy. Zosta\u0142a obalona przez armi\u0119 rosyjsk\u0105 przy wsparciu zdemoralizowanej polskiej szlachty, widz\u0105cej w niej zamach na swoje przywileje. Pomimo tego, pami\u0119\u0107 o konstytucji przetrwa\u0142a rozbiory, a po odzyskaniu niepodleg\u0142o\u015bci w 1918 roku, ustanowiono \u015awi\u0119to Konstytucji 3 maja.\\nJednym z bohater\u00f3w wydarze\u0144 sprzed ponad 220 lat jest polski genera\u0142 i jednocze\u015bnie ameryka\u0144ski bohater\u00a0Tadeusz Ko\u015bciuszko\u00a0(1746-1817).Bohater prezentowanej wystawy walczy\u0142 za wolno\u015b\u0107 obu narod\u00f3w, ale domaga\u0142 si\u0119 te\u017c swobody dla ch\u0142op\u00f3w i niewolnik\u00f3w, a jako bardzo uzdolniony in\u017cynier wojskowy budowa\u0142 doskona\u0142e fortyfikacje. Zaprojektowa\u0142 m.in. twierdz\u0119 West Point, w kt\u00f3rej dzi\u015b mie\u015bci si\u0119 s\u0142ynna ameryka\u0144ska akademia wojskowa.\\nDzi\u0119ki swoim wybitnym dokonaniom i niezwykle nowoczesnemu sposobowi my\u015blenia, przyw\u00f3dca jednego z polskich powsta\u0144 narodowych (tzw. insurekcji ko\u015bciuszkowskiej z 1794 roku) jest dzi\u015b bohaterem Polski i Stan\u00f3w Zjednoczonych. Jego pomniki stoj\u0105 w wielu krajach \u015bwiata, a jego imi\u0119 nosi nawet najwy\u017cszy szczyt Australii \u2013 G\u00f3ra Ko\u015bciuszki (Mount Kosciuszko).\\nWystawa, kt\u00f3ra b\u0119dzie prezentowana w Gole\u0219ti w j\u0119zyku rumu\u0144skim przedstawia na 24 planszach wybitnego Polaka nie tylko jako wojskowego i polityka. Przybli\u017ca tak\u017ce pami\u0105tki zwi\u0105zane z tym znakomitym dow\u00f3dc\u0105 i in\u017cynierem wojskowym oraz zdj\u0119cia i obrazy, przedstawiaj\u0105ce zar\u00f3wno samego Ko\u015bciuszk\u0119 w r\u00f3\u017cnych momentach jego \u017cycia, jak i miejsca z nim zwi\u0105zane oraz wa\u017cne wydarzenia historyczne.\\nWystawa zabierze nas w podr\u00f3\u017c do targanej wojnami XVIII \u2013 wiecznej Europy, gdzie Polska walczy\u0142a o przetrwanie na mapie \u015bwiata. Z Ko\u015bciuszk\u0105 udamy si\u0119 r\u00f3wnie\u017c za ocean, gdzie o wolno\u015b\u0107 walczy\u0142o pa\u0144stwo, kt\u00f3re przekszta\u0142ci\u0142o si\u0119 w \u015bwiatowe mocarstwo.\\nWystaw\u0119 b\u0119dzie mo\u017cna zobaczy\u0107 w Muzeum Gole\u0219ti \u2013 Strada Carol I nr 26, R\u00e2mnicu V\u00e2lcea, mi\u0119dzy 10 maja a 31 sierpnia 2023 r.\"},{\"@type\":\"ImageObject\",\"inLanguage\":\"pl-PL\",\"@id\":\"https:\/\/instytutpolski.pl\/bucuresti\/pl\/2023\/05\/05\/tadeusz-kosciuszko-cena-wolnosci-w-golesti\/#primaryimage\",\"url\":\"https:\/\/instytutpolski.pl\/bucuresti\/wp-content\/uploads\/sites\/11\/2023\/05\/1-18-martie-2022-Postare-Facebook-1920-\u00d7-1080-px-1.png\",\"contentUrl\":\"https:\/\/instytutpolski.pl\/bucuresti\/wp-content\/uploads\/sites\/11\/2023\/05\/1-18-martie-2022-Postare-Facebook-1920-\u00d7-1080-px-1.png\",\"width\":1920,\"height\":1080},{\"@type\":\"BreadcrumbList\",\"@id\":\"https:\/\/instytutpolski.pl\/bucuresti\/pl\/2023\/05\/05\/tadeusz-kosciuszko-cena-wolnosci-w-golesti\/#breadcrumb\",\"itemListElement\":[{\"@type\":\"ListItem\",\"position\":1,\"name\":\"Home\",\"item\":\"https:\/\/instytutpolski.pl\/bucuresti\/\"},{\"@type\":\"ListItem\",\"position\":2,\"name\":\"\u201eTadeusz Ko\u015bciuszko-cena wolno\u015bci\u201d w Gole\u0219ti\"}]},{\"@type\":\"WebSite\",\"@id\":\"https:\/\/instytutpolski.pl\/bucuresti\/#website\",\"url\":\"https:\/\/instytutpolski.pl\/bucuresti\/\",\"name\":\"Instytut Polski w Bukareszcie\",\"description\":\"Instytuty Polskie\",\"potentialAction\":[{\"@type\":\"SearchAction\",\"target\":{\"@type\":\"EntryPoint\",\"urlTemplate\":\"https:\/\/instytutpolski.pl\/bucuresti\/?s={search_term_string}\"},\"query-input\":{\"@type\":\"PropertyValueSpecification\",\"valueRequired\":true,\"valueName\":\"search_term_string\"}}],\"inLanguage\":\"pl-PL\"},{\"@type\":\"Person\",\"@id\":\"https:\/\/instytutpolski.pl\/bucuresti\/#\/schema\/person\/cbf38f4ffa10f919673d0e5f3ee6677d\",\"name\":\"zalaszewskak\",\"image\":{\"@type\":\"ImageObject\",\"inLanguage\":\"pl-PL\",\"@id\":\"https:\/\/instytutpolski.pl\/bucuresti\/#\/schema\/person\/image\/\",\"url\":\"https:\/\/secure.gravatar.com\/avatar\/c2e847fb86e9b9e6a80aa771ff34772f?s=96&d=mm&r=g\",\"contentUrl\":\"https:\/\/secure.gravatar.com\/avatar\/c2e847fb86e9b9e6a80aa771ff34772f?s=96&d=mm&r=g\",\"caption\":\"zalaszewskak\"},\"url\":\"https:\/\/instytutpolski.pl\/bucuresti\/author\/zalaszewskak\/\"}]}<\/script>\n<!-- \/ Yoast SEO plugin. -->","yoast_head_json":{"title":"\u201eTadeusz Ko\u015bciuszko-cena wolno\u015bci\u201d w Gole\u0219ti - Instytut Polski w Bukareszcie","robots":{"index":"index","follow":"follow","max-snippet":"max-snippet:-1","max-image-preview":"max-image-preview:large","max-video-preview":"max-video-preview:-1"},"canonical":"https:\/\/instytutpolski.pl\/bucuresti\/pl\/2023\/05\/05\/tadeusz-kosciuszko-cena-wolnosci-w-golesti\/","og_locale":"pl_PL","og_type":"article","og_title":"\u201eTadeusz Ko\u015bciuszko-cena wolno\u015bci\u201d w Gole\u0219ti - Instytut Polski w Bukareszcie","og_description":"Powszechnie przyjmuje si\u0119, \u017ce\u00a0uchwalona 3 maja 1791 roku\u00a0w Warszawie\u00a0konstytucja\u00a0by\u0142a pierwsz\u0105 w Europie i drug\u0105 na \u015bwiecie (po konstytucji ameryka\u0144skiej z 1787 r.) nowoczesn\u0105, spisan\u0105 konstytucj\u0105. Jej autorami byli ostatni kr\u00f3l Polski Stanis\u0142aw August Poniatowski, polski polityk i dzia\u0142acz patriotyczny Ignacy Potocki i oraz czo\u0142owy ideolog polskiego o\u015bwiecenia Hugo Ko\u0142\u0142\u0105taj. Konstytucja m.in. zmieni\u0142a ustr\u00f3j pa\u0144stwa na [&hellip;]","og_url":"https:\/\/instytutpolski.pl\/bucuresti\/pl\/2023\/05\/05\/tadeusz-kosciuszko-cena-wolnosci-w-golesti\/","og_site_name":"Instytut Polski w Bukareszcie","article_published_time":"2023-05-05T10:14:09+00:00","article_modified_time":"2023-07-17T11:00:08+00:00","og_image":[{"width":1024,"height":576,"url":"https:\/\/instytutpolski.pl\/bucuresti\/wp-content\/uploads\/sites\/11\/2023\/05\/1-18-martie-2022-Postare-Facebook-1920-\u00d7-1080-px-1-1024x576.png","type":"image\/png"}],"author":"zalaszewskak","twitter_card":"summary_large_image","twitter_misc":{"Napisane przez":"zalaszewskak","Szacowany czas czytania":"3 minuty"},"schema":{"@context":"https:\/\/schema.org","@graph":[{"@type":"event","@id":"https:\/\/instytutpolski.pl\/bucuresti\/pl\/2023\/05\/05\/tadeusz-kosciuszko-cena-wolnosci-w-golesti\/","url":"https:\/\/instytutpolski.pl\/bucuresti\/pl\/2023\/05\/05\/tadeusz-kosciuszko-cena-wolnosci-w-golesti\/","name":"\u201eTadeusz Ko\u015bciuszko-cena wolno\u015bci\u201d w Gole\u0219ti","isPartOf":{"@id":"https:\/\/instytutpolski.pl\/bucuresti\/#website"},"primaryImageOfPage":{"@id":"https:\/\/instytutpolski.pl\/bucuresti\/pl\/2023\/05\/05\/tadeusz-kosciuszko-cena-wolnosci-w-golesti\/#primaryimage"},"image":["https:\/\/instytutpolski.pl\/bucuresti\/wp-content\/uploads\/sites\/11\/2023\/05\/1-18-martie-2022-Postare-Facebook-1920-\u00d7-1080-px-1.png","https:\/\/instytutpolski.pl\/bucuresti\/wp-content\/uploads\/sites\/11\/2023\/05\/1-18-martie-2022-Postare-Facebook-1920-\u00d7-1080-px-1-300x169.png","https:\/\/instytutpolski.pl\/bucuresti\/wp-content\/uploads\/sites\/11\/2023\/05\/1-18-martie-2022-Postare-Facebook-1920-\u00d7-1080-px-1-1024x576.png","https:\/\/instytutpolski.pl\/bucuresti\/wp-content\/uploads\/sites\/11\/2023\/05\/1-18-martie-2022-Postare-Facebook-1920-\u00d7-1080-px-1.png"],"thumbnailUrl":"https:\/\/instytutpolski.pl\/bucuresti\/wp-content\/uploads\/sites\/11\/2023\/05\/1-18-martie-2022-Postare-Facebook-1920-\u00d7-1080-px-1.png","datePublished":"2023-05-05T10:14:09+02:00","dateModified":"2023-07-17T11:00:08+02:00","author":{"@id":"https:\/\/instytutpolski.pl\/bucuresti\/#\/schema\/person\/cbf38f4ffa10f919673d0e5f3ee6677d"},"breadcrumb":{"@id":"https:\/\/instytutpolski.pl\/bucuresti\/pl\/2023\/05\/05\/tadeusz-kosciuszko-cena-wolnosci-w-golesti\/#breadcrumb"},"inLanguage":"pl-PL","potentialAction":[{"@type":"ReadAction","target":["https:\/\/instytutpolski.pl\/bucuresti\/pl\/2023\/05\/05\/tadeusz-kosciuszko-cena-wolnosci-w-golesti\/"]}],"@context":"https:\/\/schema.org","startDate":"2023-05-03","endDate":"2023-08-31","eventStatus":"EventScheduled","eventAttendanceMode":"OfflineEventAttendanceMode","location":{"@type":"place","name":"","address":"","geo":{"@type":"GeoCoordinates","latitude":"","longitude":""}},"description":"Powszechnie przyjmuje si\u0119, \u017ce\u00a0uchwalona 3 maja 1791 roku\u00a0w Warszawie\u00a0konstytucja\u00a0by\u0142a pierwsz\u0105 w Europie i drug\u0105 na \u015bwiecie (po konstytucji ameryka\u0144skiej z 1787 r.) nowoczesn\u0105, spisan\u0105 konstytucj\u0105. Jej autorami byli ostatni kr\u00f3l Polski Stanis\u0142aw August Poniatowski, polski polityk i dzia\u0142acz patriotyczny Ignacy Potocki i oraz czo\u0142owy ideolog polskiego o\u015bwiecenia Hugo Ko\u0142\u0142\u0105taj. Konstytucja m.in. zmieni\u0142a ustr\u00f3j pa\u0144stwa na monarchi\u0119 dziedziczn\u0105, ograniczy\u0142a znacz\u0105co przywileje szlacheckie, w tym znosz\u0105c liberum veto \u2013 prawo ka\u017cdego z pos\u0142a bior\u0105cego udzia\u0142 w obradach Sejmu do zerwania go i uniewa\u017cnienia podj\u0119tych na nim uchwa\u0142 \u2013 uznawane za jedn\u0105 z g\u0142\u00f3wnych przyczyn upadku pa\u0144stwa. Ponadto wprowadzi\u0142a polityczne zr\u00f3wnanie mieszczan i szlachty oraz zapewni\u0142a ch\u0142opom ochron\u0119 pa\u0144stwa. By\u0142a dokumentem, kt\u00f3ry przywr\u00f3ci\u0142 Polakom nadziej\u0119 i poczucie odpowiedzialno\u015bci za sw\u00f3j kraj. Nadal pozostaje symbolem odwa\u017cnego, nowatorskiego my\u015blenia o kszta\u0142cie Rzeczypospolitej.\nKonstytucja 3 maja przetrwa\u0142a zaledwie czterna\u015bcie miesi\u0119cy. Zosta\u0142a obalona przez armi\u0119 rosyjsk\u0105 przy wsparciu zdemoralizowanej polskiej szlachty, widz\u0105cej w niej zamach na swoje przywileje. Pomimo tego, pami\u0119\u0107 o konstytucji przetrwa\u0142a rozbiory, a po odzyskaniu niepodleg\u0142o\u015bci w 1918 roku, ustanowiono \u015awi\u0119to Konstytucji 3 maja.\nJednym z bohater\u00f3w wydarze\u0144 sprzed ponad 220 lat jest polski genera\u0142 i jednocze\u015bnie ameryka\u0144ski bohater\u00a0Tadeusz Ko\u015bciuszko\u00a0(1746-1817).Bohater prezentowanej wystawy walczy\u0142 za wolno\u015b\u0107 obu narod\u00f3w, ale domaga\u0142 si\u0119 te\u017c swobody dla ch\u0142op\u00f3w i niewolnik\u00f3w, a jako bardzo uzdolniony in\u017cynier wojskowy budowa\u0142 doskona\u0142e fortyfikacje. Zaprojektowa\u0142 m.in. twierdz\u0119 West Point, w kt\u00f3rej dzi\u015b mie\u015bci si\u0119 s\u0142ynna ameryka\u0144ska akademia wojskowa.\nDzi\u0119ki swoim wybitnym dokonaniom i niezwykle nowoczesnemu sposobowi my\u015blenia, przyw\u00f3dca jednego z polskich powsta\u0144 narodowych (tzw. insurekcji ko\u015bciuszkowskiej z 1794 roku) jest dzi\u015b bohaterem Polski i Stan\u00f3w Zjednoczonych. Jego pomniki stoj\u0105 w wielu krajach \u015bwiata, a jego imi\u0119 nosi nawet najwy\u017cszy szczyt Australii \u2013 G\u00f3ra Ko\u015bciuszki (Mount Kosciuszko).\nWystawa, kt\u00f3ra b\u0119dzie prezentowana w Gole\u0219ti w j\u0119zyku rumu\u0144skim przedstawia na 24 planszach wybitnego Polaka nie tylko jako wojskowego i polityka. Przybli\u017ca tak\u017ce pami\u0105tki zwi\u0105zane z tym znakomitym dow\u00f3dc\u0105 i in\u017cynierem wojskowym oraz zdj\u0119cia i obrazy, przedstawiaj\u0105ce zar\u00f3wno samego Ko\u015bciuszk\u0119 w r\u00f3\u017cnych momentach jego \u017cycia, jak i miejsca z nim zwi\u0105zane oraz wa\u017cne wydarzenia historyczne.\nWystawa zabierze nas w podr\u00f3\u017c do targanej wojnami XVIII \u2013 wiecznej Europy, gdzie Polska walczy\u0142a o przetrwanie na mapie \u015bwiata. Z Ko\u015bciuszk\u0105 udamy si\u0119 r\u00f3wnie\u017c za ocean, gdzie o wolno\u015b\u0107 walczy\u0142o pa\u0144stwo, kt\u00f3re przekszta\u0142ci\u0142o si\u0119 w \u015bwiatowe mocarstwo.\nWystaw\u0119 b\u0119dzie mo\u017cna zobaczy\u0107 w Muzeum Gole\u0219ti \u2013 Strada Carol I nr 26, R\u00e2mnicu V\u00e2lcea, mi\u0119dzy 10 maja a 31 sierpnia 2023 r."},{"@type":"ImageObject","inLanguage":"pl-PL","@id":"https:\/\/instytutpolski.pl\/bucuresti\/pl\/2023\/05\/05\/tadeusz-kosciuszko-cena-wolnosci-w-golesti\/#primaryimage","url":"https:\/\/instytutpolski.pl\/bucuresti\/wp-content\/uploads\/sites\/11\/2023\/05\/1-18-martie-2022-Postare-Facebook-1920-\u00d7-1080-px-1.png","contentUrl":"https:\/\/instytutpolski.pl\/bucuresti\/wp-content\/uploads\/sites\/11\/2023\/05\/1-18-martie-2022-Postare-Facebook-1920-\u00d7-1080-px-1.png","width":1920,"height":1080},{"@type":"BreadcrumbList","@id":"https:\/\/instytutpolski.pl\/bucuresti\/pl\/2023\/05\/05\/tadeusz-kosciuszko-cena-wolnosci-w-golesti\/#breadcrumb","itemListElement":[{"@type":"ListItem","position":1,"name":"Home","item":"https:\/\/instytutpolski.pl\/bucuresti\/"},{"@type":"ListItem","position":2,"name":"\u201eTadeusz Ko\u015bciuszko-cena wolno\u015bci\u201d w Gole\u0219ti"}]},{"@type":"WebSite","@id":"https:\/\/instytutpolski.pl\/bucuresti\/#website","url":"https:\/\/instytutpolski.pl\/bucuresti\/","name":"Instytut Polski w Bukareszcie","description":"Instytuty Polskie","potentialAction":[{"@type":"SearchAction","target":{"@type":"EntryPoint","urlTemplate":"https:\/\/instytutpolski.pl\/bucuresti\/?s={search_term_string}"},"query-input":{"@type":"PropertyValueSpecification","valueRequired":true,"valueName":"search_term_string"}}],"inLanguage":"pl-PL"},{"@type":"Person","@id":"https:\/\/instytutpolski.pl\/bucuresti\/#\/schema\/person\/cbf38f4ffa10f919673d0e5f3ee6677d","name":"zalaszewskak","image":{"@type":"ImageObject","inLanguage":"pl-PL","@id":"https:\/\/instytutpolski.pl\/bucuresti\/#\/schema\/person\/image\/","url":"https:\/\/secure.gravatar.com\/avatar\/c2e847fb86e9b9e6a80aa771ff34772f?s=96&d=mm&r=g","contentUrl":"https:\/\/secure.gravatar.com\/avatar\/c2e847fb86e9b9e6a80aa771ff34772f?s=96&d=mm&r=g","caption":"zalaszewskak"},"url":"https:\/\/instytutpolski.pl\/bucuresti\/author\/zalaszewskak\/"}]}},"_links":{"self":[{"href":"https:\/\/instytutpolski.pl\/bucuresti\/wp-json\/wp\/v2\/posts\/10097","targetHints":{"allow":["GET"]}}],"collection":[{"href":"https:\/\/instytutpolski.pl\/bucuresti\/wp-json\/wp\/v2\/posts"}],"about":[{"href":"https:\/\/instytutpolski.pl\/bucuresti\/wp-json\/wp\/v2\/types\/post"}],"author":[{"embeddable":true,"href":"https:\/\/instytutpolski.pl\/bucuresti\/wp-json\/wp\/v2\/users\/44"}],"replies":[{"embeddable":true,"href":"https:\/\/instytutpolski.pl\/bucuresti\/wp-json\/wp\/v2\/comments?post=10097"}],"version-history":[{"count":4,"href":"https:\/\/instytutpolski.pl\/bucuresti\/wp-json\/wp\/v2\/posts\/10097\/revisions"}],"predecessor-version":[{"id":10349,"href":"https:\/\/instytutpolski.pl\/bucuresti\/wp-json\/wp\/v2\/posts\/10097\/revisions\/10349"}],"wp:featuredmedia":[{"embeddable":true,"href":"https:\/\/instytutpolski.pl\/bucuresti\/wp-json\/wp\/v2\/media\/10094"}],"wp:attachment":[{"href":"https:\/\/instytutpolski.pl\/bucuresti\/wp-json\/wp\/v2\/media?parent=10097"}],"wp:term":[{"taxonomy":"category","embeddable":true,"href":"https:\/\/instytutpolski.pl\/bucuresti\/wp-json\/wp\/v2\/categories?post=10097"},{"taxonomy":"post_tag","embeddable":true,"href":"https:\/\/instytutpolski.pl\/bucuresti\/wp-json\/wp\/v2\/tags?post=10097"}],"curies":[{"name":"wp","href":"https:\/\/api.w.org\/{rel}","templated":true}]}}