{"id":10212,"date":"2023-05-24T09:53:50","date_gmt":"2023-05-24T07:53:50","guid":{"rendered":"https:\/\/instytutpolski.pl\/bucuresti\/?p=10212"},"modified":"2023-06-14T13:29:02","modified_gmt":"2023-06-14T11:29:02","slug":"seara-cu-documentar-polonez","status":"publish","type":"post","link":"https:\/\/instytutpolski.pl\/bucuresti\/2023\/05\/24\/seara-cu-documentar-polonez\/","title":{"rendered":"Sear\u0103 cu documentar polonez la Bucure\u0219ti"},"content":{"rendered":"\n<p><strong>CASA DE AMANET \/ The Pawnshop <\/strong><\/p>\n<p>Polonia, 2022, 81 min., subtitrare \u00een limba englez\u0103<\/p>\n<p>Regia: \u0141ukasz Kowalski<\/p>\n<p>O poveste emo\u021bionant\u0103, plin\u0103 de umor, despre oameni care se lupt\u0103 s\u0103 supravie\u021buiasc\u0103 \u00een timp ce \u00eei ajut\u0103 pe cei care au mai mult\u0103 nevoie. Jola \u0219i Wiesiek sunt un duo de oameni de afaceri excentrici din Bytom. \u00cempreun\u0103 cu cei trei angaja\u021bi ai lor, conduc probabil cea mai mare cas\u0103 de amanet din Europa.<\/p>\n<p>Cu toate acestea, vremea de glorie a trecut odat\u0103 cu \u00eenchiderea minelor din apropiere \u0219i cu cre\u0219terea \u0219omajului \u00een ora\u0219. Lipsi\u021bi de mijloace de trai, locuitorii din \u201eDetroit-ul polonez\u201d amaneteaz\u0103 obiecte din ce \u00een ce mai absurde \u0219i inutile. Nici ideile nebune\u0219ti de marketing ale lui Wiesiek, nici bun\u0103voin\u021ba Jolei nu pot ajuta afacerea falimentar\u0103. Ea \u00ee\u0219i sprijin\u0103 clien\u021bii nu doar cu o vorb\u0103 bun\u0103, ci \u0219i cu o sup\u0103 cald\u0103 sau o hain\u0103 c\u0103lduroas\u0103. De\u0219i casa de amanet este \u00een pierdere, ea devine un punct cheie de \u00eent\u00e2lnire pentru comunitatea local\u0103.<\/p>\n<p>***<\/p>\n<p>29 mai, ora 20.00- Centrul Ceh, str. Ion Ghica nr. 11, Bucure\u0219ti<\/p>\n<p>INTRARE LIBER\u0102<\/p>\n<p>https:\/\/www.youtube.com\/watch?v=MtaRyvCCh7k<\/p>\n<p>\u00a0<\/p>\n<p>\u00a0<\/p>\n","protected":false},"excerpt":{"rendered":"<p>CASA DE AMANET \/ The Pawnshop Polonia, 2022, 81 min., subtitrare \u00een limba englez\u0103 Regia: \u0141ukasz Kowalski O poveste emo\u021bionant\u0103, plin\u0103 de umor, despre oameni care se lupt\u0103 s\u0103 supravie\u021buiasc\u0103 \u00een timp ce \u00eei ajut\u0103 pe cei care au mai mult\u0103 nevoie. Jola \u0219i Wiesiek sunt un duo de oameni de afaceri excentrici din Bytom. [&hellip;]<\/p>\n","protected":false},"author":41,"featured_media":10213,"comment_status":"open","ping_status":"open","sticky":false,"template":"","format":"standard","meta":{"inline_featured_image":false,"_monsterinsights_skip_tracking":false,"_monsterinsights_sitenote_active":false,"_monsterinsights_sitenote_note":"","_monsterinsights_sitenote_category":0,"footnotes":""},"categories":[18,94],"tags":[],"class_list":["post-10212","post","type-post","status-publish","format-standard","has-post-thumbnail","hentry","category-cinema","category-evenimente"],"yoast_head":"<!-- This site is optimized with the Yoast SEO plugin v24.6 - https:\/\/yoast.com\/wordpress\/plugins\/seo\/ -->\n<title>Sear\u0103 cu documentar polonez la Bucure\u0219ti - Instytut Polski w Bukareszcie<\/title>\n<meta name=\"robots\" content=\"index, follow, max-snippet:-1, max-image-preview:large, max-video-preview:-1\" \/>\n<link rel=\"canonical\" href=\"https:\/\/instytutpolski.pl\/bucuresti\/2023\/05\/24\/seara-cu-documentar-polonez\/\" \/>\n<meta property=\"og:locale\" content=\"pl_PL\" \/>\n<meta property=\"og:type\" content=\"article\" \/>\n<meta property=\"og:title\" content=\"Sear\u0103 cu documentar polonez la Bucure\u0219ti - Instytut Polski w Bukareszcie\" \/>\n<meta property=\"og:description\" content=\"CASA DE AMANET \/ The Pawnshop Polonia, 2022, 81 min., subtitrare \u00een limba englez\u0103 Regia: \u0141ukasz Kowalski O poveste emo\u021bionant\u0103, plin\u0103 de umor, despre oameni care se lupt\u0103 s\u0103 supravie\u021buiasc\u0103 \u00een timp ce \u00eei ajut\u0103 pe cei care au mai mult\u0103 nevoie. Jola \u0219i Wiesiek sunt un duo de oameni de afaceri excentrici din Bytom. [&hellip;]\" \/>\n<meta property=\"og:url\" content=\"https:\/\/instytutpolski.pl\/bucuresti\/2023\/05\/24\/seara-cu-documentar-polonez\/\" \/>\n<meta property=\"og:site_name\" content=\"Instytut Polski w Bukareszcie\" \/>\n<meta property=\"article:published_time\" content=\"2023-05-24T07:53:50+00:00\" \/>\n<meta property=\"article:modified_time\" content=\"2023-06-14T11:29:02+00:00\" \/>\n<meta property=\"og:image\" content=\"https:\/\/instytutpolski.pl\/bucuresti\/wp-content\/uploads\/sites\/11\/2023\/05\/39464_1.11.jpg\" \/>\n\t<meta property=\"og:image:width\" content=\"640\" \/>\n\t<meta property=\"og:image:height\" content=\"359\" \/>\n\t<meta property=\"og:image:type\" content=\"image\/jpeg\" \/>\n<meta name=\"author\" content=\"mirelal\" \/>\n<meta name=\"twitter:card\" content=\"summary_large_image\" \/>\n<meta name=\"twitter:label1\" content=\"Napisane przez\" \/>\n\t<meta name=\"twitter:data1\" content=\"mirelal\" \/>\n<script type=\"application\/ld+json\" class=\"yoast-schema-graph\">{\"@context\":\"https:\/\/schema.org\",\"@graph\":[{\"@type\":\"event\",\"@id\":\"https:\/\/instytutpolski.pl\/bucuresti\/2023\/05\/24\/seara-cu-documentar-polonez\/\",\"url\":\"https:\/\/instytutpolski.pl\/bucuresti\/2023\/05\/24\/seara-cu-documentar-polonez\/\",\"name\":\"Sear\u0103 cu documentar polonez la Bucure\u0219ti\",\"isPartOf\":{\"@id\":\"https:\/\/instytutpolski.pl\/bucuresti\/#website\"},\"primaryImageOfPage\":{\"@id\":\"https:\/\/instytutpolski.pl\/bucuresti\/2023\/05\/24\/seara-cu-documentar-polonez\/#primaryimage\"},\"image\":[\"https:\/\/instytutpolski.pl\/bucuresti\/wp-content\/uploads\/sites\/11\/2023\/05\/39464_1.11.jpg\",\"https:\/\/instytutpolski.pl\/bucuresti\/wp-content\/uploads\/sites\/11\/2023\/05\/39464_1.11-300x168.jpg\",\"https:\/\/instytutpolski.pl\/bucuresti\/wp-content\/uploads\/sites\/11\/2023\/05\/39464_1.11.jpg\",\"https:\/\/instytutpolski.pl\/bucuresti\/wp-content\/uploads\/sites\/11\/2023\/05\/39464_1.11.jpg\"],\"thumbnailUrl\":\"https:\/\/instytutpolski.pl\/bucuresti\/wp-content\/uploads\/sites\/11\/2023\/05\/39464_1.11.jpg\",\"datePublished\":\"2023-05-24T07:53:50+02:00\",\"dateModified\":\"2023-06-14T11:29:02+02:00\",\"author\":{\"@id\":\"https:\/\/instytutpolski.pl\/bucuresti\/#\/schema\/person\/36eba23bd65c4ed8774deeb285a19272\"},\"breadcrumb\":{\"@id\":\"https:\/\/instytutpolski.pl\/bucuresti\/2023\/05\/24\/seara-cu-documentar-polonez\/#breadcrumb\"},\"inLanguage\":\"pl-PL\",\"potentialAction\":[{\"@type\":\"ReadAction\",\"target\":[\"https:\/\/instytutpolski.pl\/bucuresti\/2023\/05\/24\/seara-cu-documentar-polonez\/\"]}],\"@context\":\"https:\/\/schema.org\",\"startDate\":\"2023-05-29\",\"endDate\":\"2023-05-29\",\"eventStatus\":\"EventScheduled\",\"eventAttendanceMode\":\"OfflineEventAttendanceMode\",\"location\":{\"@type\":\"place\",\"name\":\"\",\"address\":\"\",\"geo\":{\"@type\":\"GeoCoordinates\",\"latitude\":\"\",\"longitude\":\"\"}},\"description\":\"CASA DE AMANET \/ The Pawnshop \\nPolonia, 2022, 81 min., subtitrare \u00een limba englez\u0103\\nRegia: \u0141ukasz Kowalski\\nO poveste emo\u021bionant\u0103, plin\u0103 de umor, despre oameni care se lupt\u0103 s\u0103 supravie\u021buiasc\u0103 \u00een timp ce \u00eei ajut\u0103 pe cei care au mai mult\u0103 nevoie. Jola \u0219i Wiesiek sunt un duo de oameni de afaceri excentrici din Bytom. \u00cempreun\u0103 cu cei trei angaja\u021bi ai lor, conduc probabil cea mai mare cas\u0103 de amanet din Europa.\\nCu toate acestea, vremea de glorie a trecut odat\u0103 cu \u00eenchiderea minelor din apropiere \u0219i cu cre\u0219terea \u0219omajului \u00een ora\u0219. Lipsi\u021bi de mijloace de trai, locuitorii din \u201eDetroit-ul polonez\u201d amaneteaz\u0103 obiecte din ce \u00een ce mai absurde \u0219i inutile. Nici ideile nebune\u0219ti de marketing ale lui Wiesiek, nici bun\u0103voin\u021ba Jolei nu pot ajuta afacerea falimentar\u0103. Ea \u00ee\u0219i sprijin\u0103 clien\u021bii nu doar cu o vorb\u0103 bun\u0103, ci \u0219i cu o sup\u0103 cald\u0103 sau o hain\u0103 c\u0103lduroas\u0103. De\u0219i casa de amanet este \u00een pierdere, ea devine un punct cheie de \u00eent\u00e2lnire pentru comunitatea local\u0103.\\n***\\n29 mai, ora 20.00- Centrul Ceh, str. Ion Ghica nr. 11, Bucure\u0219ti\\nINTRARE LIBER\u0102\\nhttps:\/\/www.youtube.com\/watch?v=MtaRyvCCh7k\\n\u00a0\\n\u00a0\"},{\"@type\":\"ImageObject\",\"inLanguage\":\"pl-PL\",\"@id\":\"https:\/\/instytutpolski.pl\/bucuresti\/2023\/05\/24\/seara-cu-documentar-polonez\/#primaryimage\",\"url\":\"https:\/\/instytutpolski.pl\/bucuresti\/wp-content\/uploads\/sites\/11\/2023\/05\/39464_1.11.jpg\",\"contentUrl\":\"https:\/\/instytutpolski.pl\/bucuresti\/wp-content\/uploads\/sites\/11\/2023\/05\/39464_1.11.jpg\",\"width\":640,\"height\":359},{\"@type\":\"BreadcrumbList\",\"@id\":\"https:\/\/instytutpolski.pl\/bucuresti\/2023\/05\/24\/seara-cu-documentar-polonez\/#breadcrumb\",\"itemListElement\":[{\"@type\":\"ListItem\",\"position\":1,\"name\":\"Home\",\"item\":\"https:\/\/instytutpolski.pl\/bucuresti\/\"},{\"@type\":\"ListItem\",\"position\":2,\"name\":\"Sear\u0103 cu documentar polonez la Bucure\u0219ti\"}]},{\"@type\":\"WebSite\",\"@id\":\"https:\/\/instytutpolski.pl\/bucuresti\/#website\",\"url\":\"https:\/\/instytutpolski.pl\/bucuresti\/\",\"name\":\"Instytut Polski w Bukareszcie\",\"description\":\"Instytuty Polskie\",\"potentialAction\":[{\"@type\":\"SearchAction\",\"target\":{\"@type\":\"EntryPoint\",\"urlTemplate\":\"https:\/\/instytutpolski.pl\/bucuresti\/?s={search_term_string}\"},\"query-input\":{\"@type\":\"PropertyValueSpecification\",\"valueRequired\":true,\"valueName\":\"search_term_string\"}}],\"inLanguage\":\"pl-PL\"},{\"@type\":\"Person\",\"@id\":\"https:\/\/instytutpolski.pl\/bucuresti\/#\/schema\/person\/36eba23bd65c4ed8774deeb285a19272\",\"name\":\"mirelal\",\"image\":{\"@type\":\"ImageObject\",\"inLanguage\":\"pl-PL\",\"@id\":\"https:\/\/instytutpolski.pl\/bucuresti\/#\/schema\/person\/image\/\",\"url\":\"https:\/\/secure.gravatar.com\/avatar\/5838c7614d071fe473f8aeb2de72beb4?s=96&d=mm&r=g\",\"contentUrl\":\"https:\/\/secure.gravatar.com\/avatar\/5838c7614d071fe473f8aeb2de72beb4?s=96&d=mm&r=g\",\"caption\":\"mirelal\"},\"url\":\"https:\/\/instytutpolski.pl\/bucuresti\/author\/mirelal\/\"}]}<\/script>\n<!-- \/ Yoast SEO plugin. -->","yoast_head_json":{"title":"Sear\u0103 cu documentar polonez la Bucure\u0219ti - Instytut Polski w Bukareszcie","robots":{"index":"index","follow":"follow","max-snippet":"max-snippet:-1","max-image-preview":"max-image-preview:large","max-video-preview":"max-video-preview:-1"},"canonical":"https:\/\/instytutpolski.pl\/bucuresti\/2023\/05\/24\/seara-cu-documentar-polonez\/","og_locale":"pl_PL","og_type":"article","og_title":"Sear\u0103 cu documentar polonez la Bucure\u0219ti - Instytut Polski w Bukareszcie","og_description":"CASA DE AMANET \/ The Pawnshop Polonia, 2022, 81 min., subtitrare \u00een limba englez\u0103 Regia: \u0141ukasz Kowalski O poveste emo\u021bionant\u0103, plin\u0103 de umor, despre oameni care se lupt\u0103 s\u0103 supravie\u021buiasc\u0103 \u00een timp ce \u00eei ajut\u0103 pe cei care au mai mult\u0103 nevoie. Jola \u0219i Wiesiek sunt un duo de oameni de afaceri excentrici din Bytom. [&hellip;]","og_url":"https:\/\/instytutpolski.pl\/bucuresti\/2023\/05\/24\/seara-cu-documentar-polonez\/","og_site_name":"Instytut Polski w Bukareszcie","article_published_time":"2023-05-24T07:53:50+00:00","article_modified_time":"2023-06-14T11:29:02+00:00","og_image":[{"width":640,"height":359,"url":"https:\/\/instytutpolski.pl\/bucuresti\/wp-content\/uploads\/sites\/11\/2023\/05\/39464_1.11.jpg","type":"image\/jpeg"}],"author":"mirelal","twitter_card":"summary_large_image","twitter_misc":{"Napisane przez":"mirelal"},"schema":{"@context":"https:\/\/schema.org","@graph":[{"@type":"event","@id":"https:\/\/instytutpolski.pl\/bucuresti\/2023\/05\/24\/seara-cu-documentar-polonez\/","url":"https:\/\/instytutpolski.pl\/bucuresti\/2023\/05\/24\/seara-cu-documentar-polonez\/","name":"Sear\u0103 cu documentar polonez la Bucure\u0219ti","isPartOf":{"@id":"https:\/\/instytutpolski.pl\/bucuresti\/#website"},"primaryImageOfPage":{"@id":"https:\/\/instytutpolski.pl\/bucuresti\/2023\/05\/24\/seara-cu-documentar-polonez\/#primaryimage"},"image":["https:\/\/instytutpolski.pl\/bucuresti\/wp-content\/uploads\/sites\/11\/2023\/05\/39464_1.11.jpg","https:\/\/instytutpolski.pl\/bucuresti\/wp-content\/uploads\/sites\/11\/2023\/05\/39464_1.11-300x168.jpg","https:\/\/instytutpolski.pl\/bucuresti\/wp-content\/uploads\/sites\/11\/2023\/05\/39464_1.11.jpg","https:\/\/instytutpolski.pl\/bucuresti\/wp-content\/uploads\/sites\/11\/2023\/05\/39464_1.11.jpg"],"thumbnailUrl":"https:\/\/instytutpolski.pl\/bucuresti\/wp-content\/uploads\/sites\/11\/2023\/05\/39464_1.11.jpg","datePublished":"2023-05-24T07:53:50+02:00","dateModified":"2023-06-14T11:29:02+02:00","author":{"@id":"https:\/\/instytutpolski.pl\/bucuresti\/#\/schema\/person\/36eba23bd65c4ed8774deeb285a19272"},"breadcrumb":{"@id":"https:\/\/instytutpolski.pl\/bucuresti\/2023\/05\/24\/seara-cu-documentar-polonez\/#breadcrumb"},"inLanguage":"pl-PL","potentialAction":[{"@type":"ReadAction","target":["https:\/\/instytutpolski.pl\/bucuresti\/2023\/05\/24\/seara-cu-documentar-polonez\/"]}],"@context":"https:\/\/schema.org","startDate":"2023-05-29","endDate":"2023-05-29","eventStatus":"EventScheduled","eventAttendanceMode":"OfflineEventAttendanceMode","location":{"@type":"place","name":"","address":"","geo":{"@type":"GeoCoordinates","latitude":"","longitude":""}},"description":"CASA DE AMANET \/ The Pawnshop \nPolonia, 2022, 81 min., subtitrare \u00een limba englez\u0103\nRegia: \u0141ukasz Kowalski\nO poveste emo\u021bionant\u0103, plin\u0103 de umor, despre oameni care se lupt\u0103 s\u0103 supravie\u021buiasc\u0103 \u00een timp ce \u00eei ajut\u0103 pe cei care au mai mult\u0103 nevoie. Jola \u0219i Wiesiek sunt un duo de oameni de afaceri excentrici din Bytom. \u00cempreun\u0103 cu cei trei angaja\u021bi ai lor, conduc probabil cea mai mare cas\u0103 de amanet din Europa.\nCu toate acestea, vremea de glorie a trecut odat\u0103 cu \u00eenchiderea minelor din apropiere \u0219i cu cre\u0219terea \u0219omajului \u00een ora\u0219. Lipsi\u021bi de mijloace de trai, locuitorii din \u201eDetroit-ul polonez\u201d amaneteaz\u0103 obiecte din ce \u00een ce mai absurde \u0219i inutile. Nici ideile nebune\u0219ti de marketing ale lui Wiesiek, nici bun\u0103voin\u021ba Jolei nu pot ajuta afacerea falimentar\u0103. Ea \u00ee\u0219i sprijin\u0103 clien\u021bii nu doar cu o vorb\u0103 bun\u0103, ci \u0219i cu o sup\u0103 cald\u0103 sau o hain\u0103 c\u0103lduroas\u0103. De\u0219i casa de amanet este \u00een pierdere, ea devine un punct cheie de \u00eent\u00e2lnire pentru comunitatea local\u0103.\n***\n29 mai, ora 20.00- Centrul Ceh, str. Ion Ghica nr. 11, Bucure\u0219ti\nINTRARE LIBER\u0102\nhttps:\/\/www.youtube.com\/watch?v=MtaRyvCCh7k\n\u00a0\n\u00a0"},{"@type":"ImageObject","inLanguage":"pl-PL","@id":"https:\/\/instytutpolski.pl\/bucuresti\/2023\/05\/24\/seara-cu-documentar-polonez\/#primaryimage","url":"https:\/\/instytutpolski.pl\/bucuresti\/wp-content\/uploads\/sites\/11\/2023\/05\/39464_1.11.jpg","contentUrl":"https:\/\/instytutpolski.pl\/bucuresti\/wp-content\/uploads\/sites\/11\/2023\/05\/39464_1.11.jpg","width":640,"height":359},{"@type":"BreadcrumbList","@id":"https:\/\/instytutpolski.pl\/bucuresti\/2023\/05\/24\/seara-cu-documentar-polonez\/#breadcrumb","itemListElement":[{"@type":"ListItem","position":1,"name":"Home","item":"https:\/\/instytutpolski.pl\/bucuresti\/"},{"@type":"ListItem","position":2,"name":"Sear\u0103 cu documentar polonez la Bucure\u0219ti"}]},{"@type":"WebSite","@id":"https:\/\/instytutpolski.pl\/bucuresti\/#website","url":"https:\/\/instytutpolski.pl\/bucuresti\/","name":"Instytut Polski w Bukareszcie","description":"Instytuty Polskie","potentialAction":[{"@type":"SearchAction","target":{"@type":"EntryPoint","urlTemplate":"https:\/\/instytutpolski.pl\/bucuresti\/?s={search_term_string}"},"query-input":{"@type":"PropertyValueSpecification","valueRequired":true,"valueName":"search_term_string"}}],"inLanguage":"pl-PL"},{"@type":"Person","@id":"https:\/\/instytutpolski.pl\/bucuresti\/#\/schema\/person\/36eba23bd65c4ed8774deeb285a19272","name":"mirelal","image":{"@type":"ImageObject","inLanguage":"pl-PL","@id":"https:\/\/instytutpolski.pl\/bucuresti\/#\/schema\/person\/image\/","url":"https:\/\/secure.gravatar.com\/avatar\/5838c7614d071fe473f8aeb2de72beb4?s=96&d=mm&r=g","contentUrl":"https:\/\/secure.gravatar.com\/avatar\/5838c7614d071fe473f8aeb2de72beb4?s=96&d=mm&r=g","caption":"mirelal"},"url":"https:\/\/instytutpolski.pl\/bucuresti\/author\/mirelal\/"}]}},"_links":{"self":[{"href":"https:\/\/instytutpolski.pl\/bucuresti\/wp-json\/wp\/v2\/posts\/10212","targetHints":{"allow":["GET"]}}],"collection":[{"href":"https:\/\/instytutpolski.pl\/bucuresti\/wp-json\/wp\/v2\/posts"}],"about":[{"href":"https:\/\/instytutpolski.pl\/bucuresti\/wp-json\/wp\/v2\/types\/post"}],"author":[{"embeddable":true,"href":"https:\/\/instytutpolski.pl\/bucuresti\/wp-json\/wp\/v2\/users\/41"}],"replies":[{"embeddable":true,"href":"https:\/\/instytutpolski.pl\/bucuresti\/wp-json\/wp\/v2\/comments?post=10212"}],"version-history":[{"count":8,"href":"https:\/\/instytutpolski.pl\/bucuresti\/wp-json\/wp\/v2\/posts\/10212\/revisions"}],"predecessor-version":[{"id":10302,"href":"https:\/\/instytutpolski.pl\/bucuresti\/wp-json\/wp\/v2\/posts\/10212\/revisions\/10302"}],"wp:featuredmedia":[{"embeddable":true,"href":"https:\/\/instytutpolski.pl\/bucuresti\/wp-json\/wp\/v2\/media\/10213"}],"wp:attachment":[{"href":"https:\/\/instytutpolski.pl\/bucuresti\/wp-json\/wp\/v2\/media?parent=10212"}],"wp:term":[{"taxonomy":"category","embeddable":true,"href":"https:\/\/instytutpolski.pl\/bucuresti\/wp-json\/wp\/v2\/categories?post=10212"},{"taxonomy":"post_tag","embeddable":true,"href":"https:\/\/instytutpolski.pl\/bucuresti\/wp-json\/wp\/v2\/tags?post=10212"}],"curies":[{"name":"wp","href":"https:\/\/api.w.org\/{rel}","templated":true}]}}