{"id":10472,"date":"2023-07-07T14:47:27","date_gmt":"2023-07-07T12:47:27","guid":{"rendered":"https:\/\/instytutpolski.pl\/bucuresti\/?p=10472"},"modified":"2023-07-17T12:49:19","modified_gmt":"2023-07-17T10:49:19","slug":"trainerul-polonez-la-cma-2023","status":"publish","type":"post","link":"https:\/\/instytutpolski.pl\/bucuresti\/2023\/07\/07\/trainerul-polonez-la-cma-2023\/","title":{"rendered":"Trainer polonez la CMA 2023"},"content":{"rendered":"\n<p style=\"text-align: justify\"><strong>Krzysztof Bielaszka<\/strong> este manager de proiecte, animator \u0219i lider cu experien\u021b\u0103 \u00een construirea \u0219i dezvoltarea poten\u021bialului sectorului cultural. Dezvolt\u0103 programe de formare \u0219i de competen\u021be, sus\u021bine conferin\u021be \u0219i seminarii, sprijin\u0103 activit\u0103\u021bile de cercetare \u0219i de creare de re\u021bele. \u00cen prezent, este membru al consiliului de administra\u021bie al Funda\u021biei \u0141adne Historie. Este, de asemenea, un sus\u021bin\u0103tor al ecologiz\u0103rii sectorului cultural. Un sus\u021bin\u0103tor al cooper\u0103rii intersectoriale &#8211; crede c\u0103 adev\u0103rata for\u021b\u0103 a culturii rezult\u0103 din cooperarea \u00eentre institu\u021bii, al treilea sector \u0219i ini\u021biative independente. Pe plan personal este interesat de ecologie, poezie \u0219i art\u0103 contemporan\u0103, activism \u0219i educa\u021bie global\u0103, impactul tehnologiei asupra func\u021bion\u0103rii societ\u0103\u021bii, precum \u0219i de istoria ora\u0219ului Wroc\u0142aw \u0219i a Sileziei Inferioare. \u00cen ultimii ani a colaborat cu grupul interdisciplinar Sympozjum Wroc\u0142aw 70\/20, Culture Zone Wroc\u0142aw (anterior, \u00een cadrul ECoC Wroc\u0142aw 2016, a coordonat programul de reziden\u021be artistice \u0219i cooperare interna\u021bional\u0103 AIR Wro), BWA Wroc\u0142aw, Muzeul Contemporan Wroc\u0142aw, Funda\u021bia Art Transparent pentru Art\u0103 Contemporan\u0103 \u0219i OP ENHEIM, pentru a numi doar c\u00e2teva.<\/p>\n<p style=\"text-align: justify\">Pe 11 iulie la centrul multicultural al EUNIC Romania HEI &#8211; House of European Institutes el va sus\u021bine atelierul pentru manageri culturali din cele trei capitale europene de cultur\u0103 \u2013 Tmi\u0219oara, Veszprem \u0219i Elefsina \u00eentitutlat \u201eIntroduction to sustainable projects within the framework of ECoC\u201d. <br \/>Atelierul se va desf\u0103\u0219ura \u00een cadrul programului Cultural Management Academy \u2013 European Capitals of Culture. Legacy &amp; Sustainability. Partea I are loc \u00een Timi\u0219oara \u00eentre 10 \u0219i 16 iulie 2023 r.<\/p>\n<p style=\"text-align: justify\">CMA 2023 is proiect organizat de EUNIC Romania \u00een parteneriat cu EUNIC Grecia, EUNIC Ungaria \u0219i Capitalele Europene ale Culturii 2023: Timi\u0219oara (Rom\u00e2nia), Elefsina\/Eleusis (Grecia) \u0219i Veszpr\u00e9m-Balaton (Ungaria). EUNIC \u2013 Re\u021beaua Institutelor Culturale Na\u021bionale din Uniunea European\u0103 \u2013 este re\u021bea european\u0103 de institute culturale na\u021bionale \u0219i organiza\u021bii cu 36 de membri din toate 27 \u021b\u0103ri-membre ale UE.<\/p>\n<p style=\"text-align: justify\">&#x1f7e1; Proiectul face parte din Programul cultural na\u021bional \u201eTimi\u0219oara \u2013 Capital\u0103 European\u0103 a Culturii \u00een anul 2023\u201d \u0219i este finan\u021bat prin programul European Echoes, derulat de Centrul de Proiecte al Municipiului Timi\u0219oara, cu sume alocate de la bugetul de stat, prin bugetul Ministerului Culturii.<\/p>\n<p style=\"text-align: justify\">&#x1f7e1; Cultural Management Academy este eveniment conex la Power Station, componenta programului na\u021bional cultural \u00a0\u201eTimi\u0219oara \u2013 Capitala European\u0103 a Culturii 2023\u201d dedicat\u0103 dezvolt\u0103rii de capacit\u0103\u021bi ale sectorului cultural. \u00a0<\/p>\n<p style=\"text-align: justify\">\u00a0<\/p>\n","protected":false},"excerpt":{"rendered":"<p>Krzysztof Bielaszka este manager de proiecte, animator \u0219i lider cu experien\u021b\u0103 \u00een construirea \u0219i dezvoltarea poten\u021bialului sectorului cultural. Dezvolt\u0103 programe de formare \u0219i de competen\u021be, sus\u021bine conferin\u021be \u0219i seminarii, sprijin\u0103 activit\u0103\u021bile de cercetare \u0219i de creare de re\u021bele. \u00cen prezent, este membru al consiliului de administra\u021bie al Funda\u021biei \u0141adne Historie. Este, de asemenea, un sus\u021bin\u0103tor [&hellip;]<\/p>\n","protected":false},"author":44,"featured_media":10473,"comment_status":"open","ping_status":"open","sticky":false,"template":"","format":"standard","meta":{"inline_featured_image":false,"_monsterinsights_skip_tracking":false,"_monsterinsights_sitenote_active":false,"_monsterinsights_sitenote_note":"","_monsterinsights_sitenote_category":0,"footnotes":""},"categories":[1],"tags":[],"class_list":["post-10472","post","type-post","status-publish","format-standard","has-post-thumbnail","hentry","category-alte"],"yoast_head":"<!-- This site is optimized with the Yoast SEO plugin v24.6 - https:\/\/yoast.com\/wordpress\/plugins\/seo\/ -->\n<title>Trainer polonez la CMA 2023 - Instytut Polski w Bukareszcie<\/title>\n<meta name=\"robots\" content=\"index, follow, max-snippet:-1, max-image-preview:large, max-video-preview:-1\" \/>\n<link rel=\"canonical\" href=\"https:\/\/instytutpolski.pl\/bucuresti\/2023\/07\/07\/trainerul-polonez-la-cma-2023\/\" \/>\n<meta property=\"og:locale\" content=\"pl_PL\" \/>\n<meta property=\"og:type\" content=\"article\" \/>\n<meta property=\"og:title\" content=\"Trainer polonez la CMA 2023 - Instytut Polski w Bukareszcie\" \/>\n<meta property=\"og:description\" content=\"Krzysztof Bielaszka este manager de proiecte, animator \u0219i lider cu experien\u021b\u0103 \u00een construirea \u0219i dezvoltarea poten\u021bialului sectorului cultural. Dezvolt\u0103 programe de formare \u0219i de competen\u021be, sus\u021bine conferin\u021be \u0219i seminarii, sprijin\u0103 activit\u0103\u021bile de cercetare \u0219i de creare de re\u021bele. \u00cen prezent, este membru al consiliului de administra\u021bie al Funda\u021biei \u0141adne Historie. Este, de asemenea, un sus\u021bin\u0103tor [&hellip;]\" \/>\n<meta property=\"og:url\" content=\"https:\/\/instytutpolski.pl\/bucuresti\/2023\/07\/07\/trainerul-polonez-la-cma-2023\/\" \/>\n<meta property=\"og:site_name\" content=\"Instytut Polski w Bukareszcie\" \/>\n<meta property=\"article:published_time\" content=\"2023-07-07T12:47:27+00:00\" \/>\n<meta property=\"article:modified_time\" content=\"2023-07-17T10:49:19+00:00\" \/>\n<meta property=\"og:image\" content=\"https:\/\/instytutpolski.pl\/bucuresti\/wp-content\/uploads\/sites\/11\/2023\/07\/CMA_Event_1920x1005.jpg\" \/>\n\t<meta property=\"og:image:width\" content=\"1921\" \/>\n\t<meta property=\"og:image:height\" content=\"1006\" \/>\n\t<meta property=\"og:image:type\" content=\"image\/jpeg\" \/>\n<meta name=\"author\" content=\"zalaszewskak\" \/>\n<meta name=\"twitter:card\" content=\"summary_large_image\" \/>\n<meta name=\"twitter:label1\" content=\"Napisane przez\" \/>\n\t<meta name=\"twitter:data1\" content=\"zalaszewskak\" \/>\n\t<meta name=\"twitter:label2\" content=\"Szacowany czas czytania\" \/>\n\t<meta name=\"twitter:data2\" content=\"3 minuty\" \/>\n<script type=\"application\/ld+json\" class=\"yoast-schema-graph\">{\"@context\":\"https:\/\/schema.org\",\"@graph\":[{\"@type\":\"event\",\"@id\":\"https:\/\/instytutpolski.pl\/bucuresti\/2023\/07\/07\/trainerul-polonez-la-cma-2023\/\",\"url\":\"https:\/\/instytutpolski.pl\/bucuresti\/2023\/07\/07\/trainerul-polonez-la-cma-2023\/\",\"name\":\"Trainer polonez la CMA 2023\",\"isPartOf\":{\"@id\":\"https:\/\/instytutpolski.pl\/bucuresti\/#website\"},\"primaryImageOfPage\":{\"@id\":\"https:\/\/instytutpolski.pl\/bucuresti\/2023\/07\/07\/trainerul-polonez-la-cma-2023\/#primaryimage\"},\"image\":[\"https:\/\/instytutpolski.pl\/bucuresti\/wp-content\/uploads\/sites\/11\/2023\/07\/CMA_Event_1920x1005.jpg\",\"https:\/\/instytutpolski.pl\/bucuresti\/wp-content\/uploads\/sites\/11\/2023\/07\/CMA_Event_1920x1005-300x157.jpg\",\"https:\/\/instytutpolski.pl\/bucuresti\/wp-content\/uploads\/sites\/11\/2023\/07\/CMA_Event_1920x1005-1024x536.jpg\",\"https:\/\/instytutpolski.pl\/bucuresti\/wp-content\/uploads\/sites\/11\/2023\/07\/CMA_Event_1920x1005.jpg\"],\"thumbnailUrl\":\"https:\/\/instytutpolski.pl\/bucuresti\/wp-content\/uploads\/sites\/11\/2023\/07\/CMA_Event_1920x1005.jpg\",\"datePublished\":\"2023-07-07T12:47:27+02:00\",\"dateModified\":\"2023-07-17T10:49:19+02:00\",\"author\":{\"@id\":\"https:\/\/instytutpolski.pl\/bucuresti\/#\/schema\/person\/cbf38f4ffa10f919673d0e5f3ee6677d\"},\"breadcrumb\":{\"@id\":\"https:\/\/instytutpolski.pl\/bucuresti\/2023\/07\/07\/trainerul-polonez-la-cma-2023\/#breadcrumb\"},\"inLanguage\":\"pl-PL\",\"potentialAction\":[{\"@type\":\"ReadAction\",\"target\":[\"https:\/\/instytutpolski.pl\/bucuresti\/2023\/07\/07\/trainerul-polonez-la-cma-2023\/\"]}],\"@context\":\"https:\/\/schema.org\",\"startDate\":\"2023-07-11T11:00:00+02:00\",\"endDate\":\"2023-07-11T06:00:00+02:00\",\"eventStatus\":\"EventScheduled\",\"eventAttendanceMode\":\"OfflineEventAttendanceMode\",\"location\":{\"@type\":\"place\",\"name\":\"\",\"address\":\"\",\"geo\":{\"@type\":\"GeoCoordinates\",\"latitude\":\"\",\"longitude\":\"\"}},\"description\":\"Krzysztof Bielaszka este manager de proiecte, animator \u0219i lider cu experien\u021b\u0103 \u00een construirea \u0219i dezvoltarea poten\u021bialului sectorului cultural. Dezvolt\u0103 programe de formare \u0219i de competen\u021be, sus\u021bine conferin\u021be \u0219i seminarii, sprijin\u0103 activit\u0103\u021bile de cercetare \u0219i de creare de re\u021bele. \u00cen prezent, este membru al consiliului de administra\u021bie al Funda\u021biei \u0141adne Historie. Este, de asemenea, un sus\u021bin\u0103tor al ecologiz\u0103rii sectorului cultural. Un sus\u021bin\u0103tor al cooper\u0103rii intersectoriale - crede c\u0103 adev\u0103rata for\u021b\u0103 a culturii rezult\u0103 din cooperarea \u00eentre institu\u021bii, al treilea sector \u0219i ini\u021biative independente. Pe plan personal este interesat de ecologie, poezie \u0219i art\u0103 contemporan\u0103, activism \u0219i educa\u021bie global\u0103, impactul tehnologiei asupra func\u021bion\u0103rii societ\u0103\u021bii, precum \u0219i de istoria ora\u0219ului Wroc\u0142aw \u0219i a Sileziei Inferioare. \u00cen ultimii ani a colaborat cu grupul interdisciplinar Sympozjum Wroc\u0142aw 70\/20, Culture Zone Wroc\u0142aw (anterior, \u00een cadrul ECoC Wroc\u0142aw 2016, a coordonat programul de reziden\u021be artistice \u0219i cooperare interna\u021bional\u0103 AIR Wro), BWA Wroc\u0142aw, Muzeul Contemporan Wroc\u0142aw, Funda\u021bia Art Transparent pentru Art\u0103 Contemporan\u0103 \u0219i OP ENHEIM, pentru a numi doar c\u00e2teva.\\nPe 11 iulie la centrul multicultural al EUNIC Romania HEI - House of European Institutes el va sus\u021bine atelierul pentru manageri culturali din cele trei capitale europene de cultur\u0103 \u2013 Tmi\u0219oara, Veszprem \u0219i Elefsina \u00eentitutlat \u201eIntroduction to sustainable projects within the framework of ECoC\u201d. Atelierul se va desf\u0103\u0219ura \u00een cadrul programului Cultural Management Academy \u2013 European Capitals of Culture. Legacy &amp; Sustainability. Partea I are loc \u00een Timi\u0219oara \u00eentre 10 \u0219i 16 iulie 2023 r.\\nCMA 2023 is proiect organizat de EUNIC Romania \u00een parteneriat cu EUNIC Grecia, EUNIC Ungaria \u0219i Capitalele Europene ale Culturii 2023: Timi\u0219oara (Rom\u00e2nia), Elefsina\/Eleusis (Grecia) \u0219i Veszpr\u00e9m-Balaton (Ungaria). EUNIC \u2013 Re\u021beaua Institutelor Culturale Na\u021bionale din Uniunea European\u0103 \u2013 este re\u021bea european\u0103 de institute culturale na\u021bionale \u0219i organiza\u021bii cu 36 de membri din toate 27 \u021b\u0103ri-membre ale UE.\\n&#x1f7e1; Proiectul face parte din Programul cultural na\u021bional \u201eTimi\u0219oara \u2013 Capital\u0103 European\u0103 a Culturii \u00een anul 2023\u201d \u0219i este finan\u021bat prin programul European Echoes, derulat de Centrul de Proiecte al Municipiului Timi\u0219oara, cu sume alocate de la bugetul de stat, prin bugetul Ministerului Culturii.\\n&#x1f7e1; Cultural Management Academy este eveniment conex la Power Station, componenta programului na\u021bional cultural \u00a0\u201eTimi\u0219oara \u2013 Capitala European\u0103 a Culturii 2023\u201d dedicat\u0103 dezvolt\u0103rii de capacit\u0103\u021bi ale sectorului cultural. \u00a0\\n\u00a0\"},{\"@type\":\"ImageObject\",\"inLanguage\":\"pl-PL\",\"@id\":\"https:\/\/instytutpolski.pl\/bucuresti\/2023\/07\/07\/trainerul-polonez-la-cma-2023\/#primaryimage\",\"url\":\"https:\/\/instytutpolski.pl\/bucuresti\/wp-content\/uploads\/sites\/11\/2023\/07\/CMA_Event_1920x1005.jpg\",\"contentUrl\":\"https:\/\/instytutpolski.pl\/bucuresti\/wp-content\/uploads\/sites\/11\/2023\/07\/CMA_Event_1920x1005.jpg\",\"width\":1921,\"height\":1006},{\"@type\":\"BreadcrumbList\",\"@id\":\"https:\/\/instytutpolski.pl\/bucuresti\/2023\/07\/07\/trainerul-polonez-la-cma-2023\/#breadcrumb\",\"itemListElement\":[{\"@type\":\"ListItem\",\"position\":1,\"name\":\"Home\",\"item\":\"https:\/\/instytutpolski.pl\/bucuresti\/\"},{\"@type\":\"ListItem\",\"position\":2,\"name\":\"Trainer polonez la CMA 2023\"}]},{\"@type\":\"WebSite\",\"@id\":\"https:\/\/instytutpolski.pl\/bucuresti\/#website\",\"url\":\"https:\/\/instytutpolski.pl\/bucuresti\/\",\"name\":\"Instytut Polski w Bukareszcie\",\"description\":\"Instytuty Polskie\",\"potentialAction\":[{\"@type\":\"SearchAction\",\"target\":{\"@type\":\"EntryPoint\",\"urlTemplate\":\"https:\/\/instytutpolski.pl\/bucuresti\/?s={search_term_string}\"},\"query-input\":{\"@type\":\"PropertyValueSpecification\",\"valueRequired\":true,\"valueName\":\"search_term_string\"}}],\"inLanguage\":\"pl-PL\"},{\"@type\":\"Person\",\"@id\":\"https:\/\/instytutpolski.pl\/bucuresti\/#\/schema\/person\/cbf38f4ffa10f919673d0e5f3ee6677d\",\"name\":\"zalaszewskak\",\"image\":{\"@type\":\"ImageObject\",\"inLanguage\":\"pl-PL\",\"@id\":\"https:\/\/instytutpolski.pl\/bucuresti\/#\/schema\/person\/image\/\",\"url\":\"https:\/\/secure.gravatar.com\/avatar\/c2e847fb86e9b9e6a80aa771ff34772f?s=96&d=mm&r=g\",\"contentUrl\":\"https:\/\/secure.gravatar.com\/avatar\/c2e847fb86e9b9e6a80aa771ff34772f?s=96&d=mm&r=g\",\"caption\":\"zalaszewskak\"},\"url\":\"https:\/\/instytutpolski.pl\/bucuresti\/author\/zalaszewskak\/\"}]}<\/script>\n<!-- \/ Yoast SEO plugin. -->","yoast_head_json":{"title":"Trainer polonez la CMA 2023 - Instytut Polski w Bukareszcie","robots":{"index":"index","follow":"follow","max-snippet":"max-snippet:-1","max-image-preview":"max-image-preview:large","max-video-preview":"max-video-preview:-1"},"canonical":"https:\/\/instytutpolski.pl\/bucuresti\/2023\/07\/07\/trainerul-polonez-la-cma-2023\/","og_locale":"pl_PL","og_type":"article","og_title":"Trainer polonez la CMA 2023 - Instytut Polski w Bukareszcie","og_description":"Krzysztof Bielaszka este manager de proiecte, animator \u0219i lider cu experien\u021b\u0103 \u00een construirea \u0219i dezvoltarea poten\u021bialului sectorului cultural. Dezvolt\u0103 programe de formare \u0219i de competen\u021be, sus\u021bine conferin\u021be \u0219i seminarii, sprijin\u0103 activit\u0103\u021bile de cercetare \u0219i de creare de re\u021bele. \u00cen prezent, este membru al consiliului de administra\u021bie al Funda\u021biei \u0141adne Historie. Este, de asemenea, un sus\u021bin\u0103tor [&hellip;]","og_url":"https:\/\/instytutpolski.pl\/bucuresti\/2023\/07\/07\/trainerul-polonez-la-cma-2023\/","og_site_name":"Instytut Polski w Bukareszcie","article_published_time":"2023-07-07T12:47:27+00:00","article_modified_time":"2023-07-17T10:49:19+00:00","og_image":[{"width":1921,"height":1006,"url":"https:\/\/instytutpolski.pl\/bucuresti\/wp-content\/uploads\/sites\/11\/2023\/07\/CMA_Event_1920x1005.jpg","type":"image\/jpeg"}],"author":"zalaszewskak","twitter_card":"summary_large_image","twitter_misc":{"Napisane przez":"zalaszewskak","Szacowany czas czytania":"3 minuty"},"schema":{"@context":"https:\/\/schema.org","@graph":[{"@type":"event","@id":"https:\/\/instytutpolski.pl\/bucuresti\/2023\/07\/07\/trainerul-polonez-la-cma-2023\/","url":"https:\/\/instytutpolski.pl\/bucuresti\/2023\/07\/07\/trainerul-polonez-la-cma-2023\/","name":"Trainer polonez la CMA 2023","isPartOf":{"@id":"https:\/\/instytutpolski.pl\/bucuresti\/#website"},"primaryImageOfPage":{"@id":"https:\/\/instytutpolski.pl\/bucuresti\/2023\/07\/07\/trainerul-polonez-la-cma-2023\/#primaryimage"},"image":["https:\/\/instytutpolski.pl\/bucuresti\/wp-content\/uploads\/sites\/11\/2023\/07\/CMA_Event_1920x1005.jpg","https:\/\/instytutpolski.pl\/bucuresti\/wp-content\/uploads\/sites\/11\/2023\/07\/CMA_Event_1920x1005-300x157.jpg","https:\/\/instytutpolski.pl\/bucuresti\/wp-content\/uploads\/sites\/11\/2023\/07\/CMA_Event_1920x1005-1024x536.jpg","https:\/\/instytutpolski.pl\/bucuresti\/wp-content\/uploads\/sites\/11\/2023\/07\/CMA_Event_1920x1005.jpg"],"thumbnailUrl":"https:\/\/instytutpolski.pl\/bucuresti\/wp-content\/uploads\/sites\/11\/2023\/07\/CMA_Event_1920x1005.jpg","datePublished":"2023-07-07T12:47:27+02:00","dateModified":"2023-07-17T10:49:19+02:00","author":{"@id":"https:\/\/instytutpolski.pl\/bucuresti\/#\/schema\/person\/cbf38f4ffa10f919673d0e5f3ee6677d"},"breadcrumb":{"@id":"https:\/\/instytutpolski.pl\/bucuresti\/2023\/07\/07\/trainerul-polonez-la-cma-2023\/#breadcrumb"},"inLanguage":"pl-PL","potentialAction":[{"@type":"ReadAction","target":["https:\/\/instytutpolski.pl\/bucuresti\/2023\/07\/07\/trainerul-polonez-la-cma-2023\/"]}],"@context":"https:\/\/schema.org","startDate":"2023-07-11T11:00:00+02:00","endDate":"2023-07-11T06:00:00+02:00","eventStatus":"EventScheduled","eventAttendanceMode":"OfflineEventAttendanceMode","location":{"@type":"place","name":"","address":"","geo":{"@type":"GeoCoordinates","latitude":"","longitude":""}},"description":"Krzysztof Bielaszka este manager de proiecte, animator \u0219i lider cu experien\u021b\u0103 \u00een construirea \u0219i dezvoltarea poten\u021bialului sectorului cultural. Dezvolt\u0103 programe de formare \u0219i de competen\u021be, sus\u021bine conferin\u021be \u0219i seminarii, sprijin\u0103 activit\u0103\u021bile de cercetare \u0219i de creare de re\u021bele. \u00cen prezent, este membru al consiliului de administra\u021bie al Funda\u021biei \u0141adne Historie. Este, de asemenea, un sus\u021bin\u0103tor al ecologiz\u0103rii sectorului cultural. Un sus\u021bin\u0103tor al cooper\u0103rii intersectoriale - crede c\u0103 adev\u0103rata for\u021b\u0103 a culturii rezult\u0103 din cooperarea \u00eentre institu\u021bii, al treilea sector \u0219i ini\u021biative independente. Pe plan personal este interesat de ecologie, poezie \u0219i art\u0103 contemporan\u0103, activism \u0219i educa\u021bie global\u0103, impactul tehnologiei asupra func\u021bion\u0103rii societ\u0103\u021bii, precum \u0219i de istoria ora\u0219ului Wroc\u0142aw \u0219i a Sileziei Inferioare. \u00cen ultimii ani a colaborat cu grupul interdisciplinar Sympozjum Wroc\u0142aw 70\/20, Culture Zone Wroc\u0142aw (anterior, \u00een cadrul ECoC Wroc\u0142aw 2016, a coordonat programul de reziden\u021be artistice \u0219i cooperare interna\u021bional\u0103 AIR Wro), BWA Wroc\u0142aw, Muzeul Contemporan Wroc\u0142aw, Funda\u021bia Art Transparent pentru Art\u0103 Contemporan\u0103 \u0219i OP ENHEIM, pentru a numi doar c\u00e2teva.\nPe 11 iulie la centrul multicultural al EUNIC Romania HEI - House of European Institutes el va sus\u021bine atelierul pentru manageri culturali din cele trei capitale europene de cultur\u0103 \u2013 Tmi\u0219oara, Veszprem \u0219i Elefsina \u00eentitutlat \u201eIntroduction to sustainable projects within the framework of ECoC\u201d. Atelierul se va desf\u0103\u0219ura \u00een cadrul programului Cultural Management Academy \u2013 European Capitals of Culture. Legacy &amp; Sustainability. Partea I are loc \u00een Timi\u0219oara \u00eentre 10 \u0219i 16 iulie 2023 r.\nCMA 2023 is proiect organizat de EUNIC Romania \u00een parteneriat cu EUNIC Grecia, EUNIC Ungaria \u0219i Capitalele Europene ale Culturii 2023: Timi\u0219oara (Rom\u00e2nia), Elefsina\/Eleusis (Grecia) \u0219i Veszpr\u00e9m-Balaton (Ungaria). EUNIC \u2013 Re\u021beaua Institutelor Culturale Na\u021bionale din Uniunea European\u0103 \u2013 este re\u021bea european\u0103 de institute culturale na\u021bionale \u0219i organiza\u021bii cu 36 de membri din toate 27 \u021b\u0103ri-membre ale UE.\n&#x1f7e1; Proiectul face parte din Programul cultural na\u021bional \u201eTimi\u0219oara \u2013 Capital\u0103 European\u0103 a Culturii \u00een anul 2023\u201d \u0219i este finan\u021bat prin programul European Echoes, derulat de Centrul de Proiecte al Municipiului Timi\u0219oara, cu sume alocate de la bugetul de stat, prin bugetul Ministerului Culturii.\n&#x1f7e1; Cultural Management Academy este eveniment conex la Power Station, componenta programului na\u021bional cultural \u00a0\u201eTimi\u0219oara \u2013 Capitala European\u0103 a Culturii 2023\u201d dedicat\u0103 dezvolt\u0103rii de capacit\u0103\u021bi ale sectorului cultural. \u00a0\n\u00a0"},{"@type":"ImageObject","inLanguage":"pl-PL","@id":"https:\/\/instytutpolski.pl\/bucuresti\/2023\/07\/07\/trainerul-polonez-la-cma-2023\/#primaryimage","url":"https:\/\/instytutpolski.pl\/bucuresti\/wp-content\/uploads\/sites\/11\/2023\/07\/CMA_Event_1920x1005.jpg","contentUrl":"https:\/\/instytutpolski.pl\/bucuresti\/wp-content\/uploads\/sites\/11\/2023\/07\/CMA_Event_1920x1005.jpg","width":1921,"height":1006},{"@type":"BreadcrumbList","@id":"https:\/\/instytutpolski.pl\/bucuresti\/2023\/07\/07\/trainerul-polonez-la-cma-2023\/#breadcrumb","itemListElement":[{"@type":"ListItem","position":1,"name":"Home","item":"https:\/\/instytutpolski.pl\/bucuresti\/"},{"@type":"ListItem","position":2,"name":"Trainer polonez la CMA 2023"}]},{"@type":"WebSite","@id":"https:\/\/instytutpolski.pl\/bucuresti\/#website","url":"https:\/\/instytutpolski.pl\/bucuresti\/","name":"Instytut Polski w Bukareszcie","description":"Instytuty Polskie","potentialAction":[{"@type":"SearchAction","target":{"@type":"EntryPoint","urlTemplate":"https:\/\/instytutpolski.pl\/bucuresti\/?s={search_term_string}"},"query-input":{"@type":"PropertyValueSpecification","valueRequired":true,"valueName":"search_term_string"}}],"inLanguage":"pl-PL"},{"@type":"Person","@id":"https:\/\/instytutpolski.pl\/bucuresti\/#\/schema\/person\/cbf38f4ffa10f919673d0e5f3ee6677d","name":"zalaszewskak","image":{"@type":"ImageObject","inLanguage":"pl-PL","@id":"https:\/\/instytutpolski.pl\/bucuresti\/#\/schema\/person\/image\/","url":"https:\/\/secure.gravatar.com\/avatar\/c2e847fb86e9b9e6a80aa771ff34772f?s=96&d=mm&r=g","contentUrl":"https:\/\/secure.gravatar.com\/avatar\/c2e847fb86e9b9e6a80aa771ff34772f?s=96&d=mm&r=g","caption":"zalaszewskak"},"url":"https:\/\/instytutpolski.pl\/bucuresti\/author\/zalaszewskak\/"}]}},"_links":{"self":[{"href":"https:\/\/instytutpolski.pl\/bucuresti\/wp-json\/wp\/v2\/posts\/10472","targetHints":{"allow":["GET"]}}],"collection":[{"href":"https:\/\/instytutpolski.pl\/bucuresti\/wp-json\/wp\/v2\/posts"}],"about":[{"href":"https:\/\/instytutpolski.pl\/bucuresti\/wp-json\/wp\/v2\/types\/post"}],"author":[{"embeddable":true,"href":"https:\/\/instytutpolski.pl\/bucuresti\/wp-json\/wp\/v2\/users\/44"}],"replies":[{"embeddable":true,"href":"https:\/\/instytutpolski.pl\/bucuresti\/wp-json\/wp\/v2\/comments?post=10472"}],"version-history":[{"count":4,"href":"https:\/\/instytutpolski.pl\/bucuresti\/wp-json\/wp\/v2\/posts\/10472\/revisions"}],"predecessor-version":[{"id":10515,"href":"https:\/\/instytutpolski.pl\/bucuresti\/wp-json\/wp\/v2\/posts\/10472\/revisions\/10515"}],"wp:featuredmedia":[{"embeddable":true,"href":"https:\/\/instytutpolski.pl\/bucuresti\/wp-json\/wp\/v2\/media\/10473"}],"wp:attachment":[{"href":"https:\/\/instytutpolski.pl\/bucuresti\/wp-json\/wp\/v2\/media?parent=10472"}],"wp:term":[{"taxonomy":"category","embeddable":true,"href":"https:\/\/instytutpolski.pl\/bucuresti\/wp-json\/wp\/v2\/categories?post=10472"},{"taxonomy":"post_tag","embeddable":true,"href":"https:\/\/instytutpolski.pl\/bucuresti\/wp-json\/wp\/v2\/tags?post=10472"}],"curies":[{"name":"wp","href":"https:\/\/api.w.org\/{rel}","templated":true}]}}