{"id":10687,"date":"2023-08-16T13:53:00","date_gmt":"2023-08-16T11:53:00","guid":{"rendered":"https:\/\/instytutpolski.pl\/bucuresti\/?p=10687"},"modified":"2023-08-28T08:59:03","modified_gmt":"2023-08-28T06:59:03","slug":"arhitectura-independentei-in-europa-centrala-la-zilele-culturii-polone","status":"publish","type":"post","link":"https:\/\/instytutpolski.pl\/bucuresti\/2023\/08\/16\/arhitectura-independentei-in-europa-centrala-la-zilele-culturii-polone\/","title":{"rendered":"\u201eArhitectura Independen\u021bei \u00een Europa Central\u0103\u201d la Zilele Culturii Polone"},"content":{"rendered":"\n<p>Zilele Culturii Polone vor \u00eencepe pe 24 august la ora 9:00 la sala Tisa a hotelului Best Western Bucovina din Gura Humorului cu deschiderea simpozionului \u0219tiin\u021bific interna\u021bional. La ora 17:00 va \u00eencepe un eveniment inedit pentru \u00eentreaga comunitate polonez\u0103 \u2013 <strong>inaugurarea Casei Polone din Moara<\/strong>, recent construit\u0103. La fel ca \u0219i celelalte Case Polone care exist\u0103 deja \u00een Bucovina, aceasta nu va \u00eendeplini doar un simplu rol practic, ci va servi \u0219i ca un fel de simbol care va unii comunitatea local\u0103 sub acoperi\u0219ul s\u0103u.<\/p>\n<p>Dup\u0103 deschiderea Casei Polone publicul va avea ocazia s\u0103 vad\u0103\u00a0<strong>expozi<\/strong><strong>\u021bia \u201eArhitectura Independen\u021bei \u00een Europa Central\u0103<\/strong><strong>\u201d<\/strong>, creat\u0103 de Centrul Cultural Interna\u021bional din Cracovia, preg\u0103tit\u0103 \u00een limba rom\u00e2n\u0103 de Institutul Polonez din Bucure\u0219ti. Sf\u00e2r\u0219itul Primului R\u0103zboi Mondial \u00een anul 1918 a schimbat radical imaginea Europei Centrale. A adus libertate multor popoare, \u00een timp ce pentru altele a \u00eensemnat schimb\u0103ri profunde \u00een via\u021ba politic\u0103 \u0219i economic\u0103 de p\u00e2n\u0103 atunci. A luat na\u0219tere atunci o nou\u0103 ordine \u2013 politic\u0103, social\u0103 \u0219i cultural\u0103. Schimb\u0103rile politice au f\u0103cut ca metropolele c\u00e2ndva pline de via\u021b\u0103 s\u0103-\u0219i piard\u0103 din importan\u021b\u0103, \u00een timp ce ora\u0219ele de provincie au devenit peste noapte capitale de \u021b\u0103ri sau regiuni.<\/p>\n<p>\u00cen cazul de fa\u021b\u0103, arhitectura independen\u021bei este \u00een\u021beleas\u0103 mai pe larg dec\u00e2t ni\u0219te simple cl\u0103diri individuale. Este simbolul materialit\u0103\u021bii sale \u00een peisajul regiunilor \u0219i ora\u0219elor, al c\u0103ut\u0103rii unor noi modele de iconografie na\u021bional\u0103, al dorin\u021bei de a crea oportunit\u0103\u021bi de dezvoltare social\u0103, dar \u0219i al apari\u021biei ideii de un om nou. Daunele l\u0103sate de r\u0103zboi, schimbarea grani\u021belor \u0219i ciocnirea cu noile realit\u0103\u021bi politice \u0219i-au pus amprenta asupra dezvolt\u0103rii culturii \u0219i formei arhitecturii \u00een aceast\u0103 parte a continentului \u00een urm\u0103toarele decenii. Despre cum s-au schimbat Bucure\u0219tiul, Var\u0219ovia, Tallinn, Eforie Nord \u0219i Cern\u0103u\u021bi \u2013 se poate afla parcurg\u00e2nd expozi\u021bia.<\/p>\n<p><strong>Organizatorul Zilelor Culturii Polone este Uniunea Polonezilor din Rom\u00e2nia sprijinit\u0103 de Institutul Polonez din Bucure\u0219ti.<\/strong><\/p>\n","protected":false},"excerpt":{"rendered":"<p>Zilele Culturii Polone vor \u00eencepe pe 24 august la ora 9:00 la sala Tisa a hotelului Best Western Bucovina din Gura Humorului cu deschiderea simpozionului \u0219tiin\u021bific interna\u021bional. La ora 17:00 va \u00eencepe un eveniment inedit pentru \u00eentreaga comunitate polonez\u0103 \u2013 inaugurarea Casei Polone din Moara, recent construit\u0103. La fel ca \u0219i celelalte Case Polone care [&hellip;]<\/p>\n","protected":false},"author":44,"featured_media":10688,"comment_status":"open","ping_status":"open","sticky":false,"template":"","format":"standard","meta":{"inline_featured_image":false,"_monsterinsights_skip_tracking":false,"_monsterinsights_sitenote_active":false,"_monsterinsights_sitenote_note":"","_monsterinsights_sitenote_category":0,"footnotes":""},"categories":[14],"tags":[],"class_list":["post-10687","post","type-post","status-publish","format-standard","has-post-thumbnail","hentry","category-istorie"],"yoast_head":"<!-- This site is optimized with the Yoast SEO plugin v24.6 - https:\/\/yoast.com\/wordpress\/plugins\/seo\/ -->\n<title>\u201eArhitectura Independen\u021bei \u00een Europa Central\u0103\u201d la Zilele Culturii Polone - Instytut Polski w Bukareszcie<\/title>\n<meta name=\"robots\" content=\"index, follow, max-snippet:-1, max-image-preview:large, max-video-preview:-1\" \/>\n<link rel=\"canonical\" href=\"https:\/\/instytutpolski.pl\/bucuresti\/2023\/08\/16\/arhitectura-independentei-in-europa-centrala-la-zilele-culturii-polone\/\" \/>\n<meta property=\"og:locale\" content=\"pl_PL\" \/>\n<meta property=\"og:type\" content=\"article\" \/>\n<meta property=\"og:title\" content=\"\u201eArhitectura Independen\u021bei \u00een Europa Central\u0103\u201d la Zilele Culturii Polone - Instytut Polski w Bukareszcie\" \/>\n<meta property=\"og:description\" content=\"Zilele Culturii Polone vor \u00eencepe pe 24 august la ora 9:00 la sala Tisa a hotelului Best Western Bucovina din Gura Humorului cu deschiderea simpozionului \u0219tiin\u021bific interna\u021bional. La ora 17:00 va \u00eencepe un eveniment inedit pentru \u00eentreaga comunitate polonez\u0103 \u2013 inaugurarea Casei Polone din Moara, recent construit\u0103. La fel ca \u0219i celelalte Case Polone care [&hellip;]\" \/>\n<meta property=\"og:url\" content=\"https:\/\/instytutpolski.pl\/bucuresti\/2023\/08\/16\/arhitectura-independentei-in-europa-centrala-la-zilele-culturii-polone\/\" \/>\n<meta property=\"og:site_name\" content=\"Instytut Polski w Bukareszcie\" \/>\n<meta property=\"article:published_time\" content=\"2023-08-16T11:53:00+00:00\" \/>\n<meta property=\"article:modified_time\" content=\"2023-08-28T06:59:03+00:00\" \/>\n<meta property=\"og:image\" content=\"https:\/\/instytutpolski.pl\/bucuresti\/wp-content\/uploads\/sites\/11\/2023\/08\/Fara-titlu-Coperta-Facebook-Postare-Facebook-Peisaj-1080-\u00d7-800-px-1120-\u00d7-630-px.png\" \/>\n\t<meta property=\"og:image:width\" content=\"1120\" \/>\n\t<meta property=\"og:image:height\" content=\"630\" \/>\n\t<meta property=\"og:image:type\" content=\"image\/png\" \/>\n<meta name=\"author\" content=\"zalaszewskak\" \/>\n<meta name=\"twitter:card\" content=\"summary_large_image\" \/>\n<meta name=\"twitter:label1\" content=\"Napisane przez\" \/>\n\t<meta name=\"twitter:data1\" content=\"zalaszewskak\" \/>\n\t<meta name=\"twitter:label2\" content=\"Szacowany czas czytania\" \/>\n\t<meta name=\"twitter:data2\" content=\"2 minuty\" \/>\n<script type=\"application\/ld+json\" class=\"yoast-schema-graph\">{\"@context\":\"https:\/\/schema.org\",\"@graph\":[{\"@type\":\"event\",\"@id\":\"https:\/\/instytutpolski.pl\/bucuresti\/2023\/08\/16\/arhitectura-independentei-in-europa-centrala-la-zilele-culturii-polone\/\",\"url\":\"https:\/\/instytutpolski.pl\/bucuresti\/2023\/08\/16\/arhitectura-independentei-in-europa-centrala-la-zilele-culturii-polone\/\",\"name\":\"\u201eArhitectura Independen\u021bei \u00een Europa Central\u0103\u201d la Zilele Culturii Polone\",\"isPartOf\":{\"@id\":\"https:\/\/instytutpolski.pl\/bucuresti\/#website\"},\"primaryImageOfPage\":{\"@id\":\"https:\/\/instytutpolski.pl\/bucuresti\/2023\/08\/16\/arhitectura-independentei-in-europa-centrala-la-zilele-culturii-polone\/#primaryimage\"},\"image\":[\"https:\/\/instytutpolski.pl\/bucuresti\/wp-content\/uploads\/sites\/11\/2023\/08\/Fara-titlu-Coperta-Facebook-Postare-Facebook-Peisaj-1080-\u00d7-800-px-1120-\u00d7-630-px.png\",\"https:\/\/instytutpolski.pl\/bucuresti\/wp-content\/uploads\/sites\/11\/2023\/08\/Fara-titlu-Coperta-Facebook-Postare-Facebook-Peisaj-1080-\u00d7-800-px-1120-\u00d7-630-px-300x169.png\",\"https:\/\/instytutpolski.pl\/bucuresti\/wp-content\/uploads\/sites\/11\/2023\/08\/Fara-titlu-Coperta-Facebook-Postare-Facebook-Peisaj-1080-\u00d7-800-px-1120-\u00d7-630-px-1024x576.png\",\"https:\/\/instytutpolski.pl\/bucuresti\/wp-content\/uploads\/sites\/11\/2023\/08\/Fara-titlu-Coperta-Facebook-Postare-Facebook-Peisaj-1080-\u00d7-800-px-1120-\u00d7-630-px.png\"],\"thumbnailUrl\":\"https:\/\/instytutpolski.pl\/bucuresti\/wp-content\/uploads\/sites\/11\/2023\/08\/Fara-titlu-Coperta-Facebook-Postare-Facebook-Peisaj-1080-\u00d7-800-px-1120-\u00d7-630-px.png\",\"datePublished\":\"2023-08-16T11:53:00+02:00\",\"dateModified\":\"2023-08-28T06:59:03+02:00\",\"author\":{\"@id\":\"https:\/\/instytutpolski.pl\/bucuresti\/#\/schema\/person\/cbf38f4ffa10f919673d0e5f3ee6677d\"},\"breadcrumb\":{\"@id\":\"https:\/\/instytutpolski.pl\/bucuresti\/2023\/08\/16\/arhitectura-independentei-in-europa-centrala-la-zilele-culturii-polone\/#breadcrumb\"},\"inLanguage\":\"pl-PL\",\"potentialAction\":[{\"@type\":\"ReadAction\",\"target\":[\"https:\/\/instytutpolski.pl\/bucuresti\/2023\/08\/16\/arhitectura-independentei-in-europa-centrala-la-zilele-culturii-polone\/\"]}],\"@context\":\"https:\/\/schema.org\",\"startDate\":\"2023-08-24T05:00:00+02:00\",\"endDate\":\"2023-08-24T07:00:00+02:00\",\"eventStatus\":\"EventScheduled\",\"eventAttendanceMode\":\"OfflineEventAttendanceMode\",\"location\":{\"@type\":\"place\",\"name\":\"\",\"address\":\"\",\"geo\":{\"@type\":\"GeoCoordinates\",\"latitude\":\"\",\"longitude\":\"\"}},\"description\":\"Zilele Culturii Polone vor \u00eencepe pe 24 august la ora 9:00 la sala Tisa a hotelului Best Western Bucovina din Gura Humorului cu deschiderea simpozionului \u0219tiin\u021bific interna\u021bional. La ora 17:00 va \u00eencepe un eveniment inedit pentru \u00eentreaga comunitate polonez\u0103 \u2013 inaugurarea Casei Polone din Moara, recent construit\u0103. La fel ca \u0219i celelalte Case Polone care exist\u0103 deja \u00een Bucovina, aceasta nu va \u00eendeplini doar un simplu rol practic, ci va servi \u0219i ca un fel de simbol care va unii comunitatea local\u0103 sub acoperi\u0219ul s\u0103u.\\nDup\u0103 deschiderea Casei Polone publicul va avea ocazia s\u0103 vad\u0103\u00a0expozi\u021bia \u201eArhitectura Independen\u021bei \u00een Europa Central\u0103\u201d, creat\u0103 de Centrul Cultural Interna\u021bional din Cracovia, preg\u0103tit\u0103 \u00een limba rom\u00e2n\u0103 de Institutul Polonez din Bucure\u0219ti. Sf\u00e2r\u0219itul Primului R\u0103zboi Mondial \u00een anul 1918 a schimbat radical imaginea Europei Centrale. A adus libertate multor popoare, \u00een timp ce pentru altele a \u00eensemnat schimb\u0103ri profunde \u00een via\u021ba politic\u0103 \u0219i economic\u0103 de p\u00e2n\u0103 atunci. A luat na\u0219tere atunci o nou\u0103 ordine \u2013 politic\u0103, social\u0103 \u0219i cultural\u0103. Schimb\u0103rile politice au f\u0103cut ca metropolele c\u00e2ndva pline de via\u021b\u0103 s\u0103-\u0219i piard\u0103 din importan\u021b\u0103, \u00een timp ce ora\u0219ele de provincie au devenit peste noapte capitale de \u021b\u0103ri sau regiuni.\\n\u00cen cazul de fa\u021b\u0103, arhitectura independen\u021bei este \u00een\u021beleas\u0103 mai pe larg dec\u00e2t ni\u0219te simple cl\u0103diri individuale. Este simbolul materialit\u0103\u021bii sale \u00een peisajul regiunilor \u0219i ora\u0219elor, al c\u0103ut\u0103rii unor noi modele de iconografie na\u021bional\u0103, al dorin\u021bei de a crea oportunit\u0103\u021bi de dezvoltare social\u0103, dar \u0219i al apari\u021biei ideii de un om nou. Daunele l\u0103sate de r\u0103zboi, schimbarea grani\u021belor \u0219i ciocnirea cu noile realit\u0103\u021bi politice \u0219i-au pus amprenta asupra dezvolt\u0103rii culturii \u0219i formei arhitecturii \u00een aceast\u0103 parte a continentului \u00een urm\u0103toarele decenii. Despre cum s-au schimbat Bucure\u0219tiul, Var\u0219ovia, Tallinn, Eforie Nord \u0219i Cern\u0103u\u021bi \u2013 se poate afla parcurg\u00e2nd expozi\u021bia.\\nOrganizatorul Zilelor Culturii Polone este Uniunea Polonezilor din Rom\u00e2nia sprijinit\u0103 de Institutul Polonez din Bucure\u0219ti.\"},{\"@type\":\"ImageObject\",\"inLanguage\":\"pl-PL\",\"@id\":\"https:\/\/instytutpolski.pl\/bucuresti\/2023\/08\/16\/arhitectura-independentei-in-europa-centrala-la-zilele-culturii-polone\/#primaryimage\",\"url\":\"https:\/\/instytutpolski.pl\/bucuresti\/wp-content\/uploads\/sites\/11\/2023\/08\/Fara-titlu-Coperta-Facebook-Postare-Facebook-Peisaj-1080-\u00d7-800-px-1120-\u00d7-630-px.png\",\"contentUrl\":\"https:\/\/instytutpolski.pl\/bucuresti\/wp-content\/uploads\/sites\/11\/2023\/08\/Fara-titlu-Coperta-Facebook-Postare-Facebook-Peisaj-1080-\u00d7-800-px-1120-\u00d7-630-px.png\",\"width\":1120,\"height\":630},{\"@type\":\"BreadcrumbList\",\"@id\":\"https:\/\/instytutpolski.pl\/bucuresti\/2023\/08\/16\/arhitectura-independentei-in-europa-centrala-la-zilele-culturii-polone\/#breadcrumb\",\"itemListElement\":[{\"@type\":\"ListItem\",\"position\":1,\"name\":\"Home\",\"item\":\"https:\/\/instytutpolski.pl\/bucuresti\/\"},{\"@type\":\"ListItem\",\"position\":2,\"name\":\"\u201eArhitectura Independen\u021bei \u00een Europa Central\u0103\u201d la Zilele Culturii Polone\"}]},{\"@type\":\"WebSite\",\"@id\":\"https:\/\/instytutpolski.pl\/bucuresti\/#website\",\"url\":\"https:\/\/instytutpolski.pl\/bucuresti\/\",\"name\":\"Instytut Polski w Bukareszcie\",\"description\":\"Instytuty Polskie\",\"potentialAction\":[{\"@type\":\"SearchAction\",\"target\":{\"@type\":\"EntryPoint\",\"urlTemplate\":\"https:\/\/instytutpolski.pl\/bucuresti\/?s={search_term_string}\"},\"query-input\":{\"@type\":\"PropertyValueSpecification\",\"valueRequired\":true,\"valueName\":\"search_term_string\"}}],\"inLanguage\":\"pl-PL\"},{\"@type\":\"Person\",\"@id\":\"https:\/\/instytutpolski.pl\/bucuresti\/#\/schema\/person\/cbf38f4ffa10f919673d0e5f3ee6677d\",\"name\":\"zalaszewskak\",\"image\":{\"@type\":\"ImageObject\",\"inLanguage\":\"pl-PL\",\"@id\":\"https:\/\/instytutpolski.pl\/bucuresti\/#\/schema\/person\/image\/\",\"url\":\"https:\/\/secure.gravatar.com\/avatar\/c2e847fb86e9b9e6a80aa771ff34772f?s=96&d=mm&r=g\",\"contentUrl\":\"https:\/\/secure.gravatar.com\/avatar\/c2e847fb86e9b9e6a80aa771ff34772f?s=96&d=mm&r=g\",\"caption\":\"zalaszewskak\"},\"url\":\"https:\/\/instytutpolski.pl\/bucuresti\/author\/zalaszewskak\/\"}]}<\/script>\n<!-- \/ Yoast SEO plugin. -->","yoast_head_json":{"title":"\u201eArhitectura Independen\u021bei \u00een Europa Central\u0103\u201d la Zilele Culturii Polone - Instytut Polski w Bukareszcie","robots":{"index":"index","follow":"follow","max-snippet":"max-snippet:-1","max-image-preview":"max-image-preview:large","max-video-preview":"max-video-preview:-1"},"canonical":"https:\/\/instytutpolski.pl\/bucuresti\/2023\/08\/16\/arhitectura-independentei-in-europa-centrala-la-zilele-culturii-polone\/","og_locale":"pl_PL","og_type":"article","og_title":"\u201eArhitectura Independen\u021bei \u00een Europa Central\u0103\u201d la Zilele Culturii Polone - Instytut Polski w Bukareszcie","og_description":"Zilele Culturii Polone vor \u00eencepe pe 24 august la ora 9:00 la sala Tisa a hotelului Best Western Bucovina din Gura Humorului cu deschiderea simpozionului \u0219tiin\u021bific interna\u021bional. La ora 17:00 va \u00eencepe un eveniment inedit pentru \u00eentreaga comunitate polonez\u0103 \u2013 inaugurarea Casei Polone din Moara, recent construit\u0103. La fel ca \u0219i celelalte Case Polone care [&hellip;]","og_url":"https:\/\/instytutpolski.pl\/bucuresti\/2023\/08\/16\/arhitectura-independentei-in-europa-centrala-la-zilele-culturii-polone\/","og_site_name":"Instytut Polski w Bukareszcie","article_published_time":"2023-08-16T11:53:00+00:00","article_modified_time":"2023-08-28T06:59:03+00:00","og_image":[{"width":1120,"height":630,"url":"https:\/\/instytutpolski.pl\/bucuresti\/wp-content\/uploads\/sites\/11\/2023\/08\/Fara-titlu-Coperta-Facebook-Postare-Facebook-Peisaj-1080-\u00d7-800-px-1120-\u00d7-630-px.png","type":"image\/png"}],"author":"zalaszewskak","twitter_card":"summary_large_image","twitter_misc":{"Napisane przez":"zalaszewskak","Szacowany czas czytania":"2 minuty"},"schema":{"@context":"https:\/\/schema.org","@graph":[{"@type":"event","@id":"https:\/\/instytutpolski.pl\/bucuresti\/2023\/08\/16\/arhitectura-independentei-in-europa-centrala-la-zilele-culturii-polone\/","url":"https:\/\/instytutpolski.pl\/bucuresti\/2023\/08\/16\/arhitectura-independentei-in-europa-centrala-la-zilele-culturii-polone\/","name":"\u201eArhitectura Independen\u021bei \u00een Europa Central\u0103\u201d la Zilele Culturii Polone","isPartOf":{"@id":"https:\/\/instytutpolski.pl\/bucuresti\/#website"},"primaryImageOfPage":{"@id":"https:\/\/instytutpolski.pl\/bucuresti\/2023\/08\/16\/arhitectura-independentei-in-europa-centrala-la-zilele-culturii-polone\/#primaryimage"},"image":["https:\/\/instytutpolski.pl\/bucuresti\/wp-content\/uploads\/sites\/11\/2023\/08\/Fara-titlu-Coperta-Facebook-Postare-Facebook-Peisaj-1080-\u00d7-800-px-1120-\u00d7-630-px.png","https:\/\/instytutpolski.pl\/bucuresti\/wp-content\/uploads\/sites\/11\/2023\/08\/Fara-titlu-Coperta-Facebook-Postare-Facebook-Peisaj-1080-\u00d7-800-px-1120-\u00d7-630-px-300x169.png","https:\/\/instytutpolski.pl\/bucuresti\/wp-content\/uploads\/sites\/11\/2023\/08\/Fara-titlu-Coperta-Facebook-Postare-Facebook-Peisaj-1080-\u00d7-800-px-1120-\u00d7-630-px-1024x576.png","https:\/\/instytutpolski.pl\/bucuresti\/wp-content\/uploads\/sites\/11\/2023\/08\/Fara-titlu-Coperta-Facebook-Postare-Facebook-Peisaj-1080-\u00d7-800-px-1120-\u00d7-630-px.png"],"thumbnailUrl":"https:\/\/instytutpolski.pl\/bucuresti\/wp-content\/uploads\/sites\/11\/2023\/08\/Fara-titlu-Coperta-Facebook-Postare-Facebook-Peisaj-1080-\u00d7-800-px-1120-\u00d7-630-px.png","datePublished":"2023-08-16T11:53:00+02:00","dateModified":"2023-08-28T06:59:03+02:00","author":{"@id":"https:\/\/instytutpolski.pl\/bucuresti\/#\/schema\/person\/cbf38f4ffa10f919673d0e5f3ee6677d"},"breadcrumb":{"@id":"https:\/\/instytutpolski.pl\/bucuresti\/2023\/08\/16\/arhitectura-independentei-in-europa-centrala-la-zilele-culturii-polone\/#breadcrumb"},"inLanguage":"pl-PL","potentialAction":[{"@type":"ReadAction","target":["https:\/\/instytutpolski.pl\/bucuresti\/2023\/08\/16\/arhitectura-independentei-in-europa-centrala-la-zilele-culturii-polone\/"]}],"@context":"https:\/\/schema.org","startDate":"2023-08-24T05:00:00+02:00","endDate":"2023-08-24T07:00:00+02:00","eventStatus":"EventScheduled","eventAttendanceMode":"OfflineEventAttendanceMode","location":{"@type":"place","name":"","address":"","geo":{"@type":"GeoCoordinates","latitude":"","longitude":""}},"description":"Zilele Culturii Polone vor \u00eencepe pe 24 august la ora 9:00 la sala Tisa a hotelului Best Western Bucovina din Gura Humorului cu deschiderea simpozionului \u0219tiin\u021bific interna\u021bional. La ora 17:00 va \u00eencepe un eveniment inedit pentru \u00eentreaga comunitate polonez\u0103 \u2013 inaugurarea Casei Polone din Moara, recent construit\u0103. La fel ca \u0219i celelalte Case Polone care exist\u0103 deja \u00een Bucovina, aceasta nu va \u00eendeplini doar un simplu rol practic, ci va servi \u0219i ca un fel de simbol care va unii comunitatea local\u0103 sub acoperi\u0219ul s\u0103u.\nDup\u0103 deschiderea Casei Polone publicul va avea ocazia s\u0103 vad\u0103\u00a0expozi\u021bia \u201eArhitectura Independen\u021bei \u00een Europa Central\u0103\u201d, creat\u0103 de Centrul Cultural Interna\u021bional din Cracovia, preg\u0103tit\u0103 \u00een limba rom\u00e2n\u0103 de Institutul Polonez din Bucure\u0219ti. Sf\u00e2r\u0219itul Primului R\u0103zboi Mondial \u00een anul 1918 a schimbat radical imaginea Europei Centrale. A adus libertate multor popoare, \u00een timp ce pentru altele a \u00eensemnat schimb\u0103ri profunde \u00een via\u021ba politic\u0103 \u0219i economic\u0103 de p\u00e2n\u0103 atunci. A luat na\u0219tere atunci o nou\u0103 ordine \u2013 politic\u0103, social\u0103 \u0219i cultural\u0103. Schimb\u0103rile politice au f\u0103cut ca metropolele c\u00e2ndva pline de via\u021b\u0103 s\u0103-\u0219i piard\u0103 din importan\u021b\u0103, \u00een timp ce ora\u0219ele de provincie au devenit peste noapte capitale de \u021b\u0103ri sau regiuni.\n\u00cen cazul de fa\u021b\u0103, arhitectura independen\u021bei este \u00een\u021beleas\u0103 mai pe larg dec\u00e2t ni\u0219te simple cl\u0103diri individuale. Este simbolul materialit\u0103\u021bii sale \u00een peisajul regiunilor \u0219i ora\u0219elor, al c\u0103ut\u0103rii unor noi modele de iconografie na\u021bional\u0103, al dorin\u021bei de a crea oportunit\u0103\u021bi de dezvoltare social\u0103, dar \u0219i al apari\u021biei ideii de un om nou. Daunele l\u0103sate de r\u0103zboi, schimbarea grani\u021belor \u0219i ciocnirea cu noile realit\u0103\u021bi politice \u0219i-au pus amprenta asupra dezvolt\u0103rii culturii \u0219i formei arhitecturii \u00een aceast\u0103 parte a continentului \u00een urm\u0103toarele decenii. Despre cum s-au schimbat Bucure\u0219tiul, Var\u0219ovia, Tallinn, Eforie Nord \u0219i Cern\u0103u\u021bi \u2013 se poate afla parcurg\u00e2nd expozi\u021bia.\nOrganizatorul Zilelor Culturii Polone este Uniunea Polonezilor din Rom\u00e2nia sprijinit\u0103 de Institutul Polonez din Bucure\u0219ti."},{"@type":"ImageObject","inLanguage":"pl-PL","@id":"https:\/\/instytutpolski.pl\/bucuresti\/2023\/08\/16\/arhitectura-independentei-in-europa-centrala-la-zilele-culturii-polone\/#primaryimage","url":"https:\/\/instytutpolski.pl\/bucuresti\/wp-content\/uploads\/sites\/11\/2023\/08\/Fara-titlu-Coperta-Facebook-Postare-Facebook-Peisaj-1080-\u00d7-800-px-1120-\u00d7-630-px.png","contentUrl":"https:\/\/instytutpolski.pl\/bucuresti\/wp-content\/uploads\/sites\/11\/2023\/08\/Fara-titlu-Coperta-Facebook-Postare-Facebook-Peisaj-1080-\u00d7-800-px-1120-\u00d7-630-px.png","width":1120,"height":630},{"@type":"BreadcrumbList","@id":"https:\/\/instytutpolski.pl\/bucuresti\/2023\/08\/16\/arhitectura-independentei-in-europa-centrala-la-zilele-culturii-polone\/#breadcrumb","itemListElement":[{"@type":"ListItem","position":1,"name":"Home","item":"https:\/\/instytutpolski.pl\/bucuresti\/"},{"@type":"ListItem","position":2,"name":"\u201eArhitectura Independen\u021bei \u00een Europa Central\u0103\u201d la Zilele Culturii Polone"}]},{"@type":"WebSite","@id":"https:\/\/instytutpolski.pl\/bucuresti\/#website","url":"https:\/\/instytutpolski.pl\/bucuresti\/","name":"Instytut Polski w Bukareszcie","description":"Instytuty Polskie","potentialAction":[{"@type":"SearchAction","target":{"@type":"EntryPoint","urlTemplate":"https:\/\/instytutpolski.pl\/bucuresti\/?s={search_term_string}"},"query-input":{"@type":"PropertyValueSpecification","valueRequired":true,"valueName":"search_term_string"}}],"inLanguage":"pl-PL"},{"@type":"Person","@id":"https:\/\/instytutpolski.pl\/bucuresti\/#\/schema\/person\/cbf38f4ffa10f919673d0e5f3ee6677d","name":"zalaszewskak","image":{"@type":"ImageObject","inLanguage":"pl-PL","@id":"https:\/\/instytutpolski.pl\/bucuresti\/#\/schema\/person\/image\/","url":"https:\/\/secure.gravatar.com\/avatar\/c2e847fb86e9b9e6a80aa771ff34772f?s=96&d=mm&r=g","contentUrl":"https:\/\/secure.gravatar.com\/avatar\/c2e847fb86e9b9e6a80aa771ff34772f?s=96&d=mm&r=g","caption":"zalaszewskak"},"url":"https:\/\/instytutpolski.pl\/bucuresti\/author\/zalaszewskak\/"}]}},"_links":{"self":[{"href":"https:\/\/instytutpolski.pl\/bucuresti\/wp-json\/wp\/v2\/posts\/10687","targetHints":{"allow":["GET"]}}],"collection":[{"href":"https:\/\/instytutpolski.pl\/bucuresti\/wp-json\/wp\/v2\/posts"}],"about":[{"href":"https:\/\/instytutpolski.pl\/bucuresti\/wp-json\/wp\/v2\/types\/post"}],"author":[{"embeddable":true,"href":"https:\/\/instytutpolski.pl\/bucuresti\/wp-json\/wp\/v2\/users\/44"}],"replies":[{"embeddable":true,"href":"https:\/\/instytutpolski.pl\/bucuresti\/wp-json\/wp\/v2\/comments?post=10687"}],"version-history":[{"count":9,"href":"https:\/\/instytutpolski.pl\/bucuresti\/wp-json\/wp\/v2\/posts\/10687\/revisions"}],"predecessor-version":[{"id":10755,"href":"https:\/\/instytutpolski.pl\/bucuresti\/wp-json\/wp\/v2\/posts\/10687\/revisions\/10755"}],"wp:featuredmedia":[{"embeddable":true,"href":"https:\/\/instytutpolski.pl\/bucuresti\/wp-json\/wp\/v2\/media\/10688"}],"wp:attachment":[{"href":"https:\/\/instytutpolski.pl\/bucuresti\/wp-json\/wp\/v2\/media?parent=10687"}],"wp:term":[{"taxonomy":"category","embeddable":true,"href":"https:\/\/instytutpolski.pl\/bucuresti\/wp-json\/wp\/v2\/categories?post=10687"},{"taxonomy":"post_tag","embeddable":true,"href":"https:\/\/instytutpolski.pl\/bucuresti\/wp-json\/wp\/v2\/tags?post=10687"}],"curies":[{"name":"wp","href":"https:\/\/api.w.org\/{rel}","templated":true}]}}