{"id":10789,"date":"2023-08-30T11:02:59","date_gmt":"2023-08-30T09:02:59","guid":{"rendered":"https:\/\/instytutpolski.pl\/bucuresti\/?p=10789"},"modified":"2023-09-11T09:20:06","modified_gmt":"2023-09-11T07:20:06","slug":"despre-alpinismul-polonez-la-brasov","status":"publish","type":"post","link":"https:\/\/instytutpolski.pl\/bucuresti\/2023\/08\/30\/despre-alpinismul-polonez-la-brasov\/","title":{"rendered":"Despre alpinismul polonez la Bra\u0219ov"},"content":{"rendered":"\n<p>Documentarul este unul dintre filmele care concureaz\u0103 pentru Marele Premiu al festivalului \u0219i va fi prezentat s\u00e2mb\u0103t\u0103, 9 septembrie, ora 17.00, la cinematograful Astra (str. Lung\u0103 nr. 1) din Bra\u0219ov.<\/p>\n<p>&#x1f39f;&#xfe0f; Intrare gratuit\u0103<\/p>\n<p>***<\/p>\n<p><strong>DOO SAR &#8211; A KARAKORAM SKI EXPEDITION FILM<\/strong><\/p>\n<p>Polonia, 2021, 47 min.<\/p>\n<p>Regia: Jakub Gzela<\/p>\n<p>Skiorii \u0219i alpini\u0219tii polonezi Andrzej Bargiel si J\u0119drek Baranowski pleac\u0103 \u00een mun\u021bii Karakorum, \u00een Pakistan, \u00eentr-o aventur\u0103 plin\u0103 de iubire \u0219i pasiune pentru mun\u021bi, care duce la o cobor\u00e2re fabuloas\u0103 pe schiuri la peste 6000 m altitudine.<\/p>\n<p>https:\/\/www.youtube.com\/watch?v=mdT_4jdHX2w<\/p>\n","protected":false},"excerpt":{"rendered":"<p>Documentarul este unul dintre filmele care concureaz\u0103 pentru Marele Premiu al festivalului \u0219i va fi prezentat s\u00e2mb\u0103t\u0103, 9 septembrie, ora 17.00, la cinematograful Astra (str. Lung\u0103 nr. 1) din Bra\u0219ov. &#x1f39f;&#xfe0f; Intrare gratuit\u0103 *** DOO SAR &#8211; A KARAKORAM SKI EXPEDITION FILM Polonia, 2021, 47 min. Regia: Jakub Gzela Skiorii \u0219i alpini\u0219tii polonezi Andrzej Bargiel [&hellip;]<\/p>\n","protected":false},"author":41,"featured_media":10796,"comment_status":"open","ping_status":"open","sticky":false,"template":"","format":"standard","meta":{"inline_featured_image":false,"_monsterinsights_skip_tracking":false,"_monsterinsights_sitenote_active":false,"_monsterinsights_sitenote_note":"","_monsterinsights_sitenote_category":0,"footnotes":""},"categories":[18,94,151],"tags":[],"class_list":["post-10789","post","type-post","status-publish","format-standard","has-post-thumbnail","hentry","category-cinema","category-evenimente","category-sport"],"yoast_head":"<!-- This site is optimized with the Yoast SEO plugin v24.6 - https:\/\/yoast.com\/wordpress\/plugins\/seo\/ -->\n<title>Despre alpinismul polonez la Bra\u0219ov - Instytut Polski w Bukareszcie<\/title>\n<meta name=\"robots\" content=\"index, follow, max-snippet:-1, max-image-preview:large, max-video-preview:-1\" \/>\n<link rel=\"canonical\" href=\"https:\/\/instytutpolski.pl\/bucuresti\/2023\/08\/30\/despre-alpinismul-polonez-la-brasov\/\" \/>\n<meta property=\"og:locale\" content=\"pl_PL\" \/>\n<meta property=\"og:type\" content=\"article\" \/>\n<meta property=\"og:title\" content=\"Despre alpinismul polonez la Bra\u0219ov - Instytut Polski w Bukareszcie\" \/>\n<meta property=\"og:description\" content=\"Documentarul este unul dintre filmele care concureaz\u0103 pentru Marele Premiu al festivalului \u0219i va fi prezentat s\u00e2mb\u0103t\u0103, 9 septembrie, ora 17.00, la cinematograful Astra (str. Lung\u0103 nr. 1) din Bra\u0219ov. &#x1f39f;&#xfe0f; Intrare gratuit\u0103 *** DOO SAR &#8211; A KARAKORAM SKI EXPEDITION FILM Polonia, 2021, 47 min. Regia: Jakub Gzela Skiorii \u0219i alpini\u0219tii polonezi Andrzej Bargiel [&hellip;]\" \/>\n<meta property=\"og:url\" content=\"https:\/\/instytutpolski.pl\/bucuresti\/2023\/08\/30\/despre-alpinismul-polonez-la-brasov\/\" \/>\n<meta property=\"og:site_name\" content=\"Instytut Polski w Bukareszcie\" \/>\n<meta property=\"article:published_time\" content=\"2023-08-30T09:02:59+00:00\" \/>\n<meta property=\"article:modified_time\" content=\"2023-09-11T07:20:06+00:00\" \/>\n<meta property=\"og:image\" content=\"https:\/\/instytutpolski.pl\/bucuresti\/wp-content\/uploads\/sites\/11\/2023\/08\/doo-sar.jpg\" \/>\n\t<meta property=\"og:image:width\" content=\"1437\" \/>\n\t<meta property=\"og:image:height\" content=\"863\" \/>\n\t<meta property=\"og:image:type\" content=\"image\/jpeg\" \/>\n<meta name=\"author\" content=\"mirelal\" \/>\n<meta name=\"twitter:card\" content=\"summary_large_image\" \/>\n<meta name=\"twitter:label1\" content=\"Napisane przez\" \/>\n\t<meta name=\"twitter:data1\" content=\"mirelal\" \/>\n\t<meta name=\"twitter:label2\" content=\"Szacowany czas czytania\" \/>\n\t<meta name=\"twitter:data2\" content=\"1 minuta\" \/>\n<script type=\"application\/ld+json\" class=\"yoast-schema-graph\">{\"@context\":\"https:\/\/schema.org\",\"@graph\":[{\"@type\":\"event\",\"@id\":\"https:\/\/instytutpolski.pl\/bucuresti\/2023\/08\/30\/despre-alpinismul-polonez-la-brasov\/\",\"url\":\"https:\/\/instytutpolski.pl\/bucuresti\/2023\/08\/30\/despre-alpinismul-polonez-la-brasov\/\",\"name\":\"Despre alpinismul polonez la Bra\u0219ov\",\"isPartOf\":{\"@id\":\"https:\/\/instytutpolski.pl\/bucuresti\/#website\"},\"primaryImageOfPage\":{\"@id\":\"https:\/\/instytutpolski.pl\/bucuresti\/2023\/08\/30\/despre-alpinismul-polonez-la-brasov\/#primaryimage\"},\"image\":[\"https:\/\/instytutpolski.pl\/bucuresti\/wp-content\/uploads\/sites\/11\/2023\/08\/doo-sar.jpg\",\"https:\/\/instytutpolski.pl\/bucuresti\/wp-content\/uploads\/sites\/11\/2023\/08\/doo-sar-300x180.jpg\",\"https:\/\/instytutpolski.pl\/bucuresti\/wp-content\/uploads\/sites\/11\/2023\/08\/doo-sar-1024x615.jpg\",\"https:\/\/instytutpolski.pl\/bucuresti\/wp-content\/uploads\/sites\/11\/2023\/08\/doo-sar.jpg\"],\"thumbnailUrl\":\"https:\/\/instytutpolski.pl\/bucuresti\/wp-content\/uploads\/sites\/11\/2023\/08\/doo-sar.jpg\",\"datePublished\":\"2023-08-30T09:02:59+02:00\",\"dateModified\":\"2023-09-11T07:20:06+02:00\",\"author\":{\"@id\":\"https:\/\/instytutpolski.pl\/bucuresti\/#\/schema\/person\/36eba23bd65c4ed8774deeb285a19272\"},\"breadcrumb\":{\"@id\":\"https:\/\/instytutpolski.pl\/bucuresti\/2023\/08\/30\/despre-alpinismul-polonez-la-brasov\/#breadcrumb\"},\"inLanguage\":\"pl-PL\",\"potentialAction\":[{\"@type\":\"ReadAction\",\"target\":[\"https:\/\/instytutpolski.pl\/bucuresti\/2023\/08\/30\/despre-alpinismul-polonez-la-brasov\/\"]}],\"@context\":\"https:\/\/schema.org\",\"startDate\":\"2023-09-09\",\"endDate\":\"2023-09-09\",\"eventStatus\":\"EventScheduled\",\"eventAttendanceMode\":\"OfflineEventAttendanceMode\",\"location\":{\"@type\":\"place\",\"name\":\"\",\"address\":\"\",\"geo\":{\"@type\":\"GeoCoordinates\",\"latitude\":\"\",\"longitude\":\"\"}},\"description\":\"Documentarul este unul dintre filmele care concureaz\u0103 pentru Marele Premiu al festivalului \u0219i va fi prezentat s\u00e2mb\u0103t\u0103, 9 septembrie, ora 17.00, la cinematograful Astra (str. Lung\u0103 nr. 1) din Bra\u0219ov.\\n&#x1f39f;&#xfe0f; Intrare gratuit\u0103\\n***\\nDOO SAR - A KARAKORAM SKI EXPEDITION FILM\\nPolonia, 2021, 47 min.\\nRegia: Jakub Gzela\\nSkiorii \u0219i alpini\u0219tii polonezi Andrzej Bargiel si J\u0119drek Baranowski pleac\u0103 \u00een mun\u021bii Karakorum, \u00een Pakistan, \u00eentr-o aventur\u0103 plin\u0103 de iubire \u0219i pasiune pentru mun\u021bi, care duce la o cobor\u00e2re fabuloas\u0103 pe schiuri la peste 6000 m altitudine.\\nhttps:\/\/www.youtube.com\/watch?v=mdT_4jdHX2w\"},{\"@type\":\"ImageObject\",\"inLanguage\":\"pl-PL\",\"@id\":\"https:\/\/instytutpolski.pl\/bucuresti\/2023\/08\/30\/despre-alpinismul-polonez-la-brasov\/#primaryimage\",\"url\":\"https:\/\/instytutpolski.pl\/bucuresti\/wp-content\/uploads\/sites\/11\/2023\/08\/doo-sar.jpg\",\"contentUrl\":\"https:\/\/instytutpolski.pl\/bucuresti\/wp-content\/uploads\/sites\/11\/2023\/08\/doo-sar.jpg\",\"width\":1437,\"height\":863},{\"@type\":\"BreadcrumbList\",\"@id\":\"https:\/\/instytutpolski.pl\/bucuresti\/2023\/08\/30\/despre-alpinismul-polonez-la-brasov\/#breadcrumb\",\"itemListElement\":[{\"@type\":\"ListItem\",\"position\":1,\"name\":\"Home\",\"item\":\"https:\/\/instytutpolski.pl\/bucuresti\/\"},{\"@type\":\"ListItem\",\"position\":2,\"name\":\"Despre alpinismul polonez la Bra\u0219ov\"}]},{\"@type\":\"WebSite\",\"@id\":\"https:\/\/instytutpolski.pl\/bucuresti\/#website\",\"url\":\"https:\/\/instytutpolski.pl\/bucuresti\/\",\"name\":\"Instytut Polski w Bukareszcie\",\"description\":\"Instytuty Polskie\",\"potentialAction\":[{\"@type\":\"SearchAction\",\"target\":{\"@type\":\"EntryPoint\",\"urlTemplate\":\"https:\/\/instytutpolski.pl\/bucuresti\/?s={search_term_string}\"},\"query-input\":{\"@type\":\"PropertyValueSpecification\",\"valueRequired\":true,\"valueName\":\"search_term_string\"}}],\"inLanguage\":\"pl-PL\"},{\"@type\":\"Person\",\"@id\":\"https:\/\/instytutpolski.pl\/bucuresti\/#\/schema\/person\/36eba23bd65c4ed8774deeb285a19272\",\"name\":\"mirelal\",\"image\":{\"@type\":\"ImageObject\",\"inLanguage\":\"pl-PL\",\"@id\":\"https:\/\/instytutpolski.pl\/bucuresti\/#\/schema\/person\/image\/\",\"url\":\"https:\/\/secure.gravatar.com\/avatar\/5838c7614d071fe473f8aeb2de72beb4?s=96&d=mm&r=g\",\"contentUrl\":\"https:\/\/secure.gravatar.com\/avatar\/5838c7614d071fe473f8aeb2de72beb4?s=96&d=mm&r=g\",\"caption\":\"mirelal\"},\"url\":\"https:\/\/instytutpolski.pl\/bucuresti\/author\/mirelal\/\"}]}<\/script>\n<!-- \/ Yoast SEO plugin. -->","yoast_head_json":{"title":"Despre alpinismul polonez la Bra\u0219ov - Instytut Polski w Bukareszcie","robots":{"index":"index","follow":"follow","max-snippet":"max-snippet:-1","max-image-preview":"max-image-preview:large","max-video-preview":"max-video-preview:-1"},"canonical":"https:\/\/instytutpolski.pl\/bucuresti\/2023\/08\/30\/despre-alpinismul-polonez-la-brasov\/","og_locale":"pl_PL","og_type":"article","og_title":"Despre alpinismul polonez la Bra\u0219ov - Instytut Polski w Bukareszcie","og_description":"Documentarul este unul dintre filmele care concureaz\u0103 pentru Marele Premiu al festivalului \u0219i va fi prezentat s\u00e2mb\u0103t\u0103, 9 septembrie, ora 17.00, la cinematograful Astra (str. Lung\u0103 nr. 1) din Bra\u0219ov. &#x1f39f;&#xfe0f; Intrare gratuit\u0103 *** DOO SAR &#8211; A KARAKORAM SKI EXPEDITION FILM Polonia, 2021, 47 min. Regia: Jakub Gzela Skiorii \u0219i alpini\u0219tii polonezi Andrzej Bargiel [&hellip;]","og_url":"https:\/\/instytutpolski.pl\/bucuresti\/2023\/08\/30\/despre-alpinismul-polonez-la-brasov\/","og_site_name":"Instytut Polski w Bukareszcie","article_published_time":"2023-08-30T09:02:59+00:00","article_modified_time":"2023-09-11T07:20:06+00:00","og_image":[{"width":1437,"height":863,"url":"https:\/\/instytutpolski.pl\/bucuresti\/wp-content\/uploads\/sites\/11\/2023\/08\/doo-sar.jpg","type":"image\/jpeg"}],"author":"mirelal","twitter_card":"summary_large_image","twitter_misc":{"Napisane przez":"mirelal","Szacowany czas czytania":"1 minuta"},"schema":{"@context":"https:\/\/schema.org","@graph":[{"@type":"event","@id":"https:\/\/instytutpolski.pl\/bucuresti\/2023\/08\/30\/despre-alpinismul-polonez-la-brasov\/","url":"https:\/\/instytutpolski.pl\/bucuresti\/2023\/08\/30\/despre-alpinismul-polonez-la-brasov\/","name":"Despre alpinismul polonez la Bra\u0219ov","isPartOf":{"@id":"https:\/\/instytutpolski.pl\/bucuresti\/#website"},"primaryImageOfPage":{"@id":"https:\/\/instytutpolski.pl\/bucuresti\/2023\/08\/30\/despre-alpinismul-polonez-la-brasov\/#primaryimage"},"image":["https:\/\/instytutpolski.pl\/bucuresti\/wp-content\/uploads\/sites\/11\/2023\/08\/doo-sar.jpg","https:\/\/instytutpolski.pl\/bucuresti\/wp-content\/uploads\/sites\/11\/2023\/08\/doo-sar-300x180.jpg","https:\/\/instytutpolski.pl\/bucuresti\/wp-content\/uploads\/sites\/11\/2023\/08\/doo-sar-1024x615.jpg","https:\/\/instytutpolski.pl\/bucuresti\/wp-content\/uploads\/sites\/11\/2023\/08\/doo-sar.jpg"],"thumbnailUrl":"https:\/\/instytutpolski.pl\/bucuresti\/wp-content\/uploads\/sites\/11\/2023\/08\/doo-sar.jpg","datePublished":"2023-08-30T09:02:59+02:00","dateModified":"2023-09-11T07:20:06+02:00","author":{"@id":"https:\/\/instytutpolski.pl\/bucuresti\/#\/schema\/person\/36eba23bd65c4ed8774deeb285a19272"},"breadcrumb":{"@id":"https:\/\/instytutpolski.pl\/bucuresti\/2023\/08\/30\/despre-alpinismul-polonez-la-brasov\/#breadcrumb"},"inLanguage":"pl-PL","potentialAction":[{"@type":"ReadAction","target":["https:\/\/instytutpolski.pl\/bucuresti\/2023\/08\/30\/despre-alpinismul-polonez-la-brasov\/"]}],"@context":"https:\/\/schema.org","startDate":"2023-09-09","endDate":"2023-09-09","eventStatus":"EventScheduled","eventAttendanceMode":"OfflineEventAttendanceMode","location":{"@type":"place","name":"","address":"","geo":{"@type":"GeoCoordinates","latitude":"","longitude":""}},"description":"Documentarul este unul dintre filmele care concureaz\u0103 pentru Marele Premiu al festivalului \u0219i va fi prezentat s\u00e2mb\u0103t\u0103, 9 septembrie, ora 17.00, la cinematograful Astra (str. Lung\u0103 nr. 1) din Bra\u0219ov.\n&#x1f39f;&#xfe0f; Intrare gratuit\u0103\n***\nDOO SAR - A KARAKORAM SKI EXPEDITION FILM\nPolonia, 2021, 47 min.\nRegia: Jakub Gzela\nSkiorii \u0219i alpini\u0219tii polonezi Andrzej Bargiel si J\u0119drek Baranowski pleac\u0103 \u00een mun\u021bii Karakorum, \u00een Pakistan, \u00eentr-o aventur\u0103 plin\u0103 de iubire \u0219i pasiune pentru mun\u021bi, care duce la o cobor\u00e2re fabuloas\u0103 pe schiuri la peste 6000 m altitudine.\nhttps:\/\/www.youtube.com\/watch?v=mdT_4jdHX2w"},{"@type":"ImageObject","inLanguage":"pl-PL","@id":"https:\/\/instytutpolski.pl\/bucuresti\/2023\/08\/30\/despre-alpinismul-polonez-la-brasov\/#primaryimage","url":"https:\/\/instytutpolski.pl\/bucuresti\/wp-content\/uploads\/sites\/11\/2023\/08\/doo-sar.jpg","contentUrl":"https:\/\/instytutpolski.pl\/bucuresti\/wp-content\/uploads\/sites\/11\/2023\/08\/doo-sar.jpg","width":1437,"height":863},{"@type":"BreadcrumbList","@id":"https:\/\/instytutpolski.pl\/bucuresti\/2023\/08\/30\/despre-alpinismul-polonez-la-brasov\/#breadcrumb","itemListElement":[{"@type":"ListItem","position":1,"name":"Home","item":"https:\/\/instytutpolski.pl\/bucuresti\/"},{"@type":"ListItem","position":2,"name":"Despre alpinismul polonez la Bra\u0219ov"}]},{"@type":"WebSite","@id":"https:\/\/instytutpolski.pl\/bucuresti\/#website","url":"https:\/\/instytutpolski.pl\/bucuresti\/","name":"Instytut Polski w Bukareszcie","description":"Instytuty Polskie","potentialAction":[{"@type":"SearchAction","target":{"@type":"EntryPoint","urlTemplate":"https:\/\/instytutpolski.pl\/bucuresti\/?s={search_term_string}"},"query-input":{"@type":"PropertyValueSpecification","valueRequired":true,"valueName":"search_term_string"}}],"inLanguage":"pl-PL"},{"@type":"Person","@id":"https:\/\/instytutpolski.pl\/bucuresti\/#\/schema\/person\/36eba23bd65c4ed8774deeb285a19272","name":"mirelal","image":{"@type":"ImageObject","inLanguage":"pl-PL","@id":"https:\/\/instytutpolski.pl\/bucuresti\/#\/schema\/person\/image\/","url":"https:\/\/secure.gravatar.com\/avatar\/5838c7614d071fe473f8aeb2de72beb4?s=96&d=mm&r=g","contentUrl":"https:\/\/secure.gravatar.com\/avatar\/5838c7614d071fe473f8aeb2de72beb4?s=96&d=mm&r=g","caption":"mirelal"},"url":"https:\/\/instytutpolski.pl\/bucuresti\/author\/mirelal\/"}]}},"_links":{"self":[{"href":"https:\/\/instytutpolski.pl\/bucuresti\/wp-json\/wp\/v2\/posts\/10789","targetHints":{"allow":["GET"]}}],"collection":[{"href":"https:\/\/instytutpolski.pl\/bucuresti\/wp-json\/wp\/v2\/posts"}],"about":[{"href":"https:\/\/instytutpolski.pl\/bucuresti\/wp-json\/wp\/v2\/types\/post"}],"author":[{"embeddable":true,"href":"https:\/\/instytutpolski.pl\/bucuresti\/wp-json\/wp\/v2\/users\/41"}],"replies":[{"embeddable":true,"href":"https:\/\/instytutpolski.pl\/bucuresti\/wp-json\/wp\/v2\/comments?post=10789"}],"version-history":[{"count":4,"href":"https:\/\/instytutpolski.pl\/bucuresti\/wp-json\/wp\/v2\/posts\/10789\/revisions"}],"predecessor-version":[{"id":10845,"href":"https:\/\/instytutpolski.pl\/bucuresti\/wp-json\/wp\/v2\/posts\/10789\/revisions\/10845"}],"wp:featuredmedia":[{"embeddable":true,"href":"https:\/\/instytutpolski.pl\/bucuresti\/wp-json\/wp\/v2\/media\/10796"}],"wp:attachment":[{"href":"https:\/\/instytutpolski.pl\/bucuresti\/wp-json\/wp\/v2\/media?parent=10789"}],"wp:term":[{"taxonomy":"category","embeddable":true,"href":"https:\/\/instytutpolski.pl\/bucuresti\/wp-json\/wp\/v2\/categories?post=10789"},{"taxonomy":"post_tag","embeddable":true,"href":"https:\/\/instytutpolski.pl\/bucuresti\/wp-json\/wp\/v2\/tags?post=10789"}],"curies":[{"name":"wp","href":"https:\/\/api.w.org\/{rel}","templated":true}]}}