{"id":10964,"date":"2023-10-03T10:40:27","date_gmt":"2023-10-03T08:40:27","guid":{"rendered":"https:\/\/instytutpolski.pl\/bucuresti\/?p=10964"},"modified":"2023-10-10T14:24:54","modified_gmt":"2023-10-10T12:24:54","slug":"despre-holocaust-in-cinematografia-poloneza","status":"publish","type":"post","link":"https:\/\/instytutpolski.pl\/bucuresti\/2023\/10\/03\/despre-holocaust-in-cinematografia-poloneza\/","title":{"rendered":"Despre Holocaust \u00een cinematografia polonez\u0103"},"content":{"rendered":"\n<p>Filmat pe terenul fostului lag\u0103r de exterminare nazist german Auschwitz-Birkenau Birkenau \u0219i bazat pe experien\u021bele personale ale regizoarei, scenaristei \u0219i multor altor membri ai echipei, cu to\u021bii supravie\u021buitori ai lag\u0103rului, \u201eUltima etap\u0103\u201d a devenit un punct de referin\u021b\u0103 pentru toate filmele despre lag\u0103re de concentrare realizate ulterior \u0219i a pus numele regizoarei poloneze pe harta cinematografiei mondiale.<\/p>\n<p>***<\/p>\n<p><strong>ULTIMA ETAP\u0102<\/strong> \/ Ostatni etap \/ The last stage<\/p>\n<p>Polonia, 1947, 104 min., subtitrare \u00een limba rom\u00e2n\u0103<\/p>\n<p>Regia: Wanda Jakubowska<\/p>\n<p>Poloneza Helena este arestat\u0103 \u0219i trimis\u0103 \u00een lag\u0103rul de exterminare nazist german Auschwitz-Birkenau. \u00cens\u0103rcinat\u0103, ea na\u0219te \u00een spitalul din lag\u0103r. Medicii \u0219i asistentele, inclusiv prizonierele, \u00eencearc\u0103 s\u0103 salveze via\u021ba copilului ei. Cu toate acestea, un medic SS ucide copilul abia n\u0103scut. Este momentul \u00een care Helena se al\u0103tur\u0103 mi\u0219c\u0103rii de rezisten\u021b\u0103 a femeilor, condus\u0103 de medicul Eugenia din Uniunea Sovietic\u0103 \u0219i asistenta german\u0103 Anna. \u00cen cur\u00e2nd li se al\u0103tur\u0103 Marta, o evreic\u0103 poloneza venit\u0103 cu un transport de evrei condamna\u021bi la moarte \u00een camerele de gazare. Ea este singura supravie\u021buitoare, datorit\u0103 cuno\u0219tin\u021belor ei de limba german\u0103 fiind aleas\u0103 ca traduc\u0103toare pentru ofi\u021berii SS. \u00cen spatele activit\u0103\u021bii sale de interpret\u0103, Marta reu\u0219e\u0219te s\u0103 fac\u0103 un plan de evadare \u00eempreun\u0103 cu celelalte de\u021binute, \u00een a\u0219teptarea Armatei Ro\u0219ii.<\/p>\n<p>***<\/p>\n<p><strong>&#x1f449; 9 octombrie, ora 19.30 &#8211; Institutul Goethe din Bucure\u0219ti, Calea Doroban\u021bi nr. 32<\/strong><\/p>\n<p><strong>&#x1f3ab; Intrare liber\u0103<\/strong><\/p>\n<p>***<\/p>\n<p>Proiec\u021bie realizat\u0103 \u00een colaborare cu F-SIDES, primul cineclub din Rom\u00e2nia dedicat exclusiv filmelor realizate de femei \u0219i modurilor alternative de a privi \u0219i reprezenta feminit\u0103\u021bi \u00een cinematografie \u0219i societate.<\/p>\n<p>***<\/p>\n<p><iframe loading=\"lazy\" title=\"Ostatni Etap \/ \u05d4\u05e9\u05dc\u05d1 \u05d4\u05d0\u05d7\u05e8\u05d5\u05df \/ The Last Stage\" width=\"500\" height=\"281\" src=\"https:\/\/www.youtube.com\/embed\/VdWWbTWuCys?feature=oembed\" frameborder=\"0\" allow=\"accelerometer; autoplay; clipboard-write; encrypted-media; gyroscope; picture-in-picture; web-share\" referrerpolicy=\"strict-origin-when-cross-origin\" allowfullscreen><\/iframe><\/p>\n<p>\u00a0<\/p>\n<p>\u00a0<\/p>\n","protected":false},"excerpt":{"rendered":"<p>Filmat pe terenul fostului lag\u0103r de exterminare nazist german Auschwitz-Birkenau Birkenau \u0219i bazat pe experien\u021bele personale ale regizoarei, scenaristei \u0219i multor altor membri ai echipei, cu to\u021bii supravie\u021buitori ai lag\u0103rului, \u201eUltima etap\u0103\u201d a devenit un punct de referin\u021b\u0103 pentru toate filmele despre lag\u0103re de concentrare realizate ulterior \u0219i a pus numele regizoarei poloneze pe harta [&hellip;]<\/p>\n","protected":false},"author":41,"featured_media":10965,"comment_status":"open","ping_status":"open","sticky":false,"template":"","format":"standard","meta":{"inline_featured_image":false,"_monsterinsights_skip_tracking":false,"_monsterinsights_sitenote_active":false,"_monsterinsights_sitenote_note":"","_monsterinsights_sitenote_category":0,"footnotes":""},"categories":[18,94],"tags":[],"class_list":["post-10964","post","type-post","status-publish","format-standard","has-post-thumbnail","hentry","category-cinema","category-evenimente"],"yoast_head":"<!-- This site is optimized with the Yoast SEO plugin v24.6 - https:\/\/yoast.com\/wordpress\/plugins\/seo\/ -->\n<title>Despre Holocaust \u00een cinematografia polonez\u0103 - Instytut Polski w Bukareszcie<\/title>\n<meta name=\"robots\" content=\"index, follow, max-snippet:-1, max-image-preview:large, max-video-preview:-1\" \/>\n<link rel=\"canonical\" href=\"https:\/\/instytutpolski.pl\/bucuresti\/2023\/10\/03\/despre-holocaust-in-cinematografia-poloneza\/\" \/>\n<meta property=\"og:locale\" content=\"pl_PL\" \/>\n<meta property=\"og:type\" content=\"article\" \/>\n<meta property=\"og:title\" content=\"Despre Holocaust \u00een cinematografia polonez\u0103 - Instytut Polski w Bukareszcie\" \/>\n<meta property=\"og:description\" content=\"Filmat pe terenul fostului lag\u0103r de exterminare nazist german Auschwitz-Birkenau Birkenau \u0219i bazat pe experien\u021bele personale ale regizoarei, scenaristei \u0219i multor altor membri ai echipei, cu to\u021bii supravie\u021buitori ai lag\u0103rului, \u201eUltima etap\u0103\u201d a devenit un punct de referin\u021b\u0103 pentru toate filmele despre lag\u0103re de concentrare realizate ulterior \u0219i a pus numele regizoarei poloneze pe harta [&hellip;]\" \/>\n<meta property=\"og:url\" content=\"https:\/\/instytutpolski.pl\/bucuresti\/2023\/10\/03\/despre-holocaust-in-cinematografia-poloneza\/\" \/>\n<meta property=\"og:site_name\" content=\"Instytut Polski w Bukareszcie\" \/>\n<meta property=\"article:published_time\" content=\"2023-10-03T08:40:27+00:00\" \/>\n<meta property=\"article:modified_time\" content=\"2023-10-10T12:24:54+00:00\" \/>\n<meta property=\"og:image\" content=\"https:\/\/instytutpolski.pl\/bucuresti\/wp-content\/uploads\/sites\/11\/2023\/10\/ostatni-etap-1.jpg\" \/>\n\t<meta property=\"og:image:width\" content=\"1500\" \/>\n\t<meta property=\"og:image:height\" content=\"1007\" \/>\n\t<meta property=\"og:image:type\" content=\"image\/jpeg\" \/>\n<meta name=\"author\" content=\"mirelal\" \/>\n<meta name=\"twitter:card\" content=\"summary_large_image\" \/>\n<meta name=\"twitter:label1\" content=\"Napisane przez\" \/>\n\t<meta name=\"twitter:data1\" content=\"mirelal\" \/>\n\t<meta name=\"twitter:label2\" content=\"Szacowany czas czytania\" \/>\n\t<meta name=\"twitter:data2\" content=\"2 minuty\" \/>\n<script type=\"application\/ld+json\" class=\"yoast-schema-graph\">{\"@context\":\"https:\/\/schema.org\",\"@graph\":[{\"@type\":\"event\",\"@id\":\"https:\/\/instytutpolski.pl\/bucuresti\/2023\/10\/03\/despre-holocaust-in-cinematografia-poloneza\/\",\"url\":\"https:\/\/instytutpolski.pl\/bucuresti\/2023\/10\/03\/despre-holocaust-in-cinematografia-poloneza\/\",\"name\":\"Despre Holocaust \u00een cinematografia polonez\u0103\",\"isPartOf\":{\"@id\":\"https:\/\/instytutpolski.pl\/bucuresti\/#website\"},\"primaryImageOfPage\":{\"@id\":\"https:\/\/instytutpolski.pl\/bucuresti\/2023\/10\/03\/despre-holocaust-in-cinematografia-poloneza\/#primaryimage\"},\"image\":[\"https:\/\/instytutpolski.pl\/bucuresti\/wp-content\/uploads\/sites\/11\/2023\/10\/ostatni-etap-1.jpg\",\"https:\/\/instytutpolski.pl\/bucuresti\/wp-content\/uploads\/sites\/11\/2023\/10\/ostatni-etap-1-300x201.jpg\",\"https:\/\/instytutpolski.pl\/bucuresti\/wp-content\/uploads\/sites\/11\/2023\/10\/ostatni-etap-1-1024x687.jpg\",\"https:\/\/instytutpolski.pl\/bucuresti\/wp-content\/uploads\/sites\/11\/2023\/10\/ostatni-etap-1.jpg\"],\"thumbnailUrl\":\"https:\/\/instytutpolski.pl\/bucuresti\/wp-content\/uploads\/sites\/11\/2023\/10\/ostatni-etap-1.jpg\",\"datePublished\":\"2023-10-03T08:40:27+02:00\",\"dateModified\":\"2023-10-10T12:24:54+02:00\",\"author\":{\"@id\":\"https:\/\/instytutpolski.pl\/bucuresti\/#\/schema\/person\/36eba23bd65c4ed8774deeb285a19272\"},\"breadcrumb\":{\"@id\":\"https:\/\/instytutpolski.pl\/bucuresti\/2023\/10\/03\/despre-holocaust-in-cinematografia-poloneza\/#breadcrumb\"},\"inLanguage\":\"pl-PL\",\"potentialAction\":[{\"@type\":\"ReadAction\",\"target\":[\"https:\/\/instytutpolski.pl\/bucuresti\/2023\/10\/03\/despre-holocaust-in-cinematografia-poloneza\/\"]}],\"@context\":\"https:\/\/schema.org\",\"startDate\":\"2023-10-09\",\"endDate\":\"2023-10-09\",\"eventStatus\":\"EventScheduled\",\"eventAttendanceMode\":\"OfflineEventAttendanceMode\",\"location\":{\"@type\":\"place\",\"name\":\"\",\"address\":\"\",\"geo\":{\"@type\":\"GeoCoordinates\",\"latitude\":\"\",\"longitude\":\"\"}},\"description\":\"Filmat pe terenul fostului lag\u0103r de exterminare nazist german Auschwitz-Birkenau Birkenau \u0219i bazat pe experien\u021bele personale ale regizoarei, scenaristei \u0219i multor altor membri ai echipei, cu to\u021bii supravie\u021buitori ai lag\u0103rului, \u201eUltima etap\u0103\u201d a devenit un punct de referin\u021b\u0103 pentru toate filmele despre lag\u0103re de concentrare realizate ulterior \u0219i a pus numele regizoarei poloneze pe harta cinematografiei mondiale.\\n***\\nULTIMA ETAP\u0102 \/ Ostatni etap \/ The last stage\\nPolonia, 1947, 104 min., subtitrare \u00een limba rom\u00e2n\u0103\\nRegia: Wanda Jakubowska\\nPoloneza Helena este arestat\u0103 \u0219i trimis\u0103 \u00een lag\u0103rul de exterminare nazist german Auschwitz-Birkenau. \u00cens\u0103rcinat\u0103, ea na\u0219te \u00een spitalul din lag\u0103r. Medicii \u0219i asistentele, inclusiv prizonierele, \u00eencearc\u0103 s\u0103 salveze via\u021ba copilului ei. Cu toate acestea, un medic SS ucide copilul abia n\u0103scut. Este momentul \u00een care Helena se al\u0103tur\u0103 mi\u0219c\u0103rii de rezisten\u021b\u0103 a femeilor, condus\u0103 de medicul Eugenia din Uniunea Sovietic\u0103 \u0219i asistenta german\u0103 Anna. \u00cen cur\u00e2nd li se al\u0103tur\u0103 Marta, o evreic\u0103 poloneza venit\u0103 cu un transport de evrei condamna\u021bi la moarte \u00een camerele de gazare. Ea este singura supravie\u021buitoare, datorit\u0103 cuno\u0219tin\u021belor ei de limba german\u0103 fiind aleas\u0103 ca traduc\u0103toare pentru ofi\u021berii SS. \u00cen spatele activit\u0103\u021bii sale de interpret\u0103, Marta reu\u0219e\u0219te s\u0103 fac\u0103 un plan de evadare \u00eempreun\u0103 cu celelalte de\u021binute, \u00een a\u0219teptarea Armatei Ro\u0219ii.\\n***\\n&#x1f449; 9 octombrie, ora 19.30 - Institutul Goethe din Bucure\u0219ti, Calea Doroban\u021bi nr. 32\\n&#x1f3ab; Intrare liber\u0103\\n***\\nProiec\u021bie realizat\u0103 \u00een colaborare cu F-SIDES, primul cineclub din Rom\u00e2nia dedicat exclusiv filmelor realizate de femei \u0219i modurilor alternative de a privi \u0219i reprezenta feminit\u0103\u021bi \u00een cinematografie \u0219i societate.\\n***\\nhttps:\/\/www.youtube.com\/watch?v=VdWWbTWuCys\\n\u00a0\\n\u00a0\"},{\"@type\":\"ImageObject\",\"inLanguage\":\"pl-PL\",\"@id\":\"https:\/\/instytutpolski.pl\/bucuresti\/2023\/10\/03\/despre-holocaust-in-cinematografia-poloneza\/#primaryimage\",\"url\":\"https:\/\/instytutpolski.pl\/bucuresti\/wp-content\/uploads\/sites\/11\/2023\/10\/ostatni-etap-1.jpg\",\"contentUrl\":\"https:\/\/instytutpolski.pl\/bucuresti\/wp-content\/uploads\/sites\/11\/2023\/10\/ostatni-etap-1.jpg\",\"width\":1500,\"height\":1007,\"caption\":\"Morrisowna Janina;\"},{\"@type\":\"BreadcrumbList\",\"@id\":\"https:\/\/instytutpolski.pl\/bucuresti\/2023\/10\/03\/despre-holocaust-in-cinematografia-poloneza\/#breadcrumb\",\"itemListElement\":[{\"@type\":\"ListItem\",\"position\":1,\"name\":\"Home\",\"item\":\"https:\/\/instytutpolski.pl\/bucuresti\/\"},{\"@type\":\"ListItem\",\"position\":2,\"name\":\"Despre Holocaust \u00een cinematografia polonez\u0103\"}]},{\"@type\":\"WebSite\",\"@id\":\"https:\/\/instytutpolski.pl\/bucuresti\/#website\",\"url\":\"https:\/\/instytutpolski.pl\/bucuresti\/\",\"name\":\"Instytut Polski w Bukareszcie\",\"description\":\"Instytuty Polskie\",\"potentialAction\":[{\"@type\":\"SearchAction\",\"target\":{\"@type\":\"EntryPoint\",\"urlTemplate\":\"https:\/\/instytutpolski.pl\/bucuresti\/?s={search_term_string}\"},\"query-input\":{\"@type\":\"PropertyValueSpecification\",\"valueRequired\":true,\"valueName\":\"search_term_string\"}}],\"inLanguage\":\"pl-PL\"},{\"@type\":\"Person\",\"@id\":\"https:\/\/instytutpolski.pl\/bucuresti\/#\/schema\/person\/36eba23bd65c4ed8774deeb285a19272\",\"name\":\"mirelal\",\"image\":{\"@type\":\"ImageObject\",\"inLanguage\":\"pl-PL\",\"@id\":\"https:\/\/instytutpolski.pl\/bucuresti\/#\/schema\/person\/image\/\",\"url\":\"https:\/\/secure.gravatar.com\/avatar\/5838c7614d071fe473f8aeb2de72beb4?s=96&d=mm&r=g\",\"contentUrl\":\"https:\/\/secure.gravatar.com\/avatar\/5838c7614d071fe473f8aeb2de72beb4?s=96&d=mm&r=g\",\"caption\":\"mirelal\"},\"url\":\"https:\/\/instytutpolski.pl\/bucuresti\/author\/mirelal\/\"}]}<\/script>\n<!-- \/ Yoast SEO plugin. -->","yoast_head_json":{"title":"Despre Holocaust \u00een cinematografia polonez\u0103 - Instytut Polski w Bukareszcie","robots":{"index":"index","follow":"follow","max-snippet":"max-snippet:-1","max-image-preview":"max-image-preview:large","max-video-preview":"max-video-preview:-1"},"canonical":"https:\/\/instytutpolski.pl\/bucuresti\/2023\/10\/03\/despre-holocaust-in-cinematografia-poloneza\/","og_locale":"pl_PL","og_type":"article","og_title":"Despre Holocaust \u00een cinematografia polonez\u0103 - Instytut Polski w Bukareszcie","og_description":"Filmat pe terenul fostului lag\u0103r de exterminare nazist german Auschwitz-Birkenau Birkenau \u0219i bazat pe experien\u021bele personale ale regizoarei, scenaristei \u0219i multor altor membri ai echipei, cu to\u021bii supravie\u021buitori ai lag\u0103rului, \u201eUltima etap\u0103\u201d a devenit un punct de referin\u021b\u0103 pentru toate filmele despre lag\u0103re de concentrare realizate ulterior \u0219i a pus numele regizoarei poloneze pe harta [&hellip;]","og_url":"https:\/\/instytutpolski.pl\/bucuresti\/2023\/10\/03\/despre-holocaust-in-cinematografia-poloneza\/","og_site_name":"Instytut Polski w Bukareszcie","article_published_time":"2023-10-03T08:40:27+00:00","article_modified_time":"2023-10-10T12:24:54+00:00","og_image":[{"width":1500,"height":1007,"url":"https:\/\/instytutpolski.pl\/bucuresti\/wp-content\/uploads\/sites\/11\/2023\/10\/ostatni-etap-1.jpg","type":"image\/jpeg"}],"author":"mirelal","twitter_card":"summary_large_image","twitter_misc":{"Napisane przez":"mirelal","Szacowany czas czytania":"2 minuty"},"schema":{"@context":"https:\/\/schema.org","@graph":[{"@type":"event","@id":"https:\/\/instytutpolski.pl\/bucuresti\/2023\/10\/03\/despre-holocaust-in-cinematografia-poloneza\/","url":"https:\/\/instytutpolski.pl\/bucuresti\/2023\/10\/03\/despre-holocaust-in-cinematografia-poloneza\/","name":"Despre Holocaust \u00een cinematografia polonez\u0103","isPartOf":{"@id":"https:\/\/instytutpolski.pl\/bucuresti\/#website"},"primaryImageOfPage":{"@id":"https:\/\/instytutpolski.pl\/bucuresti\/2023\/10\/03\/despre-holocaust-in-cinematografia-poloneza\/#primaryimage"},"image":["https:\/\/instytutpolski.pl\/bucuresti\/wp-content\/uploads\/sites\/11\/2023\/10\/ostatni-etap-1.jpg","https:\/\/instytutpolski.pl\/bucuresti\/wp-content\/uploads\/sites\/11\/2023\/10\/ostatni-etap-1-300x201.jpg","https:\/\/instytutpolski.pl\/bucuresti\/wp-content\/uploads\/sites\/11\/2023\/10\/ostatni-etap-1-1024x687.jpg","https:\/\/instytutpolski.pl\/bucuresti\/wp-content\/uploads\/sites\/11\/2023\/10\/ostatni-etap-1.jpg"],"thumbnailUrl":"https:\/\/instytutpolski.pl\/bucuresti\/wp-content\/uploads\/sites\/11\/2023\/10\/ostatni-etap-1.jpg","datePublished":"2023-10-03T08:40:27+02:00","dateModified":"2023-10-10T12:24:54+02:00","author":{"@id":"https:\/\/instytutpolski.pl\/bucuresti\/#\/schema\/person\/36eba23bd65c4ed8774deeb285a19272"},"breadcrumb":{"@id":"https:\/\/instytutpolski.pl\/bucuresti\/2023\/10\/03\/despre-holocaust-in-cinematografia-poloneza\/#breadcrumb"},"inLanguage":"pl-PL","potentialAction":[{"@type":"ReadAction","target":["https:\/\/instytutpolski.pl\/bucuresti\/2023\/10\/03\/despre-holocaust-in-cinematografia-poloneza\/"]}],"@context":"https:\/\/schema.org","startDate":"2023-10-09","endDate":"2023-10-09","eventStatus":"EventScheduled","eventAttendanceMode":"OfflineEventAttendanceMode","location":{"@type":"place","name":"","address":"","geo":{"@type":"GeoCoordinates","latitude":"","longitude":""}},"description":"Filmat pe terenul fostului lag\u0103r de exterminare nazist german Auschwitz-Birkenau Birkenau \u0219i bazat pe experien\u021bele personale ale regizoarei, scenaristei \u0219i multor altor membri ai echipei, cu to\u021bii supravie\u021buitori ai lag\u0103rului, \u201eUltima etap\u0103\u201d a devenit un punct de referin\u021b\u0103 pentru toate filmele despre lag\u0103re de concentrare realizate ulterior \u0219i a pus numele regizoarei poloneze pe harta cinematografiei mondiale.\n***\nULTIMA ETAP\u0102 \/ Ostatni etap \/ The last stage\nPolonia, 1947, 104 min., subtitrare \u00een limba rom\u00e2n\u0103\nRegia: Wanda Jakubowska\nPoloneza Helena este arestat\u0103 \u0219i trimis\u0103 \u00een lag\u0103rul de exterminare nazist german Auschwitz-Birkenau. \u00cens\u0103rcinat\u0103, ea na\u0219te \u00een spitalul din lag\u0103r. Medicii \u0219i asistentele, inclusiv prizonierele, \u00eencearc\u0103 s\u0103 salveze via\u021ba copilului ei. Cu toate acestea, un medic SS ucide copilul abia n\u0103scut. Este momentul \u00een care Helena se al\u0103tur\u0103 mi\u0219c\u0103rii de rezisten\u021b\u0103 a femeilor, condus\u0103 de medicul Eugenia din Uniunea Sovietic\u0103 \u0219i asistenta german\u0103 Anna. \u00cen cur\u00e2nd li se al\u0103tur\u0103 Marta, o evreic\u0103 poloneza venit\u0103 cu un transport de evrei condamna\u021bi la moarte \u00een camerele de gazare. Ea este singura supravie\u021buitoare, datorit\u0103 cuno\u0219tin\u021belor ei de limba german\u0103 fiind aleas\u0103 ca traduc\u0103toare pentru ofi\u021berii SS. \u00cen spatele activit\u0103\u021bii sale de interpret\u0103, Marta reu\u0219e\u0219te s\u0103 fac\u0103 un plan de evadare \u00eempreun\u0103 cu celelalte de\u021binute, \u00een a\u0219teptarea Armatei Ro\u0219ii.\n***\n&#x1f449; 9 octombrie, ora 19.30 - Institutul Goethe din Bucure\u0219ti, Calea Doroban\u021bi nr. 32\n&#x1f3ab; Intrare liber\u0103\n***\nProiec\u021bie realizat\u0103 \u00een colaborare cu F-SIDES, primul cineclub din Rom\u00e2nia dedicat exclusiv filmelor realizate de femei \u0219i modurilor alternative de a privi \u0219i reprezenta feminit\u0103\u021bi \u00een cinematografie \u0219i societate.\n***\nhttps:\/\/www.youtube.com\/watch?v=VdWWbTWuCys\n\u00a0\n\u00a0"},{"@type":"ImageObject","inLanguage":"pl-PL","@id":"https:\/\/instytutpolski.pl\/bucuresti\/2023\/10\/03\/despre-holocaust-in-cinematografia-poloneza\/#primaryimage","url":"https:\/\/instytutpolski.pl\/bucuresti\/wp-content\/uploads\/sites\/11\/2023\/10\/ostatni-etap-1.jpg","contentUrl":"https:\/\/instytutpolski.pl\/bucuresti\/wp-content\/uploads\/sites\/11\/2023\/10\/ostatni-etap-1.jpg","width":1500,"height":1007,"caption":"Morrisowna Janina;"},{"@type":"BreadcrumbList","@id":"https:\/\/instytutpolski.pl\/bucuresti\/2023\/10\/03\/despre-holocaust-in-cinematografia-poloneza\/#breadcrumb","itemListElement":[{"@type":"ListItem","position":1,"name":"Home","item":"https:\/\/instytutpolski.pl\/bucuresti\/"},{"@type":"ListItem","position":2,"name":"Despre Holocaust \u00een cinematografia polonez\u0103"}]},{"@type":"WebSite","@id":"https:\/\/instytutpolski.pl\/bucuresti\/#website","url":"https:\/\/instytutpolski.pl\/bucuresti\/","name":"Instytut Polski w Bukareszcie","description":"Instytuty Polskie","potentialAction":[{"@type":"SearchAction","target":{"@type":"EntryPoint","urlTemplate":"https:\/\/instytutpolski.pl\/bucuresti\/?s={search_term_string}"},"query-input":{"@type":"PropertyValueSpecification","valueRequired":true,"valueName":"search_term_string"}}],"inLanguage":"pl-PL"},{"@type":"Person","@id":"https:\/\/instytutpolski.pl\/bucuresti\/#\/schema\/person\/36eba23bd65c4ed8774deeb285a19272","name":"mirelal","image":{"@type":"ImageObject","inLanguage":"pl-PL","@id":"https:\/\/instytutpolski.pl\/bucuresti\/#\/schema\/person\/image\/","url":"https:\/\/secure.gravatar.com\/avatar\/5838c7614d071fe473f8aeb2de72beb4?s=96&d=mm&r=g","contentUrl":"https:\/\/secure.gravatar.com\/avatar\/5838c7614d071fe473f8aeb2de72beb4?s=96&d=mm&r=g","caption":"mirelal"},"url":"https:\/\/instytutpolski.pl\/bucuresti\/author\/mirelal\/"}]}},"_links":{"self":[{"href":"https:\/\/instytutpolski.pl\/bucuresti\/wp-json\/wp\/v2\/posts\/10964","targetHints":{"allow":["GET"]}}],"collection":[{"href":"https:\/\/instytutpolski.pl\/bucuresti\/wp-json\/wp\/v2\/posts"}],"about":[{"href":"https:\/\/instytutpolski.pl\/bucuresti\/wp-json\/wp\/v2\/types\/post"}],"author":[{"embeddable":true,"href":"https:\/\/instytutpolski.pl\/bucuresti\/wp-json\/wp\/v2\/users\/41"}],"replies":[{"embeddable":true,"href":"https:\/\/instytutpolski.pl\/bucuresti\/wp-json\/wp\/v2\/comments?post=10964"}],"version-history":[{"count":8,"href":"https:\/\/instytutpolski.pl\/bucuresti\/wp-json\/wp\/v2\/posts\/10964\/revisions"}],"predecessor-version":[{"id":11018,"href":"https:\/\/instytutpolski.pl\/bucuresti\/wp-json\/wp\/v2\/posts\/10964\/revisions\/11018"}],"wp:featuredmedia":[{"embeddable":true,"href":"https:\/\/instytutpolski.pl\/bucuresti\/wp-json\/wp\/v2\/media\/10965"}],"wp:attachment":[{"href":"https:\/\/instytutpolski.pl\/bucuresti\/wp-json\/wp\/v2\/media?parent=10964"}],"wp:term":[{"taxonomy":"category","embeddable":true,"href":"https:\/\/instytutpolski.pl\/bucuresti\/wp-json\/wp\/v2\/categories?post=10964"},{"taxonomy":"post_tag","embeddable":true,"href":"https:\/\/instytutpolski.pl\/bucuresti\/wp-json\/wp\/v2\/tags?post=10964"}],"curies":[{"name":"wp","href":"https:\/\/api.w.org\/{rel}","templated":true}]}}