{"id":11118,"date":"2023-10-31T11:15:58","date_gmt":"2023-10-31T10:15:58","guid":{"rendered":"https:\/\/instytutpolski.pl\/bucuresti\/?p=11118"},"modified":"2023-12-04T09:12:16","modified_gmt":"2023-12-04T08:12:16","slug":"polski-jazz-w-baia-mare","status":"publish","type":"post","link":"https:\/\/instytutpolski.pl\/bucuresti\/pl\/2023\/10\/31\/polski-jazz-w-baia-mare\/","title":{"rendered":"Polski jazz w Baia Mare"},"content":{"rendered":"\n<p>Kontrabasista Micha\u0142 Bara\u0144ski to kreatywny i odwa\u017cny artysta wsp\u00f3\u0142czesnej polskiej sceny jazzowej. W swoim dorobku, czy to koncertowym, czy edukacyjnym, ma kilkadziesi\u0105t album\u00f3w, zrealizowanych u boku uznanych przedstawicieli z r\u00f3\u017cnyc, gatunk\u00f3w muzycznych. Wsp\u00f3\u0142pracowa\u0142 m.in. z Bennie Maupinem, Dayn\u0105 Stephens, Danem Tepferem, Tomaszem Sta\u0144ko, Micha\u0142em Urbaniakiem czy Zbigniewem Namys\u0142owskim. Od niedawna zg\u0142\u0119bia indyjsk\u0105 muzyk\u0119 karnatack\u0105, wykonuj\u0105c indyjsk\u0105 perkusj\u0119 wokaln\u0105 zwan\u0105 konnakol.<\/p>\n<p>Jako lider mazowieckiego projektu Mantra we wrze\u015bniu 2022 roku wyda\u0142 sw\u00f3j pierwszy album, b\u0119d\u0105cy nowatorskim po\u0142\u0105czeniem polskich i indyjskich element\u00f3w ludowych. P\u0142yta zosta\u0142a nagrana we wsp\u00f3\u0142pracy z czo\u0142owymi polskimi muzykami oraz izraelskim gitarzyst\u0105 Shacharem Elnatanem, kt\u00f3rego debiutancki album wyprodukowa\u0142 Avishai Cohen.<\/p>\n<p>Album otrzyma\u0142 nagrod\u0119 Fryderyk 2023 (polskie Grammy) w kategorii \u201eNajlepszy Jazzowy Album Roku\u201d oraz \u201eJazzowy Artysta Roku\u201d.<\/p>\n<p><strong>Koncert odb\u0119dzie si\u0119 w sobot\u0119 11 listopada o godzinie 19.00 w Sali Auditorium ATP Tech Center w Baia Mare (bd. Bucuresti nr 65).<\/strong><\/p>\n<p>&#x1f39f;&#xfe0f; Bilety &#x1f449; <a href=\"https:\/\/tiroll.ro\/events\/one-jazz-festival-2023-ziua-2-baia-mare\">tiroll.ro\/events\/one-jazz-festival-2023<\/a><\/p>\n<p>***<\/p>\n<p>Micha\u0142 Bara\u0144ski &#8211; kontrabas, gitara basowa, perkusja wokalna konnakol<\/p>\n<p>Shachar Elnatan &#8211; gitara, \u015bpiew<\/p>\n<p>Micha\u0142 Tokaj &#8211; fortepian, instrumenty klawiszowe<\/p>\n<p>\u0141ukasz \u017byta &#8211; perkusja<\/p>\n<p>https:\/\/www.youtube.com\/watch?v=FmbVXRouA-Y<\/p>\n","protected":false},"excerpt":{"rendered":"<p>Kontrabasista Micha\u0142 Bara\u0144ski to kreatywny i odwa\u017cny artysta wsp\u00f3\u0142czesnej polskiej sceny jazzowej. W swoim dorobku, czy to koncertowym, czy edukacyjnym, ma kilkadziesi\u0105t album\u00f3w, zrealizowanych u boku uznanych przedstawicieli z r\u00f3\u017cnyc, gatunk\u00f3w muzycznych. Wsp\u00f3\u0142pracowa\u0142 m.in. z Bennie Maupinem, Dayn\u0105 Stephens, Danem Tepferem, Tomaszem Sta\u0144ko, Micha\u0142em Urbaniakiem czy Zbigniewem Namys\u0142owskim. Od niedawna zg\u0142\u0119bia indyjsk\u0105 muzyk\u0119 karnatack\u0105, wykonuj\u0105c [&hellip;]<\/p>\n","protected":false},"author":41,"featured_media":11115,"comment_status":"open","ping_status":"open","sticky":false,"template":"","format":"standard","meta":{"inline_featured_image":false,"_monsterinsights_skip_tracking":false,"_monsterinsights_sitenote_active":false,"_monsterinsights_sitenote_note":"","_monsterinsights_sitenote_category":0,"footnotes":""},"categories":[125,96],"tags":[],"class_list":["post-11118","post","type-post","status-publish","format-standard","has-post-thumbnail","hentry","category-muzyka","category-wydarzenia"],"yoast_head":"<!-- This site is optimized with the Yoast SEO plugin v24.6 - https:\/\/yoast.com\/wordpress\/plugins\/seo\/ -->\n<title>Polski jazz w Baia Mare - Instytut Polski w Bukareszcie<\/title>\n<meta name=\"robots\" content=\"index, follow, max-snippet:-1, max-image-preview:large, max-video-preview:-1\" \/>\n<link rel=\"canonical\" href=\"https:\/\/instytutpolski.pl\/bucuresti\/pl\/2023\/10\/31\/polski-jazz-w-baia-mare\/\" \/>\n<meta property=\"og:locale\" content=\"pl_PL\" \/>\n<meta property=\"og:type\" content=\"article\" \/>\n<meta property=\"og:title\" content=\"Polski jazz w Baia Mare - Instytut Polski w Bukareszcie\" \/>\n<meta property=\"og:description\" content=\"Kontrabasista Micha\u0142 Bara\u0144ski to kreatywny i odwa\u017cny artysta wsp\u00f3\u0142czesnej polskiej sceny jazzowej. W swoim dorobku, czy to koncertowym, czy edukacyjnym, ma kilkadziesi\u0105t album\u00f3w, zrealizowanych u boku uznanych przedstawicieli z r\u00f3\u017cnyc, gatunk\u00f3w muzycznych. Wsp\u00f3\u0142pracowa\u0142 m.in. z Bennie Maupinem, Dayn\u0105 Stephens, Danem Tepferem, Tomaszem Sta\u0144ko, Micha\u0142em Urbaniakiem czy Zbigniewem Namys\u0142owskim. Od niedawna zg\u0142\u0119bia indyjsk\u0105 muzyk\u0119 karnatack\u0105, wykonuj\u0105c [&hellip;]\" \/>\n<meta property=\"og:url\" content=\"https:\/\/instytutpolski.pl\/bucuresti\/pl\/2023\/10\/31\/polski-jazz-w-baia-mare\/\" \/>\n<meta property=\"og:site_name\" content=\"Instytut Polski w Bukareszcie\" \/>\n<meta property=\"article:published_time\" content=\"2023-10-31T10:15:58+00:00\" \/>\n<meta property=\"article:modified_time\" content=\"2023-12-04T08:12:16+00:00\" \/>\n<meta property=\"og:image\" content=\"https:\/\/instytutpolski.pl\/bucuresti\/wp-content\/uploads\/sites\/11\/2023\/10\/2023-09-27-masovian-mantra-lp-polskienagrania-_1_-min.jpg\" \/>\n\t<meta property=\"og:image:width\" content=\"1920\" \/>\n\t<meta property=\"og:image:height\" content=\"1920\" \/>\n\t<meta property=\"og:image:type\" content=\"image\/jpeg\" \/>\n<meta name=\"author\" content=\"mirelal\" \/>\n<meta name=\"twitter:card\" content=\"summary_large_image\" \/>\n<meta name=\"twitter:label1\" content=\"Napisane przez\" \/>\n\t<meta name=\"twitter:data1\" content=\"mirelal\" \/>\n\t<meta name=\"twitter:label2\" content=\"Szacowany czas czytania\" \/>\n\t<meta name=\"twitter:data2\" content=\"2 minuty\" \/>\n<script type=\"application\/ld+json\" class=\"yoast-schema-graph\">{\"@context\":\"https:\/\/schema.org\",\"@graph\":[{\"@type\":\"event\",\"@id\":\"https:\/\/instytutpolski.pl\/bucuresti\/pl\/2023\/10\/31\/polski-jazz-w-baia-mare\/\",\"url\":\"https:\/\/instytutpolski.pl\/bucuresti\/pl\/2023\/10\/31\/polski-jazz-w-baia-mare\/\",\"name\":\"Polski jazz w Baia Mare\",\"isPartOf\":{\"@id\":\"https:\/\/instytutpolski.pl\/bucuresti\/#website\"},\"primaryImageOfPage\":{\"@id\":\"https:\/\/instytutpolski.pl\/bucuresti\/pl\/2023\/10\/31\/polski-jazz-w-baia-mare\/#primaryimage\"},\"image\":[\"https:\/\/instytutpolski.pl\/bucuresti\/wp-content\/uploads\/sites\/11\/2023\/10\/2023-09-27-masovian-mantra-lp-polskienagrania-_1_-min.jpg\",\"https:\/\/instytutpolski.pl\/bucuresti\/wp-content\/uploads\/sites\/11\/2023\/10\/2023-09-27-masovian-mantra-lp-polskienagrania-_1_-min-300x300.jpg\",\"https:\/\/instytutpolski.pl\/bucuresti\/wp-content\/uploads\/sites\/11\/2023\/10\/2023-09-27-masovian-mantra-lp-polskienagrania-_1_-min-1024x1024.jpg\",\"https:\/\/instytutpolski.pl\/bucuresti\/wp-content\/uploads\/sites\/11\/2023\/10\/2023-09-27-masovian-mantra-lp-polskienagrania-_1_-min.jpg\"],\"thumbnailUrl\":\"https:\/\/instytutpolski.pl\/bucuresti\/wp-content\/uploads\/sites\/11\/2023\/10\/2023-09-27-masovian-mantra-lp-polskienagrania-_1_-min.jpg\",\"datePublished\":\"2023-10-31T10:15:58+02:00\",\"dateModified\":\"2023-12-04T08:12:16+02:00\",\"author\":{\"@id\":\"https:\/\/instytutpolski.pl\/bucuresti\/#\/schema\/person\/36eba23bd65c4ed8774deeb285a19272\"},\"breadcrumb\":{\"@id\":\"https:\/\/instytutpolski.pl\/bucuresti\/pl\/2023\/10\/31\/polski-jazz-w-baia-mare\/#breadcrumb\"},\"inLanguage\":\"pl-PL\",\"potentialAction\":[{\"@type\":\"ReadAction\",\"target\":[\"https:\/\/instytutpolski.pl\/bucuresti\/pl\/2023\/10\/31\/polski-jazz-w-baia-mare\/\"]}],\"@context\":\"https:\/\/schema.org\",\"startDate\":\"2023-11-11\",\"endDate\":\"2023-11-11\",\"eventStatus\":\"EventScheduled\",\"eventAttendanceMode\":\"OfflineEventAttendanceMode\",\"location\":{\"@type\":\"place\",\"name\":\"\",\"address\":\"\",\"geo\":{\"@type\":\"GeoCoordinates\",\"latitude\":\"\",\"longitude\":\"\"}},\"description\":\"Kontrabasista Micha\u0142 Bara\u0144ski to kreatywny i odwa\u017cny artysta wsp\u00f3\u0142czesnej polskiej sceny jazzowej. W swoim dorobku, czy to koncertowym, czy edukacyjnym, ma kilkadziesi\u0105t album\u00f3w, zrealizowanych u boku uznanych przedstawicieli z r\u00f3\u017cnyc, gatunk\u00f3w muzycznych. Wsp\u00f3\u0142pracowa\u0142 m.in. z Bennie Maupinem, Dayn\u0105 Stephens, Danem Tepferem, Tomaszem Sta\u0144ko, Micha\u0142em Urbaniakiem czy Zbigniewem Namys\u0142owskim. Od niedawna zg\u0142\u0119bia indyjsk\u0105 muzyk\u0119 karnatack\u0105, wykonuj\u0105c indyjsk\u0105 perkusj\u0119 wokaln\u0105 zwan\u0105 konnakol.\\nJako lider mazowieckiego projektu Mantra we wrze\u015bniu 2022 roku wyda\u0142 sw\u00f3j pierwszy album, b\u0119d\u0105cy nowatorskim po\u0142\u0105czeniem polskich i indyjskich element\u00f3w ludowych. P\u0142yta zosta\u0142a nagrana we wsp\u00f3\u0142pracy z czo\u0142owymi polskimi muzykami oraz izraelskim gitarzyst\u0105 Shacharem Elnatanem, kt\u00f3rego debiutancki album wyprodukowa\u0142 Avishai Cohen.\\nAlbum otrzyma\u0142 nagrod\u0119 Fryderyk 2023 (polskie Grammy) w kategorii \u201eNajlepszy Jazzowy Album Roku\u201d oraz \u201eJazzowy Artysta Roku\u201d.\\nKoncert odb\u0119dzie si\u0119 w sobot\u0119 11 listopada o godzinie 19.00 w Sali Auditorium ATP Tech Center w Baia Mare (bd. Bucuresti nr 65).\\n&#x1f39f;&#xfe0f; Bilety &#x1f449; tiroll.ro\/events\/one-jazz-festival-2023\\n***\\nMicha\u0142 Bara\u0144ski - kontrabas, gitara basowa, perkusja wokalna konnakol\\nShachar Elnatan - gitara, \u015bpiew\\nMicha\u0142 Tokaj - fortepian, instrumenty klawiszowe\\n\u0141ukasz \u017byta - perkusja\\nhttps:\/\/www.youtube.com\/watch?v=FmbVXRouA-Y\"},{\"@type\":\"ImageObject\",\"inLanguage\":\"pl-PL\",\"@id\":\"https:\/\/instytutpolski.pl\/bucuresti\/pl\/2023\/10\/31\/polski-jazz-w-baia-mare\/#primaryimage\",\"url\":\"https:\/\/instytutpolski.pl\/bucuresti\/wp-content\/uploads\/sites\/11\/2023\/10\/2023-09-27-masovian-mantra-lp-polskienagrania-_1_-min.jpg\",\"contentUrl\":\"https:\/\/instytutpolski.pl\/bucuresti\/wp-content\/uploads\/sites\/11\/2023\/10\/2023-09-27-masovian-mantra-lp-polskienagrania-_1_-min.jpg\",\"width\":1920,\"height\":1920},{\"@type\":\"BreadcrumbList\",\"@id\":\"https:\/\/instytutpolski.pl\/bucuresti\/pl\/2023\/10\/31\/polski-jazz-w-baia-mare\/#breadcrumb\",\"itemListElement\":[{\"@type\":\"ListItem\",\"position\":1,\"name\":\"Home\",\"item\":\"https:\/\/instytutpolski.pl\/bucuresti\/\"},{\"@type\":\"ListItem\",\"position\":2,\"name\":\"Polski jazz w Baia Mare\"}]},{\"@type\":\"WebSite\",\"@id\":\"https:\/\/instytutpolski.pl\/bucuresti\/#website\",\"url\":\"https:\/\/instytutpolski.pl\/bucuresti\/\",\"name\":\"Instytut Polski w Bukareszcie\",\"description\":\"Instytuty Polskie\",\"potentialAction\":[{\"@type\":\"SearchAction\",\"target\":{\"@type\":\"EntryPoint\",\"urlTemplate\":\"https:\/\/instytutpolski.pl\/bucuresti\/?s={search_term_string}\"},\"query-input\":{\"@type\":\"PropertyValueSpecification\",\"valueRequired\":true,\"valueName\":\"search_term_string\"}}],\"inLanguage\":\"pl-PL\"},{\"@type\":\"Person\",\"@id\":\"https:\/\/instytutpolski.pl\/bucuresti\/#\/schema\/person\/36eba23bd65c4ed8774deeb285a19272\",\"name\":\"mirelal\",\"image\":{\"@type\":\"ImageObject\",\"inLanguage\":\"pl-PL\",\"@id\":\"https:\/\/instytutpolski.pl\/bucuresti\/#\/schema\/person\/image\/\",\"url\":\"https:\/\/secure.gravatar.com\/avatar\/5838c7614d071fe473f8aeb2de72beb4?s=96&d=mm&r=g\",\"contentUrl\":\"https:\/\/secure.gravatar.com\/avatar\/5838c7614d071fe473f8aeb2de72beb4?s=96&d=mm&r=g\",\"caption\":\"mirelal\"},\"url\":\"https:\/\/instytutpolski.pl\/bucuresti\/author\/mirelal\/\"}]}<\/script>\n<!-- \/ Yoast SEO plugin. -->","yoast_head_json":{"title":"Polski jazz w Baia Mare - Instytut Polski w Bukareszcie","robots":{"index":"index","follow":"follow","max-snippet":"max-snippet:-1","max-image-preview":"max-image-preview:large","max-video-preview":"max-video-preview:-1"},"canonical":"https:\/\/instytutpolski.pl\/bucuresti\/pl\/2023\/10\/31\/polski-jazz-w-baia-mare\/","og_locale":"pl_PL","og_type":"article","og_title":"Polski jazz w Baia Mare - Instytut Polski w Bukareszcie","og_description":"Kontrabasista Micha\u0142 Bara\u0144ski to kreatywny i odwa\u017cny artysta wsp\u00f3\u0142czesnej polskiej sceny jazzowej. W swoim dorobku, czy to koncertowym, czy edukacyjnym, ma kilkadziesi\u0105t album\u00f3w, zrealizowanych u boku uznanych przedstawicieli z r\u00f3\u017cnyc, gatunk\u00f3w muzycznych. Wsp\u00f3\u0142pracowa\u0142 m.in. z Bennie Maupinem, Dayn\u0105 Stephens, Danem Tepferem, Tomaszem Sta\u0144ko, Micha\u0142em Urbaniakiem czy Zbigniewem Namys\u0142owskim. Od niedawna zg\u0142\u0119bia indyjsk\u0105 muzyk\u0119 karnatack\u0105, wykonuj\u0105c [&hellip;]","og_url":"https:\/\/instytutpolski.pl\/bucuresti\/pl\/2023\/10\/31\/polski-jazz-w-baia-mare\/","og_site_name":"Instytut Polski w Bukareszcie","article_published_time":"2023-10-31T10:15:58+00:00","article_modified_time":"2023-12-04T08:12:16+00:00","og_image":[{"width":1920,"height":1920,"url":"https:\/\/instytutpolski.pl\/bucuresti\/wp-content\/uploads\/sites\/11\/2023\/10\/2023-09-27-masovian-mantra-lp-polskienagrania-_1_-min.jpg","type":"image\/jpeg"}],"author":"mirelal","twitter_card":"summary_large_image","twitter_misc":{"Napisane przez":"mirelal","Szacowany czas czytania":"2 minuty"},"schema":{"@context":"https:\/\/schema.org","@graph":[{"@type":"event","@id":"https:\/\/instytutpolski.pl\/bucuresti\/pl\/2023\/10\/31\/polski-jazz-w-baia-mare\/","url":"https:\/\/instytutpolski.pl\/bucuresti\/pl\/2023\/10\/31\/polski-jazz-w-baia-mare\/","name":"Polski jazz w Baia Mare","isPartOf":{"@id":"https:\/\/instytutpolski.pl\/bucuresti\/#website"},"primaryImageOfPage":{"@id":"https:\/\/instytutpolski.pl\/bucuresti\/pl\/2023\/10\/31\/polski-jazz-w-baia-mare\/#primaryimage"},"image":["https:\/\/instytutpolski.pl\/bucuresti\/wp-content\/uploads\/sites\/11\/2023\/10\/2023-09-27-masovian-mantra-lp-polskienagrania-_1_-min.jpg","https:\/\/instytutpolski.pl\/bucuresti\/wp-content\/uploads\/sites\/11\/2023\/10\/2023-09-27-masovian-mantra-lp-polskienagrania-_1_-min-300x300.jpg","https:\/\/instytutpolski.pl\/bucuresti\/wp-content\/uploads\/sites\/11\/2023\/10\/2023-09-27-masovian-mantra-lp-polskienagrania-_1_-min-1024x1024.jpg","https:\/\/instytutpolski.pl\/bucuresti\/wp-content\/uploads\/sites\/11\/2023\/10\/2023-09-27-masovian-mantra-lp-polskienagrania-_1_-min.jpg"],"thumbnailUrl":"https:\/\/instytutpolski.pl\/bucuresti\/wp-content\/uploads\/sites\/11\/2023\/10\/2023-09-27-masovian-mantra-lp-polskienagrania-_1_-min.jpg","datePublished":"2023-10-31T10:15:58+02:00","dateModified":"2023-12-04T08:12:16+02:00","author":{"@id":"https:\/\/instytutpolski.pl\/bucuresti\/#\/schema\/person\/36eba23bd65c4ed8774deeb285a19272"},"breadcrumb":{"@id":"https:\/\/instytutpolski.pl\/bucuresti\/pl\/2023\/10\/31\/polski-jazz-w-baia-mare\/#breadcrumb"},"inLanguage":"pl-PL","potentialAction":[{"@type":"ReadAction","target":["https:\/\/instytutpolski.pl\/bucuresti\/pl\/2023\/10\/31\/polski-jazz-w-baia-mare\/"]}],"@context":"https:\/\/schema.org","startDate":"2023-11-11","endDate":"2023-11-11","eventStatus":"EventScheduled","eventAttendanceMode":"OfflineEventAttendanceMode","location":{"@type":"place","name":"","address":"","geo":{"@type":"GeoCoordinates","latitude":"","longitude":""}},"description":"Kontrabasista Micha\u0142 Bara\u0144ski to kreatywny i odwa\u017cny artysta wsp\u00f3\u0142czesnej polskiej sceny jazzowej. W swoim dorobku, czy to koncertowym, czy edukacyjnym, ma kilkadziesi\u0105t album\u00f3w, zrealizowanych u boku uznanych przedstawicieli z r\u00f3\u017cnyc, gatunk\u00f3w muzycznych. Wsp\u00f3\u0142pracowa\u0142 m.in. z Bennie Maupinem, Dayn\u0105 Stephens, Danem Tepferem, Tomaszem Sta\u0144ko, Micha\u0142em Urbaniakiem czy Zbigniewem Namys\u0142owskim. Od niedawna zg\u0142\u0119bia indyjsk\u0105 muzyk\u0119 karnatack\u0105, wykonuj\u0105c indyjsk\u0105 perkusj\u0119 wokaln\u0105 zwan\u0105 konnakol.\nJako lider mazowieckiego projektu Mantra we wrze\u015bniu 2022 roku wyda\u0142 sw\u00f3j pierwszy album, b\u0119d\u0105cy nowatorskim po\u0142\u0105czeniem polskich i indyjskich element\u00f3w ludowych. P\u0142yta zosta\u0142a nagrana we wsp\u00f3\u0142pracy z czo\u0142owymi polskimi muzykami oraz izraelskim gitarzyst\u0105 Shacharem Elnatanem, kt\u00f3rego debiutancki album wyprodukowa\u0142 Avishai Cohen.\nAlbum otrzyma\u0142 nagrod\u0119 Fryderyk 2023 (polskie Grammy) w kategorii \u201eNajlepszy Jazzowy Album Roku\u201d oraz \u201eJazzowy Artysta Roku\u201d.\nKoncert odb\u0119dzie si\u0119 w sobot\u0119 11 listopada o godzinie 19.00 w Sali Auditorium ATP Tech Center w Baia Mare (bd. Bucuresti nr 65).\n&#x1f39f;&#xfe0f; Bilety &#x1f449; tiroll.ro\/events\/one-jazz-festival-2023\n***\nMicha\u0142 Bara\u0144ski - kontrabas, gitara basowa, perkusja wokalna konnakol\nShachar Elnatan - gitara, \u015bpiew\nMicha\u0142 Tokaj - fortepian, instrumenty klawiszowe\n\u0141ukasz \u017byta - perkusja\nhttps:\/\/www.youtube.com\/watch?v=FmbVXRouA-Y"},{"@type":"ImageObject","inLanguage":"pl-PL","@id":"https:\/\/instytutpolski.pl\/bucuresti\/pl\/2023\/10\/31\/polski-jazz-w-baia-mare\/#primaryimage","url":"https:\/\/instytutpolski.pl\/bucuresti\/wp-content\/uploads\/sites\/11\/2023\/10\/2023-09-27-masovian-mantra-lp-polskienagrania-_1_-min.jpg","contentUrl":"https:\/\/instytutpolski.pl\/bucuresti\/wp-content\/uploads\/sites\/11\/2023\/10\/2023-09-27-masovian-mantra-lp-polskienagrania-_1_-min.jpg","width":1920,"height":1920},{"@type":"BreadcrumbList","@id":"https:\/\/instytutpolski.pl\/bucuresti\/pl\/2023\/10\/31\/polski-jazz-w-baia-mare\/#breadcrumb","itemListElement":[{"@type":"ListItem","position":1,"name":"Home","item":"https:\/\/instytutpolski.pl\/bucuresti\/"},{"@type":"ListItem","position":2,"name":"Polski jazz w Baia Mare"}]},{"@type":"WebSite","@id":"https:\/\/instytutpolski.pl\/bucuresti\/#website","url":"https:\/\/instytutpolski.pl\/bucuresti\/","name":"Instytut Polski w Bukareszcie","description":"Instytuty Polskie","potentialAction":[{"@type":"SearchAction","target":{"@type":"EntryPoint","urlTemplate":"https:\/\/instytutpolski.pl\/bucuresti\/?s={search_term_string}"},"query-input":{"@type":"PropertyValueSpecification","valueRequired":true,"valueName":"search_term_string"}}],"inLanguage":"pl-PL"},{"@type":"Person","@id":"https:\/\/instytutpolski.pl\/bucuresti\/#\/schema\/person\/36eba23bd65c4ed8774deeb285a19272","name":"mirelal","image":{"@type":"ImageObject","inLanguage":"pl-PL","@id":"https:\/\/instytutpolski.pl\/bucuresti\/#\/schema\/person\/image\/","url":"https:\/\/secure.gravatar.com\/avatar\/5838c7614d071fe473f8aeb2de72beb4?s=96&d=mm&r=g","contentUrl":"https:\/\/secure.gravatar.com\/avatar\/5838c7614d071fe473f8aeb2de72beb4?s=96&d=mm&r=g","caption":"mirelal"},"url":"https:\/\/instytutpolski.pl\/bucuresti\/author\/mirelal\/"}]}},"_links":{"self":[{"href":"https:\/\/instytutpolski.pl\/bucuresti\/wp-json\/wp\/v2\/posts\/11118","targetHints":{"allow":["GET"]}}],"collection":[{"href":"https:\/\/instytutpolski.pl\/bucuresti\/wp-json\/wp\/v2\/posts"}],"about":[{"href":"https:\/\/instytutpolski.pl\/bucuresti\/wp-json\/wp\/v2\/types\/post"}],"author":[{"embeddable":true,"href":"https:\/\/instytutpolski.pl\/bucuresti\/wp-json\/wp\/v2\/users\/41"}],"replies":[{"embeddable":true,"href":"https:\/\/instytutpolski.pl\/bucuresti\/wp-json\/wp\/v2\/comments?post=11118"}],"version-history":[{"count":3,"href":"https:\/\/instytutpolski.pl\/bucuresti\/wp-json\/wp\/v2\/posts\/11118\/revisions"}],"predecessor-version":[{"id":11267,"href":"https:\/\/instytutpolski.pl\/bucuresti\/wp-json\/wp\/v2\/posts\/11118\/revisions\/11267"}],"wp:featuredmedia":[{"embeddable":true,"href":"https:\/\/instytutpolski.pl\/bucuresti\/wp-json\/wp\/v2\/media\/11115"}],"wp:attachment":[{"href":"https:\/\/instytutpolski.pl\/bucuresti\/wp-json\/wp\/v2\/media?parent=11118"}],"wp:term":[{"taxonomy":"category","embeddable":true,"href":"https:\/\/instytutpolski.pl\/bucuresti\/wp-json\/wp\/v2\/categories?post=11118"},{"taxonomy":"post_tag","embeddable":true,"href":"https:\/\/instytutpolski.pl\/bucuresti\/wp-json\/wp\/v2\/tags?post=11118"}],"curies":[{"name":"wp","href":"https:\/\/api.w.org\/{rel}","templated":true}]}}