{"id":11751,"date":"2024-03-04T15:20:39","date_gmt":"2024-03-04T14:20:39","guid":{"rendered":"https:\/\/instytutpolski.pl\/bucuresti\/?p=11751"},"modified":"2024-03-08T10:48:33","modified_gmt":"2024-03-08T09:48:33","slug":"sezonul-cultural-polonia-romania-2024-2025-vorbim-aceeasi-limba","status":"publish","type":"post","link":"https:\/\/instytutpolski.pl\/bucuresti\/2024\/03\/04\/sezonul-cultural-polonia-romania-2024-2025-vorbim-aceeasi-limba\/","title":{"rendered":"Sezonul Cultural Polonia-Rom\u00e2nia 2024-2025 &#8211; Vorbim aceea\u0219i limb\u0103"},"content":{"rendered":"\n<p style=\"text-align: justify\"><strong>17 luni de manifest\u0103ri artistice memorabile<\/strong><\/p>\n<p style=\"text-align: justify\">Preg\u0103tirea \u0219i realizarea programului Sezonului Cultural Polonia-Rom\u00e2nia 2024-2025 revin Ministerului polonez al Culturii \u0219i Patrimoniului Na\u021bional \u0219i Institutului \u201eAdam Mickiewicz\u201d, \u00een parteneriat cu Institutul Polonez din Bucure\u0219ti, precum \u0219i Ministerului Culturii \u0219i Institutului Cultural Rom\u00e2n, pentru partea rom\u00e2n\u0103.<\/p>\n<p style=\"text-align: justify\">\u00a0<\/p>\n<p style=\"text-align: justify\">Seria marilor evenimente rom\u00e2ne\u0219ti din cadrul sezonului va fi deschis\u0103 de expozi\u021bia \u201eNicolae<\/p>\n<p style=\"text-align: justify\">Grigorescu, pictor al ethosului rom\u00e2nesc\u201d. Lucr\u0103rile acestui remarcabil pictor rom\u00e2n modernist fac parte din colec\u021bia\u00a0 Muzeului Na\u021bional de Art\u0103 al Rom\u00e2niei din Bucure\u0219ti.<\/p>\n<p style=\"text-align: justify\">\u00a0<\/p>\n<p style=\"text-align: justify\">Sezonul polonez \u00een Rom\u00e2nia va fi inaugurat de vernisajul expozi\u021biei \u201eMun\u021bii Tatra. Wr\u00f3blewski, Kar\u0142owicz, Wycz\u00f3\u0142kowski\u201d la Muzeul Brukenthal din Sibiu. Preg\u0103tit\u0103 de Funda\u021bia A. Wr\u00f3blewski, expozi\u021bia cuprinde picturi, gravuri \u0219i fotografii inspirate de frumuse\u021bea peisajelor carpatice.<\/p>\n<p style=\"text-align: justify\">\u00a0<\/p>\n<p style=\"text-align: justify\">Unele dintre cele mai importante evenimente ale sezonului \u00een Polonia vor fi expozi\u021biile: \u201eDacia, regatul aurului \u0219i argintului\u201d, la Muzeul Na\u021bional din Cracovia, \u0219i \u201eComori \u0219i ritualuri \u00een Evul Mediu rom\u00e2nesc\u201d, la Muzeul Na\u021bional din Gda\u0144sk, ambele organizate de Muzeul Na\u021bional de Istorie a Rom\u00e2niei, precum \u0219i expozi\u021bia monografic\u0103 Iosif Kir\u00e1ly, care va fi prezentat\u0103 \u00een cadrul festivalului Fotofestiwal din \u0141\u00f3d\u017a \u0219i expozi\u021bia \u201eUn ochi r\u00e2de, altul pl\u00e2nge. Rom\u00e2nia \u00een secolul XX. Colec\u021bia de art\u0103 Ovidiu \u0218andor\u201d, o panoram\u0103 a artei secolului trecut, de la clasicii avangardi\u0219ti la cei mai importan\u021bi arti\u0219ti contemporani, care va fi prezentat\u0103 la Centrul Interna\u021bional pentru Cultur\u0103 din Cracovia.<\/p>\n<p style=\"text-align: justify\">\u00a0<\/p>\n<p style=\"text-align: justify\">Publicul rom\u00e2nesc va avea ocazia extraordinar\u0103 de a vedea la Muzeul Na\u021bional de Art\u0103 a Rom\u00e2niei din Bucure\u0219ti lucr\u0103ri apar\u021bin\u00e2nd lui Tadeusz Kantor, din colec\u021bia Muzeului de Art\u0103 Contemporan\u0103 din Cracovia (MOCAK); la Muzeul de Arte Vizuale din Cluj-Napoca &#8211; picturi de Wojciech Fangor, din colec\u021biile Muzeului Na\u021bional din Gda\u0144sk, sau la Palatul Culturii din Ia\u0219i \u2013 lucr\u0103ri ale pictorului Jerzy Nowosielski, din colec\u021biile Muzeului Na\u021bional din Cracovia.<\/p>\n<p style=\"text-align: justify\">\u00a0<\/p>\n<p style=\"text-align: justify\"><strong>Arte performative, film, literatur\u0103, muzic\u0103, design \u0219i nu numai<\/strong><\/p>\n<p style=\"text-align: justify\">Sezonul va aduce multe evenimente teatrale &#8211; arti\u0219ti polonezi \u0219i rom\u00e2ni vor participa la importante festivaluri de teatru \u00een ambele \u021b\u0103ri, precum Festivalul Interna\u021bional de Teatru de la Sibiu \u0219i Festivalul Prapremier din Bydgoszcz. Din programul celor mai mari evenimente cinematografice nu vor lipsi produc\u021bii poloneze \u0219i rom\u00e2ne\u0219ti, ca de ex. la Festivalul Interna\u021bional de Film Transilvania TIFF sau Festivalul Nowe Horyzonty din Wroc\u0142aw. Designul polonez ve putea fi descoperit \u00een cadrul Romanian Design Week, iar cel rom\u00e2nesc &#8211; la \u0141\u00f3d\u017a Design Festival. Iubitorii de muzic\u0103 vor avea \u0219i ei parte de surprize. Instrumenti\u0219ti polonezi \u0219i rom\u00e2ni vor sus\u021bine concerte la Festivalul \u201eGeorge Enescu\u201d, Toamna Var\u0219ovian\u0103, Festivalul de Jazz de la G\u0103r\u00e2na sau Festivalul Balkanik. Cititorii mai tineri \u0219i mai \u00een v\u00e2rst\u0103 vor fi invita\u021bi la evenimente literare la care vor participa autori polonezi \u0219i rom\u00e2ni \u2013 de ex. la Festivalul de Literatur\u0103 FILIT de la Ia\u0219i \u0219i la T\u00e2rgul Interna\u021bional de Carte de la Cracovia.<\/p>\n<p style=\"text-align: justify\">\u00a0<\/p>\n<p style=\"text-align: justify\">Sezonul devine o ocazie natural\u0103 pentru dezvoltarea de noi leg\u0103turi \u00eentre institu\u021biile de cultur\u0103 poloneze \u0219i rom\u00e2ne\u0219ti. Un rezultat vizibil al sezonului vor fi proiectele culturale realizate \u00eempreun\u0103 de arti\u0219ti din ambele \u021b\u0103ri, ca de ex. \u00een sfera dansului contemporan, la Teatrul Polonez de Dans din Pozna\u0144.<\/p>\n<p style=\"text-align: justify\">\u00a0<\/p>\n<p style=\"text-align: justify\"><strong>Vorbim aceea\u0219i limb\u0103<\/strong><\/p>\n<p style=\"text-align: justify\"><strong>\u00a0<\/strong><\/p>\n<p style=\"text-align: justify\">Identitatea vizual\u0103 a sezonului este rodul colabor\u0103rii dintre studen\u021bii departamentelor de design grafic de la Universitatea Na\u021bional\u0103 de Arte din Bucure\u0219ti (UNArte) \u0219i Academia de Arte Frumoase din Var\u0219ovia. Rezultatul muncii de mai multe luni a echipelor mixte de tineri graficieni, care au beneficiat de sprijinul profesorilor lor, este un logo inspirat de semnele diacritice caracteristice fiec\u0103rei limbi. Identitatea este completat\u0103 de sloganul \u201eVorbim aceea\u0219i limb\u0103\u201d, cu trimitere la limbajul culturii, care face posibil\u0103 cunoa\u0219terea \u0219i \u00een\u021belegerea profund\u0103 \u00eentre oameni, \u00eentr-o diversitate de forme, mijloace de exprimare \u0219i tradi\u021bii.<\/p>\n<p style=\"text-align: justify\">\u00a0<\/p>\n<p style=\"text-align: justify\"><strong>S\u0103rb\u0103toarea solidarit\u0103\u021bii polono-rom\u00e2ne<\/strong><\/p>\n<p style=\"text-align: justify\">\u00a0<\/p>\n<p style=\"text-align: justify\">Sezonul Cultural Polonia-Rom\u00e2nia 2024-2025 nu este anun\u021bat \u00eent\u00e2mpl\u0103tor la Var\u0219ovia \u0219i la<\/p>\n<p style=\"text-align: justify\">Bucure\u0219ti \u00een jurul datei de 3 martie. Printr-o decizie comun\u0103 a celor dou\u0103 \u021b\u0103ri, la aceast\u0103<\/p>\n<p style=\"text-align: justify\">dat\u0103 s\u0103rb\u0103torim Ziua Solidarit\u0103\u021bii Polono-Rom\u00e2ne, rememor\u00e2nd astfel semnarea primei alian\u021be de ap\u0103rare \u00een 1921. Documentul a pecetluit leg\u0103turile de prietenie care d\u0103inuiau \u00eentre cele dou\u0103 \u021b\u0103ri, dar \u0219i pe cele create la nivel personal, \u00eentre liderii lor &#8211; J\u00f3zef Pi\u0142sudski \u0219i familia regal\u0103 &#8211; regele Ferdinand I al Rom\u00e2niei \u0219i regina Maria.<\/p>\n<p style=\"text-align: justify\">\u00a0<\/p>\n<p style=\"text-align: justify\">O dovad\u0103 palpabil\u0103 a a acestor rela\u021bii a fost primirea de c\u0103tre rom\u00e2ni, \u00een septembrie 1939, a\u00a0 zeci de mii de refugia\u021bi polonezi, precum \u0219i ajutorul acordat \u00een ascunderea rezervelor de aur polonez \u0219i a tapiseriilor de la Castelul Wawel, care au fost ad\u0103postite \u00een Rom\u00e2nia.<\/p>\n<p style=\"text-align: justify\">\u00a0<\/p>\n<p style=\"text-align: justify\">Pe de alt\u0103 parte, polonezii au ar\u0103tat solidaritate rom\u00e2nilor afecta\u021bi de cutremurul devastator din 4 martie 1977, construind Spitalul \u201eMaria Sk\u0142odowska Curie\u201d, p\u00e2n\u0103 ast\u0103zi unul dintre cele mai importante spitale de pediatrie din \u021bar\u0103. Dou\u0103 decenii mai t\u00e2rziu, \u00een decembrie 1989, membri ai Sindicatului polonez \u201eSolidaritatea\u201d au organizat transporturi cu ajutoare pentru rom\u00e2ni.<\/p>\n<p style=\"text-align: justify\">\u00a0<\/p>\n<p style=\"text-align: justify\">Ast\u0103zi, Rom\u00e2nia \u0219i Polonia sunt membre ale UE, iar solidaritatea polono-rom\u00e2n\u0103 se manifest\u0103 sub diferite forme de cooperare, inclusiv \u00een domeniul securit\u0103\u021bii, \u00een cadrul NATO, juc\u00e2nd un rol cheie \u00een contextul invaziei ruse\u0219ti \u00een Ucraina.<\/p>\n<p style=\"text-align: justify\">\u00a0<\/p>\n<p style=\"text-align: justify\"><strong>Institutul Adam Mickiewicz<\/strong> este o institu\u021bie cultural\u0103 na\u021bional\u0103, \u00eenfiin\u021bat\u0103 \u00een anul 2000. Obiectivul Institutului &#8211; de a crea un interes de durat\u0103 pentru cultura polonez\u0103 \u00een \u00eentreaga lume \u2013 este realizat prin colaborarea cu parteneri str\u0103ini \u0219i prin realizarea de schimburi culturale interna\u021bionale \u00een dialog cu publicul, \u00een conformitate cu obiectivele politicii externe a Poloniei. P\u00e2n\u0103 \u00een anul 2023, Institutul a realizat proiecte \u00een peste 70 de \u021b\u0103ri de pe 6 continente. Institutul Adam Mickiewicz este organizat de Ministerul Culturii \u0219i Patrimoniului Na\u021bional. Proiectul emblemetic al Institutului este <strong>CULTURE.PL<\/strong> \u2013 o platform\u0103 cu informa\u021bii culturale despre cele mai interesante evenimente \u0219i fenomene din cultura polonez\u0103. Se g\u0103sesc aici articole \u0219i \u0219tiri \u00een trei limbi: polon\u0103, englez\u0103 \u0219i ucrainean\u0103.<\/p>\n","protected":false},"excerpt":{"rendered":"<p>17 luni de manifest\u0103ri artistice memorabile Preg\u0103tirea \u0219i realizarea programului Sezonului Cultural Polonia-Rom\u00e2nia 2024-2025 revin Ministerului polonez al Culturii \u0219i Patrimoniului Na\u021bional \u0219i Institutului \u201eAdam Mickiewicz\u201d, \u00een parteneriat cu Institutul Polonez din Bucure\u0219ti, precum \u0219i Ministerului Culturii \u0219i Institutului Cultural Rom\u00e2n, pentru partea rom\u00e2n\u0103. \u00a0 Seria marilor evenimente rom\u00e2ne\u0219ti din cadrul sezonului va fi deschis\u0103 [&hellip;]<\/p>\n","protected":false},"author":42,"featured_media":11741,"comment_status":"open","ping_status":"open","sticky":false,"template":"","format":"standard","meta":{"inline_featured_image":false,"_monsterinsights_skip_tracking":false,"_monsterinsights_sitenote_active":false,"_monsterinsights_sitenote_note":"","_monsterinsights_sitenote_category":0,"footnotes":""},"categories":[1,16,18,94,14,157,123,1107,140],"tags":[],"class_list":["post-11751","post","type-post","status-publish","format-standard","has-post-thumbnail","hentry","category-alte","category-arte-vizuale","category-cinema","category-evenimente","category-istorie","category-literatura","category-muzica","category-sezonul-pl-ro","category-teatru"],"yoast_head":"<!-- This site is optimized with the Yoast SEO plugin v24.6 - https:\/\/yoast.com\/wordpress\/plugins\/seo\/ -->\n<title>Sezonul Cultural Polonia-Rom\u00e2nia 2024-2025 - Vorbim aceea\u0219i limb\u0103 - Instytut Polski w Bukareszcie<\/title>\n<meta name=\"robots\" content=\"index, follow, max-snippet:-1, max-image-preview:large, max-video-preview:-1\" \/>\n<link rel=\"canonical\" href=\"https:\/\/instytutpolski.pl\/bucuresti\/2024\/03\/04\/sezonul-cultural-polonia-romania-2024-2025-vorbim-aceeasi-limba\/\" \/>\n<meta property=\"og:locale\" content=\"pl_PL\" \/>\n<meta property=\"og:type\" content=\"article\" \/>\n<meta property=\"og:title\" content=\"Sezonul Cultural Polonia-Rom\u00e2nia 2024-2025 - Vorbim aceea\u0219i limb\u0103 - Instytut Polski w Bukareszcie\" \/>\n<meta property=\"og:description\" content=\"17 luni de manifest\u0103ri artistice memorabile Preg\u0103tirea \u0219i realizarea programului Sezonului Cultural Polonia-Rom\u00e2nia 2024-2025 revin Ministerului polonez al Culturii \u0219i Patrimoniului Na\u021bional \u0219i Institutului \u201eAdam Mickiewicz\u201d, \u00een parteneriat cu Institutul Polonez din Bucure\u0219ti, precum \u0219i Ministerului Culturii \u0219i Institutului Cultural Rom\u00e2n, pentru partea rom\u00e2n\u0103. \u00a0 Seria marilor evenimente rom\u00e2ne\u0219ti din cadrul sezonului va fi deschis\u0103 [&hellip;]\" \/>\n<meta property=\"og:url\" content=\"https:\/\/instytutpolski.pl\/bucuresti\/2024\/03\/04\/sezonul-cultural-polonia-romania-2024-2025-vorbim-aceeasi-limba\/\" \/>\n<meta property=\"og:site_name\" content=\"Instytut Polski w Bukareszcie\" \/>\n<meta property=\"article:published_time\" content=\"2024-03-04T14:20:39+00:00\" \/>\n<meta property=\"article:modified_time\" content=\"2024-03-08T09:48:33+00:00\" \/>\n<meta property=\"og:image\" content=\"https:\/\/instytutpolski.pl\/bucuresti\/wp-content\/uploads\/sites\/11\/2024\/03\/PL-RO-Cultural-Season-Projection-banner.png\" \/>\n\t<meta property=\"og:image:width\" content=\"8000\" \/>\n\t<meta property=\"og:image:height\" content=\"4500\" \/>\n\t<meta property=\"og:image:type\" content=\"image\/png\" \/>\n<meta name=\"author\" content=\"rutkowskip\" \/>\n<meta name=\"twitter:card\" content=\"summary_large_image\" \/>\n<meta name=\"twitter:label1\" content=\"Napisane przez\" \/>\n\t<meta name=\"twitter:data1\" content=\"rutkowskip\" \/>\n\t<meta name=\"twitter:label2\" content=\"Szacowany czas czytania\" \/>\n\t<meta name=\"twitter:data2\" content=\"6 minut\" \/>\n<script type=\"application\/ld+json\" class=\"yoast-schema-graph\">{\"@context\":\"https:\/\/schema.org\",\"@graph\":[{\"@type\":\"event\",\"@id\":\"https:\/\/instytutpolski.pl\/bucuresti\/2024\/03\/04\/sezonul-cultural-polonia-romania-2024-2025-vorbim-aceeasi-limba\/\",\"url\":\"https:\/\/instytutpolski.pl\/bucuresti\/2024\/03\/04\/sezonul-cultural-polonia-romania-2024-2025-vorbim-aceeasi-limba\/\",\"name\":\"Sezonul Cultural Polonia-Rom\u00e2nia 2024-2025 - Vorbim aceea\u0219i limb\u0103\",\"isPartOf\":{\"@id\":\"https:\/\/instytutpolski.pl\/bucuresti\/#website\"},\"primaryImageOfPage\":{\"@id\":\"https:\/\/instytutpolski.pl\/bucuresti\/2024\/03\/04\/sezonul-cultural-polonia-romania-2024-2025-vorbim-aceeasi-limba\/#primaryimage\"},\"image\":[\"https:\/\/instytutpolski.pl\/bucuresti\/wp-content\/uploads\/sites\/11\/2024\/03\/PL-RO-Cultural-Season-Projection-banner.png\",\"https:\/\/instytutpolski.pl\/bucuresti\/wp-content\/uploads\/sites\/11\/2024\/03\/PL-RO-Cultural-Season-Projection-banner-300x169.png\",\"https:\/\/instytutpolski.pl\/bucuresti\/wp-content\/uploads\/sites\/11\/2024\/03\/PL-RO-Cultural-Season-Projection-banner-1024x576.png\",\"https:\/\/instytutpolski.pl\/bucuresti\/wp-content\/uploads\/sites\/11\/2024\/03\/PL-RO-Cultural-Season-Projection-banner.png\"],\"thumbnailUrl\":\"https:\/\/instytutpolski.pl\/bucuresti\/wp-content\/uploads\/sites\/11\/2024\/03\/PL-RO-Cultural-Season-Projection-banner.png\",\"datePublished\":\"2024-03-04T14:20:39+02:00\",\"dateModified\":\"2024-03-08T09:48:33+02:00\",\"author\":{\"@id\":\"https:\/\/instytutpolski.pl\/bucuresti\/#\/schema\/person\/980fdccff6ea3f1cab069becadecca5b\"},\"breadcrumb\":{\"@id\":\"https:\/\/instytutpolski.pl\/bucuresti\/2024\/03\/04\/sezonul-cultural-polonia-romania-2024-2025-vorbim-aceeasi-limba\/#breadcrumb\"},\"inLanguage\":\"pl-PL\",\"potentialAction\":[{\"@type\":\"ReadAction\",\"target\":[\"https:\/\/instytutpolski.pl\/bucuresti\/2024\/03\/04\/sezonul-cultural-polonia-romania-2024-2025-vorbim-aceeasi-limba\/\"]}],\"@context\":\"https:\/\/schema.org\",\"startDate\":\"2024-03-03\",\"endDate\":\"2024-10-31\",\"eventStatus\":\"EventScheduled\",\"eventAttendanceMode\":\"OfflineEventAttendanceMode\",\"location\":{\"@type\":\"place\",\"name\":\"\",\"address\":\"\",\"geo\":{\"@type\":\"GeoCoordinates\",\"latitude\":\"\",\"longitude\":\"\"}},\"description\":\"17 luni de manifest\u0103ri artistice memorabile\\nPreg\u0103tirea \u0219i realizarea programului Sezonului Cultural Polonia-Rom\u00e2nia 2024-2025 revin Ministerului polonez al Culturii \u0219i Patrimoniului Na\u021bional \u0219i Institutului \u201eAdam Mickiewicz\u201d, \u00een parteneriat cu Institutul Polonez din Bucure\u0219ti, precum \u0219i Ministerului Culturii \u0219i Institutului Cultural Rom\u00e2n, pentru partea rom\u00e2n\u0103.\\n\u00a0\\nSeria marilor evenimente rom\u00e2ne\u0219ti din cadrul sezonului va fi deschis\u0103 de expozi\u021bia \u201eNicolae\\nGrigorescu, pictor al ethosului rom\u00e2nesc\u201d. Lucr\u0103rile acestui remarcabil pictor rom\u00e2n modernist fac parte din colec\u021bia\u00a0 Muzeului Na\u021bional de Art\u0103 al Rom\u00e2niei din Bucure\u0219ti.\\n\u00a0\\nSezonul polonez \u00een Rom\u00e2nia va fi inaugurat de vernisajul expozi\u021biei \u201eMun\u021bii Tatra. Wr\u00f3blewski, Kar\u0142owicz, Wycz\u00f3\u0142kowski\u201d la Muzeul Brukenthal din Sibiu. Preg\u0103tit\u0103 de Funda\u021bia A. Wr\u00f3blewski, expozi\u021bia cuprinde picturi, gravuri \u0219i fotografii inspirate de frumuse\u021bea peisajelor carpatice.\\n\u00a0\\nUnele dintre cele mai importante evenimente ale sezonului \u00een Polonia vor fi expozi\u021biile: \u201eDacia, regatul aurului \u0219i argintului\u201d, la Muzeul Na\u021bional din Cracovia, \u0219i \u201eComori \u0219i ritualuri \u00een Evul Mediu rom\u00e2nesc\u201d, la Muzeul Na\u021bional din Gda\u0144sk, ambele organizate de Muzeul Na\u021bional de Istorie a Rom\u00e2niei, precum \u0219i expozi\u021bia monografic\u0103 Iosif Kir\u00e1ly, care va fi prezentat\u0103 \u00een cadrul festivalului Fotofestiwal din \u0141\u00f3d\u017a \u0219i expozi\u021bia \u201eUn ochi r\u00e2de, altul pl\u00e2nge. Rom\u00e2nia \u00een secolul XX. Colec\u021bia de art\u0103 Ovidiu \u0218andor\u201d, o panoram\u0103 a artei secolului trecut, de la clasicii avangardi\u0219ti la cei mai importan\u021bi arti\u0219ti contemporani, care va fi prezentat\u0103 la Centrul Interna\u021bional pentru Cultur\u0103 din Cracovia.\\n\u00a0\\nPublicul rom\u00e2nesc va avea ocazia extraordinar\u0103 de a vedea la Muzeul Na\u021bional de Art\u0103 a Rom\u00e2niei din Bucure\u0219ti lucr\u0103ri apar\u021bin\u00e2nd lui Tadeusz Kantor, din colec\u021bia Muzeului de Art\u0103 Contemporan\u0103 din Cracovia (MOCAK); la Muzeul de Arte Vizuale din Cluj-Napoca - picturi de Wojciech Fangor, din colec\u021biile Muzeului Na\u021bional din Gda\u0144sk, sau la Palatul Culturii din Ia\u0219i \u2013 lucr\u0103ri ale pictorului Jerzy Nowosielski, din colec\u021biile Muzeului Na\u021bional din Cracovia.\\n\u00a0\\nArte performative, film, literatur\u0103, muzic\u0103, design \u0219i nu numai\\nSezonul va aduce multe evenimente teatrale - arti\u0219ti polonezi \u0219i rom\u00e2ni vor participa la importante festivaluri de teatru \u00een ambele \u021b\u0103ri, precum Festivalul Interna\u021bional de Teatru de la Sibiu \u0219i Festivalul Prapremier din Bydgoszcz. Din programul celor mai mari evenimente cinematografice nu vor lipsi produc\u021bii poloneze \u0219i rom\u00e2ne\u0219ti, ca de ex. la Festivalul Interna\u021bional de Film Transilvania TIFF sau Festivalul Nowe Horyzonty din Wroc\u0142aw. Designul polonez ve putea fi descoperit \u00een cadrul Romanian Design Week, iar cel rom\u00e2nesc - la \u0141\u00f3d\u017a Design Festival. Iubitorii de muzic\u0103 vor avea \u0219i ei parte de surprize. Instrumenti\u0219ti polonezi \u0219i rom\u00e2ni vor sus\u021bine concerte la Festivalul \u201eGeorge Enescu\u201d, Toamna Var\u0219ovian\u0103, Festivalul de Jazz de la G\u0103r\u00e2na sau Festivalul Balkanik. Cititorii mai tineri \u0219i mai \u00een v\u00e2rst\u0103 vor fi invita\u021bi la evenimente literare la care vor participa autori polonezi \u0219i rom\u00e2ni \u2013 de ex. la Festivalul de Literatur\u0103 FILIT de la Ia\u0219i \u0219i la T\u00e2rgul Interna\u021bional de Carte de la Cracovia.\\n\u00a0\\nSezonul devine o ocazie natural\u0103 pentru dezvoltarea de noi leg\u0103turi \u00eentre institu\u021biile de cultur\u0103 poloneze \u0219i rom\u00e2ne\u0219ti. Un rezultat vizibil al sezonului vor fi proiectele culturale realizate \u00eempreun\u0103 de arti\u0219ti din ambele \u021b\u0103ri, ca de ex. \u00een sfera dansului contemporan, la Teatrul Polonez de Dans din Pozna\u0144.\\n\u00a0\\nVorbim aceea\u0219i limb\u0103\\n\u00a0\\nIdentitatea vizual\u0103 a sezonului este rodul colabor\u0103rii dintre studen\u021bii departamentelor de design grafic de la Universitatea Na\u021bional\u0103 de Arte din Bucure\u0219ti (UNArte) \u0219i Academia de Arte Frumoase din Var\u0219ovia. Rezultatul muncii de mai multe luni a echipelor mixte de tineri graficieni, care au beneficiat de sprijinul profesorilor lor, este un logo inspirat de semnele diacritice caracteristice fiec\u0103rei limbi. Identitatea este completat\u0103 de sloganul \u201eVorbim aceea\u0219i limb\u0103\u201d, cu trimitere la limbajul culturii, care face posibil\u0103 cunoa\u0219terea \u0219i \u00een\u021belegerea profund\u0103 \u00eentre oameni, \u00eentr-o diversitate de forme, mijloace de exprimare \u0219i tradi\u021bii.\\n\u00a0\\nS\u0103rb\u0103toarea solidarit\u0103\u021bii polono-rom\u00e2ne\\n\u00a0\\nSezonul Cultural Polonia-Rom\u00e2nia 2024-2025 nu este anun\u021bat \u00eent\u00e2mpl\u0103tor la Var\u0219ovia \u0219i la\\nBucure\u0219ti \u00een jurul datei de 3 martie. Printr-o decizie comun\u0103 a celor dou\u0103 \u021b\u0103ri, la aceast\u0103\\ndat\u0103 s\u0103rb\u0103torim Ziua Solidarit\u0103\u021bii Polono-Rom\u00e2ne, rememor\u00e2nd astfel semnarea primei alian\u021be de ap\u0103rare \u00een 1921. Documentul a pecetluit leg\u0103turile de prietenie care d\u0103inuiau \u00eentre cele dou\u0103 \u021b\u0103ri, dar \u0219i pe cele create la nivel personal, \u00eentre liderii lor - J\u00f3zef Pi\u0142sudski \u0219i familia regal\u0103 - regele Ferdinand I al Rom\u00e2niei \u0219i regina Maria.\\n\u00a0\\nO dovad\u0103 palpabil\u0103 a a acestor rela\u021bii a fost primirea de c\u0103tre rom\u00e2ni, \u00een septembrie 1939, a\u00a0 zeci de mii de refugia\u021bi polonezi, precum \u0219i ajutorul acordat \u00een ascunderea rezervelor de aur polonez \u0219i a tapiseriilor de la Castelul Wawel, care au fost ad\u0103postite \u00een Rom\u00e2nia.\\n\u00a0\\nPe de alt\u0103 parte, polonezii au ar\u0103tat solidaritate rom\u00e2nilor afecta\u021bi de cutremurul devastator din 4 martie 1977, construind Spitalul \u201eMaria Sk\u0142odowska Curie\u201d, p\u00e2n\u0103 ast\u0103zi unul dintre cele mai importante spitale de pediatrie din \u021bar\u0103. Dou\u0103 decenii mai t\u00e2rziu, \u00een decembrie 1989, membri ai Sindicatului polonez \u201eSolidaritatea\u201d au organizat transporturi cu ajutoare pentru rom\u00e2ni.\\n\u00a0\\nAst\u0103zi, Rom\u00e2nia \u0219i Polonia sunt membre ale UE, iar solidaritatea polono-rom\u00e2n\u0103 se manifest\u0103 sub diferite forme de cooperare, inclusiv \u00een domeniul securit\u0103\u021bii, \u00een cadrul NATO, juc\u00e2nd un rol cheie \u00een contextul invaziei ruse\u0219ti \u00een Ucraina.\\n\u00a0\\nInstitutul Adam Mickiewicz este o institu\u021bie cultural\u0103 na\u021bional\u0103, \u00eenfiin\u021bat\u0103 \u00een anul 2000. Obiectivul Institutului - de a crea un interes de durat\u0103 pentru cultura polonez\u0103 \u00een \u00eentreaga lume \u2013 este realizat prin colaborarea cu parteneri str\u0103ini \u0219i prin realizarea de schimburi culturale interna\u021bionale \u00een dialog cu publicul, \u00een conformitate cu obiectivele politicii externe a Poloniei. P\u00e2n\u0103 \u00een anul 2023, Institutul a realizat proiecte \u00een peste 70 de \u021b\u0103ri de pe 6 continente. Institutul Adam Mickiewicz este organizat de Ministerul Culturii \u0219i Patrimoniului Na\u021bional. Proiectul emblemetic al Institutului este CULTURE.PL \u2013 o platform\u0103 cu informa\u021bii culturale despre cele mai interesante evenimente \u0219i fenomene din cultura polonez\u0103. Se g\u0103sesc aici articole \u0219i \u0219tiri \u00een trei limbi: polon\u0103, englez\u0103 \u0219i ucrainean\u0103.\"},{\"@type\":\"ImageObject\",\"inLanguage\":\"pl-PL\",\"@id\":\"https:\/\/instytutpolski.pl\/bucuresti\/2024\/03\/04\/sezonul-cultural-polonia-romania-2024-2025-vorbim-aceeasi-limba\/#primaryimage\",\"url\":\"https:\/\/instytutpolski.pl\/bucuresti\/wp-content\/uploads\/sites\/11\/2024\/03\/PL-RO-Cultural-Season-Projection-banner.png\",\"contentUrl\":\"https:\/\/instytutpolski.pl\/bucuresti\/wp-content\/uploads\/sites\/11\/2024\/03\/PL-RO-Cultural-Season-Projection-banner.png\",\"width\":8000,\"height\":4500},{\"@type\":\"BreadcrumbList\",\"@id\":\"https:\/\/instytutpolski.pl\/bucuresti\/2024\/03\/04\/sezonul-cultural-polonia-romania-2024-2025-vorbim-aceeasi-limba\/#breadcrumb\",\"itemListElement\":[{\"@type\":\"ListItem\",\"position\":1,\"name\":\"Home\",\"item\":\"https:\/\/instytutpolski.pl\/bucuresti\/\"},{\"@type\":\"ListItem\",\"position\":2,\"name\":\"Sezonul Cultural Polonia-Rom\u00e2nia 2024-2025 &#8211; Vorbim aceea\u0219i limb\u0103\"}]},{\"@type\":\"WebSite\",\"@id\":\"https:\/\/instytutpolski.pl\/bucuresti\/#website\",\"url\":\"https:\/\/instytutpolski.pl\/bucuresti\/\",\"name\":\"Instytut Polski w Bukareszcie\",\"description\":\"Instytuty Polskie\",\"potentialAction\":[{\"@type\":\"SearchAction\",\"target\":{\"@type\":\"EntryPoint\",\"urlTemplate\":\"https:\/\/instytutpolski.pl\/bucuresti\/?s={search_term_string}\"},\"query-input\":{\"@type\":\"PropertyValueSpecification\",\"valueRequired\":true,\"valueName\":\"search_term_string\"}}],\"inLanguage\":\"pl-PL\"},{\"@type\":\"Person\",\"@id\":\"https:\/\/instytutpolski.pl\/bucuresti\/#\/schema\/person\/980fdccff6ea3f1cab069becadecca5b\",\"name\":\"rutkowskip\",\"image\":{\"@type\":\"ImageObject\",\"inLanguage\":\"pl-PL\",\"@id\":\"https:\/\/instytutpolski.pl\/bucuresti\/#\/schema\/person\/image\/\",\"url\":\"https:\/\/secure.gravatar.com\/avatar\/a44cb0329dc71f58530e0890a10f5e4d?s=96&d=mm&r=g\",\"contentUrl\":\"https:\/\/secure.gravatar.com\/avatar\/a44cb0329dc71f58530e0890a10f5e4d?s=96&d=mm&r=g\",\"caption\":\"rutkowskip\"},\"url\":\"https:\/\/instytutpolski.pl\/bucuresti\/author\/rutkowskip\/\"}]}<\/script>\n<!-- \/ Yoast SEO plugin. -->","yoast_head_json":{"title":"Sezonul Cultural Polonia-Rom\u00e2nia 2024-2025 - Vorbim aceea\u0219i limb\u0103 - Instytut Polski w Bukareszcie","robots":{"index":"index","follow":"follow","max-snippet":"max-snippet:-1","max-image-preview":"max-image-preview:large","max-video-preview":"max-video-preview:-1"},"canonical":"https:\/\/instytutpolski.pl\/bucuresti\/2024\/03\/04\/sezonul-cultural-polonia-romania-2024-2025-vorbim-aceeasi-limba\/","og_locale":"pl_PL","og_type":"article","og_title":"Sezonul Cultural Polonia-Rom\u00e2nia 2024-2025 - Vorbim aceea\u0219i limb\u0103 - Instytut Polski w Bukareszcie","og_description":"17 luni de manifest\u0103ri artistice memorabile Preg\u0103tirea \u0219i realizarea programului Sezonului Cultural Polonia-Rom\u00e2nia 2024-2025 revin Ministerului polonez al Culturii \u0219i Patrimoniului Na\u021bional \u0219i Institutului \u201eAdam Mickiewicz\u201d, \u00een parteneriat cu Institutul Polonez din Bucure\u0219ti, precum \u0219i Ministerului Culturii \u0219i Institutului Cultural Rom\u00e2n, pentru partea rom\u00e2n\u0103. \u00a0 Seria marilor evenimente rom\u00e2ne\u0219ti din cadrul sezonului va fi deschis\u0103 [&hellip;]","og_url":"https:\/\/instytutpolski.pl\/bucuresti\/2024\/03\/04\/sezonul-cultural-polonia-romania-2024-2025-vorbim-aceeasi-limba\/","og_site_name":"Instytut Polski w Bukareszcie","article_published_time":"2024-03-04T14:20:39+00:00","article_modified_time":"2024-03-08T09:48:33+00:00","og_image":[{"width":8000,"height":4500,"url":"https:\/\/instytutpolski.pl\/bucuresti\/wp-content\/uploads\/sites\/11\/2024\/03\/PL-RO-Cultural-Season-Projection-banner.png","type":"image\/png"}],"author":"rutkowskip","twitter_card":"summary_large_image","twitter_misc":{"Napisane przez":"rutkowskip","Szacowany czas czytania":"6 minut"},"schema":{"@context":"https:\/\/schema.org","@graph":[{"@type":"event","@id":"https:\/\/instytutpolski.pl\/bucuresti\/2024\/03\/04\/sezonul-cultural-polonia-romania-2024-2025-vorbim-aceeasi-limba\/","url":"https:\/\/instytutpolski.pl\/bucuresti\/2024\/03\/04\/sezonul-cultural-polonia-romania-2024-2025-vorbim-aceeasi-limba\/","name":"Sezonul Cultural Polonia-Rom\u00e2nia 2024-2025 - Vorbim aceea\u0219i limb\u0103","isPartOf":{"@id":"https:\/\/instytutpolski.pl\/bucuresti\/#website"},"primaryImageOfPage":{"@id":"https:\/\/instytutpolski.pl\/bucuresti\/2024\/03\/04\/sezonul-cultural-polonia-romania-2024-2025-vorbim-aceeasi-limba\/#primaryimage"},"image":["https:\/\/instytutpolski.pl\/bucuresti\/wp-content\/uploads\/sites\/11\/2024\/03\/PL-RO-Cultural-Season-Projection-banner.png","https:\/\/instytutpolski.pl\/bucuresti\/wp-content\/uploads\/sites\/11\/2024\/03\/PL-RO-Cultural-Season-Projection-banner-300x169.png","https:\/\/instytutpolski.pl\/bucuresti\/wp-content\/uploads\/sites\/11\/2024\/03\/PL-RO-Cultural-Season-Projection-banner-1024x576.png","https:\/\/instytutpolski.pl\/bucuresti\/wp-content\/uploads\/sites\/11\/2024\/03\/PL-RO-Cultural-Season-Projection-banner.png"],"thumbnailUrl":"https:\/\/instytutpolski.pl\/bucuresti\/wp-content\/uploads\/sites\/11\/2024\/03\/PL-RO-Cultural-Season-Projection-banner.png","datePublished":"2024-03-04T14:20:39+02:00","dateModified":"2024-03-08T09:48:33+02:00","author":{"@id":"https:\/\/instytutpolski.pl\/bucuresti\/#\/schema\/person\/980fdccff6ea3f1cab069becadecca5b"},"breadcrumb":{"@id":"https:\/\/instytutpolski.pl\/bucuresti\/2024\/03\/04\/sezonul-cultural-polonia-romania-2024-2025-vorbim-aceeasi-limba\/#breadcrumb"},"inLanguage":"pl-PL","potentialAction":[{"@type":"ReadAction","target":["https:\/\/instytutpolski.pl\/bucuresti\/2024\/03\/04\/sezonul-cultural-polonia-romania-2024-2025-vorbim-aceeasi-limba\/"]}],"@context":"https:\/\/schema.org","startDate":"2024-03-03","endDate":"2024-10-31","eventStatus":"EventScheduled","eventAttendanceMode":"OfflineEventAttendanceMode","location":{"@type":"place","name":"","address":"","geo":{"@type":"GeoCoordinates","latitude":"","longitude":""}},"description":"17 luni de manifest\u0103ri artistice memorabile\nPreg\u0103tirea \u0219i realizarea programului Sezonului Cultural Polonia-Rom\u00e2nia 2024-2025 revin Ministerului polonez al Culturii \u0219i Patrimoniului Na\u021bional \u0219i Institutului \u201eAdam Mickiewicz\u201d, \u00een parteneriat cu Institutul Polonez din Bucure\u0219ti, precum \u0219i Ministerului Culturii \u0219i Institutului Cultural Rom\u00e2n, pentru partea rom\u00e2n\u0103.\n\u00a0\nSeria marilor evenimente rom\u00e2ne\u0219ti din cadrul sezonului va fi deschis\u0103 de expozi\u021bia \u201eNicolae\nGrigorescu, pictor al ethosului rom\u00e2nesc\u201d. Lucr\u0103rile acestui remarcabil pictor rom\u00e2n modernist fac parte din colec\u021bia\u00a0 Muzeului Na\u021bional de Art\u0103 al Rom\u00e2niei din Bucure\u0219ti.\n\u00a0\nSezonul polonez \u00een Rom\u00e2nia va fi inaugurat de vernisajul expozi\u021biei \u201eMun\u021bii Tatra. Wr\u00f3blewski, Kar\u0142owicz, Wycz\u00f3\u0142kowski\u201d la Muzeul Brukenthal din Sibiu. Preg\u0103tit\u0103 de Funda\u021bia A. Wr\u00f3blewski, expozi\u021bia cuprinde picturi, gravuri \u0219i fotografii inspirate de frumuse\u021bea peisajelor carpatice.\n\u00a0\nUnele dintre cele mai importante evenimente ale sezonului \u00een Polonia vor fi expozi\u021biile: \u201eDacia, regatul aurului \u0219i argintului\u201d, la Muzeul Na\u021bional din Cracovia, \u0219i \u201eComori \u0219i ritualuri \u00een Evul Mediu rom\u00e2nesc\u201d, la Muzeul Na\u021bional din Gda\u0144sk, ambele organizate de Muzeul Na\u021bional de Istorie a Rom\u00e2niei, precum \u0219i expozi\u021bia monografic\u0103 Iosif Kir\u00e1ly, care va fi prezentat\u0103 \u00een cadrul festivalului Fotofestiwal din \u0141\u00f3d\u017a \u0219i expozi\u021bia \u201eUn ochi r\u00e2de, altul pl\u00e2nge. Rom\u00e2nia \u00een secolul XX. Colec\u021bia de art\u0103 Ovidiu \u0218andor\u201d, o panoram\u0103 a artei secolului trecut, de la clasicii avangardi\u0219ti la cei mai importan\u021bi arti\u0219ti contemporani, care va fi prezentat\u0103 la Centrul Interna\u021bional pentru Cultur\u0103 din Cracovia.\n\u00a0\nPublicul rom\u00e2nesc va avea ocazia extraordinar\u0103 de a vedea la Muzeul Na\u021bional de Art\u0103 a Rom\u00e2niei din Bucure\u0219ti lucr\u0103ri apar\u021bin\u00e2nd lui Tadeusz Kantor, din colec\u021bia Muzeului de Art\u0103 Contemporan\u0103 din Cracovia (MOCAK); la Muzeul de Arte Vizuale din Cluj-Napoca - picturi de Wojciech Fangor, din colec\u021biile Muzeului Na\u021bional din Gda\u0144sk, sau la Palatul Culturii din Ia\u0219i \u2013 lucr\u0103ri ale pictorului Jerzy Nowosielski, din colec\u021biile Muzeului Na\u021bional din Cracovia.\n\u00a0\nArte performative, film, literatur\u0103, muzic\u0103, design \u0219i nu numai\nSezonul va aduce multe evenimente teatrale - arti\u0219ti polonezi \u0219i rom\u00e2ni vor participa la importante festivaluri de teatru \u00een ambele \u021b\u0103ri, precum Festivalul Interna\u021bional de Teatru de la Sibiu \u0219i Festivalul Prapremier din Bydgoszcz. Din programul celor mai mari evenimente cinematografice nu vor lipsi produc\u021bii poloneze \u0219i rom\u00e2ne\u0219ti, ca de ex. la Festivalul Interna\u021bional de Film Transilvania TIFF sau Festivalul Nowe Horyzonty din Wroc\u0142aw. Designul polonez ve putea fi descoperit \u00een cadrul Romanian Design Week, iar cel rom\u00e2nesc - la \u0141\u00f3d\u017a Design Festival. Iubitorii de muzic\u0103 vor avea \u0219i ei parte de surprize. Instrumenti\u0219ti polonezi \u0219i rom\u00e2ni vor sus\u021bine concerte la Festivalul \u201eGeorge Enescu\u201d, Toamna Var\u0219ovian\u0103, Festivalul de Jazz de la G\u0103r\u00e2na sau Festivalul Balkanik. Cititorii mai tineri \u0219i mai \u00een v\u00e2rst\u0103 vor fi invita\u021bi la evenimente literare la care vor participa autori polonezi \u0219i rom\u00e2ni \u2013 de ex. la Festivalul de Literatur\u0103 FILIT de la Ia\u0219i \u0219i la T\u00e2rgul Interna\u021bional de Carte de la Cracovia.\n\u00a0\nSezonul devine o ocazie natural\u0103 pentru dezvoltarea de noi leg\u0103turi \u00eentre institu\u021biile de cultur\u0103 poloneze \u0219i rom\u00e2ne\u0219ti. Un rezultat vizibil al sezonului vor fi proiectele culturale realizate \u00eempreun\u0103 de arti\u0219ti din ambele \u021b\u0103ri, ca de ex. \u00een sfera dansului contemporan, la Teatrul Polonez de Dans din Pozna\u0144.\n\u00a0\nVorbim aceea\u0219i limb\u0103\n\u00a0\nIdentitatea vizual\u0103 a sezonului este rodul colabor\u0103rii dintre studen\u021bii departamentelor de design grafic de la Universitatea Na\u021bional\u0103 de Arte din Bucure\u0219ti (UNArte) \u0219i Academia de Arte Frumoase din Var\u0219ovia. Rezultatul muncii de mai multe luni a echipelor mixte de tineri graficieni, care au beneficiat de sprijinul profesorilor lor, este un logo inspirat de semnele diacritice caracteristice fiec\u0103rei limbi. Identitatea este completat\u0103 de sloganul \u201eVorbim aceea\u0219i limb\u0103\u201d, cu trimitere la limbajul culturii, care face posibil\u0103 cunoa\u0219terea \u0219i \u00een\u021belegerea profund\u0103 \u00eentre oameni, \u00eentr-o diversitate de forme, mijloace de exprimare \u0219i tradi\u021bii.\n\u00a0\nS\u0103rb\u0103toarea solidarit\u0103\u021bii polono-rom\u00e2ne\n\u00a0\nSezonul Cultural Polonia-Rom\u00e2nia 2024-2025 nu este anun\u021bat \u00eent\u00e2mpl\u0103tor la Var\u0219ovia \u0219i la\nBucure\u0219ti \u00een jurul datei de 3 martie. Printr-o decizie comun\u0103 a celor dou\u0103 \u021b\u0103ri, la aceast\u0103\ndat\u0103 s\u0103rb\u0103torim Ziua Solidarit\u0103\u021bii Polono-Rom\u00e2ne, rememor\u00e2nd astfel semnarea primei alian\u021be de ap\u0103rare \u00een 1921. Documentul a pecetluit leg\u0103turile de prietenie care d\u0103inuiau \u00eentre cele dou\u0103 \u021b\u0103ri, dar \u0219i pe cele create la nivel personal, \u00eentre liderii lor - J\u00f3zef Pi\u0142sudski \u0219i familia regal\u0103 - regele Ferdinand I al Rom\u00e2niei \u0219i regina Maria.\n\u00a0\nO dovad\u0103 palpabil\u0103 a a acestor rela\u021bii a fost primirea de c\u0103tre rom\u00e2ni, \u00een septembrie 1939, a\u00a0 zeci de mii de refugia\u021bi polonezi, precum \u0219i ajutorul acordat \u00een ascunderea rezervelor de aur polonez \u0219i a tapiseriilor de la Castelul Wawel, care au fost ad\u0103postite \u00een Rom\u00e2nia.\n\u00a0\nPe de alt\u0103 parte, polonezii au ar\u0103tat solidaritate rom\u00e2nilor afecta\u021bi de cutremurul devastator din 4 martie 1977, construind Spitalul \u201eMaria Sk\u0142odowska Curie\u201d, p\u00e2n\u0103 ast\u0103zi unul dintre cele mai importante spitale de pediatrie din \u021bar\u0103. Dou\u0103 decenii mai t\u00e2rziu, \u00een decembrie 1989, membri ai Sindicatului polonez \u201eSolidaritatea\u201d au organizat transporturi cu ajutoare pentru rom\u00e2ni.\n\u00a0\nAst\u0103zi, Rom\u00e2nia \u0219i Polonia sunt membre ale UE, iar solidaritatea polono-rom\u00e2n\u0103 se manifest\u0103 sub diferite forme de cooperare, inclusiv \u00een domeniul securit\u0103\u021bii, \u00een cadrul NATO, juc\u00e2nd un rol cheie \u00een contextul invaziei ruse\u0219ti \u00een Ucraina.\n\u00a0\nInstitutul Adam Mickiewicz este o institu\u021bie cultural\u0103 na\u021bional\u0103, \u00eenfiin\u021bat\u0103 \u00een anul 2000. Obiectivul Institutului - de a crea un interes de durat\u0103 pentru cultura polonez\u0103 \u00een \u00eentreaga lume \u2013 este realizat prin colaborarea cu parteneri str\u0103ini \u0219i prin realizarea de schimburi culturale interna\u021bionale \u00een dialog cu publicul, \u00een conformitate cu obiectivele politicii externe a Poloniei. P\u00e2n\u0103 \u00een anul 2023, Institutul a realizat proiecte \u00een peste 70 de \u021b\u0103ri de pe 6 continente. Institutul Adam Mickiewicz este organizat de Ministerul Culturii \u0219i Patrimoniului Na\u021bional. Proiectul emblemetic al Institutului este CULTURE.PL \u2013 o platform\u0103 cu informa\u021bii culturale despre cele mai interesante evenimente \u0219i fenomene din cultura polonez\u0103. Se g\u0103sesc aici articole \u0219i \u0219tiri \u00een trei limbi: polon\u0103, englez\u0103 \u0219i ucrainean\u0103."},{"@type":"ImageObject","inLanguage":"pl-PL","@id":"https:\/\/instytutpolski.pl\/bucuresti\/2024\/03\/04\/sezonul-cultural-polonia-romania-2024-2025-vorbim-aceeasi-limba\/#primaryimage","url":"https:\/\/instytutpolski.pl\/bucuresti\/wp-content\/uploads\/sites\/11\/2024\/03\/PL-RO-Cultural-Season-Projection-banner.png","contentUrl":"https:\/\/instytutpolski.pl\/bucuresti\/wp-content\/uploads\/sites\/11\/2024\/03\/PL-RO-Cultural-Season-Projection-banner.png","width":8000,"height":4500},{"@type":"BreadcrumbList","@id":"https:\/\/instytutpolski.pl\/bucuresti\/2024\/03\/04\/sezonul-cultural-polonia-romania-2024-2025-vorbim-aceeasi-limba\/#breadcrumb","itemListElement":[{"@type":"ListItem","position":1,"name":"Home","item":"https:\/\/instytutpolski.pl\/bucuresti\/"},{"@type":"ListItem","position":2,"name":"Sezonul Cultural Polonia-Rom\u00e2nia 2024-2025 &#8211; Vorbim aceea\u0219i limb\u0103"}]},{"@type":"WebSite","@id":"https:\/\/instytutpolski.pl\/bucuresti\/#website","url":"https:\/\/instytutpolski.pl\/bucuresti\/","name":"Instytut Polski w Bukareszcie","description":"Instytuty Polskie","potentialAction":[{"@type":"SearchAction","target":{"@type":"EntryPoint","urlTemplate":"https:\/\/instytutpolski.pl\/bucuresti\/?s={search_term_string}"},"query-input":{"@type":"PropertyValueSpecification","valueRequired":true,"valueName":"search_term_string"}}],"inLanguage":"pl-PL"},{"@type":"Person","@id":"https:\/\/instytutpolski.pl\/bucuresti\/#\/schema\/person\/980fdccff6ea3f1cab069becadecca5b","name":"rutkowskip","image":{"@type":"ImageObject","inLanguage":"pl-PL","@id":"https:\/\/instytutpolski.pl\/bucuresti\/#\/schema\/person\/image\/","url":"https:\/\/secure.gravatar.com\/avatar\/a44cb0329dc71f58530e0890a10f5e4d?s=96&d=mm&r=g","contentUrl":"https:\/\/secure.gravatar.com\/avatar\/a44cb0329dc71f58530e0890a10f5e4d?s=96&d=mm&r=g","caption":"rutkowskip"},"url":"https:\/\/instytutpolski.pl\/bucuresti\/author\/rutkowskip\/"}]}},"_links":{"self":[{"href":"https:\/\/instytutpolski.pl\/bucuresti\/wp-json\/wp\/v2\/posts\/11751","targetHints":{"allow":["GET"]}}],"collection":[{"href":"https:\/\/instytutpolski.pl\/bucuresti\/wp-json\/wp\/v2\/posts"}],"about":[{"href":"https:\/\/instytutpolski.pl\/bucuresti\/wp-json\/wp\/v2\/types\/post"}],"author":[{"embeddable":true,"href":"https:\/\/instytutpolski.pl\/bucuresti\/wp-json\/wp\/v2\/users\/42"}],"replies":[{"embeddable":true,"href":"https:\/\/instytutpolski.pl\/bucuresti\/wp-json\/wp\/v2\/comments?post=11751"}],"version-history":[{"count":4,"href":"https:\/\/instytutpolski.pl\/bucuresti\/wp-json\/wp\/v2\/posts\/11751\/revisions"}],"predecessor-version":[{"id":11779,"href":"https:\/\/instytutpolski.pl\/bucuresti\/wp-json\/wp\/v2\/posts\/11751\/revisions\/11779"}],"wp:featuredmedia":[{"embeddable":true,"href":"https:\/\/instytutpolski.pl\/bucuresti\/wp-json\/wp\/v2\/media\/11741"}],"wp:attachment":[{"href":"https:\/\/instytutpolski.pl\/bucuresti\/wp-json\/wp\/v2\/media?parent=11751"}],"wp:term":[{"taxonomy":"category","embeddable":true,"href":"https:\/\/instytutpolski.pl\/bucuresti\/wp-json\/wp\/v2\/categories?post=11751"},{"taxonomy":"post_tag","embeddable":true,"href":"https:\/\/instytutpolski.pl\/bucuresti\/wp-json\/wp\/v2\/tags?post=11751"}],"curies":[{"name":"wp","href":"https:\/\/api.w.org\/{rel}","templated":true}]}}