{"id":11850,"date":"2024-03-25T11:14:13","date_gmt":"2024-03-25T10:14:13","guid":{"rendered":"https:\/\/instytutpolski.pl\/bucuresti\/?p=11850"},"modified":"2024-04-08T09:18:13","modified_gmt":"2024-04-08T07:18:13","slug":"film-de-oscar-la-festivalul-one-world-romania","status":"publish","type":"post","link":"https:\/\/instytutpolski.pl\/bucuresti\/2024\/03\/25\/film-de-oscar-la-festivalul-one-world-romania\/","title":{"rendered":"Film de Oscar la festivalul One World Romania"},"content":{"rendered":"\n<p><strong>Privind \u00een retrovizor<\/strong> \/ Sk\u0105d dok\u0105d<\/p>\n<p>2023, Polonia-Fran\u021ba-Ucraina, 84 min.<\/p>\n<p>Regia: Maciej Hamela<\/p>\n<p>\u00cenceputul invaziei Rusiei \u00een Ucraina. Oameni suspenda\u021bi \u00een timp \u0219i spa\u021biu \u00een fa\u021ba incertitudinii prezentului, iau decizia s\u0103 renun\u021be la ceea ce au mai de valoare \u0219i, f\u0103r\u0103 s\u0103 stea pe g\u00e2nduri, se urc\u0103 \u00eentr-o dub\u0103 pr\u0103fuit\u0103 cu pl\u0103cu\u021be de \u00eenmatriculare str\u0103ine. Ma\u0219ina parcurge mii de kilometri, \u00eendeplinind diferite func\u021bii: este sal\u0103 de a\u0219teptare, spital, ad\u0103post \u0219i, mai presus de toate, spa\u021biu pentru confesiunile \u0219i spovedaniile care \u00een mod firesc \u00eencep s\u0103 fie \u00eemp\u0103r\u021bite de participan\u021bii la drum.<\/p>\n<p>\u201ePrivind \u00een retrovizor\u201d este un portret colectiv format din experien\u021bele oamenilor, care au un singur scop: s\u0103 g\u0103seasc\u0103 un ad\u0103post sigur. \u00cen dub\u0103 &#8211; refugiul lor temporar, diferen\u021bele de gen, v\u00e2rst\u0103, culoarea pielii, originea, identitatea, credin\u021bele sunt desfiin\u021bate.<\/p>\n<p>***<\/p>\n<p><strong>6 aprilie, ora 20.00 \u2013 Cinemateca Eforie<\/strong>, str. Eforie nr. 2. <em>Proiec\u021bia va avea loc \u00een prezen\u021ba regizorului Maciej Hamela.\u00a0<\/em><\/p>\n<p><strong>7 aprilie, ora 20.30<\/strong> <strong>\u2013 Cinema Union<\/strong>, str. Ion C\u00e2mpineanu nr. 21<\/p>\n<p><strong>&#x1f39f;&#xfe0f; Bilete<\/strong> &#x1f449; <a href=\"https:\/\/eventbook.ro\/film\/bilete-owr-2024-in-the-rearview?lang=ro\">eventbook.ro<\/a><\/p>\n<p>https:\/\/www.youtube.com\/watch?v=oNLpJnmz8O8<\/p>\n","protected":false},"excerpt":{"rendered":"<p>Privind \u00een retrovizor \/ Sk\u0105d dok\u0105d 2023, Polonia-Fran\u021ba-Ucraina, 84 min. Regia: Maciej Hamela \u00cenceputul invaziei Rusiei \u00een Ucraina. Oameni suspenda\u021bi \u00een timp \u0219i spa\u021biu \u00een fa\u021ba incertitudinii prezentului, iau decizia s\u0103 renun\u021be la ceea ce au mai de valoare \u0219i, f\u0103r\u0103 s\u0103 stea pe g\u00e2nduri, se urc\u0103 \u00eentr-o dub\u0103 pr\u0103fuit\u0103 cu pl\u0103cu\u021be de \u00eenmatriculare str\u0103ine. [&hellip;]<\/p>\n","protected":false},"author":41,"featured_media":11852,"comment_status":"open","ping_status":"open","sticky":false,"template":"","format":"standard","meta":{"inline_featured_image":false,"_monsterinsights_skip_tracking":false,"_monsterinsights_sitenote_active":false,"_monsterinsights_sitenote_note":"","_monsterinsights_sitenote_category":0,"footnotes":""},"categories":[18,94],"tags":[],"class_list":["post-11850","post","type-post","status-publish","format-standard","has-post-thumbnail","hentry","category-cinema","category-evenimente"],"yoast_head":"<!-- This site is optimized with the Yoast SEO plugin v24.6 - https:\/\/yoast.com\/wordpress\/plugins\/seo\/ -->\n<title>Film de Oscar la festivalul One World Romania - Instytut Polski w Bukareszcie<\/title>\n<meta name=\"robots\" content=\"index, follow, max-snippet:-1, max-image-preview:large, max-video-preview:-1\" \/>\n<link rel=\"canonical\" href=\"https:\/\/instytutpolski.pl\/bucuresti\/2024\/03\/25\/film-de-oscar-la-festivalul-one-world-romania\/\" \/>\n<meta property=\"og:locale\" content=\"pl_PL\" \/>\n<meta property=\"og:type\" content=\"article\" \/>\n<meta property=\"og:title\" content=\"Film de Oscar la festivalul One World Romania - Instytut Polski w Bukareszcie\" \/>\n<meta property=\"og:description\" content=\"Privind \u00een retrovizor \/ Sk\u0105d dok\u0105d 2023, Polonia-Fran\u021ba-Ucraina, 84 min. Regia: Maciej Hamela \u00cenceputul invaziei Rusiei \u00een Ucraina. Oameni suspenda\u021bi \u00een timp \u0219i spa\u021biu \u00een fa\u021ba incertitudinii prezentului, iau decizia s\u0103 renun\u021be la ceea ce au mai de valoare \u0219i, f\u0103r\u0103 s\u0103 stea pe g\u00e2nduri, se urc\u0103 \u00eentr-o dub\u0103 pr\u0103fuit\u0103 cu pl\u0103cu\u021be de \u00eenmatriculare str\u0103ine. [&hellip;]\" \/>\n<meta property=\"og:url\" content=\"https:\/\/instytutpolski.pl\/bucuresti\/2024\/03\/25\/film-de-oscar-la-festivalul-one-world-romania\/\" \/>\n<meta property=\"og:site_name\" content=\"Instytut Polski w Bukareszcie\" \/>\n<meta property=\"article:published_time\" content=\"2024-03-25T10:14:13+00:00\" \/>\n<meta property=\"article:modified_time\" content=\"2024-04-08T07:18:13+00:00\" \/>\n<meta property=\"og:image\" content=\"https:\/\/instytutpolski.pl\/bucuresti\/wp-content\/uploads\/sites\/11\/2024\/03\/csm_Im_Rueckspiegel_c_Cinephil_Piotr_Grawender_0bacd7491f-1024x683.png\" \/>\n\t<meta property=\"og:image:width\" content=\"1024\" \/>\n\t<meta property=\"og:image:height\" content=\"683\" \/>\n\t<meta property=\"og:image:type\" content=\"image\/png\" \/>\n<meta name=\"author\" content=\"mirelal\" \/>\n<meta name=\"twitter:card\" content=\"summary_large_image\" \/>\n<meta name=\"twitter:label1\" content=\"Napisane przez\" \/>\n\t<meta name=\"twitter:data1\" content=\"mirelal\" \/>\n\t<meta name=\"twitter:label2\" content=\"Szacowany czas czytania\" \/>\n\t<meta name=\"twitter:data2\" content=\"1 minuta\" \/>\n<script type=\"application\/ld+json\" class=\"yoast-schema-graph\">{\"@context\":\"https:\/\/schema.org\",\"@graph\":[{\"@type\":\"event\",\"@id\":\"https:\/\/instytutpolski.pl\/bucuresti\/2024\/03\/25\/film-de-oscar-la-festivalul-one-world-romania\/\",\"url\":\"https:\/\/instytutpolski.pl\/bucuresti\/2024\/03\/25\/film-de-oscar-la-festivalul-one-world-romania\/\",\"name\":\"Film de Oscar la festivalul One World Romania\",\"isPartOf\":{\"@id\":\"https:\/\/instytutpolski.pl\/bucuresti\/#website\"},\"primaryImageOfPage\":{\"@id\":\"https:\/\/instytutpolski.pl\/bucuresti\/2024\/03\/25\/film-de-oscar-la-festivalul-one-world-romania\/#primaryimage\"},\"image\":[\"https:\/\/instytutpolski.pl\/bucuresti\/wp-content\/uploads\/sites\/11\/2024\/03\/csm_Im_Rueckspiegel_c_Cinephil_Piotr_Grawender_0bacd7491f.png\",\"https:\/\/instytutpolski.pl\/bucuresti\/wp-content\/uploads\/sites\/11\/2024\/03\/csm_Im_Rueckspiegel_c_Cinephil_Piotr_Grawender_0bacd7491f-300x200.png\",\"https:\/\/instytutpolski.pl\/bucuresti\/wp-content\/uploads\/sites\/11\/2024\/03\/csm_Im_Rueckspiegel_c_Cinephil_Piotr_Grawender_0bacd7491f-1024x683.png\",\"https:\/\/instytutpolski.pl\/bucuresti\/wp-content\/uploads\/sites\/11\/2024\/03\/csm_Im_Rueckspiegel_c_Cinephil_Piotr_Grawender_0bacd7491f.png\"],\"thumbnailUrl\":\"https:\/\/instytutpolski.pl\/bucuresti\/wp-content\/uploads\/sites\/11\/2024\/03\/csm_Im_Rueckspiegel_c_Cinephil_Piotr_Grawender_0bacd7491f.png\",\"datePublished\":\"2024-03-25T10:14:13+02:00\",\"dateModified\":\"2024-04-08T07:18:13+02:00\",\"author\":{\"@id\":\"https:\/\/instytutpolski.pl\/bucuresti\/#\/schema\/person\/36eba23bd65c4ed8774deeb285a19272\"},\"breadcrumb\":{\"@id\":\"https:\/\/instytutpolski.pl\/bucuresti\/2024\/03\/25\/film-de-oscar-la-festivalul-one-world-romania\/#breadcrumb\"},\"inLanguage\":\"pl-PL\",\"potentialAction\":[{\"@type\":\"ReadAction\",\"target\":[\"https:\/\/instytutpolski.pl\/bucuresti\/2024\/03\/25\/film-de-oscar-la-festivalul-one-world-romania\/\"]}],\"@context\":\"https:\/\/schema.org\",\"startDate\":\"2024-04-06\",\"endDate\":\"2024-04-07\",\"eventStatus\":\"EventScheduled\",\"eventAttendanceMode\":\"OfflineEventAttendanceMode\",\"location\":{\"@type\":\"place\",\"name\":\"\",\"address\":\"\",\"geo\":{\"@type\":\"GeoCoordinates\",\"latitude\":\"\",\"longitude\":\"\"}},\"description\":\"Privind \u00een retrovizor \/ Sk\u0105d dok\u0105d\\n2023, Polonia-Fran\u021ba-Ucraina, 84 min.\\nRegia: Maciej Hamela\\n\u00cenceputul invaziei Rusiei \u00een Ucraina. Oameni suspenda\u021bi \u00een timp \u0219i spa\u021biu \u00een fa\u021ba incertitudinii prezentului, iau decizia s\u0103 renun\u021be la ceea ce au mai de valoare \u0219i, f\u0103r\u0103 s\u0103 stea pe g\u00e2nduri, se urc\u0103 \u00eentr-o dub\u0103 pr\u0103fuit\u0103 cu pl\u0103cu\u021be de \u00eenmatriculare str\u0103ine. Ma\u0219ina parcurge mii de kilometri, \u00eendeplinind diferite func\u021bii: este sal\u0103 de a\u0219teptare, spital, ad\u0103post \u0219i, mai presus de toate, spa\u021biu pentru confesiunile \u0219i spovedaniile care \u00een mod firesc \u00eencep s\u0103 fie \u00eemp\u0103r\u021bite de participan\u021bii la drum.\\n\u201ePrivind \u00een retrovizor\u201d este un portret colectiv format din experien\u021bele oamenilor, care au un singur scop: s\u0103 g\u0103seasc\u0103 un ad\u0103post sigur. \u00cen dub\u0103 - refugiul lor temporar, diferen\u021bele de gen, v\u00e2rst\u0103, culoarea pielii, originea, identitatea, credin\u021bele sunt desfiin\u021bate.\\n***\\n6 aprilie, ora 20.00 \u2013 Cinemateca Eforie, str. Eforie nr. 2. Proiec\u021bia va avea loc \u00een prezen\u021ba regizorului Maciej Hamela.\u00a0\\n7 aprilie, ora 20.30 \u2013 Cinema Union, str. Ion C\u00e2mpineanu nr. 21\\n&#x1f39f;&#xfe0f; Bilete &#x1f449; eventbook.ro\\nhttps:\/\/www.youtube.com\/watch?v=oNLpJnmz8O8\"},{\"@type\":\"ImageObject\",\"inLanguage\":\"pl-PL\",\"@id\":\"https:\/\/instytutpolski.pl\/bucuresti\/2024\/03\/25\/film-de-oscar-la-festivalul-one-world-romania\/#primaryimage\",\"url\":\"https:\/\/instytutpolski.pl\/bucuresti\/wp-content\/uploads\/sites\/11\/2024\/03\/csm_Im_Rueckspiegel_c_Cinephil_Piotr_Grawender_0bacd7491f.png\",\"contentUrl\":\"https:\/\/instytutpolski.pl\/bucuresti\/wp-content\/uploads\/sites\/11\/2024\/03\/csm_Im_Rueckspiegel_c_Cinephil_Piotr_Grawender_0bacd7491f.png\",\"width\":1620,\"height\":1080},{\"@type\":\"BreadcrumbList\",\"@id\":\"https:\/\/instytutpolski.pl\/bucuresti\/2024\/03\/25\/film-de-oscar-la-festivalul-one-world-romania\/#breadcrumb\",\"itemListElement\":[{\"@type\":\"ListItem\",\"position\":1,\"name\":\"Home\",\"item\":\"https:\/\/instytutpolski.pl\/bucuresti\/\"},{\"@type\":\"ListItem\",\"position\":2,\"name\":\"Film de Oscar la festivalul One World Romania\"}]},{\"@type\":\"WebSite\",\"@id\":\"https:\/\/instytutpolski.pl\/bucuresti\/#website\",\"url\":\"https:\/\/instytutpolski.pl\/bucuresti\/\",\"name\":\"Instytut Polski w Bukareszcie\",\"description\":\"Instytuty Polskie\",\"potentialAction\":[{\"@type\":\"SearchAction\",\"target\":{\"@type\":\"EntryPoint\",\"urlTemplate\":\"https:\/\/instytutpolski.pl\/bucuresti\/?s={search_term_string}\"},\"query-input\":{\"@type\":\"PropertyValueSpecification\",\"valueRequired\":true,\"valueName\":\"search_term_string\"}}],\"inLanguage\":\"pl-PL\"},{\"@type\":\"Person\",\"@id\":\"https:\/\/instytutpolski.pl\/bucuresti\/#\/schema\/person\/36eba23bd65c4ed8774deeb285a19272\",\"name\":\"mirelal\",\"image\":{\"@type\":\"ImageObject\",\"inLanguage\":\"pl-PL\",\"@id\":\"https:\/\/instytutpolski.pl\/bucuresti\/#\/schema\/person\/image\/\",\"url\":\"https:\/\/secure.gravatar.com\/avatar\/5838c7614d071fe473f8aeb2de72beb4?s=96&d=mm&r=g\",\"contentUrl\":\"https:\/\/secure.gravatar.com\/avatar\/5838c7614d071fe473f8aeb2de72beb4?s=96&d=mm&r=g\",\"caption\":\"mirelal\"},\"url\":\"https:\/\/instytutpolski.pl\/bucuresti\/author\/mirelal\/\"}]}<\/script>\n<!-- \/ Yoast SEO plugin. -->","yoast_head_json":{"title":"Film de Oscar la festivalul One World Romania - Instytut Polski w Bukareszcie","robots":{"index":"index","follow":"follow","max-snippet":"max-snippet:-1","max-image-preview":"max-image-preview:large","max-video-preview":"max-video-preview:-1"},"canonical":"https:\/\/instytutpolski.pl\/bucuresti\/2024\/03\/25\/film-de-oscar-la-festivalul-one-world-romania\/","og_locale":"pl_PL","og_type":"article","og_title":"Film de Oscar la festivalul One World Romania - Instytut Polski w Bukareszcie","og_description":"Privind \u00een retrovizor \/ Sk\u0105d dok\u0105d 2023, Polonia-Fran\u021ba-Ucraina, 84 min. Regia: Maciej Hamela \u00cenceputul invaziei Rusiei \u00een Ucraina. Oameni suspenda\u021bi \u00een timp \u0219i spa\u021biu \u00een fa\u021ba incertitudinii prezentului, iau decizia s\u0103 renun\u021be la ceea ce au mai de valoare \u0219i, f\u0103r\u0103 s\u0103 stea pe g\u00e2nduri, se urc\u0103 \u00eentr-o dub\u0103 pr\u0103fuit\u0103 cu pl\u0103cu\u021be de \u00eenmatriculare str\u0103ine. [&hellip;]","og_url":"https:\/\/instytutpolski.pl\/bucuresti\/2024\/03\/25\/film-de-oscar-la-festivalul-one-world-romania\/","og_site_name":"Instytut Polski w Bukareszcie","article_published_time":"2024-03-25T10:14:13+00:00","article_modified_time":"2024-04-08T07:18:13+00:00","og_image":[{"width":1024,"height":683,"url":"https:\/\/instytutpolski.pl\/bucuresti\/wp-content\/uploads\/sites\/11\/2024\/03\/csm_Im_Rueckspiegel_c_Cinephil_Piotr_Grawender_0bacd7491f-1024x683.png","type":"image\/png"}],"author":"mirelal","twitter_card":"summary_large_image","twitter_misc":{"Napisane przez":"mirelal","Szacowany czas czytania":"1 minuta"},"schema":{"@context":"https:\/\/schema.org","@graph":[{"@type":"event","@id":"https:\/\/instytutpolski.pl\/bucuresti\/2024\/03\/25\/film-de-oscar-la-festivalul-one-world-romania\/","url":"https:\/\/instytutpolski.pl\/bucuresti\/2024\/03\/25\/film-de-oscar-la-festivalul-one-world-romania\/","name":"Film de Oscar la festivalul One World Romania","isPartOf":{"@id":"https:\/\/instytutpolski.pl\/bucuresti\/#website"},"primaryImageOfPage":{"@id":"https:\/\/instytutpolski.pl\/bucuresti\/2024\/03\/25\/film-de-oscar-la-festivalul-one-world-romania\/#primaryimage"},"image":["https:\/\/instytutpolski.pl\/bucuresti\/wp-content\/uploads\/sites\/11\/2024\/03\/csm_Im_Rueckspiegel_c_Cinephil_Piotr_Grawender_0bacd7491f.png","https:\/\/instytutpolski.pl\/bucuresti\/wp-content\/uploads\/sites\/11\/2024\/03\/csm_Im_Rueckspiegel_c_Cinephil_Piotr_Grawender_0bacd7491f-300x200.png","https:\/\/instytutpolski.pl\/bucuresti\/wp-content\/uploads\/sites\/11\/2024\/03\/csm_Im_Rueckspiegel_c_Cinephil_Piotr_Grawender_0bacd7491f-1024x683.png","https:\/\/instytutpolski.pl\/bucuresti\/wp-content\/uploads\/sites\/11\/2024\/03\/csm_Im_Rueckspiegel_c_Cinephil_Piotr_Grawender_0bacd7491f.png"],"thumbnailUrl":"https:\/\/instytutpolski.pl\/bucuresti\/wp-content\/uploads\/sites\/11\/2024\/03\/csm_Im_Rueckspiegel_c_Cinephil_Piotr_Grawender_0bacd7491f.png","datePublished":"2024-03-25T10:14:13+02:00","dateModified":"2024-04-08T07:18:13+02:00","author":{"@id":"https:\/\/instytutpolski.pl\/bucuresti\/#\/schema\/person\/36eba23bd65c4ed8774deeb285a19272"},"breadcrumb":{"@id":"https:\/\/instytutpolski.pl\/bucuresti\/2024\/03\/25\/film-de-oscar-la-festivalul-one-world-romania\/#breadcrumb"},"inLanguage":"pl-PL","potentialAction":[{"@type":"ReadAction","target":["https:\/\/instytutpolski.pl\/bucuresti\/2024\/03\/25\/film-de-oscar-la-festivalul-one-world-romania\/"]}],"@context":"https:\/\/schema.org","startDate":"2024-04-06","endDate":"2024-04-07","eventStatus":"EventScheduled","eventAttendanceMode":"OfflineEventAttendanceMode","location":{"@type":"place","name":"","address":"","geo":{"@type":"GeoCoordinates","latitude":"","longitude":""}},"description":"Privind \u00een retrovizor \/ Sk\u0105d dok\u0105d\n2023, Polonia-Fran\u021ba-Ucraina, 84 min.\nRegia: Maciej Hamela\n\u00cenceputul invaziei Rusiei \u00een Ucraina. Oameni suspenda\u021bi \u00een timp \u0219i spa\u021biu \u00een fa\u021ba incertitudinii prezentului, iau decizia s\u0103 renun\u021be la ceea ce au mai de valoare \u0219i, f\u0103r\u0103 s\u0103 stea pe g\u00e2nduri, se urc\u0103 \u00eentr-o dub\u0103 pr\u0103fuit\u0103 cu pl\u0103cu\u021be de \u00eenmatriculare str\u0103ine. Ma\u0219ina parcurge mii de kilometri, \u00eendeplinind diferite func\u021bii: este sal\u0103 de a\u0219teptare, spital, ad\u0103post \u0219i, mai presus de toate, spa\u021biu pentru confesiunile \u0219i spovedaniile care \u00een mod firesc \u00eencep s\u0103 fie \u00eemp\u0103r\u021bite de participan\u021bii la drum.\n\u201ePrivind \u00een retrovizor\u201d este un portret colectiv format din experien\u021bele oamenilor, care au un singur scop: s\u0103 g\u0103seasc\u0103 un ad\u0103post sigur. \u00cen dub\u0103 - refugiul lor temporar, diferen\u021bele de gen, v\u00e2rst\u0103, culoarea pielii, originea, identitatea, credin\u021bele sunt desfiin\u021bate.\n***\n6 aprilie, ora 20.00 \u2013 Cinemateca Eforie, str. Eforie nr. 2. Proiec\u021bia va avea loc \u00een prezen\u021ba regizorului Maciej Hamela.\u00a0\n7 aprilie, ora 20.30 \u2013 Cinema Union, str. Ion C\u00e2mpineanu nr. 21\n&#x1f39f;&#xfe0f; Bilete &#x1f449; eventbook.ro\nhttps:\/\/www.youtube.com\/watch?v=oNLpJnmz8O8"},{"@type":"ImageObject","inLanguage":"pl-PL","@id":"https:\/\/instytutpolski.pl\/bucuresti\/2024\/03\/25\/film-de-oscar-la-festivalul-one-world-romania\/#primaryimage","url":"https:\/\/instytutpolski.pl\/bucuresti\/wp-content\/uploads\/sites\/11\/2024\/03\/csm_Im_Rueckspiegel_c_Cinephil_Piotr_Grawender_0bacd7491f.png","contentUrl":"https:\/\/instytutpolski.pl\/bucuresti\/wp-content\/uploads\/sites\/11\/2024\/03\/csm_Im_Rueckspiegel_c_Cinephil_Piotr_Grawender_0bacd7491f.png","width":1620,"height":1080},{"@type":"BreadcrumbList","@id":"https:\/\/instytutpolski.pl\/bucuresti\/2024\/03\/25\/film-de-oscar-la-festivalul-one-world-romania\/#breadcrumb","itemListElement":[{"@type":"ListItem","position":1,"name":"Home","item":"https:\/\/instytutpolski.pl\/bucuresti\/"},{"@type":"ListItem","position":2,"name":"Film de Oscar la festivalul One World Romania"}]},{"@type":"WebSite","@id":"https:\/\/instytutpolski.pl\/bucuresti\/#website","url":"https:\/\/instytutpolski.pl\/bucuresti\/","name":"Instytut Polski w Bukareszcie","description":"Instytuty Polskie","potentialAction":[{"@type":"SearchAction","target":{"@type":"EntryPoint","urlTemplate":"https:\/\/instytutpolski.pl\/bucuresti\/?s={search_term_string}"},"query-input":{"@type":"PropertyValueSpecification","valueRequired":true,"valueName":"search_term_string"}}],"inLanguage":"pl-PL"},{"@type":"Person","@id":"https:\/\/instytutpolski.pl\/bucuresti\/#\/schema\/person\/36eba23bd65c4ed8774deeb285a19272","name":"mirelal","image":{"@type":"ImageObject","inLanguage":"pl-PL","@id":"https:\/\/instytutpolski.pl\/bucuresti\/#\/schema\/person\/image\/","url":"https:\/\/secure.gravatar.com\/avatar\/5838c7614d071fe473f8aeb2de72beb4?s=96&d=mm&r=g","contentUrl":"https:\/\/secure.gravatar.com\/avatar\/5838c7614d071fe473f8aeb2de72beb4?s=96&d=mm&r=g","caption":"mirelal"},"url":"https:\/\/instytutpolski.pl\/bucuresti\/author\/mirelal\/"}]}},"_links":{"self":[{"href":"https:\/\/instytutpolski.pl\/bucuresti\/wp-json\/wp\/v2\/posts\/11850","targetHints":{"allow":["GET"]}}],"collection":[{"href":"https:\/\/instytutpolski.pl\/bucuresti\/wp-json\/wp\/v2\/posts"}],"about":[{"href":"https:\/\/instytutpolski.pl\/bucuresti\/wp-json\/wp\/v2\/types\/post"}],"author":[{"embeddable":true,"href":"https:\/\/instytutpolski.pl\/bucuresti\/wp-json\/wp\/v2\/users\/41"}],"replies":[{"embeddable":true,"href":"https:\/\/instytutpolski.pl\/bucuresti\/wp-json\/wp\/v2\/comments?post=11850"}],"version-history":[{"count":7,"href":"https:\/\/instytutpolski.pl\/bucuresti\/wp-json\/wp\/v2\/posts\/11850\/revisions"}],"predecessor-version":[{"id":11912,"href":"https:\/\/instytutpolski.pl\/bucuresti\/wp-json\/wp\/v2\/posts\/11850\/revisions\/11912"}],"wp:featuredmedia":[{"embeddable":true,"href":"https:\/\/instytutpolski.pl\/bucuresti\/wp-json\/wp\/v2\/media\/11852"}],"wp:attachment":[{"href":"https:\/\/instytutpolski.pl\/bucuresti\/wp-json\/wp\/v2\/media?parent=11850"}],"wp:term":[{"taxonomy":"category","embeddable":true,"href":"https:\/\/instytutpolski.pl\/bucuresti\/wp-json\/wp\/v2\/categories?post=11850"},{"taxonomy":"post_tag","embeddable":true,"href":"https:\/\/instytutpolski.pl\/bucuresti\/wp-json\/wp\/v2\/tags?post=11850"}],"curies":[{"name":"wp","href":"https:\/\/api.w.org\/{rel}","templated":true}]}}