{"id":11924,"date":"2024-04-09T12:03:50","date_gmt":"2024-04-09T10:03:50","guid":{"rendered":"https:\/\/instytutpolski.pl\/bucuresti\/?p=11924"},"modified":"2024-05-08T10:44:29","modified_gmt":"2024-05-08T08:44:29","slug":"praca-polskiej-artystki-na-wystawie-geister","status":"publish","type":"post","link":"https:\/\/instytutpolski.pl\/bucuresti\/pl\/2024\/04\/09\/praca-polskiej-artystki-na-wystawie-geister\/","title":{"rendered":"PRACA POLSKIEJ ARTYSTKI NA WYSTAWIE GEISTER"},"content":{"rendered":"\n<p>GEISTER<\/p>\n<p>kuratorka: Kristin Wenzel<\/p>\n<p>\u00a0<\/p>\n<p>Wystawa w pawilonach Expoflora* w parku Her\u0103str\u0103u zosta\u0142a zorganizowana przez Goethe-Institut w Bukareszcie wraz z Instytutem Polskim w Bukareszcie, Austriackim Forum Kultury i British Council Romania, przy wsparciu Urz\u0119du Miasta Bukareszt oraz Administracji Jezior, Park\u00f3w i Rekreacji w Bukareszcie.<\/p>\n<p>Koordynator projektu: Tamina Bojoanc\u0103<\/p>\n<p>Projekt graficzny: Maks Graur, na podstawie obrazu Lulzima Zeqiriego<\/p>\n<p>\u00a0<\/p>\n<p>13.04.2024 &#8211; 05.05.2024 **<\/p>\n<p>Wernisa\u017c: 13.04. | 14.00 &#8211; 23.00<\/p>\n<p>Program otwarcia:<\/p>\n<p>&#8211; 14.00 &#8211; 16.00 Piknik spo\u0142eczno\u015bciowy z Kristin Wenzel<\/p>\n<p>&#8211; 18.00 &#8211; 19.00 Performance Iriny Gheorghe<\/p>\n<p>&#8211; 20.00 &#8211; 21.30 Performance muzyczny Drago\u0219a Ilicia<\/p>\n<p>Arty\u015bci: Tudor Bratu, Zuzanna Czebatul, Irina Gheorghe, Specula Group, Birgit H\u00f6lmer, Bram Kuypers &amp; Lennart de Neef, Drago\u0219 Ilici, Alice Gancevici &amp; Remus Pu\u0219cariu, Aidan Frere Smith, Kristin Wenzel, Lulzim Zeqiri.<br \/><br \/>\u201cWhen the present has given up on the future, we must listen for the relics of the future in the unactivated potentials of the past.\u201d<\/p>\n<p>Mark Fisher, The Metaphysics of Crackle: Afrofuturism and Hauntology<\/p>\n<p>\u00a0<\/p>\n<p><em>Kiedy si\u0119 trz\u0119sie i grzechocze, my\u015bl\u0119 o duchach.<\/em><\/p>\n<p><em>Plecak survivalowy le\u017cy spakowany obok \u0142\u00f3\u017cka. Czasami, gdy nie mog\u0119 zasn\u0105\u0107 i wpatruj\u0119 si\u0119 w sufit pokoju na pi\u0105tym pi\u0119trze w moim mieszkaniu przy Bulwarze Karola, inwentaryzuj\u0119 w my\u015blach przedmioty: wod\u0119, gwizdek, latark\u0119, n\u00f3\u017c, r\u0119kawiczki, koc izotermiczny, glukoz\u0119, we\u0142niane skarpety, banda\u017ce, ma\u0142\u0105 butelk\u0119 w\u00f3dki i kilka puszek ryb. Kiedy ko\u0144cz\u0119 list\u0119, zasypiam.<\/em><\/p>\n<p><em>Gdzie\u015b w styczniu 2020 roku we wczesnych godzinach porannych obudzi\u0142 mnie szelest. Brzmia\u0142 jak li\u015bcie topoli na wietrze lub kostki lodu dr\u017c\u0105ce w kieliszku do wina, zmielone przez my\u015bli. Ha\u0142as dochodzi\u0142 z du\u017cych szklanych drzwi, charakterystycznych dla mieszka\u0144 z lat 30. w Bukareszcie. Okna szele\u015bci\u0142y, grzechota\u0142y i sycza\u0142y. &#8222;Duch&#8221;, pomy\u015bla\u0142am sobie, ponuro podchodz\u0105c do podw\u00f3jnych drzwi. Ostro\u017cnie po\u0142o\u017cy\u0142am d\u0142o\u0144 na jednym ze szklanych paneli i wyszepta\u0142am &#8222;ciii, wszystko w porz\u0105dku&#8221;.<\/em><\/p>\n<p><em>Dr\u017cenie usta\u0142o. Cisza powr\u00f3ci\u0142a. Niemal imponuj\u0105cy spok\u00f3j, poniewa\u017c w mieszkaniu na pi\u0105tym pi\u0119trze przy Bulwarze Karola nigdy nie jest tak naprawd\u0119 cicho. Wr\u00f3ci\u0142am do \u0142\u00f3\u017cka i natychmiast zasn\u0119\u0142am.<\/em><\/p>\n<p><em>To by\u0142o moje pierwsze trz\u0119sienie ziemi w Bukareszcie, o sile 5,2 stopni w skali Richtera.<\/em><\/p>\n<p><em>Wiara w duchy przewija si\u0119 przez ca\u0142\u0105 histori\u0119 ludzko\u015bci. S\u0105 one cz\u0119\u015bci\u0105 wielu religii i mit\u00f3w r\u00f3\u017cnorodnych cywilizacji na ziemi, a ich uciele\u015bnienie jest jedn\u0105 z najstarszych misji w historii kultury. Duchy s\u0105 metaforami przej\u015bcia, bytu po\u015bredniego. We wsp\u00f3\u0142czesnej sztuce duchy i to, co nienaturalne, kojarz\u0105 si\u0119 przede wszystkim z eksploracj\u0105 nieobecno\u015bci, pustki, kt\u00f3r\u0105 nale\u017cy wype\u0142ni\u0107, pustki pozostawionej przez bliskich, zapomnianych opowie\u015bci, nieistniej\u0105cych miejsc lub niespe\u0142nionych marze\u0144.<\/em><\/p>\n<p>\u00a0<\/p>\n<p>Wystawa GEISTER zawiera prace poruszaj\u0105ce tematy takie jak pami\u0119\u0107, trauma i uporczywe echo przesz\u0142o\u015bci odbijaj\u0105ce si\u0119 w tera\u017aniejszo\u015bci oraz bada granice mi\u0119dzy obecno\u015bci\u0105 i nieobecno\u015bci\u0105, widoczno\u015bci\u0105 i niewidzialno\u015bci\u0105. Wykorzystuj\u0105c r\u00f3\u017cnorodne \u015brodki artystyczne, od malarstwa i rze\u017aby po instalacje wideo i performance, arty\u015bci wywo\u0142uj\u0105 namacalne poczucie nieobecno\u015bci i zapraszaj\u0105 publiczno\u015b\u0107 do rezonowania z echami tego, co kiedy\u015b by\u0142o. W ten spos\u00f3b otwieraj\u0105 przestrze\u0144 dla dialogu, refleksji i mo\u017cliwo\u015bci wyobra\u017cenia sobie alternatywnej przysz\u0142o\u015bci poza granicami chwili obecnej.<\/p>\n<p>\u00a0<\/p>\n<p>* Dwa pawilony Expoflora z lat 70. znajduj\u0105 si\u0119 w bezpo\u015brednim s\u0105siedztwie modernistycznych fontann zbudowanych przez Hori\u0119 Creang\u0119 i mo\u017cna do nich dotrze\u0107 pieszo, korzystaj\u0105c z g\u0142\u00f3wnego wej\u015bcia do Parc Her\u0103str\u0103u od strony placu Charlesa de Gaulle&#8217;a.<\/p>\n<p>** Wystaw\u0119 mo\u017cna ogl\u0105da\u0107 z zewn\u0105trz 24 godziny na dob\u0119, przez ca\u0142y okres jej trwania.<\/p>\n","protected":false},"excerpt":{"rendered":"<p>GEISTER kuratorka: Kristin Wenzel \u00a0 Wystawa w pawilonach Expoflora* w parku Her\u0103str\u0103u zosta\u0142a zorganizowana przez Goethe-Institut w Bukareszcie wraz z Instytutem Polskim w Bukareszcie, Austriackim Forum Kultury i British Council Romania, przy wsparciu Urz\u0119du Miasta Bukareszt oraz Administracji Jezior, Park\u00f3w i Rekreacji w Bukareszcie. Koordynator projektu: Tamina Bojoanc\u0103 Projekt graficzny: Maks Graur, na podstawie obrazu [&hellip;]<\/p>\n","protected":false},"author":42,"featured_media":11921,"comment_status":"open","ping_status":"open","sticky":false,"template":"","format":"standard","meta":{"inline_featured_image":false,"_monsterinsights_skip_tracking":false,"_monsterinsights_sitenote_active":false,"_monsterinsights_sitenote_note":"","_monsterinsights_sitenote_category":0,"footnotes":""},"categories":[43,96],"tags":[],"class_list":["post-11924","post","type-post","status-publish","format-standard","has-post-thumbnail","hentry","category-sztuki-wizualne","category-wydarzenia"],"yoast_head":"<!-- This site is optimized with the Yoast SEO plugin v24.6 - https:\/\/yoast.com\/wordpress\/plugins\/seo\/ -->\n<title>PRACA POLSKIEJ ARTYSTKI NA WYSTAWIE GEISTER - Instytut Polski w Bukareszcie<\/title>\n<meta name=\"robots\" content=\"index, follow, max-snippet:-1, max-image-preview:large, max-video-preview:-1\" \/>\n<link rel=\"canonical\" href=\"https:\/\/instytutpolski.pl\/bucuresti\/pl\/2024\/04\/09\/praca-polskiej-artystki-na-wystawie-geister\/\" \/>\n<meta property=\"og:locale\" content=\"pl_PL\" \/>\n<meta property=\"og:type\" content=\"article\" \/>\n<meta property=\"og:title\" content=\"PRACA POLSKIEJ ARTYSTKI NA WYSTAWIE GEISTER - Instytut Polski w Bukareszcie\" \/>\n<meta property=\"og:description\" content=\"GEISTER kuratorka: Kristin Wenzel \u00a0 Wystawa w pawilonach Expoflora* w parku Her\u0103str\u0103u zosta\u0142a zorganizowana przez Goethe-Institut w Bukareszcie wraz z Instytutem Polskim w Bukareszcie, Austriackim Forum Kultury i British Council Romania, przy wsparciu Urz\u0119du Miasta Bukareszt oraz Administracji Jezior, Park\u00f3w i Rekreacji w Bukareszcie. Koordynator projektu: Tamina Bojoanc\u0103 Projekt graficzny: Maks Graur, na podstawie obrazu [&hellip;]\" \/>\n<meta property=\"og:url\" content=\"https:\/\/instytutpolski.pl\/bucuresti\/pl\/2024\/04\/09\/praca-polskiej-artystki-na-wystawie-geister\/\" \/>\n<meta property=\"og:site_name\" content=\"Instytut Polski w Bukareszcie\" \/>\n<meta property=\"article:published_time\" content=\"2024-04-09T10:03:50+00:00\" \/>\n<meta property=\"article:modified_time\" content=\"2024-05-08T08:44:29+00:00\" \/>\n<meta property=\"og:image\" content=\"https:\/\/instytutpolski.pl\/bucuresti\/wp-content\/uploads\/sites\/11\/2024\/04\/geister-facebook-event-1920x1080px-1024x576.png\" \/>\n\t<meta property=\"og:image:width\" content=\"1024\" \/>\n\t<meta property=\"og:image:height\" content=\"576\" \/>\n\t<meta property=\"og:image:type\" content=\"image\/png\" \/>\n<meta name=\"author\" content=\"rutkowskip\" \/>\n<meta name=\"twitter:card\" content=\"summary_large_image\" \/>\n<meta name=\"twitter:label1\" content=\"Napisane przez\" \/>\n\t<meta name=\"twitter:data1\" content=\"rutkowskip\" \/>\n\t<meta name=\"twitter:label2\" content=\"Szacowany czas czytania\" \/>\n\t<meta name=\"twitter:data2\" content=\"4 minuty\" \/>\n<script type=\"application\/ld+json\" class=\"yoast-schema-graph\">{\"@context\":\"https:\/\/schema.org\",\"@graph\":[{\"@type\":\"event\",\"@id\":\"https:\/\/instytutpolski.pl\/bucuresti\/pl\/2024\/04\/09\/praca-polskiej-artystki-na-wystawie-geister\/\",\"url\":\"https:\/\/instytutpolski.pl\/bucuresti\/pl\/2024\/04\/09\/praca-polskiej-artystki-na-wystawie-geister\/\",\"name\":\"PRACA POLSKIEJ ARTYSTKI NA WYSTAWIE GEISTER\",\"isPartOf\":{\"@id\":\"https:\/\/instytutpolski.pl\/bucuresti\/#website\"},\"primaryImageOfPage\":{\"@id\":\"https:\/\/instytutpolski.pl\/bucuresti\/pl\/2024\/04\/09\/praca-polskiej-artystki-na-wystawie-geister\/#primaryimage\"},\"image\":[\"https:\/\/instytutpolski.pl\/bucuresti\/wp-content\/uploads\/sites\/11\/2024\/04\/geister-facebook-event-1920x1080px.png\",\"https:\/\/instytutpolski.pl\/bucuresti\/wp-content\/uploads\/sites\/11\/2024\/04\/geister-facebook-event-1920x1080px-300x169.png\",\"https:\/\/instytutpolski.pl\/bucuresti\/wp-content\/uploads\/sites\/11\/2024\/04\/geister-facebook-event-1920x1080px-1024x576.png\",\"https:\/\/instytutpolski.pl\/bucuresti\/wp-content\/uploads\/sites\/11\/2024\/04\/geister-facebook-event-1920x1080px.png\"],\"thumbnailUrl\":\"https:\/\/instytutpolski.pl\/bucuresti\/wp-content\/uploads\/sites\/11\/2024\/04\/geister-facebook-event-1920x1080px.png\",\"datePublished\":\"2024-04-09T10:03:50+02:00\",\"dateModified\":\"2024-05-08T08:44:29+02:00\",\"author\":{\"@id\":\"https:\/\/instytutpolski.pl\/bucuresti\/#\/schema\/person\/980fdccff6ea3f1cab069becadecca5b\"},\"breadcrumb\":{\"@id\":\"https:\/\/instytutpolski.pl\/bucuresti\/pl\/2024\/04\/09\/praca-polskiej-artystki-na-wystawie-geister\/#breadcrumb\"},\"inLanguage\":\"pl-PL\",\"potentialAction\":[{\"@type\":\"ReadAction\",\"target\":[\"https:\/\/instytutpolski.pl\/bucuresti\/pl\/2024\/04\/09\/praca-polskiej-artystki-na-wystawie-geister\/\"]}],\"@context\":\"https:\/\/schema.org\",\"startDate\":\"2024-04-13T02:00:00+02:00\",\"endDate\":\"2024-05-05T11:00:00+02:00\",\"eventStatus\":\"EventScheduled\",\"eventAttendanceMode\":\"OfflineEventAttendanceMode\",\"location\":{\"@type\":\"place\",\"name\":\"\",\"address\":\"\",\"geo\":{\"@type\":\"GeoCoordinates\",\"latitude\":\"\",\"longitude\":\"\"}},\"description\":\"GEISTER\\nkuratorka: Kristin Wenzel\\n\u00a0\\nWystawa w pawilonach Expoflora* w parku Her\u0103str\u0103u zosta\u0142a zorganizowana przez Goethe-Institut w Bukareszcie wraz z Instytutem Polskim w Bukareszcie, Austriackim Forum Kultury i British Council Romania, przy wsparciu Urz\u0119du Miasta Bukareszt oraz Administracji Jezior, Park\u00f3w i Rekreacji w Bukareszcie.\\nKoordynator projektu: Tamina Bojoanc\u0103\\nProjekt graficzny: Maks Graur, na podstawie obrazu Lulzima Zeqiriego\\n\u00a0\\n13.04.2024 - 05.05.2024 **\\nWernisa\u017c: 13.04. | 14.00 - 23.00\\nProgram otwarcia:\\n- 14.00 - 16.00 Piknik spo\u0142eczno\u015bciowy z Kristin Wenzel\\n- 18.00 - 19.00 Performance Iriny Gheorghe\\n- 20.00 - 21.30 Performance muzyczny Drago\u0219a Ilicia\\nArty\u015bci: Tudor Bratu, Zuzanna Czebatul, Irina Gheorghe, Specula Group, Birgit H\u00f6lmer, Bram Kuypers &amp; Lennart de Neef, Drago\u0219 Ilici, Alice Gancevici &amp; Remus Pu\u0219cariu, Aidan Frere Smith, Kristin Wenzel, Lulzim Zeqiri.\u201cWhen the present has given up on the future, we must listen for the relics of the future in the unactivated potentials of the past.\u201d\\nMark Fisher, The Metaphysics of Crackle: Afrofuturism and Hauntology\\n\u00a0\\nKiedy si\u0119 trz\u0119sie i grzechocze, my\u015bl\u0119 o duchach.\\nPlecak survivalowy le\u017cy spakowany obok \u0142\u00f3\u017cka. Czasami, gdy nie mog\u0119 zasn\u0105\u0107 i wpatruj\u0119 si\u0119 w sufit pokoju na pi\u0105tym pi\u0119trze w moim mieszkaniu przy Bulwarze Karola, inwentaryzuj\u0119 w my\u015blach przedmioty: wod\u0119, gwizdek, latark\u0119, n\u00f3\u017c, r\u0119kawiczki, koc izotermiczny, glukoz\u0119, we\u0142niane skarpety, banda\u017ce, ma\u0142\u0105 butelk\u0119 w\u00f3dki i kilka puszek ryb. Kiedy ko\u0144cz\u0119 list\u0119, zasypiam.\\nGdzie\u015b w styczniu 2020 roku we wczesnych godzinach porannych obudzi\u0142 mnie szelest. Brzmia\u0142 jak li\u015bcie topoli na wietrze lub kostki lodu dr\u017c\u0105ce w kieliszku do wina, zmielone przez my\u015bli. Ha\u0142as dochodzi\u0142 z du\u017cych szklanych drzwi, charakterystycznych dla mieszka\u0144 z lat 30. w Bukareszcie. Okna szele\u015bci\u0142y, grzechota\u0142y i sycza\u0142y. \\\"Duch\\\", pomy\u015bla\u0142am sobie, ponuro podchodz\u0105c do podw\u00f3jnych drzwi. Ostro\u017cnie po\u0142o\u017cy\u0142am d\u0142o\u0144 na jednym ze szklanych paneli i wyszepta\u0142am \\\"ciii, wszystko w porz\u0105dku\\\".\\nDr\u017cenie usta\u0142o. Cisza powr\u00f3ci\u0142a. Niemal imponuj\u0105cy spok\u00f3j, poniewa\u017c w mieszkaniu na pi\u0105tym pi\u0119trze przy Bulwarze Karola nigdy nie jest tak naprawd\u0119 cicho. Wr\u00f3ci\u0142am do \u0142\u00f3\u017cka i natychmiast zasn\u0119\u0142am.\\nTo by\u0142o moje pierwsze trz\u0119sienie ziemi w Bukareszcie, o sile 5,2 stopni w skali Richtera.\\nWiara w duchy przewija si\u0119 przez ca\u0142\u0105 histori\u0119 ludzko\u015bci. S\u0105 one cz\u0119\u015bci\u0105 wielu religii i mit\u00f3w r\u00f3\u017cnorodnych cywilizacji na ziemi, a ich uciele\u015bnienie jest jedn\u0105 z najstarszych misji w historii kultury. Duchy s\u0105 metaforami przej\u015bcia, bytu po\u015bredniego. We wsp\u00f3\u0142czesnej sztuce duchy i to, co nienaturalne, kojarz\u0105 si\u0119 przede wszystkim z eksploracj\u0105 nieobecno\u015bci, pustki, kt\u00f3r\u0105 nale\u017cy wype\u0142ni\u0107, pustki pozostawionej przez bliskich, zapomnianych opowie\u015bci, nieistniej\u0105cych miejsc lub niespe\u0142nionych marze\u0144.\\n\u00a0\\nWystawa GEISTER zawiera prace poruszaj\u0105ce tematy takie jak pami\u0119\u0107, trauma i uporczywe echo przesz\u0142o\u015bci odbijaj\u0105ce si\u0119 w tera\u017aniejszo\u015bci oraz bada granice mi\u0119dzy obecno\u015bci\u0105 i nieobecno\u015bci\u0105, widoczno\u015bci\u0105 i niewidzialno\u015bci\u0105. Wykorzystuj\u0105c r\u00f3\u017cnorodne \u015brodki artystyczne, od malarstwa i rze\u017aby po instalacje wideo i performance, arty\u015bci wywo\u0142uj\u0105 namacalne poczucie nieobecno\u015bci i zapraszaj\u0105 publiczno\u015b\u0107 do rezonowania z echami tego, co kiedy\u015b by\u0142o. W ten spos\u00f3b otwieraj\u0105 przestrze\u0144 dla dialogu, refleksji i mo\u017cliwo\u015bci wyobra\u017cenia sobie alternatywnej przysz\u0142o\u015bci poza granicami chwili obecnej.\\n\u00a0\\n* Dwa pawilony Expoflora z lat 70. znajduj\u0105 si\u0119 w bezpo\u015brednim s\u0105siedztwie modernistycznych fontann zbudowanych przez Hori\u0119 Creang\u0119 i mo\u017cna do nich dotrze\u0107 pieszo, korzystaj\u0105c z g\u0142\u00f3wnego wej\u015bcia do Parc Her\u0103str\u0103u od strony placu Charlesa de Gaulle'a.\\n** Wystaw\u0119 mo\u017cna ogl\u0105da\u0107 z zewn\u0105trz 24 godziny na dob\u0119, przez ca\u0142y okres jej trwania.\"},{\"@type\":\"ImageObject\",\"inLanguage\":\"pl-PL\",\"@id\":\"https:\/\/instytutpolski.pl\/bucuresti\/pl\/2024\/04\/09\/praca-polskiej-artystki-na-wystawie-geister\/#primaryimage\",\"url\":\"https:\/\/instytutpolski.pl\/bucuresti\/wp-content\/uploads\/sites\/11\/2024\/04\/geister-facebook-event-1920x1080px.png\",\"contentUrl\":\"https:\/\/instytutpolski.pl\/bucuresti\/wp-content\/uploads\/sites\/11\/2024\/04\/geister-facebook-event-1920x1080px.png\",\"width\":1920,\"height\":1080},{\"@type\":\"BreadcrumbList\",\"@id\":\"https:\/\/instytutpolski.pl\/bucuresti\/pl\/2024\/04\/09\/praca-polskiej-artystki-na-wystawie-geister\/#breadcrumb\",\"itemListElement\":[{\"@type\":\"ListItem\",\"position\":1,\"name\":\"Home\",\"item\":\"https:\/\/instytutpolski.pl\/bucuresti\/\"},{\"@type\":\"ListItem\",\"position\":2,\"name\":\"PRACA POLSKIEJ ARTYSTKI NA WYSTAWIE GEISTER\"}]},{\"@type\":\"WebSite\",\"@id\":\"https:\/\/instytutpolski.pl\/bucuresti\/#website\",\"url\":\"https:\/\/instytutpolski.pl\/bucuresti\/\",\"name\":\"Instytut Polski w Bukareszcie\",\"description\":\"Instytuty Polskie\",\"potentialAction\":[{\"@type\":\"SearchAction\",\"target\":{\"@type\":\"EntryPoint\",\"urlTemplate\":\"https:\/\/instytutpolski.pl\/bucuresti\/?s={search_term_string}\"},\"query-input\":{\"@type\":\"PropertyValueSpecification\",\"valueRequired\":true,\"valueName\":\"search_term_string\"}}],\"inLanguage\":\"pl-PL\"},{\"@type\":\"Person\",\"@id\":\"https:\/\/instytutpolski.pl\/bucuresti\/#\/schema\/person\/980fdccff6ea3f1cab069becadecca5b\",\"name\":\"rutkowskip\",\"image\":{\"@type\":\"ImageObject\",\"inLanguage\":\"pl-PL\",\"@id\":\"https:\/\/instytutpolski.pl\/bucuresti\/#\/schema\/person\/image\/\",\"url\":\"https:\/\/secure.gravatar.com\/avatar\/a44cb0329dc71f58530e0890a10f5e4d?s=96&d=mm&r=g\",\"contentUrl\":\"https:\/\/secure.gravatar.com\/avatar\/a44cb0329dc71f58530e0890a10f5e4d?s=96&d=mm&r=g\",\"caption\":\"rutkowskip\"},\"url\":\"https:\/\/instytutpolski.pl\/bucuresti\/author\/rutkowskip\/\"}]}<\/script>\n<!-- \/ Yoast SEO plugin. -->","yoast_head_json":{"title":"PRACA POLSKIEJ ARTYSTKI NA WYSTAWIE GEISTER - Instytut Polski w Bukareszcie","robots":{"index":"index","follow":"follow","max-snippet":"max-snippet:-1","max-image-preview":"max-image-preview:large","max-video-preview":"max-video-preview:-1"},"canonical":"https:\/\/instytutpolski.pl\/bucuresti\/pl\/2024\/04\/09\/praca-polskiej-artystki-na-wystawie-geister\/","og_locale":"pl_PL","og_type":"article","og_title":"PRACA POLSKIEJ ARTYSTKI NA WYSTAWIE GEISTER - Instytut Polski w Bukareszcie","og_description":"GEISTER kuratorka: Kristin Wenzel \u00a0 Wystawa w pawilonach Expoflora* w parku Her\u0103str\u0103u zosta\u0142a zorganizowana przez Goethe-Institut w Bukareszcie wraz z Instytutem Polskim w Bukareszcie, Austriackim Forum Kultury i British Council Romania, przy wsparciu Urz\u0119du Miasta Bukareszt oraz Administracji Jezior, Park\u00f3w i Rekreacji w Bukareszcie. Koordynator projektu: Tamina Bojoanc\u0103 Projekt graficzny: Maks Graur, na podstawie obrazu [&hellip;]","og_url":"https:\/\/instytutpolski.pl\/bucuresti\/pl\/2024\/04\/09\/praca-polskiej-artystki-na-wystawie-geister\/","og_site_name":"Instytut Polski w Bukareszcie","article_published_time":"2024-04-09T10:03:50+00:00","article_modified_time":"2024-05-08T08:44:29+00:00","og_image":[{"width":1024,"height":576,"url":"https:\/\/instytutpolski.pl\/bucuresti\/wp-content\/uploads\/sites\/11\/2024\/04\/geister-facebook-event-1920x1080px-1024x576.png","type":"image\/png"}],"author":"rutkowskip","twitter_card":"summary_large_image","twitter_misc":{"Napisane przez":"rutkowskip","Szacowany czas czytania":"4 minuty"},"schema":{"@context":"https:\/\/schema.org","@graph":[{"@type":"event","@id":"https:\/\/instytutpolski.pl\/bucuresti\/pl\/2024\/04\/09\/praca-polskiej-artystki-na-wystawie-geister\/","url":"https:\/\/instytutpolski.pl\/bucuresti\/pl\/2024\/04\/09\/praca-polskiej-artystki-na-wystawie-geister\/","name":"PRACA POLSKIEJ ARTYSTKI NA WYSTAWIE GEISTER","isPartOf":{"@id":"https:\/\/instytutpolski.pl\/bucuresti\/#website"},"primaryImageOfPage":{"@id":"https:\/\/instytutpolski.pl\/bucuresti\/pl\/2024\/04\/09\/praca-polskiej-artystki-na-wystawie-geister\/#primaryimage"},"image":["https:\/\/instytutpolski.pl\/bucuresti\/wp-content\/uploads\/sites\/11\/2024\/04\/geister-facebook-event-1920x1080px.png","https:\/\/instytutpolski.pl\/bucuresti\/wp-content\/uploads\/sites\/11\/2024\/04\/geister-facebook-event-1920x1080px-300x169.png","https:\/\/instytutpolski.pl\/bucuresti\/wp-content\/uploads\/sites\/11\/2024\/04\/geister-facebook-event-1920x1080px-1024x576.png","https:\/\/instytutpolski.pl\/bucuresti\/wp-content\/uploads\/sites\/11\/2024\/04\/geister-facebook-event-1920x1080px.png"],"thumbnailUrl":"https:\/\/instytutpolski.pl\/bucuresti\/wp-content\/uploads\/sites\/11\/2024\/04\/geister-facebook-event-1920x1080px.png","datePublished":"2024-04-09T10:03:50+02:00","dateModified":"2024-05-08T08:44:29+02:00","author":{"@id":"https:\/\/instytutpolski.pl\/bucuresti\/#\/schema\/person\/980fdccff6ea3f1cab069becadecca5b"},"breadcrumb":{"@id":"https:\/\/instytutpolski.pl\/bucuresti\/pl\/2024\/04\/09\/praca-polskiej-artystki-na-wystawie-geister\/#breadcrumb"},"inLanguage":"pl-PL","potentialAction":[{"@type":"ReadAction","target":["https:\/\/instytutpolski.pl\/bucuresti\/pl\/2024\/04\/09\/praca-polskiej-artystki-na-wystawie-geister\/"]}],"@context":"https:\/\/schema.org","startDate":"2024-04-13T02:00:00+02:00","endDate":"2024-05-05T11:00:00+02:00","eventStatus":"EventScheduled","eventAttendanceMode":"OfflineEventAttendanceMode","location":{"@type":"place","name":"","address":"","geo":{"@type":"GeoCoordinates","latitude":"","longitude":""}},"description":"GEISTER\nkuratorka: Kristin Wenzel\n\u00a0\nWystawa w pawilonach Expoflora* w parku Her\u0103str\u0103u zosta\u0142a zorganizowana przez Goethe-Institut w Bukareszcie wraz z Instytutem Polskim w Bukareszcie, Austriackim Forum Kultury i British Council Romania, przy wsparciu Urz\u0119du Miasta Bukareszt oraz Administracji Jezior, Park\u00f3w i Rekreacji w Bukareszcie.\nKoordynator projektu: Tamina Bojoanc\u0103\nProjekt graficzny: Maks Graur, na podstawie obrazu Lulzima Zeqiriego\n\u00a0\n13.04.2024 - 05.05.2024 **\nWernisa\u017c: 13.04. | 14.00 - 23.00\nProgram otwarcia:\n- 14.00 - 16.00 Piknik spo\u0142eczno\u015bciowy z Kristin Wenzel\n- 18.00 - 19.00 Performance Iriny Gheorghe\n- 20.00 - 21.30 Performance muzyczny Drago\u0219a Ilicia\nArty\u015bci: Tudor Bratu, Zuzanna Czebatul, Irina Gheorghe, Specula Group, Birgit H\u00f6lmer, Bram Kuypers &amp; Lennart de Neef, Drago\u0219 Ilici, Alice Gancevici &amp; Remus Pu\u0219cariu, Aidan Frere Smith, Kristin Wenzel, Lulzim Zeqiri.\u201cWhen the present has given up on the future, we must listen for the relics of the future in the unactivated potentials of the past.\u201d\nMark Fisher, The Metaphysics of Crackle: Afrofuturism and Hauntology\n\u00a0\nKiedy si\u0119 trz\u0119sie i grzechocze, my\u015bl\u0119 o duchach.\nPlecak survivalowy le\u017cy spakowany obok \u0142\u00f3\u017cka. Czasami, gdy nie mog\u0119 zasn\u0105\u0107 i wpatruj\u0119 si\u0119 w sufit pokoju na pi\u0105tym pi\u0119trze w moim mieszkaniu przy Bulwarze Karola, inwentaryzuj\u0119 w my\u015blach przedmioty: wod\u0119, gwizdek, latark\u0119, n\u00f3\u017c, r\u0119kawiczki, koc izotermiczny, glukoz\u0119, we\u0142niane skarpety, banda\u017ce, ma\u0142\u0105 butelk\u0119 w\u00f3dki i kilka puszek ryb. Kiedy ko\u0144cz\u0119 list\u0119, zasypiam.\nGdzie\u015b w styczniu 2020 roku we wczesnych godzinach porannych obudzi\u0142 mnie szelest. Brzmia\u0142 jak li\u015bcie topoli na wietrze lub kostki lodu dr\u017c\u0105ce w kieliszku do wina, zmielone przez my\u015bli. Ha\u0142as dochodzi\u0142 z du\u017cych szklanych drzwi, charakterystycznych dla mieszka\u0144 z lat 30. w Bukareszcie. Okna szele\u015bci\u0142y, grzechota\u0142y i sycza\u0142y. \"Duch\", pomy\u015bla\u0142am sobie, ponuro podchodz\u0105c do podw\u00f3jnych drzwi. Ostro\u017cnie po\u0142o\u017cy\u0142am d\u0142o\u0144 na jednym ze szklanych paneli i wyszepta\u0142am \"ciii, wszystko w porz\u0105dku\".\nDr\u017cenie usta\u0142o. Cisza powr\u00f3ci\u0142a. Niemal imponuj\u0105cy spok\u00f3j, poniewa\u017c w mieszkaniu na pi\u0105tym pi\u0119trze przy Bulwarze Karola nigdy nie jest tak naprawd\u0119 cicho. Wr\u00f3ci\u0142am do \u0142\u00f3\u017cka i natychmiast zasn\u0119\u0142am.\nTo by\u0142o moje pierwsze trz\u0119sienie ziemi w Bukareszcie, o sile 5,2 stopni w skali Richtera.\nWiara w duchy przewija si\u0119 przez ca\u0142\u0105 histori\u0119 ludzko\u015bci. S\u0105 one cz\u0119\u015bci\u0105 wielu religii i mit\u00f3w r\u00f3\u017cnorodnych cywilizacji na ziemi, a ich uciele\u015bnienie jest jedn\u0105 z najstarszych misji w historii kultury. Duchy s\u0105 metaforami przej\u015bcia, bytu po\u015bredniego. We wsp\u00f3\u0142czesnej sztuce duchy i to, co nienaturalne, kojarz\u0105 si\u0119 przede wszystkim z eksploracj\u0105 nieobecno\u015bci, pustki, kt\u00f3r\u0105 nale\u017cy wype\u0142ni\u0107, pustki pozostawionej przez bliskich, zapomnianych opowie\u015bci, nieistniej\u0105cych miejsc lub niespe\u0142nionych marze\u0144.\n\u00a0\nWystawa GEISTER zawiera prace poruszaj\u0105ce tematy takie jak pami\u0119\u0107, trauma i uporczywe echo przesz\u0142o\u015bci odbijaj\u0105ce si\u0119 w tera\u017aniejszo\u015bci oraz bada granice mi\u0119dzy obecno\u015bci\u0105 i nieobecno\u015bci\u0105, widoczno\u015bci\u0105 i niewidzialno\u015bci\u0105. Wykorzystuj\u0105c r\u00f3\u017cnorodne \u015brodki artystyczne, od malarstwa i rze\u017aby po instalacje wideo i performance, arty\u015bci wywo\u0142uj\u0105 namacalne poczucie nieobecno\u015bci i zapraszaj\u0105 publiczno\u015b\u0107 do rezonowania z echami tego, co kiedy\u015b by\u0142o. W ten spos\u00f3b otwieraj\u0105 przestrze\u0144 dla dialogu, refleksji i mo\u017cliwo\u015bci wyobra\u017cenia sobie alternatywnej przysz\u0142o\u015bci poza granicami chwili obecnej.\n\u00a0\n* Dwa pawilony Expoflora z lat 70. znajduj\u0105 si\u0119 w bezpo\u015brednim s\u0105siedztwie modernistycznych fontann zbudowanych przez Hori\u0119 Creang\u0119 i mo\u017cna do nich dotrze\u0107 pieszo, korzystaj\u0105c z g\u0142\u00f3wnego wej\u015bcia do Parc Her\u0103str\u0103u od strony placu Charlesa de Gaulle'a.\n** Wystaw\u0119 mo\u017cna ogl\u0105da\u0107 z zewn\u0105trz 24 godziny na dob\u0119, przez ca\u0142y okres jej trwania."},{"@type":"ImageObject","inLanguage":"pl-PL","@id":"https:\/\/instytutpolski.pl\/bucuresti\/pl\/2024\/04\/09\/praca-polskiej-artystki-na-wystawie-geister\/#primaryimage","url":"https:\/\/instytutpolski.pl\/bucuresti\/wp-content\/uploads\/sites\/11\/2024\/04\/geister-facebook-event-1920x1080px.png","contentUrl":"https:\/\/instytutpolski.pl\/bucuresti\/wp-content\/uploads\/sites\/11\/2024\/04\/geister-facebook-event-1920x1080px.png","width":1920,"height":1080},{"@type":"BreadcrumbList","@id":"https:\/\/instytutpolski.pl\/bucuresti\/pl\/2024\/04\/09\/praca-polskiej-artystki-na-wystawie-geister\/#breadcrumb","itemListElement":[{"@type":"ListItem","position":1,"name":"Home","item":"https:\/\/instytutpolski.pl\/bucuresti\/"},{"@type":"ListItem","position":2,"name":"PRACA POLSKIEJ ARTYSTKI NA WYSTAWIE GEISTER"}]},{"@type":"WebSite","@id":"https:\/\/instytutpolski.pl\/bucuresti\/#website","url":"https:\/\/instytutpolski.pl\/bucuresti\/","name":"Instytut Polski w Bukareszcie","description":"Instytuty Polskie","potentialAction":[{"@type":"SearchAction","target":{"@type":"EntryPoint","urlTemplate":"https:\/\/instytutpolski.pl\/bucuresti\/?s={search_term_string}"},"query-input":{"@type":"PropertyValueSpecification","valueRequired":true,"valueName":"search_term_string"}}],"inLanguage":"pl-PL"},{"@type":"Person","@id":"https:\/\/instytutpolski.pl\/bucuresti\/#\/schema\/person\/980fdccff6ea3f1cab069becadecca5b","name":"rutkowskip","image":{"@type":"ImageObject","inLanguage":"pl-PL","@id":"https:\/\/instytutpolski.pl\/bucuresti\/#\/schema\/person\/image\/","url":"https:\/\/secure.gravatar.com\/avatar\/a44cb0329dc71f58530e0890a10f5e4d?s=96&d=mm&r=g","contentUrl":"https:\/\/secure.gravatar.com\/avatar\/a44cb0329dc71f58530e0890a10f5e4d?s=96&d=mm&r=g","caption":"rutkowskip"},"url":"https:\/\/instytutpolski.pl\/bucuresti\/author\/rutkowskip\/"}]}},"_links":{"self":[{"href":"https:\/\/instytutpolski.pl\/bucuresti\/wp-json\/wp\/v2\/posts\/11924","targetHints":{"allow":["GET"]}}],"collection":[{"href":"https:\/\/instytutpolski.pl\/bucuresti\/wp-json\/wp\/v2\/posts"}],"about":[{"href":"https:\/\/instytutpolski.pl\/bucuresti\/wp-json\/wp\/v2\/types\/post"}],"author":[{"embeddable":true,"href":"https:\/\/instytutpolski.pl\/bucuresti\/wp-json\/wp\/v2\/users\/42"}],"replies":[{"embeddable":true,"href":"https:\/\/instytutpolski.pl\/bucuresti\/wp-json\/wp\/v2\/comments?post=11924"}],"version-history":[{"count":3,"href":"https:\/\/instytutpolski.pl\/bucuresti\/wp-json\/wp\/v2\/posts\/11924\/revisions"}],"predecessor-version":[{"id":12008,"href":"https:\/\/instytutpolski.pl\/bucuresti\/wp-json\/wp\/v2\/posts\/11924\/revisions\/12008"}],"wp:featuredmedia":[{"embeddable":true,"href":"https:\/\/instytutpolski.pl\/bucuresti\/wp-json\/wp\/v2\/media\/11921"}],"wp:attachment":[{"href":"https:\/\/instytutpolski.pl\/bucuresti\/wp-json\/wp\/v2\/media?parent=11924"}],"wp:term":[{"taxonomy":"category","embeddable":true,"href":"https:\/\/instytutpolski.pl\/bucuresti\/wp-json\/wp\/v2\/categories?post=11924"},{"taxonomy":"post_tag","embeddable":true,"href":"https:\/\/instytutpolski.pl\/bucuresti\/wp-json\/wp\/v2\/tags?post=11924"}],"curies":[{"name":"wp","href":"https:\/\/api.w.org\/{rel}","templated":true}]}}