{"id":12078,"date":"2024-05-16T15:06:10","date_gmt":"2024-05-16T13:06:10","guid":{"rendered":"https:\/\/instytutpolski.pl\/bucuresti\/?p=12078"},"modified":"2024-05-20T09:01:21","modified_gmt":"2024-05-20T07:01:21","slug":"sztuka-wspolczesna-w-bukareszcie","status":"publish","type":"post","link":"https:\/\/instytutpolski.pl\/bucuresti\/pl\/2024\/05\/16\/sztuka-wspolczesna-w-bukareszcie\/","title":{"rendered":"Sztuka wsp\u00f3\u0142czesna w Bukareszcie"},"content":{"rendered":"\n<p>RAD ART FAIR, odb\u0119dzie si\u0119 w tym roku w dniach 16-19 maja w hotelu Caro w Bukareszcie.<\/p>\n<p>Inicjatywa RAD ma na celu konsolidacj\u0119 i promocj\u0119 lokalnej sceny artystycznej, skupiaj\u0105c uznanych rumu\u0144skich artyst\u00f3w i galerie, a tak\u017ce najbardziej aktywnych rumu\u0144skich i zagranicznych kurator\u00f3w i kolekcjoner\u00f3w.<\/p>\n<p>Zaprezentowane zostan\u0105 prace ponad 90 najwa\u017cniejszych rumu\u0144skich artyst\u00f3w chwili obecnej, od m\u0142odych artyst\u00f3w, po artyst\u00f3w, kt\u00f3rzy rozpocz\u0119li swoj\u0105 dzia\u0142alno\u015b\u0107 w latach 70. i przyczynili si\u0119 do powstania rumu\u0144skiej sceny artystycznej.<\/p>\n<p>Liczba galerii uczestnicz\u0105cych w tym roku wzros\u0142a w por\u00f3wnaniu do roku poprzedniego, zebra\u0142o si\u0119 ich 26, z czego 11 galerii bierze udzia\u0142 po raz pierwszy.<\/p>\n<p>Wydarzenie organizowane jest przy wsparciu EUNIC Romania.<\/p>\n<p>***<\/p>\n<p>Z pe\u0142nym programem mo\u017cna zapozna\u0107 si\u0119 tutaj <a href=\"https:\/\/www.facebook.com\/events\/1475838476667495\/?ref=newsfeed\">www.facebook.com<\/a><\/p>\n","protected":false},"excerpt":{"rendered":"<p>RAD ART FAIR, odb\u0119dzie si\u0119 w tym roku w dniach 16-19 maja w hotelu Caro w Bukareszcie. Inicjatywa RAD ma na celu konsolidacj\u0119 i promocj\u0119 lokalnej sceny artystycznej, skupiaj\u0105c uznanych rumu\u0144skich artyst\u00f3w i galerie, a tak\u017ce najbardziej aktywnych rumu\u0144skich i zagranicznych kurator\u00f3w i kolekcjoner\u00f3w. Zaprezentowane zostan\u0105 prace ponad 90 najwa\u017cniejszych rumu\u0144skich artyst\u00f3w chwili obecnej, od [&hellip;]<\/p>\n","protected":false},"author":41,"featured_media":12065,"comment_status":"open","ping_status":"open","sticky":false,"template":"","format":"standard","meta":{"inline_featured_image":false,"_monsterinsights_skip_tracking":false,"_monsterinsights_sitenote_active":false,"_monsterinsights_sitenote_note":"","_monsterinsights_sitenote_category":0,"footnotes":""},"categories":[43,96],"tags":[],"class_list":["post-12078","post","type-post","status-publish","format-standard","has-post-thumbnail","hentry","category-sztuki-wizualne","category-wydarzenia"],"yoast_head":"<!-- This site is optimized with the Yoast SEO plugin v24.6 - https:\/\/yoast.com\/wordpress\/plugins\/seo\/ -->\n<title>Sztuka wsp\u00f3\u0142czesna w Bukareszcie - Instytut Polski w Bukareszcie<\/title>\n<meta name=\"robots\" content=\"index, follow, max-snippet:-1, max-image-preview:large, max-video-preview:-1\" \/>\n<link rel=\"canonical\" href=\"https:\/\/instytutpolski.pl\/bucuresti\/pl\/2024\/05\/16\/sztuka-wspolczesna-w-bukareszcie\/\" \/>\n<meta property=\"og:locale\" content=\"pl_PL\" \/>\n<meta property=\"og:type\" content=\"article\" \/>\n<meta property=\"og:title\" content=\"Sztuka wsp\u00f3\u0142czesna w Bukareszcie - Instytut Polski w Bukareszcie\" \/>\n<meta property=\"og:description\" content=\"RAD ART FAIR, odb\u0119dzie si\u0119 w tym roku w dniach 16-19 maja w hotelu Caro w Bukareszcie. Inicjatywa RAD ma na celu konsolidacj\u0119 i promocj\u0119 lokalnej sceny artystycznej, skupiaj\u0105c uznanych rumu\u0144skich artyst\u00f3w i galerie, a tak\u017ce najbardziej aktywnych rumu\u0144skich i zagranicznych kurator\u00f3w i kolekcjoner\u00f3w. Zaprezentowane zostan\u0105 prace ponad 90 najwa\u017cniejszych rumu\u0144skich artyst\u00f3w chwili obecnej, od [&hellip;]\" \/>\n<meta property=\"og:url\" content=\"https:\/\/instytutpolski.pl\/bucuresti\/pl\/2024\/05\/16\/sztuka-wspolczesna-w-bukareszcie\/\" \/>\n<meta property=\"og:site_name\" content=\"Instytut Polski w Bukareszcie\" \/>\n<meta property=\"article:published_time\" content=\"2024-05-16T13:06:10+00:00\" \/>\n<meta property=\"article:modified_time\" content=\"2024-05-20T07:01:21+00:00\" \/>\n<meta property=\"og:image\" content=\"https:\/\/instytutpolski.pl\/bucuresti\/wp-content\/uploads\/sites\/11\/2024\/05\/440570777_355252764201162_9008556475686247829_n.jpg\" \/>\n\t<meta property=\"og:image:width\" content=\"2048\" \/>\n\t<meta property=\"og:image:height\" content=\"1152\" \/>\n\t<meta property=\"og:image:type\" content=\"image\/jpeg\" \/>\n<meta name=\"author\" content=\"mirelal\" \/>\n<meta name=\"twitter:card\" content=\"summary_large_image\" \/>\n<meta name=\"twitter:label1\" content=\"Napisane przez\" \/>\n\t<meta name=\"twitter:data1\" content=\"mirelal\" \/>\n\t<meta name=\"twitter:label2\" content=\"Szacowany czas czytania\" \/>\n\t<meta name=\"twitter:data2\" content=\"1 minuta\" \/>\n<script type=\"application\/ld+json\" class=\"yoast-schema-graph\">{\"@context\":\"https:\/\/schema.org\",\"@graph\":[{\"@type\":\"event\",\"@id\":\"https:\/\/instytutpolski.pl\/bucuresti\/pl\/2024\/05\/16\/sztuka-wspolczesna-w-bukareszcie\/\",\"url\":\"https:\/\/instytutpolski.pl\/bucuresti\/pl\/2024\/05\/16\/sztuka-wspolczesna-w-bukareszcie\/\",\"name\":\"Sztuka wsp\u00f3\u0142czesna w Bukareszcie\",\"isPartOf\":{\"@id\":\"https:\/\/instytutpolski.pl\/bucuresti\/#website\"},\"primaryImageOfPage\":{\"@id\":\"https:\/\/instytutpolski.pl\/bucuresti\/pl\/2024\/05\/16\/sztuka-wspolczesna-w-bukareszcie\/#primaryimage\"},\"image\":[\"https:\/\/instytutpolski.pl\/bucuresti\/wp-content\/uploads\/sites\/11\/2024\/05\/440570777_355252764201162_9008556475686247829_n.jpg\",\"https:\/\/instytutpolski.pl\/bucuresti\/wp-content\/uploads\/sites\/11\/2024\/05\/440570777_355252764201162_9008556475686247829_n-300x169.jpg\",\"https:\/\/instytutpolski.pl\/bucuresti\/wp-content\/uploads\/sites\/11\/2024\/05\/440570777_355252764201162_9008556475686247829_n-1024x576.jpg\",\"https:\/\/instytutpolski.pl\/bucuresti\/wp-content\/uploads\/sites\/11\/2024\/05\/440570777_355252764201162_9008556475686247829_n.jpg\"],\"thumbnailUrl\":\"https:\/\/instytutpolski.pl\/bucuresti\/wp-content\/uploads\/sites\/11\/2024\/05\/440570777_355252764201162_9008556475686247829_n.jpg\",\"datePublished\":\"2024-05-16T13:06:10+02:00\",\"dateModified\":\"2024-05-20T07:01:21+02:00\",\"author\":{\"@id\":\"https:\/\/instytutpolski.pl\/bucuresti\/#\/schema\/person\/36eba23bd65c4ed8774deeb285a19272\"},\"breadcrumb\":{\"@id\":\"https:\/\/instytutpolski.pl\/bucuresti\/pl\/2024\/05\/16\/sztuka-wspolczesna-w-bukareszcie\/#breadcrumb\"},\"inLanguage\":\"pl-PL\",\"potentialAction\":[{\"@type\":\"ReadAction\",\"target\":[\"https:\/\/instytutpolski.pl\/bucuresti\/pl\/2024\/05\/16\/sztuka-wspolczesna-w-bukareszcie\/\"]}],\"@context\":\"https:\/\/schema.org\",\"startDate\":\"2024-05-16\",\"endDate\":\"2024-05-19\",\"eventStatus\":\"EventScheduled\",\"eventAttendanceMode\":\"OfflineEventAttendanceMode\",\"location\":{\"@type\":\"place\",\"name\":\"\",\"address\":\"\",\"geo\":{\"@type\":\"GeoCoordinates\",\"latitude\":\"\",\"longitude\":\"\"}},\"description\":\"RAD ART FAIR, odb\u0119dzie si\u0119 w tym roku w dniach 16-19 maja w hotelu Caro w Bukareszcie.\\nInicjatywa RAD ma na celu konsolidacj\u0119 i promocj\u0119 lokalnej sceny artystycznej, skupiaj\u0105c uznanych rumu\u0144skich artyst\u00f3w i galerie, a tak\u017ce najbardziej aktywnych rumu\u0144skich i zagranicznych kurator\u00f3w i kolekcjoner\u00f3w.\\nZaprezentowane zostan\u0105 prace ponad 90 najwa\u017cniejszych rumu\u0144skich artyst\u00f3w chwili obecnej, od m\u0142odych artyst\u00f3w, po artyst\u00f3w, kt\u00f3rzy rozpocz\u0119li swoj\u0105 dzia\u0142alno\u015b\u0107 w latach 70. i przyczynili si\u0119 do powstania rumu\u0144skiej sceny artystycznej.\\nLiczba galerii uczestnicz\u0105cych w tym roku wzros\u0142a w por\u00f3wnaniu do roku poprzedniego, zebra\u0142o si\u0119 ich 26, z czego 11 galerii bierze udzia\u0142 po raz pierwszy.\\nWydarzenie organizowane jest przy wsparciu EUNIC Romania.\\n***\\nZ pe\u0142nym programem mo\u017cna zapozna\u0107 si\u0119 tutaj www.facebook.com\"},{\"@type\":\"ImageObject\",\"inLanguage\":\"pl-PL\",\"@id\":\"https:\/\/instytutpolski.pl\/bucuresti\/pl\/2024\/05\/16\/sztuka-wspolczesna-w-bukareszcie\/#primaryimage\",\"url\":\"https:\/\/instytutpolski.pl\/bucuresti\/wp-content\/uploads\/sites\/11\/2024\/05\/440570777_355252764201162_9008556475686247829_n.jpg\",\"contentUrl\":\"https:\/\/instytutpolski.pl\/bucuresti\/wp-content\/uploads\/sites\/11\/2024\/05\/440570777_355252764201162_9008556475686247829_n.jpg\",\"width\":2048,\"height\":1152},{\"@type\":\"BreadcrumbList\",\"@id\":\"https:\/\/instytutpolski.pl\/bucuresti\/pl\/2024\/05\/16\/sztuka-wspolczesna-w-bukareszcie\/#breadcrumb\",\"itemListElement\":[{\"@type\":\"ListItem\",\"position\":1,\"name\":\"Home\",\"item\":\"https:\/\/instytutpolski.pl\/bucuresti\/\"},{\"@type\":\"ListItem\",\"position\":2,\"name\":\"Sztuka wsp\u00f3\u0142czesna w Bukareszcie\"}]},{\"@type\":\"WebSite\",\"@id\":\"https:\/\/instytutpolski.pl\/bucuresti\/#website\",\"url\":\"https:\/\/instytutpolski.pl\/bucuresti\/\",\"name\":\"Instytut Polski w Bukareszcie\",\"description\":\"Instytuty Polskie\",\"potentialAction\":[{\"@type\":\"SearchAction\",\"target\":{\"@type\":\"EntryPoint\",\"urlTemplate\":\"https:\/\/instytutpolski.pl\/bucuresti\/?s={search_term_string}\"},\"query-input\":{\"@type\":\"PropertyValueSpecification\",\"valueRequired\":true,\"valueName\":\"search_term_string\"}}],\"inLanguage\":\"pl-PL\"},{\"@type\":\"Person\",\"@id\":\"https:\/\/instytutpolski.pl\/bucuresti\/#\/schema\/person\/36eba23bd65c4ed8774deeb285a19272\",\"name\":\"mirelal\",\"image\":{\"@type\":\"ImageObject\",\"inLanguage\":\"pl-PL\",\"@id\":\"https:\/\/instytutpolski.pl\/bucuresti\/#\/schema\/person\/image\/\",\"url\":\"https:\/\/secure.gravatar.com\/avatar\/5838c7614d071fe473f8aeb2de72beb4?s=96&d=mm&r=g\",\"contentUrl\":\"https:\/\/secure.gravatar.com\/avatar\/5838c7614d071fe473f8aeb2de72beb4?s=96&d=mm&r=g\",\"caption\":\"mirelal\"},\"url\":\"https:\/\/instytutpolski.pl\/bucuresti\/author\/mirelal\/\"}]}<\/script>\n<!-- \/ Yoast SEO plugin. -->","yoast_head_json":{"title":"Sztuka wsp\u00f3\u0142czesna w Bukareszcie - Instytut Polski w Bukareszcie","robots":{"index":"index","follow":"follow","max-snippet":"max-snippet:-1","max-image-preview":"max-image-preview:large","max-video-preview":"max-video-preview:-1"},"canonical":"https:\/\/instytutpolski.pl\/bucuresti\/pl\/2024\/05\/16\/sztuka-wspolczesna-w-bukareszcie\/","og_locale":"pl_PL","og_type":"article","og_title":"Sztuka wsp\u00f3\u0142czesna w Bukareszcie - Instytut Polski w Bukareszcie","og_description":"RAD ART FAIR, odb\u0119dzie si\u0119 w tym roku w dniach 16-19 maja w hotelu Caro w Bukareszcie. Inicjatywa RAD ma na celu konsolidacj\u0119 i promocj\u0119 lokalnej sceny artystycznej, skupiaj\u0105c uznanych rumu\u0144skich artyst\u00f3w i galerie, a tak\u017ce najbardziej aktywnych rumu\u0144skich i zagranicznych kurator\u00f3w i kolekcjoner\u00f3w. Zaprezentowane zostan\u0105 prace ponad 90 najwa\u017cniejszych rumu\u0144skich artyst\u00f3w chwili obecnej, od [&hellip;]","og_url":"https:\/\/instytutpolski.pl\/bucuresti\/pl\/2024\/05\/16\/sztuka-wspolczesna-w-bukareszcie\/","og_site_name":"Instytut Polski w Bukareszcie","article_published_time":"2024-05-16T13:06:10+00:00","article_modified_time":"2024-05-20T07:01:21+00:00","og_image":[{"width":2048,"height":1152,"url":"https:\/\/instytutpolski.pl\/bucuresti\/wp-content\/uploads\/sites\/11\/2024\/05\/440570777_355252764201162_9008556475686247829_n.jpg","type":"image\/jpeg"}],"author":"mirelal","twitter_card":"summary_large_image","twitter_misc":{"Napisane przez":"mirelal","Szacowany czas czytania":"1 minuta"},"schema":{"@context":"https:\/\/schema.org","@graph":[{"@type":"event","@id":"https:\/\/instytutpolski.pl\/bucuresti\/pl\/2024\/05\/16\/sztuka-wspolczesna-w-bukareszcie\/","url":"https:\/\/instytutpolski.pl\/bucuresti\/pl\/2024\/05\/16\/sztuka-wspolczesna-w-bukareszcie\/","name":"Sztuka wsp\u00f3\u0142czesna w Bukareszcie","isPartOf":{"@id":"https:\/\/instytutpolski.pl\/bucuresti\/#website"},"primaryImageOfPage":{"@id":"https:\/\/instytutpolski.pl\/bucuresti\/pl\/2024\/05\/16\/sztuka-wspolczesna-w-bukareszcie\/#primaryimage"},"image":["https:\/\/instytutpolski.pl\/bucuresti\/wp-content\/uploads\/sites\/11\/2024\/05\/440570777_355252764201162_9008556475686247829_n.jpg","https:\/\/instytutpolski.pl\/bucuresti\/wp-content\/uploads\/sites\/11\/2024\/05\/440570777_355252764201162_9008556475686247829_n-300x169.jpg","https:\/\/instytutpolski.pl\/bucuresti\/wp-content\/uploads\/sites\/11\/2024\/05\/440570777_355252764201162_9008556475686247829_n-1024x576.jpg","https:\/\/instytutpolski.pl\/bucuresti\/wp-content\/uploads\/sites\/11\/2024\/05\/440570777_355252764201162_9008556475686247829_n.jpg"],"thumbnailUrl":"https:\/\/instytutpolski.pl\/bucuresti\/wp-content\/uploads\/sites\/11\/2024\/05\/440570777_355252764201162_9008556475686247829_n.jpg","datePublished":"2024-05-16T13:06:10+02:00","dateModified":"2024-05-20T07:01:21+02:00","author":{"@id":"https:\/\/instytutpolski.pl\/bucuresti\/#\/schema\/person\/36eba23bd65c4ed8774deeb285a19272"},"breadcrumb":{"@id":"https:\/\/instytutpolski.pl\/bucuresti\/pl\/2024\/05\/16\/sztuka-wspolczesna-w-bukareszcie\/#breadcrumb"},"inLanguage":"pl-PL","potentialAction":[{"@type":"ReadAction","target":["https:\/\/instytutpolski.pl\/bucuresti\/pl\/2024\/05\/16\/sztuka-wspolczesna-w-bukareszcie\/"]}],"@context":"https:\/\/schema.org","startDate":"2024-05-16","endDate":"2024-05-19","eventStatus":"EventScheduled","eventAttendanceMode":"OfflineEventAttendanceMode","location":{"@type":"place","name":"","address":"","geo":{"@type":"GeoCoordinates","latitude":"","longitude":""}},"description":"RAD ART FAIR, odb\u0119dzie si\u0119 w tym roku w dniach 16-19 maja w hotelu Caro w Bukareszcie.\nInicjatywa RAD ma na celu konsolidacj\u0119 i promocj\u0119 lokalnej sceny artystycznej, skupiaj\u0105c uznanych rumu\u0144skich artyst\u00f3w i galerie, a tak\u017ce najbardziej aktywnych rumu\u0144skich i zagranicznych kurator\u00f3w i kolekcjoner\u00f3w.\nZaprezentowane zostan\u0105 prace ponad 90 najwa\u017cniejszych rumu\u0144skich artyst\u00f3w chwili obecnej, od m\u0142odych artyst\u00f3w, po artyst\u00f3w, kt\u00f3rzy rozpocz\u0119li swoj\u0105 dzia\u0142alno\u015b\u0107 w latach 70. i przyczynili si\u0119 do powstania rumu\u0144skiej sceny artystycznej.\nLiczba galerii uczestnicz\u0105cych w tym roku wzros\u0142a w por\u00f3wnaniu do roku poprzedniego, zebra\u0142o si\u0119 ich 26, z czego 11 galerii bierze udzia\u0142 po raz pierwszy.\nWydarzenie organizowane jest przy wsparciu EUNIC Romania.\n***\nZ pe\u0142nym programem mo\u017cna zapozna\u0107 si\u0119 tutaj www.facebook.com"},{"@type":"ImageObject","inLanguage":"pl-PL","@id":"https:\/\/instytutpolski.pl\/bucuresti\/pl\/2024\/05\/16\/sztuka-wspolczesna-w-bukareszcie\/#primaryimage","url":"https:\/\/instytutpolski.pl\/bucuresti\/wp-content\/uploads\/sites\/11\/2024\/05\/440570777_355252764201162_9008556475686247829_n.jpg","contentUrl":"https:\/\/instytutpolski.pl\/bucuresti\/wp-content\/uploads\/sites\/11\/2024\/05\/440570777_355252764201162_9008556475686247829_n.jpg","width":2048,"height":1152},{"@type":"BreadcrumbList","@id":"https:\/\/instytutpolski.pl\/bucuresti\/pl\/2024\/05\/16\/sztuka-wspolczesna-w-bukareszcie\/#breadcrumb","itemListElement":[{"@type":"ListItem","position":1,"name":"Home","item":"https:\/\/instytutpolski.pl\/bucuresti\/"},{"@type":"ListItem","position":2,"name":"Sztuka wsp\u00f3\u0142czesna w Bukareszcie"}]},{"@type":"WebSite","@id":"https:\/\/instytutpolski.pl\/bucuresti\/#website","url":"https:\/\/instytutpolski.pl\/bucuresti\/","name":"Instytut Polski w Bukareszcie","description":"Instytuty Polskie","potentialAction":[{"@type":"SearchAction","target":{"@type":"EntryPoint","urlTemplate":"https:\/\/instytutpolski.pl\/bucuresti\/?s={search_term_string}"},"query-input":{"@type":"PropertyValueSpecification","valueRequired":true,"valueName":"search_term_string"}}],"inLanguage":"pl-PL"},{"@type":"Person","@id":"https:\/\/instytutpolski.pl\/bucuresti\/#\/schema\/person\/36eba23bd65c4ed8774deeb285a19272","name":"mirelal","image":{"@type":"ImageObject","inLanguage":"pl-PL","@id":"https:\/\/instytutpolski.pl\/bucuresti\/#\/schema\/person\/image\/","url":"https:\/\/secure.gravatar.com\/avatar\/5838c7614d071fe473f8aeb2de72beb4?s=96&d=mm&r=g","contentUrl":"https:\/\/secure.gravatar.com\/avatar\/5838c7614d071fe473f8aeb2de72beb4?s=96&d=mm&r=g","caption":"mirelal"},"url":"https:\/\/instytutpolski.pl\/bucuresti\/author\/mirelal\/"}]}},"_links":{"self":[{"href":"https:\/\/instytutpolski.pl\/bucuresti\/wp-json\/wp\/v2\/posts\/12078","targetHints":{"allow":["GET"]}}],"collection":[{"href":"https:\/\/instytutpolski.pl\/bucuresti\/wp-json\/wp\/v2\/posts"}],"about":[{"href":"https:\/\/instytutpolski.pl\/bucuresti\/wp-json\/wp\/v2\/types\/post"}],"author":[{"embeddable":true,"href":"https:\/\/instytutpolski.pl\/bucuresti\/wp-json\/wp\/v2\/users\/41"}],"replies":[{"embeddable":true,"href":"https:\/\/instytutpolski.pl\/bucuresti\/wp-json\/wp\/v2\/comments?post=12078"}],"version-history":[{"count":3,"href":"https:\/\/instytutpolski.pl\/bucuresti\/wp-json\/wp\/v2\/posts\/12078\/revisions"}],"predecessor-version":[{"id":12099,"href":"https:\/\/instytutpolski.pl\/bucuresti\/wp-json\/wp\/v2\/posts\/12078\/revisions\/12099"}],"wp:featuredmedia":[{"embeddable":true,"href":"https:\/\/instytutpolski.pl\/bucuresti\/wp-json\/wp\/v2\/media\/12065"}],"wp:attachment":[{"href":"https:\/\/instytutpolski.pl\/bucuresti\/wp-json\/wp\/v2\/media?parent=12078"}],"wp:term":[{"taxonomy":"category","embeddable":true,"href":"https:\/\/instytutpolski.pl\/bucuresti\/wp-json\/wp\/v2\/categories?post=12078"},{"taxonomy":"post_tag","embeddable":true,"href":"https:\/\/instytutpolski.pl\/bucuresti\/wp-json\/wp\/v2\/tags?post=12078"}],"curies":[{"name":"wp","href":"https:\/\/api.w.org\/{rel}","templated":true}]}}