{"id":12141,"date":"2024-05-28T12:34:31","date_gmt":"2024-05-28T10:34:31","guid":{"rendered":"https:\/\/instytutpolski.pl\/bucuresti\/?p=12141"},"modified":"2024-06-03T13:22:44","modified_gmt":"2024-06-03T11:22:44","slug":"artysci-galerii-ikikata-na-targach-mobu-2024","status":"publish","type":"post","link":"https:\/\/instytutpolski.pl\/bucuresti\/pl\/2024\/05\/28\/artysci-galerii-ikikata-na-targach-mobu-2024\/","title":{"rendered":"Arty\u015bci Galerii Ikikata na targach MoBu 2024"},"content":{"rendered":"\n<p style=\"text-align: justify\">Ikikata zosta\u0142a za\u0142o\u017cona w 2020 roku przez Kasi\u0119 Szwarc w celu odkrywania nowych sposob\u00f3w prezentowania i promowania wsp\u00f3\u0142czesnej sztuki polskiej w\u015br\u00f3d kolekcjoner\u00f3w i szerszej publiczno\u015bci, zar\u00f3wno w Polsce, jak i na arenie mi\u0119dzynarodowej. Wierz\u0105c, \u017ce j\u0119zyk sztuki nie powinien by\u0107 ani ograniczaj\u0105cy, ani podzielony na kategorie, galeria jest otwarta na wszystkie formy aktywno\u015bci i ekspresji artystycznej. Reprezentuje i wystawia artyst\u00f3w specjalizuj\u0105cych si\u0119 w r\u00f3\u017cnych technikach i stylach i kt\u00f3rych tw\u00f3rczo\u015b\u0107 nie tylko spe\u0142nia najwy\u017csze kryteria, ale przede wszystkim stanowi istotny g\u0142os we wsp\u00f3\u0142czesnej sztuce polskiej. Galeria szybko zdoby\u0142a znacz\u0105c\u0105 pozycj\u0119 na krajowym rynku, m.in. dzi\u0119ki trzeciej nagrodzie publiczno\u015bci za najlepsze stoisko\/wystaw\u0119 na 20. Warszawskich Targach Sztuki w 2023 roku.<\/p>\n<p style=\"text-align: justify\">\u00a0<\/p>\n<p style=\"text-align: justify\">Arty\u015bci prezentowani na MoBU 2024:<\/p>\n<p style=\"text-align: justify\">Karolina Cecot, Daria Infanti, Micha\u0142 Piotrkowicz, Agnieszka Rogowska, Konrad Trzeszczkowski, Monika Walendziak, Alicja Wasilka, Wojtek Wi\u0119ckowski, Konrad Wi\u015bniewski, Cyryl Zakrzewski<\/p>\n<p style=\"text-align: justify\">Targi sztuki wsp\u00f3\u0142czesnej MoBu 2024 odb\u0119d\u0105 si\u0119 w Bukareszcie, w Pawilonie Centralnym Romexpo, Bvd. M\u0103r\u0103\u0219ti nr. 65-67.<\/p>\n<p style=\"text-align: justify\">Wst\u0119p jest bezp\u0142atny.<\/p>\n","protected":false},"excerpt":{"rendered":"<p>Ikikata zosta\u0142a za\u0142o\u017cona w 2020 roku przez Kasi\u0119 Szwarc w celu odkrywania nowych sposob\u00f3w prezentowania i promowania wsp\u00f3\u0142czesnej sztuki polskiej w\u015br\u00f3d kolekcjoner\u00f3w i szerszej publiczno\u015bci, zar\u00f3wno w Polsce, jak i na arenie mi\u0119dzynarodowej. Wierz\u0105c, \u017ce j\u0119zyk sztuki nie powinien by\u0107 ani ograniczaj\u0105cy, ani podzielony na kategorie, galeria jest otwarta na wszystkie formy aktywno\u015bci i ekspresji [&hellip;]<\/p>\n","protected":false},"author":42,"featured_media":12136,"comment_status":"open","ping_status":"open","sticky":false,"template":"","format":"standard","meta":{"inline_featured_image":false,"_monsterinsights_skip_tracking":false,"_monsterinsights_sitenote_active":false,"_monsterinsights_sitenote_note":"","_monsterinsights_sitenote_category":0,"footnotes":""},"categories":[43],"tags":[],"class_list":["post-12141","post","type-post","status-publish","format-standard","has-post-thumbnail","hentry","category-sztuki-wizualne"],"yoast_head":"<!-- This site is optimized with the Yoast SEO plugin v24.6 - https:\/\/yoast.com\/wordpress\/plugins\/seo\/ -->\n<title>Arty\u015bci Galerii Ikikata na targach MoBu 2024 - Instytut Polski w Bukareszcie<\/title>\n<meta name=\"robots\" content=\"index, follow, max-snippet:-1, max-image-preview:large, max-video-preview:-1\" \/>\n<link rel=\"canonical\" href=\"https:\/\/instytutpolski.pl\/bucuresti\/pl\/2024\/05\/28\/artysci-galerii-ikikata-na-targach-mobu-2024\/\" \/>\n<meta property=\"og:locale\" content=\"pl_PL\" \/>\n<meta property=\"og:type\" content=\"article\" \/>\n<meta property=\"og:title\" content=\"Arty\u015bci Galerii Ikikata na targach MoBu 2024 - Instytut Polski w Bukareszcie\" \/>\n<meta property=\"og:description\" content=\"Ikikata zosta\u0142a za\u0142o\u017cona w 2020 roku przez Kasi\u0119 Szwarc w celu odkrywania nowych sposob\u00f3w prezentowania i promowania wsp\u00f3\u0142czesnej sztuki polskiej w\u015br\u00f3d kolekcjoner\u00f3w i szerszej publiczno\u015bci, zar\u00f3wno w Polsce, jak i na arenie mi\u0119dzynarodowej. Wierz\u0105c, \u017ce j\u0119zyk sztuki nie powinien by\u0107 ani ograniczaj\u0105cy, ani podzielony na kategorie, galeria jest otwarta na wszystkie formy aktywno\u015bci i ekspresji [&hellip;]\" \/>\n<meta property=\"og:url\" content=\"https:\/\/instytutpolski.pl\/bucuresti\/pl\/2024\/05\/28\/artysci-galerii-ikikata-na-targach-mobu-2024\/\" \/>\n<meta property=\"og:site_name\" content=\"Instytut Polski w Bukareszcie\" \/>\n<meta property=\"article:published_time\" content=\"2024-05-28T10:34:31+00:00\" \/>\n<meta property=\"article:modified_time\" content=\"2024-06-03T11:22:44+00:00\" \/>\n<meta property=\"og:image\" content=\"https:\/\/instytutpolski.pl\/bucuresti\/wp-content\/uploads\/sites\/11\/2024\/05\/IMG_8397-1920w.jpeg\" \/>\n\t<meta property=\"og:image:width\" content=\"1920\" \/>\n\t<meta property=\"og:image:height\" content=\"1280\" \/>\n\t<meta property=\"og:image:type\" content=\"image\/jpeg\" \/>\n<meta name=\"author\" content=\"rutkowskip\" \/>\n<meta name=\"twitter:card\" content=\"summary_large_image\" \/>\n<meta name=\"twitter:label1\" content=\"Napisane przez\" \/>\n\t<meta name=\"twitter:data1\" content=\"rutkowskip\" \/>\n\t<meta name=\"twitter:label2\" content=\"Szacowany czas czytania\" \/>\n\t<meta name=\"twitter:data2\" content=\"1 minuta\" \/>\n<script type=\"application\/ld+json\" class=\"yoast-schema-graph\">{\"@context\":\"https:\/\/schema.org\",\"@graph\":[{\"@type\":\"event\",\"@id\":\"https:\/\/instytutpolski.pl\/bucuresti\/pl\/2024\/05\/28\/artysci-galerii-ikikata-na-targach-mobu-2024\/\",\"url\":\"https:\/\/instytutpolski.pl\/bucuresti\/pl\/2024\/05\/28\/artysci-galerii-ikikata-na-targach-mobu-2024\/\",\"name\":\"Arty\u015bci Galerii Ikikata na targach MoBu 2024\",\"isPartOf\":{\"@id\":\"https:\/\/instytutpolski.pl\/bucuresti\/#website\"},\"primaryImageOfPage\":{\"@id\":\"https:\/\/instytutpolski.pl\/bucuresti\/pl\/2024\/05\/28\/artysci-galerii-ikikata-na-targach-mobu-2024\/#primaryimage\"},\"image\":[\"https:\/\/instytutpolski.pl\/bucuresti\/wp-content\/uploads\/sites\/11\/2024\/05\/IMG_8397-1920w.jpeg\",\"https:\/\/instytutpolski.pl\/bucuresti\/wp-content\/uploads\/sites\/11\/2024\/05\/IMG_8397-1920w-300x200.jpeg\",\"https:\/\/instytutpolski.pl\/bucuresti\/wp-content\/uploads\/sites\/11\/2024\/05\/IMG_8397-1920w-1024x683.jpeg\",\"https:\/\/instytutpolski.pl\/bucuresti\/wp-content\/uploads\/sites\/11\/2024\/05\/IMG_8397-1920w.jpeg\"],\"thumbnailUrl\":\"https:\/\/instytutpolski.pl\/bucuresti\/wp-content\/uploads\/sites\/11\/2024\/05\/IMG_8397-1920w.jpeg\",\"datePublished\":\"2024-05-28T10:34:31+02:00\",\"dateModified\":\"2024-06-03T11:22:44+02:00\",\"author\":{\"@id\":\"https:\/\/instytutpolski.pl\/bucuresti\/#\/schema\/person\/980fdccff6ea3f1cab069becadecca5b\"},\"breadcrumb\":{\"@id\":\"https:\/\/instytutpolski.pl\/bucuresti\/pl\/2024\/05\/28\/artysci-galerii-ikikata-na-targach-mobu-2024\/#breadcrumb\"},\"inLanguage\":\"pl-PL\",\"potentialAction\":[{\"@type\":\"ReadAction\",\"target\":[\"https:\/\/instytutpolski.pl\/bucuresti\/pl\/2024\/05\/28\/artysci-galerii-ikikata-na-targach-mobu-2024\/\"]}],\"@context\":\"https:\/\/schema.org\",\"startDate\":\"2024-05-29T10:00:00+02:00\",\"endDate\":\"2024-06-02T07:00:00+02:00\",\"eventStatus\":\"EventScheduled\",\"eventAttendanceMode\":\"OfflineEventAttendanceMode\",\"location\":{\"@type\":\"place\",\"name\":\"\",\"address\":\"\",\"geo\":{\"@type\":\"GeoCoordinates\",\"latitude\":\"\",\"longitude\":\"\"}},\"description\":\"Ikikata zosta\u0142a za\u0142o\u017cona w 2020 roku przez Kasi\u0119 Szwarc w celu odkrywania nowych sposob\u00f3w prezentowania i promowania wsp\u00f3\u0142czesnej sztuki polskiej w\u015br\u00f3d kolekcjoner\u00f3w i szerszej publiczno\u015bci, zar\u00f3wno w Polsce, jak i na arenie mi\u0119dzynarodowej. Wierz\u0105c, \u017ce j\u0119zyk sztuki nie powinien by\u0107 ani ograniczaj\u0105cy, ani podzielony na kategorie, galeria jest otwarta na wszystkie formy aktywno\u015bci i ekspresji artystycznej. Reprezentuje i wystawia artyst\u00f3w specjalizuj\u0105cych si\u0119 w r\u00f3\u017cnych technikach i stylach i kt\u00f3rych tw\u00f3rczo\u015b\u0107 nie tylko spe\u0142nia najwy\u017csze kryteria, ale przede wszystkim stanowi istotny g\u0142os we wsp\u00f3\u0142czesnej sztuce polskiej. Galeria szybko zdoby\u0142a znacz\u0105c\u0105 pozycj\u0119 na krajowym rynku, m.in. dzi\u0119ki trzeciej nagrodzie publiczno\u015bci za najlepsze stoisko\/wystaw\u0119 na 20. Warszawskich Targach Sztuki w 2023 roku.\\n\u00a0\\nArty\u015bci prezentowani na MoBU 2024:\\nKarolina Cecot, Daria Infanti, Micha\u0142 Piotrkowicz, Agnieszka Rogowska, Konrad Trzeszczkowski, Monika Walendziak, Alicja Wasilka, Wojtek Wi\u0119ckowski, Konrad Wi\u015bniewski, Cyryl Zakrzewski\\nTargi sztuki wsp\u00f3\u0142czesnej MoBu 2024 odb\u0119d\u0105 si\u0119 w Bukareszcie, w Pawilonie Centralnym Romexpo, Bvd. M\u0103r\u0103\u0219ti nr. 65-67.\\nWst\u0119p jest bezp\u0142atny.\"},{\"@type\":\"ImageObject\",\"inLanguage\":\"pl-PL\",\"@id\":\"https:\/\/instytutpolski.pl\/bucuresti\/pl\/2024\/05\/28\/artysci-galerii-ikikata-na-targach-mobu-2024\/#primaryimage\",\"url\":\"https:\/\/instytutpolski.pl\/bucuresti\/wp-content\/uploads\/sites\/11\/2024\/05\/IMG_8397-1920w.jpeg\",\"contentUrl\":\"https:\/\/instytutpolski.pl\/bucuresti\/wp-content\/uploads\/sites\/11\/2024\/05\/IMG_8397-1920w.jpeg\",\"width\":1920,\"height\":1280},{\"@type\":\"BreadcrumbList\",\"@id\":\"https:\/\/instytutpolski.pl\/bucuresti\/pl\/2024\/05\/28\/artysci-galerii-ikikata-na-targach-mobu-2024\/#breadcrumb\",\"itemListElement\":[{\"@type\":\"ListItem\",\"position\":1,\"name\":\"Home\",\"item\":\"https:\/\/instytutpolski.pl\/bucuresti\/\"},{\"@type\":\"ListItem\",\"position\":2,\"name\":\"Arty\u015bci Galerii Ikikata na targach MoBu 2024\"}]},{\"@type\":\"WebSite\",\"@id\":\"https:\/\/instytutpolski.pl\/bucuresti\/#website\",\"url\":\"https:\/\/instytutpolski.pl\/bucuresti\/\",\"name\":\"Instytut Polski w Bukareszcie\",\"description\":\"Instytuty Polskie\",\"potentialAction\":[{\"@type\":\"SearchAction\",\"target\":{\"@type\":\"EntryPoint\",\"urlTemplate\":\"https:\/\/instytutpolski.pl\/bucuresti\/?s={search_term_string}\"},\"query-input\":{\"@type\":\"PropertyValueSpecification\",\"valueRequired\":true,\"valueName\":\"search_term_string\"}}],\"inLanguage\":\"pl-PL\"},{\"@type\":\"Person\",\"@id\":\"https:\/\/instytutpolski.pl\/bucuresti\/#\/schema\/person\/980fdccff6ea3f1cab069becadecca5b\",\"name\":\"rutkowskip\",\"image\":{\"@type\":\"ImageObject\",\"inLanguage\":\"pl-PL\",\"@id\":\"https:\/\/instytutpolski.pl\/bucuresti\/#\/schema\/person\/image\/\",\"url\":\"https:\/\/secure.gravatar.com\/avatar\/a44cb0329dc71f58530e0890a10f5e4d?s=96&d=mm&r=g\",\"contentUrl\":\"https:\/\/secure.gravatar.com\/avatar\/a44cb0329dc71f58530e0890a10f5e4d?s=96&d=mm&r=g\",\"caption\":\"rutkowskip\"},\"url\":\"https:\/\/instytutpolski.pl\/bucuresti\/author\/rutkowskip\/\"}]}<\/script>\n<!-- \/ Yoast SEO plugin. -->","yoast_head_json":{"title":"Arty\u015bci Galerii Ikikata na targach MoBu 2024 - Instytut Polski w Bukareszcie","robots":{"index":"index","follow":"follow","max-snippet":"max-snippet:-1","max-image-preview":"max-image-preview:large","max-video-preview":"max-video-preview:-1"},"canonical":"https:\/\/instytutpolski.pl\/bucuresti\/pl\/2024\/05\/28\/artysci-galerii-ikikata-na-targach-mobu-2024\/","og_locale":"pl_PL","og_type":"article","og_title":"Arty\u015bci Galerii Ikikata na targach MoBu 2024 - Instytut Polski w Bukareszcie","og_description":"Ikikata zosta\u0142a za\u0142o\u017cona w 2020 roku przez Kasi\u0119 Szwarc w celu odkrywania nowych sposob\u00f3w prezentowania i promowania wsp\u00f3\u0142czesnej sztuki polskiej w\u015br\u00f3d kolekcjoner\u00f3w i szerszej publiczno\u015bci, zar\u00f3wno w Polsce, jak i na arenie mi\u0119dzynarodowej. Wierz\u0105c, \u017ce j\u0119zyk sztuki nie powinien by\u0107 ani ograniczaj\u0105cy, ani podzielony na kategorie, galeria jest otwarta na wszystkie formy aktywno\u015bci i ekspresji [&hellip;]","og_url":"https:\/\/instytutpolski.pl\/bucuresti\/pl\/2024\/05\/28\/artysci-galerii-ikikata-na-targach-mobu-2024\/","og_site_name":"Instytut Polski w Bukareszcie","article_published_time":"2024-05-28T10:34:31+00:00","article_modified_time":"2024-06-03T11:22:44+00:00","og_image":[{"width":1920,"height":1280,"url":"https:\/\/instytutpolski.pl\/bucuresti\/wp-content\/uploads\/sites\/11\/2024\/05\/IMG_8397-1920w.jpeg","type":"image\/jpeg"}],"author":"rutkowskip","twitter_card":"summary_large_image","twitter_misc":{"Napisane przez":"rutkowskip","Szacowany czas czytania":"1 minuta"},"schema":{"@context":"https:\/\/schema.org","@graph":[{"@type":"event","@id":"https:\/\/instytutpolski.pl\/bucuresti\/pl\/2024\/05\/28\/artysci-galerii-ikikata-na-targach-mobu-2024\/","url":"https:\/\/instytutpolski.pl\/bucuresti\/pl\/2024\/05\/28\/artysci-galerii-ikikata-na-targach-mobu-2024\/","name":"Arty\u015bci Galerii Ikikata na targach MoBu 2024","isPartOf":{"@id":"https:\/\/instytutpolski.pl\/bucuresti\/#website"},"primaryImageOfPage":{"@id":"https:\/\/instytutpolski.pl\/bucuresti\/pl\/2024\/05\/28\/artysci-galerii-ikikata-na-targach-mobu-2024\/#primaryimage"},"image":["https:\/\/instytutpolski.pl\/bucuresti\/wp-content\/uploads\/sites\/11\/2024\/05\/IMG_8397-1920w.jpeg","https:\/\/instytutpolski.pl\/bucuresti\/wp-content\/uploads\/sites\/11\/2024\/05\/IMG_8397-1920w-300x200.jpeg","https:\/\/instytutpolski.pl\/bucuresti\/wp-content\/uploads\/sites\/11\/2024\/05\/IMG_8397-1920w-1024x683.jpeg","https:\/\/instytutpolski.pl\/bucuresti\/wp-content\/uploads\/sites\/11\/2024\/05\/IMG_8397-1920w.jpeg"],"thumbnailUrl":"https:\/\/instytutpolski.pl\/bucuresti\/wp-content\/uploads\/sites\/11\/2024\/05\/IMG_8397-1920w.jpeg","datePublished":"2024-05-28T10:34:31+02:00","dateModified":"2024-06-03T11:22:44+02:00","author":{"@id":"https:\/\/instytutpolski.pl\/bucuresti\/#\/schema\/person\/980fdccff6ea3f1cab069becadecca5b"},"breadcrumb":{"@id":"https:\/\/instytutpolski.pl\/bucuresti\/pl\/2024\/05\/28\/artysci-galerii-ikikata-na-targach-mobu-2024\/#breadcrumb"},"inLanguage":"pl-PL","potentialAction":[{"@type":"ReadAction","target":["https:\/\/instytutpolski.pl\/bucuresti\/pl\/2024\/05\/28\/artysci-galerii-ikikata-na-targach-mobu-2024\/"]}],"@context":"https:\/\/schema.org","startDate":"2024-05-29T10:00:00+02:00","endDate":"2024-06-02T07:00:00+02:00","eventStatus":"EventScheduled","eventAttendanceMode":"OfflineEventAttendanceMode","location":{"@type":"place","name":"","address":"","geo":{"@type":"GeoCoordinates","latitude":"","longitude":""}},"description":"Ikikata zosta\u0142a za\u0142o\u017cona w 2020 roku przez Kasi\u0119 Szwarc w celu odkrywania nowych sposob\u00f3w prezentowania i promowania wsp\u00f3\u0142czesnej sztuki polskiej w\u015br\u00f3d kolekcjoner\u00f3w i szerszej publiczno\u015bci, zar\u00f3wno w Polsce, jak i na arenie mi\u0119dzynarodowej. Wierz\u0105c, \u017ce j\u0119zyk sztuki nie powinien by\u0107 ani ograniczaj\u0105cy, ani podzielony na kategorie, galeria jest otwarta na wszystkie formy aktywno\u015bci i ekspresji artystycznej. Reprezentuje i wystawia artyst\u00f3w specjalizuj\u0105cych si\u0119 w r\u00f3\u017cnych technikach i stylach i kt\u00f3rych tw\u00f3rczo\u015b\u0107 nie tylko spe\u0142nia najwy\u017csze kryteria, ale przede wszystkim stanowi istotny g\u0142os we wsp\u00f3\u0142czesnej sztuce polskiej. Galeria szybko zdoby\u0142a znacz\u0105c\u0105 pozycj\u0119 na krajowym rynku, m.in. dzi\u0119ki trzeciej nagrodzie publiczno\u015bci za najlepsze stoisko\/wystaw\u0119 na 20. Warszawskich Targach Sztuki w 2023 roku.\n\u00a0\nArty\u015bci prezentowani na MoBU 2024:\nKarolina Cecot, Daria Infanti, Micha\u0142 Piotrkowicz, Agnieszka Rogowska, Konrad Trzeszczkowski, Monika Walendziak, Alicja Wasilka, Wojtek Wi\u0119ckowski, Konrad Wi\u015bniewski, Cyryl Zakrzewski\nTargi sztuki wsp\u00f3\u0142czesnej MoBu 2024 odb\u0119d\u0105 si\u0119 w Bukareszcie, w Pawilonie Centralnym Romexpo, Bvd. M\u0103r\u0103\u0219ti nr. 65-67.\nWst\u0119p jest bezp\u0142atny."},{"@type":"ImageObject","inLanguage":"pl-PL","@id":"https:\/\/instytutpolski.pl\/bucuresti\/pl\/2024\/05\/28\/artysci-galerii-ikikata-na-targach-mobu-2024\/#primaryimage","url":"https:\/\/instytutpolski.pl\/bucuresti\/wp-content\/uploads\/sites\/11\/2024\/05\/IMG_8397-1920w.jpeg","contentUrl":"https:\/\/instytutpolski.pl\/bucuresti\/wp-content\/uploads\/sites\/11\/2024\/05\/IMG_8397-1920w.jpeg","width":1920,"height":1280},{"@type":"BreadcrumbList","@id":"https:\/\/instytutpolski.pl\/bucuresti\/pl\/2024\/05\/28\/artysci-galerii-ikikata-na-targach-mobu-2024\/#breadcrumb","itemListElement":[{"@type":"ListItem","position":1,"name":"Home","item":"https:\/\/instytutpolski.pl\/bucuresti\/"},{"@type":"ListItem","position":2,"name":"Arty\u015bci Galerii Ikikata na targach MoBu 2024"}]},{"@type":"WebSite","@id":"https:\/\/instytutpolski.pl\/bucuresti\/#website","url":"https:\/\/instytutpolski.pl\/bucuresti\/","name":"Instytut Polski w Bukareszcie","description":"Instytuty Polskie","potentialAction":[{"@type":"SearchAction","target":{"@type":"EntryPoint","urlTemplate":"https:\/\/instytutpolski.pl\/bucuresti\/?s={search_term_string}"},"query-input":{"@type":"PropertyValueSpecification","valueRequired":true,"valueName":"search_term_string"}}],"inLanguage":"pl-PL"},{"@type":"Person","@id":"https:\/\/instytutpolski.pl\/bucuresti\/#\/schema\/person\/980fdccff6ea3f1cab069becadecca5b","name":"rutkowskip","image":{"@type":"ImageObject","inLanguage":"pl-PL","@id":"https:\/\/instytutpolski.pl\/bucuresti\/#\/schema\/person\/image\/","url":"https:\/\/secure.gravatar.com\/avatar\/a44cb0329dc71f58530e0890a10f5e4d?s=96&d=mm&r=g","contentUrl":"https:\/\/secure.gravatar.com\/avatar\/a44cb0329dc71f58530e0890a10f5e4d?s=96&d=mm&r=g","caption":"rutkowskip"},"url":"https:\/\/instytutpolski.pl\/bucuresti\/author\/rutkowskip\/"}]}},"_links":{"self":[{"href":"https:\/\/instytutpolski.pl\/bucuresti\/wp-json\/wp\/v2\/posts\/12141","targetHints":{"allow":["GET"]}}],"collection":[{"href":"https:\/\/instytutpolski.pl\/bucuresti\/wp-json\/wp\/v2\/posts"}],"about":[{"href":"https:\/\/instytutpolski.pl\/bucuresti\/wp-json\/wp\/v2\/types\/post"}],"author":[{"embeddable":true,"href":"https:\/\/instytutpolski.pl\/bucuresti\/wp-json\/wp\/v2\/users\/42"}],"replies":[{"embeddable":true,"href":"https:\/\/instytutpolski.pl\/bucuresti\/wp-json\/wp\/v2\/comments?post=12141"}],"version-history":[{"count":3,"href":"https:\/\/instytutpolski.pl\/bucuresti\/wp-json\/wp\/v2\/posts\/12141\/revisions"}],"predecessor-version":[{"id":12159,"href":"https:\/\/instytutpolski.pl\/bucuresti\/wp-json\/wp\/v2\/posts\/12141\/revisions\/12159"}],"wp:featuredmedia":[{"embeddable":true,"href":"https:\/\/instytutpolski.pl\/bucuresti\/wp-json\/wp\/v2\/media\/12136"}],"wp:attachment":[{"href":"https:\/\/instytutpolski.pl\/bucuresti\/wp-json\/wp\/v2\/media?parent=12141"}],"wp:term":[{"taxonomy":"category","embeddable":true,"href":"https:\/\/instytutpolski.pl\/bucuresti\/wp-json\/wp\/v2\/categories?post=12141"},{"taxonomy":"post_tag","embeddable":true,"href":"https:\/\/instytutpolski.pl\/bucuresti\/wp-json\/wp\/v2\/tags?post=12141"}],"curies":[{"name":"wp","href":"https:\/\/api.w.org\/{rel}","templated":true}]}}