{"id":12147,"date":"2024-05-29T13:09:24","date_gmt":"2024-05-29T11:09:24","guid":{"rendered":"https:\/\/instytutpolski.pl\/bucuresti\/?p=12147"},"modified":"2024-06-03T13:21:50","modified_gmt":"2024-06-03T11:21:50","slug":"polonia-la-zilele-clujului","status":"publish","type":"post","link":"https:\/\/instytutpolski.pl\/bucuresti\/2024\/05\/29\/polonia-la-zilele-clujului\/","title":{"rendered":"Polonia la Zilele Clujului"},"content":{"rendered":"\n<p>\u00cen cadrul festivalului EthniCity, Centrul de Limb\u0103 \u015fi Cultur\u0103 Polonez\u0103 va avea un stand, unde ve\u021bi putea afla multe lucruri interesante despre Polonia \u0219i polonezi. Ve\u021bi g\u0103si acolo \u0219i expozi\u021bia noastr\u0103 \u201ePolska &#8211; People, Origins, Landscape, Solidarity, Knowledge, Architecture\u201d.\u00a0\u00a0<\/p>\n<p>***<\/p>\n<p>Mai multe informa\u021bii despre festivalul Ethnicity g\u0103si\u021bi <a href=\"https:\/\/www.facebook.com\/events\/1118262306059779\/?ref=newsfeed\">aici.<\/a><\/p>\n","protected":false},"excerpt":{"rendered":"<p>\u00cen cadrul festivalului EthniCity, Centrul de Limb\u0103 \u015fi Cultur\u0103 Polonez\u0103 va avea un stand, unde ve\u021bi putea afla multe lucruri interesante despre Polonia \u0219i polonezi. Ve\u021bi g\u0103si acolo \u0219i expozi\u021bia noastr\u0103 \u201ePolska &#8211; People, Origins, Landscape, Solidarity, Knowledge, Architecture\u201d.\u00a0\u00a0 *** Mai multe informa\u021bii despre festivalul Ethnicity g\u0103si\u021bi aici.<\/p>\n","protected":false},"author":41,"featured_media":12145,"comment_status":"open","ping_status":"open","sticky":false,"template":"","format":"standard","meta":{"inline_featured_image":false,"_monsterinsights_skip_tracking":false,"_monsterinsights_sitenote_active":false,"_monsterinsights_sitenote_note":"","_monsterinsights_sitenote_category":0,"footnotes":""},"categories":[1,94],"tags":[],"class_list":["post-12147","post","type-post","status-publish","format-standard","has-post-thumbnail","hentry","category-alte","category-evenimente"],"yoast_head":"<!-- This site is optimized with the Yoast SEO plugin v24.6 - https:\/\/yoast.com\/wordpress\/plugins\/seo\/ -->\n<title>Polonia la Zilele Clujului - Instytut Polski w Bukareszcie<\/title>\n<meta name=\"robots\" content=\"index, follow, max-snippet:-1, max-image-preview:large, max-video-preview:-1\" \/>\n<link rel=\"canonical\" href=\"https:\/\/instytutpolski.pl\/bucuresti\/2024\/05\/29\/polonia-la-zilele-clujului\/\" \/>\n<meta property=\"og:locale\" content=\"pl_PL\" \/>\n<meta property=\"og:type\" content=\"article\" \/>\n<meta property=\"og:title\" content=\"Polonia la Zilele Clujului - Instytut Polski w Bukareszcie\" \/>\n<meta property=\"og:description\" content=\"\u00cen cadrul festivalului EthniCity, Centrul de Limb\u0103 \u015fi Cultur\u0103 Polonez\u0103 va avea un stand, unde ve\u021bi putea afla multe lucruri interesante despre Polonia \u0219i polonezi. Ve\u021bi g\u0103si acolo \u0219i expozi\u021bia noastr\u0103 \u201ePolska &#8211; People, Origins, Landscape, Solidarity, Knowledge, Architecture\u201d.\u00a0\u00a0 *** Mai multe informa\u021bii despre festivalul Ethnicity g\u0103si\u021bi aici.\" \/>\n<meta property=\"og:url\" content=\"https:\/\/instytutpolski.pl\/bucuresti\/2024\/05\/29\/polonia-la-zilele-clujului\/\" \/>\n<meta property=\"og:site_name\" content=\"Instytut Polski w Bukareszcie\" \/>\n<meta property=\"article:published_time\" content=\"2024-05-29T11:09:24+00:00\" \/>\n<meta property=\"article:modified_time\" content=\"2024-06-03T11:21:50+00:00\" \/>\n<meta property=\"og:image\" content=\"https:\/\/instytutpolski.pl\/bucuresti\/wp-content\/uploads\/sites\/11\/2024\/05\/ethnicity.jpg\" \/>\n\t<meta property=\"og:image:width\" content=\"1920\" \/>\n\t<meta property=\"og:image:height\" content=\"1081\" \/>\n\t<meta property=\"og:image:type\" content=\"image\/jpeg\" \/>\n<meta name=\"author\" content=\"mirelal\" \/>\n<meta name=\"twitter:card\" content=\"summary_large_image\" \/>\n<meta name=\"twitter:label1\" content=\"Napisane przez\" \/>\n\t<meta name=\"twitter:data1\" content=\"mirelal\" \/>\n\t<meta name=\"twitter:label2\" content=\"Szacowany czas czytania\" \/>\n\t<meta name=\"twitter:data2\" content=\"1 minuta\" \/>\n<script type=\"application\/ld+json\" class=\"yoast-schema-graph\">{\"@context\":\"https:\/\/schema.org\",\"@graph\":[{\"@type\":\"event\",\"@id\":\"https:\/\/instytutpolski.pl\/bucuresti\/2024\/05\/29\/polonia-la-zilele-clujului\/\",\"url\":\"https:\/\/instytutpolski.pl\/bucuresti\/2024\/05\/29\/polonia-la-zilele-clujului\/\",\"name\":\"Polonia la Zilele Clujului\",\"isPartOf\":{\"@id\":\"https:\/\/instytutpolski.pl\/bucuresti\/#website\"},\"primaryImageOfPage\":{\"@id\":\"https:\/\/instytutpolski.pl\/bucuresti\/2024\/05\/29\/polonia-la-zilele-clujului\/#primaryimage\"},\"image\":[\"https:\/\/instytutpolski.pl\/bucuresti\/wp-content\/uploads\/sites\/11\/2024\/05\/ethnicity.jpg\",\"https:\/\/instytutpolski.pl\/bucuresti\/wp-content\/uploads\/sites\/11\/2024\/05\/ethnicity-300x169.jpg\",\"https:\/\/instytutpolski.pl\/bucuresti\/wp-content\/uploads\/sites\/11\/2024\/05\/ethnicity-1024x577.jpg\",\"https:\/\/instytutpolski.pl\/bucuresti\/wp-content\/uploads\/sites\/11\/2024\/05\/ethnicity.jpg\"],\"thumbnailUrl\":\"https:\/\/instytutpolski.pl\/bucuresti\/wp-content\/uploads\/sites\/11\/2024\/05\/ethnicity.jpg\",\"datePublished\":\"2024-05-29T11:09:24+02:00\",\"dateModified\":\"2024-06-03T11:21:50+02:00\",\"author\":{\"@id\":\"https:\/\/instytutpolski.pl\/bucuresti\/#\/schema\/person\/36eba23bd65c4ed8774deeb285a19272\"},\"breadcrumb\":{\"@id\":\"https:\/\/instytutpolski.pl\/bucuresti\/2024\/05\/29\/polonia-la-zilele-clujului\/#breadcrumb\"},\"inLanguage\":\"pl-PL\",\"potentialAction\":[{\"@type\":\"ReadAction\",\"target\":[\"https:\/\/instytutpolski.pl\/bucuresti\/2024\/05\/29\/polonia-la-zilele-clujului\/\"]}],\"@context\":\"https:\/\/schema.org\",\"startDate\":\"2024-05-31\",\"endDate\":\"2024-06-02\",\"eventStatus\":\"EventScheduled\",\"eventAttendanceMode\":\"OfflineEventAttendanceMode\",\"location\":{\"@type\":\"place\",\"name\":\"\",\"address\":\"\",\"geo\":{\"@type\":\"GeoCoordinates\",\"latitude\":\"\",\"longitude\":\"\"}},\"description\":\"\u00cen cadrul festivalului EthniCity, Centrul de Limb\u0103 \u015fi Cultur\u0103 Polonez\u0103 va avea un stand, unde ve\u021bi putea afla multe lucruri interesante despre Polonia \u0219i polonezi. Ve\u021bi g\u0103si acolo \u0219i expozi\u021bia noastr\u0103 \u201ePolska - People, Origins, Landscape, Solidarity, Knowledge, Architecture\u201d.\u00a0\u00a0\\n***\\nMai multe informa\u021bii despre festivalul Ethnicity g\u0103si\u021bi aici.\"},{\"@type\":\"ImageObject\",\"inLanguage\":\"pl-PL\",\"@id\":\"https:\/\/instytutpolski.pl\/bucuresti\/2024\/05\/29\/polonia-la-zilele-clujului\/#primaryimage\",\"url\":\"https:\/\/instytutpolski.pl\/bucuresti\/wp-content\/uploads\/sites\/11\/2024\/05\/ethnicity.jpg\",\"contentUrl\":\"https:\/\/instytutpolski.pl\/bucuresti\/wp-content\/uploads\/sites\/11\/2024\/05\/ethnicity.jpg\",\"width\":1920,\"height\":1081},{\"@type\":\"BreadcrumbList\",\"@id\":\"https:\/\/instytutpolski.pl\/bucuresti\/2024\/05\/29\/polonia-la-zilele-clujului\/#breadcrumb\",\"itemListElement\":[{\"@type\":\"ListItem\",\"position\":1,\"name\":\"Home\",\"item\":\"https:\/\/instytutpolski.pl\/bucuresti\/\"},{\"@type\":\"ListItem\",\"position\":2,\"name\":\"Polonia la Zilele Clujului\"}]},{\"@type\":\"WebSite\",\"@id\":\"https:\/\/instytutpolski.pl\/bucuresti\/#website\",\"url\":\"https:\/\/instytutpolski.pl\/bucuresti\/\",\"name\":\"Instytut Polski w Bukareszcie\",\"description\":\"Instytuty Polskie\",\"potentialAction\":[{\"@type\":\"SearchAction\",\"target\":{\"@type\":\"EntryPoint\",\"urlTemplate\":\"https:\/\/instytutpolski.pl\/bucuresti\/?s={search_term_string}\"},\"query-input\":{\"@type\":\"PropertyValueSpecification\",\"valueRequired\":true,\"valueName\":\"search_term_string\"}}],\"inLanguage\":\"pl-PL\"},{\"@type\":\"Person\",\"@id\":\"https:\/\/instytutpolski.pl\/bucuresti\/#\/schema\/person\/36eba23bd65c4ed8774deeb285a19272\",\"name\":\"mirelal\",\"image\":{\"@type\":\"ImageObject\",\"inLanguage\":\"pl-PL\",\"@id\":\"https:\/\/instytutpolski.pl\/bucuresti\/#\/schema\/person\/image\/\",\"url\":\"https:\/\/secure.gravatar.com\/avatar\/5838c7614d071fe473f8aeb2de72beb4?s=96&d=mm&r=g\",\"contentUrl\":\"https:\/\/secure.gravatar.com\/avatar\/5838c7614d071fe473f8aeb2de72beb4?s=96&d=mm&r=g\",\"caption\":\"mirelal\"},\"url\":\"https:\/\/instytutpolski.pl\/bucuresti\/author\/mirelal\/\"}]}<\/script>\n<!-- \/ Yoast SEO plugin. -->","yoast_head_json":{"title":"Polonia la Zilele Clujului - Instytut Polski w Bukareszcie","robots":{"index":"index","follow":"follow","max-snippet":"max-snippet:-1","max-image-preview":"max-image-preview:large","max-video-preview":"max-video-preview:-1"},"canonical":"https:\/\/instytutpolski.pl\/bucuresti\/2024\/05\/29\/polonia-la-zilele-clujului\/","og_locale":"pl_PL","og_type":"article","og_title":"Polonia la Zilele Clujului - Instytut Polski w Bukareszcie","og_description":"\u00cen cadrul festivalului EthniCity, Centrul de Limb\u0103 \u015fi Cultur\u0103 Polonez\u0103 va avea un stand, unde ve\u021bi putea afla multe lucruri interesante despre Polonia \u0219i polonezi. Ve\u021bi g\u0103si acolo \u0219i expozi\u021bia noastr\u0103 \u201ePolska &#8211; People, Origins, Landscape, Solidarity, Knowledge, Architecture\u201d.\u00a0\u00a0 *** Mai multe informa\u021bii despre festivalul Ethnicity g\u0103si\u021bi aici.","og_url":"https:\/\/instytutpolski.pl\/bucuresti\/2024\/05\/29\/polonia-la-zilele-clujului\/","og_site_name":"Instytut Polski w Bukareszcie","article_published_time":"2024-05-29T11:09:24+00:00","article_modified_time":"2024-06-03T11:21:50+00:00","og_image":[{"width":1920,"height":1081,"url":"https:\/\/instytutpolski.pl\/bucuresti\/wp-content\/uploads\/sites\/11\/2024\/05\/ethnicity.jpg","type":"image\/jpeg"}],"author":"mirelal","twitter_card":"summary_large_image","twitter_misc":{"Napisane przez":"mirelal","Szacowany czas czytania":"1 minuta"},"schema":{"@context":"https:\/\/schema.org","@graph":[{"@type":"event","@id":"https:\/\/instytutpolski.pl\/bucuresti\/2024\/05\/29\/polonia-la-zilele-clujului\/","url":"https:\/\/instytutpolski.pl\/bucuresti\/2024\/05\/29\/polonia-la-zilele-clujului\/","name":"Polonia la Zilele Clujului","isPartOf":{"@id":"https:\/\/instytutpolski.pl\/bucuresti\/#website"},"primaryImageOfPage":{"@id":"https:\/\/instytutpolski.pl\/bucuresti\/2024\/05\/29\/polonia-la-zilele-clujului\/#primaryimage"},"image":["https:\/\/instytutpolski.pl\/bucuresti\/wp-content\/uploads\/sites\/11\/2024\/05\/ethnicity.jpg","https:\/\/instytutpolski.pl\/bucuresti\/wp-content\/uploads\/sites\/11\/2024\/05\/ethnicity-300x169.jpg","https:\/\/instytutpolski.pl\/bucuresti\/wp-content\/uploads\/sites\/11\/2024\/05\/ethnicity-1024x577.jpg","https:\/\/instytutpolski.pl\/bucuresti\/wp-content\/uploads\/sites\/11\/2024\/05\/ethnicity.jpg"],"thumbnailUrl":"https:\/\/instytutpolski.pl\/bucuresti\/wp-content\/uploads\/sites\/11\/2024\/05\/ethnicity.jpg","datePublished":"2024-05-29T11:09:24+02:00","dateModified":"2024-06-03T11:21:50+02:00","author":{"@id":"https:\/\/instytutpolski.pl\/bucuresti\/#\/schema\/person\/36eba23bd65c4ed8774deeb285a19272"},"breadcrumb":{"@id":"https:\/\/instytutpolski.pl\/bucuresti\/2024\/05\/29\/polonia-la-zilele-clujului\/#breadcrumb"},"inLanguage":"pl-PL","potentialAction":[{"@type":"ReadAction","target":["https:\/\/instytutpolski.pl\/bucuresti\/2024\/05\/29\/polonia-la-zilele-clujului\/"]}],"@context":"https:\/\/schema.org","startDate":"2024-05-31","endDate":"2024-06-02","eventStatus":"EventScheduled","eventAttendanceMode":"OfflineEventAttendanceMode","location":{"@type":"place","name":"","address":"","geo":{"@type":"GeoCoordinates","latitude":"","longitude":""}},"description":"\u00cen cadrul festivalului EthniCity, Centrul de Limb\u0103 \u015fi Cultur\u0103 Polonez\u0103 va avea un stand, unde ve\u021bi putea afla multe lucruri interesante despre Polonia \u0219i polonezi. Ve\u021bi g\u0103si acolo \u0219i expozi\u021bia noastr\u0103 \u201ePolska - People, Origins, Landscape, Solidarity, Knowledge, Architecture\u201d.\u00a0\u00a0\n***\nMai multe informa\u021bii despre festivalul Ethnicity g\u0103si\u021bi aici."},{"@type":"ImageObject","inLanguage":"pl-PL","@id":"https:\/\/instytutpolski.pl\/bucuresti\/2024\/05\/29\/polonia-la-zilele-clujului\/#primaryimage","url":"https:\/\/instytutpolski.pl\/bucuresti\/wp-content\/uploads\/sites\/11\/2024\/05\/ethnicity.jpg","contentUrl":"https:\/\/instytutpolski.pl\/bucuresti\/wp-content\/uploads\/sites\/11\/2024\/05\/ethnicity.jpg","width":1920,"height":1081},{"@type":"BreadcrumbList","@id":"https:\/\/instytutpolski.pl\/bucuresti\/2024\/05\/29\/polonia-la-zilele-clujului\/#breadcrumb","itemListElement":[{"@type":"ListItem","position":1,"name":"Home","item":"https:\/\/instytutpolski.pl\/bucuresti\/"},{"@type":"ListItem","position":2,"name":"Polonia la Zilele Clujului"}]},{"@type":"WebSite","@id":"https:\/\/instytutpolski.pl\/bucuresti\/#website","url":"https:\/\/instytutpolski.pl\/bucuresti\/","name":"Instytut Polski w Bukareszcie","description":"Instytuty Polskie","potentialAction":[{"@type":"SearchAction","target":{"@type":"EntryPoint","urlTemplate":"https:\/\/instytutpolski.pl\/bucuresti\/?s={search_term_string}"},"query-input":{"@type":"PropertyValueSpecification","valueRequired":true,"valueName":"search_term_string"}}],"inLanguage":"pl-PL"},{"@type":"Person","@id":"https:\/\/instytutpolski.pl\/bucuresti\/#\/schema\/person\/36eba23bd65c4ed8774deeb285a19272","name":"mirelal","image":{"@type":"ImageObject","inLanguage":"pl-PL","@id":"https:\/\/instytutpolski.pl\/bucuresti\/#\/schema\/person\/image\/","url":"https:\/\/secure.gravatar.com\/avatar\/5838c7614d071fe473f8aeb2de72beb4?s=96&d=mm&r=g","contentUrl":"https:\/\/secure.gravatar.com\/avatar\/5838c7614d071fe473f8aeb2de72beb4?s=96&d=mm&r=g","caption":"mirelal"},"url":"https:\/\/instytutpolski.pl\/bucuresti\/author\/mirelal\/"}]}},"_links":{"self":[{"href":"https:\/\/instytutpolski.pl\/bucuresti\/wp-json\/wp\/v2\/posts\/12147","targetHints":{"allow":["GET"]}}],"collection":[{"href":"https:\/\/instytutpolski.pl\/bucuresti\/wp-json\/wp\/v2\/posts"}],"about":[{"href":"https:\/\/instytutpolski.pl\/bucuresti\/wp-json\/wp\/v2\/types\/post"}],"author":[{"embeddable":true,"href":"https:\/\/instytutpolski.pl\/bucuresti\/wp-json\/wp\/v2\/users\/41"}],"replies":[{"embeddable":true,"href":"https:\/\/instytutpolski.pl\/bucuresti\/wp-json\/wp\/v2\/comments?post=12147"}],"version-history":[{"count":4,"href":"https:\/\/instytutpolski.pl\/bucuresti\/wp-json\/wp\/v2\/posts\/12147\/revisions"}],"predecessor-version":[{"id":12156,"href":"https:\/\/instytutpolski.pl\/bucuresti\/wp-json\/wp\/v2\/posts\/12147\/revisions\/12156"}],"wp:featuredmedia":[{"embeddable":true,"href":"https:\/\/instytutpolski.pl\/bucuresti\/wp-json\/wp\/v2\/media\/12145"}],"wp:attachment":[{"href":"https:\/\/instytutpolski.pl\/bucuresti\/wp-json\/wp\/v2\/media?parent=12147"}],"wp:term":[{"taxonomy":"category","embeddable":true,"href":"https:\/\/instytutpolski.pl\/bucuresti\/wp-json\/wp\/v2\/categories?post=12147"},{"taxonomy":"post_tag","embeddable":true,"href":"https:\/\/instytutpolski.pl\/bucuresti\/wp-json\/wp\/v2\/tags?post=12147"}],"curies":[{"name":"wp","href":"https:\/\/api.w.org\/{rel}","templated":true}]}}