{"id":12173,"date":"2024-06-04T15:43:03","date_gmt":"2024-06-04T13:43:03","guid":{"rendered":"https:\/\/instytutpolski.pl\/bucuresti\/?p=12173"},"modified":"2024-10-08T13:55:23","modified_gmt":"2024-10-08T11:55:23","slug":"wystawa-polskiej-grafiki-w-bukareszcie","status":"publish","type":"post","link":"https:\/\/instytutpolski.pl\/bucuresti\/pl\/2024\/06\/04\/wystawa-polskiej-grafiki-w-bukareszcie\/","title":{"rendered":"Wystawa polskiej grafiki w Bukareszcie"},"content":{"rendered":"\n<p>Go\u015b\u0107mi tego wydarzenia s\u0105 trzej polscy arty\u015bci z r\u00f3\u017cnych pokole\u0144: Jacek Szewczyk, Christopher Nowicki i Sebastian \u0141ubi\u0144ski. Celem projektu jest obserwacja perspektywy laboratorium artystycznego, istoty tw\u00f3rczo\u015bci, mniej znanej strony pracowni, wychodz\u0105c od faktu, \u017ce polska szko\u0142a grafiki jest jedn\u0105 z najbardziej spektakularnych i konsekwentnych na \u015bwiecie. Wszyscy trzej arty\u015bci s\u0105 profesorami na Akademii Sztuk Pi\u0119knych im. Eugeniusza Gepperta we Wroc\u0142awiu. Ka\u017cdy z nich ma oddzieln\u0105 przestrze\u0144 w galerii, co umo\u017cliwia indywidualizacj\u0119 w\u0142asnego kreatywnego przekazu.<br \/>Obecne przedsi\u0119wzi\u0119cie jest cz\u0119\u015bci\u0105 rocznego programu wystawienniczego galerii Laborna po\u015bwi\u0119conego rysunkowi jako g\u0142\u00f3wnemu tematowi bada\u0144. Galeria LABORNA regularnie dokumentuje przebieg indywidualnych lub grupowych dzia\u0142a\u0144 artystycznych. Wydarzenia dla publiczno\u015bci, nazywane BORNE, zachowuj\u0105 to, co artysta\/kolekcjoner faktycznie tworzy, z zamiarem prezentacji kompleksowego archiwum. Galeria za\u0142o\u017cona w 2013 roku z inicjatywy Cipriana Paleologu stworzy\u0142a dla m\u0142odych artyst\u00f3w wyj\u0105tkow\u0105 przestrze\u0144: SCARA. Dost\u0119p do pracowni artysty lub kolekcjonera jest rzadki, a pe\u0142na perspektywa, w kt\u00f3rej powstaje jego wizja, jest cz\u0119sto trudna do \u015bledzenia. Dlatego mo\u017cemy powiedzie\u0107, \u017ce Galeria LABORNA jest w rzeczywisto\u015bci licznikem: tworzenia i kolekcjonowania w czasie rzeczywistym.<\/p>\n<p><br \/>Kurator: Ciprian Paleologu<\/p>\n<p>Komisarz wystawy: Gabriela Rosta\u0219<\/p>\n<p>Program: 04 &#8211; 20 czerwca 2024 \/ wtorek, \u015broda, sobota w godzinach 18 &#8211; 19 \/ ul. Icoanei, nr. 17, Bukareszt<\/p>\n<p>Partnerzy: Crama Opri\u0219or, Modernism.ro, Propagarta, Empower Artists<\/p>\n","protected":false},"excerpt":{"rendered":"<p>Go\u015b\u0107mi tego wydarzenia s\u0105 trzej polscy arty\u015bci z r\u00f3\u017cnych pokole\u0144: Jacek Szewczyk, Christopher Nowicki i Sebastian \u0141ubi\u0144ski. Celem projektu jest obserwacja perspektywy laboratorium artystycznego, istoty tw\u00f3rczo\u015bci, mniej znanej strony pracowni, wychodz\u0105c od faktu, \u017ce polska szko\u0142a grafiki jest jedn\u0105 z najbardziej spektakularnych i konsekwentnych na \u015bwiecie. Wszyscy trzej arty\u015bci s\u0105 profesorami na Akademii Sztuk Pi\u0119knych [&hellip;]<\/p>\n","protected":false},"author":43,"featured_media":12164,"comment_status":"open","ping_status":"open","sticky":false,"template":"","format":"standard","meta":{"inline_featured_image":false,"_monsterinsights_skip_tracking":false,"_monsterinsights_sitenote_active":false,"_monsterinsights_sitenote_note":"","_monsterinsights_sitenote_category":0,"footnotes":""},"categories":[43,96],"tags":[],"class_list":["post-12173","post","type-post","status-publish","format-standard","has-post-thumbnail","hentry","category-sztuki-wizualne","category-wydarzenia"],"yoast_head":"<!-- This site is optimized with the Yoast SEO plugin v24.6 - https:\/\/yoast.com\/wordpress\/plugins\/seo\/ -->\n<title>Wystawa polskiej grafiki w Bukareszcie - Instytut Polski w Bukareszcie<\/title>\n<meta name=\"robots\" content=\"index, follow, max-snippet:-1, max-image-preview:large, max-video-preview:-1\" \/>\n<link rel=\"canonical\" href=\"https:\/\/instytutpolski.pl\/bucuresti\/pl\/2024\/06\/04\/wystawa-polskiej-grafiki-w-bukareszcie\/\" \/>\n<meta property=\"og:locale\" content=\"pl_PL\" \/>\n<meta property=\"og:type\" content=\"article\" \/>\n<meta property=\"og:title\" content=\"Wystawa polskiej grafiki w Bukareszcie - Instytut Polski w Bukareszcie\" \/>\n<meta property=\"og:description\" content=\"Go\u015b\u0107mi tego wydarzenia s\u0105 trzej polscy arty\u015bci z r\u00f3\u017cnych pokole\u0144: Jacek Szewczyk, Christopher Nowicki i Sebastian \u0141ubi\u0144ski. Celem projektu jest obserwacja perspektywy laboratorium artystycznego, istoty tw\u00f3rczo\u015bci, mniej znanej strony pracowni, wychodz\u0105c od faktu, \u017ce polska szko\u0142a grafiki jest jedn\u0105 z najbardziej spektakularnych i konsekwentnych na \u015bwiecie. Wszyscy trzej arty\u015bci s\u0105 profesorami na Akademii Sztuk Pi\u0119knych [&hellip;]\" \/>\n<meta property=\"og:url\" content=\"https:\/\/instytutpolski.pl\/bucuresti\/pl\/2024\/06\/04\/wystawa-polskiej-grafiki-w-bukareszcie\/\" \/>\n<meta property=\"og:site_name\" content=\"Instytut Polski w Bukareszcie\" \/>\n<meta property=\"article:published_time\" content=\"2024-06-04T13:43:03+00:00\" \/>\n<meta property=\"article:modified_time\" content=\"2024-10-08T11:55:23+00:00\" \/>\n<meta property=\"og:image\" content=\"https:\/\/instytutpolski.pl\/bucuresti\/wp-content\/uploads\/sites\/11\/2024\/06\/LABORNA_afis_lnd.jpg\" \/>\n\t<meta property=\"og:image:width\" content=\"1920\" \/>\n\t<meta property=\"og:image:height\" content=\"1005\" \/>\n\t<meta property=\"og:image:type\" content=\"image\/jpeg\" \/>\n<meta name=\"author\" content=\"nicolaua\" \/>\n<meta name=\"twitter:card\" content=\"summary_large_image\" \/>\n<meta name=\"twitter:label1\" content=\"Napisane przez\" \/>\n\t<meta name=\"twitter:data1\" content=\"nicolaua\" \/>\n\t<meta name=\"twitter:label2\" content=\"Szacowany czas czytania\" \/>\n\t<meta name=\"twitter:data2\" content=\"2 minuty\" \/>\n<script type=\"application\/ld+json\" class=\"yoast-schema-graph\">{\"@context\":\"https:\/\/schema.org\",\"@graph\":[{\"@type\":\"event\",\"@id\":\"https:\/\/instytutpolski.pl\/bucuresti\/pl\/2024\/06\/04\/wystawa-polskiej-grafiki-w-bukareszcie\/\",\"url\":\"https:\/\/instytutpolski.pl\/bucuresti\/pl\/2024\/06\/04\/wystawa-polskiej-grafiki-w-bukareszcie\/\",\"name\":\"Wystawa polskiej grafiki w Bukareszcie\",\"isPartOf\":{\"@id\":\"https:\/\/instytutpolski.pl\/bucuresti\/#website\"},\"primaryImageOfPage\":{\"@id\":\"https:\/\/instytutpolski.pl\/bucuresti\/pl\/2024\/06\/04\/wystawa-polskiej-grafiki-w-bukareszcie\/#primaryimage\"},\"image\":[\"https:\/\/instytutpolski.pl\/bucuresti\/wp-content\/uploads\/sites\/11\/2024\/06\/LABORNA_afis_lnd.jpg\",\"https:\/\/instytutpolski.pl\/bucuresti\/wp-content\/uploads\/sites\/11\/2024\/06\/LABORNA_afis_lnd-300x157.jpg\",\"https:\/\/instytutpolski.pl\/bucuresti\/wp-content\/uploads\/sites\/11\/2024\/06\/LABORNA_afis_lnd-1024x536.jpg\",\"https:\/\/instytutpolski.pl\/bucuresti\/wp-content\/uploads\/sites\/11\/2024\/06\/LABORNA_afis_lnd.jpg\"],\"thumbnailUrl\":\"https:\/\/instytutpolski.pl\/bucuresti\/wp-content\/uploads\/sites\/11\/2024\/06\/LABORNA_afis_lnd.jpg\",\"datePublished\":\"2024-06-04T13:43:03+02:00\",\"dateModified\":\"2024-10-08T11:55:23+02:00\",\"author\":{\"@id\":\"https:\/\/instytutpolski.pl\/bucuresti\/#\/schema\/person\/a1d5ab39dce466455f60589721519864\"},\"breadcrumb\":{\"@id\":\"https:\/\/instytutpolski.pl\/bucuresti\/pl\/2024\/06\/04\/wystawa-polskiej-grafiki-w-bukareszcie\/#breadcrumb\"},\"inLanguage\":\"pl-PL\",\"potentialAction\":[{\"@type\":\"ReadAction\",\"target\":[\"https:\/\/instytutpolski.pl\/bucuresti\/pl\/2024\/06\/04\/wystawa-polskiej-grafiki-w-bukareszcie\/\"]}],\"@context\":\"https:\/\/schema.org\",\"startDate\":\"2024-06-04\",\"endDate\":\"2024-06-20\",\"eventStatus\":\"EventScheduled\",\"eventAttendanceMode\":\"OfflineEventAttendanceMode\",\"location\":{\"@type\":\"place\",\"name\":\"\",\"address\":\"\",\"geo\":{\"@type\":\"GeoCoordinates\",\"latitude\":\"\",\"longitude\":\"\"}},\"description\":\"Go\u015b\u0107mi tego wydarzenia s\u0105 trzej polscy arty\u015bci z r\u00f3\u017cnych pokole\u0144: Jacek Szewczyk, Christopher Nowicki i Sebastian \u0141ubi\u0144ski. Celem projektu jest obserwacja perspektywy laboratorium artystycznego, istoty tw\u00f3rczo\u015bci, mniej znanej strony pracowni, wychodz\u0105c od faktu, \u017ce polska szko\u0142a grafiki jest jedn\u0105 z najbardziej spektakularnych i konsekwentnych na \u015bwiecie. Wszyscy trzej arty\u015bci s\u0105 profesorami na Akademii Sztuk Pi\u0119knych im. Eugeniusza Gepperta we Wroc\u0142awiu. Ka\u017cdy z nich ma oddzieln\u0105 przestrze\u0144 w galerii, co umo\u017cliwia indywidualizacj\u0119 w\u0142asnego kreatywnego przekazu.Obecne przedsi\u0119wzi\u0119cie jest cz\u0119\u015bci\u0105 rocznego programu wystawienniczego galerii Laborna po\u015bwi\u0119conego rysunkowi jako g\u0142\u00f3wnemu tematowi bada\u0144. Galeria LABORNA regularnie dokumentuje przebieg indywidualnych lub grupowych dzia\u0142a\u0144 artystycznych. Wydarzenia dla publiczno\u015bci, nazywane BORNE, zachowuj\u0105 to, co artysta\/kolekcjoner faktycznie tworzy, z zamiarem prezentacji kompleksowego archiwum. Galeria za\u0142o\u017cona w 2013 roku z inicjatywy Cipriana Paleologu stworzy\u0142a dla m\u0142odych artyst\u00f3w wyj\u0105tkow\u0105 przestrze\u0144: SCARA. Dost\u0119p do pracowni artysty lub kolekcjonera jest rzadki, a pe\u0142na perspektywa, w kt\u00f3rej powstaje jego wizja, jest cz\u0119sto trudna do \u015bledzenia. Dlatego mo\u017cemy powiedzie\u0107, \u017ce Galeria LABORNA jest w rzeczywisto\u015bci licznikem: tworzenia i kolekcjonowania w czasie rzeczywistym.\\nKurator: Ciprian Paleologu\\nKomisarz wystawy: Gabriela Rosta\u0219\\nProgram: 04 - 20 czerwca 2024 \/ wtorek, \u015broda, sobota w godzinach 18 - 19 \/ ul. Icoanei, nr. 17, Bukareszt\\nPartnerzy: Crama Opri\u0219or, Modernism.ro, Propagarta, Empower Artists\"},{\"@type\":\"ImageObject\",\"inLanguage\":\"pl-PL\",\"@id\":\"https:\/\/instytutpolski.pl\/bucuresti\/pl\/2024\/06\/04\/wystawa-polskiej-grafiki-w-bukareszcie\/#primaryimage\",\"url\":\"https:\/\/instytutpolski.pl\/bucuresti\/wp-content\/uploads\/sites\/11\/2024\/06\/LABORNA_afis_lnd.jpg\",\"contentUrl\":\"https:\/\/instytutpolski.pl\/bucuresti\/wp-content\/uploads\/sites\/11\/2024\/06\/LABORNA_afis_lnd.jpg\",\"width\":1920,\"height\":1005},{\"@type\":\"BreadcrumbList\",\"@id\":\"https:\/\/instytutpolski.pl\/bucuresti\/pl\/2024\/06\/04\/wystawa-polskiej-grafiki-w-bukareszcie\/#breadcrumb\",\"itemListElement\":[{\"@type\":\"ListItem\",\"position\":1,\"name\":\"Home\",\"item\":\"https:\/\/instytutpolski.pl\/bucuresti\/\"},{\"@type\":\"ListItem\",\"position\":2,\"name\":\"Wystawa polskiej grafiki w Bukareszcie\"}]},{\"@type\":\"WebSite\",\"@id\":\"https:\/\/instytutpolski.pl\/bucuresti\/#website\",\"url\":\"https:\/\/instytutpolski.pl\/bucuresti\/\",\"name\":\"Instytut Polski w Bukareszcie\",\"description\":\"Instytuty Polskie\",\"potentialAction\":[{\"@type\":\"SearchAction\",\"target\":{\"@type\":\"EntryPoint\",\"urlTemplate\":\"https:\/\/instytutpolski.pl\/bucuresti\/?s={search_term_string}\"},\"query-input\":{\"@type\":\"PropertyValueSpecification\",\"valueRequired\":true,\"valueName\":\"search_term_string\"}}],\"inLanguage\":\"pl-PL\"},{\"@type\":\"Person\",\"@id\":\"https:\/\/instytutpolski.pl\/bucuresti\/#\/schema\/person\/a1d5ab39dce466455f60589721519864\",\"name\":\"nicolaua\",\"image\":{\"@type\":\"ImageObject\",\"inLanguage\":\"pl-PL\",\"@id\":\"https:\/\/instytutpolski.pl\/bucuresti\/#\/schema\/person\/image\/\",\"url\":\"https:\/\/secure.gravatar.com\/avatar\/5029b942a8ac0a6a935e5655abff56ef?s=96&d=mm&r=g\",\"contentUrl\":\"https:\/\/secure.gravatar.com\/avatar\/5029b942a8ac0a6a935e5655abff56ef?s=96&d=mm&r=g\",\"caption\":\"nicolaua\"},\"url\":\"https:\/\/instytutpolski.pl\/bucuresti\/author\/nicolaua\/\"}]}<\/script>\n<!-- \/ Yoast SEO plugin. -->","yoast_head_json":{"title":"Wystawa polskiej grafiki w Bukareszcie - Instytut Polski w Bukareszcie","robots":{"index":"index","follow":"follow","max-snippet":"max-snippet:-1","max-image-preview":"max-image-preview:large","max-video-preview":"max-video-preview:-1"},"canonical":"https:\/\/instytutpolski.pl\/bucuresti\/pl\/2024\/06\/04\/wystawa-polskiej-grafiki-w-bukareszcie\/","og_locale":"pl_PL","og_type":"article","og_title":"Wystawa polskiej grafiki w Bukareszcie - Instytut Polski w Bukareszcie","og_description":"Go\u015b\u0107mi tego wydarzenia s\u0105 trzej polscy arty\u015bci z r\u00f3\u017cnych pokole\u0144: Jacek Szewczyk, Christopher Nowicki i Sebastian \u0141ubi\u0144ski. Celem projektu jest obserwacja perspektywy laboratorium artystycznego, istoty tw\u00f3rczo\u015bci, mniej znanej strony pracowni, wychodz\u0105c od faktu, \u017ce polska szko\u0142a grafiki jest jedn\u0105 z najbardziej spektakularnych i konsekwentnych na \u015bwiecie. Wszyscy trzej arty\u015bci s\u0105 profesorami na Akademii Sztuk Pi\u0119knych [&hellip;]","og_url":"https:\/\/instytutpolski.pl\/bucuresti\/pl\/2024\/06\/04\/wystawa-polskiej-grafiki-w-bukareszcie\/","og_site_name":"Instytut Polski w Bukareszcie","article_published_time":"2024-06-04T13:43:03+00:00","article_modified_time":"2024-10-08T11:55:23+00:00","og_image":[{"width":1920,"height":1005,"url":"https:\/\/instytutpolski.pl\/bucuresti\/wp-content\/uploads\/sites\/11\/2024\/06\/LABORNA_afis_lnd.jpg","type":"image\/jpeg"}],"author":"nicolaua","twitter_card":"summary_large_image","twitter_misc":{"Napisane przez":"nicolaua","Szacowany czas czytania":"2 minuty"},"schema":{"@context":"https:\/\/schema.org","@graph":[{"@type":"event","@id":"https:\/\/instytutpolski.pl\/bucuresti\/pl\/2024\/06\/04\/wystawa-polskiej-grafiki-w-bukareszcie\/","url":"https:\/\/instytutpolski.pl\/bucuresti\/pl\/2024\/06\/04\/wystawa-polskiej-grafiki-w-bukareszcie\/","name":"Wystawa polskiej grafiki w Bukareszcie","isPartOf":{"@id":"https:\/\/instytutpolski.pl\/bucuresti\/#website"},"primaryImageOfPage":{"@id":"https:\/\/instytutpolski.pl\/bucuresti\/pl\/2024\/06\/04\/wystawa-polskiej-grafiki-w-bukareszcie\/#primaryimage"},"image":["https:\/\/instytutpolski.pl\/bucuresti\/wp-content\/uploads\/sites\/11\/2024\/06\/LABORNA_afis_lnd.jpg","https:\/\/instytutpolski.pl\/bucuresti\/wp-content\/uploads\/sites\/11\/2024\/06\/LABORNA_afis_lnd-300x157.jpg","https:\/\/instytutpolski.pl\/bucuresti\/wp-content\/uploads\/sites\/11\/2024\/06\/LABORNA_afis_lnd-1024x536.jpg","https:\/\/instytutpolski.pl\/bucuresti\/wp-content\/uploads\/sites\/11\/2024\/06\/LABORNA_afis_lnd.jpg"],"thumbnailUrl":"https:\/\/instytutpolski.pl\/bucuresti\/wp-content\/uploads\/sites\/11\/2024\/06\/LABORNA_afis_lnd.jpg","datePublished":"2024-06-04T13:43:03+02:00","dateModified":"2024-10-08T11:55:23+02:00","author":{"@id":"https:\/\/instytutpolski.pl\/bucuresti\/#\/schema\/person\/a1d5ab39dce466455f60589721519864"},"breadcrumb":{"@id":"https:\/\/instytutpolski.pl\/bucuresti\/pl\/2024\/06\/04\/wystawa-polskiej-grafiki-w-bukareszcie\/#breadcrumb"},"inLanguage":"pl-PL","potentialAction":[{"@type":"ReadAction","target":["https:\/\/instytutpolski.pl\/bucuresti\/pl\/2024\/06\/04\/wystawa-polskiej-grafiki-w-bukareszcie\/"]}],"@context":"https:\/\/schema.org","startDate":"2024-06-04","endDate":"2024-06-20","eventStatus":"EventScheduled","eventAttendanceMode":"OfflineEventAttendanceMode","location":{"@type":"place","name":"","address":"","geo":{"@type":"GeoCoordinates","latitude":"","longitude":""}},"description":"Go\u015b\u0107mi tego wydarzenia s\u0105 trzej polscy arty\u015bci z r\u00f3\u017cnych pokole\u0144: Jacek Szewczyk, Christopher Nowicki i Sebastian \u0141ubi\u0144ski. Celem projektu jest obserwacja perspektywy laboratorium artystycznego, istoty tw\u00f3rczo\u015bci, mniej znanej strony pracowni, wychodz\u0105c od faktu, \u017ce polska szko\u0142a grafiki jest jedn\u0105 z najbardziej spektakularnych i konsekwentnych na \u015bwiecie. Wszyscy trzej arty\u015bci s\u0105 profesorami na Akademii Sztuk Pi\u0119knych im. Eugeniusza Gepperta we Wroc\u0142awiu. Ka\u017cdy z nich ma oddzieln\u0105 przestrze\u0144 w galerii, co umo\u017cliwia indywidualizacj\u0119 w\u0142asnego kreatywnego przekazu.Obecne przedsi\u0119wzi\u0119cie jest cz\u0119\u015bci\u0105 rocznego programu wystawienniczego galerii Laborna po\u015bwi\u0119conego rysunkowi jako g\u0142\u00f3wnemu tematowi bada\u0144. Galeria LABORNA regularnie dokumentuje przebieg indywidualnych lub grupowych dzia\u0142a\u0144 artystycznych. Wydarzenia dla publiczno\u015bci, nazywane BORNE, zachowuj\u0105 to, co artysta\/kolekcjoner faktycznie tworzy, z zamiarem prezentacji kompleksowego archiwum. Galeria za\u0142o\u017cona w 2013 roku z inicjatywy Cipriana Paleologu stworzy\u0142a dla m\u0142odych artyst\u00f3w wyj\u0105tkow\u0105 przestrze\u0144: SCARA. Dost\u0119p do pracowni artysty lub kolekcjonera jest rzadki, a pe\u0142na perspektywa, w kt\u00f3rej powstaje jego wizja, jest cz\u0119sto trudna do \u015bledzenia. Dlatego mo\u017cemy powiedzie\u0107, \u017ce Galeria LABORNA jest w rzeczywisto\u015bci licznikem: tworzenia i kolekcjonowania w czasie rzeczywistym.\nKurator: Ciprian Paleologu\nKomisarz wystawy: Gabriela Rosta\u0219\nProgram: 04 - 20 czerwca 2024 \/ wtorek, \u015broda, sobota w godzinach 18 - 19 \/ ul. Icoanei, nr. 17, Bukareszt\nPartnerzy: Crama Opri\u0219or, Modernism.ro, Propagarta, Empower Artists"},{"@type":"ImageObject","inLanguage":"pl-PL","@id":"https:\/\/instytutpolski.pl\/bucuresti\/pl\/2024\/06\/04\/wystawa-polskiej-grafiki-w-bukareszcie\/#primaryimage","url":"https:\/\/instytutpolski.pl\/bucuresti\/wp-content\/uploads\/sites\/11\/2024\/06\/LABORNA_afis_lnd.jpg","contentUrl":"https:\/\/instytutpolski.pl\/bucuresti\/wp-content\/uploads\/sites\/11\/2024\/06\/LABORNA_afis_lnd.jpg","width":1920,"height":1005},{"@type":"BreadcrumbList","@id":"https:\/\/instytutpolski.pl\/bucuresti\/pl\/2024\/06\/04\/wystawa-polskiej-grafiki-w-bukareszcie\/#breadcrumb","itemListElement":[{"@type":"ListItem","position":1,"name":"Home","item":"https:\/\/instytutpolski.pl\/bucuresti\/"},{"@type":"ListItem","position":2,"name":"Wystawa polskiej grafiki w Bukareszcie"}]},{"@type":"WebSite","@id":"https:\/\/instytutpolski.pl\/bucuresti\/#website","url":"https:\/\/instytutpolski.pl\/bucuresti\/","name":"Instytut Polski w Bukareszcie","description":"Instytuty Polskie","potentialAction":[{"@type":"SearchAction","target":{"@type":"EntryPoint","urlTemplate":"https:\/\/instytutpolski.pl\/bucuresti\/?s={search_term_string}"},"query-input":{"@type":"PropertyValueSpecification","valueRequired":true,"valueName":"search_term_string"}}],"inLanguage":"pl-PL"},{"@type":"Person","@id":"https:\/\/instytutpolski.pl\/bucuresti\/#\/schema\/person\/a1d5ab39dce466455f60589721519864","name":"nicolaua","image":{"@type":"ImageObject","inLanguage":"pl-PL","@id":"https:\/\/instytutpolski.pl\/bucuresti\/#\/schema\/person\/image\/","url":"https:\/\/secure.gravatar.com\/avatar\/5029b942a8ac0a6a935e5655abff56ef?s=96&d=mm&r=g","contentUrl":"https:\/\/secure.gravatar.com\/avatar\/5029b942a8ac0a6a935e5655abff56ef?s=96&d=mm&r=g","caption":"nicolaua"},"url":"https:\/\/instytutpolski.pl\/bucuresti\/author\/nicolaua\/"}]}},"_links":{"self":[{"href":"https:\/\/instytutpolski.pl\/bucuresti\/wp-json\/wp\/v2\/posts\/12173","targetHints":{"allow":["GET"]}}],"collection":[{"href":"https:\/\/instytutpolski.pl\/bucuresti\/wp-json\/wp\/v2\/posts"}],"about":[{"href":"https:\/\/instytutpolski.pl\/bucuresti\/wp-json\/wp\/v2\/types\/post"}],"author":[{"embeddable":true,"href":"https:\/\/instytutpolski.pl\/bucuresti\/wp-json\/wp\/v2\/users\/43"}],"replies":[{"embeddable":true,"href":"https:\/\/instytutpolski.pl\/bucuresti\/wp-json\/wp\/v2\/comments?post=12173"}],"version-history":[{"count":4,"href":"https:\/\/instytutpolski.pl\/bucuresti\/wp-json\/wp\/v2\/posts\/12173\/revisions"}],"predecessor-version":[{"id":12702,"href":"https:\/\/instytutpolski.pl\/bucuresti\/wp-json\/wp\/v2\/posts\/12173\/revisions\/12702"}],"wp:featuredmedia":[{"embeddable":true,"href":"https:\/\/instytutpolski.pl\/bucuresti\/wp-json\/wp\/v2\/media\/12164"}],"wp:attachment":[{"href":"https:\/\/instytutpolski.pl\/bucuresti\/wp-json\/wp\/v2\/media?parent=12173"}],"wp:term":[{"taxonomy":"category","embeddable":true,"href":"https:\/\/instytutpolski.pl\/bucuresti\/wp-json\/wp\/v2\/categories?post=12173"},{"taxonomy":"post_tag","embeddable":true,"href":"https:\/\/instytutpolski.pl\/bucuresti\/wp-json\/wp\/v2\/tags?post=12173"}],"curies":[{"name":"wp","href":"https:\/\/api.w.org\/{rel}","templated":true}]}}