{"id":12177,"date":"2024-06-06T14:12:11","date_gmt":"2024-06-06T12:12:11","guid":{"rendered":"https:\/\/instytutpolski.pl\/bucuresti\/?p=12177"},"modified":"2024-08-21T10:17:04","modified_gmt":"2024-08-21T08:17:04","slug":"filme-poloneze-la-festivalul-tiff-din-cluj-napoca","status":"publish","type":"post","link":"https:\/\/instytutpolski.pl\/bucuresti\/2024\/06\/06\/filme-poloneze-la-festivalul-tiff-din-cluj-napoca\/","title":{"rendered":"Filme poloneze la festivalul TIFF din Cluj-Napoca"},"content":{"rendered":"\n<p><strong>GRANI<\/strong><strong>\u021aA VERDE<\/strong> \/ Zielona granica<\/p>\n<p>2023, Polonia, 152 min.<\/p>\n<p>Regia: Agnieszka Holland<\/p>\n<p>\u00cen drumul lor spre Uniunea European\u0103, refugia\u0163ii din Orientul Mijlociu \u015fi Africa trebuie s\u0103 traverseze a\u015fa-zisa \u201egrani\u0163\u0103 verde\u201d dintre Belarus \u015fi Polonia, o zon\u0103 de p\u0103duri ml\u0103\u015ftinoase unde pericolul p\u00e2nde\u015fte la tot pasul. Dictatorul bielorus Alexander Luka\u015fenko vrea s\u0103 provoace Europa, a\u015fa c\u0103 le promite refugia\u0163ilor liber\u0103 trecere spre Polonia. \u00cen acest context, Julia, o activist\u0103 f\u0103r\u0103 experien\u0163\u0103, Jan, un t\u00e2n\u0103r gr\u0103nicer, \u015fi o familie sirian\u0103 \u00ee\u015fi vor vedea vie\u0163ile date peste cap\u2026<\/p>\n<p>PROIEC\u021aII<\/p>\n<p>15 iunie, ora 16.00 &#8211; Casa de Cultur\u0103 a Studen\u021bilor<\/p>\n<p>23 iunie, ora 18.00 &#8211; Cinema Florin Piersic<\/p>\n<p>Bilete: <a href=\"https:\/\/tiff.eventbook.ro\/film\/bilete-tiff-2024-granita-verde-green-border\">tiff.eventbook.ro<\/a><\/p>\n<p>https:\/\/www.youtube.com\/watch?v=7sfSUzVNNio<\/p>\n<p><strong>VIA\u021aA \u0218I MOR\u021aILE LUI MAX LINDER<\/strong> \/ \u017bycie i \u015bmierci Maxa Lindera<\/p>\n<p>2024, Polonia, 91 min.<\/p>\n<p>Regia: Edward Porembny<\/p>\n<p>Max Linder a fost primul megastar de cinema. Popularitatea sa a catapultat filmul mut \u00een aten\u0163ia publicului \u015fi unul dintre celebrii s\u0103i discipoli a fost Charlie Chaplin. Linder a \u00een\u015felat moartea de mai multe ori, dar s-a sinucis al\u0103turi de so\u0163ia sa pe c\u00e2nd se afla \u00een culmea succesului. De ce a f\u0103cut asta?<\/p>\n<p>PROIEC\u021aII<\/p>\n<p>15 iunie, ora 17.00 &#8211; Cinema Arta<\/p>\n<p>16 iunie, ora 21.30 &#8211; Muzeul de Art\u0103<\/p>\n<p>Bilete: <a href=\"https:\/\/tiff.eventbook.ro\/film\/bilete-tiff-2024-viata-si-mortile-lui-max-linder-life-and-deaths-of-max-linder\">tiff.eventbook.ro<\/a><\/p>\n<p>https:\/\/www.youtube.com\/watch?v=dWwukb1RFKE<\/p>\n<p><strong>ACESTA NU E FILMUL MEU<\/strong> \/ To nie m\u00f3j film<\/p>\n<p>2023, Polonia, 99 min.<\/p>\n<p>Regia: Maria Zb\u0105ska<\/p>\n<p>O femeie \u015fi un b\u0103rbat \u00eenainteaz\u0103 pe o plaj\u0103 tr\u0103g\u00e2nd dup\u0103 ei o sanie care \u00eei face s\u0103 arate ca ni\u015fte exploratori polari. Dup\u0103 ultima ceart\u0103 stra\u015fnic\u0103 \u015fi o tentativ\u0103 de divor\u0163, Janek \u015fi Wanda \u00ee\u015fi lanseaz\u0103 un ultimatum \u015fi decid s\u0103 porneasc\u0103 \u00eentr-o c\u0103l\u0103torie de 400 de kilometri pe jos, \u00een toiul iernii, de-a lungul M\u0103rii Baltice. Dac\u0103 reu\u015fesc s\u0103 ajung\u0103 la destina\u0163ie, vor r\u0103m\u00e2ne \u00eempreun\u0103, dac\u0103 nu, se vor desp\u0103r\u0163i f\u0103r\u0103 alte discu\u0163ii. \u00cen timpul c\u0103l\u0103toriei, cei doi so\u0163i vor \u00eenfrunta capriciile naturii \u015fi vor \u00eenv\u0103\u0163a din nou s\u0103 fie \u00eempreun\u0103.<\/p>\n<p>PROIEC\u021aII<\/p>\n<p>15 iunie, ora 19.45 &#8211; Universitatea Sapientia<\/p>\n<p>16 iunie, ora 13.15 &#8211; Cercul Militar<\/p>\n<p>Bilete: <a href=\"https:\/\/tiff.eventbook.ro\/film\/bilete-tiff-2024-acesta-nu-e-filmul-meu-its-not-my-film\">tiff.eventbook.ro<\/a><\/p>\n<p>\u00a0<\/p>\n<p><strong>ZON\u0102 DE CONFLICT<\/strong> \/ Danger zone<\/p>\n<p>2023, Polonia, 93 min.<\/p>\n<p>Regia: Vita Maria Drygas<\/p>\n<p>\u00cen competitiva lume a turismului, pu\u0163ine experien\u0163e sunt interzise. Documentarul exploreaz\u0103 turismul de r\u0103zboi, care satisface o pia\u0163\u0103 tot mai mare de doritori de experien\u0163e extreme. Turi\u015ftilor li se promite accesul la confrunt\u0103ri reale, cu muni\u0163ie real\u0103. Astfel, r\u0103zboiul devine un produs de lux, o marf\u0103 care poate fi v\u00e2ndut\u0103 \u015fi cump\u0103rat\u0103, iar agen\u0163iile de turism abia a\u015fteapt\u0103 s\u0103 ofere produsul clien\u0163ilor plini de bani. Dar aceast\u0103 industrie este la limita moralit\u0103\u0163ii, c\u0103ci pune laolalt\u0103 dou\u0103 lumi complet diferite: cea a turi\u015ftilor dispera\u0163i dup\u0103 inedit \u015fi cea a comunit\u0103\u0163ilor afectate de r\u0103zboi, care nu \u00ee\u015fi permit luxul \u015fi privilegiul s\u0103 plece de pe linia frontului.<\/p>\n<p>PROIEC\u021aII<\/p>\n<p>18 iunie, ora 19.30 &#8211; Cinema Arta<\/p>\n<p>19 iunie, ora 14.00 &#8211; Cinema Arta<\/p>\n<p>Bilete: <a href=\"https:\/\/tiff.eventbook.ro\/film\/bilete-tiff-2024-zona-de-conflict-danger-zone?lang=ro\">tiff.eventbook.ro<\/a><\/p>\n<p>https:\/\/www.youtube.com\/watch?v=nNlh6iaB7l8<\/p>\n<p><strong>KOS<\/strong><\/p>\n<p>2023, Polonia, 120 min.<\/p>\n<p>Regia: Pawel Ma\u015blona<\/p>\n<p>1794. Generalul Tadeusz 'Kos&#8217; Ko\u015bciuszko se \u00eentoarce \u00een Polonia cu planul de a convinge nobilimea \u015fi \u0163\u0103ranii s\u0103 porneasc\u0103 o r\u0103zmeri\u0163\u0103 \u00eempotriva cotropitorilor ru\u015fi. Dunin, un nemilos c\u0103pitan din armata rus\u0103, este gata de orice, chiar \u015fi crim\u0103, pentru a-i dejuca planurile generalului. \u00cen acela\u015fi timp, t\u00e2n\u0103rul \u0163\u0103ran Ignac, fiul din flori al unui nobil polonez, viseaz\u0103 c\u0103 va mo\u015fteni de la tat\u0103l s\u0103u averea \u015fi titlul nobiliar. Povestea adev\u0103rat\u0103 a unuia din marii eroi ai Poloniei!<\/p>\n<p>PROIEC\u021aII<\/p>\n<p>19 iunie, ora 21.45 &#8211; Pia\u021ba Unirii Open Air<\/p>\n<p>20 iunie, ora 21.45 &#8211; Parc Poligon Flore\u0219ti<\/p>\n<p>Bilete: <a href=\"https:\/\/tiff.eventbook.ro\/film\/bilete-tiff-2024-kos-kos\">tiff.eventbook.ro<\/a><\/p>\n<p>https:\/\/www.youtube.com\/watch?v=aMUdWhaGM80<\/p>\n","protected":false},"excerpt":{"rendered":"<p>GRANI\u021aA VERDE \/ Zielona granica 2023, Polonia, 152 min. Regia: Agnieszka Holland \u00cen drumul lor spre Uniunea European\u0103, refugia\u0163ii din Orientul Mijlociu \u015fi Africa trebuie s\u0103 traverseze a\u015fa-zisa \u201egrani\u0163\u0103 verde\u201d dintre Belarus \u015fi Polonia, o zon\u0103 de p\u0103duri ml\u0103\u015ftinoase unde pericolul p\u00e2nde\u015fte la tot pasul. Dictatorul bielorus Alexander Luka\u015fenko vrea s\u0103 provoace Europa, a\u015fa c\u0103 [&hellip;]<\/p>\n","protected":false},"author":41,"featured_media":12178,"comment_status":"open","ping_status":"open","sticky":false,"template":"","format":"standard","meta":{"inline_featured_image":false,"_monsterinsights_skip_tracking":false,"_monsterinsights_sitenote_active":false,"_monsterinsights_sitenote_note":"","_monsterinsights_sitenote_category":0,"footnotes":""},"categories":[18,94],"tags":[],"class_list":["post-12177","post","type-post","status-publish","format-standard","has-post-thumbnail","hentry","category-cinema","category-evenimente"],"yoast_head":"<!-- This site is optimized with the Yoast SEO plugin v24.6 - https:\/\/yoast.com\/wordpress\/plugins\/seo\/ -->\n<title>Filme poloneze la festivalul TIFF din Cluj-Napoca - Instytut Polski w Bukareszcie<\/title>\n<meta name=\"robots\" content=\"index, follow, max-snippet:-1, max-image-preview:large, max-video-preview:-1\" \/>\n<link rel=\"canonical\" href=\"https:\/\/instytutpolski.pl\/bucuresti\/2024\/06\/06\/filme-poloneze-la-festivalul-tiff-din-cluj-napoca\/\" \/>\n<meta property=\"og:locale\" content=\"pl_PL\" \/>\n<meta property=\"og:type\" content=\"article\" \/>\n<meta property=\"og:title\" content=\"Filme poloneze la festivalul TIFF din Cluj-Napoca - Instytut Polski w Bukareszcie\" \/>\n<meta property=\"og:description\" content=\"GRANI\u021aA VERDE \/ Zielona granica 2023, Polonia, 152 min. Regia: Agnieszka Holland \u00cen drumul lor spre Uniunea European\u0103, refugia\u0163ii din Orientul Mijlociu \u015fi Africa trebuie s\u0103 traverseze a\u015fa-zisa \u201egrani\u0163\u0103 verde\u201d dintre Belarus \u015fi Polonia, o zon\u0103 de p\u0103duri ml\u0103\u015ftinoase unde pericolul p\u00e2nde\u015fte la tot pasul. Dictatorul bielorus Alexander Luka\u015fenko vrea s\u0103 provoace Europa, a\u015fa c\u0103 [&hellip;]\" \/>\n<meta property=\"og:url\" content=\"https:\/\/instytutpolski.pl\/bucuresti\/2024\/06\/06\/filme-poloneze-la-festivalul-tiff-din-cluj-napoca\/\" \/>\n<meta property=\"og:site_name\" content=\"Instytut Polski w Bukareszcie\" \/>\n<meta property=\"article:published_time\" content=\"2024-06-06T12:12:11+00:00\" \/>\n<meta property=\"article:modified_time\" content=\"2024-08-21T08:17:04+00:00\" \/>\n<meta property=\"og:image\" content=\"https:\/\/instytutpolski.pl\/bucuresti\/wp-content\/uploads\/sites\/11\/2024\/06\/pobrane.jpg\" \/>\n\t<meta property=\"og:image:width\" content=\"1200\" \/>\n\t<meta property=\"og:image:height\" content=\"585\" \/>\n\t<meta property=\"og:image:type\" content=\"image\/jpeg\" \/>\n<meta name=\"author\" content=\"mirelal\" \/>\n<meta name=\"twitter:card\" content=\"summary_large_image\" \/>\n<meta name=\"twitter:label1\" content=\"Napisane przez\" \/>\n\t<meta name=\"twitter:data1\" content=\"mirelal\" \/>\n\t<meta name=\"twitter:label2\" content=\"Szacowany czas czytania\" \/>\n\t<meta name=\"twitter:data2\" content=\"4 minuty\" \/>\n<script type=\"application\/ld+json\" class=\"yoast-schema-graph\">{\"@context\":\"https:\/\/schema.org\",\"@graph\":[{\"@type\":\"event\",\"@id\":\"https:\/\/instytutpolski.pl\/bucuresti\/2024\/06\/06\/filme-poloneze-la-festivalul-tiff-din-cluj-napoca\/\",\"url\":\"https:\/\/instytutpolski.pl\/bucuresti\/2024\/06\/06\/filme-poloneze-la-festivalul-tiff-din-cluj-napoca\/\",\"name\":\"Filme poloneze la festivalul TIFF din Cluj-Napoca\",\"isPartOf\":{\"@id\":\"https:\/\/instytutpolski.pl\/bucuresti\/#website\"},\"primaryImageOfPage\":{\"@id\":\"https:\/\/instytutpolski.pl\/bucuresti\/2024\/06\/06\/filme-poloneze-la-festivalul-tiff-din-cluj-napoca\/#primaryimage\"},\"image\":[\"https:\/\/instytutpolski.pl\/bucuresti\/wp-content\/uploads\/sites\/11\/2024\/06\/pobrane.jpg\",\"https:\/\/instytutpolski.pl\/bucuresti\/wp-content\/uploads\/sites\/11\/2024\/06\/pobrane-300x146.jpg\",\"https:\/\/instytutpolski.pl\/bucuresti\/wp-content\/uploads\/sites\/11\/2024\/06\/pobrane-1024x499.jpg\",\"https:\/\/instytutpolski.pl\/bucuresti\/wp-content\/uploads\/sites\/11\/2024\/06\/pobrane.jpg\"],\"thumbnailUrl\":\"https:\/\/instytutpolski.pl\/bucuresti\/wp-content\/uploads\/sites\/11\/2024\/06\/pobrane.jpg\",\"datePublished\":\"2024-06-06T12:12:11+02:00\",\"dateModified\":\"2024-08-21T08:17:04+02:00\",\"author\":{\"@id\":\"https:\/\/instytutpolski.pl\/bucuresti\/#\/schema\/person\/36eba23bd65c4ed8774deeb285a19272\"},\"breadcrumb\":{\"@id\":\"https:\/\/instytutpolski.pl\/bucuresti\/2024\/06\/06\/filme-poloneze-la-festivalul-tiff-din-cluj-napoca\/#breadcrumb\"},\"inLanguage\":\"pl-PL\",\"potentialAction\":[{\"@type\":\"ReadAction\",\"target\":[\"https:\/\/instytutpolski.pl\/bucuresti\/2024\/06\/06\/filme-poloneze-la-festivalul-tiff-din-cluj-napoca\/\"]}],\"@context\":\"https:\/\/schema.org\",\"startDate\":\"2024-06-14\",\"endDate\":\"2024-06-24\",\"eventStatus\":\"EventScheduled\",\"eventAttendanceMode\":\"OfflineEventAttendanceMode\",\"location\":{\"@type\":\"place\",\"name\":\"\",\"address\":\"\",\"geo\":{\"@type\":\"GeoCoordinates\",\"latitude\":\"\",\"longitude\":\"\"}},\"description\":\"GRANI\u021aA VERDE \/ Zielona granica\\n2023, Polonia, 152 min.\\nRegia: Agnieszka Holland\\n\u00cen drumul lor spre Uniunea European\u0103, refugia\u0163ii din Orientul Mijlociu \u015fi Africa trebuie s\u0103 traverseze a\u015fa-zisa \u201egrani\u0163\u0103 verde\u201d dintre Belarus \u015fi Polonia, o zon\u0103 de p\u0103duri ml\u0103\u015ftinoase unde pericolul p\u00e2nde\u015fte la tot pasul. Dictatorul bielorus Alexander Luka\u015fenko vrea s\u0103 provoace Europa, a\u015fa c\u0103 le promite refugia\u0163ilor liber\u0103 trecere spre Polonia. \u00cen acest context, Julia, o activist\u0103 f\u0103r\u0103 experien\u0163\u0103, Jan, un t\u00e2n\u0103r gr\u0103nicer, \u015fi o familie sirian\u0103 \u00ee\u015fi vor vedea vie\u0163ile date peste cap\u2026\\nPROIEC\u021aII\\n15 iunie, ora 16.00 - Casa de Cultur\u0103 a Studen\u021bilor\\n23 iunie, ora 18.00 - Cinema Florin Piersic\\nBilete: tiff.eventbook.ro\\nhttps:\/\/www.youtube.com\/watch?v=7sfSUzVNNio\\nVIA\u021aA \u0218I MOR\u021aILE LUI MAX LINDER \/ \u017bycie i \u015bmierci Maxa Lindera\\n2024, Polonia, 91 min.\\nRegia: Edward Porembny\\nMax Linder a fost primul megastar de cinema. Popularitatea sa a catapultat filmul mut \u00een aten\u0163ia publicului \u015fi unul dintre celebrii s\u0103i discipoli a fost Charlie Chaplin. Linder a \u00een\u015felat moartea de mai multe ori, dar s-a sinucis al\u0103turi de so\u0163ia sa pe c\u00e2nd se afla \u00een culmea succesului. De ce a f\u0103cut asta?\\nPROIEC\u021aII\\n15 iunie, ora 17.00 - Cinema Arta\\n16 iunie, ora 21.30 - Muzeul de Art\u0103\\nBilete: tiff.eventbook.ro\\nhttps:\/\/www.youtube.com\/watch?v=dWwukb1RFKE\\nACESTA NU E FILMUL MEU \/ To nie m\u00f3j film\\n2023, Polonia, 99 min.\\nRegia: Maria Zb\u0105ska\\nO femeie \u015fi un b\u0103rbat \u00eenainteaz\u0103 pe o plaj\u0103 tr\u0103g\u00e2nd dup\u0103 ei o sanie care \u00eei face s\u0103 arate ca ni\u015fte exploratori polari. Dup\u0103 ultima ceart\u0103 stra\u015fnic\u0103 \u015fi o tentativ\u0103 de divor\u0163, Janek \u015fi Wanda \u00ee\u015fi lanseaz\u0103 un ultimatum \u015fi decid s\u0103 porneasc\u0103 \u00eentr-o c\u0103l\u0103torie de 400 de kilometri pe jos, \u00een toiul iernii, de-a lungul M\u0103rii Baltice. Dac\u0103 reu\u015fesc s\u0103 ajung\u0103 la destina\u0163ie, vor r\u0103m\u00e2ne \u00eempreun\u0103, dac\u0103 nu, se vor desp\u0103r\u0163i f\u0103r\u0103 alte discu\u0163ii. \u00cen timpul c\u0103l\u0103toriei, cei doi so\u0163i vor \u00eenfrunta capriciile naturii \u015fi vor \u00eenv\u0103\u0163a din nou s\u0103 fie \u00eempreun\u0103.\\nPROIEC\u021aII\\n15 iunie, ora 19.45 - Universitatea Sapientia\\n16 iunie, ora 13.15 - Cercul Militar\\nBilete: tiff.eventbook.ro\\n\u00a0\\nZON\u0102 DE CONFLICT \/ Danger zone\\n2023, Polonia, 93 min.\\nRegia: Vita Maria Drygas\\n\u00cen competitiva lume a turismului, pu\u0163ine experien\u0163e sunt interzise. Documentarul exploreaz\u0103 turismul de r\u0103zboi, care satisface o pia\u0163\u0103 tot mai mare de doritori de experien\u0163e extreme. Turi\u015ftilor li se promite accesul la confrunt\u0103ri reale, cu muni\u0163ie real\u0103. Astfel, r\u0103zboiul devine un produs de lux, o marf\u0103 care poate fi v\u00e2ndut\u0103 \u015fi cump\u0103rat\u0103, iar agen\u0163iile de turism abia a\u015fteapt\u0103 s\u0103 ofere produsul clien\u0163ilor plini de bani. Dar aceast\u0103 industrie este la limita moralit\u0103\u0163ii, c\u0103ci pune laolalt\u0103 dou\u0103 lumi complet diferite: cea a turi\u015ftilor dispera\u0163i dup\u0103 inedit \u015fi cea a comunit\u0103\u0163ilor afectate de r\u0103zboi, care nu \u00ee\u015fi permit luxul \u015fi privilegiul s\u0103 plece de pe linia frontului.\\nPROIEC\u021aII\\n18 iunie, ora 19.30 - Cinema Arta\\n19 iunie, ora 14.00 - Cinema Arta\\nBilete: tiff.eventbook.ro\\nhttps:\/\/www.youtube.com\/watch?v=nNlh6iaB7l8\\nKOS\\n2023, Polonia, 120 min.\\nRegia: Pawel Ma\u015blona\\n1794. Generalul Tadeusz 'Kos' Ko\u015bciuszko se \u00eentoarce \u00een Polonia cu planul de a convinge nobilimea \u015fi \u0163\u0103ranii s\u0103 porneasc\u0103 o r\u0103zmeri\u0163\u0103 \u00eempotriva cotropitorilor ru\u015fi. Dunin, un nemilos c\u0103pitan din armata rus\u0103, este gata de orice, chiar \u015fi crim\u0103, pentru a-i dejuca planurile generalului. \u00cen acela\u015fi timp, t\u00e2n\u0103rul \u0163\u0103ran Ignac, fiul din flori al unui nobil polonez, viseaz\u0103 c\u0103 va mo\u015fteni de la tat\u0103l s\u0103u averea \u015fi titlul nobiliar. Povestea adev\u0103rat\u0103 a unuia din marii eroi ai Poloniei!\\nPROIEC\u021aII\\n19 iunie, ora 21.45 - Pia\u021ba Unirii Open Air\\n20 iunie, ora 21.45 - Parc Poligon Flore\u0219ti\\nBilete: tiff.eventbook.ro\\nhttps:\/\/www.youtube.com\/watch?v=aMUdWhaGM80\"},{\"@type\":\"ImageObject\",\"inLanguage\":\"pl-PL\",\"@id\":\"https:\/\/instytutpolski.pl\/bucuresti\/2024\/06\/06\/filme-poloneze-la-festivalul-tiff-din-cluj-napoca\/#primaryimage\",\"url\":\"https:\/\/instytutpolski.pl\/bucuresti\/wp-content\/uploads\/sites\/11\/2024\/06\/pobrane.jpg\",\"contentUrl\":\"https:\/\/instytutpolski.pl\/bucuresti\/wp-content\/uploads\/sites\/11\/2024\/06\/pobrane.jpg\",\"width\":1200,\"height\":585},{\"@type\":\"BreadcrumbList\",\"@id\":\"https:\/\/instytutpolski.pl\/bucuresti\/2024\/06\/06\/filme-poloneze-la-festivalul-tiff-din-cluj-napoca\/#breadcrumb\",\"itemListElement\":[{\"@type\":\"ListItem\",\"position\":1,\"name\":\"Home\",\"item\":\"https:\/\/instytutpolski.pl\/bucuresti\/\"},{\"@type\":\"ListItem\",\"position\":2,\"name\":\"Filme poloneze la festivalul TIFF din Cluj-Napoca\"}]},{\"@type\":\"WebSite\",\"@id\":\"https:\/\/instytutpolski.pl\/bucuresti\/#website\",\"url\":\"https:\/\/instytutpolski.pl\/bucuresti\/\",\"name\":\"Instytut Polski w Bukareszcie\",\"description\":\"Instytuty Polskie\",\"potentialAction\":[{\"@type\":\"SearchAction\",\"target\":{\"@type\":\"EntryPoint\",\"urlTemplate\":\"https:\/\/instytutpolski.pl\/bucuresti\/?s={search_term_string}\"},\"query-input\":{\"@type\":\"PropertyValueSpecification\",\"valueRequired\":true,\"valueName\":\"search_term_string\"}}],\"inLanguage\":\"pl-PL\"},{\"@type\":\"Person\",\"@id\":\"https:\/\/instytutpolski.pl\/bucuresti\/#\/schema\/person\/36eba23bd65c4ed8774deeb285a19272\",\"name\":\"mirelal\",\"image\":{\"@type\":\"ImageObject\",\"inLanguage\":\"pl-PL\",\"@id\":\"https:\/\/instytutpolski.pl\/bucuresti\/#\/schema\/person\/image\/\",\"url\":\"https:\/\/secure.gravatar.com\/avatar\/5838c7614d071fe473f8aeb2de72beb4?s=96&d=mm&r=g\",\"contentUrl\":\"https:\/\/secure.gravatar.com\/avatar\/5838c7614d071fe473f8aeb2de72beb4?s=96&d=mm&r=g\",\"caption\":\"mirelal\"},\"url\":\"https:\/\/instytutpolski.pl\/bucuresti\/author\/mirelal\/\"}]}<\/script>\n<!-- \/ Yoast SEO plugin. -->","yoast_head_json":{"title":"Filme poloneze la festivalul TIFF din Cluj-Napoca - Instytut Polski w Bukareszcie","robots":{"index":"index","follow":"follow","max-snippet":"max-snippet:-1","max-image-preview":"max-image-preview:large","max-video-preview":"max-video-preview:-1"},"canonical":"https:\/\/instytutpolski.pl\/bucuresti\/2024\/06\/06\/filme-poloneze-la-festivalul-tiff-din-cluj-napoca\/","og_locale":"pl_PL","og_type":"article","og_title":"Filme poloneze la festivalul TIFF din Cluj-Napoca - Instytut Polski w Bukareszcie","og_description":"GRANI\u021aA VERDE \/ Zielona granica 2023, Polonia, 152 min. Regia: Agnieszka Holland \u00cen drumul lor spre Uniunea European\u0103, refugia\u0163ii din Orientul Mijlociu \u015fi Africa trebuie s\u0103 traverseze a\u015fa-zisa \u201egrani\u0163\u0103 verde\u201d dintre Belarus \u015fi Polonia, o zon\u0103 de p\u0103duri ml\u0103\u015ftinoase unde pericolul p\u00e2nde\u015fte la tot pasul. Dictatorul bielorus Alexander Luka\u015fenko vrea s\u0103 provoace Europa, a\u015fa c\u0103 [&hellip;]","og_url":"https:\/\/instytutpolski.pl\/bucuresti\/2024\/06\/06\/filme-poloneze-la-festivalul-tiff-din-cluj-napoca\/","og_site_name":"Instytut Polski w Bukareszcie","article_published_time":"2024-06-06T12:12:11+00:00","article_modified_time":"2024-08-21T08:17:04+00:00","og_image":[{"width":1200,"height":585,"url":"https:\/\/instytutpolski.pl\/bucuresti\/wp-content\/uploads\/sites\/11\/2024\/06\/pobrane.jpg","type":"image\/jpeg"}],"author":"mirelal","twitter_card":"summary_large_image","twitter_misc":{"Napisane przez":"mirelal","Szacowany czas czytania":"4 minuty"},"schema":{"@context":"https:\/\/schema.org","@graph":[{"@type":"event","@id":"https:\/\/instytutpolski.pl\/bucuresti\/2024\/06\/06\/filme-poloneze-la-festivalul-tiff-din-cluj-napoca\/","url":"https:\/\/instytutpolski.pl\/bucuresti\/2024\/06\/06\/filme-poloneze-la-festivalul-tiff-din-cluj-napoca\/","name":"Filme poloneze la festivalul TIFF din Cluj-Napoca","isPartOf":{"@id":"https:\/\/instytutpolski.pl\/bucuresti\/#website"},"primaryImageOfPage":{"@id":"https:\/\/instytutpolski.pl\/bucuresti\/2024\/06\/06\/filme-poloneze-la-festivalul-tiff-din-cluj-napoca\/#primaryimage"},"image":["https:\/\/instytutpolski.pl\/bucuresti\/wp-content\/uploads\/sites\/11\/2024\/06\/pobrane.jpg","https:\/\/instytutpolski.pl\/bucuresti\/wp-content\/uploads\/sites\/11\/2024\/06\/pobrane-300x146.jpg","https:\/\/instytutpolski.pl\/bucuresti\/wp-content\/uploads\/sites\/11\/2024\/06\/pobrane-1024x499.jpg","https:\/\/instytutpolski.pl\/bucuresti\/wp-content\/uploads\/sites\/11\/2024\/06\/pobrane.jpg"],"thumbnailUrl":"https:\/\/instytutpolski.pl\/bucuresti\/wp-content\/uploads\/sites\/11\/2024\/06\/pobrane.jpg","datePublished":"2024-06-06T12:12:11+02:00","dateModified":"2024-08-21T08:17:04+02:00","author":{"@id":"https:\/\/instytutpolski.pl\/bucuresti\/#\/schema\/person\/36eba23bd65c4ed8774deeb285a19272"},"breadcrumb":{"@id":"https:\/\/instytutpolski.pl\/bucuresti\/2024\/06\/06\/filme-poloneze-la-festivalul-tiff-din-cluj-napoca\/#breadcrumb"},"inLanguage":"pl-PL","potentialAction":[{"@type":"ReadAction","target":["https:\/\/instytutpolski.pl\/bucuresti\/2024\/06\/06\/filme-poloneze-la-festivalul-tiff-din-cluj-napoca\/"]}],"@context":"https:\/\/schema.org","startDate":"2024-06-14","endDate":"2024-06-24","eventStatus":"EventScheduled","eventAttendanceMode":"OfflineEventAttendanceMode","location":{"@type":"place","name":"","address":"","geo":{"@type":"GeoCoordinates","latitude":"","longitude":""}},"description":"GRANI\u021aA VERDE \/ Zielona granica\n2023, Polonia, 152 min.\nRegia: Agnieszka Holland\n\u00cen drumul lor spre Uniunea European\u0103, refugia\u0163ii din Orientul Mijlociu \u015fi Africa trebuie s\u0103 traverseze a\u015fa-zisa \u201egrani\u0163\u0103 verde\u201d dintre Belarus \u015fi Polonia, o zon\u0103 de p\u0103duri ml\u0103\u015ftinoase unde pericolul p\u00e2nde\u015fte la tot pasul. Dictatorul bielorus Alexander Luka\u015fenko vrea s\u0103 provoace Europa, a\u015fa c\u0103 le promite refugia\u0163ilor liber\u0103 trecere spre Polonia. \u00cen acest context, Julia, o activist\u0103 f\u0103r\u0103 experien\u0163\u0103, Jan, un t\u00e2n\u0103r gr\u0103nicer, \u015fi o familie sirian\u0103 \u00ee\u015fi vor vedea vie\u0163ile date peste cap\u2026\nPROIEC\u021aII\n15 iunie, ora 16.00 - Casa de Cultur\u0103 a Studen\u021bilor\n23 iunie, ora 18.00 - Cinema Florin Piersic\nBilete: tiff.eventbook.ro\nhttps:\/\/www.youtube.com\/watch?v=7sfSUzVNNio\nVIA\u021aA \u0218I MOR\u021aILE LUI MAX LINDER \/ \u017bycie i \u015bmierci Maxa Lindera\n2024, Polonia, 91 min.\nRegia: Edward Porembny\nMax Linder a fost primul megastar de cinema. Popularitatea sa a catapultat filmul mut \u00een aten\u0163ia publicului \u015fi unul dintre celebrii s\u0103i discipoli a fost Charlie Chaplin. Linder a \u00een\u015felat moartea de mai multe ori, dar s-a sinucis al\u0103turi de so\u0163ia sa pe c\u00e2nd se afla \u00een culmea succesului. De ce a f\u0103cut asta?\nPROIEC\u021aII\n15 iunie, ora 17.00 - Cinema Arta\n16 iunie, ora 21.30 - Muzeul de Art\u0103\nBilete: tiff.eventbook.ro\nhttps:\/\/www.youtube.com\/watch?v=dWwukb1RFKE\nACESTA NU E FILMUL MEU \/ To nie m\u00f3j film\n2023, Polonia, 99 min.\nRegia: Maria Zb\u0105ska\nO femeie \u015fi un b\u0103rbat \u00eenainteaz\u0103 pe o plaj\u0103 tr\u0103g\u00e2nd dup\u0103 ei o sanie care \u00eei face s\u0103 arate ca ni\u015fte exploratori polari. Dup\u0103 ultima ceart\u0103 stra\u015fnic\u0103 \u015fi o tentativ\u0103 de divor\u0163, Janek \u015fi Wanda \u00ee\u015fi lanseaz\u0103 un ultimatum \u015fi decid s\u0103 porneasc\u0103 \u00eentr-o c\u0103l\u0103torie de 400 de kilometri pe jos, \u00een toiul iernii, de-a lungul M\u0103rii Baltice. Dac\u0103 reu\u015fesc s\u0103 ajung\u0103 la destina\u0163ie, vor r\u0103m\u00e2ne \u00eempreun\u0103, dac\u0103 nu, se vor desp\u0103r\u0163i f\u0103r\u0103 alte discu\u0163ii. \u00cen timpul c\u0103l\u0103toriei, cei doi so\u0163i vor \u00eenfrunta capriciile naturii \u015fi vor \u00eenv\u0103\u0163a din nou s\u0103 fie \u00eempreun\u0103.\nPROIEC\u021aII\n15 iunie, ora 19.45 - Universitatea Sapientia\n16 iunie, ora 13.15 - Cercul Militar\nBilete: tiff.eventbook.ro\n\u00a0\nZON\u0102 DE CONFLICT \/ Danger zone\n2023, Polonia, 93 min.\nRegia: Vita Maria Drygas\n\u00cen competitiva lume a turismului, pu\u0163ine experien\u0163e sunt interzise. Documentarul exploreaz\u0103 turismul de r\u0103zboi, care satisface o pia\u0163\u0103 tot mai mare de doritori de experien\u0163e extreme. Turi\u015ftilor li se promite accesul la confrunt\u0103ri reale, cu muni\u0163ie real\u0103. Astfel, r\u0103zboiul devine un produs de lux, o marf\u0103 care poate fi v\u00e2ndut\u0103 \u015fi cump\u0103rat\u0103, iar agen\u0163iile de turism abia a\u015fteapt\u0103 s\u0103 ofere produsul clien\u0163ilor plini de bani. Dar aceast\u0103 industrie este la limita moralit\u0103\u0163ii, c\u0103ci pune laolalt\u0103 dou\u0103 lumi complet diferite: cea a turi\u015ftilor dispera\u0163i dup\u0103 inedit \u015fi cea a comunit\u0103\u0163ilor afectate de r\u0103zboi, care nu \u00ee\u015fi permit luxul \u015fi privilegiul s\u0103 plece de pe linia frontului.\nPROIEC\u021aII\n18 iunie, ora 19.30 - Cinema Arta\n19 iunie, ora 14.00 - Cinema Arta\nBilete: tiff.eventbook.ro\nhttps:\/\/www.youtube.com\/watch?v=nNlh6iaB7l8\nKOS\n2023, Polonia, 120 min.\nRegia: Pawel Ma\u015blona\n1794. Generalul Tadeusz 'Kos' Ko\u015bciuszko se \u00eentoarce \u00een Polonia cu planul de a convinge nobilimea \u015fi \u0163\u0103ranii s\u0103 porneasc\u0103 o r\u0103zmeri\u0163\u0103 \u00eempotriva cotropitorilor ru\u015fi. Dunin, un nemilos c\u0103pitan din armata rus\u0103, este gata de orice, chiar \u015fi crim\u0103, pentru a-i dejuca planurile generalului. \u00cen acela\u015fi timp, t\u00e2n\u0103rul \u0163\u0103ran Ignac, fiul din flori al unui nobil polonez, viseaz\u0103 c\u0103 va mo\u015fteni de la tat\u0103l s\u0103u averea \u015fi titlul nobiliar. Povestea adev\u0103rat\u0103 a unuia din marii eroi ai Poloniei!\nPROIEC\u021aII\n19 iunie, ora 21.45 - Pia\u021ba Unirii Open Air\n20 iunie, ora 21.45 - Parc Poligon Flore\u0219ti\nBilete: tiff.eventbook.ro\nhttps:\/\/www.youtube.com\/watch?v=aMUdWhaGM80"},{"@type":"ImageObject","inLanguage":"pl-PL","@id":"https:\/\/instytutpolski.pl\/bucuresti\/2024\/06\/06\/filme-poloneze-la-festivalul-tiff-din-cluj-napoca\/#primaryimage","url":"https:\/\/instytutpolski.pl\/bucuresti\/wp-content\/uploads\/sites\/11\/2024\/06\/pobrane.jpg","contentUrl":"https:\/\/instytutpolski.pl\/bucuresti\/wp-content\/uploads\/sites\/11\/2024\/06\/pobrane.jpg","width":1200,"height":585},{"@type":"BreadcrumbList","@id":"https:\/\/instytutpolski.pl\/bucuresti\/2024\/06\/06\/filme-poloneze-la-festivalul-tiff-din-cluj-napoca\/#breadcrumb","itemListElement":[{"@type":"ListItem","position":1,"name":"Home","item":"https:\/\/instytutpolski.pl\/bucuresti\/"},{"@type":"ListItem","position":2,"name":"Filme poloneze la festivalul TIFF din Cluj-Napoca"}]},{"@type":"WebSite","@id":"https:\/\/instytutpolski.pl\/bucuresti\/#website","url":"https:\/\/instytutpolski.pl\/bucuresti\/","name":"Instytut Polski w Bukareszcie","description":"Instytuty Polskie","potentialAction":[{"@type":"SearchAction","target":{"@type":"EntryPoint","urlTemplate":"https:\/\/instytutpolski.pl\/bucuresti\/?s={search_term_string}"},"query-input":{"@type":"PropertyValueSpecification","valueRequired":true,"valueName":"search_term_string"}}],"inLanguage":"pl-PL"},{"@type":"Person","@id":"https:\/\/instytutpolski.pl\/bucuresti\/#\/schema\/person\/36eba23bd65c4ed8774deeb285a19272","name":"mirelal","image":{"@type":"ImageObject","inLanguage":"pl-PL","@id":"https:\/\/instytutpolski.pl\/bucuresti\/#\/schema\/person\/image\/","url":"https:\/\/secure.gravatar.com\/avatar\/5838c7614d071fe473f8aeb2de72beb4?s=96&d=mm&r=g","contentUrl":"https:\/\/secure.gravatar.com\/avatar\/5838c7614d071fe473f8aeb2de72beb4?s=96&d=mm&r=g","caption":"mirelal"},"url":"https:\/\/instytutpolski.pl\/bucuresti\/author\/mirelal\/"}]}},"_links":{"self":[{"href":"https:\/\/instytutpolski.pl\/bucuresti\/wp-json\/wp\/v2\/posts\/12177","targetHints":{"allow":["GET"]}}],"collection":[{"href":"https:\/\/instytutpolski.pl\/bucuresti\/wp-json\/wp\/v2\/posts"}],"about":[{"href":"https:\/\/instytutpolski.pl\/bucuresti\/wp-json\/wp\/v2\/types\/post"}],"author":[{"embeddable":true,"href":"https:\/\/instytutpolski.pl\/bucuresti\/wp-json\/wp\/v2\/users\/41"}],"replies":[{"embeddable":true,"href":"https:\/\/instytutpolski.pl\/bucuresti\/wp-json\/wp\/v2\/comments?post=12177"}],"version-history":[{"count":7,"href":"https:\/\/instytutpolski.pl\/bucuresti\/wp-json\/wp\/v2\/posts\/12177\/revisions"}],"predecessor-version":[{"id":12458,"href":"https:\/\/instytutpolski.pl\/bucuresti\/wp-json\/wp\/v2\/posts\/12177\/revisions\/12458"}],"wp:featuredmedia":[{"embeddable":true,"href":"https:\/\/instytutpolski.pl\/bucuresti\/wp-json\/wp\/v2\/media\/12178"}],"wp:attachment":[{"href":"https:\/\/instytutpolski.pl\/bucuresti\/wp-json\/wp\/v2\/media?parent=12177"}],"wp:term":[{"taxonomy":"category","embeddable":true,"href":"https:\/\/instytutpolski.pl\/bucuresti\/wp-json\/wp\/v2\/categories?post=12177"},{"taxonomy":"post_tag","embeddable":true,"href":"https:\/\/instytutpolski.pl\/bucuresti\/wp-json\/wp\/v2\/tags?post=12177"}],"curies":[{"name":"wp","href":"https:\/\/api.w.org\/{rel}","templated":true}]}}