{"id":12184,"date":"2024-06-06T14:12:11","date_gmt":"2024-06-06T12:12:11","guid":{"rendered":"https:\/\/instytutpolski.pl\/bucuresti\/?p=12184"},"modified":"2024-09-09T12:23:24","modified_gmt":"2024-09-09T10:23:24","slug":"polskie-kino-na-festiwalu-tiff-w-kluzu-napoce","status":"publish","type":"post","link":"https:\/\/instytutpolski.pl\/bucuresti\/pl\/2024\/06\/06\/polskie-kino-na-festiwalu-tiff-w-kluzu-napoce\/","title":{"rendered":"Polskie kino na festiwalu TIFF w Klu\u017cu-Napoce"},"content":{"rendered":"\n<p><strong>ZIELONA GRANICA<\/strong><\/p>\n<p>2023, Polska, 152 min.<\/p>\n<p>Re\u017cyseria: Agnieszka Holland<\/p>\n<p>Po przeprowadzce na Podlasie psycholo\u017cka Julia staje si\u0119 mimowolnym \u015bwiadkiem i uczestnikiem dramatycznych wydarze\u0144 na granicy polsko-bia\u0142oruskiej. \u015awiadoma ryzyka i konsekwencji prawnych, przy\u0142\u0105cza si\u0119 do grupy aktywist\u00f3w pomagaj\u0105cych uchod\u017acom, kt\u00f3rzy koczuj\u0105 w lasach w strefie obj\u0119tej stanem wyj\u0105tkowym. W tym samym czasie uciekaj\u0105ca przed wojn\u0105 domow\u0105 syryjska rodzina i towarzysz\u0105ca jej nauczycielka z Afganistanu, nie wiedz\u0105c, \u017ce s\u0105 narz\u0119dziem politycznego oszustwa bia\u0142oruskich w\u0142adz, pr\u00f3buj\u0105 przedosta\u0107 si\u0119 do granic Unii Europejskiej. W Polsce los zetknie ich z Juli\u0105 oraz m\u0142odym pogranicznikiem Janem. Rozgrywaj\u0105ce si\u0119 wok\u00f3\u0142 wydarzenia zmusz\u0105 ich wszystkich do postawienia sobie na nowo pytania &#8211; czym jest cz\u0142owiecze\u0144stwo?<\/p>\n<p>PROJEKCJE<\/p>\n<p>15 czerwca, godz. 16.00 &#8211; Dom Kultury Student\u00f3w<\/p>\n<p>23 czerwca, godz. 18.00 &#8211; Kino Florin Piersic<\/p>\n<p>Bilety: <a href=\"https:\/\/tiff.eventbook.ro\/film\/bilete-tiff-2024-granita-verde-green-border?lang=en\">tiff.eventbook.ro<\/a><\/p>\n<p>https:\/\/www.youtube.com\/watch?v=LMn_DSksa0w<\/p>\n<p><strong>\u017bYCIE I \u015aMIERCI MAXA LINDERA<\/strong><\/p>\n<p>2023, Polsk, 91 min.<\/p>\n<p>Re\u017cyseria: Edward Porembny<\/p>\n<p>Film rozpoczyna si\u0119 hollywoodzk\u0105 kronik\u0105 filmow\u0105 z 31 pa\u017adziernika 1925 roku, przedstawiaj\u0105c\u0105 \u201eIntymne spojrzenie na ulubion\u0105 gwiazd\u0119: Maxa Lindera\u201d. Max ma wszystko, o czym m\u0119\u017cczyzna mo\u017ce marzy\u0107. Jest \u015bwiatowej s\u0142awy bogat\u0105 gwiazd\u0105 filmow\u0105. Jest \u017conaty z bardzo m\u0142od\u0105 i pi\u0119kn\u0105 kobiet\u0105, z kt\u00f3r\u0105 wychowuje 18-miesi\u0119czn\u0105 c\u00f3rk\u0119. Nast\u0119pnego dnia \u2013 1 listopada 1925 roku \u2013 \u015bwiat nagle dowiaduje si\u0119, \u017ce Max Linder i jego \u017cona, Ninette Peters, pope\u0142nili samob\u00f3jstwo. Zaczynaj\u0105c od policyjnego \u015bledztwa, film bada, co mog\u0142o sk\u0142oni\u0107 aktora do tak tragicznego kroku.<\/p>\n<p>PROJEKCJE<\/p>\n<p>15 czerwca, godz. 17.00 &#8211; Kino Arta<\/p>\n<p>16 czerwca, godz. 21.30 &#8211; Muzeum Sztuki<\/p>\n<p>Bilety: <a href=\"https:\/\/tiff.eventbook.ro\/film\/bilete-tiff-2024-viata-si-mortile-lui-max-linder-life-and-deaths-of-max-linder\">tiff.eventbook.ro<\/a><\/p>\n<p>https:\/\/www.youtube.com\/watch?v=dWwukb1RFKE<\/p>\n<p><strong>TO NIE M\u00d3J FILM<\/strong><\/p>\n<p>2023, Polska, 99 min.<\/p>\n<p>Re\u017cyseria: Maria Zb\u0105ska<\/p>\n<p>\u201eTen zwi\u0105zek przypomina kabel od \u0142adowarki, kt\u00f3ry pogryz\u0142 pies&#8230; Niby \u0142aduje, ale to nie ma prawa dzia\u0142a\u0107\u201d \u2013 w ten spos\u00f3b Wanda podsumowuje swoj\u0105 wieloletni\u0105 relacj\u0119 z Jankiem. Wsp\u00f3lnie podejmuj\u0105 ostatni\u0105 pr\u00f3b\u0119 ratowania zwi\u0105zku i wyruszaj\u0105 w podr\u00f3\u017c wzd\u0142u\u017c zimowego wybrze\u017ca Ba\u0142tyku. Pe\u0142nometra\u017cowy debiut Marii Zb\u0105skiej to wsp\u00f3\u0142czesna i pe\u0142na inteligentnego humoru opowie\u015b\u0107 o walce o mi\u0142o\u015b\u0107. W czasach, gdy wszystko jest jednorazowe i \u0142atwe do wymiany, Wanda i Janek podejm\u0105 pr\u00f3b\u0119 naprawy relacji, w kt\u00f3rej jeszcze nie wszystko jest stracone.<\/p>\n<p>PROJEKCJE<\/p>\n<p>15 czerwca, godz. 19.45 &#8211; Uniwersytet Sapientia<\/p>\n<p>16 czerwca, godz. 13.15 &#8211; Ko\u0142o Wojskowe<\/p>\n<p>Bilety: <a href=\"https:\/\/tiff.eventbook.ro\/film\/bilete-tiff-2024-acesta-nu-e-filmul-meu-its-not-my-film\">tiff.eventbook.ro<\/a><\/p>\n<p>\u00a0<\/p>\n<p><strong>DANGER ZONE<\/strong><\/p>\n<p>2023, Polska, 93 min.<\/p>\n<p>Re\u017cyseria: Vita Maria Drygas<\/p>\n<p>G\u00f3rski Karabach, Syria, Afganistan, Somalia. Linie frontu, dzielnice ub\u00f3stwa, obozy dla cz\u0142onk\u00f3w rodzin z tzw. Pa\u0144stwa Islamskiego. Co roku na ca\u0142ym \u015bwiecie miliony amator\u00f3w mrocznej turystyki (\u201edark tourism\u201d) podr\u00f3\u017cuj\u0105 do miejsc naznaczonych tragedi\u0105. Niekt\u00f3rzy jako kierunek swojego wakacyjnego pobytu obieraj\u0105 kraje i regiony, z kt\u00f3rych mog\u0105 ju\u017c nigdy nie wr\u00f3ci\u0107.\u00a0<\/p>\n<p>PROJEKCJE<\/p>\n<p>18 czerwca, godz. 19.30 &#8211; Kino Arta<\/p>\n<p>19 czerwca, godz. 14.00 &#8211; Kino Arta<\/p>\n<p>Bilety: <a href=\"https:\/\/tiff.eventbook.ro\/film\/bilete-tiff-2024-zona-de-conflict-danger-zone?lang=en\">tiff.eventbook.ro<\/a><\/p>\n<p>https:\/\/www.youtube.com\/watch?v=nNlh6iaB7l8&#038;t=2s<\/p>\n<p><strong>KOS<\/strong><\/p>\n<p>2023, Polska, 120 min.<\/p>\n<p>Re\u017cyseria: Pawe\u0142 Ma\u015blona<\/p>\n<p>Wiosna 1794 roku, w Polsce wrze. Do kraju wraca genera\u0142 Tadeusz \u201eKos\u201d Ko\u015bciuszko, kt\u00f3ry planuje wznieci\u0107 powstanie przeciwko Rosjanom, mobilizuj\u0105c do tego polsk\u0105 szlacht\u0119 i ch\u0142op\u00f3w. Towarzyszy mu wierny przyjaciel i by\u0142y niewolnik, Domingo. Tropem Ko\u015bciuszki wraz z listem go\u0144czym pod\u0105\u017ca bezlitosny rosyjski rotmistrz, Dunin, kt\u00f3ry za wszelk\u0105 cen\u0119 chce schwyta\u0107 genera\u0142a, zanim ten wywo\u0142a narodow\u0105 rebeli\u0119. W tym samym czasie m\u0142ody ch\u0142op, Ignac, szlachecki b\u0119kart, marzy o nadaniu herbu i maj\u0105tku przez swojego nieprawego rodzica, Duchnowskiego, kt\u00f3ry tu\u017c przed \u015bmierci\u0105 uwzgl\u0119dnia go w testamencie. Gdy ojciec umiera, ch\u0142opak musi ucieka\u0107 przed swoim przyrodnim bratem, Stanis\u0142awem, kt\u00f3ry nie chce dopu\u015bci\u0107 do realizacji ojcowskiej woli.<\/p>\n<p>PROJEKCJE<\/p>\n<p>19 czerwca, godz. 21.45 &#8211; Rynek Unirii Open Air<\/p>\n<p>20 czerwca, godz. 21.45 &#8211; Park Poligon Flore\u0219ti<\/p>\n<p>Bilety: <a href=\"https:\/\/tiff.eventbook.ro\/film\/bilete-tiff-2024-kos-kos\">tiff.eventbook.ro<\/a><\/p>\n<p>https:\/\/www.youtube.com\/watch?v=aMUdWhaGM80&#038;t=1s<\/p>\n","protected":false},"excerpt":{"rendered":"<p>ZIELONA GRANICA 2023, Polska, 152 min. Re\u017cyseria: Agnieszka Holland Po przeprowadzce na Podlasie psycholo\u017cka Julia staje si\u0119 mimowolnym \u015bwiadkiem i uczestnikiem dramatycznych wydarze\u0144 na granicy polsko-bia\u0142oruskiej. \u015awiadoma ryzyka i konsekwencji prawnych, przy\u0142\u0105cza si\u0119 do grupy aktywist\u00f3w pomagaj\u0105cych uchod\u017acom, kt\u00f3rzy koczuj\u0105 w lasach w strefie obj\u0119tej stanem wyj\u0105tkowym. W tym samym czasie uciekaj\u0105ca przed wojn\u0105 domow\u0105 [&hellip;]<\/p>\n","protected":false},"author":41,"featured_media":12178,"comment_status":"open","ping_status":"open","sticky":false,"template":"","format":"standard","meta":{"inline_featured_image":false,"_monsterinsights_skip_tracking":false,"_monsterinsights_sitenote_active":false,"_monsterinsights_sitenote_note":"","_monsterinsights_sitenote_category":0,"footnotes":""},"categories":[45,96],"tags":[],"class_list":["post-12184","post","type-post","status-publish","format-standard","has-post-thumbnail","hentry","category-kino","category-wydarzenia"],"yoast_head":"<!-- This site is optimized with the Yoast SEO plugin v24.6 - https:\/\/yoast.com\/wordpress\/plugins\/seo\/ -->\n<title>Polskie kino na festiwalu TIFF w Klu\u017cu-Napoce - Instytut Polski w Bukareszcie<\/title>\n<meta name=\"robots\" content=\"index, follow, max-snippet:-1, max-image-preview:large, max-video-preview:-1\" \/>\n<link rel=\"canonical\" href=\"https:\/\/instytutpolski.pl\/bucuresti\/pl\/2024\/06\/06\/polskie-kino-na-festiwalu-tiff-w-kluzu-napoce\/\" \/>\n<meta property=\"og:locale\" content=\"pl_PL\" \/>\n<meta property=\"og:type\" content=\"article\" \/>\n<meta property=\"og:title\" content=\"Polskie kino na festiwalu TIFF w Klu\u017cu-Napoce - Instytut Polski w Bukareszcie\" \/>\n<meta property=\"og:description\" content=\"ZIELONA GRANICA 2023, Polska, 152 min. Re\u017cyseria: Agnieszka Holland Po przeprowadzce na Podlasie psycholo\u017cka Julia staje si\u0119 mimowolnym \u015bwiadkiem i uczestnikiem dramatycznych wydarze\u0144 na granicy polsko-bia\u0142oruskiej. \u015awiadoma ryzyka i konsekwencji prawnych, przy\u0142\u0105cza si\u0119 do grupy aktywist\u00f3w pomagaj\u0105cych uchod\u017acom, kt\u00f3rzy koczuj\u0105 w lasach w strefie obj\u0119tej stanem wyj\u0105tkowym. W tym samym czasie uciekaj\u0105ca przed wojn\u0105 domow\u0105 [&hellip;]\" \/>\n<meta property=\"og:url\" content=\"https:\/\/instytutpolski.pl\/bucuresti\/pl\/2024\/06\/06\/polskie-kino-na-festiwalu-tiff-w-kluzu-napoce\/\" \/>\n<meta property=\"og:site_name\" content=\"Instytut Polski w Bukareszcie\" \/>\n<meta property=\"article:published_time\" content=\"2024-06-06T12:12:11+00:00\" \/>\n<meta property=\"article:modified_time\" content=\"2024-09-09T10:23:24+00:00\" \/>\n<meta property=\"og:image\" content=\"https:\/\/instytutpolski.pl\/bucuresti\/wp-content\/uploads\/sites\/11\/2024\/06\/pobrane.jpg\" \/>\n\t<meta property=\"og:image:width\" content=\"1200\" \/>\n\t<meta property=\"og:image:height\" content=\"585\" \/>\n\t<meta property=\"og:image:type\" content=\"image\/jpeg\" \/>\n<meta name=\"author\" content=\"mirelal\" \/>\n<meta name=\"twitter:card\" content=\"summary_large_image\" \/>\n<meta name=\"twitter:label1\" content=\"Napisane przez\" \/>\n\t<meta name=\"twitter:data1\" content=\"mirelal\" \/>\n\t<meta name=\"twitter:label2\" content=\"Szacowany czas czytania\" \/>\n\t<meta name=\"twitter:data2\" content=\"4 minuty\" \/>\n<script type=\"application\/ld+json\" class=\"yoast-schema-graph\">{\"@context\":\"https:\/\/schema.org\",\"@graph\":[{\"@type\":\"event\",\"@id\":\"https:\/\/instytutpolski.pl\/bucuresti\/pl\/2024\/06\/06\/polskie-kino-na-festiwalu-tiff-w-kluzu-napoce\/\",\"url\":\"https:\/\/instytutpolski.pl\/bucuresti\/pl\/2024\/06\/06\/polskie-kino-na-festiwalu-tiff-w-kluzu-napoce\/\",\"name\":\"Polskie kino na festiwalu TIFF w Klu\u017cu-Napoce\",\"isPartOf\":{\"@id\":\"https:\/\/instytutpolski.pl\/bucuresti\/#website\"},\"primaryImageOfPage\":{\"@id\":\"https:\/\/instytutpolski.pl\/bucuresti\/pl\/2024\/06\/06\/polskie-kino-na-festiwalu-tiff-w-kluzu-napoce\/#primaryimage\"},\"image\":[\"https:\/\/instytutpolski.pl\/bucuresti\/wp-content\/uploads\/sites\/11\/2024\/06\/pobrane.jpg\",\"https:\/\/instytutpolski.pl\/bucuresti\/wp-content\/uploads\/sites\/11\/2024\/06\/pobrane-300x146.jpg\",\"https:\/\/instytutpolski.pl\/bucuresti\/wp-content\/uploads\/sites\/11\/2024\/06\/pobrane-1024x499.jpg\",\"https:\/\/instytutpolski.pl\/bucuresti\/wp-content\/uploads\/sites\/11\/2024\/06\/pobrane.jpg\"],\"thumbnailUrl\":\"https:\/\/instytutpolski.pl\/bucuresti\/wp-content\/uploads\/sites\/11\/2024\/06\/pobrane.jpg\",\"datePublished\":\"2024-06-06T12:12:11+02:00\",\"dateModified\":\"2024-09-09T10:23:24+02:00\",\"author\":{\"@id\":\"https:\/\/instytutpolski.pl\/bucuresti\/#\/schema\/person\/36eba23bd65c4ed8774deeb285a19272\"},\"breadcrumb\":{\"@id\":\"https:\/\/instytutpolski.pl\/bucuresti\/pl\/2024\/06\/06\/polskie-kino-na-festiwalu-tiff-w-kluzu-napoce\/#breadcrumb\"},\"inLanguage\":\"pl-PL\",\"potentialAction\":[{\"@type\":\"ReadAction\",\"target\":[\"https:\/\/instytutpolski.pl\/bucuresti\/pl\/2024\/06\/06\/polskie-kino-na-festiwalu-tiff-w-kluzu-napoce\/\"]}],\"@context\":\"https:\/\/schema.org\",\"startDate\":\"2024-06-14\",\"endDate\":\"2024-06-24\",\"eventStatus\":\"EventScheduled\",\"eventAttendanceMode\":\"OfflineEventAttendanceMode\",\"location\":{\"@type\":\"place\",\"name\":\"\",\"address\":\"\",\"geo\":{\"@type\":\"GeoCoordinates\",\"latitude\":\"\",\"longitude\":\"\"}},\"description\":\"ZIELONA GRANICA\\n2023, Polska, 152 min.\\nRe\u017cyseria: Agnieszka Holland\\nPo przeprowadzce na Podlasie psycholo\u017cka Julia staje si\u0119 mimowolnym \u015bwiadkiem i uczestnikiem dramatycznych wydarze\u0144 na granicy polsko-bia\u0142oruskiej. \u015awiadoma ryzyka i konsekwencji prawnych, przy\u0142\u0105cza si\u0119 do grupy aktywist\u00f3w pomagaj\u0105cych uchod\u017acom, kt\u00f3rzy koczuj\u0105 w lasach w strefie obj\u0119tej stanem wyj\u0105tkowym. W tym samym czasie uciekaj\u0105ca przed wojn\u0105 domow\u0105 syryjska rodzina i towarzysz\u0105ca jej nauczycielka z Afganistanu, nie wiedz\u0105c, \u017ce s\u0105 narz\u0119dziem politycznego oszustwa bia\u0142oruskich w\u0142adz, pr\u00f3buj\u0105 przedosta\u0107 si\u0119 do granic Unii Europejskiej. W Polsce los zetknie ich z Juli\u0105 oraz m\u0142odym pogranicznikiem Janem. Rozgrywaj\u0105ce si\u0119 wok\u00f3\u0142 wydarzenia zmusz\u0105 ich wszystkich do postawienia sobie na nowo pytania - czym jest cz\u0142owiecze\u0144stwo?\\nPROJEKCJE\\n15 czerwca, godz. 16.00 - Dom Kultury Student\u00f3w\\n23 czerwca, godz. 18.00 - Kino Florin Piersic\\nBilety: tiff.eventbook.ro\\nhttps:\/\/www.youtube.com\/watch?v=LMn_DSksa0w\\n\u017bYCIE I \u015aMIERCI MAXA LINDERA\\n2023, Polsk, 91 min.\\nRe\u017cyseria: Edward Porembny\\nFilm rozpoczyna si\u0119 hollywoodzk\u0105 kronik\u0105 filmow\u0105 z 31 pa\u017adziernika 1925 roku, przedstawiaj\u0105c\u0105 \u201eIntymne spojrzenie na ulubion\u0105 gwiazd\u0119: Maxa Lindera\u201d. Max ma wszystko, o czym m\u0119\u017cczyzna mo\u017ce marzy\u0107. Jest \u015bwiatowej s\u0142awy bogat\u0105 gwiazd\u0105 filmow\u0105. Jest \u017conaty z bardzo m\u0142od\u0105 i pi\u0119kn\u0105 kobiet\u0105, z kt\u00f3r\u0105 wychowuje 18-miesi\u0119czn\u0105 c\u00f3rk\u0119. Nast\u0119pnego dnia \u2013 1 listopada 1925 roku \u2013 \u015bwiat nagle dowiaduje si\u0119, \u017ce Max Linder i jego \u017cona, Ninette Peters, pope\u0142nili samob\u00f3jstwo. Zaczynaj\u0105c od policyjnego \u015bledztwa, film bada, co mog\u0142o sk\u0142oni\u0107 aktora do tak tragicznego kroku.\\nPROJEKCJE\\n15 czerwca, godz. 17.00 - Kino Arta\\n16 czerwca, godz. 21.30 - Muzeum Sztuki\\nBilety: tiff.eventbook.ro\\nhttps:\/\/www.youtube.com\/watch?v=dWwukb1RFKE\\nTO NIE M\u00d3J FILM\\n2023, Polska, 99 min.\\nRe\u017cyseria: Maria Zb\u0105ska\\n\u201eTen zwi\u0105zek przypomina kabel od \u0142adowarki, kt\u00f3ry pogryz\u0142 pies... Niby \u0142aduje, ale to nie ma prawa dzia\u0142a\u0107\u201d \u2013 w ten spos\u00f3b Wanda podsumowuje swoj\u0105 wieloletni\u0105 relacj\u0119 z Jankiem. Wsp\u00f3lnie podejmuj\u0105 ostatni\u0105 pr\u00f3b\u0119 ratowania zwi\u0105zku i wyruszaj\u0105 w podr\u00f3\u017c wzd\u0142u\u017c zimowego wybrze\u017ca Ba\u0142tyku. Pe\u0142nometra\u017cowy debiut Marii Zb\u0105skiej to wsp\u00f3\u0142czesna i pe\u0142na inteligentnego humoru opowie\u015b\u0107 o walce o mi\u0142o\u015b\u0107. W czasach, gdy wszystko jest jednorazowe i \u0142atwe do wymiany, Wanda i Janek podejm\u0105 pr\u00f3b\u0119 naprawy relacji, w kt\u00f3rej jeszcze nie wszystko jest stracone.\\nPROJEKCJE\\n15 czerwca, godz. 19.45 - Uniwersytet Sapientia\\n16 czerwca, godz. 13.15 - Ko\u0142o Wojskowe\\nBilety: tiff.eventbook.ro\\n\u00a0\\nDANGER ZONE\\n2023, Polska, 93 min.\\nRe\u017cyseria: Vita Maria Drygas\\nG\u00f3rski Karabach, Syria, Afganistan, Somalia. Linie frontu, dzielnice ub\u00f3stwa, obozy dla cz\u0142onk\u00f3w rodzin z tzw. Pa\u0144stwa Islamskiego. Co roku na ca\u0142ym \u015bwiecie miliony amator\u00f3w mrocznej turystyki (\u201edark tourism\u201d) podr\u00f3\u017cuj\u0105 do miejsc naznaczonych tragedi\u0105. Niekt\u00f3rzy jako kierunek swojego wakacyjnego pobytu obieraj\u0105 kraje i regiony, z kt\u00f3rych mog\u0105 ju\u017c nigdy nie wr\u00f3ci\u0107.\u00a0\\nPROJEKCJE\\n18 czerwca, godz. 19.30 - Kino Arta\\n19 czerwca, godz. 14.00 - Kino Arta\\nBilety: tiff.eventbook.ro\\nhttps:\/\/www.youtube.com\/watch?v=nNlh6iaB7l8&amp;t=2s\\nKOS\\n2023, Polska, 120 min.\\nRe\u017cyseria: Pawe\u0142 Ma\u015blona\\nWiosna 1794 roku, w Polsce wrze. Do kraju wraca genera\u0142 Tadeusz \u201eKos\u201d Ko\u015bciuszko, kt\u00f3ry planuje wznieci\u0107 powstanie przeciwko Rosjanom, mobilizuj\u0105c do tego polsk\u0105 szlacht\u0119 i ch\u0142op\u00f3w. Towarzyszy mu wierny przyjaciel i by\u0142y niewolnik, Domingo. Tropem Ko\u015bciuszki wraz z listem go\u0144czym pod\u0105\u017ca bezlitosny rosyjski rotmistrz, Dunin, kt\u00f3ry za wszelk\u0105 cen\u0119 chce schwyta\u0107 genera\u0142a, zanim ten wywo\u0142a narodow\u0105 rebeli\u0119. W tym samym czasie m\u0142ody ch\u0142op, Ignac, szlachecki b\u0119kart, marzy o nadaniu herbu i maj\u0105tku przez swojego nieprawego rodzica, Duchnowskiego, kt\u00f3ry tu\u017c przed \u015bmierci\u0105 uwzgl\u0119dnia go w testamencie. Gdy ojciec umiera, ch\u0142opak musi ucieka\u0107 przed swoim przyrodnim bratem, Stanis\u0142awem, kt\u00f3ry nie chce dopu\u015bci\u0107 do realizacji ojcowskiej woli.\\nPROJEKCJE\\n19 czerwca, godz. 21.45 - Rynek Unirii Open Air\\n20 czerwca, godz. 21.45 - Park Poligon Flore\u0219ti\\nBilety: tiff.eventbook.ro\\nhttps:\/\/www.youtube.com\/watch?v=aMUdWhaGM80&amp;t=1s\"},{\"@type\":\"ImageObject\",\"inLanguage\":\"pl-PL\",\"@id\":\"https:\/\/instytutpolski.pl\/bucuresti\/pl\/2024\/06\/06\/polskie-kino-na-festiwalu-tiff-w-kluzu-napoce\/#primaryimage\",\"url\":\"https:\/\/instytutpolski.pl\/bucuresti\/wp-content\/uploads\/sites\/11\/2024\/06\/pobrane.jpg\",\"contentUrl\":\"https:\/\/instytutpolski.pl\/bucuresti\/wp-content\/uploads\/sites\/11\/2024\/06\/pobrane.jpg\",\"width\":1200,\"height\":585},{\"@type\":\"BreadcrumbList\",\"@id\":\"https:\/\/instytutpolski.pl\/bucuresti\/pl\/2024\/06\/06\/polskie-kino-na-festiwalu-tiff-w-kluzu-napoce\/#breadcrumb\",\"itemListElement\":[{\"@type\":\"ListItem\",\"position\":1,\"name\":\"Home\",\"item\":\"https:\/\/instytutpolski.pl\/bucuresti\/\"},{\"@type\":\"ListItem\",\"position\":2,\"name\":\"Polskie kino na festiwalu TIFF w Klu\u017cu-Napoce\"}]},{\"@type\":\"WebSite\",\"@id\":\"https:\/\/instytutpolski.pl\/bucuresti\/#website\",\"url\":\"https:\/\/instytutpolski.pl\/bucuresti\/\",\"name\":\"Instytut Polski w Bukareszcie\",\"description\":\"Instytuty Polskie\",\"potentialAction\":[{\"@type\":\"SearchAction\",\"target\":{\"@type\":\"EntryPoint\",\"urlTemplate\":\"https:\/\/instytutpolski.pl\/bucuresti\/?s={search_term_string}\"},\"query-input\":{\"@type\":\"PropertyValueSpecification\",\"valueRequired\":true,\"valueName\":\"search_term_string\"}}],\"inLanguage\":\"pl-PL\"},{\"@type\":\"Person\",\"@id\":\"https:\/\/instytutpolski.pl\/bucuresti\/#\/schema\/person\/36eba23bd65c4ed8774deeb285a19272\",\"name\":\"mirelal\",\"image\":{\"@type\":\"ImageObject\",\"inLanguage\":\"pl-PL\",\"@id\":\"https:\/\/instytutpolski.pl\/bucuresti\/#\/schema\/person\/image\/\",\"url\":\"https:\/\/secure.gravatar.com\/avatar\/5838c7614d071fe473f8aeb2de72beb4?s=96&d=mm&r=g\",\"contentUrl\":\"https:\/\/secure.gravatar.com\/avatar\/5838c7614d071fe473f8aeb2de72beb4?s=96&d=mm&r=g\",\"caption\":\"mirelal\"},\"url\":\"https:\/\/instytutpolski.pl\/bucuresti\/author\/mirelal\/\"}]}<\/script>\n<!-- \/ Yoast SEO plugin. -->","yoast_head_json":{"title":"Polskie kino na festiwalu TIFF w Klu\u017cu-Napoce - Instytut Polski w Bukareszcie","robots":{"index":"index","follow":"follow","max-snippet":"max-snippet:-1","max-image-preview":"max-image-preview:large","max-video-preview":"max-video-preview:-1"},"canonical":"https:\/\/instytutpolski.pl\/bucuresti\/pl\/2024\/06\/06\/polskie-kino-na-festiwalu-tiff-w-kluzu-napoce\/","og_locale":"pl_PL","og_type":"article","og_title":"Polskie kino na festiwalu TIFF w Klu\u017cu-Napoce - Instytut Polski w Bukareszcie","og_description":"ZIELONA GRANICA 2023, Polska, 152 min. Re\u017cyseria: Agnieszka Holland Po przeprowadzce na Podlasie psycholo\u017cka Julia staje si\u0119 mimowolnym \u015bwiadkiem i uczestnikiem dramatycznych wydarze\u0144 na granicy polsko-bia\u0142oruskiej. \u015awiadoma ryzyka i konsekwencji prawnych, przy\u0142\u0105cza si\u0119 do grupy aktywist\u00f3w pomagaj\u0105cych uchod\u017acom, kt\u00f3rzy koczuj\u0105 w lasach w strefie obj\u0119tej stanem wyj\u0105tkowym. W tym samym czasie uciekaj\u0105ca przed wojn\u0105 domow\u0105 [&hellip;]","og_url":"https:\/\/instytutpolski.pl\/bucuresti\/pl\/2024\/06\/06\/polskie-kino-na-festiwalu-tiff-w-kluzu-napoce\/","og_site_name":"Instytut Polski w Bukareszcie","article_published_time":"2024-06-06T12:12:11+00:00","article_modified_time":"2024-09-09T10:23:24+00:00","og_image":[{"width":1200,"height":585,"url":"https:\/\/instytutpolski.pl\/bucuresti\/wp-content\/uploads\/sites\/11\/2024\/06\/pobrane.jpg","type":"image\/jpeg"}],"author":"mirelal","twitter_card":"summary_large_image","twitter_misc":{"Napisane przez":"mirelal","Szacowany czas czytania":"4 minuty"},"schema":{"@context":"https:\/\/schema.org","@graph":[{"@type":"event","@id":"https:\/\/instytutpolski.pl\/bucuresti\/pl\/2024\/06\/06\/polskie-kino-na-festiwalu-tiff-w-kluzu-napoce\/","url":"https:\/\/instytutpolski.pl\/bucuresti\/pl\/2024\/06\/06\/polskie-kino-na-festiwalu-tiff-w-kluzu-napoce\/","name":"Polskie kino na festiwalu TIFF w Klu\u017cu-Napoce","isPartOf":{"@id":"https:\/\/instytutpolski.pl\/bucuresti\/#website"},"primaryImageOfPage":{"@id":"https:\/\/instytutpolski.pl\/bucuresti\/pl\/2024\/06\/06\/polskie-kino-na-festiwalu-tiff-w-kluzu-napoce\/#primaryimage"},"image":["https:\/\/instytutpolski.pl\/bucuresti\/wp-content\/uploads\/sites\/11\/2024\/06\/pobrane.jpg","https:\/\/instytutpolski.pl\/bucuresti\/wp-content\/uploads\/sites\/11\/2024\/06\/pobrane-300x146.jpg","https:\/\/instytutpolski.pl\/bucuresti\/wp-content\/uploads\/sites\/11\/2024\/06\/pobrane-1024x499.jpg","https:\/\/instytutpolski.pl\/bucuresti\/wp-content\/uploads\/sites\/11\/2024\/06\/pobrane.jpg"],"thumbnailUrl":"https:\/\/instytutpolski.pl\/bucuresti\/wp-content\/uploads\/sites\/11\/2024\/06\/pobrane.jpg","datePublished":"2024-06-06T12:12:11+02:00","dateModified":"2024-09-09T10:23:24+02:00","author":{"@id":"https:\/\/instytutpolski.pl\/bucuresti\/#\/schema\/person\/36eba23bd65c4ed8774deeb285a19272"},"breadcrumb":{"@id":"https:\/\/instytutpolski.pl\/bucuresti\/pl\/2024\/06\/06\/polskie-kino-na-festiwalu-tiff-w-kluzu-napoce\/#breadcrumb"},"inLanguage":"pl-PL","potentialAction":[{"@type":"ReadAction","target":["https:\/\/instytutpolski.pl\/bucuresti\/pl\/2024\/06\/06\/polskie-kino-na-festiwalu-tiff-w-kluzu-napoce\/"]}],"@context":"https:\/\/schema.org","startDate":"2024-06-14","endDate":"2024-06-24","eventStatus":"EventScheduled","eventAttendanceMode":"OfflineEventAttendanceMode","location":{"@type":"place","name":"","address":"","geo":{"@type":"GeoCoordinates","latitude":"","longitude":""}},"description":"ZIELONA GRANICA\n2023, Polska, 152 min.\nRe\u017cyseria: Agnieszka Holland\nPo przeprowadzce na Podlasie psycholo\u017cka Julia staje si\u0119 mimowolnym \u015bwiadkiem i uczestnikiem dramatycznych wydarze\u0144 na granicy polsko-bia\u0142oruskiej. \u015awiadoma ryzyka i konsekwencji prawnych, przy\u0142\u0105cza si\u0119 do grupy aktywist\u00f3w pomagaj\u0105cych uchod\u017acom, kt\u00f3rzy koczuj\u0105 w lasach w strefie obj\u0119tej stanem wyj\u0105tkowym. W tym samym czasie uciekaj\u0105ca przed wojn\u0105 domow\u0105 syryjska rodzina i towarzysz\u0105ca jej nauczycielka z Afganistanu, nie wiedz\u0105c, \u017ce s\u0105 narz\u0119dziem politycznego oszustwa bia\u0142oruskich w\u0142adz, pr\u00f3buj\u0105 przedosta\u0107 si\u0119 do granic Unii Europejskiej. W Polsce los zetknie ich z Juli\u0105 oraz m\u0142odym pogranicznikiem Janem. Rozgrywaj\u0105ce si\u0119 wok\u00f3\u0142 wydarzenia zmusz\u0105 ich wszystkich do postawienia sobie na nowo pytania - czym jest cz\u0142owiecze\u0144stwo?\nPROJEKCJE\n15 czerwca, godz. 16.00 - Dom Kultury Student\u00f3w\n23 czerwca, godz. 18.00 - Kino Florin Piersic\nBilety: tiff.eventbook.ro\nhttps:\/\/www.youtube.com\/watch?v=LMn_DSksa0w\n\u017bYCIE I \u015aMIERCI MAXA LINDERA\n2023, Polsk, 91 min.\nRe\u017cyseria: Edward Porembny\nFilm rozpoczyna si\u0119 hollywoodzk\u0105 kronik\u0105 filmow\u0105 z 31 pa\u017adziernika 1925 roku, przedstawiaj\u0105c\u0105 \u201eIntymne spojrzenie na ulubion\u0105 gwiazd\u0119: Maxa Lindera\u201d. Max ma wszystko, o czym m\u0119\u017cczyzna mo\u017ce marzy\u0107. Jest \u015bwiatowej s\u0142awy bogat\u0105 gwiazd\u0105 filmow\u0105. Jest \u017conaty z bardzo m\u0142od\u0105 i pi\u0119kn\u0105 kobiet\u0105, z kt\u00f3r\u0105 wychowuje 18-miesi\u0119czn\u0105 c\u00f3rk\u0119. Nast\u0119pnego dnia \u2013 1 listopada 1925 roku \u2013 \u015bwiat nagle dowiaduje si\u0119, \u017ce Max Linder i jego \u017cona, Ninette Peters, pope\u0142nili samob\u00f3jstwo. Zaczynaj\u0105c od policyjnego \u015bledztwa, film bada, co mog\u0142o sk\u0142oni\u0107 aktora do tak tragicznego kroku.\nPROJEKCJE\n15 czerwca, godz. 17.00 - Kino Arta\n16 czerwca, godz. 21.30 - Muzeum Sztuki\nBilety: tiff.eventbook.ro\nhttps:\/\/www.youtube.com\/watch?v=dWwukb1RFKE\nTO NIE M\u00d3J FILM\n2023, Polska, 99 min.\nRe\u017cyseria: Maria Zb\u0105ska\n\u201eTen zwi\u0105zek przypomina kabel od \u0142adowarki, kt\u00f3ry pogryz\u0142 pies... Niby \u0142aduje, ale to nie ma prawa dzia\u0142a\u0107\u201d \u2013 w ten spos\u00f3b Wanda podsumowuje swoj\u0105 wieloletni\u0105 relacj\u0119 z Jankiem. Wsp\u00f3lnie podejmuj\u0105 ostatni\u0105 pr\u00f3b\u0119 ratowania zwi\u0105zku i wyruszaj\u0105 w podr\u00f3\u017c wzd\u0142u\u017c zimowego wybrze\u017ca Ba\u0142tyku. Pe\u0142nometra\u017cowy debiut Marii Zb\u0105skiej to wsp\u00f3\u0142czesna i pe\u0142na inteligentnego humoru opowie\u015b\u0107 o walce o mi\u0142o\u015b\u0107. W czasach, gdy wszystko jest jednorazowe i \u0142atwe do wymiany, Wanda i Janek podejm\u0105 pr\u00f3b\u0119 naprawy relacji, w kt\u00f3rej jeszcze nie wszystko jest stracone.\nPROJEKCJE\n15 czerwca, godz. 19.45 - Uniwersytet Sapientia\n16 czerwca, godz. 13.15 - Ko\u0142o Wojskowe\nBilety: tiff.eventbook.ro\n\u00a0\nDANGER ZONE\n2023, Polska, 93 min.\nRe\u017cyseria: Vita Maria Drygas\nG\u00f3rski Karabach, Syria, Afganistan, Somalia. Linie frontu, dzielnice ub\u00f3stwa, obozy dla cz\u0142onk\u00f3w rodzin z tzw. Pa\u0144stwa Islamskiego. Co roku na ca\u0142ym \u015bwiecie miliony amator\u00f3w mrocznej turystyki (\u201edark tourism\u201d) podr\u00f3\u017cuj\u0105 do miejsc naznaczonych tragedi\u0105. Niekt\u00f3rzy jako kierunek swojego wakacyjnego pobytu obieraj\u0105 kraje i regiony, z kt\u00f3rych mog\u0105 ju\u017c nigdy nie wr\u00f3ci\u0107.\u00a0\nPROJEKCJE\n18 czerwca, godz. 19.30 - Kino Arta\n19 czerwca, godz. 14.00 - Kino Arta\nBilety: tiff.eventbook.ro\nhttps:\/\/www.youtube.com\/watch?v=nNlh6iaB7l8&amp;t=2s\nKOS\n2023, Polska, 120 min.\nRe\u017cyseria: Pawe\u0142 Ma\u015blona\nWiosna 1794 roku, w Polsce wrze. Do kraju wraca genera\u0142 Tadeusz \u201eKos\u201d Ko\u015bciuszko, kt\u00f3ry planuje wznieci\u0107 powstanie przeciwko Rosjanom, mobilizuj\u0105c do tego polsk\u0105 szlacht\u0119 i ch\u0142op\u00f3w. Towarzyszy mu wierny przyjaciel i by\u0142y niewolnik, Domingo. Tropem Ko\u015bciuszki wraz z listem go\u0144czym pod\u0105\u017ca bezlitosny rosyjski rotmistrz, Dunin, kt\u00f3ry za wszelk\u0105 cen\u0119 chce schwyta\u0107 genera\u0142a, zanim ten wywo\u0142a narodow\u0105 rebeli\u0119. W tym samym czasie m\u0142ody ch\u0142op, Ignac, szlachecki b\u0119kart, marzy o nadaniu herbu i maj\u0105tku przez swojego nieprawego rodzica, Duchnowskiego, kt\u00f3ry tu\u017c przed \u015bmierci\u0105 uwzgl\u0119dnia go w testamencie. Gdy ojciec umiera, ch\u0142opak musi ucieka\u0107 przed swoim przyrodnim bratem, Stanis\u0142awem, kt\u00f3ry nie chce dopu\u015bci\u0107 do realizacji ojcowskiej woli.\nPROJEKCJE\n19 czerwca, godz. 21.45 - Rynek Unirii Open Air\n20 czerwca, godz. 21.45 - Park Poligon Flore\u0219ti\nBilety: tiff.eventbook.ro\nhttps:\/\/www.youtube.com\/watch?v=aMUdWhaGM80&amp;t=1s"},{"@type":"ImageObject","inLanguage":"pl-PL","@id":"https:\/\/instytutpolski.pl\/bucuresti\/pl\/2024\/06\/06\/polskie-kino-na-festiwalu-tiff-w-kluzu-napoce\/#primaryimage","url":"https:\/\/instytutpolski.pl\/bucuresti\/wp-content\/uploads\/sites\/11\/2024\/06\/pobrane.jpg","contentUrl":"https:\/\/instytutpolski.pl\/bucuresti\/wp-content\/uploads\/sites\/11\/2024\/06\/pobrane.jpg","width":1200,"height":585},{"@type":"BreadcrumbList","@id":"https:\/\/instytutpolski.pl\/bucuresti\/pl\/2024\/06\/06\/polskie-kino-na-festiwalu-tiff-w-kluzu-napoce\/#breadcrumb","itemListElement":[{"@type":"ListItem","position":1,"name":"Home","item":"https:\/\/instytutpolski.pl\/bucuresti\/"},{"@type":"ListItem","position":2,"name":"Polskie kino na festiwalu TIFF w Klu\u017cu-Napoce"}]},{"@type":"WebSite","@id":"https:\/\/instytutpolski.pl\/bucuresti\/#website","url":"https:\/\/instytutpolski.pl\/bucuresti\/","name":"Instytut Polski w Bukareszcie","description":"Instytuty Polskie","potentialAction":[{"@type":"SearchAction","target":{"@type":"EntryPoint","urlTemplate":"https:\/\/instytutpolski.pl\/bucuresti\/?s={search_term_string}"},"query-input":{"@type":"PropertyValueSpecification","valueRequired":true,"valueName":"search_term_string"}}],"inLanguage":"pl-PL"},{"@type":"Person","@id":"https:\/\/instytutpolski.pl\/bucuresti\/#\/schema\/person\/36eba23bd65c4ed8774deeb285a19272","name":"mirelal","image":{"@type":"ImageObject","inLanguage":"pl-PL","@id":"https:\/\/instytutpolski.pl\/bucuresti\/#\/schema\/person\/image\/","url":"https:\/\/secure.gravatar.com\/avatar\/5838c7614d071fe473f8aeb2de72beb4?s=96&d=mm&r=g","contentUrl":"https:\/\/secure.gravatar.com\/avatar\/5838c7614d071fe473f8aeb2de72beb4?s=96&d=mm&r=g","caption":"mirelal"},"url":"https:\/\/instytutpolski.pl\/bucuresti\/author\/mirelal\/"}]}},"_links":{"self":[{"href":"https:\/\/instytutpolski.pl\/bucuresti\/wp-json\/wp\/v2\/posts\/12184","targetHints":{"allow":["GET"]}}],"collection":[{"href":"https:\/\/instytutpolski.pl\/bucuresti\/wp-json\/wp\/v2\/posts"}],"about":[{"href":"https:\/\/instytutpolski.pl\/bucuresti\/wp-json\/wp\/v2\/types\/post"}],"author":[{"embeddable":true,"href":"https:\/\/instytutpolski.pl\/bucuresti\/wp-json\/wp\/v2\/users\/41"}],"replies":[{"embeddable":true,"href":"https:\/\/instytutpolski.pl\/bucuresti\/wp-json\/wp\/v2\/comments?post=12184"}],"version-history":[{"count":8,"href":"https:\/\/instytutpolski.pl\/bucuresti\/wp-json\/wp\/v2\/posts\/12184\/revisions"}],"predecessor-version":[{"id":12567,"href":"https:\/\/instytutpolski.pl\/bucuresti\/wp-json\/wp\/v2\/posts\/12184\/revisions\/12567"}],"wp:featuredmedia":[{"embeddable":true,"href":"https:\/\/instytutpolski.pl\/bucuresti\/wp-json\/wp\/v2\/media\/12178"}],"wp:attachment":[{"href":"https:\/\/instytutpolski.pl\/bucuresti\/wp-json\/wp\/v2\/media?parent=12184"}],"wp:term":[{"taxonomy":"category","embeddable":true,"href":"https:\/\/instytutpolski.pl\/bucuresti\/wp-json\/wp\/v2\/categories?post=12184"},{"taxonomy":"post_tag","embeddable":true,"href":"https:\/\/instytutpolski.pl\/bucuresti\/wp-json\/wp\/v2\/tags?post=12184"}],"curies":[{"name":"wp","href":"https:\/\/api.w.org\/{rel}","templated":true}]}}