{"id":12267,"date":"2024-07-02T10:10:09","date_gmt":"2024-07-02T08:10:09","guid":{"rendered":"https:\/\/instytutpolski.pl\/bucuresti\/?p=12267"},"modified":"2024-07-15T10:17:00","modified_gmt":"2024-07-15T08:17:00","slug":"polska-artystka-na-rezydencji-flowing-streams","status":"publish","type":"post","link":"https:\/\/instytutpolski.pl\/bucuresti\/pl\/2024\/07\/02\/polska-artystka-na-rezydencji-flowing-streams\/","title":{"rendered":"Polska artystka na rezydencji Flowing Streams"},"content":{"rendered":"\n<p><strong>O Magdalenie Siemaszko<\/strong><\/p>\n<p style=\"text-align: justify\">W swojej pracy Magdalena bada z\u0142o\u017cone relacje w spo\u0142eczno\u015bciach i ekosystemach. Dzia\u0142a interdyscyplinarnie, interesuje si\u0119 relacjami w spo\u0142eczno\u015bciach i ekosystemach, zale\u017cno\u015bciami troski i w\u0142adzy mi\u0119dzy lud\u017ami, ro\u015blinami, zwierz\u0119tami, cia\u0142ami i wsp\u00f3lnotami. W praktyce badawczej zajmuje si\u0119 g\u0142\u00f3wnie konfliktami spo\u0142eczno-ekologicznymi, zmian\u0105 i wsp\u00f3\u0142zamieszkiwaniem. Wspiera procesy kolektywne i przestrzenie oporu poprzez podej\u015bcie regeneratywne i uciele\u015bnienie. Korzysta z r\u00f3\u017cnych narz\u0119dzi, od bada\u0144 artystycznych i bada\u0144 w dzia\u0142aniu, po eksperymentalny dokument, choreografi\u0119, performans i sztuki wizualne.<\/p>\n<p style=\"text-align: justify\"><br \/>Do\u015bwiadczona w pracy w przestrzeniach miejskich, wiejskich, le\u015bnych i mokrad\u0142owych (Polska, Indonezja, Tanzania, Kopenhaga), m.in. w Center for International Forestry Research, Ogrodzie Botanicznym UW i Centrum Ochrony Mokrade\u0142. Cz\u0119sto eksploruje obszary niezurbanizowane i graniczne, rozwijaj\u0105c w nich praktyk\u0119 powolnego zamieszkiwania. Wsp\u00f3\u0142tworzy kolektyw ekofeministyczny \u201eWypuszczone\u201d, Stowarzyszenie Dom Przyrody i Kultury oraz Queerow\u0105 Akademi\u0119 Ruchu, koordynuje projekty antywypaleniowe. Rozwija praktyk\u0119 artystyczn\u0105 poprzez choreografi\u0119, taniec, wideo i performans. Od ponad trzech lat zanurza si\u0119 w bagnach i rzekach Polski, badaj\u0105c i dokumentuj\u0105c relacje mi\u0119dzy wod\u0105 a lud\u017ami i innymi istotami, przede wszystkim dooko\u0142a Bugu, Narwi i Wis\u0142y. W Centrum Ochrony Mokrade\u0142 stworzy\u0142a og\u00f3lnopolski projekt \u201ePami\u0119tajmy o mokrad\u0142ach\u201d. Obecnie pracuje na Uniwersytecie Warszawskim nad artystycznym projektem badawczym dotycz\u0105cym do\u015bwiadczenia wody.<\/p>\n<p style=\"text-align: justify\"><strong>Rezydencja Eforie Colorat<\/strong><\/p>\n<p>W Eforie Colorat Magdalena zbada performatywny potencja\u0142 b\u0142ota i w\u00f3d w okolicy jeziora Techirghiol, koncentruj\u0105c si\u0119 na jego terapeutycznym potencjale. Podczas rezydencji b\u0119dzie testowa\u0107, dostosowywa\u0107 i wdra\u017ca\u0107 metody i pomys\u0142y wcze\u015bniej stosowane w r\u00f3\u017cnych spo\u0142eczno\u015bciach w Polsce, aby odbudowa\u0107, bada\u0107 lub opowiada\u0107 o relacjach ludzi z wod\u0105 lub terenami mokrad\u0142owymi. Jej propozycja badawcza i performatywna zostanie ukszta\u0142towana przez jej do\u015bwiadczenia i obserwacje dotycz\u0105ce z\u0142o\u017conej dynamiki wodnej na rumu\u0144skim wybrze\u017cu.<\/p>\n<p>Wi\u0119cej szczeg\u00f3\u0142\u00f3w znajdziecie na stronie <a href=\"https:\/\/eunic-romania.ro\/?fbclid=IwZXh0bgNhZW0CMTAAAR3eJQAC2QRSqvm6b72w-dA6sOqzmWOy-5kHtI3Fi_91cmt0H5mzzn3KtcA_aem_mkWR_4oOFLYOj8a7crkoPQ\">EUNIC Romania<\/a>.<\/p>\n<p style=\"text-align: justify\">\u00a0<\/p>\n","protected":false},"excerpt":{"rendered":"<p>O Magdalenie Siemaszko W swojej pracy Magdalena bada z\u0142o\u017cone relacje w spo\u0142eczno\u015bciach i ekosystemach. Dzia\u0142a interdyscyplinarnie, interesuje si\u0119 relacjami w spo\u0142eczno\u015bciach i ekosystemach, zale\u017cno\u015bciami troski i w\u0142adzy mi\u0119dzy lud\u017ami, ro\u015blinami, zwierz\u0119tami, cia\u0142ami i wsp\u00f3lnotami. W praktyce badawczej zajmuje si\u0119 g\u0142\u00f3wnie konfliktami spo\u0142eczno-ekologicznymi, zmian\u0105 i wsp\u00f3\u0142zamieszkiwaniem. Wspiera procesy kolektywne i przestrzenie oporu poprzez podej\u015bcie regeneratywne i [&hellip;]<\/p>\n","protected":false},"author":42,"featured_media":12264,"comment_status":"open","ping_status":"open","sticky":false,"template":"","format":"standard","meta":{"inline_featured_image":false,"_monsterinsights_skip_tracking":false,"_monsterinsights_sitenote_active":false,"_monsterinsights_sitenote_note":"","_monsterinsights_sitenote_category":0,"footnotes":""},"categories":[7,43,96],"tags":[],"class_list":["post-12267","post","type-post","status-publish","format-standard","has-post-thumbnail","hentry","category-inne","category-sztuki-wizualne","category-wydarzenia"],"yoast_head":"<!-- This site is optimized with the Yoast SEO plugin v24.6 - https:\/\/yoast.com\/wordpress\/plugins\/seo\/ -->\n<title>Polska artystka na rezydencji Flowing Streams - Instytut Polski w Bukareszcie<\/title>\n<meta name=\"robots\" content=\"index, follow, max-snippet:-1, max-image-preview:large, max-video-preview:-1\" \/>\n<link rel=\"canonical\" href=\"https:\/\/instytutpolski.pl\/bucuresti\/pl\/2024\/07\/02\/polska-artystka-na-rezydencji-flowing-streams\/\" \/>\n<meta property=\"og:locale\" content=\"pl_PL\" \/>\n<meta property=\"og:type\" content=\"article\" \/>\n<meta property=\"og:title\" content=\"Polska artystka na rezydencji Flowing Streams - Instytut Polski w Bukareszcie\" \/>\n<meta property=\"og:description\" content=\"O Magdalenie Siemaszko W swojej pracy Magdalena bada z\u0142o\u017cone relacje w spo\u0142eczno\u015bciach i ekosystemach. Dzia\u0142a interdyscyplinarnie, interesuje si\u0119 relacjami w spo\u0142eczno\u015bciach i ekosystemach, zale\u017cno\u015bciami troski i w\u0142adzy mi\u0119dzy lud\u017ami, ro\u015blinami, zwierz\u0119tami, cia\u0142ami i wsp\u00f3lnotami. W praktyce badawczej zajmuje si\u0119 g\u0142\u00f3wnie konfliktami spo\u0142eczno-ekologicznymi, zmian\u0105 i wsp\u00f3\u0142zamieszkiwaniem. Wspiera procesy kolektywne i przestrzenie oporu poprzez podej\u015bcie regeneratywne i [&hellip;]\" \/>\n<meta property=\"og:url\" content=\"https:\/\/instytutpolski.pl\/bucuresti\/pl\/2024\/07\/02\/polska-artystka-na-rezydencji-flowing-streams\/\" \/>\n<meta property=\"og:site_name\" content=\"Instytut Polski w Bukareszcie\" \/>\n<meta property=\"article:published_time\" content=\"2024-07-02T08:10:09+00:00\" \/>\n<meta property=\"article:modified_time\" content=\"2024-07-15T08:17:00+00:00\" \/>\n<meta property=\"og:image\" content=\"https:\/\/instytutpolski.pl\/bucuresti\/wp-content\/uploads\/sites\/11\/2024\/07\/448140699_855811013245542_4449540826281633113_n.jpg\" \/>\n\t<meta property=\"og:image:width\" content=\"2048\" \/>\n\t<meta property=\"og:image:height\" content=\"2048\" \/>\n\t<meta property=\"og:image:type\" content=\"image\/jpeg\" \/>\n<meta name=\"author\" content=\"rutkowskip\" \/>\n<meta name=\"twitter:card\" content=\"summary_large_image\" \/>\n<meta name=\"twitter:label1\" content=\"Napisane przez\" \/>\n\t<meta name=\"twitter:data1\" content=\"rutkowskip\" \/>\n\t<meta name=\"twitter:label2\" content=\"Szacowany czas czytania\" \/>\n\t<meta name=\"twitter:data2\" content=\"2 minuty\" \/>\n<script type=\"application\/ld+json\" class=\"yoast-schema-graph\">{\"@context\":\"https:\/\/schema.org\",\"@graph\":[{\"@type\":\"event\",\"@id\":\"https:\/\/instytutpolski.pl\/bucuresti\/pl\/2024\/07\/02\/polska-artystka-na-rezydencji-flowing-streams\/\",\"url\":\"https:\/\/instytutpolski.pl\/bucuresti\/pl\/2024\/07\/02\/polska-artystka-na-rezydencji-flowing-streams\/\",\"name\":\"Polska artystka na rezydencji Flowing Streams\",\"isPartOf\":{\"@id\":\"https:\/\/instytutpolski.pl\/bucuresti\/#website\"},\"primaryImageOfPage\":{\"@id\":\"https:\/\/instytutpolski.pl\/bucuresti\/pl\/2024\/07\/02\/polska-artystka-na-rezydencji-flowing-streams\/#primaryimage\"},\"image\":[\"https:\/\/instytutpolski.pl\/bucuresti\/wp-content\/uploads\/sites\/11\/2024\/07\/448140699_855811013245542_4449540826281633113_n.jpg\",\"https:\/\/instytutpolski.pl\/bucuresti\/wp-content\/uploads\/sites\/11\/2024\/07\/448140699_855811013245542_4449540826281633113_n-300x300.jpg\",\"https:\/\/instytutpolski.pl\/bucuresti\/wp-content\/uploads\/sites\/11\/2024\/07\/448140699_855811013245542_4449540826281633113_n-1024x1024.jpg\",\"https:\/\/instytutpolski.pl\/bucuresti\/wp-content\/uploads\/sites\/11\/2024\/07\/448140699_855811013245542_4449540826281633113_n.jpg\"],\"thumbnailUrl\":\"https:\/\/instytutpolski.pl\/bucuresti\/wp-content\/uploads\/sites\/11\/2024\/07\/448140699_855811013245542_4449540826281633113_n.jpg\",\"datePublished\":\"2024-07-02T08:10:09+02:00\",\"dateModified\":\"2024-07-15T08:17:00+02:00\",\"author\":{\"@id\":\"https:\/\/instytutpolski.pl\/bucuresti\/#\/schema\/person\/980fdccff6ea3f1cab069becadecca5b\"},\"breadcrumb\":{\"@id\":\"https:\/\/instytutpolski.pl\/bucuresti\/pl\/2024\/07\/02\/polska-artystka-na-rezydencji-flowing-streams\/#breadcrumb\"},\"inLanguage\":\"pl-PL\",\"potentialAction\":[{\"@type\":\"ReadAction\",\"target\":[\"https:\/\/instytutpolski.pl\/bucuresti\/pl\/2024\/07\/02\/polska-artystka-na-rezydencji-flowing-streams\/\"]}],\"@context\":\"https:\/\/schema.org\",\"startDate\":\"2024-06-28\",\"endDate\":\"2024-07-12\",\"eventStatus\":\"EventScheduled\",\"eventAttendanceMode\":\"OfflineEventAttendanceMode\",\"location\":{\"@type\":\"place\",\"name\":\"\",\"address\":\"\",\"geo\":{\"@type\":\"GeoCoordinates\",\"latitude\":\"\",\"longitude\":\"\"}},\"description\":\"O Magdalenie Siemaszko\\nW swojej pracy Magdalena bada z\u0142o\u017cone relacje w spo\u0142eczno\u015bciach i ekosystemach. Dzia\u0142a interdyscyplinarnie, interesuje si\u0119 relacjami w spo\u0142eczno\u015bciach i ekosystemach, zale\u017cno\u015bciami troski i w\u0142adzy mi\u0119dzy lud\u017ami, ro\u015blinami, zwierz\u0119tami, cia\u0142ami i wsp\u00f3lnotami. W praktyce badawczej zajmuje si\u0119 g\u0142\u00f3wnie konfliktami spo\u0142eczno-ekologicznymi, zmian\u0105 i wsp\u00f3\u0142zamieszkiwaniem. Wspiera procesy kolektywne i przestrzenie oporu poprzez podej\u015bcie regeneratywne i uciele\u015bnienie. Korzysta z r\u00f3\u017cnych narz\u0119dzi, od bada\u0144 artystycznych i bada\u0144 w dzia\u0142aniu, po eksperymentalny dokument, choreografi\u0119, performans i sztuki wizualne.\\nDo\u015bwiadczona w pracy w przestrzeniach miejskich, wiejskich, le\u015bnych i mokrad\u0142owych (Polska, Indonezja, Tanzania, Kopenhaga), m.in. w Center for International Forestry Research, Ogrodzie Botanicznym UW i Centrum Ochrony Mokrade\u0142. Cz\u0119sto eksploruje obszary niezurbanizowane i graniczne, rozwijaj\u0105c w nich praktyk\u0119 powolnego zamieszkiwania. Wsp\u00f3\u0142tworzy kolektyw ekofeministyczny \u201eWypuszczone\u201d, Stowarzyszenie Dom Przyrody i Kultury oraz Queerow\u0105 Akademi\u0119 Ruchu, koordynuje projekty antywypaleniowe. Rozwija praktyk\u0119 artystyczn\u0105 poprzez choreografi\u0119, taniec, wideo i performans. Od ponad trzech lat zanurza si\u0119 w bagnach i rzekach Polski, badaj\u0105c i dokumentuj\u0105c relacje mi\u0119dzy wod\u0105 a lud\u017ami i innymi istotami, przede wszystkim dooko\u0142a Bugu, Narwi i Wis\u0142y. W Centrum Ochrony Mokrade\u0142 stworzy\u0142a og\u00f3lnopolski projekt \u201ePami\u0119tajmy o mokrad\u0142ach\u201d. Obecnie pracuje na Uniwersytecie Warszawskim nad artystycznym projektem badawczym dotycz\u0105cym do\u015bwiadczenia wody.\\nRezydencja Eforie Colorat\\nW Eforie Colorat Magdalena zbada performatywny potencja\u0142 b\u0142ota i w\u00f3d w okolicy jeziora Techirghiol, koncentruj\u0105c si\u0119 na jego terapeutycznym potencjale. Podczas rezydencji b\u0119dzie testowa\u0107, dostosowywa\u0107 i wdra\u017ca\u0107 metody i pomys\u0142y wcze\u015bniej stosowane w r\u00f3\u017cnych spo\u0142eczno\u015bciach w Polsce, aby odbudowa\u0107, bada\u0107 lub opowiada\u0107 o relacjach ludzi z wod\u0105 lub terenami mokrad\u0142owymi. Jej propozycja badawcza i performatywna zostanie ukszta\u0142towana przez jej do\u015bwiadczenia i obserwacje dotycz\u0105ce z\u0142o\u017conej dynamiki wodnej na rumu\u0144skim wybrze\u017cu.\\nWi\u0119cej szczeg\u00f3\u0142\u00f3w znajdziecie na stronie EUNIC Romania.\\n\u00a0\"},{\"@type\":\"ImageObject\",\"inLanguage\":\"pl-PL\",\"@id\":\"https:\/\/instytutpolski.pl\/bucuresti\/pl\/2024\/07\/02\/polska-artystka-na-rezydencji-flowing-streams\/#primaryimage\",\"url\":\"https:\/\/instytutpolski.pl\/bucuresti\/wp-content\/uploads\/sites\/11\/2024\/07\/448140699_855811013245542_4449540826281633113_n.jpg\",\"contentUrl\":\"https:\/\/instytutpolski.pl\/bucuresti\/wp-content\/uploads\/sites\/11\/2024\/07\/448140699_855811013245542_4449540826281633113_n.jpg\",\"width\":2048,\"height\":2048},{\"@type\":\"BreadcrumbList\",\"@id\":\"https:\/\/instytutpolski.pl\/bucuresti\/pl\/2024\/07\/02\/polska-artystka-na-rezydencji-flowing-streams\/#breadcrumb\",\"itemListElement\":[{\"@type\":\"ListItem\",\"position\":1,\"name\":\"Home\",\"item\":\"https:\/\/instytutpolski.pl\/bucuresti\/\"},{\"@type\":\"ListItem\",\"position\":2,\"name\":\"Polska artystka na rezydencji Flowing Streams\"}]},{\"@type\":\"WebSite\",\"@id\":\"https:\/\/instytutpolski.pl\/bucuresti\/#website\",\"url\":\"https:\/\/instytutpolski.pl\/bucuresti\/\",\"name\":\"Instytut Polski w Bukareszcie\",\"description\":\"Instytuty Polskie\",\"potentialAction\":[{\"@type\":\"SearchAction\",\"target\":{\"@type\":\"EntryPoint\",\"urlTemplate\":\"https:\/\/instytutpolski.pl\/bucuresti\/?s={search_term_string}\"},\"query-input\":{\"@type\":\"PropertyValueSpecification\",\"valueRequired\":true,\"valueName\":\"search_term_string\"}}],\"inLanguage\":\"pl-PL\"},{\"@type\":\"Person\",\"@id\":\"https:\/\/instytutpolski.pl\/bucuresti\/#\/schema\/person\/980fdccff6ea3f1cab069becadecca5b\",\"name\":\"rutkowskip\",\"image\":{\"@type\":\"ImageObject\",\"inLanguage\":\"pl-PL\",\"@id\":\"https:\/\/instytutpolski.pl\/bucuresti\/#\/schema\/person\/image\/\",\"url\":\"https:\/\/secure.gravatar.com\/avatar\/a44cb0329dc71f58530e0890a10f5e4d?s=96&d=mm&r=g\",\"contentUrl\":\"https:\/\/secure.gravatar.com\/avatar\/a44cb0329dc71f58530e0890a10f5e4d?s=96&d=mm&r=g\",\"caption\":\"rutkowskip\"},\"url\":\"https:\/\/instytutpolski.pl\/bucuresti\/author\/rutkowskip\/\"}]}<\/script>\n<!-- \/ Yoast SEO plugin. -->","yoast_head_json":{"title":"Polska artystka na rezydencji Flowing Streams - Instytut Polski w Bukareszcie","robots":{"index":"index","follow":"follow","max-snippet":"max-snippet:-1","max-image-preview":"max-image-preview:large","max-video-preview":"max-video-preview:-1"},"canonical":"https:\/\/instytutpolski.pl\/bucuresti\/pl\/2024\/07\/02\/polska-artystka-na-rezydencji-flowing-streams\/","og_locale":"pl_PL","og_type":"article","og_title":"Polska artystka na rezydencji Flowing Streams - Instytut Polski w Bukareszcie","og_description":"O Magdalenie Siemaszko W swojej pracy Magdalena bada z\u0142o\u017cone relacje w spo\u0142eczno\u015bciach i ekosystemach. Dzia\u0142a interdyscyplinarnie, interesuje si\u0119 relacjami w spo\u0142eczno\u015bciach i ekosystemach, zale\u017cno\u015bciami troski i w\u0142adzy mi\u0119dzy lud\u017ami, ro\u015blinami, zwierz\u0119tami, cia\u0142ami i wsp\u00f3lnotami. W praktyce badawczej zajmuje si\u0119 g\u0142\u00f3wnie konfliktami spo\u0142eczno-ekologicznymi, zmian\u0105 i wsp\u00f3\u0142zamieszkiwaniem. Wspiera procesy kolektywne i przestrzenie oporu poprzez podej\u015bcie regeneratywne i [&hellip;]","og_url":"https:\/\/instytutpolski.pl\/bucuresti\/pl\/2024\/07\/02\/polska-artystka-na-rezydencji-flowing-streams\/","og_site_name":"Instytut Polski w Bukareszcie","article_published_time":"2024-07-02T08:10:09+00:00","article_modified_time":"2024-07-15T08:17:00+00:00","og_image":[{"width":2048,"height":2048,"url":"https:\/\/instytutpolski.pl\/bucuresti\/wp-content\/uploads\/sites\/11\/2024\/07\/448140699_855811013245542_4449540826281633113_n.jpg","type":"image\/jpeg"}],"author":"rutkowskip","twitter_card":"summary_large_image","twitter_misc":{"Napisane przez":"rutkowskip","Szacowany czas czytania":"2 minuty"},"schema":{"@context":"https:\/\/schema.org","@graph":[{"@type":"event","@id":"https:\/\/instytutpolski.pl\/bucuresti\/pl\/2024\/07\/02\/polska-artystka-na-rezydencji-flowing-streams\/","url":"https:\/\/instytutpolski.pl\/bucuresti\/pl\/2024\/07\/02\/polska-artystka-na-rezydencji-flowing-streams\/","name":"Polska artystka na rezydencji Flowing Streams","isPartOf":{"@id":"https:\/\/instytutpolski.pl\/bucuresti\/#website"},"primaryImageOfPage":{"@id":"https:\/\/instytutpolski.pl\/bucuresti\/pl\/2024\/07\/02\/polska-artystka-na-rezydencji-flowing-streams\/#primaryimage"},"image":["https:\/\/instytutpolski.pl\/bucuresti\/wp-content\/uploads\/sites\/11\/2024\/07\/448140699_855811013245542_4449540826281633113_n.jpg","https:\/\/instytutpolski.pl\/bucuresti\/wp-content\/uploads\/sites\/11\/2024\/07\/448140699_855811013245542_4449540826281633113_n-300x300.jpg","https:\/\/instytutpolski.pl\/bucuresti\/wp-content\/uploads\/sites\/11\/2024\/07\/448140699_855811013245542_4449540826281633113_n-1024x1024.jpg","https:\/\/instytutpolski.pl\/bucuresti\/wp-content\/uploads\/sites\/11\/2024\/07\/448140699_855811013245542_4449540826281633113_n.jpg"],"thumbnailUrl":"https:\/\/instytutpolski.pl\/bucuresti\/wp-content\/uploads\/sites\/11\/2024\/07\/448140699_855811013245542_4449540826281633113_n.jpg","datePublished":"2024-07-02T08:10:09+02:00","dateModified":"2024-07-15T08:17:00+02:00","author":{"@id":"https:\/\/instytutpolski.pl\/bucuresti\/#\/schema\/person\/980fdccff6ea3f1cab069becadecca5b"},"breadcrumb":{"@id":"https:\/\/instytutpolski.pl\/bucuresti\/pl\/2024\/07\/02\/polska-artystka-na-rezydencji-flowing-streams\/#breadcrumb"},"inLanguage":"pl-PL","potentialAction":[{"@type":"ReadAction","target":["https:\/\/instytutpolski.pl\/bucuresti\/pl\/2024\/07\/02\/polska-artystka-na-rezydencji-flowing-streams\/"]}],"@context":"https:\/\/schema.org","startDate":"2024-06-28","endDate":"2024-07-12","eventStatus":"EventScheduled","eventAttendanceMode":"OfflineEventAttendanceMode","location":{"@type":"place","name":"","address":"","geo":{"@type":"GeoCoordinates","latitude":"","longitude":""}},"description":"O Magdalenie Siemaszko\nW swojej pracy Magdalena bada z\u0142o\u017cone relacje w spo\u0142eczno\u015bciach i ekosystemach. Dzia\u0142a interdyscyplinarnie, interesuje si\u0119 relacjami w spo\u0142eczno\u015bciach i ekosystemach, zale\u017cno\u015bciami troski i w\u0142adzy mi\u0119dzy lud\u017ami, ro\u015blinami, zwierz\u0119tami, cia\u0142ami i wsp\u00f3lnotami. W praktyce badawczej zajmuje si\u0119 g\u0142\u00f3wnie konfliktami spo\u0142eczno-ekologicznymi, zmian\u0105 i wsp\u00f3\u0142zamieszkiwaniem. Wspiera procesy kolektywne i przestrzenie oporu poprzez podej\u015bcie regeneratywne i uciele\u015bnienie. Korzysta z r\u00f3\u017cnych narz\u0119dzi, od bada\u0144 artystycznych i bada\u0144 w dzia\u0142aniu, po eksperymentalny dokument, choreografi\u0119, performans i sztuki wizualne.\nDo\u015bwiadczona w pracy w przestrzeniach miejskich, wiejskich, le\u015bnych i mokrad\u0142owych (Polska, Indonezja, Tanzania, Kopenhaga), m.in. w Center for International Forestry Research, Ogrodzie Botanicznym UW i Centrum Ochrony Mokrade\u0142. Cz\u0119sto eksploruje obszary niezurbanizowane i graniczne, rozwijaj\u0105c w nich praktyk\u0119 powolnego zamieszkiwania. Wsp\u00f3\u0142tworzy kolektyw ekofeministyczny \u201eWypuszczone\u201d, Stowarzyszenie Dom Przyrody i Kultury oraz Queerow\u0105 Akademi\u0119 Ruchu, koordynuje projekty antywypaleniowe. Rozwija praktyk\u0119 artystyczn\u0105 poprzez choreografi\u0119, taniec, wideo i performans. Od ponad trzech lat zanurza si\u0119 w bagnach i rzekach Polski, badaj\u0105c i dokumentuj\u0105c relacje mi\u0119dzy wod\u0105 a lud\u017ami i innymi istotami, przede wszystkim dooko\u0142a Bugu, Narwi i Wis\u0142y. W Centrum Ochrony Mokrade\u0142 stworzy\u0142a og\u00f3lnopolski projekt \u201ePami\u0119tajmy o mokrad\u0142ach\u201d. Obecnie pracuje na Uniwersytecie Warszawskim nad artystycznym projektem badawczym dotycz\u0105cym do\u015bwiadczenia wody.\nRezydencja Eforie Colorat\nW Eforie Colorat Magdalena zbada performatywny potencja\u0142 b\u0142ota i w\u00f3d w okolicy jeziora Techirghiol, koncentruj\u0105c si\u0119 na jego terapeutycznym potencjale. Podczas rezydencji b\u0119dzie testowa\u0107, dostosowywa\u0107 i wdra\u017ca\u0107 metody i pomys\u0142y wcze\u015bniej stosowane w r\u00f3\u017cnych spo\u0142eczno\u015bciach w Polsce, aby odbudowa\u0107, bada\u0107 lub opowiada\u0107 o relacjach ludzi z wod\u0105 lub terenami mokrad\u0142owymi. Jej propozycja badawcza i performatywna zostanie ukszta\u0142towana przez jej do\u015bwiadczenia i obserwacje dotycz\u0105ce z\u0142o\u017conej dynamiki wodnej na rumu\u0144skim wybrze\u017cu.\nWi\u0119cej szczeg\u00f3\u0142\u00f3w znajdziecie na stronie EUNIC Romania.\n\u00a0"},{"@type":"ImageObject","inLanguage":"pl-PL","@id":"https:\/\/instytutpolski.pl\/bucuresti\/pl\/2024\/07\/02\/polska-artystka-na-rezydencji-flowing-streams\/#primaryimage","url":"https:\/\/instytutpolski.pl\/bucuresti\/wp-content\/uploads\/sites\/11\/2024\/07\/448140699_855811013245542_4449540826281633113_n.jpg","contentUrl":"https:\/\/instytutpolski.pl\/bucuresti\/wp-content\/uploads\/sites\/11\/2024\/07\/448140699_855811013245542_4449540826281633113_n.jpg","width":2048,"height":2048},{"@type":"BreadcrumbList","@id":"https:\/\/instytutpolski.pl\/bucuresti\/pl\/2024\/07\/02\/polska-artystka-na-rezydencji-flowing-streams\/#breadcrumb","itemListElement":[{"@type":"ListItem","position":1,"name":"Home","item":"https:\/\/instytutpolski.pl\/bucuresti\/"},{"@type":"ListItem","position":2,"name":"Polska artystka na rezydencji Flowing Streams"}]},{"@type":"WebSite","@id":"https:\/\/instytutpolski.pl\/bucuresti\/#website","url":"https:\/\/instytutpolski.pl\/bucuresti\/","name":"Instytut Polski w Bukareszcie","description":"Instytuty Polskie","potentialAction":[{"@type":"SearchAction","target":{"@type":"EntryPoint","urlTemplate":"https:\/\/instytutpolski.pl\/bucuresti\/?s={search_term_string}"},"query-input":{"@type":"PropertyValueSpecification","valueRequired":true,"valueName":"search_term_string"}}],"inLanguage":"pl-PL"},{"@type":"Person","@id":"https:\/\/instytutpolski.pl\/bucuresti\/#\/schema\/person\/980fdccff6ea3f1cab069becadecca5b","name":"rutkowskip","image":{"@type":"ImageObject","inLanguage":"pl-PL","@id":"https:\/\/instytutpolski.pl\/bucuresti\/#\/schema\/person\/image\/","url":"https:\/\/secure.gravatar.com\/avatar\/a44cb0329dc71f58530e0890a10f5e4d?s=96&d=mm&r=g","contentUrl":"https:\/\/secure.gravatar.com\/avatar\/a44cb0329dc71f58530e0890a10f5e4d?s=96&d=mm&r=g","caption":"rutkowskip"},"url":"https:\/\/instytutpolski.pl\/bucuresti\/author\/rutkowskip\/"}]}},"_links":{"self":[{"href":"https:\/\/instytutpolski.pl\/bucuresti\/wp-json\/wp\/v2\/posts\/12267","targetHints":{"allow":["GET"]}}],"collection":[{"href":"https:\/\/instytutpolski.pl\/bucuresti\/wp-json\/wp\/v2\/posts"}],"about":[{"href":"https:\/\/instytutpolski.pl\/bucuresti\/wp-json\/wp\/v2\/types\/post"}],"author":[{"embeddable":true,"href":"https:\/\/instytutpolski.pl\/bucuresti\/wp-json\/wp\/v2\/users\/42"}],"replies":[{"embeddable":true,"href":"https:\/\/instytutpolski.pl\/bucuresti\/wp-json\/wp\/v2\/comments?post=12267"}],"version-history":[{"count":4,"href":"https:\/\/instytutpolski.pl\/bucuresti\/wp-json\/wp\/v2\/posts\/12267\/revisions"}],"predecessor-version":[{"id":12316,"href":"https:\/\/instytutpolski.pl\/bucuresti\/wp-json\/wp\/v2\/posts\/12267\/revisions\/12316"}],"wp:featuredmedia":[{"embeddable":true,"href":"https:\/\/instytutpolski.pl\/bucuresti\/wp-json\/wp\/v2\/media\/12264"}],"wp:attachment":[{"href":"https:\/\/instytutpolski.pl\/bucuresti\/wp-json\/wp\/v2\/media?parent=12267"}],"wp:term":[{"taxonomy":"category","embeddable":true,"href":"https:\/\/instytutpolski.pl\/bucuresti\/wp-json\/wp\/v2\/categories?post=12267"},{"taxonomy":"post_tag","embeddable":true,"href":"https:\/\/instytutpolski.pl\/bucuresti\/wp-json\/wp\/v2\/tags?post=12267"}],"curies":[{"name":"wp","href":"https:\/\/api.w.org\/{rel}","templated":true}]}}