{"id":12409,"date":"2024-08-15T12:20:44","date_gmt":"2024-08-15T10:20:44","guid":{"rendered":"https:\/\/instytutpolski.pl\/bucuresti\/?p=12409"},"modified":"2024-08-21T10:03:05","modified_gmt":"2024-08-21T08:03:05","slug":"exploratory-night-walk-z-polskim-kolektywem-feministycznym-architektoniczki","status":"publish","type":"post","link":"https:\/\/instytutpolski.pl\/bucuresti\/pl\/2024\/08\/15\/exploratory-night-walk-z-polskim-kolektywem-feministycznym-architektoniczki\/","title":{"rendered":"Exploratory Night Walk z polskim kolektywem feministycznym Architektoniczki"},"content":{"rendered":"\n<p style=\"text-align: justify\"><strong>Nocny Spacer Eksploracyjny dla Kobiet i Os\u00f3b Niebinarnych! Zarejestruj si\u0119 teraz!<\/strong><\/p>\n<p style=\"text-align: justify\">Wezwanie na rzecz wolno\u015bci korzystania z miasta przez kobiety i osoby niebinarne.<\/p>\n<p style=\"text-align: justify\">Perspektywa p\u0142ci w projektowaniu przestrzeni miejskiej.<\/p>\n<p style=\"text-align: justify\">Wezwanie do dzia\u0142ania na rzecz feministycznej transformacji lokalnych polityk.<\/p>\n<p style=\"text-align: justify\">Do\u0142\u0105cz do nas i we\u017a udzia\u0142 w nocnym spacerze! Czas spojrze\u0107 na otoczenie z innej perspektywy. Co trzeba zrobi\u0107, \u017ceby kobiety czu\u0142y si\u0119 bezpiecznie i mia\u0142y poczucie, \u017ce naprawd\u0119 maj\u0105 swobod\u0119 poruszania si\u0119?<\/p>\n<p style=\"text-align: justify\">Serdecznie zapraszamy do udzia\u0142u. Spacer odb\u0119dzie si\u0119 20 sierpnia 2024 roku o godzinie 22:00.<\/p>\n<p style=\"text-align: justify\"><strong>Kto mo\u017ce si\u0119 zg\u0142osi\u0107?<\/strong><\/p>\n<p style=\"text-align: justify\">Kobiety i osoby niebinarne.<\/p>\n<p style=\"text-align: justify\"><strong>Zapisz si\u0119 na nocny spacer wype\u0142niaj\u0105c poni\u017cszy formularz:<\/strong><\/p>\n<p style=\"text-align: justify\"><a href=\"https:\/\/forms.gle\/1GutcVQbZKYAYerX8\">https:\/\/forms.gle\/1GutcVQbZKYAYerX8<\/a><\/p>\n<p style=\"text-align: justify\">Celem Nocnych Spacer\u00f3w Eksploracyjnych jest identyfikacja nier\u00f3wno\u015bci w projektowaniu przestrzeni miejskiej i promowanie zmian poprzez autorefleksj\u0119 i wsp\u00f3\u0142prac\u0119. Wzmocnienie pozycji kobiet i budowanie spo\u0142eczno\u015bci kobiecych prze\u0142o\u017cy si\u0119 na uwzgl\u0119dnienie perspektywy p\u0142ci w projektowaniu przestrzeni miejskiej i wspieranie feministycznej transformacji lokalnych polityk.<\/p>\n<p style=\"text-align: justify\">Informacje o koncepcji nocnego spaceru stworzonej przez polsk\u0105 agencj\u0119 innowacji gender-smart <strong>Architektoniczki<\/strong>:<\/p>\n<p style=\"text-align: justify\">\u00a0<\/p>\n<p style=\"text-align: justify\">Kolektyw koncentruje si\u0119 na w\u0142\u0105czaniu zasad feministycznych do planowania urbanistycznego i architektury. Jego celem jest kwestionowanie konwencjonalnych norm i promowanie inkluzywnych, sprawiedliwych i r\u00f3\u017cnorodnych metod w planowaniu urbanistycznym i projektowaniu architektonicznym.<\/p>\n<p style=\"text-align: justify\">Agencja aktywnie gromadzi dowody, aby wykaza\u0107 g\u0142\u0119boki wp\u0142yw projektowania przestrzennego na trajektorie \u017cyciowe jednostek. Architektoniczki wsp\u00f3\u0142pracuj\u0105 z WLINTA w zakresie mobilno\u015bci domowej i codziennej urbanistyki; miasta opieki; przestrzeni dla dziewcz\u0105t; kobiet w mobilno\u015bci, w skali od mm do km.<\/p>\n<p style=\"text-align: justify\">Do\u015bwiadczenia kobiet w odzyskiwaniu przestrzeni publicznych by\u0142y historycznie bardzo ograniczone. Jednak bez wzgl\u0119du na to, czym by\u0142y i jak do nich dosz\u0142o, nale\u017cy je doceni\u0107 jako akty o wielkim znaczeniu politycznym. Spo\u0142ecze\u0144stwo funkcjonuj\u0105ce w systemie patriarchalnym tworzy retoryk\u0119 pozornej troski o bezpiecze\u0144stwo kobiet, kt\u00f3ra ostatecznie nak\u0142ada ograniczenia i reguluje spos\u00f3b, w jaki kobiety poruszaj\u0105 si\u0119 po mie\u015bcie. Dlatego szeroko rozumiana wolno\u015b\u0107 musi przede wszystkim obejmowa\u0107 swobod\u0119 poruszania si\u0119.<\/p>\n<p style=\"text-align: justify\">Nocny spacer WLINTA (kobiety, lesbijki, osoby inter-, niebinarne, transp\u0142ciowe i agenderowe), organizowany przez Instytut Polski w Bukareszcie we wsp\u00f3\u0142pracy z kolektywem Architektoniczki, to spacer eksploracyjny inspirowany inicjatywami takimi jak Take Back the Night czy Women Walk At Midnight. Podczas tych wydarze\u0144 przygl\u0105damy si\u0119 miastu z feministycznej perspektywy, badaj\u0105c, jak kobiety funkcjonuj\u0105 w nocnym mie\u015bcie.<\/p>\n<p style=\"text-align: justify\">Wi\u0119cej informacji o wydarzeniu znajdziecie <a href=\"https:\/\/www.facebook.com\/events\/8446087698735994?ref=newsfeed\">tutaj<\/a>, natomiast o kolektywie Architektoniczki <a href=\"architektoniczki.com\">tutaj<\/a>.<\/p>\n<p style=\"text-align: justify\">\u00a0<\/p>\n<p style=\"text-align: justify\">Projekt jest cz\u0119\u015bci\u0105 Narodowego Programu Kulturalnego \u201eTimisoara &#8211; Europejska Stolica Kultury w 2023 roku\u201d i jest finansowany z programu Legacy Timisoara 2023, realizowanego przez Centrum Projekt\u00f3w Miasta Timisoara, ze \u015brodk\u00f3w przyznanych z bud\u017cetu pa\u0144stwa, za po\u015brednictwem bud\u017cetu Ministerstwa Kultury. Projekt jest organizowany w partnerstwie z gmin\u0105 Timiszoara, za po\u015brednictwem Centrum Projekt\u00f3w.<\/p>\n","protected":false},"excerpt":{"rendered":"<p>Nocny Spacer Eksploracyjny dla Kobiet i Os\u00f3b Niebinarnych! Zarejestruj si\u0119 teraz! Wezwanie na rzecz wolno\u015bci korzystania z miasta przez kobiety i osoby niebinarne. Perspektywa p\u0142ci w projektowaniu przestrzeni miejskiej. Wezwanie do dzia\u0142ania na rzecz feministycznej transformacji lokalnych polityk. Do\u0142\u0105cz do nas i we\u017a udzia\u0142 w nocnym spacerze! Czas spojrze\u0107 na otoczenie z innej perspektywy. Co [&hellip;]<\/p>\n","protected":false},"author":42,"featured_media":12406,"comment_status":"open","ping_status":"open","sticky":false,"template":"","format":"standard","meta":{"inline_featured_image":false,"_monsterinsights_skip_tracking":false,"_monsterinsights_sitenote_active":false,"_monsterinsights_sitenote_note":"","_monsterinsights_sitenote_category":0,"footnotes":""},"categories":[7,96],"tags":[],"class_list":["post-12409","post","type-post","status-publish","format-standard","has-post-thumbnail","hentry","category-inne","category-wydarzenia"],"yoast_head":"<!-- This site is optimized with the Yoast SEO plugin v24.6 - https:\/\/yoast.com\/wordpress\/plugins\/seo\/ -->\n<title>Exploratory Night Walk z polskim kolektywem feministycznym Architektoniczki - Instytut Polski w Bukareszcie<\/title>\n<meta name=\"robots\" content=\"index, follow, max-snippet:-1, max-image-preview:large, max-video-preview:-1\" \/>\n<link rel=\"canonical\" href=\"https:\/\/instytutpolski.pl\/bucuresti\/pl\/2024\/08\/15\/exploratory-night-walk-z-polskim-kolektywem-feministycznym-architektoniczki\/\" \/>\n<meta property=\"og:locale\" content=\"pl_PL\" \/>\n<meta property=\"og:type\" content=\"article\" \/>\n<meta property=\"og:title\" content=\"Exploratory Night Walk z polskim kolektywem feministycznym Architektoniczki - Instytut Polski w Bukareszcie\" \/>\n<meta property=\"og:description\" content=\"Nocny Spacer Eksploracyjny dla Kobiet i Os\u00f3b Niebinarnych! Zarejestruj si\u0119 teraz! Wezwanie na rzecz wolno\u015bci korzystania z miasta przez kobiety i osoby niebinarne. Perspektywa p\u0142ci w projektowaniu przestrzeni miejskiej. Wezwanie do dzia\u0142ania na rzecz feministycznej transformacji lokalnych polityk. Do\u0142\u0105cz do nas i we\u017a udzia\u0142 w nocnym spacerze! Czas spojrze\u0107 na otoczenie z innej perspektywy. Co [&hellip;]\" \/>\n<meta property=\"og:url\" content=\"https:\/\/instytutpolski.pl\/bucuresti\/pl\/2024\/08\/15\/exploratory-night-walk-z-polskim-kolektywem-feministycznym-architektoniczki\/\" \/>\n<meta property=\"og:site_name\" content=\"Instytut Polski w Bukareszcie\" \/>\n<meta property=\"article:published_time\" content=\"2024-08-15T10:20:44+00:00\" \/>\n<meta property=\"article:modified_time\" content=\"2024-08-21T08:03:05+00:00\" \/>\n<meta property=\"og:image\" content=\"https:\/\/instytutpolski.pl\/bucuresti\/wp-content\/uploads\/sites\/11\/2024\/08\/night-walk.jpg\" \/>\n\t<meta property=\"og:image:width\" content=\"1920\" \/>\n\t<meta property=\"og:image:height\" content=\"1005\" \/>\n\t<meta property=\"og:image:type\" content=\"image\/jpeg\" \/>\n<meta name=\"author\" content=\"rutkowskip\" \/>\n<meta name=\"twitter:card\" content=\"summary_large_image\" \/>\n<meta name=\"twitter:label1\" content=\"Napisane przez\" \/>\n\t<meta name=\"twitter:data1\" content=\"rutkowskip\" \/>\n\t<meta name=\"twitter:label2\" content=\"Szacowany czas czytania\" \/>\n\t<meta name=\"twitter:data2\" content=\"3 minuty\" \/>\n<script type=\"application\/ld+json\" class=\"yoast-schema-graph\">{\"@context\":\"https:\/\/schema.org\",\"@graph\":[{\"@type\":\"event\",\"@id\":\"https:\/\/instytutpolski.pl\/bucuresti\/pl\/2024\/08\/15\/exploratory-night-walk-z-polskim-kolektywem-feministycznym-architektoniczki\/\",\"url\":\"https:\/\/instytutpolski.pl\/bucuresti\/pl\/2024\/08\/15\/exploratory-night-walk-z-polskim-kolektywem-feministycznym-architektoniczki\/\",\"name\":\"Exploratory Night Walk z polskim kolektywem feministycznym Architektoniczki\",\"isPartOf\":{\"@id\":\"https:\/\/instytutpolski.pl\/bucuresti\/#website\"},\"primaryImageOfPage\":{\"@id\":\"https:\/\/instytutpolski.pl\/bucuresti\/pl\/2024\/08\/15\/exploratory-night-walk-z-polskim-kolektywem-feministycznym-architektoniczki\/#primaryimage\"},\"image\":[\"https:\/\/instytutpolski.pl\/bucuresti\/wp-content\/uploads\/sites\/11\/2024\/08\/night-walk.jpg\",\"https:\/\/instytutpolski.pl\/bucuresti\/wp-content\/uploads\/sites\/11\/2024\/08\/night-walk-300x157.jpg\",\"https:\/\/instytutpolski.pl\/bucuresti\/wp-content\/uploads\/sites\/11\/2024\/08\/night-walk-1024x536.jpg\",\"https:\/\/instytutpolski.pl\/bucuresti\/wp-content\/uploads\/sites\/11\/2024\/08\/night-walk.jpg\"],\"thumbnailUrl\":\"https:\/\/instytutpolski.pl\/bucuresti\/wp-content\/uploads\/sites\/11\/2024\/08\/night-walk.jpg\",\"datePublished\":\"2024-08-15T10:20:44+02:00\",\"dateModified\":\"2024-08-21T08:03:05+02:00\",\"author\":{\"@id\":\"https:\/\/instytutpolski.pl\/bucuresti\/#\/schema\/person\/980fdccff6ea3f1cab069becadecca5b\"},\"breadcrumb\":{\"@id\":\"https:\/\/instytutpolski.pl\/bucuresti\/pl\/2024\/08\/15\/exploratory-night-walk-z-polskim-kolektywem-feministycznym-architektoniczki\/#breadcrumb\"},\"inLanguage\":\"pl-PL\",\"potentialAction\":[{\"@type\":\"ReadAction\",\"target\":[\"https:\/\/instytutpolski.pl\/bucuresti\/pl\/2024\/08\/15\/exploratory-night-walk-z-polskim-kolektywem-feministycznym-architektoniczki\/\"]}],\"@context\":\"https:\/\/schema.org\",\"startDate\":\"2024-08-20T10:00:00+02:00\",\"endDate\":\"2024-08-20T11:30:00+02:00\",\"eventStatus\":\"EventScheduled\",\"eventAttendanceMode\":\"OfflineEventAttendanceMode\",\"location\":{\"@type\":\"place\",\"name\":\"\",\"address\":\"\",\"geo\":{\"@type\":\"GeoCoordinates\",\"latitude\":\"\",\"longitude\":\"\"}},\"description\":\"Nocny Spacer Eksploracyjny dla Kobiet i Os\u00f3b Niebinarnych! Zarejestruj si\u0119 teraz!\\nWezwanie na rzecz wolno\u015bci korzystania z miasta przez kobiety i osoby niebinarne.\\nPerspektywa p\u0142ci w projektowaniu przestrzeni miejskiej.\\nWezwanie do dzia\u0142ania na rzecz feministycznej transformacji lokalnych polityk.\\nDo\u0142\u0105cz do nas i we\u017a udzia\u0142 w nocnym spacerze! Czas spojrze\u0107 na otoczenie z innej perspektywy. Co trzeba zrobi\u0107, \u017ceby kobiety czu\u0142y si\u0119 bezpiecznie i mia\u0142y poczucie, \u017ce naprawd\u0119 maj\u0105 swobod\u0119 poruszania si\u0119?\\nSerdecznie zapraszamy do udzia\u0142u. Spacer odb\u0119dzie si\u0119 20 sierpnia 2024 roku o godzinie 22:00.\\nKto mo\u017ce si\u0119 zg\u0142osi\u0107?\\nKobiety i osoby niebinarne.\\nZapisz si\u0119 na nocny spacer wype\u0142niaj\u0105c poni\u017cszy formularz:\\nhttps:\/\/forms.gle\/1GutcVQbZKYAYerX8\\nCelem Nocnych Spacer\u00f3w Eksploracyjnych jest identyfikacja nier\u00f3wno\u015bci w projektowaniu przestrzeni miejskiej i promowanie zmian poprzez autorefleksj\u0119 i wsp\u00f3\u0142prac\u0119. Wzmocnienie pozycji kobiet i budowanie spo\u0142eczno\u015bci kobiecych prze\u0142o\u017cy si\u0119 na uwzgl\u0119dnienie perspektywy p\u0142ci w projektowaniu przestrzeni miejskiej i wspieranie feministycznej transformacji lokalnych polityk.\\nInformacje o koncepcji nocnego spaceru stworzonej przez polsk\u0105 agencj\u0119 innowacji gender-smart Architektoniczki:\\n\u00a0\\nKolektyw koncentruje si\u0119 na w\u0142\u0105czaniu zasad feministycznych do planowania urbanistycznego i architektury. Jego celem jest kwestionowanie konwencjonalnych norm i promowanie inkluzywnych, sprawiedliwych i r\u00f3\u017cnorodnych metod w planowaniu urbanistycznym i projektowaniu architektonicznym.\\nAgencja aktywnie gromadzi dowody, aby wykaza\u0107 g\u0142\u0119boki wp\u0142yw projektowania przestrzennego na trajektorie \u017cyciowe jednostek. Architektoniczki wsp\u00f3\u0142pracuj\u0105 z WLINTA w zakresie mobilno\u015bci domowej i codziennej urbanistyki; miasta opieki; przestrzeni dla dziewcz\u0105t; kobiet w mobilno\u015bci, w skali od mm do km.\\nDo\u015bwiadczenia kobiet w odzyskiwaniu przestrzeni publicznych by\u0142y historycznie bardzo ograniczone. Jednak bez wzgl\u0119du na to, czym by\u0142y i jak do nich dosz\u0142o, nale\u017cy je doceni\u0107 jako akty o wielkim znaczeniu politycznym. Spo\u0142ecze\u0144stwo funkcjonuj\u0105ce w systemie patriarchalnym tworzy retoryk\u0119 pozornej troski o bezpiecze\u0144stwo kobiet, kt\u00f3ra ostatecznie nak\u0142ada ograniczenia i reguluje spos\u00f3b, w jaki kobiety poruszaj\u0105 si\u0119 po mie\u015bcie. Dlatego szeroko rozumiana wolno\u015b\u0107 musi przede wszystkim obejmowa\u0107 swobod\u0119 poruszania si\u0119.\\nNocny spacer WLINTA (kobiety, lesbijki, osoby inter-, niebinarne, transp\u0142ciowe i agenderowe), organizowany przez Instytut Polski w Bukareszcie we wsp\u00f3\u0142pracy z kolektywem Architektoniczki, to spacer eksploracyjny inspirowany inicjatywami takimi jak Take Back the Night czy Women Walk At Midnight. Podczas tych wydarze\u0144 przygl\u0105damy si\u0119 miastu z feministycznej perspektywy, badaj\u0105c, jak kobiety funkcjonuj\u0105 w nocnym mie\u015bcie.\\nWi\u0119cej informacji o wydarzeniu znajdziecie tutaj, natomiast o kolektywie Architektoniczki tutaj.\\n\u00a0\\nProjekt jest cz\u0119\u015bci\u0105 Narodowego Programu Kulturalnego \u201eTimisoara - Europejska Stolica Kultury w 2023 roku\u201d i jest finansowany z programu Legacy Timisoara 2023, realizowanego przez Centrum Projekt\u00f3w Miasta Timisoara, ze \u015brodk\u00f3w przyznanych z bud\u017cetu pa\u0144stwa, za po\u015brednictwem bud\u017cetu Ministerstwa Kultury. Projekt jest organizowany w partnerstwie z gmin\u0105 Timiszoara, za po\u015brednictwem Centrum Projekt\u00f3w.\"},{\"@type\":\"ImageObject\",\"inLanguage\":\"pl-PL\",\"@id\":\"https:\/\/instytutpolski.pl\/bucuresti\/pl\/2024\/08\/15\/exploratory-night-walk-z-polskim-kolektywem-feministycznym-architektoniczki\/#primaryimage\",\"url\":\"https:\/\/instytutpolski.pl\/bucuresti\/wp-content\/uploads\/sites\/11\/2024\/08\/night-walk.jpg\",\"contentUrl\":\"https:\/\/instytutpolski.pl\/bucuresti\/wp-content\/uploads\/sites\/11\/2024\/08\/night-walk.jpg\",\"width\":1920,\"height\":1005},{\"@type\":\"BreadcrumbList\",\"@id\":\"https:\/\/instytutpolski.pl\/bucuresti\/pl\/2024\/08\/15\/exploratory-night-walk-z-polskim-kolektywem-feministycznym-architektoniczki\/#breadcrumb\",\"itemListElement\":[{\"@type\":\"ListItem\",\"position\":1,\"name\":\"Home\",\"item\":\"https:\/\/instytutpolski.pl\/bucuresti\/\"},{\"@type\":\"ListItem\",\"position\":2,\"name\":\"Exploratory Night Walk z polskim kolektywem feministycznym Architektoniczki\"}]},{\"@type\":\"WebSite\",\"@id\":\"https:\/\/instytutpolski.pl\/bucuresti\/#website\",\"url\":\"https:\/\/instytutpolski.pl\/bucuresti\/\",\"name\":\"Instytut Polski w Bukareszcie\",\"description\":\"Instytuty Polskie\",\"potentialAction\":[{\"@type\":\"SearchAction\",\"target\":{\"@type\":\"EntryPoint\",\"urlTemplate\":\"https:\/\/instytutpolski.pl\/bucuresti\/?s={search_term_string}\"},\"query-input\":{\"@type\":\"PropertyValueSpecification\",\"valueRequired\":true,\"valueName\":\"search_term_string\"}}],\"inLanguage\":\"pl-PL\"},{\"@type\":\"Person\",\"@id\":\"https:\/\/instytutpolski.pl\/bucuresti\/#\/schema\/person\/980fdccff6ea3f1cab069becadecca5b\",\"name\":\"rutkowskip\",\"image\":{\"@type\":\"ImageObject\",\"inLanguage\":\"pl-PL\",\"@id\":\"https:\/\/instytutpolski.pl\/bucuresti\/#\/schema\/person\/image\/\",\"url\":\"https:\/\/secure.gravatar.com\/avatar\/a44cb0329dc71f58530e0890a10f5e4d?s=96&d=mm&r=g\",\"contentUrl\":\"https:\/\/secure.gravatar.com\/avatar\/a44cb0329dc71f58530e0890a10f5e4d?s=96&d=mm&r=g\",\"caption\":\"rutkowskip\"},\"url\":\"https:\/\/instytutpolski.pl\/bucuresti\/author\/rutkowskip\/\"}]}<\/script>\n<!-- \/ Yoast SEO plugin. -->","yoast_head_json":{"title":"Exploratory Night Walk z polskim kolektywem feministycznym Architektoniczki - Instytut Polski w Bukareszcie","robots":{"index":"index","follow":"follow","max-snippet":"max-snippet:-1","max-image-preview":"max-image-preview:large","max-video-preview":"max-video-preview:-1"},"canonical":"https:\/\/instytutpolski.pl\/bucuresti\/pl\/2024\/08\/15\/exploratory-night-walk-z-polskim-kolektywem-feministycznym-architektoniczki\/","og_locale":"pl_PL","og_type":"article","og_title":"Exploratory Night Walk z polskim kolektywem feministycznym Architektoniczki - Instytut Polski w Bukareszcie","og_description":"Nocny Spacer Eksploracyjny dla Kobiet i Os\u00f3b Niebinarnych! Zarejestruj si\u0119 teraz! Wezwanie na rzecz wolno\u015bci korzystania z miasta przez kobiety i osoby niebinarne. Perspektywa p\u0142ci w projektowaniu przestrzeni miejskiej. Wezwanie do dzia\u0142ania na rzecz feministycznej transformacji lokalnych polityk. Do\u0142\u0105cz do nas i we\u017a udzia\u0142 w nocnym spacerze! Czas spojrze\u0107 na otoczenie z innej perspektywy. Co [&hellip;]","og_url":"https:\/\/instytutpolski.pl\/bucuresti\/pl\/2024\/08\/15\/exploratory-night-walk-z-polskim-kolektywem-feministycznym-architektoniczki\/","og_site_name":"Instytut Polski w Bukareszcie","article_published_time":"2024-08-15T10:20:44+00:00","article_modified_time":"2024-08-21T08:03:05+00:00","og_image":[{"width":1920,"height":1005,"url":"https:\/\/instytutpolski.pl\/bucuresti\/wp-content\/uploads\/sites\/11\/2024\/08\/night-walk.jpg","type":"image\/jpeg"}],"author":"rutkowskip","twitter_card":"summary_large_image","twitter_misc":{"Napisane przez":"rutkowskip","Szacowany czas czytania":"3 minuty"},"schema":{"@context":"https:\/\/schema.org","@graph":[{"@type":"event","@id":"https:\/\/instytutpolski.pl\/bucuresti\/pl\/2024\/08\/15\/exploratory-night-walk-z-polskim-kolektywem-feministycznym-architektoniczki\/","url":"https:\/\/instytutpolski.pl\/bucuresti\/pl\/2024\/08\/15\/exploratory-night-walk-z-polskim-kolektywem-feministycznym-architektoniczki\/","name":"Exploratory Night Walk z polskim kolektywem feministycznym Architektoniczki","isPartOf":{"@id":"https:\/\/instytutpolski.pl\/bucuresti\/#website"},"primaryImageOfPage":{"@id":"https:\/\/instytutpolski.pl\/bucuresti\/pl\/2024\/08\/15\/exploratory-night-walk-z-polskim-kolektywem-feministycznym-architektoniczki\/#primaryimage"},"image":["https:\/\/instytutpolski.pl\/bucuresti\/wp-content\/uploads\/sites\/11\/2024\/08\/night-walk.jpg","https:\/\/instytutpolski.pl\/bucuresti\/wp-content\/uploads\/sites\/11\/2024\/08\/night-walk-300x157.jpg","https:\/\/instytutpolski.pl\/bucuresti\/wp-content\/uploads\/sites\/11\/2024\/08\/night-walk-1024x536.jpg","https:\/\/instytutpolski.pl\/bucuresti\/wp-content\/uploads\/sites\/11\/2024\/08\/night-walk.jpg"],"thumbnailUrl":"https:\/\/instytutpolski.pl\/bucuresti\/wp-content\/uploads\/sites\/11\/2024\/08\/night-walk.jpg","datePublished":"2024-08-15T10:20:44+02:00","dateModified":"2024-08-21T08:03:05+02:00","author":{"@id":"https:\/\/instytutpolski.pl\/bucuresti\/#\/schema\/person\/980fdccff6ea3f1cab069becadecca5b"},"breadcrumb":{"@id":"https:\/\/instytutpolski.pl\/bucuresti\/pl\/2024\/08\/15\/exploratory-night-walk-z-polskim-kolektywem-feministycznym-architektoniczki\/#breadcrumb"},"inLanguage":"pl-PL","potentialAction":[{"@type":"ReadAction","target":["https:\/\/instytutpolski.pl\/bucuresti\/pl\/2024\/08\/15\/exploratory-night-walk-z-polskim-kolektywem-feministycznym-architektoniczki\/"]}],"@context":"https:\/\/schema.org","startDate":"2024-08-20T10:00:00+02:00","endDate":"2024-08-20T11:30:00+02:00","eventStatus":"EventScheduled","eventAttendanceMode":"OfflineEventAttendanceMode","location":{"@type":"place","name":"","address":"","geo":{"@type":"GeoCoordinates","latitude":"","longitude":""}},"description":"Nocny Spacer Eksploracyjny dla Kobiet i Os\u00f3b Niebinarnych! Zarejestruj si\u0119 teraz!\nWezwanie na rzecz wolno\u015bci korzystania z miasta przez kobiety i osoby niebinarne.\nPerspektywa p\u0142ci w projektowaniu przestrzeni miejskiej.\nWezwanie do dzia\u0142ania na rzecz feministycznej transformacji lokalnych polityk.\nDo\u0142\u0105cz do nas i we\u017a udzia\u0142 w nocnym spacerze! Czas spojrze\u0107 na otoczenie z innej perspektywy. Co trzeba zrobi\u0107, \u017ceby kobiety czu\u0142y si\u0119 bezpiecznie i mia\u0142y poczucie, \u017ce naprawd\u0119 maj\u0105 swobod\u0119 poruszania si\u0119?\nSerdecznie zapraszamy do udzia\u0142u. Spacer odb\u0119dzie si\u0119 20 sierpnia 2024 roku o godzinie 22:00.\nKto mo\u017ce si\u0119 zg\u0142osi\u0107?\nKobiety i osoby niebinarne.\nZapisz si\u0119 na nocny spacer wype\u0142niaj\u0105c poni\u017cszy formularz:\nhttps:\/\/forms.gle\/1GutcVQbZKYAYerX8\nCelem Nocnych Spacer\u00f3w Eksploracyjnych jest identyfikacja nier\u00f3wno\u015bci w projektowaniu przestrzeni miejskiej i promowanie zmian poprzez autorefleksj\u0119 i wsp\u00f3\u0142prac\u0119. Wzmocnienie pozycji kobiet i budowanie spo\u0142eczno\u015bci kobiecych prze\u0142o\u017cy si\u0119 na uwzgl\u0119dnienie perspektywy p\u0142ci w projektowaniu przestrzeni miejskiej i wspieranie feministycznej transformacji lokalnych polityk.\nInformacje o koncepcji nocnego spaceru stworzonej przez polsk\u0105 agencj\u0119 innowacji gender-smart Architektoniczki:\n\u00a0\nKolektyw koncentruje si\u0119 na w\u0142\u0105czaniu zasad feministycznych do planowania urbanistycznego i architektury. Jego celem jest kwestionowanie konwencjonalnych norm i promowanie inkluzywnych, sprawiedliwych i r\u00f3\u017cnorodnych metod w planowaniu urbanistycznym i projektowaniu architektonicznym.\nAgencja aktywnie gromadzi dowody, aby wykaza\u0107 g\u0142\u0119boki wp\u0142yw projektowania przestrzennego na trajektorie \u017cyciowe jednostek. Architektoniczki wsp\u00f3\u0142pracuj\u0105 z WLINTA w zakresie mobilno\u015bci domowej i codziennej urbanistyki; miasta opieki; przestrzeni dla dziewcz\u0105t; kobiet w mobilno\u015bci, w skali od mm do km.\nDo\u015bwiadczenia kobiet w odzyskiwaniu przestrzeni publicznych by\u0142y historycznie bardzo ograniczone. Jednak bez wzgl\u0119du na to, czym by\u0142y i jak do nich dosz\u0142o, nale\u017cy je doceni\u0107 jako akty o wielkim znaczeniu politycznym. Spo\u0142ecze\u0144stwo funkcjonuj\u0105ce w systemie patriarchalnym tworzy retoryk\u0119 pozornej troski o bezpiecze\u0144stwo kobiet, kt\u00f3ra ostatecznie nak\u0142ada ograniczenia i reguluje spos\u00f3b, w jaki kobiety poruszaj\u0105 si\u0119 po mie\u015bcie. Dlatego szeroko rozumiana wolno\u015b\u0107 musi przede wszystkim obejmowa\u0107 swobod\u0119 poruszania si\u0119.\nNocny spacer WLINTA (kobiety, lesbijki, osoby inter-, niebinarne, transp\u0142ciowe i agenderowe), organizowany przez Instytut Polski w Bukareszcie we wsp\u00f3\u0142pracy z kolektywem Architektoniczki, to spacer eksploracyjny inspirowany inicjatywami takimi jak Take Back the Night czy Women Walk At Midnight. Podczas tych wydarze\u0144 przygl\u0105damy si\u0119 miastu z feministycznej perspektywy, badaj\u0105c, jak kobiety funkcjonuj\u0105 w nocnym mie\u015bcie.\nWi\u0119cej informacji o wydarzeniu znajdziecie tutaj, natomiast o kolektywie Architektoniczki tutaj.\n\u00a0\nProjekt jest cz\u0119\u015bci\u0105 Narodowego Programu Kulturalnego \u201eTimisoara - Europejska Stolica Kultury w 2023 roku\u201d i jest finansowany z programu Legacy Timisoara 2023, realizowanego przez Centrum Projekt\u00f3w Miasta Timisoara, ze \u015brodk\u00f3w przyznanych z bud\u017cetu pa\u0144stwa, za po\u015brednictwem bud\u017cetu Ministerstwa Kultury. Projekt jest organizowany w partnerstwie z gmin\u0105 Timiszoara, za po\u015brednictwem Centrum Projekt\u00f3w."},{"@type":"ImageObject","inLanguage":"pl-PL","@id":"https:\/\/instytutpolski.pl\/bucuresti\/pl\/2024\/08\/15\/exploratory-night-walk-z-polskim-kolektywem-feministycznym-architektoniczki\/#primaryimage","url":"https:\/\/instytutpolski.pl\/bucuresti\/wp-content\/uploads\/sites\/11\/2024\/08\/night-walk.jpg","contentUrl":"https:\/\/instytutpolski.pl\/bucuresti\/wp-content\/uploads\/sites\/11\/2024\/08\/night-walk.jpg","width":1920,"height":1005},{"@type":"BreadcrumbList","@id":"https:\/\/instytutpolski.pl\/bucuresti\/pl\/2024\/08\/15\/exploratory-night-walk-z-polskim-kolektywem-feministycznym-architektoniczki\/#breadcrumb","itemListElement":[{"@type":"ListItem","position":1,"name":"Home","item":"https:\/\/instytutpolski.pl\/bucuresti\/"},{"@type":"ListItem","position":2,"name":"Exploratory Night Walk z polskim kolektywem feministycznym Architektoniczki"}]},{"@type":"WebSite","@id":"https:\/\/instytutpolski.pl\/bucuresti\/#website","url":"https:\/\/instytutpolski.pl\/bucuresti\/","name":"Instytut Polski w Bukareszcie","description":"Instytuty Polskie","potentialAction":[{"@type":"SearchAction","target":{"@type":"EntryPoint","urlTemplate":"https:\/\/instytutpolski.pl\/bucuresti\/?s={search_term_string}"},"query-input":{"@type":"PropertyValueSpecification","valueRequired":true,"valueName":"search_term_string"}}],"inLanguage":"pl-PL"},{"@type":"Person","@id":"https:\/\/instytutpolski.pl\/bucuresti\/#\/schema\/person\/980fdccff6ea3f1cab069becadecca5b","name":"rutkowskip","image":{"@type":"ImageObject","inLanguage":"pl-PL","@id":"https:\/\/instytutpolski.pl\/bucuresti\/#\/schema\/person\/image\/","url":"https:\/\/secure.gravatar.com\/avatar\/a44cb0329dc71f58530e0890a10f5e4d?s=96&d=mm&r=g","contentUrl":"https:\/\/secure.gravatar.com\/avatar\/a44cb0329dc71f58530e0890a10f5e4d?s=96&d=mm&r=g","caption":"rutkowskip"},"url":"https:\/\/instytutpolski.pl\/bucuresti\/author\/rutkowskip\/"}]}},"_links":{"self":[{"href":"https:\/\/instytutpolski.pl\/bucuresti\/wp-json\/wp\/v2\/posts\/12409","targetHints":{"allow":["GET"]}}],"collection":[{"href":"https:\/\/instytutpolski.pl\/bucuresti\/wp-json\/wp\/v2\/posts"}],"about":[{"href":"https:\/\/instytutpolski.pl\/bucuresti\/wp-json\/wp\/v2\/types\/post"}],"author":[{"embeddable":true,"href":"https:\/\/instytutpolski.pl\/bucuresti\/wp-json\/wp\/v2\/users\/42"}],"replies":[{"embeddable":true,"href":"https:\/\/instytutpolski.pl\/bucuresti\/wp-json\/wp\/v2\/comments?post=12409"}],"version-history":[{"count":3,"href":"https:\/\/instytutpolski.pl\/bucuresti\/wp-json\/wp\/v2\/posts\/12409\/revisions"}],"predecessor-version":[{"id":12448,"href":"https:\/\/instytutpolski.pl\/bucuresti\/wp-json\/wp\/v2\/posts\/12409\/revisions\/12448"}],"wp:featuredmedia":[{"embeddable":true,"href":"https:\/\/instytutpolski.pl\/bucuresti\/wp-json\/wp\/v2\/media\/12406"}],"wp:attachment":[{"href":"https:\/\/instytutpolski.pl\/bucuresti\/wp-json\/wp\/v2\/media?parent=12409"}],"wp:term":[{"taxonomy":"category","embeddable":true,"href":"https:\/\/instytutpolski.pl\/bucuresti\/wp-json\/wp\/v2\/categories?post=12409"},{"taxonomy":"post_tag","embeddable":true,"href":"https:\/\/instytutpolski.pl\/bucuresti\/wp-json\/wp\/v2\/tags?post=12409"}],"curies":[{"name":"wp","href":"https:\/\/api.w.org\/{rel}","templated":true}]}}