{"id":12435,"date":"2024-08-19T11:12:03","date_gmt":"2024-08-19T09:12:03","guid":{"rendered":"https:\/\/instytutpolski.pl\/bucuresti\/?p=12435"},"modified":"2024-09-09T09:53:41","modified_gmt":"2024-09-09T07:53:41","slug":"polski-jazz-w-kluzu-napoce","status":"publish","type":"post","link":"https:\/\/instytutpolski.pl\/bucuresti\/pl\/2024\/08\/19\/polski-jazz-w-kluzu-napoce\/","title":{"rendered":"Polski jazz w Klu\u017cu-Napoce"},"content":{"rendered":"\n<p>Polska basistka\u00a0<strong>Kinga G\u0142yk<\/strong>\u00a0to jedna z najbardziej uznanych muzyczek jazzowych swojego pokolenia. Swoj\u0105 muzyczn\u0105 przygod\u0119 rozpocz\u0119\u0142a w wieku 12 lat, graj\u0105c z ojcem i bratem, co w du\u017cym stopniu wp\u0142yn\u0119\u0142o na jej decyzj\u0119 o pozostaniu w \u015bwiecie jazzu. W czerwcu 2016 roku Bass Player United opublikowa\u0142 na Facebooku film przedstawiaj\u0105cy King\u0119 wykonuj\u0105c\u0105 \u201eTears in Heaven\u201d Erica Claptona, kt\u00f3ry osi\u0105gn\u0105\u0142 20 milion\u00f3w wy\u015bwietle\u0144. Kinga wsp\u00f3\u0142pracowa\u0142a z takimi nazwiskami jak: Tim Garland, Nitai Hershkovits, Greg Hutchinson, Bernard Maseli, Ruth Waldron, Natalia Niemen, Apostolis Anthimos, Leszek Winder, Pawe\u0142 Tomaszewski, Grzegorz Kapo\u0142ka, Joachim Mencel, Arek Skolik, Mateusz Otremba, Marek Dykta i Piotr Wyle\u017co\u0142. W 2021 roku zosta\u0142a nominowana w kategorii \u201eString Instruments International\u201d przez Deutscher Jazz Press. Wyda\u0142a trzy albumy dla Warner Music: nominowany do nagrody ECHO JAZZ AWARD \u201eDream\u201d (2016) \u2013 z Gregiem Hutchinsonem (perkusja), Timem Garlandem (saksofon), Nitai Hershkovitsem (fortepian), \u201eFeelings\u201d (2019) i \u201eReal Life \u201d (2024, producent Michael League).<\/p>\n<p><em><strong>Koncert Kingi G\u0142yk odb\u0119dzie si\u0119 w pi\u0105tek, 30 sierpnia, na du\u017cej scenie w Narodowym Parku Etnograficznym im. Romulus Vuia w Klu\u017cu-Napoce.<\/strong><\/em><\/p>\n<p><strong>Bilety:<\/strong> <a href=\"https:\/\/www.iabilet.ro\/bilete-jazz-in-the-park-2024-92615\/?_gl=1*1qs0a5l*_gcl_au*NzMxODMwMzQwLjE3MjQwNTcyMTk.*_ga*MTk2Mjk5Njg3LjE3MjQwNTcyMzg.*_ga_NVW97D0QGP*MTcyNDA1NzIzOC4xLjEuMTcyNDA1NzQ4NS4zOC4wLjA.&amp;_lang=en\">www.iabilet.ro<\/a><\/p>\n<p>https:\/\/www.youtube.com\/watch?v=7iicK3aD6Eg<\/p>\n","protected":false},"excerpt":{"rendered":"<p>Polska basistka\u00a0Kinga G\u0142yk\u00a0to jedna z najbardziej uznanych muzyczek jazzowych swojego pokolenia. Swoj\u0105 muzyczn\u0105 przygod\u0119 rozpocz\u0119\u0142a w wieku 12 lat, graj\u0105c z ojcem i bratem, co w du\u017cym stopniu wp\u0142yn\u0119\u0142o na jej decyzj\u0119 o pozostaniu w \u015bwiecie jazzu. W czerwcu 2016 roku Bass Player United opublikowa\u0142 na Facebooku film przedstawiaj\u0105cy King\u0119 wykonuj\u0105c\u0105 \u201eTears in Heaven\u201d Erica [&hellip;]<\/p>\n","protected":false},"author":41,"featured_media":12286,"comment_status":"open","ping_status":"open","sticky":false,"template":"","format":"standard","meta":{"inline_featured_image":false,"_monsterinsights_skip_tracking":false,"_monsterinsights_sitenote_active":false,"_monsterinsights_sitenote_note":"","_monsterinsights_sitenote_category":0,"footnotes":""},"categories":[125,96],"tags":[],"class_list":["post-12435","post","type-post","status-publish","format-standard","has-post-thumbnail","hentry","category-muzyka","category-wydarzenia"],"yoast_head":"<!-- This site is optimized with the Yoast SEO plugin v24.6 - https:\/\/yoast.com\/wordpress\/plugins\/seo\/ -->\n<title>Polski jazz w Klu\u017cu-Napoce - Instytut Polski w Bukareszcie<\/title>\n<meta name=\"robots\" content=\"index, follow, max-snippet:-1, max-image-preview:large, max-video-preview:-1\" \/>\n<link rel=\"canonical\" href=\"https:\/\/instytutpolski.pl\/bucuresti\/pl\/2024\/08\/19\/polski-jazz-w-kluzu-napoce\/\" \/>\n<meta property=\"og:locale\" content=\"pl_PL\" \/>\n<meta property=\"og:type\" content=\"article\" \/>\n<meta property=\"og:title\" content=\"Polski jazz w Klu\u017cu-Napoce - Instytut Polski w Bukareszcie\" \/>\n<meta property=\"og:description\" content=\"Polska basistka\u00a0Kinga G\u0142yk\u00a0to jedna z najbardziej uznanych muzyczek jazzowych swojego pokolenia. Swoj\u0105 muzyczn\u0105 przygod\u0119 rozpocz\u0119\u0142a w wieku 12 lat, graj\u0105c z ojcem i bratem, co w du\u017cym stopniu wp\u0142yn\u0119\u0142o na jej decyzj\u0119 o pozostaniu w \u015bwiecie jazzu. W czerwcu 2016 roku Bass Player United opublikowa\u0142 na Facebooku film przedstawiaj\u0105cy King\u0119 wykonuj\u0105c\u0105 \u201eTears in Heaven\u201d Erica [&hellip;]\" \/>\n<meta property=\"og:url\" content=\"https:\/\/instytutpolski.pl\/bucuresti\/pl\/2024\/08\/19\/polski-jazz-w-kluzu-napoce\/\" \/>\n<meta property=\"og:site_name\" content=\"Instytut Polski w Bukareszcie\" \/>\n<meta property=\"article:published_time\" content=\"2024-08-19T09:12:03+00:00\" \/>\n<meta property=\"article:modified_time\" content=\"2024-09-09T07:53:41+00:00\" \/>\n<meta property=\"og:image\" content=\"https:\/\/instytutpolski.pl\/bucuresti\/wp-content\/uploads\/sites\/11\/2024\/07\/Kinga-Glyk_CPeter-Honnemann_01160-scaled-e1694635769273-1024x684-1.jpg\" \/>\n\t<meta property=\"og:image:width\" content=\"1024\" \/>\n\t<meta property=\"og:image:height\" content=\"684\" \/>\n\t<meta property=\"og:image:type\" content=\"image\/jpeg\" \/>\n<meta name=\"author\" content=\"mirelal\" \/>\n<meta name=\"twitter:card\" content=\"summary_large_image\" \/>\n<meta name=\"twitter:label1\" content=\"Napisane przez\" \/>\n\t<meta name=\"twitter:data1\" content=\"mirelal\" \/>\n\t<meta name=\"twitter:label2\" content=\"Szacowany czas czytania\" \/>\n\t<meta name=\"twitter:data2\" content=\"2 minuty\" \/>\n<script type=\"application\/ld+json\" class=\"yoast-schema-graph\">{\"@context\":\"https:\/\/schema.org\",\"@graph\":[{\"@type\":\"event\",\"@id\":\"https:\/\/instytutpolski.pl\/bucuresti\/pl\/2024\/08\/19\/polski-jazz-w-kluzu-napoce\/\",\"url\":\"https:\/\/instytutpolski.pl\/bucuresti\/pl\/2024\/08\/19\/polski-jazz-w-kluzu-napoce\/\",\"name\":\"Polski jazz w Klu\u017cu-Napoce\",\"isPartOf\":{\"@id\":\"https:\/\/instytutpolski.pl\/bucuresti\/#website\"},\"primaryImageOfPage\":{\"@id\":\"https:\/\/instytutpolski.pl\/bucuresti\/pl\/2024\/08\/19\/polski-jazz-w-kluzu-napoce\/#primaryimage\"},\"image\":[\"https:\/\/instytutpolski.pl\/bucuresti\/wp-content\/uploads\/sites\/11\/2024\/07\/Kinga-Glyk_CPeter-Honnemann_01160-scaled-e1694635769273-1024x684-1.jpg\",\"https:\/\/instytutpolski.pl\/bucuresti\/wp-content\/uploads\/sites\/11\/2024\/07\/Kinga-Glyk_CPeter-Honnemann_01160-scaled-e1694635769273-1024x684-1-300x200.jpg\",\"https:\/\/instytutpolski.pl\/bucuresti\/wp-content\/uploads\/sites\/11\/2024\/07\/Kinga-Glyk_CPeter-Honnemann_01160-scaled-e1694635769273-1024x684-1.jpg\",\"https:\/\/instytutpolski.pl\/bucuresti\/wp-content\/uploads\/sites\/11\/2024\/07\/Kinga-Glyk_CPeter-Honnemann_01160-scaled-e1694635769273-1024x684-1.jpg\"],\"thumbnailUrl\":\"https:\/\/instytutpolski.pl\/bucuresti\/wp-content\/uploads\/sites\/11\/2024\/07\/Kinga-Glyk_CPeter-Honnemann_01160-scaled-e1694635769273-1024x684-1.jpg\",\"datePublished\":\"2024-08-19T09:12:03+02:00\",\"dateModified\":\"2024-09-09T07:53:41+02:00\",\"author\":{\"@id\":\"https:\/\/instytutpolski.pl\/bucuresti\/#\/schema\/person\/36eba23bd65c4ed8774deeb285a19272\"},\"breadcrumb\":{\"@id\":\"https:\/\/instytutpolski.pl\/bucuresti\/pl\/2024\/08\/19\/polski-jazz-w-kluzu-napoce\/#breadcrumb\"},\"inLanguage\":\"pl-PL\",\"potentialAction\":[{\"@type\":\"ReadAction\",\"target\":[\"https:\/\/instytutpolski.pl\/bucuresti\/pl\/2024\/08\/19\/polski-jazz-w-kluzu-napoce\/\"]}],\"@context\":\"https:\/\/schema.org\",\"startDate\":\"2024-08-30\",\"endDate\":\"2024-08-30\",\"eventStatus\":\"EventScheduled\",\"eventAttendanceMode\":\"OfflineEventAttendanceMode\",\"location\":{\"@type\":\"place\",\"name\":\"\",\"address\":\"\",\"geo\":{\"@type\":\"GeoCoordinates\",\"latitude\":\"\",\"longitude\":\"\"}},\"description\":\"Polska basistka\u00a0Kinga G\u0142yk\u00a0to jedna z najbardziej uznanych muzyczek jazzowych swojego pokolenia. Swoj\u0105 muzyczn\u0105 przygod\u0119 rozpocz\u0119\u0142a w wieku 12 lat, graj\u0105c z ojcem i bratem, co w du\u017cym stopniu wp\u0142yn\u0119\u0142o na jej decyzj\u0119 o pozostaniu w \u015bwiecie jazzu. W czerwcu 2016 roku Bass Player United opublikowa\u0142 na Facebooku film przedstawiaj\u0105cy King\u0119 wykonuj\u0105c\u0105 \u201eTears in Heaven\u201d Erica Claptona, kt\u00f3ry osi\u0105gn\u0105\u0142 20 milion\u00f3w wy\u015bwietle\u0144. Kinga wsp\u00f3\u0142pracowa\u0142a z takimi nazwiskami jak: Tim Garland, Nitai Hershkovits, Greg Hutchinson, Bernard Maseli, Ruth Waldron, Natalia Niemen, Apostolis Anthimos, Leszek Winder, Pawe\u0142 Tomaszewski, Grzegorz Kapo\u0142ka, Joachim Mencel, Arek Skolik, Mateusz Otremba, Marek Dykta i Piotr Wyle\u017co\u0142. W 2021 roku zosta\u0142a nominowana w kategorii \u201eString Instruments International\u201d przez Deutscher Jazz Press. Wyda\u0142a trzy albumy dla Warner Music: nominowany do nagrody ECHO JAZZ AWARD \u201eDream\u201d (2016) \u2013 z Gregiem Hutchinsonem (perkusja), Timem Garlandem (saksofon), Nitai Hershkovitsem (fortepian), \u201eFeelings\u201d (2019) i \u201eReal Life \u201d (2024, producent Michael League).\\nKoncert Kingi G\u0142yk odb\u0119dzie si\u0119 w pi\u0105tek, 30 sierpnia, na du\u017cej scenie w Narodowym Parku Etnograficznym im. Romulus Vuia w Klu\u017cu-Napoce.\\nBilety: www.iabilet.ro\\nhttps:\/\/www.youtube.com\/watch?v=7iicK3aD6Eg\"},{\"@type\":\"ImageObject\",\"inLanguage\":\"pl-PL\",\"@id\":\"https:\/\/instytutpolski.pl\/bucuresti\/pl\/2024\/08\/19\/polski-jazz-w-kluzu-napoce\/#primaryimage\",\"url\":\"https:\/\/instytutpolski.pl\/bucuresti\/wp-content\/uploads\/sites\/11\/2024\/07\/Kinga-Glyk_CPeter-Honnemann_01160-scaled-e1694635769273-1024x684-1.jpg\",\"contentUrl\":\"https:\/\/instytutpolski.pl\/bucuresti\/wp-content\/uploads\/sites\/11\/2024\/07\/Kinga-Glyk_CPeter-Honnemann_01160-scaled-e1694635769273-1024x684-1.jpg\",\"width\":1024,\"height\":684},{\"@type\":\"BreadcrumbList\",\"@id\":\"https:\/\/instytutpolski.pl\/bucuresti\/pl\/2024\/08\/19\/polski-jazz-w-kluzu-napoce\/#breadcrumb\",\"itemListElement\":[{\"@type\":\"ListItem\",\"position\":1,\"name\":\"Home\",\"item\":\"https:\/\/instytutpolski.pl\/bucuresti\/\"},{\"@type\":\"ListItem\",\"position\":2,\"name\":\"Polski jazz w Klu\u017cu-Napoce\"}]},{\"@type\":\"WebSite\",\"@id\":\"https:\/\/instytutpolski.pl\/bucuresti\/#website\",\"url\":\"https:\/\/instytutpolski.pl\/bucuresti\/\",\"name\":\"Instytut Polski w Bukareszcie\",\"description\":\"Instytuty Polskie\",\"potentialAction\":[{\"@type\":\"SearchAction\",\"target\":{\"@type\":\"EntryPoint\",\"urlTemplate\":\"https:\/\/instytutpolski.pl\/bucuresti\/?s={search_term_string}\"},\"query-input\":{\"@type\":\"PropertyValueSpecification\",\"valueRequired\":true,\"valueName\":\"search_term_string\"}}],\"inLanguage\":\"pl-PL\"},{\"@type\":\"Person\",\"@id\":\"https:\/\/instytutpolski.pl\/bucuresti\/#\/schema\/person\/36eba23bd65c4ed8774deeb285a19272\",\"name\":\"mirelal\",\"image\":{\"@type\":\"ImageObject\",\"inLanguage\":\"pl-PL\",\"@id\":\"https:\/\/instytutpolski.pl\/bucuresti\/#\/schema\/person\/image\/\",\"url\":\"https:\/\/secure.gravatar.com\/avatar\/5838c7614d071fe473f8aeb2de72beb4?s=96&d=mm&r=g\",\"contentUrl\":\"https:\/\/secure.gravatar.com\/avatar\/5838c7614d071fe473f8aeb2de72beb4?s=96&d=mm&r=g\",\"caption\":\"mirelal\"},\"url\":\"https:\/\/instytutpolski.pl\/bucuresti\/author\/mirelal\/\"}]}<\/script>\n<!-- \/ Yoast SEO plugin. -->","yoast_head_json":{"title":"Polski jazz w Klu\u017cu-Napoce - Instytut Polski w Bukareszcie","robots":{"index":"index","follow":"follow","max-snippet":"max-snippet:-1","max-image-preview":"max-image-preview:large","max-video-preview":"max-video-preview:-1"},"canonical":"https:\/\/instytutpolski.pl\/bucuresti\/pl\/2024\/08\/19\/polski-jazz-w-kluzu-napoce\/","og_locale":"pl_PL","og_type":"article","og_title":"Polski jazz w Klu\u017cu-Napoce - Instytut Polski w Bukareszcie","og_description":"Polska basistka\u00a0Kinga G\u0142yk\u00a0to jedna z najbardziej uznanych muzyczek jazzowych swojego pokolenia. Swoj\u0105 muzyczn\u0105 przygod\u0119 rozpocz\u0119\u0142a w wieku 12 lat, graj\u0105c z ojcem i bratem, co w du\u017cym stopniu wp\u0142yn\u0119\u0142o na jej decyzj\u0119 o pozostaniu w \u015bwiecie jazzu. W czerwcu 2016 roku Bass Player United opublikowa\u0142 na Facebooku film przedstawiaj\u0105cy King\u0119 wykonuj\u0105c\u0105 \u201eTears in Heaven\u201d Erica [&hellip;]","og_url":"https:\/\/instytutpolski.pl\/bucuresti\/pl\/2024\/08\/19\/polski-jazz-w-kluzu-napoce\/","og_site_name":"Instytut Polski w Bukareszcie","article_published_time":"2024-08-19T09:12:03+00:00","article_modified_time":"2024-09-09T07:53:41+00:00","og_image":[{"width":1024,"height":684,"url":"https:\/\/instytutpolski.pl\/bucuresti\/wp-content\/uploads\/sites\/11\/2024\/07\/Kinga-Glyk_CPeter-Honnemann_01160-scaled-e1694635769273-1024x684-1.jpg","type":"image\/jpeg"}],"author":"mirelal","twitter_card":"summary_large_image","twitter_misc":{"Napisane przez":"mirelal","Szacowany czas czytania":"2 minuty"},"schema":{"@context":"https:\/\/schema.org","@graph":[{"@type":"event","@id":"https:\/\/instytutpolski.pl\/bucuresti\/pl\/2024\/08\/19\/polski-jazz-w-kluzu-napoce\/","url":"https:\/\/instytutpolski.pl\/bucuresti\/pl\/2024\/08\/19\/polski-jazz-w-kluzu-napoce\/","name":"Polski jazz w Klu\u017cu-Napoce","isPartOf":{"@id":"https:\/\/instytutpolski.pl\/bucuresti\/#website"},"primaryImageOfPage":{"@id":"https:\/\/instytutpolski.pl\/bucuresti\/pl\/2024\/08\/19\/polski-jazz-w-kluzu-napoce\/#primaryimage"},"image":["https:\/\/instytutpolski.pl\/bucuresti\/wp-content\/uploads\/sites\/11\/2024\/07\/Kinga-Glyk_CPeter-Honnemann_01160-scaled-e1694635769273-1024x684-1.jpg","https:\/\/instytutpolski.pl\/bucuresti\/wp-content\/uploads\/sites\/11\/2024\/07\/Kinga-Glyk_CPeter-Honnemann_01160-scaled-e1694635769273-1024x684-1-300x200.jpg","https:\/\/instytutpolski.pl\/bucuresti\/wp-content\/uploads\/sites\/11\/2024\/07\/Kinga-Glyk_CPeter-Honnemann_01160-scaled-e1694635769273-1024x684-1.jpg","https:\/\/instytutpolski.pl\/bucuresti\/wp-content\/uploads\/sites\/11\/2024\/07\/Kinga-Glyk_CPeter-Honnemann_01160-scaled-e1694635769273-1024x684-1.jpg"],"thumbnailUrl":"https:\/\/instytutpolski.pl\/bucuresti\/wp-content\/uploads\/sites\/11\/2024\/07\/Kinga-Glyk_CPeter-Honnemann_01160-scaled-e1694635769273-1024x684-1.jpg","datePublished":"2024-08-19T09:12:03+02:00","dateModified":"2024-09-09T07:53:41+02:00","author":{"@id":"https:\/\/instytutpolski.pl\/bucuresti\/#\/schema\/person\/36eba23bd65c4ed8774deeb285a19272"},"breadcrumb":{"@id":"https:\/\/instytutpolski.pl\/bucuresti\/pl\/2024\/08\/19\/polski-jazz-w-kluzu-napoce\/#breadcrumb"},"inLanguage":"pl-PL","potentialAction":[{"@type":"ReadAction","target":["https:\/\/instytutpolski.pl\/bucuresti\/pl\/2024\/08\/19\/polski-jazz-w-kluzu-napoce\/"]}],"@context":"https:\/\/schema.org","startDate":"2024-08-30","endDate":"2024-08-30","eventStatus":"EventScheduled","eventAttendanceMode":"OfflineEventAttendanceMode","location":{"@type":"place","name":"","address":"","geo":{"@type":"GeoCoordinates","latitude":"","longitude":""}},"description":"Polska basistka\u00a0Kinga G\u0142yk\u00a0to jedna z najbardziej uznanych muzyczek jazzowych swojego pokolenia. Swoj\u0105 muzyczn\u0105 przygod\u0119 rozpocz\u0119\u0142a w wieku 12 lat, graj\u0105c z ojcem i bratem, co w du\u017cym stopniu wp\u0142yn\u0119\u0142o na jej decyzj\u0119 o pozostaniu w \u015bwiecie jazzu. W czerwcu 2016 roku Bass Player United opublikowa\u0142 na Facebooku film przedstawiaj\u0105cy King\u0119 wykonuj\u0105c\u0105 \u201eTears in Heaven\u201d Erica Claptona, kt\u00f3ry osi\u0105gn\u0105\u0142 20 milion\u00f3w wy\u015bwietle\u0144. Kinga wsp\u00f3\u0142pracowa\u0142a z takimi nazwiskami jak: Tim Garland, Nitai Hershkovits, Greg Hutchinson, Bernard Maseli, Ruth Waldron, Natalia Niemen, Apostolis Anthimos, Leszek Winder, Pawe\u0142 Tomaszewski, Grzegorz Kapo\u0142ka, Joachim Mencel, Arek Skolik, Mateusz Otremba, Marek Dykta i Piotr Wyle\u017co\u0142. W 2021 roku zosta\u0142a nominowana w kategorii \u201eString Instruments International\u201d przez Deutscher Jazz Press. Wyda\u0142a trzy albumy dla Warner Music: nominowany do nagrody ECHO JAZZ AWARD \u201eDream\u201d (2016) \u2013 z Gregiem Hutchinsonem (perkusja), Timem Garlandem (saksofon), Nitai Hershkovitsem (fortepian), \u201eFeelings\u201d (2019) i \u201eReal Life \u201d (2024, producent Michael League).\nKoncert Kingi G\u0142yk odb\u0119dzie si\u0119 w pi\u0105tek, 30 sierpnia, na du\u017cej scenie w Narodowym Parku Etnograficznym im. Romulus Vuia w Klu\u017cu-Napoce.\nBilety: www.iabilet.ro\nhttps:\/\/www.youtube.com\/watch?v=7iicK3aD6Eg"},{"@type":"ImageObject","inLanguage":"pl-PL","@id":"https:\/\/instytutpolski.pl\/bucuresti\/pl\/2024\/08\/19\/polski-jazz-w-kluzu-napoce\/#primaryimage","url":"https:\/\/instytutpolski.pl\/bucuresti\/wp-content\/uploads\/sites\/11\/2024\/07\/Kinga-Glyk_CPeter-Honnemann_01160-scaled-e1694635769273-1024x684-1.jpg","contentUrl":"https:\/\/instytutpolski.pl\/bucuresti\/wp-content\/uploads\/sites\/11\/2024\/07\/Kinga-Glyk_CPeter-Honnemann_01160-scaled-e1694635769273-1024x684-1.jpg","width":1024,"height":684},{"@type":"BreadcrumbList","@id":"https:\/\/instytutpolski.pl\/bucuresti\/pl\/2024\/08\/19\/polski-jazz-w-kluzu-napoce\/#breadcrumb","itemListElement":[{"@type":"ListItem","position":1,"name":"Home","item":"https:\/\/instytutpolski.pl\/bucuresti\/"},{"@type":"ListItem","position":2,"name":"Polski jazz w Klu\u017cu-Napoce"}]},{"@type":"WebSite","@id":"https:\/\/instytutpolski.pl\/bucuresti\/#website","url":"https:\/\/instytutpolski.pl\/bucuresti\/","name":"Instytut Polski w Bukareszcie","description":"Instytuty Polskie","potentialAction":[{"@type":"SearchAction","target":{"@type":"EntryPoint","urlTemplate":"https:\/\/instytutpolski.pl\/bucuresti\/?s={search_term_string}"},"query-input":{"@type":"PropertyValueSpecification","valueRequired":true,"valueName":"search_term_string"}}],"inLanguage":"pl-PL"},{"@type":"Person","@id":"https:\/\/instytutpolski.pl\/bucuresti\/#\/schema\/person\/36eba23bd65c4ed8774deeb285a19272","name":"mirelal","image":{"@type":"ImageObject","inLanguage":"pl-PL","@id":"https:\/\/instytutpolski.pl\/bucuresti\/#\/schema\/person\/image\/","url":"https:\/\/secure.gravatar.com\/avatar\/5838c7614d071fe473f8aeb2de72beb4?s=96&d=mm&r=g","contentUrl":"https:\/\/secure.gravatar.com\/avatar\/5838c7614d071fe473f8aeb2de72beb4?s=96&d=mm&r=g","caption":"mirelal"},"url":"https:\/\/instytutpolski.pl\/bucuresti\/author\/mirelal\/"}]}},"_links":{"self":[{"href":"https:\/\/instytutpolski.pl\/bucuresti\/wp-json\/wp\/v2\/posts\/12435","targetHints":{"allow":["GET"]}}],"collection":[{"href":"https:\/\/instytutpolski.pl\/bucuresti\/wp-json\/wp\/v2\/posts"}],"about":[{"href":"https:\/\/instytutpolski.pl\/bucuresti\/wp-json\/wp\/v2\/types\/post"}],"author":[{"embeddable":true,"href":"https:\/\/instytutpolski.pl\/bucuresti\/wp-json\/wp\/v2\/users\/41"}],"replies":[{"embeddable":true,"href":"https:\/\/instytutpolski.pl\/bucuresti\/wp-json\/wp\/v2\/comments?post=12435"}],"version-history":[{"count":5,"href":"https:\/\/instytutpolski.pl\/bucuresti\/wp-json\/wp\/v2\/posts\/12435\/revisions"}],"predecessor-version":[{"id":12554,"href":"https:\/\/instytutpolski.pl\/bucuresti\/wp-json\/wp\/v2\/posts\/12435\/revisions\/12554"}],"wp:featuredmedia":[{"embeddable":true,"href":"https:\/\/instytutpolski.pl\/bucuresti\/wp-json\/wp\/v2\/media\/12286"}],"wp:attachment":[{"href":"https:\/\/instytutpolski.pl\/bucuresti\/wp-json\/wp\/v2\/media?parent=12435"}],"wp:term":[{"taxonomy":"category","embeddable":true,"href":"https:\/\/instytutpolski.pl\/bucuresti\/wp-json\/wp\/v2\/categories?post=12435"},{"taxonomy":"post_tag","embeddable":true,"href":"https:\/\/instytutpolski.pl\/bucuresti\/wp-json\/wp\/v2\/tags?post=12435"}],"curies":[{"name":"wp","href":"https:\/\/api.w.org\/{rel}","templated":true}]}}