{"id":12958,"date":"2024-11-21T13:20:17","date_gmt":"2024-11-21T12:20:17","guid":{"rendered":"https:\/\/instytutpolski.pl\/bucuresti\/?p=12958"},"modified":"2025-01-08T09:09:32","modified_gmt":"2025-01-08T08:09:32","slug":"expozitia-hocus-pocus-la-bucharest-graphic-days","status":"publish","type":"post","link":"https:\/\/instytutpolski.pl\/bucuresti\/2024\/11\/21\/expozitia-hocus-pocus-la-bucharest-graphic-days\/","title":{"rendered":"Expozi\u021bia &#8222;Hocus Pocus&#8221; la Bucharest Graphic Days"},"content":{"rendered":"\n<div class=\"x11i5rnm xat24cr x1mh8g0r x1vvkbs xtlvy1s\">\u00a0<\/div>\n<div><span class=\"s1\" style=\"font-size: revert;color: initial\">&#8222;Hocus pocus&#8221; este o expozi\u021bie de postere realizate de doi arti\u0219ti \u2013 Agata Kulczyk \u0219i Marcin Markowski, profesori la Facultatea de Grafic\u0103 \u0219i Comunicare Vizual\u0103 a Universit\u0103\u021bii de Arte Magdalena Abakanowicz din Pozna\u0144. Expozi\u021bia de postere culturale \u0219i sociale este o c\u0103l\u0103torie prin diverse forme de exprimare grafic\u0103. Lucr\u0103rile prezentate ilustreaz\u0103 varietatea de stiluri \u0219i abord\u0103ri \u00een designul de postere, care reflect\u0103 bog\u0103\u021bia problemelor sociale \u0219i evenimentelor culturale (de la spectacole de teatru, la festivaluri \u0219i p\u00e2n\u0103 la promovarea expozi\u021biilor unor arti\u0219ti diver\u0219i), majoritatea dintre ele form\u00e2nd baza unei identific\u0103ri vizuale mai ample a evenimentului. Fiecare artist folose\u0219te un limbaj de exprimare diferit, iar confruntarea acestor dou\u0103 spa\u021bii creeaz\u0103 un dialog intrigant despre rolul posterului \u00een comunicarea social\u0103. Totu\u0219i, ceea ce au \u00een comun ambele abord\u0103ri este accentul pus pe o idee \u00eencapsulat\u0103 \u00eentr-o form\u0103 dinamic\u0103, plin\u0103 de culori expresive. Expozi\u021bia poate include, de asemenea <\/span><span class=\"s1\" style=\"font-size: revert;color: initial\">lucr\u0103ri comune ale acestor doi arti\u0219ti.<\/span><\/div>\n<div>\u00a0<\/div>\n<div class=\"x11i5rnm xat24cr x1mh8g0r x1vvkbs xtlvy1s\">\u2022 Agata Kulczyk, doctor \u00een arte, a absolvit Designul Grafic la Academia de Arte Frumoase din Pozna\u0144. Lector la Departamentul de Design Informa\u021bional al Facult\u0103\u021bii de Grafic\u0103 \u0219i Comunicare Vizual\u0103 din cadrul Universit\u0103\u021bii de Arte \u201eMagdalena Abakanowicz\u201d din Pozna\u0144. Se ocup\u0103 cu designul grafic, pun\u00e2nd accent deosebit pe grafica explicativ\u0103. Cea mai mare satisfac\u021bie a ei este atunci c\u00e2nd lucreaz\u0103 la proiecte cu implicare social\u0103.<\/div>\n<div class=\"x11i5rnm xat24cr x1mh8g0r x1vvkbs xtlvy1s\">\u2022 Marcin Markowski, doctor \u00een arte. Directorul Departamentului de Afi\u0219 al Facult\u0103\u021bii de Grafic\u0103 \u0219i Comunicare Vizual\u0103 din cadrul Universit\u0103\u021bii de Arte \u201eMagdalena Abakanowicz\u201d din Pozna\u0144. Creator de afi\u0219e, publica\u021bii \u0219i identit\u0103\u021bi vizuale. A c\u00e2\u0219tigat numeroase premii de prestigiu \u00een domeniul designului grafic.<\/div>\n<div>\u00a0<\/div>\n<div>Locul expunerii\u00a0Sala Rotonda, Teatrul Na\u021bional Bucure\u0219ti \u2013\u00a0Bd. Nicolae B\u0103lcescu nr. 2, Bucure\u0219ti, Romania<br \/>Orele de vizitare\u00a012.00 \u2013 18.00, Luni \u00eenchis<\/div>\n<div>\u00a0<\/div>\n<div>Expozi\u021bia poate fi vizitat\u0103 p\u00e2n\u0103 pe 15 decembrie 2024.<\/div>\n","protected":false},"excerpt":{"rendered":"<p>\u00a0 &#8222;Hocus pocus&#8221; este o expozi\u021bie de postere realizate de doi arti\u0219ti \u2013 Agata Kulczyk \u0219i Marcin Markowski, profesori la Facultatea de Grafic\u0103 \u0219i Comunicare Vizual\u0103 a Universit\u0103\u021bii de Arte Magdalena Abakanowicz din Pozna\u0144. Expozi\u021bia de postere culturale \u0219i sociale este o c\u0103l\u0103torie prin diverse forme de exprimare grafic\u0103. Lucr\u0103rile prezentate ilustreaz\u0103 varietatea de stiluri [&hellip;]<\/p>\n","protected":false},"author":43,"featured_media":12962,"comment_status":"open","ping_status":"open","sticky":false,"template":"","format":"standard","meta":{"inline_featured_image":false,"_monsterinsights_skip_tracking":false,"_monsterinsights_sitenote_active":false,"_monsterinsights_sitenote_note":"","_monsterinsights_sitenote_category":0,"footnotes":""},"categories":[16,94],"tags":[],"class_list":["post-12958","post","type-post","status-publish","format-standard","has-post-thumbnail","hentry","category-arte-vizuale","category-evenimente"],"yoast_head":"<!-- This site is optimized with the Yoast SEO plugin v24.6 - https:\/\/yoast.com\/wordpress\/plugins\/seo\/ -->\n<title>Expozi\u021bia &quot;Hocus Pocus&quot; la Bucharest Graphic Days - Instytut Polski w Bukareszcie<\/title>\n<meta name=\"robots\" content=\"index, follow, max-snippet:-1, max-image-preview:large, max-video-preview:-1\" \/>\n<link rel=\"canonical\" href=\"https:\/\/instytutpolski.pl\/bucuresti\/2024\/11\/21\/expozitia-hocus-pocus-la-bucharest-graphic-days\/\" \/>\n<meta property=\"og:locale\" content=\"pl_PL\" \/>\n<meta property=\"og:type\" content=\"article\" \/>\n<meta property=\"og:title\" content=\"Expozi\u021bia &quot;Hocus Pocus&quot; la Bucharest Graphic Days - Instytut Polski w Bukareszcie\" \/>\n<meta property=\"og:description\" content=\"\u00a0 &#8222;Hocus pocus&#8221; este o expozi\u021bie de postere realizate de doi arti\u0219ti \u2013 Agata Kulczyk \u0219i Marcin Markowski, profesori la Facultatea de Grafic\u0103 \u0219i Comunicare Vizual\u0103 a Universit\u0103\u021bii de Arte Magdalena Abakanowicz din Pozna\u0144. Expozi\u021bia de postere culturale \u0219i sociale este o c\u0103l\u0103torie prin diverse forme de exprimare grafic\u0103. Lucr\u0103rile prezentate ilustreaz\u0103 varietatea de stiluri [&hellip;]\" \/>\n<meta property=\"og:url\" content=\"https:\/\/instytutpolski.pl\/bucuresti\/2024\/11\/21\/expozitia-hocus-pocus-la-bucharest-graphic-days\/\" \/>\n<meta property=\"og:site_name\" content=\"Instytut Polski w Bukareszcie\" \/>\n<meta property=\"article:published_time\" content=\"2024-11-21T12:20:17+00:00\" \/>\n<meta property=\"article:modified_time\" content=\"2025-01-08T08:09:32+00:00\" \/>\n<meta property=\"og:image\" content=\"https:\/\/instytutpolski.pl\/bucuresti\/wp-content\/uploads\/sites\/11\/2024\/11\/HP_03.png\" \/>\n\t<meta property=\"og:image:width\" content=\"5001\" \/>\n\t<meta property=\"og:image:height\" content=\"2618\" \/>\n\t<meta property=\"og:image:type\" content=\"image\/png\" \/>\n<meta name=\"author\" content=\"nicolaua\" \/>\n<meta name=\"twitter:card\" content=\"summary_large_image\" \/>\n<meta name=\"twitter:label1\" content=\"Napisane przez\" \/>\n\t<meta name=\"twitter:data1\" content=\"nicolaua\" \/>\n\t<meta name=\"twitter:label2\" content=\"Szacowany czas czytania\" \/>\n\t<meta name=\"twitter:data2\" content=\"2 minuty\" \/>\n<script type=\"application\/ld+json\" class=\"yoast-schema-graph\">{\"@context\":\"https:\/\/schema.org\",\"@graph\":[{\"@type\":\"event\",\"@id\":\"https:\/\/instytutpolski.pl\/bucuresti\/2024\/11\/21\/expozitia-hocus-pocus-la-bucharest-graphic-days\/\",\"url\":\"https:\/\/instytutpolski.pl\/bucuresti\/2024\/11\/21\/expozitia-hocus-pocus-la-bucharest-graphic-days\/\",\"name\":\"Expozi\u021bia \\\"Hocus Pocus\\\" la Bucharest Graphic Days\",\"isPartOf\":{\"@id\":\"https:\/\/instytutpolski.pl\/bucuresti\/#website\"},\"primaryImageOfPage\":{\"@id\":\"https:\/\/instytutpolski.pl\/bucuresti\/2024\/11\/21\/expozitia-hocus-pocus-la-bucharest-graphic-days\/#primaryimage\"},\"image\":[\"https:\/\/instytutpolski.pl\/bucuresti\/wp-content\/uploads\/sites\/11\/2024\/11\/HP_03.png\",\"https:\/\/instytutpolski.pl\/bucuresti\/wp-content\/uploads\/sites\/11\/2024\/11\/HP_03-300x157.png\",\"https:\/\/instytutpolski.pl\/bucuresti\/wp-content\/uploads\/sites\/11\/2024\/11\/HP_03-1024x536.png\",\"https:\/\/instytutpolski.pl\/bucuresti\/wp-content\/uploads\/sites\/11\/2024\/11\/HP_03.png\"],\"thumbnailUrl\":\"https:\/\/instytutpolski.pl\/bucuresti\/wp-content\/uploads\/sites\/11\/2024\/11\/HP_03.png\",\"datePublished\":\"2024-11-21T12:20:17+02:00\",\"dateModified\":\"2025-01-08T08:09:32+02:00\",\"author\":{\"@id\":\"https:\/\/instytutpolski.pl\/bucuresti\/#\/schema\/person\/a1d5ab39dce466455f60589721519864\"},\"breadcrumb\":{\"@id\":\"https:\/\/instytutpolski.pl\/bucuresti\/2024\/11\/21\/expozitia-hocus-pocus-la-bucharest-graphic-days\/#breadcrumb\"},\"inLanguage\":\"pl-PL\",\"potentialAction\":[{\"@type\":\"ReadAction\",\"target\":[\"https:\/\/instytutpolski.pl\/bucuresti\/2024\/11\/21\/expozitia-hocus-pocus-la-bucharest-graphic-days\/\"]}],\"@context\":\"https:\/\/schema.org\",\"startDate\":\"2024-11-24\",\"endDate\":\"2024-12-15\",\"eventStatus\":\"EventScheduled\",\"eventAttendanceMode\":\"OfflineEventAttendanceMode\",\"location\":{\"@type\":\"place\",\"name\":\"\",\"address\":\"\",\"geo\":{\"@type\":\"GeoCoordinates\",\"latitude\":\"\",\"longitude\":\"\"}},\"description\":\"\u00a0\\n\\\"Hocus pocus\\\" este o expozi\u021bie de postere realizate de doi arti\u0219ti \u2013 Agata Kulczyk \u0219i Marcin Markowski, profesori la Facultatea de Grafic\u0103 \u0219i Comunicare Vizual\u0103 a Universit\u0103\u021bii de Arte Magdalena Abakanowicz din Pozna\u0144. Expozi\u021bia de postere culturale \u0219i sociale este o c\u0103l\u0103torie prin diverse forme de exprimare grafic\u0103. Lucr\u0103rile prezentate ilustreaz\u0103 varietatea de stiluri \u0219i abord\u0103ri \u00een designul de postere, care reflect\u0103 bog\u0103\u021bia problemelor sociale \u0219i evenimentelor culturale (de la spectacole de teatru, la festivaluri \u0219i p\u00e2n\u0103 la promovarea expozi\u021biilor unor arti\u0219ti diver\u0219i), majoritatea dintre ele form\u00e2nd baza unei identific\u0103ri vizuale mai ample a evenimentului. Fiecare artist folose\u0219te un limbaj de exprimare diferit, iar confruntarea acestor dou\u0103 spa\u021bii creeaz\u0103 un dialog intrigant despre rolul posterului \u00een comunicarea social\u0103. Totu\u0219i, ceea ce au \u00een comun ambele abord\u0103ri este accentul pus pe o idee \u00eencapsulat\u0103 \u00eentr-o form\u0103 dinamic\u0103, plin\u0103 de culori expresive. Expozi\u021bia poate include, de asemenea lucr\u0103ri comune ale acestor doi arti\u0219ti.\\n\u00a0\\n\u2022 Agata Kulczyk, doctor \u00een arte, a absolvit Designul Grafic la Academia de Arte Frumoase din Pozna\u0144. Lector la Departamentul de Design Informa\u021bional al Facult\u0103\u021bii de Grafic\u0103 \u0219i Comunicare Vizual\u0103 din cadrul Universit\u0103\u021bii de Arte \u201eMagdalena Abakanowicz\u201d din Pozna\u0144. Se ocup\u0103 cu designul grafic, pun\u00e2nd accent deosebit pe grafica explicativ\u0103. Cea mai mare satisfac\u021bie a ei este atunci c\u00e2nd lucreaz\u0103 la proiecte cu implicare social\u0103.\\n\u2022 Marcin Markowski, doctor \u00een arte. Directorul Departamentului de Afi\u0219 al Facult\u0103\u021bii de Grafic\u0103 \u0219i Comunicare Vizual\u0103 din cadrul Universit\u0103\u021bii de Arte \u201eMagdalena Abakanowicz\u201d din Pozna\u0144. Creator de afi\u0219e, publica\u021bii \u0219i identit\u0103\u021bi vizuale. A c\u00e2\u0219tigat numeroase premii de prestigiu \u00een domeniul designului grafic.\\n\u00a0\\nLocul expunerii\u00a0Sala Rotonda, Teatrul Na\u021bional Bucure\u0219ti \u2013\u00a0Bd. Nicolae B\u0103lcescu nr. 2, Bucure\u0219ti, RomaniaOrele de vizitare\u00a012.00 \u2013 18.00, Luni \u00eenchis\\n\u00a0\\nExpozi\u021bia poate fi vizitat\u0103 p\u00e2n\u0103 pe 15 decembrie 2024.\"},{\"@type\":\"ImageObject\",\"inLanguage\":\"pl-PL\",\"@id\":\"https:\/\/instytutpolski.pl\/bucuresti\/2024\/11\/21\/expozitia-hocus-pocus-la-bucharest-graphic-days\/#primaryimage\",\"url\":\"https:\/\/instytutpolski.pl\/bucuresti\/wp-content\/uploads\/sites\/11\/2024\/11\/HP_03.png\",\"contentUrl\":\"https:\/\/instytutpolski.pl\/bucuresti\/wp-content\/uploads\/sites\/11\/2024\/11\/HP_03.png\",\"width\":5001,\"height\":2618},{\"@type\":\"BreadcrumbList\",\"@id\":\"https:\/\/instytutpolski.pl\/bucuresti\/2024\/11\/21\/expozitia-hocus-pocus-la-bucharest-graphic-days\/#breadcrumb\",\"itemListElement\":[{\"@type\":\"ListItem\",\"position\":1,\"name\":\"Home\",\"item\":\"https:\/\/instytutpolski.pl\/bucuresti\/\"},{\"@type\":\"ListItem\",\"position\":2,\"name\":\"Expozi\u021bia &#8222;Hocus Pocus&#8221; la Bucharest Graphic Days\"}]},{\"@type\":\"WebSite\",\"@id\":\"https:\/\/instytutpolski.pl\/bucuresti\/#website\",\"url\":\"https:\/\/instytutpolski.pl\/bucuresti\/\",\"name\":\"Instytut Polski w Bukareszcie\",\"description\":\"Instytuty Polskie\",\"potentialAction\":[{\"@type\":\"SearchAction\",\"target\":{\"@type\":\"EntryPoint\",\"urlTemplate\":\"https:\/\/instytutpolski.pl\/bucuresti\/?s={search_term_string}\"},\"query-input\":{\"@type\":\"PropertyValueSpecification\",\"valueRequired\":true,\"valueName\":\"search_term_string\"}}],\"inLanguage\":\"pl-PL\"},{\"@type\":\"Person\",\"@id\":\"https:\/\/instytutpolski.pl\/bucuresti\/#\/schema\/person\/a1d5ab39dce466455f60589721519864\",\"name\":\"nicolaua\",\"image\":{\"@type\":\"ImageObject\",\"inLanguage\":\"pl-PL\",\"@id\":\"https:\/\/instytutpolski.pl\/bucuresti\/#\/schema\/person\/image\/\",\"url\":\"https:\/\/secure.gravatar.com\/avatar\/5029b942a8ac0a6a935e5655abff56ef?s=96&d=mm&r=g\",\"contentUrl\":\"https:\/\/secure.gravatar.com\/avatar\/5029b942a8ac0a6a935e5655abff56ef?s=96&d=mm&r=g\",\"caption\":\"nicolaua\"},\"url\":\"https:\/\/instytutpolski.pl\/bucuresti\/author\/nicolaua\/\"}]}<\/script>\n<!-- \/ Yoast SEO plugin. -->","yoast_head_json":{"title":"Expozi\u021bia \"Hocus Pocus\" la Bucharest Graphic Days - Instytut Polski w Bukareszcie","robots":{"index":"index","follow":"follow","max-snippet":"max-snippet:-1","max-image-preview":"max-image-preview:large","max-video-preview":"max-video-preview:-1"},"canonical":"https:\/\/instytutpolski.pl\/bucuresti\/2024\/11\/21\/expozitia-hocus-pocus-la-bucharest-graphic-days\/","og_locale":"pl_PL","og_type":"article","og_title":"Expozi\u021bia \"Hocus Pocus\" la Bucharest Graphic Days - Instytut Polski w Bukareszcie","og_description":"\u00a0 &#8222;Hocus pocus&#8221; este o expozi\u021bie de postere realizate de doi arti\u0219ti \u2013 Agata Kulczyk \u0219i Marcin Markowski, profesori la Facultatea de Grafic\u0103 \u0219i Comunicare Vizual\u0103 a Universit\u0103\u021bii de Arte Magdalena Abakanowicz din Pozna\u0144. Expozi\u021bia de postere culturale \u0219i sociale este o c\u0103l\u0103torie prin diverse forme de exprimare grafic\u0103. Lucr\u0103rile prezentate ilustreaz\u0103 varietatea de stiluri [&hellip;]","og_url":"https:\/\/instytutpolski.pl\/bucuresti\/2024\/11\/21\/expozitia-hocus-pocus-la-bucharest-graphic-days\/","og_site_name":"Instytut Polski w Bukareszcie","article_published_time":"2024-11-21T12:20:17+00:00","article_modified_time":"2025-01-08T08:09:32+00:00","og_image":[{"width":5001,"height":2618,"url":"https:\/\/instytutpolski.pl\/bucuresti\/wp-content\/uploads\/sites\/11\/2024\/11\/HP_03.png","type":"image\/png"}],"author":"nicolaua","twitter_card":"summary_large_image","twitter_misc":{"Napisane przez":"nicolaua","Szacowany czas czytania":"2 minuty"},"schema":{"@context":"https:\/\/schema.org","@graph":[{"@type":"event","@id":"https:\/\/instytutpolski.pl\/bucuresti\/2024\/11\/21\/expozitia-hocus-pocus-la-bucharest-graphic-days\/","url":"https:\/\/instytutpolski.pl\/bucuresti\/2024\/11\/21\/expozitia-hocus-pocus-la-bucharest-graphic-days\/","name":"Expozi\u021bia \"Hocus Pocus\" la Bucharest Graphic Days","isPartOf":{"@id":"https:\/\/instytutpolski.pl\/bucuresti\/#website"},"primaryImageOfPage":{"@id":"https:\/\/instytutpolski.pl\/bucuresti\/2024\/11\/21\/expozitia-hocus-pocus-la-bucharest-graphic-days\/#primaryimage"},"image":["https:\/\/instytutpolski.pl\/bucuresti\/wp-content\/uploads\/sites\/11\/2024\/11\/HP_03.png","https:\/\/instytutpolski.pl\/bucuresti\/wp-content\/uploads\/sites\/11\/2024\/11\/HP_03-300x157.png","https:\/\/instytutpolski.pl\/bucuresti\/wp-content\/uploads\/sites\/11\/2024\/11\/HP_03-1024x536.png","https:\/\/instytutpolski.pl\/bucuresti\/wp-content\/uploads\/sites\/11\/2024\/11\/HP_03.png"],"thumbnailUrl":"https:\/\/instytutpolski.pl\/bucuresti\/wp-content\/uploads\/sites\/11\/2024\/11\/HP_03.png","datePublished":"2024-11-21T12:20:17+02:00","dateModified":"2025-01-08T08:09:32+02:00","author":{"@id":"https:\/\/instytutpolski.pl\/bucuresti\/#\/schema\/person\/a1d5ab39dce466455f60589721519864"},"breadcrumb":{"@id":"https:\/\/instytutpolski.pl\/bucuresti\/2024\/11\/21\/expozitia-hocus-pocus-la-bucharest-graphic-days\/#breadcrumb"},"inLanguage":"pl-PL","potentialAction":[{"@type":"ReadAction","target":["https:\/\/instytutpolski.pl\/bucuresti\/2024\/11\/21\/expozitia-hocus-pocus-la-bucharest-graphic-days\/"]}],"@context":"https:\/\/schema.org","startDate":"2024-11-24","endDate":"2024-12-15","eventStatus":"EventScheduled","eventAttendanceMode":"OfflineEventAttendanceMode","location":{"@type":"place","name":"","address":"","geo":{"@type":"GeoCoordinates","latitude":"","longitude":""}},"description":"\u00a0\n\"Hocus pocus\" este o expozi\u021bie de postere realizate de doi arti\u0219ti \u2013 Agata Kulczyk \u0219i Marcin Markowski, profesori la Facultatea de Grafic\u0103 \u0219i Comunicare Vizual\u0103 a Universit\u0103\u021bii de Arte Magdalena Abakanowicz din Pozna\u0144. Expozi\u021bia de postere culturale \u0219i sociale este o c\u0103l\u0103torie prin diverse forme de exprimare grafic\u0103. Lucr\u0103rile prezentate ilustreaz\u0103 varietatea de stiluri \u0219i abord\u0103ri \u00een designul de postere, care reflect\u0103 bog\u0103\u021bia problemelor sociale \u0219i evenimentelor culturale (de la spectacole de teatru, la festivaluri \u0219i p\u00e2n\u0103 la promovarea expozi\u021biilor unor arti\u0219ti diver\u0219i), majoritatea dintre ele form\u00e2nd baza unei identific\u0103ri vizuale mai ample a evenimentului. Fiecare artist folose\u0219te un limbaj de exprimare diferit, iar confruntarea acestor dou\u0103 spa\u021bii creeaz\u0103 un dialog intrigant despre rolul posterului \u00een comunicarea social\u0103. Totu\u0219i, ceea ce au \u00een comun ambele abord\u0103ri este accentul pus pe o idee \u00eencapsulat\u0103 \u00eentr-o form\u0103 dinamic\u0103, plin\u0103 de culori expresive. Expozi\u021bia poate include, de asemenea lucr\u0103ri comune ale acestor doi arti\u0219ti.\n\u00a0\n\u2022 Agata Kulczyk, doctor \u00een arte, a absolvit Designul Grafic la Academia de Arte Frumoase din Pozna\u0144. Lector la Departamentul de Design Informa\u021bional al Facult\u0103\u021bii de Grafic\u0103 \u0219i Comunicare Vizual\u0103 din cadrul Universit\u0103\u021bii de Arte \u201eMagdalena Abakanowicz\u201d din Pozna\u0144. Se ocup\u0103 cu designul grafic, pun\u00e2nd accent deosebit pe grafica explicativ\u0103. Cea mai mare satisfac\u021bie a ei este atunci c\u00e2nd lucreaz\u0103 la proiecte cu implicare social\u0103.\n\u2022 Marcin Markowski, doctor \u00een arte. Directorul Departamentului de Afi\u0219 al Facult\u0103\u021bii de Grafic\u0103 \u0219i Comunicare Vizual\u0103 din cadrul Universit\u0103\u021bii de Arte \u201eMagdalena Abakanowicz\u201d din Pozna\u0144. Creator de afi\u0219e, publica\u021bii \u0219i identit\u0103\u021bi vizuale. A c\u00e2\u0219tigat numeroase premii de prestigiu \u00een domeniul designului grafic.\n\u00a0\nLocul expunerii\u00a0Sala Rotonda, Teatrul Na\u021bional Bucure\u0219ti \u2013\u00a0Bd. Nicolae B\u0103lcescu nr. 2, Bucure\u0219ti, RomaniaOrele de vizitare\u00a012.00 \u2013 18.00, Luni \u00eenchis\n\u00a0\nExpozi\u021bia poate fi vizitat\u0103 p\u00e2n\u0103 pe 15 decembrie 2024."},{"@type":"ImageObject","inLanguage":"pl-PL","@id":"https:\/\/instytutpolski.pl\/bucuresti\/2024\/11\/21\/expozitia-hocus-pocus-la-bucharest-graphic-days\/#primaryimage","url":"https:\/\/instytutpolski.pl\/bucuresti\/wp-content\/uploads\/sites\/11\/2024\/11\/HP_03.png","contentUrl":"https:\/\/instytutpolski.pl\/bucuresti\/wp-content\/uploads\/sites\/11\/2024\/11\/HP_03.png","width":5001,"height":2618},{"@type":"BreadcrumbList","@id":"https:\/\/instytutpolski.pl\/bucuresti\/2024\/11\/21\/expozitia-hocus-pocus-la-bucharest-graphic-days\/#breadcrumb","itemListElement":[{"@type":"ListItem","position":1,"name":"Home","item":"https:\/\/instytutpolski.pl\/bucuresti\/"},{"@type":"ListItem","position":2,"name":"Expozi\u021bia &#8222;Hocus Pocus&#8221; la Bucharest Graphic Days"}]},{"@type":"WebSite","@id":"https:\/\/instytutpolski.pl\/bucuresti\/#website","url":"https:\/\/instytutpolski.pl\/bucuresti\/","name":"Instytut Polski w Bukareszcie","description":"Instytuty Polskie","potentialAction":[{"@type":"SearchAction","target":{"@type":"EntryPoint","urlTemplate":"https:\/\/instytutpolski.pl\/bucuresti\/?s={search_term_string}"},"query-input":{"@type":"PropertyValueSpecification","valueRequired":true,"valueName":"search_term_string"}}],"inLanguage":"pl-PL"},{"@type":"Person","@id":"https:\/\/instytutpolski.pl\/bucuresti\/#\/schema\/person\/a1d5ab39dce466455f60589721519864","name":"nicolaua","image":{"@type":"ImageObject","inLanguage":"pl-PL","@id":"https:\/\/instytutpolski.pl\/bucuresti\/#\/schema\/person\/image\/","url":"https:\/\/secure.gravatar.com\/avatar\/5029b942a8ac0a6a935e5655abff56ef?s=96&d=mm&r=g","contentUrl":"https:\/\/secure.gravatar.com\/avatar\/5029b942a8ac0a6a935e5655abff56ef?s=96&d=mm&r=g","caption":"nicolaua"},"url":"https:\/\/instytutpolski.pl\/bucuresti\/author\/nicolaua\/"}]}},"_links":{"self":[{"href":"https:\/\/instytutpolski.pl\/bucuresti\/wp-json\/wp\/v2\/posts\/12958","targetHints":{"allow":["GET"]}}],"collection":[{"href":"https:\/\/instytutpolski.pl\/bucuresti\/wp-json\/wp\/v2\/posts"}],"about":[{"href":"https:\/\/instytutpolski.pl\/bucuresti\/wp-json\/wp\/v2\/types\/post"}],"author":[{"embeddable":true,"href":"https:\/\/instytutpolski.pl\/bucuresti\/wp-json\/wp\/v2\/users\/43"}],"replies":[{"embeddable":true,"href":"https:\/\/instytutpolski.pl\/bucuresti\/wp-json\/wp\/v2\/comments?post=12958"}],"version-history":[{"count":8,"href":"https:\/\/instytutpolski.pl\/bucuresti\/wp-json\/wp\/v2\/posts\/12958\/revisions"}],"predecessor-version":[{"id":13069,"href":"https:\/\/instytutpolski.pl\/bucuresti\/wp-json\/wp\/v2\/posts\/12958\/revisions\/13069"}],"wp:featuredmedia":[{"embeddable":true,"href":"https:\/\/instytutpolski.pl\/bucuresti\/wp-json\/wp\/v2\/media\/12962"}],"wp:attachment":[{"href":"https:\/\/instytutpolski.pl\/bucuresti\/wp-json\/wp\/v2\/media?parent=12958"}],"wp:term":[{"taxonomy":"category","embeddable":true,"href":"https:\/\/instytutpolski.pl\/bucuresti\/wp-json\/wp\/v2\/categories?post=12958"},{"taxonomy":"post_tag","embeddable":true,"href":"https:\/\/instytutpolski.pl\/bucuresti\/wp-json\/wp\/v2\/tags?post=12958"}],"curies":[{"name":"wp","href":"https:\/\/api.w.org\/{rel}","templated":true}]}}