{"id":12977,"date":"2024-11-21T13:53:34","date_gmt":"2024-11-21T12:53:34","guid":{"rendered":"https:\/\/instytutpolski.pl\/bucuresti\/?p=12977"},"modified":"2025-01-08T09:09:00","modified_gmt":"2025-01-08T08:09:00","slug":"ryszard-kaja-plakat-polska-w-muzeum-sztuki-w-kluzu-napoce","status":"publish","type":"post","link":"https:\/\/instytutpolski.pl\/bucuresti\/pl\/2024\/11\/21\/ryszard-kaja-plakat-polska-w-muzeum-sztuki-w-kluzu-napoce\/","title":{"rendered":"Ryszard Kaja &#8222;Plakat &#8211; Polska&#8221; w Muzeum Sztuki w Klu\u017cu-Napoce"},"content":{"rendered":"\n<p>W okresie od <strong>26 do 28 listopada 2024 roku<\/strong>, wystawa zostanie wzbogacona o warsztaty projektowania plakatu prowadzone przez dw\u00f3ch projektant\u00f3w i wyk\u0142adowc\u00f3w z Uniwersytetu Artystycznego im. Magdaleny Abakanowicz w Poznaniu. Wezm\u0105 w nich udzia\u0142 studenci i magistranci Uniwersytetu Sztuki i Designu (UAD) wybrani z kierunk\u00f3w takich jak \u201eGrafika\u201d, \u201eProjektowanie\u201d, \u201eKomiks i animacja\u201d. Plakaty stworzone podczas warsztat\u00f3w, skoncentrowane na przywo\u0142ywaniu i interpretacji narodowego dziedzictwa kulturowego Rumunii, zostan\u0105 zaprezentowane w ramach wystawy, kt\u00f3rej oficjalne otwarcie odb\u0119dzie si\u0119 w <strong>pi\u0105tek, 29 listopada 2024 roku o godzinie 17:00<\/strong>.<\/p>\n<p>Wernisa\u017c wydarzenia, organizowanego w ramach Sezonu Kulturalnego Polska-Rumunia 2024-2025 i po\u015bwi\u0119conego obchodom Narodowego Dnia Rumunii, u\u015bwietni obecno\u015b\u0107 polskich artyst\u00f3w grafik\u00f3w: <strong>Agaty Kulczyk<\/strong>, prodziekan Wydzia\u0142u Grafiki i Komunikacji Wizualnej Uniwersytetu Artystycznego im. Magdaleny Abakanowicz w Poznaniu, oraz <strong>Marcina Markowskiego<\/strong>, kierownika Pracowni Plakatu i Identyfikacji Wydarze\u0144 na tym samym wydziale.\u00a0<\/p>\n<p>\u201eKuchenna makatka pod tytu\u0142em POLSKA z wyhaftowanym tekstem \u201eNikt ci\u0119 tak nie kocha jak ja\u201d jest kluczem do zrozumienia idei ca\u0142ej serii plakat\u00f3w opisuj\u0105cych Polsk\u0119. Ojczyzna w plakatach serii Polska jest rodzaju \u017ce\u0144skiego (to zas\u0142uga naszego j\u0119zyka) i mo\u017cemy \u015bmia\u0142o u\u017cy\u0107 okre\u015blenia Matczyzna do opisania serii Plakat-Polska. Nie mamy tu sztandar\u00f3w, nie ma bitew, zwyci\u0119stw, martyrologii. Podr\u00f3\u017cujemy po Polsce tak jakby nie istnia\u0142 \u015bwiat inny z kt\u00f3rym musimy konkurowa\u0107 i si\u0119 z nim por\u00f3wnywa\u0107. Pi\u0119kno dostrzegamy czasami w rzeczach b\u0142ahych.<\/p>\n<p>W ramach sta\u0142ego uk\u0142adu graficznego, czyli powtarzalnej formy literniczej z tytu\u0142em plakatu i dodatkowym tekstem, najcz\u0119\u015bciej b\u0119d\u0105cym zapisem nazwy Polska w r\u00f3\u017cnych alfabetach, autor odtworzy\u0142 ca\u0142e spektrum stylistycznej historii plakatu polskiego.\u00a0 To jest jeden z wymiar\u00f3w podr\u00f3\u017cy w kt\u00f3r\u0105 Ryszard Kaja zabiera nas w serii Polska. Od pierwszego plakatu \u2013 Wroc\u0142aw , w kt\u00f3rym prostota art-deco po\u0142\u0105czona z przedstawieniem obiektu z okresu odpowiadaj\u0105cego samej stylistyce plakatu, mamy zapowied\u017a tej zmieniaj\u0105cej si\u0119 opowie\u015bci o plakacie.<\/p>\n<p>Ryszard Kaja zmienia nasze spostrzeganie miejsc, kt\u00f3re znamy.\u00a0 Polska Ryszarda Kai to istniej\u0105ce w powszechnej \u015bwiadomo\u015bci kulturowe, j\u0119zykowe elementy to\u017csamo\u015bci, kt\u00f3re nie trafia\u0142y wcze\u015bniej do plakatowej ikonografii.<\/p>\n<p>Odniesienia literackie, muzycznie, malarskie, religijne, folklorystyczne czy historyczne pojawiaj\u0105 si\u0119 obok temat\u00f3w architektonicznych czy przyrodniczo geograficznych.<\/p>\n<p>Plakat-Polska to 163 plakaty wydane drukiem za \u017cycia autora.\u00a0 Prace nad uko\u0144czeniem serii przerwa\u0142a przedwczesna \u015bmier\u0107 autora. Nie zmienia to faktu, \u017ce seria jest najwi\u0119kszym autorskim dzie\u0142em w historii Polskiego Plakatu i najpi\u0119kniejszym plakatowym opisem naszego kraju.\u201d<\/p>\n<p>Krzysztof\u00a0 Marcinkiewicz<\/p>\n<p>Wydawca serii Plakat-Polska<\/p>\n<p>\u00a0<\/p>\n<p>ARTYSTA RYSZARD KAJA (1962\u20132019)<\/p>\n<p><a href=\"http:\/\/www.ryszardkaja.pl\/\">www.ryszardkaja.pl<\/a>\u00a0,\u00a0<a href=\"https:\/\/www.facebook.com\/KajaRyszard\">https:\/\/www.facebook.com\/KajaRyszard<\/a><\/p>\n<p>Malarz, scenograf, grafik i plakacista. Kontynuator rodzinnych tradycji artystycznych, syn Zbigniewa i Stefanii. Na prze\u0142omie lat 80\/90 z wielkim sukcesem debiutowa\u0142 jako scenograf w najwa\u017cniejszych\u00a0 teatrach operowych i baletowych \u0141odzi i Poznania. Krytyka ju\u017c pierwsze spektakle Ryszarda Kai\u00a0 nagradza\u0142a z\u0142otymi maskami.\u00a0 W latach dziewi\u0119\u0107dziesi\u0105tych i pocz\u0105tkach dwutysi\u0119cznych nale\u017ca\u0142 do grona najwybitniejszych polskich scenograf\u00f3w. Na wszystkich najwa\u017cniejszych polskich scenach, pocz\u0105wszy od Teatru Wielkiego Opera Narodowa w Warszawie a tak\u017ce na wielu zagranicznych zrealizowa\u0142 oko\u0142o 200 niezapomnianych opraw scenograficznych. By\u0142 scenografem filmowym i znacz\u0105cych wystaw muzealnych. W apogeum sukces\u00f3w teatralnych przeni\u00f3s\u0142 swoje zainteresowania na plakat, kt\u00f3rym wcze\u015bniej zajmowa\u0142 si\u0119 sporadycznie. Swoim plakatem artystycznym (ponad 500 pozycji) szybko osi\u0105gn\u0105\u0142\u00a0 \u015bwiatowy rozg\u0142os. W minionej dekadzie jego plakatowa seria POLSKA\u00a0 uzyska\u0142a szerokie uznanie i niewiarygodn\u0105 popularno\u015b\u0107, i status kultowej a on sam wszed\u0142 do areopagu ikon polskiego plakatu. Prace wystawia\u0142 na dziesi\u0105tkach wystaw monograficznych i setkach zespo\u0142owych w kraju i za granic\u0105. Ostatnia wystawa plakat\u00f3w Ryszarda Kai z jesieni 2021 w Muzeum Narodowym w Warszawie pobi\u0142a wszelkie historyczne rekordy ogl\u0105dalno\u015bci w Muzeum Plakatu! Ca\u0142e \u017cycie artysta rysowa\u0142, malowa\u0142 i fotografowa\u0142. Prowadzi\u0142 dziennik malarski. Ten olbrzymi dorobek, ze wzgl\u0119du na przedwczesn\u0105 \u015bmier\u0107 w wi\u0119kszo\u015bci\u00a0 jeszcze czeka na udost\u0119pnienie.<\/p>\n<p>Leszek Jamrozik<\/p>\n","protected":false},"excerpt":{"rendered":"<p>W okresie od 26 do 28 listopada 2024 roku, wystawa zostanie wzbogacona o warsztaty projektowania plakatu prowadzone przez dw\u00f3ch projektant\u00f3w i wyk\u0142adowc\u00f3w z Uniwersytetu Artystycznego im. Magdaleny Abakanowicz w Poznaniu. Wezm\u0105 w nich udzia\u0142 studenci i magistranci Uniwersytetu Sztuki i Designu (UAD) wybrani z kierunk\u00f3w takich jak \u201eGrafika\u201d, \u201eProjektowanie\u201d, \u201eKomiks i animacja\u201d. Plakaty stworzone podczas [&hellip;]<\/p>\n","protected":false},"author":43,"featured_media":12974,"comment_status":"open","ping_status":"open","sticky":false,"template":"","format":"standard","meta":{"inline_featured_image":false,"_monsterinsights_skip_tracking":false,"_monsterinsights_sitenote_active":false,"_monsterinsights_sitenote_note":"","_monsterinsights_sitenote_category":0,"footnotes":""},"categories":[43,96],"tags":[],"class_list":["post-12977","post","type-post","status-publish","format-standard","has-post-thumbnail","hentry","category-sztuki-wizualne","category-wydarzenia"],"yoast_head":"<!-- This site is optimized with the Yoast SEO plugin v24.6 - https:\/\/yoast.com\/wordpress\/plugins\/seo\/ -->\n<title>Ryszard Kaja &quot;Plakat - Polska&quot; w Muzeum Sztuki w Klu\u017cu-Napoce - Instytut Polski w Bukareszcie<\/title>\n<meta name=\"robots\" content=\"index, follow, max-snippet:-1, max-image-preview:large, max-video-preview:-1\" \/>\n<link rel=\"canonical\" href=\"https:\/\/instytutpolski.pl\/bucuresti\/pl\/2024\/11\/21\/ryszard-kaja-plakat-polska-w-muzeum-sztuki-w-kluzu-napoce\/\" \/>\n<meta property=\"og:locale\" content=\"pl_PL\" \/>\n<meta property=\"og:type\" content=\"article\" \/>\n<meta property=\"og:title\" content=\"Ryszard Kaja &quot;Plakat - Polska&quot; w Muzeum Sztuki w Klu\u017cu-Napoce - Instytut Polski w Bukareszcie\" \/>\n<meta property=\"og:description\" content=\"W okresie od 26 do 28 listopada 2024 roku, wystawa zostanie wzbogacona o warsztaty projektowania plakatu prowadzone przez dw\u00f3ch projektant\u00f3w i wyk\u0142adowc\u00f3w z Uniwersytetu Artystycznego im. Magdaleny Abakanowicz w Poznaniu. Wezm\u0105 w nich udzia\u0142 studenci i magistranci Uniwersytetu Sztuki i Designu (UAD) wybrani z kierunk\u00f3w takich jak \u201eGrafika\u201d, \u201eProjektowanie\u201d, \u201eKomiks i animacja\u201d. Plakaty stworzone podczas [&hellip;]\" \/>\n<meta property=\"og:url\" content=\"https:\/\/instytutpolski.pl\/bucuresti\/pl\/2024\/11\/21\/ryszard-kaja-plakat-polska-w-muzeum-sztuki-w-kluzu-napoce\/\" \/>\n<meta property=\"og:site_name\" content=\"Instytut Polski w Bukareszcie\" \/>\n<meta property=\"article:published_time\" content=\"2024-11-21T12:53:34+00:00\" \/>\n<meta property=\"article:modified_time\" content=\"2025-01-08T08:09:00+00:00\" \/>\n<meta property=\"og:image\" content=\"https:\/\/instytutpolski.pl\/bucuresti\/wp-content\/uploads\/sites\/11\/2024\/11\/Kaja-Cluj-cover-FB-2.jpg\" \/>\n\t<meta property=\"og:image:width\" content=\"1640\" \/>\n\t<meta property=\"og:image:height\" content=\"924\" \/>\n\t<meta property=\"og:image:type\" content=\"image\/jpeg\" \/>\n<meta name=\"author\" content=\"nicolaua\" \/>\n<meta name=\"twitter:card\" content=\"summary_large_image\" \/>\n<meta name=\"twitter:label1\" content=\"Napisane przez\" \/>\n\t<meta name=\"twitter:data1\" content=\"nicolaua\" \/>\n\t<meta name=\"twitter:label2\" content=\"Szacowany czas czytania\" \/>\n\t<meta name=\"twitter:data2\" content=\"4 minuty\" \/>\n<script type=\"application\/ld+json\" class=\"yoast-schema-graph\">{\"@context\":\"https:\/\/schema.org\",\"@graph\":[{\"@type\":\"event\",\"@id\":\"https:\/\/instytutpolski.pl\/bucuresti\/pl\/2024\/11\/21\/ryszard-kaja-plakat-polska-w-muzeum-sztuki-w-kluzu-napoce\/\",\"url\":\"https:\/\/instytutpolski.pl\/bucuresti\/pl\/2024\/11\/21\/ryszard-kaja-plakat-polska-w-muzeum-sztuki-w-kluzu-napoce\/\",\"name\":\"Ryszard Kaja \\\"Plakat - Polska\\\" w Muzeum Sztuki w Klu\u017cu-Napoce\",\"isPartOf\":{\"@id\":\"https:\/\/instytutpolski.pl\/bucuresti\/#website\"},\"primaryImageOfPage\":{\"@id\":\"https:\/\/instytutpolski.pl\/bucuresti\/pl\/2024\/11\/21\/ryszard-kaja-plakat-polska-w-muzeum-sztuki-w-kluzu-napoce\/#primaryimage\"},\"image\":[\"https:\/\/instytutpolski.pl\/bucuresti\/wp-content\/uploads\/sites\/11\/2024\/11\/Kaja-Cluj-cover-FB-2.jpg\",\"https:\/\/instytutpolski.pl\/bucuresti\/wp-content\/uploads\/sites\/11\/2024\/11\/Kaja-Cluj-cover-FB-2-300x169.jpg\",\"https:\/\/instytutpolski.pl\/bucuresti\/wp-content\/uploads\/sites\/11\/2024\/11\/Kaja-Cluj-cover-FB-2-1024x577.jpg\",\"https:\/\/instytutpolski.pl\/bucuresti\/wp-content\/uploads\/sites\/11\/2024\/11\/Kaja-Cluj-cover-FB-2.jpg\"],\"thumbnailUrl\":\"https:\/\/instytutpolski.pl\/bucuresti\/wp-content\/uploads\/sites\/11\/2024\/11\/Kaja-Cluj-cover-FB-2.jpg\",\"datePublished\":\"2024-11-21T12:53:34+02:00\",\"dateModified\":\"2025-01-08T08:09:00+02:00\",\"author\":{\"@id\":\"https:\/\/instytutpolski.pl\/bucuresti\/#\/schema\/person\/a1d5ab39dce466455f60589721519864\"},\"breadcrumb\":{\"@id\":\"https:\/\/instytutpolski.pl\/bucuresti\/pl\/2024\/11\/21\/ryszard-kaja-plakat-polska-w-muzeum-sztuki-w-kluzu-napoce\/#breadcrumb\"},\"inLanguage\":\"pl-PL\",\"potentialAction\":[{\"@type\":\"ReadAction\",\"target\":[\"https:\/\/instytutpolski.pl\/bucuresti\/pl\/2024\/11\/21\/ryszard-kaja-plakat-polska-w-muzeum-sztuki-w-kluzu-napoce\/\"]}],\"@context\":\"https:\/\/schema.org\",\"startDate\":\"2024-11-27\",\"endDate\":\"2024-12-15\",\"eventStatus\":\"EventScheduled\",\"eventAttendanceMode\":\"OfflineEventAttendanceMode\",\"location\":{\"@type\":\"place\",\"name\":\"\",\"address\":\"\",\"geo\":{\"@type\":\"GeoCoordinates\",\"latitude\":\"\",\"longitude\":\"\"}},\"description\":\"W okresie od 26 do 28 listopada 2024 roku, wystawa zostanie wzbogacona o warsztaty projektowania plakatu prowadzone przez dw\u00f3ch projektant\u00f3w i wyk\u0142adowc\u00f3w z Uniwersytetu Artystycznego im. Magdaleny Abakanowicz w Poznaniu. Wezm\u0105 w nich udzia\u0142 studenci i magistranci Uniwersytetu Sztuki i Designu (UAD) wybrani z kierunk\u00f3w takich jak \u201eGrafika\u201d, \u201eProjektowanie\u201d, \u201eKomiks i animacja\u201d. Plakaty stworzone podczas warsztat\u00f3w, skoncentrowane na przywo\u0142ywaniu i interpretacji narodowego dziedzictwa kulturowego Rumunii, zostan\u0105 zaprezentowane w ramach wystawy, kt\u00f3rej oficjalne otwarcie odb\u0119dzie si\u0119 w pi\u0105tek, 29 listopada 2024 roku o godzinie 17:00.\\nWernisa\u017c wydarzenia, organizowanego w ramach Sezonu Kulturalnego Polska-Rumunia 2024-2025 i po\u015bwi\u0119conego obchodom Narodowego Dnia Rumunii, u\u015bwietni obecno\u015b\u0107 polskich artyst\u00f3w grafik\u00f3w: Agaty Kulczyk, prodziekan Wydzia\u0142u Grafiki i Komunikacji Wizualnej Uniwersytetu Artystycznego im. Magdaleny Abakanowicz w Poznaniu, oraz Marcina Markowskiego, kierownika Pracowni Plakatu i Identyfikacji Wydarze\u0144 na tym samym wydziale.\u00a0\\n\u201eKuchenna makatka pod tytu\u0142em POLSKA z wyhaftowanym tekstem \u201eNikt ci\u0119 tak nie kocha jak ja\u201d jest kluczem do zrozumienia idei ca\u0142ej serii plakat\u00f3w opisuj\u0105cych Polsk\u0119. Ojczyzna w plakatach serii Polska jest rodzaju \u017ce\u0144skiego (to zas\u0142uga naszego j\u0119zyka) i mo\u017cemy \u015bmia\u0142o u\u017cy\u0107 okre\u015blenia Matczyzna do opisania serii Plakat-Polska. Nie mamy tu sztandar\u00f3w, nie ma bitew, zwyci\u0119stw, martyrologii. Podr\u00f3\u017cujemy po Polsce tak jakby nie istnia\u0142 \u015bwiat inny z kt\u00f3rym musimy konkurowa\u0107 i si\u0119 z nim por\u00f3wnywa\u0107. Pi\u0119kno dostrzegamy czasami w rzeczach b\u0142ahych.\\nW ramach sta\u0142ego uk\u0142adu graficznego, czyli powtarzalnej formy literniczej z tytu\u0142em plakatu i dodatkowym tekstem, najcz\u0119\u015bciej b\u0119d\u0105cym zapisem nazwy Polska w r\u00f3\u017cnych alfabetach, autor odtworzy\u0142 ca\u0142e spektrum stylistycznej historii plakatu polskiego.\u00a0 To jest jeden z wymiar\u00f3w podr\u00f3\u017cy w kt\u00f3r\u0105 Ryszard Kaja zabiera nas w serii Polska. Od pierwszego plakatu \u2013 Wroc\u0142aw , w kt\u00f3rym prostota art-deco po\u0142\u0105czona z przedstawieniem obiektu z okresu odpowiadaj\u0105cego samej stylistyce plakatu, mamy zapowied\u017a tej zmieniaj\u0105cej si\u0119 opowie\u015bci o plakacie.\\nRyszard Kaja zmienia nasze spostrzeganie miejsc, kt\u00f3re znamy.\u00a0 Polska Ryszarda Kai to istniej\u0105ce w powszechnej \u015bwiadomo\u015bci kulturowe, j\u0119zykowe elementy to\u017csamo\u015bci, kt\u00f3re nie trafia\u0142y wcze\u015bniej do plakatowej ikonografii.\\nOdniesienia literackie, muzycznie, malarskie, religijne, folklorystyczne czy historyczne pojawiaj\u0105 si\u0119 obok temat\u00f3w architektonicznych czy przyrodniczo geograficznych.\\nPlakat-Polska to 163 plakaty wydane drukiem za \u017cycia autora.\u00a0 Prace nad uko\u0144czeniem serii przerwa\u0142a przedwczesna \u015bmier\u0107 autora. Nie zmienia to faktu, \u017ce seria jest najwi\u0119kszym autorskim dzie\u0142em w historii Polskiego Plakatu i najpi\u0119kniejszym plakatowym opisem naszego kraju.\u201d\\nKrzysztof\u00a0 Marcinkiewicz\\nWydawca serii Plakat-Polska\\n\u00a0\\nARTYSTA RYSZARD KAJA (1962\u20132019)\\nwww.ryszardkaja.pl\u00a0,\u00a0https:\/\/www.facebook.com\/KajaRyszard\\nMalarz, scenograf, grafik i plakacista. Kontynuator rodzinnych tradycji artystycznych, syn Zbigniewa i Stefanii. Na prze\u0142omie lat 80\/90 z wielkim sukcesem debiutowa\u0142 jako scenograf w najwa\u017cniejszych\u00a0 teatrach operowych i baletowych \u0141odzi i Poznania. Krytyka ju\u017c pierwsze spektakle Ryszarda Kai\u00a0 nagradza\u0142a z\u0142otymi maskami.\u00a0 W latach dziewi\u0119\u0107dziesi\u0105tych i pocz\u0105tkach dwutysi\u0119cznych nale\u017ca\u0142 do grona najwybitniejszych polskich scenograf\u00f3w. Na wszystkich najwa\u017cniejszych polskich scenach, pocz\u0105wszy od Teatru Wielkiego Opera Narodowa w Warszawie a tak\u017ce na wielu zagranicznych zrealizowa\u0142 oko\u0142o 200 niezapomnianych opraw scenograficznych. By\u0142 scenografem filmowym i znacz\u0105cych wystaw muzealnych. W apogeum sukces\u00f3w teatralnych przeni\u00f3s\u0142 swoje zainteresowania na plakat, kt\u00f3rym wcze\u015bniej zajmowa\u0142 si\u0119 sporadycznie. Swoim plakatem artystycznym (ponad 500 pozycji) szybko osi\u0105gn\u0105\u0142\u00a0 \u015bwiatowy rozg\u0142os. W minionej dekadzie jego plakatowa seria POLSKA\u00a0 uzyska\u0142a szerokie uznanie i niewiarygodn\u0105 popularno\u015b\u0107, i status kultowej a on sam wszed\u0142 do areopagu ikon polskiego plakatu. Prace wystawia\u0142 na dziesi\u0105tkach wystaw monograficznych i setkach zespo\u0142owych w kraju i za granic\u0105. Ostatnia wystawa plakat\u00f3w Ryszarda Kai z jesieni 2021 w Muzeum Narodowym w Warszawie pobi\u0142a wszelkie historyczne rekordy ogl\u0105dalno\u015bci w Muzeum Plakatu! Ca\u0142e \u017cycie artysta rysowa\u0142, malowa\u0142 i fotografowa\u0142. Prowadzi\u0142 dziennik malarski. Ten olbrzymi dorobek, ze wzgl\u0119du na przedwczesn\u0105 \u015bmier\u0107 w wi\u0119kszo\u015bci\u00a0 jeszcze czeka na udost\u0119pnienie.\\nLeszek Jamrozik\"},{\"@type\":\"ImageObject\",\"inLanguage\":\"pl-PL\",\"@id\":\"https:\/\/instytutpolski.pl\/bucuresti\/pl\/2024\/11\/21\/ryszard-kaja-plakat-polska-w-muzeum-sztuki-w-kluzu-napoce\/#primaryimage\",\"url\":\"https:\/\/instytutpolski.pl\/bucuresti\/wp-content\/uploads\/sites\/11\/2024\/11\/Kaja-Cluj-cover-FB-2.jpg\",\"contentUrl\":\"https:\/\/instytutpolski.pl\/bucuresti\/wp-content\/uploads\/sites\/11\/2024\/11\/Kaja-Cluj-cover-FB-2.jpg\",\"width\":1640,\"height\":924},{\"@type\":\"BreadcrumbList\",\"@id\":\"https:\/\/instytutpolski.pl\/bucuresti\/pl\/2024\/11\/21\/ryszard-kaja-plakat-polska-w-muzeum-sztuki-w-kluzu-napoce\/#breadcrumb\",\"itemListElement\":[{\"@type\":\"ListItem\",\"position\":1,\"name\":\"Home\",\"item\":\"https:\/\/instytutpolski.pl\/bucuresti\/\"},{\"@type\":\"ListItem\",\"position\":2,\"name\":\"Ryszard Kaja &#8222;Plakat &#8211; Polska&#8221; w Muzeum Sztuki w Klu\u017cu-Napoce\"}]},{\"@type\":\"WebSite\",\"@id\":\"https:\/\/instytutpolski.pl\/bucuresti\/#website\",\"url\":\"https:\/\/instytutpolski.pl\/bucuresti\/\",\"name\":\"Instytut Polski w Bukareszcie\",\"description\":\"Instytuty Polskie\",\"potentialAction\":[{\"@type\":\"SearchAction\",\"target\":{\"@type\":\"EntryPoint\",\"urlTemplate\":\"https:\/\/instytutpolski.pl\/bucuresti\/?s={search_term_string}\"},\"query-input\":{\"@type\":\"PropertyValueSpecification\",\"valueRequired\":true,\"valueName\":\"search_term_string\"}}],\"inLanguage\":\"pl-PL\"},{\"@type\":\"Person\",\"@id\":\"https:\/\/instytutpolski.pl\/bucuresti\/#\/schema\/person\/a1d5ab39dce466455f60589721519864\",\"name\":\"nicolaua\",\"image\":{\"@type\":\"ImageObject\",\"inLanguage\":\"pl-PL\",\"@id\":\"https:\/\/instytutpolski.pl\/bucuresti\/#\/schema\/person\/image\/\",\"url\":\"https:\/\/secure.gravatar.com\/avatar\/5029b942a8ac0a6a935e5655abff56ef?s=96&d=mm&r=g\",\"contentUrl\":\"https:\/\/secure.gravatar.com\/avatar\/5029b942a8ac0a6a935e5655abff56ef?s=96&d=mm&r=g\",\"caption\":\"nicolaua\"},\"url\":\"https:\/\/instytutpolski.pl\/bucuresti\/author\/nicolaua\/\"}]}<\/script>\n<!-- \/ Yoast SEO plugin. -->","yoast_head_json":{"title":"Ryszard Kaja \"Plakat - Polska\" w Muzeum Sztuki w Klu\u017cu-Napoce - Instytut Polski w Bukareszcie","robots":{"index":"index","follow":"follow","max-snippet":"max-snippet:-1","max-image-preview":"max-image-preview:large","max-video-preview":"max-video-preview:-1"},"canonical":"https:\/\/instytutpolski.pl\/bucuresti\/pl\/2024\/11\/21\/ryszard-kaja-plakat-polska-w-muzeum-sztuki-w-kluzu-napoce\/","og_locale":"pl_PL","og_type":"article","og_title":"Ryszard Kaja \"Plakat - Polska\" w Muzeum Sztuki w Klu\u017cu-Napoce - Instytut Polski w Bukareszcie","og_description":"W okresie od 26 do 28 listopada 2024 roku, wystawa zostanie wzbogacona o warsztaty projektowania plakatu prowadzone przez dw\u00f3ch projektant\u00f3w i wyk\u0142adowc\u00f3w z Uniwersytetu Artystycznego im. Magdaleny Abakanowicz w Poznaniu. Wezm\u0105 w nich udzia\u0142 studenci i magistranci Uniwersytetu Sztuki i Designu (UAD) wybrani z kierunk\u00f3w takich jak \u201eGrafika\u201d, \u201eProjektowanie\u201d, \u201eKomiks i animacja\u201d. Plakaty stworzone podczas [&hellip;]","og_url":"https:\/\/instytutpolski.pl\/bucuresti\/pl\/2024\/11\/21\/ryszard-kaja-plakat-polska-w-muzeum-sztuki-w-kluzu-napoce\/","og_site_name":"Instytut Polski w Bukareszcie","article_published_time":"2024-11-21T12:53:34+00:00","article_modified_time":"2025-01-08T08:09:00+00:00","og_image":[{"width":1640,"height":924,"url":"https:\/\/instytutpolski.pl\/bucuresti\/wp-content\/uploads\/sites\/11\/2024\/11\/Kaja-Cluj-cover-FB-2.jpg","type":"image\/jpeg"}],"author":"nicolaua","twitter_card":"summary_large_image","twitter_misc":{"Napisane przez":"nicolaua","Szacowany czas czytania":"4 minuty"},"schema":{"@context":"https:\/\/schema.org","@graph":[{"@type":"event","@id":"https:\/\/instytutpolski.pl\/bucuresti\/pl\/2024\/11\/21\/ryszard-kaja-plakat-polska-w-muzeum-sztuki-w-kluzu-napoce\/","url":"https:\/\/instytutpolski.pl\/bucuresti\/pl\/2024\/11\/21\/ryszard-kaja-plakat-polska-w-muzeum-sztuki-w-kluzu-napoce\/","name":"Ryszard Kaja \"Plakat - Polska\" w Muzeum Sztuki w Klu\u017cu-Napoce","isPartOf":{"@id":"https:\/\/instytutpolski.pl\/bucuresti\/#website"},"primaryImageOfPage":{"@id":"https:\/\/instytutpolski.pl\/bucuresti\/pl\/2024\/11\/21\/ryszard-kaja-plakat-polska-w-muzeum-sztuki-w-kluzu-napoce\/#primaryimage"},"image":["https:\/\/instytutpolski.pl\/bucuresti\/wp-content\/uploads\/sites\/11\/2024\/11\/Kaja-Cluj-cover-FB-2.jpg","https:\/\/instytutpolski.pl\/bucuresti\/wp-content\/uploads\/sites\/11\/2024\/11\/Kaja-Cluj-cover-FB-2-300x169.jpg","https:\/\/instytutpolski.pl\/bucuresti\/wp-content\/uploads\/sites\/11\/2024\/11\/Kaja-Cluj-cover-FB-2-1024x577.jpg","https:\/\/instytutpolski.pl\/bucuresti\/wp-content\/uploads\/sites\/11\/2024\/11\/Kaja-Cluj-cover-FB-2.jpg"],"thumbnailUrl":"https:\/\/instytutpolski.pl\/bucuresti\/wp-content\/uploads\/sites\/11\/2024\/11\/Kaja-Cluj-cover-FB-2.jpg","datePublished":"2024-11-21T12:53:34+02:00","dateModified":"2025-01-08T08:09:00+02:00","author":{"@id":"https:\/\/instytutpolski.pl\/bucuresti\/#\/schema\/person\/a1d5ab39dce466455f60589721519864"},"breadcrumb":{"@id":"https:\/\/instytutpolski.pl\/bucuresti\/pl\/2024\/11\/21\/ryszard-kaja-plakat-polska-w-muzeum-sztuki-w-kluzu-napoce\/#breadcrumb"},"inLanguage":"pl-PL","potentialAction":[{"@type":"ReadAction","target":["https:\/\/instytutpolski.pl\/bucuresti\/pl\/2024\/11\/21\/ryszard-kaja-plakat-polska-w-muzeum-sztuki-w-kluzu-napoce\/"]}],"@context":"https:\/\/schema.org","startDate":"2024-11-27","endDate":"2024-12-15","eventStatus":"EventScheduled","eventAttendanceMode":"OfflineEventAttendanceMode","location":{"@type":"place","name":"","address":"","geo":{"@type":"GeoCoordinates","latitude":"","longitude":""}},"description":"W okresie od 26 do 28 listopada 2024 roku, wystawa zostanie wzbogacona o warsztaty projektowania plakatu prowadzone przez dw\u00f3ch projektant\u00f3w i wyk\u0142adowc\u00f3w z Uniwersytetu Artystycznego im. Magdaleny Abakanowicz w Poznaniu. Wezm\u0105 w nich udzia\u0142 studenci i magistranci Uniwersytetu Sztuki i Designu (UAD) wybrani z kierunk\u00f3w takich jak \u201eGrafika\u201d, \u201eProjektowanie\u201d, \u201eKomiks i animacja\u201d. Plakaty stworzone podczas warsztat\u00f3w, skoncentrowane na przywo\u0142ywaniu i interpretacji narodowego dziedzictwa kulturowego Rumunii, zostan\u0105 zaprezentowane w ramach wystawy, kt\u00f3rej oficjalne otwarcie odb\u0119dzie si\u0119 w pi\u0105tek, 29 listopada 2024 roku o godzinie 17:00.\nWernisa\u017c wydarzenia, organizowanego w ramach Sezonu Kulturalnego Polska-Rumunia 2024-2025 i po\u015bwi\u0119conego obchodom Narodowego Dnia Rumunii, u\u015bwietni obecno\u015b\u0107 polskich artyst\u00f3w grafik\u00f3w: Agaty Kulczyk, prodziekan Wydzia\u0142u Grafiki i Komunikacji Wizualnej Uniwersytetu Artystycznego im. Magdaleny Abakanowicz w Poznaniu, oraz Marcina Markowskiego, kierownika Pracowni Plakatu i Identyfikacji Wydarze\u0144 na tym samym wydziale.\u00a0\n\u201eKuchenna makatka pod tytu\u0142em POLSKA z wyhaftowanym tekstem \u201eNikt ci\u0119 tak nie kocha jak ja\u201d jest kluczem do zrozumienia idei ca\u0142ej serii plakat\u00f3w opisuj\u0105cych Polsk\u0119. Ojczyzna w plakatach serii Polska jest rodzaju \u017ce\u0144skiego (to zas\u0142uga naszego j\u0119zyka) i mo\u017cemy \u015bmia\u0142o u\u017cy\u0107 okre\u015blenia Matczyzna do opisania serii Plakat-Polska. Nie mamy tu sztandar\u00f3w, nie ma bitew, zwyci\u0119stw, martyrologii. Podr\u00f3\u017cujemy po Polsce tak jakby nie istnia\u0142 \u015bwiat inny z kt\u00f3rym musimy konkurowa\u0107 i si\u0119 z nim por\u00f3wnywa\u0107. Pi\u0119kno dostrzegamy czasami w rzeczach b\u0142ahych.\nW ramach sta\u0142ego uk\u0142adu graficznego, czyli powtarzalnej formy literniczej z tytu\u0142em plakatu i dodatkowym tekstem, najcz\u0119\u015bciej b\u0119d\u0105cym zapisem nazwy Polska w r\u00f3\u017cnych alfabetach, autor odtworzy\u0142 ca\u0142e spektrum stylistycznej historii plakatu polskiego.\u00a0 To jest jeden z wymiar\u00f3w podr\u00f3\u017cy w kt\u00f3r\u0105 Ryszard Kaja zabiera nas w serii Polska. Od pierwszego plakatu \u2013 Wroc\u0142aw , w kt\u00f3rym prostota art-deco po\u0142\u0105czona z przedstawieniem obiektu z okresu odpowiadaj\u0105cego samej stylistyce plakatu, mamy zapowied\u017a tej zmieniaj\u0105cej si\u0119 opowie\u015bci o plakacie.\nRyszard Kaja zmienia nasze spostrzeganie miejsc, kt\u00f3re znamy.\u00a0 Polska Ryszarda Kai to istniej\u0105ce w powszechnej \u015bwiadomo\u015bci kulturowe, j\u0119zykowe elementy to\u017csamo\u015bci, kt\u00f3re nie trafia\u0142y wcze\u015bniej do plakatowej ikonografii.\nOdniesienia literackie, muzycznie, malarskie, religijne, folklorystyczne czy historyczne pojawiaj\u0105 si\u0119 obok temat\u00f3w architektonicznych czy przyrodniczo geograficznych.\nPlakat-Polska to 163 plakaty wydane drukiem za \u017cycia autora.\u00a0 Prace nad uko\u0144czeniem serii przerwa\u0142a przedwczesna \u015bmier\u0107 autora. Nie zmienia to faktu, \u017ce seria jest najwi\u0119kszym autorskim dzie\u0142em w historii Polskiego Plakatu i najpi\u0119kniejszym plakatowym opisem naszego kraju.\u201d\nKrzysztof\u00a0 Marcinkiewicz\nWydawca serii Plakat-Polska\n\u00a0\nARTYSTA RYSZARD KAJA (1962\u20132019)\nwww.ryszardkaja.pl\u00a0,\u00a0https:\/\/www.facebook.com\/KajaRyszard\nMalarz, scenograf, grafik i plakacista. Kontynuator rodzinnych tradycji artystycznych, syn Zbigniewa i Stefanii. Na prze\u0142omie lat 80\/90 z wielkim sukcesem debiutowa\u0142 jako scenograf w najwa\u017cniejszych\u00a0 teatrach operowych i baletowych \u0141odzi i Poznania. Krytyka ju\u017c pierwsze spektakle Ryszarda Kai\u00a0 nagradza\u0142a z\u0142otymi maskami.\u00a0 W latach dziewi\u0119\u0107dziesi\u0105tych i pocz\u0105tkach dwutysi\u0119cznych nale\u017ca\u0142 do grona najwybitniejszych polskich scenograf\u00f3w. Na wszystkich najwa\u017cniejszych polskich scenach, pocz\u0105wszy od Teatru Wielkiego Opera Narodowa w Warszawie a tak\u017ce na wielu zagranicznych zrealizowa\u0142 oko\u0142o 200 niezapomnianych opraw scenograficznych. By\u0142 scenografem filmowym i znacz\u0105cych wystaw muzealnych. W apogeum sukces\u00f3w teatralnych przeni\u00f3s\u0142 swoje zainteresowania na plakat, kt\u00f3rym wcze\u015bniej zajmowa\u0142 si\u0119 sporadycznie. Swoim plakatem artystycznym (ponad 500 pozycji) szybko osi\u0105gn\u0105\u0142\u00a0 \u015bwiatowy rozg\u0142os. W minionej dekadzie jego plakatowa seria POLSKA\u00a0 uzyska\u0142a szerokie uznanie i niewiarygodn\u0105 popularno\u015b\u0107, i status kultowej a on sam wszed\u0142 do areopagu ikon polskiego plakatu. Prace wystawia\u0142 na dziesi\u0105tkach wystaw monograficznych i setkach zespo\u0142owych w kraju i za granic\u0105. Ostatnia wystawa plakat\u00f3w Ryszarda Kai z jesieni 2021 w Muzeum Narodowym w Warszawie pobi\u0142a wszelkie historyczne rekordy ogl\u0105dalno\u015bci w Muzeum Plakatu! Ca\u0142e \u017cycie artysta rysowa\u0142, malowa\u0142 i fotografowa\u0142. Prowadzi\u0142 dziennik malarski. Ten olbrzymi dorobek, ze wzgl\u0119du na przedwczesn\u0105 \u015bmier\u0107 w wi\u0119kszo\u015bci\u00a0 jeszcze czeka na udost\u0119pnienie.\nLeszek Jamrozik"},{"@type":"ImageObject","inLanguage":"pl-PL","@id":"https:\/\/instytutpolski.pl\/bucuresti\/pl\/2024\/11\/21\/ryszard-kaja-plakat-polska-w-muzeum-sztuki-w-kluzu-napoce\/#primaryimage","url":"https:\/\/instytutpolski.pl\/bucuresti\/wp-content\/uploads\/sites\/11\/2024\/11\/Kaja-Cluj-cover-FB-2.jpg","contentUrl":"https:\/\/instytutpolski.pl\/bucuresti\/wp-content\/uploads\/sites\/11\/2024\/11\/Kaja-Cluj-cover-FB-2.jpg","width":1640,"height":924},{"@type":"BreadcrumbList","@id":"https:\/\/instytutpolski.pl\/bucuresti\/pl\/2024\/11\/21\/ryszard-kaja-plakat-polska-w-muzeum-sztuki-w-kluzu-napoce\/#breadcrumb","itemListElement":[{"@type":"ListItem","position":1,"name":"Home","item":"https:\/\/instytutpolski.pl\/bucuresti\/"},{"@type":"ListItem","position":2,"name":"Ryszard Kaja &#8222;Plakat &#8211; Polska&#8221; w Muzeum Sztuki w Klu\u017cu-Napoce"}]},{"@type":"WebSite","@id":"https:\/\/instytutpolski.pl\/bucuresti\/#website","url":"https:\/\/instytutpolski.pl\/bucuresti\/","name":"Instytut Polski w Bukareszcie","description":"Instytuty Polskie","potentialAction":[{"@type":"SearchAction","target":{"@type":"EntryPoint","urlTemplate":"https:\/\/instytutpolski.pl\/bucuresti\/?s={search_term_string}"},"query-input":{"@type":"PropertyValueSpecification","valueRequired":true,"valueName":"search_term_string"}}],"inLanguage":"pl-PL"},{"@type":"Person","@id":"https:\/\/instytutpolski.pl\/bucuresti\/#\/schema\/person\/a1d5ab39dce466455f60589721519864","name":"nicolaua","image":{"@type":"ImageObject","inLanguage":"pl-PL","@id":"https:\/\/instytutpolski.pl\/bucuresti\/#\/schema\/person\/image\/","url":"https:\/\/secure.gravatar.com\/avatar\/5029b942a8ac0a6a935e5655abff56ef?s=96&d=mm&r=g","contentUrl":"https:\/\/secure.gravatar.com\/avatar\/5029b942a8ac0a6a935e5655abff56ef?s=96&d=mm&r=g","caption":"nicolaua"},"url":"https:\/\/instytutpolski.pl\/bucuresti\/author\/nicolaua\/"}]}},"_links":{"self":[{"href":"https:\/\/instytutpolski.pl\/bucuresti\/wp-json\/wp\/v2\/posts\/12977","targetHints":{"allow":["GET"]}}],"collection":[{"href":"https:\/\/instytutpolski.pl\/bucuresti\/wp-json\/wp\/v2\/posts"}],"about":[{"href":"https:\/\/instytutpolski.pl\/bucuresti\/wp-json\/wp\/v2\/types\/post"}],"author":[{"embeddable":true,"href":"https:\/\/instytutpolski.pl\/bucuresti\/wp-json\/wp\/v2\/users\/43"}],"replies":[{"embeddable":true,"href":"https:\/\/instytutpolski.pl\/bucuresti\/wp-json\/wp\/v2\/comments?post=12977"}],"version-history":[{"count":5,"href":"https:\/\/instytutpolski.pl\/bucuresti\/wp-json\/wp\/v2\/posts\/12977\/revisions"}],"predecessor-version":[{"id":13067,"href":"https:\/\/instytutpolski.pl\/bucuresti\/wp-json\/wp\/v2\/posts\/12977\/revisions\/13067"}],"wp:featuredmedia":[{"embeddable":true,"href":"https:\/\/instytutpolski.pl\/bucuresti\/wp-json\/wp\/v2\/media\/12974"}],"wp:attachment":[{"href":"https:\/\/instytutpolski.pl\/bucuresti\/wp-json\/wp\/v2\/media?parent=12977"}],"wp:term":[{"taxonomy":"category","embeddable":true,"href":"https:\/\/instytutpolski.pl\/bucuresti\/wp-json\/wp\/v2\/categories?post=12977"},{"taxonomy":"post_tag","embeddable":true,"href":"https:\/\/instytutpolski.pl\/bucuresti\/wp-json\/wp\/v2\/tags?post=12977"}],"curies":[{"name":"wp","href":"https:\/\/api.w.org\/{rel}","templated":true}]}}