{"id":14090,"date":"2025-06-27T10:24:23","date_gmt":"2025-06-27T08:24:23","guid":{"rendered":"https:\/\/instytutpolski.pl\/bucuresti\/?p=14090"},"modified":"2025-06-30T09:15:17","modified_gmt":"2025-06-30T07:15:17","slug":"jazz-polonez-la-timisoara-3","status":"publish","type":"post","link":"https:\/\/instytutpolski.pl\/bucuresti\/2025\/06\/27\/jazz-polonez-la-timisoara-3\/","title":{"rendered":"Jazz polonez la Timi\u0219oara"},"content":{"rendered":"\n<p>Pe 27 \u0219i 28 iunie, Iulius Gardens din Timi\u0219oara g\u0103zduie\u0219te patru concerte \u00een aer liber care vor fi sus\u021binute de trupe alese \u00een urma unei selec\u021bii interna\u021bionale la care au participat concuren\u021bi din peste 20 de \u021b\u0103ri. \u00centre ele se afl\u0103 \u0219i forma\u021bia Omasta din Polonia. Concertul muzicienilor polonezi va avea loc s\u00e2mb\u0103t\u0103 de la ora 20.00 .<\/p>\n<p>\u00cenr\u0103d\u0103cina\u021bi \u00een cultura stradal\u0103 \u0219i modela\u021bi de tradi\u021bia jazz-ului, cvintetul Omasta aduce pe scen\u0103 un sunet brut, ritmat. Concertele sale live estompeaz\u0103 grani\u021ba dintre jazz \u0219i hip hop, aduc\u00e2nd un omagiu unor produc\u0103tori legendari precum J Dilla \u0219i Madlib.<\/p>\n<p>\u00cen octombrie forma\u021bia \u00ee\u0219i va lansa albumul de debut \u201eJazz Report from the Hood\u201d.<\/p>\n\n\n","protected":false},"excerpt":{"rendered":"<p>Pe 27 \u0219i 28 iunie, Iulius Gardens din Timi\u0219oara g\u0103zduie\u0219te patru concerte \u00een aer liber care vor fi sus\u021binute de trupe alese \u00een urma unei selec\u021bii interna\u021bionale la care au participat concuren\u021bi din peste 20 de \u021b\u0103ri. \u00centre ele se afl\u0103 \u0219i forma\u021bia Omasta din Polonia. Concertul muzicienilor polonezi va avea loc s\u00e2mb\u0103t\u0103 de la [&hellip;]<\/p>\n","protected":false},"author":41,"featured_media":14091,"comment_status":"open","ping_status":"open","sticky":false,"template":"","format":"standard","meta":{"inline_featured_image":false,"_monsterinsights_skip_tracking":false,"_monsterinsights_sitenote_active":false,"_monsterinsights_sitenote_note":"","_monsterinsights_sitenote_category":0,"footnotes":""},"categories":[94,123],"tags":[],"class_list":["post-14090","post","type-post","status-publish","format-standard","has-post-thumbnail","hentry","category-evenimente","category-muzica"],"yoast_head":"<!-- This site is optimized with the Yoast SEO plugin v24.6 - https:\/\/yoast.com\/wordpress\/plugins\/seo\/ -->\n<title>Jazz polonez la Timi\u0219oara - Instytut Polski w Bukareszcie<\/title>\n<meta name=\"robots\" content=\"index, follow, max-snippet:-1, max-image-preview:large, max-video-preview:-1\" \/>\n<link rel=\"canonical\" href=\"https:\/\/instytutpolski.pl\/bucuresti\/2025\/06\/27\/jazz-polonez-la-timisoara-3\/\" \/>\n<meta property=\"og:locale\" content=\"pl_PL\" \/>\n<meta property=\"og:type\" content=\"article\" \/>\n<meta property=\"og:title\" content=\"Jazz polonez la Timi\u0219oara - Instytut Polski w Bukareszcie\" \/>\n<meta property=\"og:description\" content=\"Pe 27 \u0219i 28 iunie, Iulius Gardens din Timi\u0219oara g\u0103zduie\u0219te patru concerte \u00een aer liber care vor fi sus\u021binute de trupe alese \u00een urma unei selec\u021bii interna\u021bionale la care au participat concuren\u021bi din peste 20 de \u021b\u0103ri. \u00centre ele se afl\u0103 \u0219i forma\u021bia Omasta din Polonia. Concertul muzicienilor polonezi va avea loc s\u00e2mb\u0103t\u0103 de la [&hellip;]\" \/>\n<meta property=\"og:url\" content=\"https:\/\/instytutpolski.pl\/bucuresti\/2025\/06\/27\/jazz-polonez-la-timisoara-3\/\" \/>\n<meta property=\"og:site_name\" content=\"Instytut Polski w Bukareszcie\" \/>\n<meta property=\"article:published_time\" content=\"2025-06-27T08:24:23+00:00\" \/>\n<meta property=\"article:modified_time\" content=\"2025-06-30T07:15:17+00:00\" \/>\n<meta property=\"og:image\" content=\"https:\/\/instytutpolski.pl\/bucuresti\/wp-content\/uploads\/sites\/11\/2025\/06\/omasta_2_photo_roza_sasor_2_g7gamq.jpg\" \/>\n\t<meta property=\"og:image:width\" content=\"810\" \/>\n\t<meta property=\"og:image:height\" content=\"700\" \/>\n\t<meta property=\"og:image:type\" content=\"image\/jpeg\" \/>\n<meta name=\"author\" content=\"mirelal\" \/>\n<meta name=\"twitter:card\" content=\"summary_large_image\" \/>\n<meta name=\"twitter:label1\" content=\"Napisane przez\" \/>\n\t<meta name=\"twitter:data1\" content=\"mirelal\" \/>\n\t<meta name=\"twitter:label2\" content=\"Szacowany czas czytania\" \/>\n\t<meta name=\"twitter:data2\" content=\"1 minuta\" \/>\n<script type=\"application\/ld+json\" class=\"yoast-schema-graph\">{\"@context\":\"https:\/\/schema.org\",\"@graph\":[{\"@type\":\"event\",\"@id\":\"https:\/\/instytutpolski.pl\/bucuresti\/2025\/06\/27\/jazz-polonez-la-timisoara-3\/\",\"url\":\"https:\/\/instytutpolski.pl\/bucuresti\/2025\/06\/27\/jazz-polonez-la-timisoara-3\/\",\"name\":\"Jazz polonez la Timi\u0219oara\",\"isPartOf\":{\"@id\":\"https:\/\/instytutpolski.pl\/bucuresti\/#website\"},\"primaryImageOfPage\":{\"@id\":\"https:\/\/instytutpolski.pl\/bucuresti\/2025\/06\/27\/jazz-polonez-la-timisoara-3\/#primaryimage\"},\"image\":[\"https:\/\/instytutpolski.pl\/bucuresti\/wp-content\/uploads\/sites\/11\/2025\/06\/omasta_2_photo_roza_sasor_2_g7gamq.jpg\",\"https:\/\/instytutpolski.pl\/bucuresti\/wp-content\/uploads\/sites\/11\/2025\/06\/omasta_2_photo_roza_sasor_2_g7gamq-300x259.jpg\",\"https:\/\/instytutpolski.pl\/bucuresti\/wp-content\/uploads\/sites\/11\/2025\/06\/omasta_2_photo_roza_sasor_2_g7gamq.jpg\",\"https:\/\/instytutpolski.pl\/bucuresti\/wp-content\/uploads\/sites\/11\/2025\/06\/omasta_2_photo_roza_sasor_2_g7gamq.jpg\"],\"thumbnailUrl\":\"https:\/\/instytutpolski.pl\/bucuresti\/wp-content\/uploads\/sites\/11\/2025\/06\/omasta_2_photo_roza_sasor_2_g7gamq.jpg\",\"datePublished\":\"2025-06-27T08:24:23+02:00\",\"dateModified\":\"2025-06-30T07:15:17+02:00\",\"author\":{\"@id\":\"https:\/\/instytutpolski.pl\/bucuresti\/#\/schema\/person\/36eba23bd65c4ed8774deeb285a19272\"},\"breadcrumb\":{\"@id\":\"https:\/\/instytutpolski.pl\/bucuresti\/2025\/06\/27\/jazz-polonez-la-timisoara-3\/#breadcrumb\"},\"inLanguage\":\"pl-PL\",\"potentialAction\":[{\"@type\":\"ReadAction\",\"target\":[\"https:\/\/instytutpolski.pl\/bucuresti\/2025\/06\/27\/jazz-polonez-la-timisoara-3\/\"]}],\"@context\":\"https:\/\/schema.org\",\"startDate\":\"2025-06-28\",\"endDate\":\"2025-06-28\",\"eventStatus\":\"EventScheduled\",\"eventAttendanceMode\":\"OfflineEventAttendanceMode\",\"location\":{\"@type\":\"place\",\"name\":\"\",\"address\":\"\",\"geo\":{\"@type\":\"GeoCoordinates\",\"latitude\":\"\",\"longitude\":\"\"}},\"description\":\"Pe 27 \u0219i 28 iunie, Iulius Gardens din Timi\u0219oara g\u0103zduie\u0219te patru concerte \u00een aer liber care vor fi sus\u021binute de trupe alese \u00een urma unei selec\u021bii interna\u021bionale la care au participat concuren\u021bi din peste 20 de \u021b\u0103ri. \u00centre ele se afl\u0103 \u0219i forma\u021bia Omasta din Polonia. Concertul muzicienilor polonezi va avea loc s\u00e2mb\u0103t\u0103 de la ora 20.00 .\\n\u00cenr\u0103d\u0103cina\u021bi \u00een cultura stradal\u0103 \u0219i modela\u021bi de tradi\u021bia jazz-ului, cvintetul Omasta aduce pe scen\u0103 un sunet brut, ritmat. Concertele sale live estompeaz\u0103 grani\u021ba dintre jazz \u0219i hip hop, aduc\u00e2nd un omagiu unor produc\u0103tori legendari precum J Dilla \u0219i Madlib.\\n\u00cen octombrie forma\u021bia \u00ee\u0219i va lansa albumul de debut \u201eJazz Report from the Hood\u201d.\"},{\"@type\":\"ImageObject\",\"inLanguage\":\"pl-PL\",\"@id\":\"https:\/\/instytutpolski.pl\/bucuresti\/2025\/06\/27\/jazz-polonez-la-timisoara-3\/#primaryimage\",\"url\":\"https:\/\/instytutpolski.pl\/bucuresti\/wp-content\/uploads\/sites\/11\/2025\/06\/omasta_2_photo_roza_sasor_2_g7gamq.jpg\",\"contentUrl\":\"https:\/\/instytutpolski.pl\/bucuresti\/wp-content\/uploads\/sites\/11\/2025\/06\/omasta_2_photo_roza_sasor_2_g7gamq.jpg\",\"width\":810,\"height\":700},{\"@type\":\"BreadcrumbList\",\"@id\":\"https:\/\/instytutpolski.pl\/bucuresti\/2025\/06\/27\/jazz-polonez-la-timisoara-3\/#breadcrumb\",\"itemListElement\":[{\"@type\":\"ListItem\",\"position\":1,\"name\":\"Home\",\"item\":\"https:\/\/instytutpolski.pl\/bucuresti\/\"},{\"@type\":\"ListItem\",\"position\":2,\"name\":\"Jazz polonez la Timi\u0219oara\"}]},{\"@type\":\"WebSite\",\"@id\":\"https:\/\/instytutpolski.pl\/bucuresti\/#website\",\"url\":\"https:\/\/instytutpolski.pl\/bucuresti\/\",\"name\":\"Instytut Polski w Bukareszcie\",\"description\":\"Instytuty Polskie\",\"potentialAction\":[{\"@type\":\"SearchAction\",\"target\":{\"@type\":\"EntryPoint\",\"urlTemplate\":\"https:\/\/instytutpolski.pl\/bucuresti\/?s={search_term_string}\"},\"query-input\":{\"@type\":\"PropertyValueSpecification\",\"valueRequired\":true,\"valueName\":\"search_term_string\"}}],\"inLanguage\":\"pl-PL\"},{\"@type\":\"Person\",\"@id\":\"https:\/\/instytutpolski.pl\/bucuresti\/#\/schema\/person\/36eba23bd65c4ed8774deeb285a19272\",\"name\":\"mirelal\",\"image\":{\"@type\":\"ImageObject\",\"inLanguage\":\"pl-PL\",\"@id\":\"https:\/\/instytutpolski.pl\/bucuresti\/#\/schema\/person\/image\/\",\"url\":\"https:\/\/secure.gravatar.com\/avatar\/5838c7614d071fe473f8aeb2de72beb4?s=96&d=mm&r=g\",\"contentUrl\":\"https:\/\/secure.gravatar.com\/avatar\/5838c7614d071fe473f8aeb2de72beb4?s=96&d=mm&r=g\",\"caption\":\"mirelal\"},\"url\":\"https:\/\/instytutpolski.pl\/bucuresti\/author\/mirelal\/\"}]}<\/script>\n<!-- \/ Yoast SEO plugin. -->","yoast_head_json":{"title":"Jazz polonez la Timi\u0219oara - Instytut Polski w Bukareszcie","robots":{"index":"index","follow":"follow","max-snippet":"max-snippet:-1","max-image-preview":"max-image-preview:large","max-video-preview":"max-video-preview:-1"},"canonical":"https:\/\/instytutpolski.pl\/bucuresti\/2025\/06\/27\/jazz-polonez-la-timisoara-3\/","og_locale":"pl_PL","og_type":"article","og_title":"Jazz polonez la Timi\u0219oara - Instytut Polski w Bukareszcie","og_description":"Pe 27 \u0219i 28 iunie, Iulius Gardens din Timi\u0219oara g\u0103zduie\u0219te patru concerte \u00een aer liber care vor fi sus\u021binute de trupe alese \u00een urma unei selec\u021bii interna\u021bionale la care au participat concuren\u021bi din peste 20 de \u021b\u0103ri. \u00centre ele se afl\u0103 \u0219i forma\u021bia Omasta din Polonia. Concertul muzicienilor polonezi va avea loc s\u00e2mb\u0103t\u0103 de la [&hellip;]","og_url":"https:\/\/instytutpolski.pl\/bucuresti\/2025\/06\/27\/jazz-polonez-la-timisoara-3\/","og_site_name":"Instytut Polski w Bukareszcie","article_published_time":"2025-06-27T08:24:23+00:00","article_modified_time":"2025-06-30T07:15:17+00:00","og_image":[{"width":810,"height":700,"url":"https:\/\/instytutpolski.pl\/bucuresti\/wp-content\/uploads\/sites\/11\/2025\/06\/omasta_2_photo_roza_sasor_2_g7gamq.jpg","type":"image\/jpeg"}],"author":"mirelal","twitter_card":"summary_large_image","twitter_misc":{"Napisane przez":"mirelal","Szacowany czas czytania":"1 minuta"},"schema":{"@context":"https:\/\/schema.org","@graph":[{"@type":"event","@id":"https:\/\/instytutpolski.pl\/bucuresti\/2025\/06\/27\/jazz-polonez-la-timisoara-3\/","url":"https:\/\/instytutpolski.pl\/bucuresti\/2025\/06\/27\/jazz-polonez-la-timisoara-3\/","name":"Jazz polonez la Timi\u0219oara","isPartOf":{"@id":"https:\/\/instytutpolski.pl\/bucuresti\/#website"},"primaryImageOfPage":{"@id":"https:\/\/instytutpolski.pl\/bucuresti\/2025\/06\/27\/jazz-polonez-la-timisoara-3\/#primaryimage"},"image":["https:\/\/instytutpolski.pl\/bucuresti\/wp-content\/uploads\/sites\/11\/2025\/06\/omasta_2_photo_roza_sasor_2_g7gamq.jpg","https:\/\/instytutpolski.pl\/bucuresti\/wp-content\/uploads\/sites\/11\/2025\/06\/omasta_2_photo_roza_sasor_2_g7gamq-300x259.jpg","https:\/\/instytutpolski.pl\/bucuresti\/wp-content\/uploads\/sites\/11\/2025\/06\/omasta_2_photo_roza_sasor_2_g7gamq.jpg","https:\/\/instytutpolski.pl\/bucuresti\/wp-content\/uploads\/sites\/11\/2025\/06\/omasta_2_photo_roza_sasor_2_g7gamq.jpg"],"thumbnailUrl":"https:\/\/instytutpolski.pl\/bucuresti\/wp-content\/uploads\/sites\/11\/2025\/06\/omasta_2_photo_roza_sasor_2_g7gamq.jpg","datePublished":"2025-06-27T08:24:23+02:00","dateModified":"2025-06-30T07:15:17+02:00","author":{"@id":"https:\/\/instytutpolski.pl\/bucuresti\/#\/schema\/person\/36eba23bd65c4ed8774deeb285a19272"},"breadcrumb":{"@id":"https:\/\/instytutpolski.pl\/bucuresti\/2025\/06\/27\/jazz-polonez-la-timisoara-3\/#breadcrumb"},"inLanguage":"pl-PL","potentialAction":[{"@type":"ReadAction","target":["https:\/\/instytutpolski.pl\/bucuresti\/2025\/06\/27\/jazz-polonez-la-timisoara-3\/"]}],"@context":"https:\/\/schema.org","startDate":"2025-06-28","endDate":"2025-06-28","eventStatus":"EventScheduled","eventAttendanceMode":"OfflineEventAttendanceMode","location":{"@type":"place","name":"","address":"","geo":{"@type":"GeoCoordinates","latitude":"","longitude":""}},"description":"Pe 27 \u0219i 28 iunie, Iulius Gardens din Timi\u0219oara g\u0103zduie\u0219te patru concerte \u00een aer liber care vor fi sus\u021binute de trupe alese \u00een urma unei selec\u021bii interna\u021bionale la care au participat concuren\u021bi din peste 20 de \u021b\u0103ri. \u00centre ele se afl\u0103 \u0219i forma\u021bia Omasta din Polonia. Concertul muzicienilor polonezi va avea loc s\u00e2mb\u0103t\u0103 de la ora 20.00 .\n\u00cenr\u0103d\u0103cina\u021bi \u00een cultura stradal\u0103 \u0219i modela\u021bi de tradi\u021bia jazz-ului, cvintetul Omasta aduce pe scen\u0103 un sunet brut, ritmat. Concertele sale live estompeaz\u0103 grani\u021ba dintre jazz \u0219i hip hop, aduc\u00e2nd un omagiu unor produc\u0103tori legendari precum J Dilla \u0219i Madlib.\n\u00cen octombrie forma\u021bia \u00ee\u0219i va lansa albumul de debut \u201eJazz Report from the Hood\u201d."},{"@type":"ImageObject","inLanguage":"pl-PL","@id":"https:\/\/instytutpolski.pl\/bucuresti\/2025\/06\/27\/jazz-polonez-la-timisoara-3\/#primaryimage","url":"https:\/\/instytutpolski.pl\/bucuresti\/wp-content\/uploads\/sites\/11\/2025\/06\/omasta_2_photo_roza_sasor_2_g7gamq.jpg","contentUrl":"https:\/\/instytutpolski.pl\/bucuresti\/wp-content\/uploads\/sites\/11\/2025\/06\/omasta_2_photo_roza_sasor_2_g7gamq.jpg","width":810,"height":700},{"@type":"BreadcrumbList","@id":"https:\/\/instytutpolski.pl\/bucuresti\/2025\/06\/27\/jazz-polonez-la-timisoara-3\/#breadcrumb","itemListElement":[{"@type":"ListItem","position":1,"name":"Home","item":"https:\/\/instytutpolski.pl\/bucuresti\/"},{"@type":"ListItem","position":2,"name":"Jazz polonez la Timi\u0219oara"}]},{"@type":"WebSite","@id":"https:\/\/instytutpolski.pl\/bucuresti\/#website","url":"https:\/\/instytutpolski.pl\/bucuresti\/","name":"Instytut Polski w Bukareszcie","description":"Instytuty Polskie","potentialAction":[{"@type":"SearchAction","target":{"@type":"EntryPoint","urlTemplate":"https:\/\/instytutpolski.pl\/bucuresti\/?s={search_term_string}"},"query-input":{"@type":"PropertyValueSpecification","valueRequired":true,"valueName":"search_term_string"}}],"inLanguage":"pl-PL"},{"@type":"Person","@id":"https:\/\/instytutpolski.pl\/bucuresti\/#\/schema\/person\/36eba23bd65c4ed8774deeb285a19272","name":"mirelal","image":{"@type":"ImageObject","inLanguage":"pl-PL","@id":"https:\/\/instytutpolski.pl\/bucuresti\/#\/schema\/person\/image\/","url":"https:\/\/secure.gravatar.com\/avatar\/5838c7614d071fe473f8aeb2de72beb4?s=96&d=mm&r=g","contentUrl":"https:\/\/secure.gravatar.com\/avatar\/5838c7614d071fe473f8aeb2de72beb4?s=96&d=mm&r=g","caption":"mirelal"},"url":"https:\/\/instytutpolski.pl\/bucuresti\/author\/mirelal\/"}]}},"_links":{"self":[{"href":"https:\/\/instytutpolski.pl\/bucuresti\/wp-json\/wp\/v2\/posts\/14090","targetHints":{"allow":["GET"]}}],"collection":[{"href":"https:\/\/instytutpolski.pl\/bucuresti\/wp-json\/wp\/v2\/posts"}],"about":[{"href":"https:\/\/instytutpolski.pl\/bucuresti\/wp-json\/wp\/v2\/types\/post"}],"author":[{"embeddable":true,"href":"https:\/\/instytutpolski.pl\/bucuresti\/wp-json\/wp\/v2\/users\/41"}],"replies":[{"embeddable":true,"href":"https:\/\/instytutpolski.pl\/bucuresti\/wp-json\/wp\/v2\/comments?post=14090"}],"version-history":[{"count":3,"href":"https:\/\/instytutpolski.pl\/bucuresti\/wp-json\/wp\/v2\/posts\/14090\/revisions"}],"predecessor-version":[{"id":14097,"href":"https:\/\/instytutpolski.pl\/bucuresti\/wp-json\/wp\/v2\/posts\/14090\/revisions\/14097"}],"wp:featuredmedia":[{"embeddable":true,"href":"https:\/\/instytutpolski.pl\/bucuresti\/wp-json\/wp\/v2\/media\/14091"}],"wp:attachment":[{"href":"https:\/\/instytutpolski.pl\/bucuresti\/wp-json\/wp\/v2\/media?parent=14090"}],"wp:term":[{"taxonomy":"category","embeddable":true,"href":"https:\/\/instytutpolski.pl\/bucuresti\/wp-json\/wp\/v2\/categories?post=14090"},{"taxonomy":"post_tag","embeddable":true,"href":"https:\/\/instytutpolski.pl\/bucuresti\/wp-json\/wp\/v2\/tags?post=14090"}],"curies":[{"name":"wp","href":"https:\/\/api.w.org\/{rel}","templated":true}]}}