{"id":14136,"date":"2025-07-07T16:12:41","date_gmt":"2025-07-07T14:12:41","guid":{"rendered":"https:\/\/instytutpolski.pl\/bucuresti\/?p=14136"},"modified":"2026-01-26T12:43:04","modified_gmt":"2026-01-26T11:43:04","slug":"anunt-de-licitatie-pentru-vanzarea-de-bunuri-mobile-2","status":"publish","type":"post","link":"https:\/\/instytutpolski.pl\/bucuresti\/2025\/07\/07\/anunt-de-licitatie-pentru-vanzarea-de-bunuri-mobile-2\/","title":{"rendered":"ANUN\u021a DE LICITA\u021aIE PENTRU V\u00c2NZAREA DE BUNURI MOBILE"},"content":{"rendered":"\n<p><strong>Obiectul licita\u021biei<\/strong><br \/>Autoturism Volkswagen Sharan, an fabrica\u021bie 2014, motor diesel de 1968 cm\u00b3, putere 103 kW, cutie manual\u0103 cu 6 trepte, culoare bleumarin, rulaj aproximativ 230.459 km. Vehiculul este \u00een stare tehnic\u0103 bun\u0103, fiind eficient \u0219i bine \u00eentre\u021binut.<\/p>\n<p><strong>Pre\u021b de pornire:<\/strong> 5200,00 EUR (net)<br \/><strong>Depozit de participare:<\/strong> 520,00 EUR (net)<\/p>\n<p><strong>Vizionarea autoturismului<\/strong><br \/>Ma\u0219ina poate fi vizionat\u0103 \u00een perioada 7 \u2013 23 iulie 2025, \u00eentre orele 9:00 \u2013 12:30, doar pe baz\u0103 de programare prealabil\u0103, la sediul Ambasadei Republicii Polone din Bucure\u0219ti. Detalii suplimentare pot fi ob\u021binute de la doamna Anna Nicolau, tel.: 021 224 45 56.<\/p>\n<p><strong>Condi\u021bii de participare<\/strong><br \/>Pentru participarea la licita\u021bie, este necesar\u0103 achitarea \u00een numerar a unui depozit de 10% din valoarea de pornire. Ofertele trebuie depuse \u00een plic sigilat la sediul Ambasadei, p\u00e2n\u0103 cel t\u00e2rziu la data de 24 iulie 2025, \u00eenso\u021bite de documentele necesare prev\u0103zute \u00een regulament.<\/p>\n<p><strong>Desf\u0103\u0219urarea licita\u021biei \u0219i alte preciz\u0103ri<\/strong><br \/>C\u00e2\u0219tig\u0103torul va fi ofertantul cu cel mai mare pre\u021b ofert, care va fi invitat la semnarea contractului de v\u00e2nzare-cump\u0103rare. \u00cen caz de refuz sau neplat\u0103, se va desemna urm\u0103torul ofertant \u00een ordinea valorii oferite. Institutul \u00ee\u0219i rezerv\u0103 dreptul de a opri licita\u021bia f\u0103r\u0103 a selecta o ofert\u0103.<\/p>\n<p>V\u00e2nzarea se va face f\u0103r\u0103 emiterea facturi, pe baza unui contract semnat \u00een termen de 14 zile lucr\u0103toare de la data licita\u021biei. Autoturismul va putea fi preluat dup\u0103 achitarea integral a pre\u021bului \u0219i \u00eenmatricularea pe numele cump\u0103r\u0103torului.<\/p>\n<p>Pentru mai multe detalii \u0219i modelul ofertei, v\u0103 rug\u0103m s\u0103 consulta\u021bi informa\u021biile puse la dispozi\u021bie de organizator (anexele le g\u0103si\u021bi sub fotografii).<\/p>\n<p><img loading=\"lazy\" decoding=\"async\" class=\"alignnone size-medium wp-image-14126\" src=\"https:\/\/instytutpolski.pl\/bucuresti\/wp-content\/uploads\/sites\/11\/2025\/07\/sharan-przod-225x300.jpg\" alt=\"\" width=\"225\" height=\"300\" srcset=\"https:\/\/instytutpolski.pl\/bucuresti\/wp-content\/uploads\/sites\/11\/2025\/07\/sharan-przod-225x300.jpg 225w, https:\/\/instytutpolski.pl\/bucuresti\/wp-content\/uploads\/sites\/11\/2025\/07\/sharan-przod-768x1024.jpg 768w, https:\/\/instytutpolski.pl\/bucuresti\/wp-content\/uploads\/sites\/11\/2025\/07\/sharan-przod-1152x1536.jpg 1152w, https:\/\/instytutpolski.pl\/bucuresti\/wp-content\/uploads\/sites\/11\/2025\/07\/sharan-przod.jpg 1512w\" sizes=\"auto, (max-width: 225px) 100vw, 225px\" \/> <img loading=\"lazy\" decoding=\"async\" class=\"alignnone size-medium wp-image-14124\" src=\"https:\/\/instytutpolski.pl\/bucuresti\/wp-content\/uploads\/sites\/11\/2025\/07\/przod-lewy-225x300.jpg\" alt=\"\" width=\"225\" height=\"300\" srcset=\"https:\/\/instytutpolski.pl\/bucuresti\/wp-content\/uploads\/sites\/11\/2025\/07\/przod-lewy-225x300.jpg 225w, https:\/\/instytutpolski.pl\/bucuresti\/wp-content\/uploads\/sites\/11\/2025\/07\/przod-lewy-767x1024.jpg 767w, https:\/\/instytutpolski.pl\/bucuresti\/wp-content\/uploads\/sites\/11\/2025\/07\/przod-lewy-768x1025.jpg 768w, https:\/\/instytutpolski.pl\/bucuresti\/wp-content\/uploads\/sites\/11\/2025\/07\/przod-lewy-1151x1536.jpg 1151w, https:\/\/instytutpolski.pl\/bucuresti\/wp-content\/uploads\/sites\/11\/2025\/07\/przod-lewy.jpg 1366w\" sizes=\"auto, (max-width: 225px) 100vw, 225px\" \/> <img loading=\"lazy\" decoding=\"async\" class=\"alignnone size-medium wp-image-14125\" src=\"https:\/\/instytutpolski.pl\/bucuresti\/wp-content\/uploads\/sites\/11\/2025\/07\/prawa-strona-300x225.jpg\" alt=\"\" width=\"300\" height=\"225\" srcset=\"https:\/\/instytutpolski.pl\/bucuresti\/wp-content\/uploads\/sites\/11\/2025\/07\/prawa-strona-300x225.jpg 300w, https:\/\/instytutpolski.pl\/bucuresti\/wp-content\/uploads\/sites\/11\/2025\/07\/prawa-strona-1024x768.jpg 1024w, https:\/\/instytutpolski.pl\/bucuresti\/wp-content\/uploads\/sites\/11\/2025\/07\/prawa-strona-768x576.jpg 768w, https:\/\/instytutpolski.pl\/bucuresti\/wp-content\/uploads\/sites\/11\/2025\/07\/prawa-strona-1536x1153.jpg 1536w, https:\/\/instytutpolski.pl\/bucuresti\/wp-content\/uploads\/sites\/11\/2025\/07\/prawa-strona.jpg 2015w\" sizes=\"auto, (max-width: 300px) 100vw, 300px\" \/> <img loading=\"lazy\" decoding=\"async\" class=\"alignnone size-medium wp-image-14123\" src=\"https:\/\/instytutpolski.pl\/bucuresti\/wp-content\/uploads\/sites\/11\/2025\/07\/tyl-prawy-225x300.jpg\" alt=\"\" width=\"225\" height=\"300\" srcset=\"https:\/\/instytutpolski.pl\/bucuresti\/wp-content\/uploads\/sites\/11\/2025\/07\/tyl-prawy-225x300.jpg 225w, https:\/\/instytutpolski.pl\/bucuresti\/wp-content\/uploads\/sites\/11\/2025\/07\/tyl-prawy-769x1024.jpg 769w, https:\/\/instytutpolski.pl\/bucuresti\/wp-content\/uploads\/sites\/11\/2025\/07\/tyl-prawy-768x1023.jpg 768w, https:\/\/instytutpolski.pl\/bucuresti\/wp-content\/uploads\/sites\/11\/2025\/07\/tyl-prawy-1153x1536.jpg 1153w, https:\/\/instytutpolski.pl\/bucuresti\/wp-content\/uploads\/sites\/11\/2025\/07\/tyl-prawy.jpg 1366w\" sizes=\"auto, (max-width: 225px) 100vw, 225px\" \/> <img loading=\"lazy\" decoding=\"async\" class=\"alignnone size-medium wp-image-14122\" src=\"https:\/\/instytutpolski.pl\/bucuresti\/wp-content\/uploads\/sites\/11\/2025\/07\/deska-rozdzielcza-300x225.jpg\" alt=\"\" width=\"300\" height=\"225\" srcset=\"https:\/\/instytutpolski.pl\/bucuresti\/wp-content\/uploads\/sites\/11\/2025\/07\/deska-rozdzielcza-300x225.jpg 300w, https:\/\/instytutpolski.pl\/bucuresti\/wp-content\/uploads\/sites\/11\/2025\/07\/deska-rozdzielcza-1024x768.jpg 1024w, https:\/\/instytutpolski.pl\/bucuresti\/wp-content\/uploads\/sites\/11\/2025\/07\/deska-rozdzielcza-768x576.jpg 768w, https:\/\/instytutpolski.pl\/bucuresti\/wp-content\/uploads\/sites\/11\/2025\/07\/deska-rozdzielcza-1536x1152.jpg 1536w, https:\/\/instytutpolski.pl\/bucuresti\/wp-content\/uploads\/sites\/11\/2025\/07\/deska-rozdzielcza.jpg 2016w\" sizes=\"auto, (max-width: 300px) 100vw, 300px\" \/><\/p>\n<p><a href=\"https:\/\/instytutpolski.pl\/bucuresti\/wp-content\/uploads\/sites\/11\/2025\/07\/Anexa-nr-3.doc\">Anexa-nr-3<\/a>\u00a0<a href=\"https:\/\/instytutpolski.pl\/bucuresti\/wp-content\/uploads\/sites\/11\/2025\/07\/Anexa-nr-1.docx\">Anexa-nr-1<\/a> <a href=\"https:\/\/instytutpolski.pl\/bucuresti\/wp-content\/uploads\/sites\/11\/2025\/07\/Anunt-licitatie-pentru-vanzare-autoturism.doc\">Anunt licitatie pentru vanzare autoturism<\/a><\/p>\n<p><a href=\"https:\/\/instytutpolski.pl\/bucuresti\/wp-content\/uploads\/sites\/11\/2025\/07\/Anexa-nr-2-1.doc\">Anexa nr 2<\/a><\/p>\n\n\n\n\n\n\n\n\n","protected":false},"excerpt":{"rendered":"<p>Obiectul licita\u021bieiAutoturism Volkswagen Sharan, an fabrica\u021bie 2014, motor diesel de 1968 cm\u00b3, putere 103 kW, cutie manual\u0103 cu 6 trepte, culoare bleumarin, rulaj aproximativ 230.459 km. Vehiculul este \u00een stare tehnic\u0103 bun\u0103, fiind eficient \u0219i bine \u00eentre\u021binut. Pre\u021b de pornire: 5200,00 EUR (net)Depozit de participare: 520,00 EUR (net) Vizionarea autoturismuluiMa\u0219ina poate fi vizionat\u0103 \u00een perioada [&hellip;]<\/p>\n","protected":false},"author":44,"featured_media":13581,"comment_status":"open","ping_status":"open","sticky":false,"template":"","format":"standard","meta":{"inline_featured_image":false,"_monsterinsights_skip_tracking":false,"_monsterinsights_sitenote_active":false,"_monsterinsights_sitenote_note":"","_monsterinsights_sitenote_category":0,"footnotes":""},"categories":[1],"tags":[],"class_list":["post-14136","post","type-post","status-publish","format-standard","has-post-thumbnail","hentry","category-alte"],"yoast_head":"<!-- This site is optimized with the Yoast SEO plugin v24.6 - https:\/\/yoast.com\/wordpress\/plugins\/seo\/ -->\n<title>ANUN\u021a DE LICITA\u021aIE PENTRU V\u00c2NZAREA DE BUNURI MOBILE - Instytut Polski w Bukareszcie<\/title>\n<meta name=\"robots\" content=\"index, follow, max-snippet:-1, max-image-preview:large, max-video-preview:-1\" \/>\n<link rel=\"canonical\" href=\"https:\/\/instytutpolski.pl\/bucuresti\/2025\/07\/07\/anunt-de-licitatie-pentru-vanzarea-de-bunuri-mobile-2\/\" \/>\n<meta property=\"og:locale\" content=\"pl_PL\" \/>\n<meta property=\"og:type\" content=\"article\" \/>\n<meta property=\"og:title\" content=\"ANUN\u021a DE LICITA\u021aIE PENTRU V\u00c2NZAREA DE BUNURI MOBILE - Instytut Polski w Bukareszcie\" \/>\n<meta property=\"og:description\" content=\"Obiectul licita\u021bieiAutoturism Volkswagen Sharan, an fabrica\u021bie 2014, motor diesel de 1968 cm\u00b3, putere 103 kW, cutie manual\u0103 cu 6 trepte, culoare bleumarin, rulaj aproximativ 230.459 km. Vehiculul este \u00een stare tehnic\u0103 bun\u0103, fiind eficient \u0219i bine \u00eentre\u021binut. Pre\u021b de pornire: 5200,00 EUR (net)Depozit de participare: 520,00 EUR (net) Vizionarea autoturismuluiMa\u0219ina poate fi vizionat\u0103 \u00een perioada [&hellip;]\" \/>\n<meta property=\"og:url\" content=\"https:\/\/instytutpolski.pl\/bucuresti\/2025\/07\/07\/anunt-de-licitatie-pentru-vanzarea-de-bunuri-mobile-2\/\" \/>\n<meta property=\"og:site_name\" content=\"Instytut Polski w Bukareszcie\" \/>\n<meta property=\"article:published_time\" content=\"2025-07-07T14:12:41+00:00\" \/>\n<meta property=\"article:modified_time\" content=\"2026-01-26T11:43:04+00:00\" \/>\n<meta property=\"og:image\" content=\"https:\/\/instytutpolski.pl\/bucuresti\/wp-content\/uploads\/sites\/11\/2025\/04\/Design-fara-titlu-3-1024x576.png\" \/>\n\t<meta property=\"og:image:width\" content=\"1024\" \/>\n\t<meta property=\"og:image:height\" content=\"576\" \/>\n\t<meta property=\"og:image:type\" content=\"image\/png\" \/>\n<meta name=\"author\" content=\"zalaszewskak\" \/>\n<meta name=\"twitter:card\" content=\"summary_large_image\" \/>\n<meta name=\"twitter:label1\" content=\"Napisane przez\" \/>\n\t<meta name=\"twitter:data1\" content=\"zalaszewskak\" \/>\n\t<meta name=\"twitter:label2\" content=\"Szacowany czas czytania\" \/>\n\t<meta name=\"twitter:data2\" content=\"3 minuty\" \/>\n<script type=\"application\/ld+json\" class=\"yoast-schema-graph\">{\"@context\":\"https:\/\/schema.org\",\"@graph\":[{\"@type\":\"event\",\"@id\":\"https:\/\/instytutpolski.pl\/bucuresti\/2025\/07\/07\/anunt-de-licitatie-pentru-vanzarea-de-bunuri-mobile-2\/\",\"url\":\"https:\/\/instytutpolski.pl\/bucuresti\/2025\/07\/07\/anunt-de-licitatie-pentru-vanzarea-de-bunuri-mobile-2\/\",\"name\":\"ANUN\u021a DE LICITA\u021aIE PENTRU V\u00c2NZAREA DE BUNURI MOBILE\",\"isPartOf\":{\"@id\":\"https:\/\/instytutpolski.pl\/bucuresti\/#website\"},\"primaryImageOfPage\":{\"@id\":\"https:\/\/instytutpolski.pl\/bucuresti\/2025\/07\/07\/anunt-de-licitatie-pentru-vanzarea-de-bunuri-mobile-2\/#primaryimage\"},\"image\":[\"https:\/\/instytutpolski.pl\/bucuresti\/wp-content\/uploads\/sites\/11\/2025\/04\/Design-fara-titlu-3.png\",\"https:\/\/instytutpolski.pl\/bucuresti\/wp-content\/uploads\/sites\/11\/2025\/04\/Design-fara-titlu-3-300x169.png\",\"https:\/\/instytutpolski.pl\/bucuresti\/wp-content\/uploads\/sites\/11\/2025\/04\/Design-fara-titlu-3-1024x576.png\",\"https:\/\/instytutpolski.pl\/bucuresti\/wp-content\/uploads\/sites\/11\/2025\/04\/Design-fara-titlu-3.png\"],\"thumbnailUrl\":\"https:\/\/instytutpolski.pl\/bucuresti\/wp-content\/uploads\/sites\/11\/2025\/04\/Design-fara-titlu-3.png\",\"datePublished\":\"2025-07-07T14:12:41+02:00\",\"dateModified\":\"2026-01-26T11:43:04+02:00\",\"author\":{\"@id\":\"https:\/\/instytutpolski.pl\/bucuresti\/#\/schema\/person\/cbf38f4ffa10f919673d0e5f3ee6677d\"},\"breadcrumb\":{\"@id\":\"https:\/\/instytutpolski.pl\/bucuresti\/2025\/07\/07\/anunt-de-licitatie-pentru-vanzarea-de-bunuri-mobile-2\/#breadcrumb\"},\"inLanguage\":\"pl-PL\",\"potentialAction\":[{\"@type\":\"ReadAction\",\"target\":[\"https:\/\/instytutpolski.pl\/bucuresti\/2025\/07\/07\/anunt-de-licitatie-pentru-vanzarea-de-bunuri-mobile-2\/\"]}],\"@context\":\"https:\/\/schema.org\",\"startDate\":\"2025-07-07\",\"endDate\":\"2025-07-25\",\"eventStatus\":\"EventScheduled\",\"eventAttendanceMode\":\"OfflineEventAttendanceMode\",\"location\":{\"@type\":\"place\",\"name\":\"\",\"address\":\"\",\"geo\":{\"@type\":\"GeoCoordinates\",\"latitude\":\"\",\"longitude\":\"\"}},\"description\":\"Obiectul licita\u021bieiAutoturism Volkswagen Sharan, an fabrica\u021bie 2014, motor diesel de 1968 cm\u00b3, putere 103 kW, cutie manual\u0103 cu 6 trepte, culoare bleumarin, rulaj aproximativ 230.459 km. Vehiculul este \u00een stare tehnic\u0103 bun\u0103, fiind eficient \u0219i bine \u00eentre\u021binut.\\nPre\u021b de pornire: 5200,00 EUR (net)Depozit de participare: 520,00 EUR (net)\\nVizionarea autoturismuluiMa\u0219ina poate fi vizionat\u0103 \u00een perioada 7 \u2013 23 iulie 2025, \u00eentre orele 9:00 \u2013 12:30, doar pe baz\u0103 de programare prealabil\u0103, la sediul Ambasadei Republicii Polone din Bucure\u0219ti. Detalii suplimentare pot fi ob\u021binute de la doamna Anna Nicolau, tel.: 021 224 45 56.\\nCondi\u021bii de participarePentru participarea la licita\u021bie, este necesar\u0103 achitarea \u00een numerar a unui depozit de 10% din valoarea de pornire. Ofertele trebuie depuse \u00een plic sigilat la sediul Ambasadei, p\u00e2n\u0103 cel t\u00e2rziu la data de 24 iulie 2025, \u00eenso\u021bite de documentele necesare prev\u0103zute \u00een regulament.\\nDesf\u0103\u0219urarea licita\u021biei \u0219i alte preciz\u0103riC\u00e2\u0219tig\u0103torul va fi ofertantul cu cel mai mare pre\u021b ofert, care va fi invitat la semnarea contractului de v\u00e2nzare-cump\u0103rare. \u00cen caz de refuz sau neplat\u0103, se va desemna urm\u0103torul ofertant \u00een ordinea valorii oferite. Institutul \u00ee\u0219i rezerv\u0103 dreptul de a opri licita\u021bia f\u0103r\u0103 a selecta o ofert\u0103.\\nV\u00e2nzarea se va face f\u0103r\u0103 emiterea facturi, pe baza unui contract semnat \u00een termen de 14 zile lucr\u0103toare de la data licita\u021biei. Autoturismul va putea fi preluat dup\u0103 achitarea integral a pre\u021bului \u0219i \u00eenmatricularea pe numele cump\u0103r\u0103torului.\\nPentru mai multe detalii \u0219i modelul ofertei, v\u0103 rug\u0103m s\u0103 consulta\u021bi informa\u021biile puse la dispozi\u021bie de organizator (anexele le g\u0103si\u021bi sub fotografii).\\n    \\nAnexa-nr-3\u00a0Anexa-nr-1 Anunt licitatie pentru vanzare autoturism\\nAnexa nr 2\"},{\"@type\":\"ImageObject\",\"inLanguage\":\"pl-PL\",\"@id\":\"https:\/\/instytutpolski.pl\/bucuresti\/2025\/07\/07\/anunt-de-licitatie-pentru-vanzarea-de-bunuri-mobile-2\/#primaryimage\",\"url\":\"https:\/\/instytutpolski.pl\/bucuresti\/wp-content\/uploads\/sites\/11\/2025\/04\/Design-fara-titlu-3.png\",\"contentUrl\":\"https:\/\/instytutpolski.pl\/bucuresti\/wp-content\/uploads\/sites\/11\/2025\/04\/Design-fara-titlu-3.png\",\"width\":1920,\"height\":1080},{\"@type\":\"BreadcrumbList\",\"@id\":\"https:\/\/instytutpolski.pl\/bucuresti\/2025\/07\/07\/anunt-de-licitatie-pentru-vanzarea-de-bunuri-mobile-2\/#breadcrumb\",\"itemListElement\":[{\"@type\":\"ListItem\",\"position\":1,\"name\":\"Home\",\"item\":\"https:\/\/instytutpolski.pl\/bucuresti\/\"},{\"@type\":\"ListItem\",\"position\":2,\"name\":\"ANUN\u021a DE LICITA\u021aIE PENTRU V\u00c2NZAREA DE BUNURI MOBILE\"}]},{\"@type\":\"WebSite\",\"@id\":\"https:\/\/instytutpolski.pl\/bucuresti\/#website\",\"url\":\"https:\/\/instytutpolski.pl\/bucuresti\/\",\"name\":\"Instytut Polski w Bukareszcie\",\"description\":\"Instytuty Polskie\",\"potentialAction\":[{\"@type\":\"SearchAction\",\"target\":{\"@type\":\"EntryPoint\",\"urlTemplate\":\"https:\/\/instytutpolski.pl\/bucuresti\/?s={search_term_string}\"},\"query-input\":{\"@type\":\"PropertyValueSpecification\",\"valueRequired\":true,\"valueName\":\"search_term_string\"}}],\"inLanguage\":\"pl-PL\"},{\"@type\":\"Person\",\"@id\":\"https:\/\/instytutpolski.pl\/bucuresti\/#\/schema\/person\/cbf38f4ffa10f919673d0e5f3ee6677d\",\"name\":\"zalaszewskak\",\"image\":{\"@type\":\"ImageObject\",\"inLanguage\":\"pl-PL\",\"@id\":\"https:\/\/instytutpolski.pl\/bucuresti\/#\/schema\/person\/image\/\",\"url\":\"https:\/\/secure.gravatar.com\/avatar\/c2e847fb86e9b9e6a80aa771ff34772f?s=96&d=mm&r=g\",\"contentUrl\":\"https:\/\/secure.gravatar.com\/avatar\/c2e847fb86e9b9e6a80aa771ff34772f?s=96&d=mm&r=g\",\"caption\":\"zalaszewskak\"},\"url\":\"https:\/\/instytutpolski.pl\/bucuresti\/author\/zalaszewskak\/\"}]}<\/script>\n<!-- \/ Yoast SEO plugin. -->","yoast_head_json":{"title":"ANUN\u021a DE LICITA\u021aIE PENTRU V\u00c2NZAREA DE BUNURI MOBILE - Instytut Polski w Bukareszcie","robots":{"index":"index","follow":"follow","max-snippet":"max-snippet:-1","max-image-preview":"max-image-preview:large","max-video-preview":"max-video-preview:-1"},"canonical":"https:\/\/instytutpolski.pl\/bucuresti\/2025\/07\/07\/anunt-de-licitatie-pentru-vanzarea-de-bunuri-mobile-2\/","og_locale":"pl_PL","og_type":"article","og_title":"ANUN\u021a DE LICITA\u021aIE PENTRU V\u00c2NZAREA DE BUNURI MOBILE - Instytut Polski w Bukareszcie","og_description":"Obiectul licita\u021bieiAutoturism Volkswagen Sharan, an fabrica\u021bie 2014, motor diesel de 1968 cm\u00b3, putere 103 kW, cutie manual\u0103 cu 6 trepte, culoare bleumarin, rulaj aproximativ 230.459 km. Vehiculul este \u00een stare tehnic\u0103 bun\u0103, fiind eficient \u0219i bine \u00eentre\u021binut. Pre\u021b de pornire: 5200,00 EUR (net)Depozit de participare: 520,00 EUR (net) Vizionarea autoturismuluiMa\u0219ina poate fi vizionat\u0103 \u00een perioada [&hellip;]","og_url":"https:\/\/instytutpolski.pl\/bucuresti\/2025\/07\/07\/anunt-de-licitatie-pentru-vanzarea-de-bunuri-mobile-2\/","og_site_name":"Instytut Polski w Bukareszcie","article_published_time":"2025-07-07T14:12:41+00:00","article_modified_time":"2026-01-26T11:43:04+00:00","og_image":[{"width":1024,"height":576,"url":"https:\/\/instytutpolski.pl\/bucuresti\/wp-content\/uploads\/sites\/11\/2025\/04\/Design-fara-titlu-3-1024x576.png","type":"image\/png"}],"author":"zalaszewskak","twitter_card":"summary_large_image","twitter_misc":{"Napisane przez":"zalaszewskak","Szacowany czas czytania":"3 minuty"},"schema":{"@context":"https:\/\/schema.org","@graph":[{"@type":"event","@id":"https:\/\/instytutpolski.pl\/bucuresti\/2025\/07\/07\/anunt-de-licitatie-pentru-vanzarea-de-bunuri-mobile-2\/","url":"https:\/\/instytutpolski.pl\/bucuresti\/2025\/07\/07\/anunt-de-licitatie-pentru-vanzarea-de-bunuri-mobile-2\/","name":"ANUN\u021a DE LICITA\u021aIE PENTRU V\u00c2NZAREA DE BUNURI MOBILE","isPartOf":{"@id":"https:\/\/instytutpolski.pl\/bucuresti\/#website"},"primaryImageOfPage":{"@id":"https:\/\/instytutpolski.pl\/bucuresti\/2025\/07\/07\/anunt-de-licitatie-pentru-vanzarea-de-bunuri-mobile-2\/#primaryimage"},"image":["https:\/\/instytutpolski.pl\/bucuresti\/wp-content\/uploads\/sites\/11\/2025\/04\/Design-fara-titlu-3.png","https:\/\/instytutpolski.pl\/bucuresti\/wp-content\/uploads\/sites\/11\/2025\/04\/Design-fara-titlu-3-300x169.png","https:\/\/instytutpolski.pl\/bucuresti\/wp-content\/uploads\/sites\/11\/2025\/04\/Design-fara-titlu-3-1024x576.png","https:\/\/instytutpolski.pl\/bucuresti\/wp-content\/uploads\/sites\/11\/2025\/04\/Design-fara-titlu-3.png"],"thumbnailUrl":"https:\/\/instytutpolski.pl\/bucuresti\/wp-content\/uploads\/sites\/11\/2025\/04\/Design-fara-titlu-3.png","datePublished":"2025-07-07T14:12:41+02:00","dateModified":"2026-01-26T11:43:04+02:00","author":{"@id":"https:\/\/instytutpolski.pl\/bucuresti\/#\/schema\/person\/cbf38f4ffa10f919673d0e5f3ee6677d"},"breadcrumb":{"@id":"https:\/\/instytutpolski.pl\/bucuresti\/2025\/07\/07\/anunt-de-licitatie-pentru-vanzarea-de-bunuri-mobile-2\/#breadcrumb"},"inLanguage":"pl-PL","potentialAction":[{"@type":"ReadAction","target":["https:\/\/instytutpolski.pl\/bucuresti\/2025\/07\/07\/anunt-de-licitatie-pentru-vanzarea-de-bunuri-mobile-2\/"]}],"@context":"https:\/\/schema.org","startDate":"2025-07-07","endDate":"2025-07-25","eventStatus":"EventScheduled","eventAttendanceMode":"OfflineEventAttendanceMode","location":{"@type":"place","name":"","address":"","geo":{"@type":"GeoCoordinates","latitude":"","longitude":""}},"description":"Obiectul licita\u021bieiAutoturism Volkswagen Sharan, an fabrica\u021bie 2014, motor diesel de 1968 cm\u00b3, putere 103 kW, cutie manual\u0103 cu 6 trepte, culoare bleumarin, rulaj aproximativ 230.459 km. Vehiculul este \u00een stare tehnic\u0103 bun\u0103, fiind eficient \u0219i bine \u00eentre\u021binut.\nPre\u021b de pornire: 5200,00 EUR (net)Depozit de participare: 520,00 EUR (net)\nVizionarea autoturismuluiMa\u0219ina poate fi vizionat\u0103 \u00een perioada 7 \u2013 23 iulie 2025, \u00eentre orele 9:00 \u2013 12:30, doar pe baz\u0103 de programare prealabil\u0103, la sediul Ambasadei Republicii Polone din Bucure\u0219ti. Detalii suplimentare pot fi ob\u021binute de la doamna Anna Nicolau, tel.: 021 224 45 56.\nCondi\u021bii de participarePentru participarea la licita\u021bie, este necesar\u0103 achitarea \u00een numerar a unui depozit de 10% din valoarea de pornire. Ofertele trebuie depuse \u00een plic sigilat la sediul Ambasadei, p\u00e2n\u0103 cel t\u00e2rziu la data de 24 iulie 2025, \u00eenso\u021bite de documentele necesare prev\u0103zute \u00een regulament.\nDesf\u0103\u0219urarea licita\u021biei \u0219i alte preciz\u0103riC\u00e2\u0219tig\u0103torul va fi ofertantul cu cel mai mare pre\u021b ofert, care va fi invitat la semnarea contractului de v\u00e2nzare-cump\u0103rare. \u00cen caz de refuz sau neplat\u0103, se va desemna urm\u0103torul ofertant \u00een ordinea valorii oferite. Institutul \u00ee\u0219i rezerv\u0103 dreptul de a opri licita\u021bia f\u0103r\u0103 a selecta o ofert\u0103.\nV\u00e2nzarea se va face f\u0103r\u0103 emiterea facturi, pe baza unui contract semnat \u00een termen de 14 zile lucr\u0103toare de la data licita\u021biei. Autoturismul va putea fi preluat dup\u0103 achitarea integral a pre\u021bului \u0219i \u00eenmatricularea pe numele cump\u0103r\u0103torului.\nPentru mai multe detalii \u0219i modelul ofertei, v\u0103 rug\u0103m s\u0103 consulta\u021bi informa\u021biile puse la dispozi\u021bie de organizator (anexele le g\u0103si\u021bi sub fotografii).\n    \nAnexa-nr-3\u00a0Anexa-nr-1 Anunt licitatie pentru vanzare autoturism\nAnexa nr 2"},{"@type":"ImageObject","inLanguage":"pl-PL","@id":"https:\/\/instytutpolski.pl\/bucuresti\/2025\/07\/07\/anunt-de-licitatie-pentru-vanzarea-de-bunuri-mobile-2\/#primaryimage","url":"https:\/\/instytutpolski.pl\/bucuresti\/wp-content\/uploads\/sites\/11\/2025\/04\/Design-fara-titlu-3.png","contentUrl":"https:\/\/instytutpolski.pl\/bucuresti\/wp-content\/uploads\/sites\/11\/2025\/04\/Design-fara-titlu-3.png","width":1920,"height":1080},{"@type":"BreadcrumbList","@id":"https:\/\/instytutpolski.pl\/bucuresti\/2025\/07\/07\/anunt-de-licitatie-pentru-vanzarea-de-bunuri-mobile-2\/#breadcrumb","itemListElement":[{"@type":"ListItem","position":1,"name":"Home","item":"https:\/\/instytutpolski.pl\/bucuresti\/"},{"@type":"ListItem","position":2,"name":"ANUN\u021a DE LICITA\u021aIE PENTRU V\u00c2NZAREA DE BUNURI MOBILE"}]},{"@type":"WebSite","@id":"https:\/\/instytutpolski.pl\/bucuresti\/#website","url":"https:\/\/instytutpolski.pl\/bucuresti\/","name":"Instytut Polski w Bukareszcie","description":"Instytuty Polskie","potentialAction":[{"@type":"SearchAction","target":{"@type":"EntryPoint","urlTemplate":"https:\/\/instytutpolski.pl\/bucuresti\/?s={search_term_string}"},"query-input":{"@type":"PropertyValueSpecification","valueRequired":true,"valueName":"search_term_string"}}],"inLanguage":"pl-PL"},{"@type":"Person","@id":"https:\/\/instytutpolski.pl\/bucuresti\/#\/schema\/person\/cbf38f4ffa10f919673d0e5f3ee6677d","name":"zalaszewskak","image":{"@type":"ImageObject","inLanguage":"pl-PL","@id":"https:\/\/instytutpolski.pl\/bucuresti\/#\/schema\/person\/image\/","url":"https:\/\/secure.gravatar.com\/avatar\/c2e847fb86e9b9e6a80aa771ff34772f?s=96&d=mm&r=g","contentUrl":"https:\/\/secure.gravatar.com\/avatar\/c2e847fb86e9b9e6a80aa771ff34772f?s=96&d=mm&r=g","caption":"zalaszewskak"},"url":"https:\/\/instytutpolski.pl\/bucuresti\/author\/zalaszewskak\/"}]}},"_links":{"self":[{"href":"https:\/\/instytutpolski.pl\/bucuresti\/wp-json\/wp\/v2\/posts\/14136","targetHints":{"allow":["GET"]}}],"collection":[{"href":"https:\/\/instytutpolski.pl\/bucuresti\/wp-json\/wp\/v2\/posts"}],"about":[{"href":"https:\/\/instytutpolski.pl\/bucuresti\/wp-json\/wp\/v2\/types\/post"}],"author":[{"embeddable":true,"href":"https:\/\/instytutpolski.pl\/bucuresti\/wp-json\/wp\/v2\/users\/44"}],"replies":[{"embeddable":true,"href":"https:\/\/instytutpolski.pl\/bucuresti\/wp-json\/wp\/v2\/comments?post=14136"}],"version-history":[{"count":8,"href":"https:\/\/instytutpolski.pl\/bucuresti\/wp-json\/wp\/v2\/posts\/14136\/revisions"}],"predecessor-version":[{"id":14228,"href":"https:\/\/instytutpolski.pl\/bucuresti\/wp-json\/wp\/v2\/posts\/14136\/revisions\/14228"}],"wp:featuredmedia":[{"embeddable":true,"href":"https:\/\/instytutpolski.pl\/bucuresti\/wp-json\/wp\/v2\/media\/13581"}],"wp:attachment":[{"href":"https:\/\/instytutpolski.pl\/bucuresti\/wp-json\/wp\/v2\/media?parent=14136"}],"wp:term":[{"taxonomy":"category","embeddable":true,"href":"https:\/\/instytutpolski.pl\/bucuresti\/wp-json\/wp\/v2\/categories?post=14136"},{"taxonomy":"post_tag","embeddable":true,"href":"https:\/\/instytutpolski.pl\/bucuresti\/wp-json\/wp\/v2\/tags?post=14136"}],"curies":[{"name":"wp","href":"https:\/\/api.w.org\/{rel}","templated":true}]}}