{"id":1423,"date":"2019-04-17T17:11:00","date_gmt":"2019-04-17T15:11:00","guid":{"rendered":"https:\/\/instytutpolski.pl\/bucuresti\/?p=1423"},"modified":"2020-05-12T17:25:15","modified_gmt":"2020-05-12T15:25:15","slug":"another-europe-expozitie-de-fotografie-la-sibiu","status":"publish","type":"post","link":"https:\/\/instytutpolski.pl\/bucuresti\/2019\/04\/17\/another-europe-expozitie-de-fotografie-la-sibiu\/","title":{"rendered":"\u201eAnother Europe\u201d- expozi\u021bie de fotografie la Sibiu"},"content":{"rendered":"\n<p>Expozi\u021bia \u00een aer liber \u201eAnother Europe \/ O alt\u0103 Europ\u0103\u201d este alc\u0103tuit\u0103 din 28 de fotografii de mari dimensiuni, care ilustreaz\u0103 diversitatea cultural\u0103 a continentului nostru. Printre autorii fotografiilor se g\u0103sesc at\u00e2t arti\u0219ti cunoscu\u021bi, c\u00e2t \u0219i tinere talente. \u00cempreun\u0103, ace\u0219tia abordeaz\u0103 teme legate nu doar identitatea cultural\u0103 a \u021b\u0103rilor membre, ci \u0219i de patrimoniul european comun.<\/p>\n<p>Autorul fotografiei poloneze este Adam Pa\u0144czuk (n. 1978), premiat \u00een numeroase r\u00e2nduri la concursuri na\u021bionale \u0219i interna\u021bionale, membru al colectivului de fotografi Sputnik Photos, care, din anul 2006, aduce laolalt\u0103 fotoreporteri din Europa Central\u0103 \u0219i de Est \u0219i care realizeaz\u0103 fotoreportaje publicate de cele mai importante canale media din lume.<\/p>\n<p>Ini\u021biatorii expozi\u021biei \u201eAnother Europe \/ O alt\u0103 Europ\u0103\u201d sunt Forumul Cultural Austriac din Bucure\u0219ti, \u00een colaborare cu re\u021beaua european\u0103 a institutelor culturale EUNIC Rom\u00e2nia, al c\u0103rei membru este \u0219i Institutul Polonez din Bucure\u0219ti, \u00eempreun\u0103 cu Reprezentan\u021ba Comisiei Europene \u00een Rom\u00e2nia \u0219i Prim\u0103ria Municipiului Sibiu.<\/p>\n<p><strong>Vernisajul va avea loc pe 18 aprilie 2019, la ora 11.00, la hotelul \u201e\u00cemp\u0103ratul Romanilor\u201d, str. Nicolae B\u0103lcescu 4 din Sibiu<\/strong>, unde vor participa fotografi din Germania, Irlanda, Polonia, Rom\u00e2nia, Slovacia \u0219i Suedia, precum \u0219i curatorul expozi\u021biei, artistul britanic Hamish Park.<\/p>\n<p>Deschiderea expozi\u021biei va fi \u00eenso\u021bit\u0103 de ateliere \u00een cadrul c\u0103rora autorii fotografiilor, printre care \u0219i Adam Pa\u0144czuk, vor discuta cu participan\u021bii despre lucr\u0103rile lor \u0219i tehnicile folosite la realizarea acestora. Atelierele vor avea loc \u00een Sala Senatului Universit\u0103\u021bii \u201eLucian Blaga\u201d din Sibiu (<a href=\"https:\/\/www.facebook.com\/events\/280852502864030\/\" target=\"_blank\" rel=\"noopener noreferrer\">mai mult &gt;&gt;&gt;<\/a>).<\/p>\n<p>Expozi\u021bia de la Sibiu poate fi v\u0103zut\u0103 \u00een perioada 18 aprilie-16 mai 2019, pe artera pietonal\u0103 Nicolae B\u0103lcescu.<\/p>\n<p><a href=\"https:\/\/www.facebook.com\/events\/611141599312937\/\" target=\"_blank\" rel=\"noopener noreferrer\">https:\/\/www.facebook.com\/events\/611141599312937\/<\/a><\/p>\n","protected":false},"excerpt":{"rendered":"<p>Expozi\u021bia \u00een aer liber \u201eAnother Europe \/ O alt\u0103 Europ\u0103\u201d este alc\u0103tuit\u0103 din 28 de fotografii de mari dimensiuni, care ilustreaz\u0103 diversitatea cultural\u0103 a continentului nostru. Printre autorii fotografiilor se g\u0103sesc at\u00e2t arti\u0219ti cunoscu\u021bi, c\u00e2t \u0219i tinere talente. \u00cempreun\u0103, ace\u0219tia abordeaz\u0103 teme legate nu doar identitatea cultural\u0103 a \u021b\u0103rilor membre, ci \u0219i de patrimoniul european [&hellip;]<\/p>\n","protected":false},"author":43,"featured_media":1424,"comment_status":"open","ping_status":"open","sticky":false,"template":"","format":"standard","meta":{"inline_featured_image":false,"_monsterinsights_skip_tracking":false,"_monsterinsights_sitenote_active":false,"_monsterinsights_sitenote_note":"","_monsterinsights_sitenote_category":0,"footnotes":""},"categories":[16,94],"tags":[242,245,243,244,246],"class_list":["post-1423","post","type-post","status-publish","format-standard","has-post-thumbnail","hentry","category-arte-vizuale","category-evenimente","tag-another-europe","tag-eunic-romania","tag-fotografie","tag-panczuk","tag-presedintia-romaniei-la-consiliul-ue"],"yoast_head":"<!-- This site is optimized with the Yoast SEO plugin v24.6 - https:\/\/yoast.com\/wordpress\/plugins\/seo\/ -->\n<title>\u201eAnother Europe\u201d- expozi\u021bie de fotografie la Sibiu - Instytut Polski w Bukareszcie<\/title>\n<meta name=\"robots\" content=\"index, follow, max-snippet:-1, max-image-preview:large, max-video-preview:-1\" \/>\n<link rel=\"canonical\" href=\"https:\/\/instytutpolski.pl\/bucuresti\/2019\/04\/17\/another-europe-expozitie-de-fotografie-la-sibiu\/\" \/>\n<meta property=\"og:locale\" content=\"pl_PL\" \/>\n<meta property=\"og:type\" content=\"article\" \/>\n<meta property=\"og:title\" content=\"\u201eAnother Europe\u201d- expozi\u021bie de fotografie la Sibiu - Instytut Polski w Bukareszcie\" \/>\n<meta property=\"og:description\" content=\"Expozi\u021bia \u00een aer liber \u201eAnother Europe \/ O alt\u0103 Europ\u0103\u201d este alc\u0103tuit\u0103 din 28 de fotografii de mari dimensiuni, care ilustreaz\u0103 diversitatea cultural\u0103 a continentului nostru. Printre autorii fotografiilor se g\u0103sesc at\u00e2t arti\u0219ti cunoscu\u021bi, c\u00e2t \u0219i tinere talente. \u00cempreun\u0103, ace\u0219tia abordeaz\u0103 teme legate nu doar identitatea cultural\u0103 a \u021b\u0103rilor membre, ci \u0219i de patrimoniul european [&hellip;]\" \/>\n<meta property=\"og:url\" content=\"https:\/\/instytutpolski.pl\/bucuresti\/2019\/04\/17\/another-europe-expozitie-de-fotografie-la-sibiu\/\" \/>\n<meta property=\"og:site_name\" content=\"Instytut Polski w Bukareszcie\" \/>\n<meta property=\"article:published_time\" content=\"2019-04-17T15:11:00+00:00\" \/>\n<meta property=\"article:modified_time\" content=\"2020-05-12T15:25:15+00:00\" \/>\n<meta property=\"og:image\" content=\"https:\/\/instytutpolski.pl\/bucuresti\/wp-content\/uploads\/sites\/11\/2020\/05\/another-europe-expozitie-de-fotografie-la-sibiu_b5b93f.jpg\" \/>\n\t<meta property=\"og:image:width\" content=\"660\" \/>\n\t<meta property=\"og:image:height\" content=\"346\" \/>\n\t<meta property=\"og:image:type\" content=\"image\/jpeg\" \/>\n<meta name=\"author\" content=\"nicolaua\" \/>\n<meta name=\"twitter:card\" content=\"summary_large_image\" \/>\n<meta name=\"twitter:label1\" content=\"Napisane przez\" \/>\n\t<meta name=\"twitter:data1\" content=\"nicolaua\" \/>\n\t<meta name=\"twitter:label2\" content=\"Szacowany czas czytania\" \/>\n\t<meta name=\"twitter:data2\" content=\"1 minuta\" \/>\n<script type=\"application\/ld+json\" class=\"yoast-schema-graph\">{\"@context\":\"https:\/\/schema.org\",\"@graph\":[{\"@type\":\"event\",\"@id\":\"https:\/\/instytutpolski.pl\/bucuresti\/2019\/04\/17\/another-europe-expozitie-de-fotografie-la-sibiu\/\",\"url\":\"https:\/\/instytutpolski.pl\/bucuresti\/2019\/04\/17\/another-europe-expozitie-de-fotografie-la-sibiu\/\",\"name\":\"\u201eAnother Europe\u201d- expozi\u021bie de fotografie la Sibiu\",\"isPartOf\":{\"@id\":\"https:\/\/instytutpolski.pl\/bucuresti\/#website\"},\"primaryImageOfPage\":{\"@id\":\"https:\/\/instytutpolski.pl\/bucuresti\/2019\/04\/17\/another-europe-expozitie-de-fotografie-la-sibiu\/#primaryimage\"},\"image\":[\"https:\/\/instytutpolski.pl\/bucuresti\/wp-content\/uploads\/sites\/11\/2020\/05\/another-europe-expozitie-de-fotografie-la-sibiu_b5b93f.jpg\",\"https:\/\/instytutpolski.pl\/bucuresti\/wp-content\/uploads\/sites\/11\/2020\/05\/another-europe-expozitie-de-fotografie-la-sibiu_b5b93f-300x157.jpg\",\"https:\/\/instytutpolski.pl\/bucuresti\/wp-content\/uploads\/sites\/11\/2020\/05\/another-europe-expozitie-de-fotografie-la-sibiu_b5b93f.jpg\",\"https:\/\/instytutpolski.pl\/bucuresti\/wp-content\/uploads\/sites\/11\/2020\/05\/another-europe-expozitie-de-fotografie-la-sibiu_b5b93f.jpg\"],\"thumbnailUrl\":\"https:\/\/instytutpolski.pl\/bucuresti\/wp-content\/uploads\/sites\/11\/2020\/05\/another-europe-expozitie-de-fotografie-la-sibiu_b5b93f.jpg\",\"datePublished\":\"2019-04-17T15:11:00+02:00\",\"dateModified\":\"2020-05-12T15:25:15+02:00\",\"author\":{\"@id\":\"https:\/\/instytutpolski.pl\/bucuresti\/#\/schema\/person\/a1d5ab39dce466455f60589721519864\"},\"breadcrumb\":{\"@id\":\"https:\/\/instytutpolski.pl\/bucuresti\/2019\/04\/17\/another-europe-expozitie-de-fotografie-la-sibiu\/#breadcrumb\"},\"inLanguage\":\"pl-PL\",\"potentialAction\":[{\"@type\":\"ReadAction\",\"target\":[\"https:\/\/instytutpolski.pl\/bucuresti\/2019\/04\/17\/another-europe-expozitie-de-fotografie-la-sibiu\/\"]}],\"@context\":\"https:\/\/schema.org\",\"startDate\":\"2019-04-18\",\"endDate\":\"2019-05-16\",\"eventStatus\":\"EventScheduled\",\"eventAttendanceMode\":\"OfflineEventAttendanceMode\",\"location\":{\"@type\":\"place\",\"name\":\"\",\"address\":\"\",\"geo\":{\"@type\":\"GeoCoordinates\",\"latitude\":\"\",\"longitude\":\"\"}},\"description\":\"Expozi\u021bia \u00een aer liber \u201eAnother Europe \/ O alt\u0103 Europ\u0103\u201d este alc\u0103tuit\u0103 din 28 de fotografii de mari dimensiuni, care ilustreaz\u0103 diversitatea cultural\u0103 a continentului nostru. Printre autorii fotografiilor se g\u0103sesc at\u00e2t arti\u0219ti cunoscu\u021bi, c\u00e2t \u0219i tinere talente. \u00cempreun\u0103, ace\u0219tia abordeaz\u0103 teme legate nu doar identitatea cultural\u0103 a \u021b\u0103rilor membre, ci \u0219i de patrimoniul european comun.\\nAutorul fotografiei poloneze este Adam Pa\u0144czuk (n. 1978), premiat \u00een numeroase r\u00e2nduri la concursuri na\u021bionale \u0219i interna\u021bionale, membru al colectivului de fotografi Sputnik Photos, care, din anul 2006, aduce laolalt\u0103 fotoreporteri din Europa Central\u0103 \u0219i de Est \u0219i care realizeaz\u0103 fotoreportaje publicate de cele mai importante canale media din lume.\\nIni\u021biatorii expozi\u021biei \u201eAnother Europe \/ O alt\u0103 Europ\u0103\u201d sunt Forumul Cultural Austriac din Bucure\u0219ti, \u00een colaborare cu re\u021beaua european\u0103 a institutelor culturale EUNIC Rom\u00e2nia, al c\u0103rei membru este \u0219i Institutul Polonez din Bucure\u0219ti, \u00eempreun\u0103 cu Reprezentan\u021ba Comisiei Europene \u00een Rom\u00e2nia \u0219i Prim\u0103ria Municipiului Sibiu.\\nVernisajul va avea loc pe 18 aprilie 2019, la ora 11.00, la hotelul \u201e\u00cemp\u0103ratul Romanilor\u201d, str. Nicolae B\u0103lcescu 4 din Sibiu, unde vor participa fotografi din Germania, Irlanda, Polonia, Rom\u00e2nia, Slovacia \u0219i Suedia, precum \u0219i curatorul expozi\u021biei, artistul britanic Hamish Park.\\nDeschiderea expozi\u021biei va fi \u00eenso\u021bit\u0103 de ateliere \u00een cadrul c\u0103rora autorii fotografiilor, printre care \u0219i Adam Pa\u0144czuk, vor discuta cu participan\u021bii despre lucr\u0103rile lor \u0219i tehnicile folosite la realizarea acestora. Atelierele vor avea loc \u00een Sala Senatului Universit\u0103\u021bii \u201eLucian Blaga\u201d din Sibiu (mai mult &gt;&gt;&gt;).\\nExpozi\u021bia de la Sibiu poate fi v\u0103zut\u0103 \u00een perioada 18 aprilie-16 mai 2019, pe artera pietonal\u0103 Nicolae B\u0103lcescu.\\nhttps:\/\/www.facebook.com\/events\/611141599312937\/\"},{\"@type\":\"ImageObject\",\"inLanguage\":\"pl-PL\",\"@id\":\"https:\/\/instytutpolski.pl\/bucuresti\/2019\/04\/17\/another-europe-expozitie-de-fotografie-la-sibiu\/#primaryimage\",\"url\":\"https:\/\/instytutpolski.pl\/bucuresti\/wp-content\/uploads\/sites\/11\/2020\/05\/another-europe-expozitie-de-fotografie-la-sibiu_b5b93f.jpg\",\"contentUrl\":\"https:\/\/instytutpolski.pl\/bucuresti\/wp-content\/uploads\/sites\/11\/2020\/05\/another-europe-expozitie-de-fotografie-la-sibiu_b5b93f.jpg\",\"width\":660,\"height\":346},{\"@type\":\"BreadcrumbList\",\"@id\":\"https:\/\/instytutpolski.pl\/bucuresti\/2019\/04\/17\/another-europe-expozitie-de-fotografie-la-sibiu\/#breadcrumb\",\"itemListElement\":[{\"@type\":\"ListItem\",\"position\":1,\"name\":\"Home\",\"item\":\"https:\/\/instytutpolski.pl\/bucuresti\/\"},{\"@type\":\"ListItem\",\"position\":2,\"name\":\"\u201eAnother Europe\u201d- expozi\u021bie de fotografie la Sibiu\"}]},{\"@type\":\"WebSite\",\"@id\":\"https:\/\/instytutpolski.pl\/bucuresti\/#website\",\"url\":\"https:\/\/instytutpolski.pl\/bucuresti\/\",\"name\":\"Instytut Polski w Bukareszcie\",\"description\":\"Instytuty Polskie\",\"potentialAction\":[{\"@type\":\"SearchAction\",\"target\":{\"@type\":\"EntryPoint\",\"urlTemplate\":\"https:\/\/instytutpolski.pl\/bucuresti\/?s={search_term_string}\"},\"query-input\":{\"@type\":\"PropertyValueSpecification\",\"valueRequired\":true,\"valueName\":\"search_term_string\"}}],\"inLanguage\":\"pl-PL\"},{\"@type\":\"Person\",\"@id\":\"https:\/\/instytutpolski.pl\/bucuresti\/#\/schema\/person\/a1d5ab39dce466455f60589721519864\",\"name\":\"nicolaua\",\"image\":{\"@type\":\"ImageObject\",\"inLanguage\":\"pl-PL\",\"@id\":\"https:\/\/instytutpolski.pl\/bucuresti\/#\/schema\/person\/image\/\",\"url\":\"https:\/\/secure.gravatar.com\/avatar\/5029b942a8ac0a6a935e5655abff56ef?s=96&d=mm&r=g\",\"contentUrl\":\"https:\/\/secure.gravatar.com\/avatar\/5029b942a8ac0a6a935e5655abff56ef?s=96&d=mm&r=g\",\"caption\":\"nicolaua\"},\"url\":\"https:\/\/instytutpolski.pl\/bucuresti\/author\/nicolaua\/\"}]}<\/script>\n<!-- \/ Yoast SEO plugin. -->","yoast_head_json":{"title":"\u201eAnother Europe\u201d- expozi\u021bie de fotografie la Sibiu - Instytut Polski w Bukareszcie","robots":{"index":"index","follow":"follow","max-snippet":"max-snippet:-1","max-image-preview":"max-image-preview:large","max-video-preview":"max-video-preview:-1"},"canonical":"https:\/\/instytutpolski.pl\/bucuresti\/2019\/04\/17\/another-europe-expozitie-de-fotografie-la-sibiu\/","og_locale":"pl_PL","og_type":"article","og_title":"\u201eAnother Europe\u201d- expozi\u021bie de fotografie la Sibiu - Instytut Polski w Bukareszcie","og_description":"Expozi\u021bia \u00een aer liber \u201eAnother Europe \/ O alt\u0103 Europ\u0103\u201d este alc\u0103tuit\u0103 din 28 de fotografii de mari dimensiuni, care ilustreaz\u0103 diversitatea cultural\u0103 a continentului nostru. Printre autorii fotografiilor se g\u0103sesc at\u00e2t arti\u0219ti cunoscu\u021bi, c\u00e2t \u0219i tinere talente. \u00cempreun\u0103, ace\u0219tia abordeaz\u0103 teme legate nu doar identitatea cultural\u0103 a \u021b\u0103rilor membre, ci \u0219i de patrimoniul european [&hellip;]","og_url":"https:\/\/instytutpolski.pl\/bucuresti\/2019\/04\/17\/another-europe-expozitie-de-fotografie-la-sibiu\/","og_site_name":"Instytut Polski w Bukareszcie","article_published_time":"2019-04-17T15:11:00+00:00","article_modified_time":"2020-05-12T15:25:15+00:00","og_image":[{"width":660,"height":346,"url":"https:\/\/instytutpolski.pl\/bucuresti\/wp-content\/uploads\/sites\/11\/2020\/05\/another-europe-expozitie-de-fotografie-la-sibiu_b5b93f.jpg","type":"image\/jpeg"}],"author":"nicolaua","twitter_card":"summary_large_image","twitter_misc":{"Napisane przez":"nicolaua","Szacowany czas czytania":"1 minuta"},"schema":{"@context":"https:\/\/schema.org","@graph":[{"@type":"event","@id":"https:\/\/instytutpolski.pl\/bucuresti\/2019\/04\/17\/another-europe-expozitie-de-fotografie-la-sibiu\/","url":"https:\/\/instytutpolski.pl\/bucuresti\/2019\/04\/17\/another-europe-expozitie-de-fotografie-la-sibiu\/","name":"\u201eAnother Europe\u201d- expozi\u021bie de fotografie la Sibiu","isPartOf":{"@id":"https:\/\/instytutpolski.pl\/bucuresti\/#website"},"primaryImageOfPage":{"@id":"https:\/\/instytutpolski.pl\/bucuresti\/2019\/04\/17\/another-europe-expozitie-de-fotografie-la-sibiu\/#primaryimage"},"image":["https:\/\/instytutpolski.pl\/bucuresti\/wp-content\/uploads\/sites\/11\/2020\/05\/another-europe-expozitie-de-fotografie-la-sibiu_b5b93f.jpg","https:\/\/instytutpolski.pl\/bucuresti\/wp-content\/uploads\/sites\/11\/2020\/05\/another-europe-expozitie-de-fotografie-la-sibiu_b5b93f-300x157.jpg","https:\/\/instytutpolski.pl\/bucuresti\/wp-content\/uploads\/sites\/11\/2020\/05\/another-europe-expozitie-de-fotografie-la-sibiu_b5b93f.jpg","https:\/\/instytutpolski.pl\/bucuresti\/wp-content\/uploads\/sites\/11\/2020\/05\/another-europe-expozitie-de-fotografie-la-sibiu_b5b93f.jpg"],"thumbnailUrl":"https:\/\/instytutpolski.pl\/bucuresti\/wp-content\/uploads\/sites\/11\/2020\/05\/another-europe-expozitie-de-fotografie-la-sibiu_b5b93f.jpg","datePublished":"2019-04-17T15:11:00+02:00","dateModified":"2020-05-12T15:25:15+02:00","author":{"@id":"https:\/\/instytutpolski.pl\/bucuresti\/#\/schema\/person\/a1d5ab39dce466455f60589721519864"},"breadcrumb":{"@id":"https:\/\/instytutpolski.pl\/bucuresti\/2019\/04\/17\/another-europe-expozitie-de-fotografie-la-sibiu\/#breadcrumb"},"inLanguage":"pl-PL","potentialAction":[{"@type":"ReadAction","target":["https:\/\/instytutpolski.pl\/bucuresti\/2019\/04\/17\/another-europe-expozitie-de-fotografie-la-sibiu\/"]}],"@context":"https:\/\/schema.org","startDate":"2019-04-18","endDate":"2019-05-16","eventStatus":"EventScheduled","eventAttendanceMode":"OfflineEventAttendanceMode","location":{"@type":"place","name":"","address":"","geo":{"@type":"GeoCoordinates","latitude":"","longitude":""}},"description":"Expozi\u021bia \u00een aer liber \u201eAnother Europe \/ O alt\u0103 Europ\u0103\u201d este alc\u0103tuit\u0103 din 28 de fotografii de mari dimensiuni, care ilustreaz\u0103 diversitatea cultural\u0103 a continentului nostru. Printre autorii fotografiilor se g\u0103sesc at\u00e2t arti\u0219ti cunoscu\u021bi, c\u00e2t \u0219i tinere talente. \u00cempreun\u0103, ace\u0219tia abordeaz\u0103 teme legate nu doar identitatea cultural\u0103 a \u021b\u0103rilor membre, ci \u0219i de patrimoniul european comun.\nAutorul fotografiei poloneze este Adam Pa\u0144czuk (n. 1978), premiat \u00een numeroase r\u00e2nduri la concursuri na\u021bionale \u0219i interna\u021bionale, membru al colectivului de fotografi Sputnik Photos, care, din anul 2006, aduce laolalt\u0103 fotoreporteri din Europa Central\u0103 \u0219i de Est \u0219i care realizeaz\u0103 fotoreportaje publicate de cele mai importante canale media din lume.\nIni\u021biatorii expozi\u021biei \u201eAnother Europe \/ O alt\u0103 Europ\u0103\u201d sunt Forumul Cultural Austriac din Bucure\u0219ti, \u00een colaborare cu re\u021beaua european\u0103 a institutelor culturale EUNIC Rom\u00e2nia, al c\u0103rei membru este \u0219i Institutul Polonez din Bucure\u0219ti, \u00eempreun\u0103 cu Reprezentan\u021ba Comisiei Europene \u00een Rom\u00e2nia \u0219i Prim\u0103ria Municipiului Sibiu.\nVernisajul va avea loc pe 18 aprilie 2019, la ora 11.00, la hotelul \u201e\u00cemp\u0103ratul Romanilor\u201d, str. Nicolae B\u0103lcescu 4 din Sibiu, unde vor participa fotografi din Germania, Irlanda, Polonia, Rom\u00e2nia, Slovacia \u0219i Suedia, precum \u0219i curatorul expozi\u021biei, artistul britanic Hamish Park.\nDeschiderea expozi\u021biei va fi \u00eenso\u021bit\u0103 de ateliere \u00een cadrul c\u0103rora autorii fotografiilor, printre care \u0219i Adam Pa\u0144czuk, vor discuta cu participan\u021bii despre lucr\u0103rile lor \u0219i tehnicile folosite la realizarea acestora. Atelierele vor avea loc \u00een Sala Senatului Universit\u0103\u021bii \u201eLucian Blaga\u201d din Sibiu (mai mult &gt;&gt;&gt;).\nExpozi\u021bia de la Sibiu poate fi v\u0103zut\u0103 \u00een perioada 18 aprilie-16 mai 2019, pe artera pietonal\u0103 Nicolae B\u0103lcescu.\nhttps:\/\/www.facebook.com\/events\/611141599312937\/"},{"@type":"ImageObject","inLanguage":"pl-PL","@id":"https:\/\/instytutpolski.pl\/bucuresti\/2019\/04\/17\/another-europe-expozitie-de-fotografie-la-sibiu\/#primaryimage","url":"https:\/\/instytutpolski.pl\/bucuresti\/wp-content\/uploads\/sites\/11\/2020\/05\/another-europe-expozitie-de-fotografie-la-sibiu_b5b93f.jpg","contentUrl":"https:\/\/instytutpolski.pl\/bucuresti\/wp-content\/uploads\/sites\/11\/2020\/05\/another-europe-expozitie-de-fotografie-la-sibiu_b5b93f.jpg","width":660,"height":346},{"@type":"BreadcrumbList","@id":"https:\/\/instytutpolski.pl\/bucuresti\/2019\/04\/17\/another-europe-expozitie-de-fotografie-la-sibiu\/#breadcrumb","itemListElement":[{"@type":"ListItem","position":1,"name":"Home","item":"https:\/\/instytutpolski.pl\/bucuresti\/"},{"@type":"ListItem","position":2,"name":"\u201eAnother Europe\u201d- expozi\u021bie de fotografie la Sibiu"}]},{"@type":"WebSite","@id":"https:\/\/instytutpolski.pl\/bucuresti\/#website","url":"https:\/\/instytutpolski.pl\/bucuresti\/","name":"Instytut Polski w Bukareszcie","description":"Instytuty Polskie","potentialAction":[{"@type":"SearchAction","target":{"@type":"EntryPoint","urlTemplate":"https:\/\/instytutpolski.pl\/bucuresti\/?s={search_term_string}"},"query-input":{"@type":"PropertyValueSpecification","valueRequired":true,"valueName":"search_term_string"}}],"inLanguage":"pl-PL"},{"@type":"Person","@id":"https:\/\/instytutpolski.pl\/bucuresti\/#\/schema\/person\/a1d5ab39dce466455f60589721519864","name":"nicolaua","image":{"@type":"ImageObject","inLanguage":"pl-PL","@id":"https:\/\/instytutpolski.pl\/bucuresti\/#\/schema\/person\/image\/","url":"https:\/\/secure.gravatar.com\/avatar\/5029b942a8ac0a6a935e5655abff56ef?s=96&d=mm&r=g","contentUrl":"https:\/\/secure.gravatar.com\/avatar\/5029b942a8ac0a6a935e5655abff56ef?s=96&d=mm&r=g","caption":"nicolaua"},"url":"https:\/\/instytutpolski.pl\/bucuresti\/author\/nicolaua\/"}]}},"_links":{"self":[{"href":"https:\/\/instytutpolski.pl\/bucuresti\/wp-json\/wp\/v2\/posts\/1423","targetHints":{"allow":["GET"]}}],"collection":[{"href":"https:\/\/instytutpolski.pl\/bucuresti\/wp-json\/wp\/v2\/posts"}],"about":[{"href":"https:\/\/instytutpolski.pl\/bucuresti\/wp-json\/wp\/v2\/types\/post"}],"author":[{"embeddable":true,"href":"https:\/\/instytutpolski.pl\/bucuresti\/wp-json\/wp\/v2\/users\/43"}],"replies":[{"embeddable":true,"href":"https:\/\/instytutpolski.pl\/bucuresti\/wp-json\/wp\/v2\/comments?post=1423"}],"version-history":[{"count":2,"href":"https:\/\/instytutpolski.pl\/bucuresti\/wp-json\/wp\/v2\/posts\/1423\/revisions"}],"predecessor-version":[{"id":1426,"href":"https:\/\/instytutpolski.pl\/bucuresti\/wp-json\/wp\/v2\/posts\/1423\/revisions\/1426"}],"wp:featuredmedia":[{"embeddable":true,"href":"https:\/\/instytutpolski.pl\/bucuresti\/wp-json\/wp\/v2\/media\/1424"}],"wp:attachment":[{"href":"https:\/\/instytutpolski.pl\/bucuresti\/wp-json\/wp\/v2\/media?parent=1423"}],"wp:term":[{"taxonomy":"category","embeddable":true,"href":"https:\/\/instytutpolski.pl\/bucuresti\/wp-json\/wp\/v2\/categories?post=1423"},{"taxonomy":"post_tag","embeddable":true,"href":"https:\/\/instytutpolski.pl\/bucuresti\/wp-json\/wp\/v2\/tags?post=1423"}],"curies":[{"name":"wp","href":"https:\/\/api.w.org\/{rel}","templated":true}]}}