{"id":14784,"date":"2026-02-11T15:24:17","date_gmt":"2026-02-11T14:24:17","guid":{"rendered":"https:\/\/instytutpolski.pl\/bucuresti\/?p=14784"},"modified":"2026-03-04T08:38:32","modified_gmt":"2026-03-04T07:38:32","slug":"concert-atom-string-quartet-la-bucuresti","status":"publish","type":"post","link":"https:\/\/instytutpolski.pl\/bucuresti\/2026\/02\/11\/concert-atom-string-quartet-la-bucuresti\/","title":{"rendered":"Concert Atom String Quartet la Bucure\u0219ti"},"content":{"rendered":"\n\n\n<div class=\"hidden lg:flex lg:flex-col text-[#384C4F]\">\n<div>\n<p class=\"text-2xl font-bold\">Luni<\/p>\n<p class=\"text-amber font-extrabold text-7xl\">2<\/p>\n<p class=\"text-2xl font-medium\">Martie<\/p>\n<\/div>\n<div class=\"flex flex-col my-7\">19:0020:30<\/div>\n<div>\n<p class=\"text-2xl font-bold leading-none whitespace-nowrap\">Ateneul Rom\u00e2n<\/p>\n<p class=\"text-2xl font-medium leading-none\">Sala Mare<\/p>\n<\/div>\n<\/div>\n<div class=\"flex flex-col flex-grow\"><br><br>\n<div class=\"flex gap-2\">\n<p class=\"p3-medium text-neutral-800\">2 martie 2026, ora 19:00 &#8211; 20:30<\/p>\n<\/div>\n<div class=\"flex gap-2 mt-[4px]\">\n<p class=\"p3-medium line-clamp-1 text-neutral-800\">Ateneul Roman \/ sala mare<span style=\"color: initial\">&nbsp;<\/span><\/p>\n<\/div>\n<div class=\"M2Cv8e hP3ybd\">\n<div class=\"gqkR3b hP3ybd\">Str. Benjamin Franklin 1-3, Bucure\u0219ti<\/div>\n<\/div>\n<div>&nbsp;<\/div>\n<div>&nbsp;<\/div>\n<div><a href=\"https:\/\/oveit.com\/hub\/event\/atom-string-quartet-invitat-special-catalin-raducanu-Z3NwyMnN\/reserve-seats\" target=\"_blank\" rel=\"noopener\">BILETE<\/a><\/div>\n<\/div>\n<div>&nbsp;<\/div>\n<div class=\"flex flex-col flex-grow\"><strong><span style=\"text-decoration: underline\">Atom String Quartet<\/span><\/strong><br>\n<p class=\"text-blue-gray text-base\"><strong>Dawid Lubowicz&nbsp;<\/strong>vioar\u0103<\/p>\n<p class=\"text-blue-gray text-base\"><strong>Mateusz Smoczy\u0144ski<\/strong>&nbsp;vioar\u0103<\/p>\n<p class=\"text-blue-gray text-base\"><strong>Micha\u0142 Zaborski<\/strong>&nbsp;viol\u0103<\/p>\n<p class=\"text-blue-gray text-base\"><strong>Krzysztof Lenczowski&nbsp;<\/strong>violoncel<\/p>\n<br><br>\n<h4 class=\"text-2xl font-medium text-blue-gray\">Program<\/h4>\n<p class=\"text-blue-gray text-base\"><strong>Krzysztof Lenczowski<\/strong>&nbsp;Winter Song<\/p>\n<p class=\"text-blue-gray text-base\"><strong>Ignacy Jan Paderewski, arr. Krzysztof Lenczowski<\/strong>&nbsp;Saraband\u0103 \u00een si minor<\/p>\n<p class=\"text-blue-gray text-base\"><strong>Mateusz Smoczy\u0144ski<\/strong>&nbsp;Cvartet nr. 1 \u201cPictures from Warsaw\u201d, partea I: The Uprising<\/p>\n<p class=\"text-blue-gray text-base\"><strong>Krzysztof Lenczowski&nbsp;<\/strong>Adonis Blue din Atlas of Butterflies<\/p>\n<p class=\"text-blue-gray text-base\"><strong>Dawid Lubowicz<\/strong>&nbsp;Ballad of the Death of Janosik<\/p>\n<p class=\"text-blue-gray text-base\"><strong>Krzysztof Penderecki, arr. Mateusz Smoczy\u0144ski&nbsp;<\/strong>Aria din Three Pieces in Old Style<\/p>\n<p class=\"text-blue-gray text-base\"><strong>Fr\u00e9d\u00e9ric Chopin, arr. Mateusz Smoczy\u0144ski<\/strong>&nbsp;Mazurka \u00een do major, op. 24, nr. 2<\/p>\n<p class=\"text-blue-gray text-base\"><strong>Zbigniew Seifert<\/strong>&nbsp;Quasimodo<\/p>\n<\/div>\n\n\n\n<p>\u00a0<\/p>\n<p><strong>Atom String Quartet <\/strong>este unul dintre cele mai intrigante cvartete de coarde din lume, f\u0103c\u00e2nd parte din elita celor mai buni interpre\u021bi de jazz din Polonia. \u00cembin\u0103 posibilit\u0103\u021bile unui cvartet de coarde clasic cu improviza\u021bia inspirat\u0103 din folclorul polonez \u0219i din muzica diferitelor regiuni ale lumii, dar \u0219i din muzica contemporan\u0103 \u0219i clasic\u0103.<\/p>\n<p>\u00a0<\/p>\n<p>Cvartetul a fost \u00eenfiin\u021bat \u00een anul 2010, la Var\u0219ovia, \u0219i este alc\u0103tuit din violoni\u0219tii Dawid Lubowicz \u0219i Mateusz Smoczy\u0144ski, violistul Micha\u0142 Zaborski \u0219i violoncelistul Krzysztof Lenczowski. To\u021bi muzicienii au o formare solid\u0103 \u00een muzica clasic\u0103 \u2013 sunt absolven\u021bi ai universit\u0103\u021bii de muzic\u0103 din Var\u0219ovia. De asemenea, to\u021bi compun \u0219i deruleaz\u0103 cu succes propriile proiecte solo. Odat\u0103 cu c\u00e2\u0219tigarea \u00een 2011 a Marelui Premiu la cea de-a XIII-a edi\u021bie a festivalului Bielska Zadymka Jazzowa, forma\u021bia este prezent\u0103 constant pe cele mai mari scene din Polonia \u0219i din lume.<\/p>\n<p>Cvartetul a \u00eenregistrat opt albume de autor: FADE IN, PLACES, AtomSPHERE, SEIFERT, PENDERECKI, ESSENCE, dintre care dou\u0103 (FADE IN \u0219i PLACES) au ob\u021binut cea mai important\u0103 distinc\u021bie a industriei fonografice poloneze \u2013 premiul \u201eFryderyk\u201d.<\/p>\n<p>\u00cen anul 2023, Atom String Quartet a semnat un contract exclusiv cu casa de discuri interna\u021bional\u0103 Warner Music, al c\u0103rei efect a fost albumul dublu UNIVERSUM (lansat \u00een 2024), care con\u021bine patru cvartete de coarde ample, alc\u0103tuite din mai multe p\u0103r\u021bi, compuse de fiecare dintre membrii ansamblului. La sf\u00e2r\u0219itul anului 2025, forma\u021bia a lansat albumul de s\u0103rb\u0103tori CHRISTMAS WITH ATOM STRING QUARTET, ce reune\u0219te colinde \u00een versiune instrumental\u0103, inspirate de aranjamentele magistrale ale lui Witold Lutos\u0142awski \u0219i \u00eembog\u0103\u021bite cu improviza\u021bii.<\/p>\n<p>\u00cen stagiunea 2017\/2018, Atom String Quartet a fost artist \u00een reziden\u021b\u0103 al Filarmonicii \u201eMieczys\u0142aw Kar\u0142owicz\u201d din Szczecin.<\/p>\n<p>\u00cen martie 2021, Atom String Quartet, \u00eempreun\u0103 cu pianista Hania Rani, au interpretat lucrarea \u201eTestament\u201d de Max Richter. Compozi\u021bia a fost scris\u0103 la solicitarea Institutului \u201eAdam Mickiewicz\u201d ca un omagiu adus lui Krzysztof Penderecki, decedat \u00een anul 2020. Premiera lucr\u0103rii a fost \u00eenregistrat\u0103 de televiziunea polonez\u0103 TVP Kultura.<\/p>\n<p>Membrii Atom String Quartet sunt invita\u021bi \u00een mod regulat s\u0103 participe la sesiuni de \u00eenregistr\u0103ri ale altor arti\u0219ti \u0219i colaboreaz\u0103 cu unii dintre cei mai importan\u021bi muzicieni \u0219i orchestre din Polonia \u0219i din str\u0103in\u0103tate.<\/p>\n","protected":false},"excerpt":{"rendered":"<p>Luni 2 Martie 19:0020:30 Ateneul Rom\u00e2n Sala Mare 2 martie 2026, ora 19:00 &#8211; 20:30 Ateneul Roman \/ sala mare&nbsp; Str. Benjamin Franklin 1-3, Bucure\u0219ti &nbsp; &nbsp; BILETE &nbsp; Atom String Quartet Dawid Lubowicz&nbsp;vioar\u0103 Mateusz Smoczy\u0144ski&nbsp;vioar\u0103 Micha\u0142 Zaborski&nbsp;viol\u0103 Krzysztof Lenczowski&nbsp;violoncel Program Krzysztof Lenczowski&nbsp;Winter Song Ignacy Jan Paderewski, arr. Krzysztof Lenczowski&nbsp;Saraband\u0103 \u00een si minor Mateusz Smoczy\u0144ski&nbsp;Cvartet [&hellip;]<\/p>\n","protected":false},"author":43,"featured_media":14785,"comment_status":"open","ping_status":"open","sticky":false,"template":"","format":"standard","meta":{"inline_featured_image":false,"_monsterinsights_skip_tracking":false,"_monsterinsights_sitenote_active":false,"_monsterinsights_sitenote_note":"","_monsterinsights_sitenote_category":0,"footnotes":""},"categories":[94,123,1101],"tags":[],"class_list":["post-14784","post","type-post","status-publish","format-standard","has-post-thumbnail","hentry","category-evenimente","category-muzica","category-solidaritatea-pl-ro"],"yoast_head":"<!-- This site is optimized with the Yoast SEO plugin v24.6 - https:\/\/yoast.com\/wordpress\/plugins\/seo\/ -->\n<title>Concert Atom String Quartet la Bucure\u0219ti - Instytut Polski w Bukareszcie<\/title>\n<meta name=\"robots\" content=\"index, follow, max-snippet:-1, max-image-preview:large, max-video-preview:-1\" \/>\n<link rel=\"canonical\" href=\"https:\/\/instytutpolski.pl\/bucuresti\/2026\/02\/11\/concert-atom-string-quartet-la-bucuresti\/\" \/>\n<meta property=\"og:locale\" content=\"pl_PL\" \/>\n<meta property=\"og:type\" content=\"article\" \/>\n<meta property=\"og:title\" content=\"Concert Atom String Quartet la Bucure\u0219ti - Instytut Polski w Bukareszcie\" \/>\n<meta property=\"og:description\" content=\"Luni 2 Martie 19:0020:30 Ateneul Rom\u00e2n Sala Mare 2 martie 2026, ora 19:00 &#8211; 20:30 Ateneul Roman \/ sala mare&nbsp; Str. Benjamin Franklin 1-3, Bucure\u0219ti &nbsp; &nbsp; BILETE &nbsp; Atom String Quartet Dawid Lubowicz&nbsp;vioar\u0103 Mateusz Smoczy\u0144ski&nbsp;vioar\u0103 Micha\u0142 Zaborski&nbsp;viol\u0103 Krzysztof Lenczowski&nbsp;violoncel Program Krzysztof Lenczowski&nbsp;Winter Song Ignacy Jan Paderewski, arr. Krzysztof Lenczowski&nbsp;Saraband\u0103 \u00een si minor Mateusz Smoczy\u0144ski&nbsp;Cvartet [&hellip;]\" \/>\n<meta property=\"og:url\" content=\"https:\/\/instytutpolski.pl\/bucuresti\/2026\/02\/11\/concert-atom-string-quartet-la-bucuresti\/\" \/>\n<meta property=\"og:site_name\" content=\"Instytut Polski w Bukareszcie\" \/>\n<meta property=\"article:published_time\" content=\"2026-02-11T14:24:17+00:00\" \/>\n<meta property=\"article:modified_time\" content=\"2026-03-04T07:38:32+00:00\" \/>\n<meta property=\"og:image\" content=\"https:\/\/instytutpolski.pl\/bucuresti\/wp-content\/uploads\/sites\/11\/2026\/02\/ATOM-1080x1920-1.jpg\" \/>\n\t<meta property=\"og:image:width\" content=\"1200\" \/>\n\t<meta property=\"og:image:height\" content=\"2133\" \/>\n\t<meta property=\"og:image:type\" content=\"image\/jpeg\" \/>\n<meta name=\"author\" content=\"nicolaua\" \/>\n<meta name=\"twitter:card\" content=\"summary_large_image\" \/>\n<meta name=\"twitter:label1\" content=\"Napisane przez\" \/>\n\t<meta name=\"twitter:data1\" content=\"nicolaua\" \/>\n\t<meta name=\"twitter:label2\" content=\"Szacowany czas czytania\" \/>\n\t<meta name=\"twitter:data2\" content=\"3 minuty\" \/>\n<script type=\"application\/ld+json\" class=\"yoast-schema-graph\">{\"@context\":\"https:\/\/schema.org\",\"@graph\":[{\"@type\":\"event\",\"@id\":\"https:\/\/instytutpolski.pl\/bucuresti\/2026\/02\/11\/concert-atom-string-quartet-la-bucuresti\/\",\"url\":\"https:\/\/instytutpolski.pl\/bucuresti\/2026\/02\/11\/concert-atom-string-quartet-la-bucuresti\/\",\"name\":\"Concert Atom String Quartet la Bucure\u0219ti\",\"isPartOf\":{\"@id\":\"https:\/\/instytutpolski.pl\/bucuresti\/#website\"},\"primaryImageOfPage\":{\"@id\":\"https:\/\/instytutpolski.pl\/bucuresti\/2026\/02\/11\/concert-atom-string-quartet-la-bucuresti\/#primaryimage\"},\"image\":[\"https:\/\/instytutpolski.pl\/bucuresti\/wp-content\/uploads\/sites\/11\/2026\/02\/ATOM-1080x1920-1.jpg\",\"https:\/\/instytutpolski.pl\/bucuresti\/wp-content\/uploads\/sites\/11\/2026\/02\/ATOM-1080x1920-1-169x300.jpg\",\"https:\/\/instytutpolski.pl\/bucuresti\/wp-content\/uploads\/sites\/11\/2026\/02\/ATOM-1080x1920-1-576x1024.jpg\",\"https:\/\/instytutpolski.pl\/bucuresti\/wp-content\/uploads\/sites\/11\/2026\/02\/ATOM-1080x1920-1.jpg\"],\"thumbnailUrl\":\"https:\/\/instytutpolski.pl\/bucuresti\/wp-content\/uploads\/sites\/11\/2026\/02\/ATOM-1080x1920-1.jpg\",\"datePublished\":\"2026-02-11T14:24:17+02:00\",\"dateModified\":\"2026-03-04T07:38:32+02:00\",\"author\":{\"@id\":\"https:\/\/instytutpolski.pl\/bucuresti\/#\/schema\/person\/a1d5ab39dce466455f60589721519864\"},\"breadcrumb\":{\"@id\":\"https:\/\/instytutpolski.pl\/bucuresti\/2026\/02\/11\/concert-atom-string-quartet-la-bucuresti\/#breadcrumb\"},\"inLanguage\":\"pl-PL\",\"potentialAction\":[{\"@type\":\"ReadAction\",\"target\":[\"https:\/\/instytutpolski.pl\/bucuresti\/2026\/02\/11\/concert-atom-string-quartet-la-bucuresti\/\"]}],\"@context\":\"https:\/\/schema.org\",\"startDate\":\"2026-03-02\",\"endDate\":\"2026-03-02\",\"eventStatus\":\"EventScheduled\",\"eventAttendanceMode\":\"OfflineEventAttendanceMode\",\"location\":{\"@type\":\"place\",\"name\":\"\",\"address\":\"\",\"geo\":{\"@type\":\"GeoCoordinates\",\"latitude\":\"\",\"longitude\":\"\"}},\"description\":\"Luni\\n2\\nMartie\\n19:0020:30\\nAteneul Rom\u00e2n\\nSala Mare\\n2 martie 2026, ora 19:00 - 20:30\\nAteneul Roman \/ sala mare \\nStr. Benjamin Franklin 1-3, Bucure\u0219ti\\n \\n \\nBILETE\\n \\nAtom String Quartet\\nDawid Lubowicz vioar\u0103\\nMateusz Smoczy\u0144ski vioar\u0103\\nMicha\u0142 Zaborski viol\u0103\\nKrzysztof Lenczowski violoncel\\nProgram\\nKrzysztof Lenczowski Winter Song\\nIgnacy Jan Paderewski, arr. Krzysztof Lenczowski Saraband\u0103 \u00een si minor\\nMateusz Smoczy\u0144ski Cvartet nr. 1 \u201cPictures from Warsaw\u201d, partea I: The Uprising\\nKrzysztof Lenczowski Adonis Blue din Atlas of Butterflies\\nDawid Lubowicz Ballad of the Death of Janosik\\nKrzysztof Penderecki, arr. Mateusz Smoczy\u0144ski Aria din Three Pieces in Old Style\\nFr\u00e9d\u00e9ric Chopin, arr. Mateusz Smoczy\u0144ski Mazurka \u00een do major, op. 24, nr. 2\\nZbigniew Seifert Quasimodo\\n\u00a0\\nAtom String Quartet este unul dintre cele mai intrigante cvartete de coarde din lume, f\u0103c\u00e2nd parte din elita celor mai buni interpre\u021bi de jazz din Polonia. \u00cembin\u0103 posibilit\u0103\u021bile unui cvartet de coarde clasic cu improviza\u021bia inspirat\u0103 din folclorul polonez \u0219i din muzica diferitelor regiuni ale lumii, dar \u0219i din muzica contemporan\u0103 \u0219i clasic\u0103.\\n\u00a0\\nCvartetul a fost \u00eenfiin\u021bat \u00een anul 2010, la Var\u0219ovia, \u0219i este alc\u0103tuit din violoni\u0219tii Dawid Lubowicz \u0219i Mateusz Smoczy\u0144ski, violistul Micha\u0142 Zaborski \u0219i violoncelistul Krzysztof Lenczowski. To\u021bi muzicienii au o formare solid\u0103 \u00een muzica clasic\u0103 \u2013 sunt absolven\u021bi ai universit\u0103\u021bii de muzic\u0103 din Var\u0219ovia. De asemenea, to\u021bi compun \u0219i deruleaz\u0103 cu succes propriile proiecte solo. Odat\u0103 cu c\u00e2\u0219tigarea \u00een 2011 a Marelui Premiu la cea de-a XIII-a edi\u021bie a festivalului Bielska Zadymka Jazzowa, forma\u021bia este prezent\u0103 constant pe cele mai mari scene din Polonia \u0219i din lume.\\nCvartetul a \u00eenregistrat opt albume de autor: FADE IN, PLACES, AtomSPHERE, SEIFERT, PENDERECKI, ESSENCE, dintre care dou\u0103 (FADE IN \u0219i PLACES) au ob\u021binut cea mai important\u0103 distinc\u021bie a industriei fonografice poloneze \u2013 premiul \u201eFryderyk\u201d.\\n\u00cen anul 2023, Atom String Quartet a semnat un contract exclusiv cu casa de discuri interna\u021bional\u0103 Warner Music, al c\u0103rei efect a fost albumul dublu UNIVERSUM (lansat \u00een 2024), care con\u021bine patru cvartete de coarde ample, alc\u0103tuite din mai multe p\u0103r\u021bi, compuse de fiecare dintre membrii ansamblului. La sf\u00e2r\u0219itul anului 2025, forma\u021bia a lansat albumul de s\u0103rb\u0103tori CHRISTMAS WITH ATOM STRING QUARTET, ce reune\u0219te colinde \u00een versiune instrumental\u0103, inspirate de aranjamentele magistrale ale lui Witold Lutos\u0142awski \u0219i \u00eembog\u0103\u021bite cu improviza\u021bii.\\n\u00cen stagiunea 2017\/2018, Atom String Quartet a fost artist \u00een reziden\u021b\u0103 al Filarmonicii \u201eMieczys\u0142aw Kar\u0142owicz\u201d din Szczecin.\\n\u00cen martie 2021, Atom String Quartet, \u00eempreun\u0103 cu pianista Hania Rani, au interpretat lucrarea \u201eTestament\u201d de Max Richter. Compozi\u021bia a fost scris\u0103 la solicitarea Institutului \u201eAdam Mickiewicz\u201d ca un omagiu adus lui Krzysztof Penderecki, decedat \u00een anul 2020. Premiera lucr\u0103rii a fost \u00eenregistrat\u0103 de televiziunea polonez\u0103 TVP Kultura.\\nMembrii Atom String Quartet sunt invita\u021bi \u00een mod regulat s\u0103 participe la sesiuni de \u00eenregistr\u0103ri ale altor arti\u0219ti \u0219i colaboreaz\u0103 cu unii dintre cei mai importan\u021bi muzicieni \u0219i orchestre din Polonia \u0219i din str\u0103in\u0103tate.\"},{\"@type\":\"ImageObject\",\"inLanguage\":\"pl-PL\",\"@id\":\"https:\/\/instytutpolski.pl\/bucuresti\/2026\/02\/11\/concert-atom-string-quartet-la-bucuresti\/#primaryimage\",\"url\":\"https:\/\/instytutpolski.pl\/bucuresti\/wp-content\/uploads\/sites\/11\/2026\/02\/ATOM-1080x1920-1.jpg\",\"contentUrl\":\"https:\/\/instytutpolski.pl\/bucuresti\/wp-content\/uploads\/sites\/11\/2026\/02\/ATOM-1080x1920-1.jpg\",\"width\":1200,\"height\":2133},{\"@type\":\"BreadcrumbList\",\"@id\":\"https:\/\/instytutpolski.pl\/bucuresti\/2026\/02\/11\/concert-atom-string-quartet-la-bucuresti\/#breadcrumb\",\"itemListElement\":[{\"@type\":\"ListItem\",\"position\":1,\"name\":\"Home\",\"item\":\"https:\/\/instytutpolski.pl\/bucuresti\/\"},{\"@type\":\"ListItem\",\"position\":2,\"name\":\"Concert Atom String Quartet la Bucure\u0219ti\"}]},{\"@type\":\"WebSite\",\"@id\":\"https:\/\/instytutpolski.pl\/bucuresti\/#website\",\"url\":\"https:\/\/instytutpolski.pl\/bucuresti\/\",\"name\":\"Instytut Polski w Bukareszcie\",\"description\":\"Instytuty Polskie\",\"potentialAction\":[{\"@type\":\"SearchAction\",\"target\":{\"@type\":\"EntryPoint\",\"urlTemplate\":\"https:\/\/instytutpolski.pl\/bucuresti\/?s={search_term_string}\"},\"query-input\":{\"@type\":\"PropertyValueSpecification\",\"valueRequired\":true,\"valueName\":\"search_term_string\"}}],\"inLanguage\":\"pl-PL\"},{\"@type\":\"Person\",\"@id\":\"https:\/\/instytutpolski.pl\/bucuresti\/#\/schema\/person\/a1d5ab39dce466455f60589721519864\",\"name\":\"nicolaua\",\"image\":{\"@type\":\"ImageObject\",\"inLanguage\":\"pl-PL\",\"@id\":\"https:\/\/instytutpolski.pl\/bucuresti\/#\/schema\/person\/image\/\",\"url\":\"https:\/\/secure.gravatar.com\/avatar\/5029b942a8ac0a6a935e5655abff56ef?s=96&d=mm&r=g\",\"contentUrl\":\"https:\/\/secure.gravatar.com\/avatar\/5029b942a8ac0a6a935e5655abff56ef?s=96&d=mm&r=g\",\"caption\":\"nicolaua\"},\"url\":\"https:\/\/instytutpolski.pl\/bucuresti\/author\/nicolaua\/\"}]}<\/script>\n<!-- \/ Yoast SEO plugin. -->","yoast_head_json":{"title":"Concert Atom String Quartet la Bucure\u0219ti - Instytut Polski w Bukareszcie","robots":{"index":"index","follow":"follow","max-snippet":"max-snippet:-1","max-image-preview":"max-image-preview:large","max-video-preview":"max-video-preview:-1"},"canonical":"https:\/\/instytutpolski.pl\/bucuresti\/2026\/02\/11\/concert-atom-string-quartet-la-bucuresti\/","og_locale":"pl_PL","og_type":"article","og_title":"Concert Atom String Quartet la Bucure\u0219ti - Instytut Polski w Bukareszcie","og_description":"Luni 2 Martie 19:0020:30 Ateneul Rom\u00e2n Sala Mare 2 martie 2026, ora 19:00 &#8211; 20:30 Ateneul Roman \/ sala mare&nbsp; Str. Benjamin Franklin 1-3, Bucure\u0219ti &nbsp; &nbsp; BILETE &nbsp; Atom String Quartet Dawid Lubowicz&nbsp;vioar\u0103 Mateusz Smoczy\u0144ski&nbsp;vioar\u0103 Micha\u0142 Zaborski&nbsp;viol\u0103 Krzysztof Lenczowski&nbsp;violoncel Program Krzysztof Lenczowski&nbsp;Winter Song Ignacy Jan Paderewski, arr. Krzysztof Lenczowski&nbsp;Saraband\u0103 \u00een si minor Mateusz Smoczy\u0144ski&nbsp;Cvartet [&hellip;]","og_url":"https:\/\/instytutpolski.pl\/bucuresti\/2026\/02\/11\/concert-atom-string-quartet-la-bucuresti\/","og_site_name":"Instytut Polski w Bukareszcie","article_published_time":"2026-02-11T14:24:17+00:00","article_modified_time":"2026-03-04T07:38:32+00:00","og_image":[{"width":1200,"height":2133,"url":"https:\/\/instytutpolski.pl\/bucuresti\/wp-content\/uploads\/sites\/11\/2026\/02\/ATOM-1080x1920-1.jpg","type":"image\/jpeg"}],"author":"nicolaua","twitter_card":"summary_large_image","twitter_misc":{"Napisane przez":"nicolaua","Szacowany czas czytania":"3 minuty"},"schema":{"@context":"https:\/\/schema.org","@graph":[{"@type":"event","@id":"https:\/\/instytutpolski.pl\/bucuresti\/2026\/02\/11\/concert-atom-string-quartet-la-bucuresti\/","url":"https:\/\/instytutpolski.pl\/bucuresti\/2026\/02\/11\/concert-atom-string-quartet-la-bucuresti\/","name":"Concert Atom String Quartet la Bucure\u0219ti","isPartOf":{"@id":"https:\/\/instytutpolski.pl\/bucuresti\/#website"},"primaryImageOfPage":{"@id":"https:\/\/instytutpolski.pl\/bucuresti\/2026\/02\/11\/concert-atom-string-quartet-la-bucuresti\/#primaryimage"},"image":["https:\/\/instytutpolski.pl\/bucuresti\/wp-content\/uploads\/sites\/11\/2026\/02\/ATOM-1080x1920-1.jpg","https:\/\/instytutpolski.pl\/bucuresti\/wp-content\/uploads\/sites\/11\/2026\/02\/ATOM-1080x1920-1-169x300.jpg","https:\/\/instytutpolski.pl\/bucuresti\/wp-content\/uploads\/sites\/11\/2026\/02\/ATOM-1080x1920-1-576x1024.jpg","https:\/\/instytutpolski.pl\/bucuresti\/wp-content\/uploads\/sites\/11\/2026\/02\/ATOM-1080x1920-1.jpg"],"thumbnailUrl":"https:\/\/instytutpolski.pl\/bucuresti\/wp-content\/uploads\/sites\/11\/2026\/02\/ATOM-1080x1920-1.jpg","datePublished":"2026-02-11T14:24:17+02:00","dateModified":"2026-03-04T07:38:32+02:00","author":{"@id":"https:\/\/instytutpolski.pl\/bucuresti\/#\/schema\/person\/a1d5ab39dce466455f60589721519864"},"breadcrumb":{"@id":"https:\/\/instytutpolski.pl\/bucuresti\/2026\/02\/11\/concert-atom-string-quartet-la-bucuresti\/#breadcrumb"},"inLanguage":"pl-PL","potentialAction":[{"@type":"ReadAction","target":["https:\/\/instytutpolski.pl\/bucuresti\/2026\/02\/11\/concert-atom-string-quartet-la-bucuresti\/"]}],"@context":"https:\/\/schema.org","startDate":"2026-03-02","endDate":"2026-03-02","eventStatus":"EventScheduled","eventAttendanceMode":"OfflineEventAttendanceMode","location":{"@type":"place","name":"","address":"","geo":{"@type":"GeoCoordinates","latitude":"","longitude":""}},"description":"Luni\n2\nMartie\n19:0020:30\nAteneul Rom\u00e2n\nSala Mare\n2 martie 2026, ora 19:00 - 20:30\nAteneul Roman \/ sala mare \nStr. Benjamin Franklin 1-3, Bucure\u0219ti\n \n \nBILETE\n \nAtom String Quartet\nDawid Lubowicz vioar\u0103\nMateusz Smoczy\u0144ski vioar\u0103\nMicha\u0142 Zaborski viol\u0103\nKrzysztof Lenczowski violoncel\nProgram\nKrzysztof Lenczowski Winter Song\nIgnacy Jan Paderewski, arr. Krzysztof Lenczowski Saraband\u0103 \u00een si minor\nMateusz Smoczy\u0144ski Cvartet nr. 1 \u201cPictures from Warsaw\u201d, partea I: The Uprising\nKrzysztof Lenczowski Adonis Blue din Atlas of Butterflies\nDawid Lubowicz Ballad of the Death of Janosik\nKrzysztof Penderecki, arr. Mateusz Smoczy\u0144ski Aria din Three Pieces in Old Style\nFr\u00e9d\u00e9ric Chopin, arr. Mateusz Smoczy\u0144ski Mazurka \u00een do major, op. 24, nr. 2\nZbigniew Seifert Quasimodo\n\u00a0\nAtom String Quartet este unul dintre cele mai intrigante cvartete de coarde din lume, f\u0103c\u00e2nd parte din elita celor mai buni interpre\u021bi de jazz din Polonia. \u00cembin\u0103 posibilit\u0103\u021bile unui cvartet de coarde clasic cu improviza\u021bia inspirat\u0103 din folclorul polonez \u0219i din muzica diferitelor regiuni ale lumii, dar \u0219i din muzica contemporan\u0103 \u0219i clasic\u0103.\n\u00a0\nCvartetul a fost \u00eenfiin\u021bat \u00een anul 2010, la Var\u0219ovia, \u0219i este alc\u0103tuit din violoni\u0219tii Dawid Lubowicz \u0219i Mateusz Smoczy\u0144ski, violistul Micha\u0142 Zaborski \u0219i violoncelistul Krzysztof Lenczowski. To\u021bi muzicienii au o formare solid\u0103 \u00een muzica clasic\u0103 \u2013 sunt absolven\u021bi ai universit\u0103\u021bii de muzic\u0103 din Var\u0219ovia. De asemenea, to\u021bi compun \u0219i deruleaz\u0103 cu succes propriile proiecte solo. Odat\u0103 cu c\u00e2\u0219tigarea \u00een 2011 a Marelui Premiu la cea de-a XIII-a edi\u021bie a festivalului Bielska Zadymka Jazzowa, forma\u021bia este prezent\u0103 constant pe cele mai mari scene din Polonia \u0219i din lume.\nCvartetul a \u00eenregistrat opt albume de autor: FADE IN, PLACES, AtomSPHERE, SEIFERT, PENDERECKI, ESSENCE, dintre care dou\u0103 (FADE IN \u0219i PLACES) au ob\u021binut cea mai important\u0103 distinc\u021bie a industriei fonografice poloneze \u2013 premiul \u201eFryderyk\u201d.\n\u00cen anul 2023, Atom String Quartet a semnat un contract exclusiv cu casa de discuri interna\u021bional\u0103 Warner Music, al c\u0103rei efect a fost albumul dublu UNIVERSUM (lansat \u00een 2024), care con\u021bine patru cvartete de coarde ample, alc\u0103tuite din mai multe p\u0103r\u021bi, compuse de fiecare dintre membrii ansamblului. La sf\u00e2r\u0219itul anului 2025, forma\u021bia a lansat albumul de s\u0103rb\u0103tori CHRISTMAS WITH ATOM STRING QUARTET, ce reune\u0219te colinde \u00een versiune instrumental\u0103, inspirate de aranjamentele magistrale ale lui Witold Lutos\u0142awski \u0219i \u00eembog\u0103\u021bite cu improviza\u021bii.\n\u00cen stagiunea 2017\/2018, Atom String Quartet a fost artist \u00een reziden\u021b\u0103 al Filarmonicii \u201eMieczys\u0142aw Kar\u0142owicz\u201d din Szczecin.\n\u00cen martie 2021, Atom String Quartet, \u00eempreun\u0103 cu pianista Hania Rani, au interpretat lucrarea \u201eTestament\u201d de Max Richter. Compozi\u021bia a fost scris\u0103 la solicitarea Institutului \u201eAdam Mickiewicz\u201d ca un omagiu adus lui Krzysztof Penderecki, decedat \u00een anul 2020. Premiera lucr\u0103rii a fost \u00eenregistrat\u0103 de televiziunea polonez\u0103 TVP Kultura.\nMembrii Atom String Quartet sunt invita\u021bi \u00een mod regulat s\u0103 participe la sesiuni de \u00eenregistr\u0103ri ale altor arti\u0219ti \u0219i colaboreaz\u0103 cu unii dintre cei mai importan\u021bi muzicieni \u0219i orchestre din Polonia \u0219i din str\u0103in\u0103tate."},{"@type":"ImageObject","inLanguage":"pl-PL","@id":"https:\/\/instytutpolski.pl\/bucuresti\/2026\/02\/11\/concert-atom-string-quartet-la-bucuresti\/#primaryimage","url":"https:\/\/instytutpolski.pl\/bucuresti\/wp-content\/uploads\/sites\/11\/2026\/02\/ATOM-1080x1920-1.jpg","contentUrl":"https:\/\/instytutpolski.pl\/bucuresti\/wp-content\/uploads\/sites\/11\/2026\/02\/ATOM-1080x1920-1.jpg","width":1200,"height":2133},{"@type":"BreadcrumbList","@id":"https:\/\/instytutpolski.pl\/bucuresti\/2026\/02\/11\/concert-atom-string-quartet-la-bucuresti\/#breadcrumb","itemListElement":[{"@type":"ListItem","position":1,"name":"Home","item":"https:\/\/instytutpolski.pl\/bucuresti\/"},{"@type":"ListItem","position":2,"name":"Concert Atom String Quartet la Bucure\u0219ti"}]},{"@type":"WebSite","@id":"https:\/\/instytutpolski.pl\/bucuresti\/#website","url":"https:\/\/instytutpolski.pl\/bucuresti\/","name":"Instytut Polski w Bukareszcie","description":"Instytuty Polskie","potentialAction":[{"@type":"SearchAction","target":{"@type":"EntryPoint","urlTemplate":"https:\/\/instytutpolski.pl\/bucuresti\/?s={search_term_string}"},"query-input":{"@type":"PropertyValueSpecification","valueRequired":true,"valueName":"search_term_string"}}],"inLanguage":"pl-PL"},{"@type":"Person","@id":"https:\/\/instytutpolski.pl\/bucuresti\/#\/schema\/person\/a1d5ab39dce466455f60589721519864","name":"nicolaua","image":{"@type":"ImageObject","inLanguage":"pl-PL","@id":"https:\/\/instytutpolski.pl\/bucuresti\/#\/schema\/person\/image\/","url":"https:\/\/secure.gravatar.com\/avatar\/5029b942a8ac0a6a935e5655abff56ef?s=96&d=mm&r=g","contentUrl":"https:\/\/secure.gravatar.com\/avatar\/5029b942a8ac0a6a935e5655abff56ef?s=96&d=mm&r=g","caption":"nicolaua"},"url":"https:\/\/instytutpolski.pl\/bucuresti\/author\/nicolaua\/"}]}},"_links":{"self":[{"href":"https:\/\/instytutpolski.pl\/bucuresti\/wp-json\/wp\/v2\/posts\/14784","targetHints":{"allow":["GET"]}}],"collection":[{"href":"https:\/\/instytutpolski.pl\/bucuresti\/wp-json\/wp\/v2\/posts"}],"about":[{"href":"https:\/\/instytutpolski.pl\/bucuresti\/wp-json\/wp\/v2\/types\/post"}],"author":[{"embeddable":true,"href":"https:\/\/instytutpolski.pl\/bucuresti\/wp-json\/wp\/v2\/users\/43"}],"replies":[{"embeddable":true,"href":"https:\/\/instytutpolski.pl\/bucuresti\/wp-json\/wp\/v2\/comments?post=14784"}],"version-history":[{"count":5,"href":"https:\/\/instytutpolski.pl\/bucuresti\/wp-json\/wp\/v2\/posts\/14784\/revisions"}],"predecessor-version":[{"id":14799,"href":"https:\/\/instytutpolski.pl\/bucuresti\/wp-json\/wp\/v2\/posts\/14784\/revisions\/14799"}],"wp:featuredmedia":[{"embeddable":true,"href":"https:\/\/instytutpolski.pl\/bucuresti\/wp-json\/wp\/v2\/media\/14785"}],"wp:attachment":[{"href":"https:\/\/instytutpolski.pl\/bucuresti\/wp-json\/wp\/v2\/media?parent=14784"}],"wp:term":[{"taxonomy":"category","embeddable":true,"href":"https:\/\/instytutpolski.pl\/bucuresti\/wp-json\/wp\/v2\/categories?post=14784"},{"taxonomy":"post_tag","embeddable":true,"href":"https:\/\/instytutpolski.pl\/bucuresti\/wp-json\/wp\/v2\/tags?post=14784"}],"curies":[{"name":"wp","href":"https:\/\/api.w.org\/{rel}","templated":true}]}}